{"id":198074,"date":"2019-11-25T11:05:55","date_gmt":"2019-11-25T11:05:55","guid":{"rendered":"https:\/\/www.meydan.tv\/article\/qadin-qetli-ile-acilan-zorakiliqla-mubarize-gunu\/"},"modified":"2019-11-25T11:05:55","modified_gmt":"2019-11-25T11:05:55","slug":"qadin-qetli-ile-acilan-zorakiliqla-mubarize-gunu","status":"publish","type":"post","link":"https:\/\/www.meydan.tv\/az\/article\/qadin-qetli-ile-acilan-zorakiliqla-mubarize-gunu\/","title":{"rendered":"Qad\u0131n q\u0259tli il\u0259 a\u00e7\u0131lan zorak\u0131l\u0131qla m\u00fcbariz\u0259 g\u00fcn\u00fc"},"content":{"rendered":"<p>\n  <i><br \/>\n    G\u0259nc anan\u0131n qarda\u015f\u0131 t\u0259r\u0259find\u0259n q\u0259tl\u0259 yetirildiyi bildirilir<br \/>\n  <\/i>\n<\/p>\n<p>\n  M\u0259i\u015f\u0259t zorak\u0131l\u0131\u011f\u0131, psixoloji basq\u0131 v\u0259 sonda ya intihar, ya da cinay\u0259t\u2026\n<\/p>\n<p>\n  Bunlar qad\u0131nlar\u0131n \u00fczl\u0259\u015fdiyi problemin sad\u0259c\u0259 bir qismidir.\n<\/p>\n<p>\n  Bu g\u00fcn noyabr\u0131n 25-dir. Qad\u0131nlara qar\u015f\u0131 zorak\u0131l\u0131qla ba\u011fl\u0131 beyn\u0259lxalq m\u00fcbariz\u0259 g\u00fcn\u00fcd\u00fcr.\n<\/p>\n<p>\n  D\u00fcnya boyu h\u0259r g\u00fcn partnyoru v\u0259 ya ail\u0259si \u00fczv\u00fc t\u0259r\u0259find\u0259n 137 qad\u0131n \u00f6ld\u00fcr\u00fcl\u00fcr. Birl\u0259\u015fmi\u015f Mill\u0259tl\u0259r T\u0259\u015fkilat\u0131n\u0131n Narkotik v\u0259 Cinay\u0259tkarl\u0131q \u0130dar\u0259sinin (UNODC) yayd\u0131\u011f\u0131 m\u0259lumatda bel\u0259 deyilir.\n<\/p>\n<p>\n  <b><br \/>\n    Bu statistikada Az\u0259rbaycan pay\u0131 n\u0259 q\u0259d\u0259rdir?<br \/>\n  <\/b>\n<\/p>\n<p>\n  Az\u0259rbaycanda bu ilin yanvar-sentyabr aylar\u0131 \u0259rzind\u0259 biz\u0259 m\u0259lum olan 118 qad\u0131n ail\u0259daxili \u015fidd\u0259t\u0259 m\u0259ruz qal\u0131b. Onlardan 33-\u00fc h\u0259min \u015fidd\u0259t n\u0259tic\u0259sind\u0259 h\u0259yat\u0131n\u0131 itirib. Dig\u0259r 85 qad\u0131n is\u0259 ail\u0259 \u00fczv\u00fc v\u0259 yax\u0131nlar\u0131 t\u0259r\u0259find\u0259n ya d\u00f6y\u00fcl\u00fcb, b\u0131\u00e7aqla, balta il\u0259, k\u00fct al\u0259tl\u0259, \u00e7\u0259kicl\u0259 vurulub, yand\u0131r\u0131l\u0131b v\u0259 m\u00fcxt\u0259lif c\u00fcr x\u0259sar\u0259t al\u0131blar.\n<\/p>\n<p>\n  Konstitusiya Ara\u015fd\u0131rmalar\u0131 Fondunun r\u0259hb\u0259ri, h\u00fcquq\u015f\u00fcnas \u018flim\u0259mm\u0259d Nuriyev is\u0259 &quot;Qad\u0131nlara v\u0259 q\u0131zlara qar\u015f\u0131 zorak\u0131l\u0131\u011fa son&quot; kampaniyas\u0131na h\u0259sr olunmu\u015f &quot;d\u0259yirmi masa&quot;da deyib ki, bu ilin oktyabr ay\u0131nda Az\u0259rbaycanda 13 qad\u0131n m\u0259i\u015f\u0259t zorak\u0131l\u0131\u011f\u0131 z\u0259minind\u0259 q\u0259tl\u0259 yetirilib.\n<\/p>\n<p>\n  <a href=\"https:\/\/mikroskopmedia.com\/2019\/10\/14\/az%C9%99rbaycanda-bu-ilin-9-ayi-%C9%99rzind%C9%99-118-qadin-sidd%C9%99t%C9%99-m%C9%99ruz-qalib\/?fbclid=IwAR0WDK8CADD6-guCzIv4TKRpvv1RE3BQDgd_NfWG92rRIaQ9BjOIRewXHW4\"><br \/>\n    \u201cMikroskop Media\u201d<br \/>\n  <\/a><br \/>\n  bu monitorinqi Az\u0259rbaycanda informasiya agentlikl\u0259ri v\u0259 x\u0259b\u0259r saytlar\u0131nda d\u0259rc olunan materiallara \u0259sas\u0259n apar\u0131b.\n<\/p>\n<p>\n  Daxili \u0130\u015fl\u0259r Nazirliyinin m\u0259lumat\u0131na g\u00f6r\u0259, 2018-ci ilin t\u0259kc\u0259 9 ay\u0131 \u0259rzind\u0259 m\u0259i\u015f\u0259t zorak\u0131l\u0131\u011f\u0131 z\u0259minind\u0259 ba\u015f ver\u0259n 678 cinay\u0259t fakt\u0131 qeyd\u0259 al\u0131n\u0131b. Onlardan 35-i \u00f6z\u00fcn\u00fc \u00f6ld\u00fcrm\u0259 h\u0259ddin\u0259 \u00e7atd\u0131rma il\u0259 ba\u011fl\u0131d\u0131r. M\u0259i\u015f\u0259t z\u0259minind\u0259 ba\u015f ver\u0259n cinay\u0259tl\u0259r n\u0259tic\u0259sind\u0259 112 qad\u0131n \u00f6z\u00fcn\u00fc \u00f6ld\u00fcr\u00fcb. Onlardan 11 n\u0259f\u0259ri azya\u015fl\u0131 q\u0131zlard\u0131r.\n<\/p>\n<p>\n  Bundan \u0259lav\u0259, 2010-2016 -c\u0131 ill\u0259rd\u0259 765 qad\u0131n q\u0259tl\u0259 yetirilib. Bu, yaln\u0131z \u0259ld\u0259 edil\u0259 bil\u0259n r\u0259q\u0259ml\u0259rdir.\n<\/p>\n<p>\n  R\u0259smi statistikaya g\u00f6r\u0259, 2010-cu ild\u0259 89, 2011-ci ild\u0259 59, 2012-ci ild\u0259 114, 2013-c\u00fc ild\u0259 93, 2014-c\u00fc ild\u0259 94, 2015-ci ild\u0259 66, 2016-c\u0131 ild\u0259 is\u0259 121 qad\u0131n intihar edib.\n<\/p>\n<p>\n  \u201cM\u0259i\u015f\u0259t zorak\u0131l\u0131\u011f\u0131\u201d il\u0259 ba\u011fl\u0131 qanunun f\u0259aliyy\u0259t plan\u0131 7 ildir t\u0259sdiql\u0259nmir. Ekspertl\u0259r d\u00fc\u015f\u00fcn\u00fcrl\u0259r ki, plan\u0131n t\u0259tbiq edilm\u0259si d\u0259 bir \u00e7\u0131x\u0131\u015f yoludur.\n<\/p>\n<p>\n  <b><br \/>\n    \u201cAnas\u0131 il\u0259 bac\u0131s\u0131 atas\u0131n\u0131n t\u0259ziql\u0259rin\u0259 d\u00f6zm\u0259y\u0259r\u0259k intihar etmi\u015fdil\u0259r\u201d<br \/>\n  <\/b>\n<\/p>\n<p>\n  Noyabr\u0131n 24-d\u0259 qarda\u015f\u0131 t\u0259r\u0259find\u0259n \u00f6ld\u00fcr\u00fcld\u00fcy\u00fc deyil\u0259n Aysel F\u0259rzal\u0131yeva da biz\u0259 m\u0259lum olan zorak\u0131l\u0131q qurbanlar\u0131ndan biridir. R\u0259smi m\u0259lumatda deyilir ki, Bab\u0259k F\u0259rzal\u0131yev bac\u0131s\u0131 Ayt\u0259n F\u0259rzal\u0131yevan\u0131 bo\u011faz\u0131n\u0131 k\u0259s\u0259r\u0259k \u00f6ld\u00fcr\u00fcb.\n<\/p>\n<p>\n  Faktla ba\u011fl\u0131 rayon prokurorlu\u011funda Cinay\u0259t M\u0259c\u0259ll\u0259sinin 120.1-ci (q\u0259sd\u0259n adam \u00f6ld\u00fcrm\u0259) madd\u0259si il\u0259 cinay\u0259t i\u015fi ba\u015flan\u0131b, m\u00fcvafiq ekspertizalar t\u0259yin edilib.\n<\/p>\n<p>\n  Az\u0259rbaycan U\u015faqlar\u0131 Birliyinin s\u0259dri K\u0259mal\u0259 A\u011fazad\u0259 deyir ki, Ayt\u0259nin \u00f6l\u00fcm g\u00fcn\u00fcn\u0259 q\u0259d\u0259r olan h\u0259yat\u0131 da normal olmay\u0131b. 20 ya\u015fl\u0131 q\u0131z\u0131n anas\u0131 v\u0259 bac\u0131s\u0131 5 il \u00f6nc\u0259 ya\u015fad\u0131qlar\u0131 m\u0259nzild\u0259 intihar edibl\u0259r. Odur ki, Ayt\u0259n son 5 ili s\u0131\u011fnacaqda ya\u015fay\u0131b:\n<\/p>\n<p>\n  \u201cOnda 15 ya\u015f\u0131 vard\u0131. Anas\u0131 il\u0259 bac\u0131s\u0131 atas\u0131n\u0131n t\u0259ziql\u0259rin\u0259 d\u00f6zm\u0259y\u0259r\u0259k \u00f6zl\u0259rini m\u0259nzild\u0259n ataraq intihar etmi\u015fdil\u0259r. \u0130ntihar h\u0259ddin\u0259 \u00e7atd\u0131rmaya g\u00f6r\u0259 atas\u0131 h\u0259bs edilmi\u015fdi\u201d.\n<\/p>\n<p>\n  <b><br \/>\n    \u201cQarda\u015f\u0131 onu aldad\u0131b, m\u0259zarl\u0131\u011fa apar\u0131b v\u0259 \u00f6ld\u00fcr\u00fcb\u201d<br \/>\n  <\/b>\n<\/p>\n<p>\n  K.A\u011fazad\u0259 deyir ki, Ayt\u0259n sonradan bir n\u0259f\u0259rl\u0259 qeyri-r\u0259smi nikahda ya\u015fay\u0131rm\u0131\u015f. H\u0259tta bir u\u015fa\u011f\u0131 da varm\u0131\u015f:\n<\/p>\n<p>\n  \u201cK\u00f6rp\u0259dir, indi anas\u0131z qald\u0131. Qarda\u015f\u0131 is\u0259 h\u0259rbi xidm\u0259td\u0259n g\u0259l\u0259nd\u0259n sonra Ayt\u0259nl\u0259 dan\u0131\u015fma\u011fa ba\u015flam\u0131\u015fd\u0131. Q\u0131z m\u0259n\u0259 bunu \u00f6z\u00fc demi\u015fdi. Bildirmi\u015fdi ki, qarda\u015f\u0131 il\u0259 ev m\u0259s\u0259l\u0259l\u0259rini h\u0259ll etm\u0259k ist\u0259yir. M\u0259n d\u0259 dedim ki, \u201cg\u0259l, s\u0259n \u0259vv\u0259l \u00f6z s\u0259n\u0259dl\u0259rini d\u00fcz\u0259ltdir\u201d. \u00c7\u00fcnki onun ancaq do\u011fum haqq\u0131nda \u015f\u0259had\u0259tnam\u0259si vard\u0131. U\u015fa\u011f\u0131 d\u00fcnyaya g\u0259l\u0259nd\u0259n sonra h\u0259l\u0259 d\u0259 s\u0259n\u0259d ala bilm\u0259mi\u015fdi\u201d.\n<\/p>\n<p>\n  K\u0259mal\u0259 A\u011fazad\u0259 deyir ki, Ayt\u0259n qarda\u015f\u0131 il\u0259 d\u00fcn\u0259n g\u00f6r\u00fc\u015f\u00fcb:\n<\/p>\n<p>\n  \u201cM\u0259nc\u0259, onu aldad\u0131b, anas\u0131 v\u0259 bac\u0131s\u0131n\u0131n q\u0259bri \u00fcst\u00fcn\u0259 apar\u0131b. Sonra da q\u0131z\u0131 \u00f6ld\u00fcr\u00fcb. M\u0259n\u0259 onlar\u0131n g\u00f6r\u00fc\u015fd\u00fcy\u00fcn\u00fc Ayt\u0259nin qay\u0131nanas\u0131 d\u00fcn\u0259n dedi. Yen\u0259 dey\u0259c\u0259kl\u0259r ki, bu q\u0259tl namus, qeyr\u0259t \u00fcst\u00fcnd\u0259dir. Bunlar hans\u0131 qeyr\u0259td\u0259n dan\u0131\u015f\u0131rlar? Atas\u0131 u\u015faq vaxt\u0131 Ayt\u0259ni kafed\u0259 i\u015fl\u0259dib, pulunu \u0259lind\u0259n al\u0131rm\u0131\u015f. M\u0259kt\u0259b\u0259 bel\u0259 g\u00f6nd\u0259rm\u0259yib. Evl\u0259rind\u0259 h\u0259mi\u015f\u0259 problem, dava-dala\u015f olub\u201d.\n<\/p>\n<p>\n  \u201cAz\u0259rbaycanda qad\u0131n v\u0259 q\u0131zlara qar\u015f\u0131 \u0259ks\u0259r hallarda \u00f6l\u00fcml\u0259 n\u0259tic\u0259l\u0259n\u0259n zorak\u0131l\u0131q hallar\u0131na m\u0259ruz qalmaya dair m\u0259lumatlar var. Qad\u0131n v\u0259 q\u0131zlara qar\u015f\u0131 zorak\u0131l\u0131q f\u0259rdl\u0259r\u0259, ail\u0259l\u0259r\u0259, c\u0259miyy\u0259tl\u0259r\u0259 v\u0259 b\u00fct\u00f6vl\u00fckd\u0259 \u00f6lk\u0259y\u0259 ciddi sosial v\u0259 iqtisadi z\u0259rb\u0259 vurur\u201d .\n<\/p>\n<p>\n  <a href=\"http:\/\/unazerbaijan.org\/az\/bmt-azerbaycan-qadin-zorakiliq\/?fbclid=IwAR0xa29X_WNT3m1Wcx2jwz8XkOLT8AXaGH_7KS1ZK3F7VW166IbvavCzkKY\"><br \/>\n    Birl\u0259\u015fmi\u015f Mill\u0259tl\u0259r T\u0259\u015fkilat\u0131<br \/>\n  <\/a><br \/>\n  n\u0131n Az\u0259rbaycandak\u0131 n\u00fcmay\u0259nd\u0259liyinin b\u0259yanat\u0131nda bel\u0259 deyilir.\n<\/p>\n<p>\n  T\u0259l\u0259b edilir ki, Az\u0259rbaycan \u201c\u0130stanbul Konvensiyas\u0131 kimi tan\u0131nan \u201cQad\u0131nlara qar\u015f\u0131 zorak\u0131l\u0131q v\u0259 m\u0259i\u015f\u0259t zorak\u0131l\u0131\u011f\u0131n\u0131n qar\u015f\u0131s\u0131n\u0131n al\u0131nmas\u0131 v\u0259 ona qar\u015f\u0131 m\u00fcbariz\u0259 haqq\u0131nda Avropa \u015euras\u0131 Konvensiyas\u0131\u201dna ratifikasiya etsin.\n<\/p>\n<p>\n  El\u0259<br \/>\n  <a href=\"https:\/\/www.meydan.tv\/az\/article\/bakinin-merkezi-kucesinde-qadinlar-siddete-susma-deyib\/?ref=homepage-news\"><br \/>\n    oktyabr\u0131n 20-d\u0259<br \/>\n  <\/a><br \/>\n  Bak\u0131da bir qrup insan\u0131n ke\u00e7irdiyi etiraz y\u00fcr\u00fc\u015f\u00fcnd\u0259 d\u0259 \u0259sas t\u0259l\u0259b Az\u0259rbaycan\u0131n Avropa \u015euras\u0131n\u0131n \u0130stanbul Konvensiyas\u0131n\u0131 ratifikasiya etm\u0259si idi.\n<\/p>\n<p>\n  \u201cD\u00f6zm\u0259! Y\u00fcr\u00fc\u015f et!\u201d y\u00fcr\u00fc\u015f\u00fcn\u00fcn r\u0259smi b\u0259yanat\u0131nda bildirilirdi ki, onlar Az\u0259rbaycanda m\u00fct\u0259madi \u015f\u0259kild\u0259 ba\u015f ver\u0259n, son d\u00f6vrl\u0259rd\u0259 daha da intensiv hal alan qad\u0131n q\u0259tll\u0259rin\u0259, qad\u0131nlara qar\u015f\u0131 m\u0259i\u015f\u0259t zorak\u0131l\u0131qlar\u0131na, psixoloji v\u0259 fiziki zorak\u0131l\u0131qlara, t\u0259zyiql\u0259r\u0259 qar\u015f\u0131 etiraz edirl\u0259r.\n<\/p>\n<p>\n  Bu ilin yanvar ay\u0131n\u0131n \u0259vv\u0259lin\u0259 \u00f6lk\u0259 \u0259halisinin \u00fcmumi say\u0131n\u0131n 50,1 faizini v\u0259 ya 4 milyon 999,1 min n\u0259f\u0259rini qad\u0131nlar t\u0259\u015fkil edib. \u00d6t\u0259n il do\u011fulan 139 min k\u00f6rp\u0259nin 46,6 faizi q\u0131z u\u015faqlar\u0131 olub.<\/p>\n","protected":false},"excerpt":{"rendered":"<p>Az\u0259rbaycanda bu ilin yanvar-sentyabr aylar\u0131 \u0259rzind\u0259 biz\u0259 m\u0259lum olan 118 qad\u0131n ail\u0259daxili \u015fidd\u0259t\u0259 m\u0259ruz qal\u0131b.<\/p>\n","protected":false},"author":11,"featured_media":133518,"comment_status":"closed","ping_status":"open","sticky":false,"template":"","format":"standard","meta":{"_acf_changed":false,"_sitemap_exclude":false,"_sitemap_priority":"","_sitemap_frequency":"","footnotes":""},"categories":[62],"tags":[],"class_list":["post-198074","post","type-post","status-publish","format-standard","has-post-thumbnail","hentry","category-sosial","infinite-scroll-item","generate-columns","tablet-grid-50","mobile-grid-100","grid-parent","grid-33","no-featured-image-padding"],"acf":[],"yoast_head":"<!-- This site is optimized with the Yoast SEO plugin v27.4 - https:\/\/yoast.com\/product\/yoast-seo-wordpress\/ -->\n<title>Qad\u0131n q\u0259tli il\u0259 a\u00e7\u0131lan zorak\u0131l\u0131qla m\u00fcbariz\u0259 g\u00fcn\u00fc - MEYDAN.TV<\/title>\n<meta name=\"robots\" content=\"index, follow, max-snippet:-1, max-image-preview:large, max-video-preview:-1\" \/>\n<link rel=\"canonical\" href=\"https:\/\/www.meydan.tv\/az\/article\/qadin-qetli-ile-acilan-zorakiliqla-mubarize-gunu\/\" \/>\n<meta property=\"og:locale\" content=\"az_AZ\" \/>\n<meta property=\"og:type\" content=\"article\" \/>\n<meta property=\"og:title\" content=\"Qad\u0131n q\u0259tli il\u0259 a\u00e7\u0131lan zorak\u0131l\u0131qla m\u00fcbariz\u0259 g\u00fcn\u00fc - MEYDAN.TV\" \/>\n<meta property=\"og:description\" content=\"Az\u0259rbaycanda bu ilin yanvar-sentyabr aylar\u0131 \u0259rzind\u0259 biz\u0259 m\u0259lum olan 118 qad\u0131n ail\u0259daxili \u015fidd\u0259t\u0259 m\u0259ruz qal\u0131b.\" \/>\n<meta property=\"og:url\" content=\"https:\/\/www.meydan.tv\/az\/article\/qadin-qetli-ile-acilan-zorakiliqla-mubarize-gunu\/\" \/>\n<meta property=\"og:site_name\" content=\"MEYDAN.TV\" \/>\n<meta property=\"article:published_time\" content=\"2019-11-25T11:05:55+00:00\" \/>\n<meta property=\"og:image\" content=\"https:\/\/www.meydan.tv\/wp-content\/uploads\/20191125_104524.jpg\" \/>\n\t<meta property=\"og:image:width\" content=\"711\" \/>\n\t<meta property=\"og:image:height\" content=\"480\" \/>\n\t<meta property=\"og:image:type\" content=\"image\/jpeg\" \/>\n<meta name=\"author\" content=\"user-manager\" \/>\n<meta name=\"twitter:card\" content=\"summary_large_image\" \/>\n<script type=\"application\/ld+json\" class=\"yoast-schema-graph\">{\"@context\":\"https:\\\/\\\/schema.org\",\"@graph\":[{\"@type\":\"Article\",\"@id\":\"https:\\\/\\\/www.meydan.tv\\\/az\\\/article\\\/qadin-qetli-ile-acilan-zorakiliqla-mubarize-gunu\\\/#article\",\"isPartOf\":{\"@id\":\"https:\\\/\\\/www.meydan.tv\\\/az\\\/article\\\/qadin-qetli-ile-acilan-zorakiliqla-mubarize-gunu\\\/\"},\"author\":{\"name\":\"user-manager\",\"@id\":\"https:\\\/\\\/www.meydan.tv\\\/az\\\/#\\\/schema\\\/person\\\/10d11eccf6da3662cf5fdab9806ea91a\"},\"headline\":\"Qad\u0131n q\u0259tli il\u0259 a\u00e7\u0131lan zorak\u0131l\u0131qla m\u00fcbariz\u0259 g\u00fcn\u00fc\",\"datePublished\":\"2019-11-25T11:05:55+00:00\",\"mainEntityOfPage\":{\"@id\":\"https:\\\/\\\/www.meydan.tv\\\/az\\\/article\\\/qadin-qetli-ile-acilan-zorakiliqla-mubarize-gunu\\\/\"},\"wordCount\":1174,\"publisher\":{\"@id\":\"https:\\\/\\\/www.meydan.tv\\\/az\\\/#organization\"},\"image\":{\"@id\":\"https:\\\/\\\/www.meydan.tv\\\/az\\\/article\\\/qadin-qetli-ile-acilan-zorakiliqla-mubarize-gunu\\\/#primaryimage\"},\"thumbnailUrl\":\"https:\\\/\\\/www.meydan.tv\\\/wp-content\\\/uploads\\\/20191125_104524.jpg\",\"articleSection\":[\"Sosial\"],\"inLanguage\":\"az\"},{\"@type\":\"WebPage\",\"@id\":\"https:\\\/\\\/www.meydan.tv\\\/az\\\/article\\\/qadin-qetli-ile-acilan-zorakiliqla-mubarize-gunu\\\/\",\"url\":\"https:\\\/\\\/www.meydan.tv\\\/az\\\/article\\\/qadin-qetli-ile-acilan-zorakiliqla-mubarize-gunu\\\/\",\"name\":\"Qad\u0131n q\u0259tli il\u0259 a\u00e7\u0131lan zorak\u0131l\u0131qla m\u00fcbariz\u0259 g\u00fcn\u00fc - MEYDAN.TV\",\"isPartOf\":{\"@id\":\"https:\\\/\\\/www.meydan.tv\\\/az\\\/#website\"},\"primaryImageOfPage\":{\"@id\":\"https:\\\/\\\/www.meydan.tv\\\/az\\\/article\\\/qadin-qetli-ile-acilan-zorakiliqla-mubarize-gunu\\\/#primaryimage\"},\"image\":{\"@id\":\"https:\\\/\\\/www.meydan.tv\\\/az\\\/article\\\/qadin-qetli-ile-acilan-zorakiliqla-mubarize-gunu\\\/#primaryimage\"},\"thumbnailUrl\":\"https:\\\/\\\/www.meydan.tv\\\/wp-content\\\/uploads\\\/20191125_104524.jpg\",\"datePublished\":\"2019-11-25T11:05:55+00:00\",\"breadcrumb\":{\"@id\":\"https:\\\/\\\/www.meydan.tv\\\/az\\\/article\\\/qadin-qetli-ile-acilan-zorakiliqla-mubarize-gunu\\\/#breadcrumb\"},\"inLanguage\":\"az\",\"potentialAction\":[{\"@type\":\"ReadAction\",\"target\":[\"https:\\\/\\\/www.meydan.tv\\\/az\\\/article\\\/qadin-qetli-ile-acilan-zorakiliqla-mubarize-gunu\\\/\"]}]},{\"@type\":\"ImageObject\",\"inLanguage\":\"az\",\"@id\":\"https:\\\/\\\/www.meydan.tv\\\/az\\\/article\\\/qadin-qetli-ile-acilan-zorakiliqla-mubarize-gunu\\\/#primaryimage\",\"url\":\"https:\\\/\\\/www.meydan.tv\\\/wp-content\\\/uploads\\\/20191125_104524.jpg\",\"contentUrl\":\"https:\\\/\\\/www.meydan.tv\\\/wp-content\\\/uploads\\\/20191125_104524.jpg\",\"width\":711,\"height\":480,\"caption\":\"Source: Foto: sosial \u015f\u0259b\u0259k\u0259\"},{\"@type\":\"BreadcrumbList\",\"@id\":\"https:\\\/\\\/www.meydan.tv\\\/az\\\/article\\\/qadin-qetli-ile-acilan-zorakiliqla-mubarize-gunu\\\/#breadcrumb\",\"itemListElement\":[{\"@type\":\"ListItem\",\"position\":1,\"name\":\"Ana s\u0259hif\u0259\",\"item\":\"https:\\\/\\\/www.meydan.tv\\\/az\\\/\"},{\"@type\":\"ListItem\",\"position\":2,\"name\":\"Sosial\",\"item\":\"https:\\\/\\\/www.meydan.tv\\\/az\\\/section\\\/sosial\\\/\"},{\"@type\":\"ListItem\",\"position\":3,\"name\":\"Qad\u0131n q\u0259tli il\u0259 a\u00e7\u0131lan zorak\u0131l\u0131qla m\u00fcbariz\u0259 g\u00fcn\u00fc\"}]},{\"@type\":\"WebSite\",\"@id\":\"https:\\\/\\\/www.meydan.tv\\\/az\\\/#website\",\"url\":\"https:\\\/\\\/www.meydan.tv\\\/az\\\/\",\"name\":\"MEYDAN.TV\",\"description\":\"Meydan TV Az\u0259rbaycan\u0131n media m\u0259kan\u0131ndak\u0131 alternativ s\u0259sidir\",\"publisher\":{\"@id\":\"https:\\\/\\\/www.meydan.tv\\\/az\\\/#organization\"},\"potentialAction\":[{\"@type\":\"SearchAction\",\"target\":{\"@type\":\"EntryPoint\",\"urlTemplate\":\"https:\\\/\\\/www.meydan.tv\\\/az\\\/?s={search_term_string}\"},\"query-input\":{\"@type\":\"PropertyValueSpecification\",\"valueRequired\":true,\"valueName\":\"search_term_string\"}}],\"inLanguage\":\"az\"},{\"@type\":\"Organization\",\"@id\":\"https:\\\/\\\/www.meydan.tv\\\/az\\\/#organization\",\"name\":\"Meydan TV\",\"url\":\"https:\\\/\\\/www.meydan.tv\\\/az\\\/\",\"logo\":{\"@type\":\"ImageObject\",\"inLanguage\":\"az\",\"@id\":\"https:\\\/\\\/www.meydan.tv\\\/az\\\/#\\\/schema\\\/logo\\\/image\\\/\",\"url\":\"https:\\\/\\\/www.meydan.tv\\\/wp-content\\\/uploads\\\/2021\\\/07\\\/meydan-logo.svg\",\"contentUrl\":\"https:\\\/\\\/www.meydan.tv\\\/wp-content\\\/uploads\\\/2021\\\/07\\\/meydan-logo.svg\",\"width\":195,\"height\":46,\"caption\":\"Meydan TV\"},\"image\":{\"@id\":\"https:\\\/\\\/www.meydan.tv\\\/az\\\/#\\\/schema\\\/logo\\\/image\\\/\"}},{\"@type\":\"Person\",\"@id\":\"https:\\\/\\\/www.meydan.tv\\\/az\\\/#\\\/schema\\\/person\\\/10d11eccf6da3662cf5fdab9806ea91a\",\"name\":\"user-manager\"}]}<\/script>\n<!-- \/ Yoast SEO plugin. -->","yoast_head_json":{"title":"Qad\u0131n q\u0259tli il\u0259 a\u00e7\u0131lan zorak\u0131l\u0131qla m\u00fcbariz\u0259 g\u00fcn\u00fc - MEYDAN.TV","robots":{"index":"index","follow":"follow","max-snippet":"max-snippet:-1","max-image-preview":"max-image-preview:large","max-video-preview":"max-video-preview:-1"},"canonical":"https:\/\/www.meydan.tv\/az\/article\/qadin-qetli-ile-acilan-zorakiliqla-mubarize-gunu\/","og_locale":"az_AZ","og_type":"article","og_title":"Qad\u0131n q\u0259tli il\u0259 a\u00e7\u0131lan zorak\u0131l\u0131qla m\u00fcbariz\u0259 g\u00fcn\u00fc - MEYDAN.TV","og_description":"Az\u0259rbaycanda bu ilin yanvar-sentyabr aylar\u0131 \u0259rzind\u0259 biz\u0259 m\u0259lum olan 118 qad\u0131n ail\u0259daxili \u015fidd\u0259t\u0259 m\u0259ruz qal\u0131b.","og_url":"https:\/\/www.meydan.tv\/az\/article\/qadin-qetli-ile-acilan-zorakiliqla-mubarize-gunu\/","og_site_name":"MEYDAN.TV","article_published_time":"2019-11-25T11:05:55+00:00","og_image":[{"width":711,"height":480,"url":"https:\/\/www.meydan.tv\/wp-content\/uploads\/20191125_104524.jpg","type":"image\/jpeg"}],"author":"user-manager","twitter_card":"summary_large_image","schema":{"@context":"https:\/\/schema.org","@graph":[{"@type":"Article","@id":"https:\/\/www.meydan.tv\/az\/article\/qadin-qetli-ile-acilan-zorakiliqla-mubarize-gunu\/#article","isPartOf":{"@id":"https:\/\/www.meydan.tv\/az\/article\/qadin-qetli-ile-acilan-zorakiliqla-mubarize-gunu\/"},"author":{"name":"user-manager","@id":"https:\/\/www.meydan.tv\/az\/#\/schema\/person\/10d11eccf6da3662cf5fdab9806ea91a"},"headline":"Qad\u0131n q\u0259tli il\u0259 a\u00e7\u0131lan zorak\u0131l\u0131qla m\u00fcbariz\u0259 g\u00fcn\u00fc","datePublished":"2019-11-25T11:05:55+00:00","mainEntityOfPage":{"@id":"https:\/\/www.meydan.tv\/az\/article\/qadin-qetli-ile-acilan-zorakiliqla-mubarize-gunu\/"},"wordCount":1174,"publisher":{"@id":"https:\/\/www.meydan.tv\/az\/#organization"},"image":{"@id":"https:\/\/www.meydan.tv\/az\/article\/qadin-qetli-ile-acilan-zorakiliqla-mubarize-gunu\/#primaryimage"},"thumbnailUrl":"https:\/\/www.meydan.tv\/wp-content\/uploads\/20191125_104524.jpg","articleSection":["Sosial"],"inLanguage":"az"},{"@type":"WebPage","@id":"https:\/\/www.meydan.tv\/az\/article\/qadin-qetli-ile-acilan-zorakiliqla-mubarize-gunu\/","url":"https:\/\/www.meydan.tv\/az\/article\/qadin-qetli-ile-acilan-zorakiliqla-mubarize-gunu\/","name":"Qad\u0131n q\u0259tli il\u0259 a\u00e7\u0131lan zorak\u0131l\u0131qla m\u00fcbariz\u0259 g\u00fcn\u00fc - MEYDAN.TV","isPartOf":{"@id":"https:\/\/www.meydan.tv\/az\/#website"},"primaryImageOfPage":{"@id":"https:\/\/www.meydan.tv\/az\/article\/qadin-qetli-ile-acilan-zorakiliqla-mubarize-gunu\/#primaryimage"},"image":{"@id":"https:\/\/www.meydan.tv\/az\/article\/qadin-qetli-ile-acilan-zorakiliqla-mubarize-gunu\/#primaryimage"},"thumbnailUrl":"https:\/\/www.meydan.tv\/wp-content\/uploads\/20191125_104524.jpg","datePublished":"2019-11-25T11:05:55+00:00","breadcrumb":{"@id":"https:\/\/www.meydan.tv\/az\/article\/qadin-qetli-ile-acilan-zorakiliqla-mubarize-gunu\/#breadcrumb"},"inLanguage":"az","potentialAction":[{"@type":"ReadAction","target":["https:\/\/www.meydan.tv\/az\/article\/qadin-qetli-ile-acilan-zorakiliqla-mubarize-gunu\/"]}]},{"@type":"ImageObject","inLanguage":"az","@id":"https:\/\/www.meydan.tv\/az\/article\/qadin-qetli-ile-acilan-zorakiliqla-mubarize-gunu\/#primaryimage","url":"https:\/\/www.meydan.tv\/wp-content\/uploads\/20191125_104524.jpg","contentUrl":"https:\/\/www.meydan.tv\/wp-content\/uploads\/20191125_104524.jpg","width":711,"height":480,"caption":"Source: Foto: sosial \u015f\u0259b\u0259k\u0259"},{"@type":"BreadcrumbList","@id":"https:\/\/www.meydan.tv\/az\/article\/qadin-qetli-ile-acilan-zorakiliqla-mubarize-gunu\/#breadcrumb","itemListElement":[{"@type":"ListItem","position":1,"name":"Ana s\u0259hif\u0259","item":"https:\/\/www.meydan.tv\/az\/"},{"@type":"ListItem","position":2,"name":"Sosial","item":"https:\/\/www.meydan.tv\/az\/section\/sosial\/"},{"@type":"ListItem","position":3,"name":"Qad\u0131n q\u0259tli il\u0259 a\u00e7\u0131lan zorak\u0131l\u0131qla m\u00fcbariz\u0259 g\u00fcn\u00fc"}]},{"@type":"WebSite","@id":"https:\/\/www.meydan.tv\/az\/#website","url":"https:\/\/www.meydan.tv\/az\/","name":"MEYDAN.TV","description":"Meydan TV Az\u0259rbaycan\u0131n media m\u0259kan\u0131ndak\u0131 alternativ s\u0259sidir","publisher":{"@id":"https:\/\/www.meydan.tv\/az\/#organization"},"potentialAction":[{"@type":"SearchAction","target":{"@type":"EntryPoint","urlTemplate":"https:\/\/www.meydan.tv\/az\/?s={search_term_string}"},"query-input":{"@type":"PropertyValueSpecification","valueRequired":true,"valueName":"search_term_string"}}],"inLanguage":"az"},{"@type":"Organization","@id":"https:\/\/www.meydan.tv\/az\/#organization","name":"Meydan TV","url":"https:\/\/www.meydan.tv\/az\/","logo":{"@type":"ImageObject","inLanguage":"az","@id":"https:\/\/www.meydan.tv\/az\/#\/schema\/logo\/image\/","url":"https:\/\/www.meydan.tv\/wp-content\/uploads\/2021\/07\/meydan-logo.svg","contentUrl":"https:\/\/www.meydan.tv\/wp-content\/uploads\/2021\/07\/meydan-logo.svg","width":195,"height":46,"caption":"Meydan TV"},"image":{"@id":"https:\/\/www.meydan.tv\/az\/#\/schema\/logo\/image\/"}},{"@type":"Person","@id":"https:\/\/www.meydan.tv\/az\/#\/schema\/person\/10d11eccf6da3662cf5fdab9806ea91a","name":"user-manager"}]}},"_links":{"self":[{"href":"https:\/\/www.meydan.tv\/az\/wp-json\/wp\/v2\/posts\/198074","targetHints":{"allow":["GET"]}}],"collection":[{"href":"https:\/\/www.meydan.tv\/az\/wp-json\/wp\/v2\/posts"}],"about":[{"href":"https:\/\/www.meydan.tv\/az\/wp-json\/wp\/v2\/types\/post"}],"author":[{"embeddable":true,"href":"https:\/\/www.meydan.tv\/az\/wp-json\/wp\/v2\/users\/11"}],"replies":[{"embeddable":true,"href":"https:\/\/www.meydan.tv\/az\/wp-json\/wp\/v2\/comments?post=198074"}],"version-history":[{"count":0,"href":"https:\/\/www.meydan.tv\/az\/wp-json\/wp\/v2\/posts\/198074\/revisions"}],"wp:featuredmedia":[{"embeddable":true,"href":"https:\/\/www.meydan.tv\/az\/wp-json\/wp\/v2\/media\/133518"}],"wp:attachment":[{"href":"https:\/\/www.meydan.tv\/az\/wp-json\/wp\/v2\/media?parent=198074"}],"wp:term":[{"taxonomy":"category","embeddable":true,"href":"https:\/\/www.meydan.tv\/az\/wp-json\/wp\/v2\/categories?post=198074"},{"taxonomy":"post_tag","embeddable":true,"href":"https:\/\/www.meydan.tv\/az\/wp-json\/wp\/v2\/tags?post=198074"}],"curies":[{"name":"wp","href":"https:\/\/api.w.org\/{rel}","templated":true}]}}