{"id":198060,"date":"2019-11-23T02:40:02","date_gmt":"2019-11-23T02:40:02","guid":{"rendered":"https:\/\/www.meydan.tv\/article\/tramp-kecmis-sefir-yovanovic-menim-seklimi-sefirlikde-asmayib\/"},"modified":"2019-11-23T02:40:02","modified_gmt":"2019-11-23T02:40:02","slug":"tramp-kecmis-sefir-yovanovic-menim-seklimi-sefirlikde-asmayib","status":"publish","type":"post","link":"https:\/\/www.meydan.tv\/az\/article\/tramp-kecmis-sefir-yovanovic-menim-seklimi-sefirlikde-asmayib\/","title":{"rendered":"Tramp: Ke\u00e7mi\u015f s\u0259fir Yovanovi\u00e7 m\u0259nim \u015f\u0259klimi s\u0259firlikd\u0259 asmay\u0131b"},"content":{"rendered":"<p>\n  <i><br \/>\n    Prezident hadis\u0259nin detallar\u0131n\u0131 a\u00e7\u0131qlamaqdan \u00e7\u0259kinib<br \/>\n  <\/i>\n<\/p>\n<p>\n  Prezident Donald Tramp AB\u015e-\u0131n \u00f6nc\u0259ki s\u0259firi Mari Yovanovi\u00e7i (Marie Yovanovitch) ictimaiyy\u0259t qar\u015f\u0131s\u0131nda t\u0259nqid edib v\u0259 deyib ki, Yovanovi\u00e7 AB\u015e-\u0131n Ukraynadak\u0131 s\u0259firliyind\u0259 onun r\u0259smini asmay\u0131b, &#8211; BBC x\u0259b\u0259r verir.\n<\/p>\n<p>\n  Tramp \u201cFOX News\u201d-un s\u0259h\u0259r proqram\u0131nda \u201cYovanovi\u00e7 m\u0259nim \u015f\u0259klimi Kiyevd\u0259ki s\u0259firlikd\u0259 asmay\u0131b\u201d, deyib.\n<\/p>\n<p>\n  Prezident hadis\u0259nin detallar\u0131n\u0131 a\u00e7\u0131qlamaqdan \u00e7\u0259kinib.\n<\/p>\n<p>\n  Yovanovi\u00e7 ke\u00e7\u0259n h\u0259ft\u0259 impi\u00e7ment sor\u011fusu zaman\u0131 qeyd etmi\u015fdi ki, o, saxta iddialar \u00fcz\u0259rin\u0259 i\u015find\u0259n qovulub.\n<\/p>\n<p>\n  Yovanovi\u00e7 iki h\u0259ft\u0259dir ke\u00e7iril\u0259n, prezident t\u0259r\u0259find\u0259n hakimiyy\u0259tin sui-istifad\u0259sini ara\u015fd\u0131ran impi\u00e7ment sor\u011fusunda i\u015ftirak ed\u0259n 12 \u015fahidd\u0259n biridir.\n<\/p>\n<p>\n  \u201cFox v\u0259 dostlar\u0131\u201d verili\u015fin\u0259 telefon z\u0259ngi ed\u0259n Prezident Tramp Yovanovi\u00e7\u0259 \u201cqad\u0131n\u201d olaraq xitab edib v\u0259 deyib ki, o, Yovanovi\u00e7 haqq\u0131nda pis \u015feyl\u0259r e\u015fidib.\n<\/p>\n<p>\n  \u201cHam\u0131n\u0131n haqq\u0131nda g\u00f6z\u0259l \u015feyl\u0259r dan\u0131\u015fd\u0131\u011f\u0131 bu s\u0259fir s\u0259firlikd\u0259 m\u0259nim r\u0259smimi asmazm\u0131\u015f\u201d,- Tramp deyib.\n<\/p>\n<p>\n  \u201cO, s\u0259firlikd\u0259 m\u0259sul \u015f\u0259xs olub, bu, ilyar\u0131m, haradasa iki il \u00e7\u0259kib\u201d.\n<\/p>\n<p>\n  Prezident \u0259lav\u0259 edib ki, onun \u015f\u0259xsi h\u00fcquq\u015f\u00fcnas\u0131 Rudi Qiuliani (Rudy Giuliani) onun haqq\u0131nda \u201cyax\u015f\u0131 \u015feyl\u0259r dan\u0131\u015fmay\u0131b\u201d.\n<\/p>\n<p>\n  Qiuliani d\u0259f\u0259l\u0259rl\u0259 impi\u00e7ment dinl\u0259m\u0259l\u0259rind\u0259 \u00e7\u0131x\u0131\u015f edib v\u0259 \u015fahidl\u0259r deyir ki, o, AB\u015e-Ukrayna \u0259laq\u0259l\u0259rini m\u00f6vcud siyasi qaydalara uy\u011fun olmayan \u015f\u0259kild\u0259 t\u0259qdim edib.\n<\/p>\n<p>\n  \u201cO, m\u0259nim haqq\u0131mda pis dan\u0131\u015f\u0131b. O, m\u0259ni m\u00fcdafi\u0259 etm\u0259yib v\u0259 m\u0259nim s\u0259firi d\u0259yi\u015fm\u0259k h\u00fcququm var\u201d,- Tramp \u0259lav\u0259 edib.\n<\/p>\n<p>\n  \u201cStandard odur ki, s\u0259n AB\u015e prezidentinin r\u0259smini s\u0259firliy\u0259 qoyursan&quot;,- o \u0259lav\u0259 edib: \u201cBu qad\u0131n m\u0259l\u0259k olmay\u0131b, ayd\u0131nd\u0131rm\u0131?\u201d\n<\/p>\n<p>\n  Prezidentin Yovanovi\u00e7\u0259 h\u00fccumu ilk d\u0259f\u0259 deyil. Respublika\u00e7\u0131 prezident ke\u00e7\u0259n c\u00fcm\u0259, ke\u00e7mi\u015f s\u0259fir \u015fahid qismind\u0259 \u00e7\u0131x\u0131\u015f ed\u0259rk\u0259n &quot;Twitter\u201d hesab\u0131nda onu t\u0259nqid etmi\u015fdi. Demokratlar prezidentin bu add\u0131m\u0131n\u0131 \u015fahidin qorxudulmas\u0131 olaraq xarakteriz\u0259 etmi\u015fdil\u0259r.\n<\/p>\n<p>\n  Diplomat Yovanovi\u00e7 mayda Kiyevd\u0259n geri \u00e7a\u011f\u0131r\u0131l\u0131b. Hadis\u0259d\u0259n iki ay sonra Tramp v\u0259 Ukrayna Prezidenti Volodimir Zelenskinin telefon dan\u0131\u015f\u0131\u011f\u0131 apard\u0131\u011f\u0131 qeyd edilir. Bu hadis\u0259 konqresin ba\u015flatd\u0131\u011f\u0131 sor\u011funun \u0259sas\u0131n\u0131 t\u0259\u015fkil edir v\u0259 do\u011fru oldu\u011fu t\u0259qdird\u0259 AB\u015e prezidenti v\u0259zif\u0259sind\u0259n g\u00f6nd\u0259ril\u0259 bil\u0259r.\n<\/p>\n<p>\n  \u0130yul z\u0259nginin transkriptind\u0259n m\u0259lum olur ki, Tramp Zelenskini Demokrat A\u011f Ev namiz\u0259di Jo Bayden\u0259 qar\u015f\u0131 \u0259sass\u0131z iddialar\u0131 v\u0259 2016-c\u0131 ild\u0259ki se\u00e7ki m\u00fcdaxil\u0259si iddialar\u0131n\u0131 ara\u015fd\u0131rma\u011fa \u00e7a\u011f\u0131r\u0131b.\n<\/p>\n<p>\n  Prezident c\u00fcm\u0259 g\u00fcn\u00fc televiziya m\u00fcsahib\u0259sind\u0259 AB\u015e-\u0131n 2016-c\u0131 il prezident se\u00e7kil\u0259rin\u0259 Rusiyan\u0131n deyil, Ukraynan\u0131n qar\u0131\u015fd\u0131\u011f\u0131na dair konspiroloji n\u0259z\u0259riyy\u0259nin m\u00fczakir\u0259sin\u0259 d\u0259 toxunub.\n<\/p>\n<p>\n  Bu iddialar c\u00fcm\u0259 ax\u015fam\u0131 \u00e7\u0131x\u0131\u015f ed\u0259n impi\u00e7ment \u015fahidi, A\u011f Evin ke\u00e7mi\u015f k\u0259\u015ffiyyat r\u0259smisi v\u0259 Rusiya \u00fczr\u0259 ekspert Fiona Hill t\u0259r\u0259find\u0259n qeyd edilmi\u015fdi.\n<\/p>\n<p>\n  Tramp \u201cFox v\u0259 dostlar\u0131\u201dna \u201cd\u0259rin d\u00f6vl\u0259t\u201d haqda b\u0259hs edib v\u0259 d\u0259f\u0259l\u0259rl\u0259 iddia edib ki, Ukrayna onun 2016-c\u0131 il se\u00e7kisind\u0259 yenilm\u0259sini ist\u0259yib.\n<\/p>\n<p>\n  \u201cUnutmay\u0131n ki, Ukrayna m\u0259n\u0259 nifr\u0259t edir. Onlar se\u00e7kid\u0259 m\u0259ni izl\u0259yirdil\u0259r v\u0259 Hillari Klintonun qalib g\u0259lm\u0259sini ist\u0259yirdil\u0259r\u201d,- prezident deyib: \u201cM\u0259n qalib g\u0259l\u0259nd\u0259 bird\u0259n-bir\u0259 h\u0259r \u015fey d\u0259yi\u015fdi\u201d.\n<\/p>\n<p>\n  C\u00fcm\u0259 ax\u015fam\u0131 Hill Ukrayna r\u0259smil\u0259rinin Trampa h\u00f6rm\u0259tsizlik etdikl\u0259rini deyib. \u00c7\u00fcnk\u00fc onlar Hillari Klintonun qalib g\u0259l\u0259c\u0259yini g\u00f6zl\u0259yirdil\u0259r.\n<\/p>\n<p>\n  O, se\u00e7ilmi\u015f r\u0259smil\u0259r\u0259 Rusiyan\u0131n AB\u015e se\u00e7kil\u0259rin\u0259 m\u00fcdaxil\u0259 etm\u0259si il\u0259 ba\u011fl\u0131 iddialara k\u00f6lg\u0259 salan siyasiy\u00f6n\u00fcml\u00fc yalanlar\u0131 t\u0259bli\u011f etm\u0259m\u0259l\u0259ri bar\u0259d\u0259 x\u0259b\u0259rdarl\u0131q edib.\n<\/p>\n<p>\n  C\u00fcm\u0259 g\u00fcn\u00fc verdiyi m\u00fcsahib\u0259d\u0259 Tramp Qiulianinin Ukraynaya g\u00f6nd\u0259rilm\u0259si q\u0259rar\u0131n\u0131 da m\u00fcdafi\u0259 edib.<\/p>\n","protected":false},"excerpt":{"rendered":"<p>\u201cO, s\u0259firlikd\u0259 m\u0259sul \u015f\u0259xs olub, bu, ilyar\u0131m, haradasa iki il \u00e7\u0259kib\u201d.<\/p>\n","protected":false},"author":11,"featured_media":133470,"comment_status":"closed","ping_status":"open","sticky":false,"template":"","format":"standard","meta":{"_acf_changed":false,"_sitemap_exclude":false,"_sitemap_priority":"","_sitemap_frequency":"","footnotes":""},"categories":[64],"tags":[],"class_list":["post-198060","post","type-post","status-publish","format-standard","has-post-thumbnail","hentry","category-dunya","infinite-scroll-item","generate-columns","tablet-grid-50","mobile-grid-100","grid-parent","grid-33","no-featured-image-padding"],"acf":[],"yoast_head":"<!-- This site is optimized with the Yoast SEO plugin v27.5 - https:\/\/yoast.com\/product\/yoast-seo-wordpress\/ -->\n<title>Tramp: Ke\u00e7mi\u015f s\u0259fir Yovanovi\u00e7 m\u0259nim \u015f\u0259klimi s\u0259firlikd\u0259 asmay\u0131b - MEYDAN.TV<\/title>\n<meta name=\"robots\" content=\"index, follow, max-snippet:-1, max-image-preview:large, max-video-preview:-1\" \/>\n<link rel=\"canonical\" href=\"https:\/\/www.meydan.tv\/az\/article\/tramp-kecmis-sefir-yovanovic-menim-seklimi-sefirlikde-asmayib\/\" \/>\n<meta property=\"og:locale\" content=\"az_AZ\" \/>\n<meta property=\"og:type\" content=\"article\" \/>\n<meta property=\"og:title\" content=\"Tramp: Ke\u00e7mi\u015f s\u0259fir Yovanovi\u00e7 m\u0259nim \u015f\u0259klimi s\u0259firlikd\u0259 asmay\u0131b - MEYDAN.TV\" \/>\n<meta property=\"og:description\" content=\"\u201cO, s\u0259firlikd\u0259 m\u0259sul \u015f\u0259xs olub, bu, ilyar\u0131m, haradasa iki il \u00e7\u0259kib\u201d.\" \/>\n<meta property=\"og:url\" content=\"https:\/\/www.meydan.tv\/az\/article\/tramp-kecmis-sefir-yovanovic-menim-seklimi-sefirlikde-asmayib\/\" \/>\n<meta property=\"og:site_name\" content=\"MEYDAN.TV\" \/>\n<meta property=\"article:published_time\" content=\"2019-11-23T02:40:02+00:00\" \/>\n<meta property=\"og:image\" content=\"https:\/\/www.meydan.tv\/wp-content\/uploads\/trump-yovanovitch.jpg\" \/>\n\t<meta property=\"og:image:width\" content=\"723\" \/>\n\t<meta property=\"og:image:height\" content=\"480\" \/>\n\t<meta property=\"og:image:type\" content=\"image\/jpeg\" \/>\n<meta name=\"author\" content=\"user-manager\" \/>\n<meta name=\"twitter:card\" content=\"summary_large_image\" \/>\n<script type=\"application\/ld+json\" class=\"yoast-schema-graph\">{\"@context\":\"https:\\\/\\\/schema.org\",\"@graph\":[{\"@type\":\"Article\",\"@id\":\"https:\\\/\\\/www.meydan.tv\\\/az\\\/article\\\/tramp-kecmis-sefir-yovanovic-menim-seklimi-sefirlikde-asmayib\\\/#article\",\"isPartOf\":{\"@id\":\"https:\\\/\\\/www.meydan.tv\\\/az\\\/article\\\/tramp-kecmis-sefir-yovanovic-menim-seklimi-sefirlikde-asmayib\\\/\"},\"author\":{\"name\":\"user-manager\",\"@id\":\"https:\\\/\\\/www.meydan.tv\\\/az\\\/#\\\/schema\\\/person\\\/10d11eccf6da3662cf5fdab9806ea91a\"},\"headline\":\"Tramp: Ke\u00e7mi\u015f s\u0259fir Yovanovi\u00e7 m\u0259nim \u015f\u0259klimi s\u0259firlikd\u0259 asmay\u0131b\",\"datePublished\":\"2019-11-23T02:40:02+00:00\",\"mainEntityOfPage\":{\"@id\":\"https:\\\/\\\/www.meydan.tv\\\/az\\\/article\\\/tramp-kecmis-sefir-yovanovic-menim-seklimi-sefirlikde-asmayib\\\/\"},\"wordCount\":712,\"publisher\":{\"@id\":\"https:\\\/\\\/www.meydan.tv\\\/az\\\/#organization\"},\"image\":{\"@id\":\"https:\\\/\\\/www.meydan.tv\\\/az\\\/article\\\/tramp-kecmis-sefir-yovanovic-menim-seklimi-sefirlikde-asmayib\\\/#primaryimage\"},\"thumbnailUrl\":\"https:\\\/\\\/www.meydan.tv\\\/wp-content\\\/uploads\\\/trump-yovanovitch.jpg\",\"articleSection\":[\"D\u00fcnya\"],\"inLanguage\":\"az\"},{\"@type\":\"WebPage\",\"@id\":\"https:\\\/\\\/www.meydan.tv\\\/az\\\/article\\\/tramp-kecmis-sefir-yovanovic-menim-seklimi-sefirlikde-asmayib\\\/\",\"url\":\"https:\\\/\\\/www.meydan.tv\\\/az\\\/article\\\/tramp-kecmis-sefir-yovanovic-menim-seklimi-sefirlikde-asmayib\\\/\",\"name\":\"Tramp: Ke\u00e7mi\u015f s\u0259fir Yovanovi\u00e7 m\u0259nim \u015f\u0259klimi s\u0259firlikd\u0259 asmay\u0131b - MEYDAN.TV\",\"isPartOf\":{\"@id\":\"https:\\\/\\\/www.meydan.tv\\\/az\\\/#website\"},\"primaryImageOfPage\":{\"@id\":\"https:\\\/\\\/www.meydan.tv\\\/az\\\/article\\\/tramp-kecmis-sefir-yovanovic-menim-seklimi-sefirlikde-asmayib\\\/#primaryimage\"},\"image\":{\"@id\":\"https:\\\/\\\/www.meydan.tv\\\/az\\\/article\\\/tramp-kecmis-sefir-yovanovic-menim-seklimi-sefirlikde-asmayib\\\/#primaryimage\"},\"thumbnailUrl\":\"https:\\\/\\\/www.meydan.tv\\\/wp-content\\\/uploads\\\/trump-yovanovitch.jpg\",\"datePublished\":\"2019-11-23T02:40:02+00:00\",\"breadcrumb\":{\"@id\":\"https:\\\/\\\/www.meydan.tv\\\/az\\\/article\\\/tramp-kecmis-sefir-yovanovic-menim-seklimi-sefirlikde-asmayib\\\/#breadcrumb\"},\"inLanguage\":\"az\",\"potentialAction\":[{\"@type\":\"ReadAction\",\"target\":[\"https:\\\/\\\/www.meydan.tv\\\/az\\\/article\\\/tramp-kecmis-sefir-yovanovic-menim-seklimi-sefirlikde-asmayib\\\/\"]}]},{\"@type\":\"ImageObject\",\"inLanguage\":\"az\",\"@id\":\"https:\\\/\\\/www.meydan.tv\\\/az\\\/article\\\/tramp-kecmis-sefir-yovanovic-menim-seklimi-sefirlikde-asmayib\\\/#primaryimage\",\"url\":\"https:\\\/\\\/www.meydan.tv\\\/wp-content\\\/uploads\\\/trump-yovanovitch.jpg\",\"contentUrl\":\"https:\\\/\\\/www.meydan.tv\\\/wp-content\\\/uploads\\\/trump-yovanovitch.jpg\",\"width\":723,\"height\":480,\"caption\":\"Source: Foto: arxiv\"},{\"@type\":\"BreadcrumbList\",\"@id\":\"https:\\\/\\\/www.meydan.tv\\\/az\\\/article\\\/tramp-kecmis-sefir-yovanovic-menim-seklimi-sefirlikde-asmayib\\\/#breadcrumb\",\"itemListElement\":[{\"@type\":\"ListItem\",\"position\":1,\"name\":\"Ana s\u0259hif\u0259\",\"item\":\"https:\\\/\\\/www.meydan.tv\\\/az\\\/\"},{\"@type\":\"ListItem\",\"position\":2,\"name\":\"D\u00fcnya\",\"item\":\"https:\\\/\\\/www.meydan.tv\\\/az\\\/section\\\/dunya\\\/\"},{\"@type\":\"ListItem\",\"position\":3,\"name\":\"Tramp: Ke\u00e7mi\u015f s\u0259fir Yovanovi\u00e7 m\u0259nim \u015f\u0259klimi s\u0259firlikd\u0259 asmay\u0131b\"}]},{\"@type\":\"WebSite\",\"@id\":\"https:\\\/\\\/www.meydan.tv\\\/az\\\/#website\",\"url\":\"https:\\\/\\\/www.meydan.tv\\\/az\\\/\",\"name\":\"MEYDAN.TV\",\"description\":\"Meydan TV Az\u0259rbaycan\u0131n media m\u0259kan\u0131ndak\u0131 alternativ s\u0259sidir\",\"publisher\":{\"@id\":\"https:\\\/\\\/www.meydan.tv\\\/az\\\/#organization\"},\"potentialAction\":[{\"@type\":\"SearchAction\",\"target\":{\"@type\":\"EntryPoint\",\"urlTemplate\":\"https:\\\/\\\/www.meydan.tv\\\/az\\\/?s={search_term_string}\"},\"query-input\":{\"@type\":\"PropertyValueSpecification\",\"valueRequired\":true,\"valueName\":\"search_term_string\"}}],\"inLanguage\":\"az\"},{\"@type\":\"Organization\",\"@id\":\"https:\\\/\\\/www.meydan.tv\\\/az\\\/#organization\",\"name\":\"Meydan TV\",\"url\":\"https:\\\/\\\/www.meydan.tv\\\/az\\\/\",\"logo\":{\"@type\":\"ImageObject\",\"inLanguage\":\"az\",\"@id\":\"https:\\\/\\\/www.meydan.tv\\\/az\\\/#\\\/schema\\\/logo\\\/image\\\/\",\"url\":\"https:\\\/\\\/www.meydan.tv\\\/wp-content\\\/uploads\\\/2021\\\/07\\\/meydan-logo.svg\",\"contentUrl\":\"https:\\\/\\\/www.meydan.tv\\\/wp-content\\\/uploads\\\/2021\\\/07\\\/meydan-logo.svg\",\"width\":195,\"height\":46,\"caption\":\"Meydan TV\"},\"image\":{\"@id\":\"https:\\\/\\\/www.meydan.tv\\\/az\\\/#\\\/schema\\\/logo\\\/image\\\/\"}},{\"@type\":\"Person\",\"@id\":\"https:\\\/\\\/www.meydan.tv\\\/az\\\/#\\\/schema\\\/person\\\/10d11eccf6da3662cf5fdab9806ea91a\",\"name\":\"user-manager\"}]}<\/script>\n<!-- \/ Yoast SEO plugin. -->","yoast_head_json":{"title":"Tramp: Ke\u00e7mi\u015f s\u0259fir Yovanovi\u00e7 m\u0259nim \u015f\u0259klimi s\u0259firlikd\u0259 asmay\u0131b - MEYDAN.TV","robots":{"index":"index","follow":"follow","max-snippet":"max-snippet:-1","max-image-preview":"max-image-preview:large","max-video-preview":"max-video-preview:-1"},"canonical":"https:\/\/www.meydan.tv\/az\/article\/tramp-kecmis-sefir-yovanovic-menim-seklimi-sefirlikde-asmayib\/","og_locale":"az_AZ","og_type":"article","og_title":"Tramp: Ke\u00e7mi\u015f s\u0259fir Yovanovi\u00e7 m\u0259nim \u015f\u0259klimi s\u0259firlikd\u0259 asmay\u0131b - MEYDAN.TV","og_description":"\u201cO, s\u0259firlikd\u0259 m\u0259sul \u015f\u0259xs olub, bu, ilyar\u0131m, haradasa iki il \u00e7\u0259kib\u201d.","og_url":"https:\/\/www.meydan.tv\/az\/article\/tramp-kecmis-sefir-yovanovic-menim-seklimi-sefirlikde-asmayib\/","og_site_name":"MEYDAN.TV","article_published_time":"2019-11-23T02:40:02+00:00","og_image":[{"width":723,"height":480,"url":"https:\/\/www.meydan.tv\/wp-content\/uploads\/trump-yovanovitch.jpg","type":"image\/jpeg"}],"author":"user-manager","twitter_card":"summary_large_image","schema":{"@context":"https:\/\/schema.org","@graph":[{"@type":"Article","@id":"https:\/\/www.meydan.tv\/az\/article\/tramp-kecmis-sefir-yovanovic-menim-seklimi-sefirlikde-asmayib\/#article","isPartOf":{"@id":"https:\/\/www.meydan.tv\/az\/article\/tramp-kecmis-sefir-yovanovic-menim-seklimi-sefirlikde-asmayib\/"},"author":{"name":"user-manager","@id":"https:\/\/www.meydan.tv\/az\/#\/schema\/person\/10d11eccf6da3662cf5fdab9806ea91a"},"headline":"Tramp: Ke\u00e7mi\u015f s\u0259fir Yovanovi\u00e7 m\u0259nim \u015f\u0259klimi s\u0259firlikd\u0259 asmay\u0131b","datePublished":"2019-11-23T02:40:02+00:00","mainEntityOfPage":{"@id":"https:\/\/www.meydan.tv\/az\/article\/tramp-kecmis-sefir-yovanovic-menim-seklimi-sefirlikde-asmayib\/"},"wordCount":712,"publisher":{"@id":"https:\/\/www.meydan.tv\/az\/#organization"},"image":{"@id":"https:\/\/www.meydan.tv\/az\/article\/tramp-kecmis-sefir-yovanovic-menim-seklimi-sefirlikde-asmayib\/#primaryimage"},"thumbnailUrl":"https:\/\/www.meydan.tv\/wp-content\/uploads\/trump-yovanovitch.jpg","articleSection":["D\u00fcnya"],"inLanguage":"az"},{"@type":"WebPage","@id":"https:\/\/www.meydan.tv\/az\/article\/tramp-kecmis-sefir-yovanovic-menim-seklimi-sefirlikde-asmayib\/","url":"https:\/\/www.meydan.tv\/az\/article\/tramp-kecmis-sefir-yovanovic-menim-seklimi-sefirlikde-asmayib\/","name":"Tramp: Ke\u00e7mi\u015f s\u0259fir Yovanovi\u00e7 m\u0259nim \u015f\u0259klimi s\u0259firlikd\u0259 asmay\u0131b - MEYDAN.TV","isPartOf":{"@id":"https:\/\/www.meydan.tv\/az\/#website"},"primaryImageOfPage":{"@id":"https:\/\/www.meydan.tv\/az\/article\/tramp-kecmis-sefir-yovanovic-menim-seklimi-sefirlikde-asmayib\/#primaryimage"},"image":{"@id":"https:\/\/www.meydan.tv\/az\/article\/tramp-kecmis-sefir-yovanovic-menim-seklimi-sefirlikde-asmayib\/#primaryimage"},"thumbnailUrl":"https:\/\/www.meydan.tv\/wp-content\/uploads\/trump-yovanovitch.jpg","datePublished":"2019-11-23T02:40:02+00:00","breadcrumb":{"@id":"https:\/\/www.meydan.tv\/az\/article\/tramp-kecmis-sefir-yovanovic-menim-seklimi-sefirlikde-asmayib\/#breadcrumb"},"inLanguage":"az","potentialAction":[{"@type":"ReadAction","target":["https:\/\/www.meydan.tv\/az\/article\/tramp-kecmis-sefir-yovanovic-menim-seklimi-sefirlikde-asmayib\/"]}]},{"@type":"ImageObject","inLanguage":"az","@id":"https:\/\/www.meydan.tv\/az\/article\/tramp-kecmis-sefir-yovanovic-menim-seklimi-sefirlikde-asmayib\/#primaryimage","url":"https:\/\/www.meydan.tv\/wp-content\/uploads\/trump-yovanovitch.jpg","contentUrl":"https:\/\/www.meydan.tv\/wp-content\/uploads\/trump-yovanovitch.jpg","width":723,"height":480,"caption":"Source: Foto: arxiv"},{"@type":"BreadcrumbList","@id":"https:\/\/www.meydan.tv\/az\/article\/tramp-kecmis-sefir-yovanovic-menim-seklimi-sefirlikde-asmayib\/#breadcrumb","itemListElement":[{"@type":"ListItem","position":1,"name":"Ana s\u0259hif\u0259","item":"https:\/\/www.meydan.tv\/az\/"},{"@type":"ListItem","position":2,"name":"D\u00fcnya","item":"https:\/\/www.meydan.tv\/az\/section\/dunya\/"},{"@type":"ListItem","position":3,"name":"Tramp: Ke\u00e7mi\u015f s\u0259fir Yovanovi\u00e7 m\u0259nim \u015f\u0259klimi s\u0259firlikd\u0259 asmay\u0131b"}]},{"@type":"WebSite","@id":"https:\/\/www.meydan.tv\/az\/#website","url":"https:\/\/www.meydan.tv\/az\/","name":"MEYDAN.TV","description":"Meydan TV Az\u0259rbaycan\u0131n media m\u0259kan\u0131ndak\u0131 alternativ s\u0259sidir","publisher":{"@id":"https:\/\/www.meydan.tv\/az\/#organization"},"potentialAction":[{"@type":"SearchAction","target":{"@type":"EntryPoint","urlTemplate":"https:\/\/www.meydan.tv\/az\/?s={search_term_string}"},"query-input":{"@type":"PropertyValueSpecification","valueRequired":true,"valueName":"search_term_string"}}],"inLanguage":"az"},{"@type":"Organization","@id":"https:\/\/www.meydan.tv\/az\/#organization","name":"Meydan TV","url":"https:\/\/www.meydan.tv\/az\/","logo":{"@type":"ImageObject","inLanguage":"az","@id":"https:\/\/www.meydan.tv\/az\/#\/schema\/logo\/image\/","url":"https:\/\/www.meydan.tv\/wp-content\/uploads\/2021\/07\/meydan-logo.svg","contentUrl":"https:\/\/www.meydan.tv\/wp-content\/uploads\/2021\/07\/meydan-logo.svg","width":195,"height":46,"caption":"Meydan TV"},"image":{"@id":"https:\/\/www.meydan.tv\/az\/#\/schema\/logo\/image\/"}},{"@type":"Person","@id":"https:\/\/www.meydan.tv\/az\/#\/schema\/person\/10d11eccf6da3662cf5fdab9806ea91a","name":"user-manager"}]}},"_links":{"self":[{"href":"https:\/\/www.meydan.tv\/az\/wp-json\/wp\/v2\/posts\/198060","targetHints":{"allow":["GET"]}}],"collection":[{"href":"https:\/\/www.meydan.tv\/az\/wp-json\/wp\/v2\/posts"}],"about":[{"href":"https:\/\/www.meydan.tv\/az\/wp-json\/wp\/v2\/types\/post"}],"author":[{"embeddable":true,"href":"https:\/\/www.meydan.tv\/az\/wp-json\/wp\/v2\/users\/11"}],"replies":[{"embeddable":true,"href":"https:\/\/www.meydan.tv\/az\/wp-json\/wp\/v2\/comments?post=198060"}],"version-history":[{"count":0,"href":"https:\/\/www.meydan.tv\/az\/wp-json\/wp\/v2\/posts\/198060\/revisions"}],"wp:featuredmedia":[{"embeddable":true,"href":"https:\/\/www.meydan.tv\/az\/wp-json\/wp\/v2\/media\/133470"}],"wp:attachment":[{"href":"https:\/\/www.meydan.tv\/az\/wp-json\/wp\/v2\/media?parent=198060"}],"wp:term":[{"taxonomy":"category","embeddable":true,"href":"https:\/\/www.meydan.tv\/az\/wp-json\/wp\/v2\/categories?post=198060"},{"taxonomy":"post_tag","embeddable":true,"href":"https:\/\/www.meydan.tv\/az\/wp-json\/wp\/v2\/tags?post=198060"}],"curies":[{"name":"wp","href":"https:\/\/api.w.org\/{rel}","templated":true}]}}