{"id":198059,"date":"2019-11-23T02:33:49","date_gmt":"2019-11-23T02:33:49","guid":{"rendered":"https:\/\/www.meydan.tv\/article\/netanyahunun-istefasi-teleb-olunur\/"},"modified":"2019-11-23T02:33:49","modified_gmt":"2019-11-23T02:33:49","slug":"netanyahunun-istefasi-teleb-olunur","status":"publish","type":"post","link":"https:\/\/www.meydan.tv\/az\/article\/netanyahunun-istefasi-teleb-olunur\/","title":{"rendered":"Netanyahunun istefas\u0131 t\u0259l\u0259b olunur"},"content":{"rendered":"<p>\n  <i><br \/>\n    Ba\u015f nazirin bu il iki n\u0259tic\u0259siz se\u00e7kid\u0259n sonra siyasi b\u00f6hrana qap\u0131lm\u0131\u015f \u00f6lk\u0259y\u0259 r\u0259hb\u0259rlik etm\u0259k qabiliyy\u0259ti sual alt\u0131ndad\u0131r<br \/>\n  <\/i>\n<\/p>\n<p>\n  \u0130srailin Ba\u015f naziri Benyamin Netanyahu c\u00fcm\u0259 g\u00fcn\u00fc korrupsiya skandal\u0131 il\u0259 \u0259laq\u0259dar istefaya \u00e7a\u011f\u0131r\u0131l\u0131b. \u201cReuters\u201d x\u0259b\u0259r verir ki, partiyada b\u0259zi q\u0131r\u0131lmalar m\u00fc\u015fahid\u0259 olunsa da, b\u0259zi y\u00fcks\u0259k s\u0259viyy\u0259li h\u00f6kum\u0259t n\u00fcmay\u0259nd\u0259l\u0259ri ona a\u00e7\u0131q d\u0259st\u0259k n\u00fcmayi\u015f etdiribl\u0259r.\n<\/p>\n<p>\n  Netanyahu deyib ki, o, v\u0259zif\u0259sind\u0259n getm\u0259y\u0259c\u0259k. C\u00fcm\u0259 ax\u015fam\u0131 gec\u0259 \u0130srailin Ba\u015f Prokurorlu\u011fu Ba\u015f naziri r\u00fc\u015fv\u0259t, f\u0131r\u0131ldaq\u00e7\u0131l\u0131q v\u0259 etibar\u0131 pozma il\u0259 ittiham edib.\n<\/p>\n<p>\n  70 ya\u015fl\u0131 sa\u011f\u00e7\u0131 Likud Partiyas\u0131n\u0131n lideri b\u00fct\u00fcn ittihamlar\u0131 r\u0259dd edir v\u0259 bunu \u201c\u00e7evrili\u015f\u0259 c\u0259hd\u201d kimi qiym\u0259tl\u0259ndirir. \u0130lk d\u0259f\u0259dir ki, v\u0259zif\u0259d\u0259 olan \u0130srailin Ba\u015f nazirin\u0259 qar\u015f\u0131 ittiham akt\u0131 s\u0259sl\u0259ndirilir.\n<\/p>\n<p>\n  Netanyahunun bu il iki n\u0259tic\u0259siz se\u00e7kid\u0259n sonra siyasi b\u00f6hrana qap\u0131lm\u0131\u015f \u00f6lk\u0259y\u0259 r\u0259hb\u0259rlik etm\u0259k qabiliyy\u0259ti sual alt\u0131ndad\u0131r.\n<\/p>\n<p>\n  Netanyahunun \u0259sas r\u0259qibi Benni (Benny) Gantz\u0131n ba\u015f\u00e7\u0131l\u0131q etdiyi m\u0259rk\u0259z\u00e7i Mavi v\u0259 A\u011f Partiya h\u00f6kum\u0259td\u0259ki b\u00fct\u00fcn nazirl\u0259ri v\u0259zif\u0259l\u0259rind\u0259n d\u0259rhal istefa verm\u0259y\u0259 \u00e7a\u011f\u0131ran b\u0259yanat yay\u0131b.\n<\/p>\n<p>\n  Parlamentin 120 yerind\u0259n 33-n\u0259 sahib olan partiya deyib ki, onun v\u0259kill\u0259ri Netanyahunun istefas\u0131n\u0131n vacib oldu\u011funu bildir\u0259r\u0259k, Ba\u015f nazirin v\u0259 Ba\u015f Prokurorlu\u011fun ofisl\u0259rin\u0259 r\u0259smi m\u00fcraci\u0259t edib.\n<\/p>\n<p>\n  \u0130srail qanunlar\u0131na g\u00f6r\u0259, Ba\u015f nazir olaraq Netanyahunun bunu etm\u0259k \u00f6hd\u0259liyi yoxdur. Ancaq bir ild\u0259n az bir m\u00fcdd\u0259td\u0259 \u0130srail \u00fc\u00e7\u00fcnc\u00fc se\u00e7kiy\u0259 gedir v\u0259 Netanyahu onu g\u00f6zl\u0259y\u0259n ittihamlar qar\u015f\u0131l\u0131\u011f\u0131nda \u00f6z\u00fcn\u00fc se\u00e7kini qazanmaq bax\u0131m\u0131ndan \u00e7\u0259tin v\u0259ziyy\u0259t\u0259 sala bil\u0259r.\n<\/p>\n<p>\n  Likud Partiyas\u0131n\u0131n Netanyahuya d\u0259st\u0259yi onun hakimiyy\u0259td\u0259 qalmas\u0131 bax\u0131m\u0131ndan \u00e7ox vacibdir.\n<\/p>\n<p>\n  Likud Partiyas\u0131n\u0131n iki \u00fczv\u00fc c\u00fcm\u0259 ax\u015fam\u0131 partiya liderliyin\u0259 namiz\u0259dlik il\u0259 ba\u011fl\u0131 ictimai m\u00fczakir\u0259 a\u00e7\u0131blar. Bunun m\u00fclayim \u015f\u0259kild\u0259 ictimaiyy\u0259t\u0259 a\u00e7\u0131lmas\u0131 qeyri-loyall\u0131q kimi xarakteriz\u0259 edilib.\n<\/p>\n<p>\n  \u00d6lk\u0259nin nazirl\u0259ri ictimai b\u0259yanat yayaraq Ba\u015f nazir\u0259 d\u0259st\u0259kl\u0259rini ifad\u0259 edibl\u0259r. \u018fdliyy\u0259 naziri Amir Ohana parlamentd\u0259ki Likud \u00fczvl\u0259rinin Netanyahunun yan\u0131nda olmas\u0131ndan m\u0259mnunlu\u011funu ifad\u0259 edib, \u201cYaln\u0131z o ikisind\u0259n ba\u015fqa&quot;.\n<\/p>\n<p>\n  N\u0259qliyyat naziri v\u0259 Netanyahunun ultra-mill\u0259t\u00e7i koalisiya orta\u011f\u0131 Bezalel Smotrich d\u0259 c\u00fcm\u0259 ax\u015fam\u0131 prokurorluq t\u0259r\u0259find\u0259n elan edil\u0259n ittihamlardan sonra Netanyahuya d\u0259st\u0259yini ifad\u0259 edib.\n<\/p>\n<p>\n  C\u00fcm\u0259 ax\u015fam\u0131 televiziya \u00e7\u0131x\u0131\u015f\u0131ndan sonra Netanyahu \u201cTwitter\u201d hesab\u0131nda \u00fcr\u0259k v\u0259 \u0130srail bayra\u011f\u0131n\u0131n emojisini payla\u015faraq yaz\u0131b:\n<\/p>\n<p>\n  \u201cSevgi v\u0259 d\u0259st\u0259yiniz\u0259 g\u00f6r\u0259 t\u0259\u015f\u0259kk\u00fcr edir\u0259m. Shabbat Shalom\u201d.<\/p>\n","protected":false},"excerpt":{"rendered":"<p>Netanyahunun \u0259sas r\u0259qibi Benni (Benny) Gantz\u0131n ba\u015f\u00e7\u0131l\u0131q etdiyi m\u0259rk\u0259z\u00e7i Mavi v\u0259 A\u011f Partiya h\u00f6kum\u0259td\u0259ki b\u00fct\u00fcn nazirl\u0259ri v\u0259zif\u0259l\u0259rind\u0259n d\u0259rhal istefa verm\u0259y\u0259 \u00e7a\u011f\u0131ran b\u0259yanat yay\u0131b.<\/p>\n","protected":false},"author":11,"featured_media":62465,"comment_status":"closed","ping_status":"open","sticky":false,"template":"","format":"standard","meta":{"_acf_changed":false,"_sitemap_exclude":false,"_sitemap_priority":"","_sitemap_frequency":"","footnotes":""},"categories":[64],"tags":[],"class_list":["post-198059","post","type-post","status-publish","format-standard","has-post-thumbnail","hentry","category-dunya","infinite-scroll-item","generate-columns","tablet-grid-50","mobile-grid-100","grid-parent","grid-33","no-featured-image-padding"],"acf":[],"yoast_head":"<!-- This site is optimized with the Yoast SEO plugin v27.5 - https:\/\/yoast.com\/product\/yoast-seo-wordpress\/ -->\n<title>Netanyahunun istefas\u0131 t\u0259l\u0259b olunur - MEYDAN.TV<\/title>\n<meta name=\"robots\" content=\"index, follow, max-snippet:-1, max-image-preview:large, max-video-preview:-1\" \/>\n<link rel=\"canonical\" href=\"https:\/\/www.meydan.tv\/az\/article\/netanyahunun-istefasi-teleb-olunur\/\" \/>\n<meta property=\"og:locale\" content=\"az_AZ\" \/>\n<meta property=\"og:type\" content=\"article\" \/>\n<meta property=\"og:title\" content=\"Netanyahunun istefas\u0131 t\u0259l\u0259b olunur - MEYDAN.TV\" \/>\n<meta property=\"og:description\" content=\"Netanyahunun \u0259sas r\u0259qibi Benni (Benny) Gantz\u0131n ba\u015f\u00e7\u0131l\u0131q etdiyi m\u0259rk\u0259z\u00e7i Mavi v\u0259 A\u011f Partiya h\u00f6kum\u0259td\u0259ki b\u00fct\u00fcn nazirl\u0259ri v\u0259zif\u0259l\u0259rind\u0259n d\u0259rhal istefa verm\u0259y\u0259 \u00e7a\u011f\u0131ran b\u0259yanat yay\u0131b.\" \/>\n<meta property=\"og:url\" content=\"https:\/\/www.meydan.tv\/az\/article\/netanyahunun-istefasi-teleb-olunur\/\" \/>\n<meta property=\"og:site_name\" content=\"MEYDAN.TV\" \/>\n<meta property=\"article:published_time\" content=\"2019-11-23T02:33:49+00:00\" \/>\n<meta property=\"og:image\" content=\"https:\/\/www.meydan.tv\/wp-content\/uploads\/23790.jpg\" \/>\n\t<meta property=\"og:image:width\" content=\"620\" \/>\n\t<meta property=\"og:image:height\" content=\"388\" \/>\n\t<meta property=\"og:image:type\" content=\"image\/jpeg\" \/>\n<meta name=\"author\" content=\"user-manager\" \/>\n<meta name=\"twitter:card\" content=\"summary_large_image\" \/>\n<script type=\"application\/ld+json\" class=\"yoast-schema-graph\">{\"@context\":\"https:\\\/\\\/schema.org\",\"@graph\":[{\"@type\":\"Article\",\"@id\":\"https:\\\/\\\/www.meydan.tv\\\/az\\\/article\\\/netanyahunun-istefasi-teleb-olunur\\\/#article\",\"isPartOf\":{\"@id\":\"https:\\\/\\\/www.meydan.tv\\\/az\\\/article\\\/netanyahunun-istefasi-teleb-olunur\\\/\"},\"author\":{\"name\":\"user-manager\",\"@id\":\"https:\\\/\\\/www.meydan.tv\\\/az\\\/#\\\/schema\\\/person\\\/10d11eccf6da3662cf5fdab9806ea91a\"},\"headline\":\"Netanyahunun istefas\u0131 t\u0259l\u0259b olunur\",\"datePublished\":\"2019-11-23T02:33:49+00:00\",\"mainEntityOfPage\":{\"@id\":\"https:\\\/\\\/www.meydan.tv\\\/az\\\/article\\\/netanyahunun-istefasi-teleb-olunur\\\/\"},\"wordCount\":509,\"publisher\":{\"@id\":\"https:\\\/\\\/www.meydan.tv\\\/az\\\/#organization\"},\"image\":{\"@id\":\"https:\\\/\\\/www.meydan.tv\\\/az\\\/article\\\/netanyahunun-istefasi-teleb-olunur\\\/#primaryimage\"},\"thumbnailUrl\":\"https:\\\/\\\/www.meydan.tv\\\/wp-content\\\/uploads\\\/23790.jpg\",\"articleSection\":[\"D\u00fcnya\"],\"inLanguage\":\"az\"},{\"@type\":\"WebPage\",\"@id\":\"https:\\\/\\\/www.meydan.tv\\\/az\\\/article\\\/netanyahunun-istefasi-teleb-olunur\\\/\",\"url\":\"https:\\\/\\\/www.meydan.tv\\\/az\\\/article\\\/netanyahunun-istefasi-teleb-olunur\\\/\",\"name\":\"Netanyahunun istefas\u0131 t\u0259l\u0259b olunur - MEYDAN.TV\",\"isPartOf\":{\"@id\":\"https:\\\/\\\/www.meydan.tv\\\/az\\\/#website\"},\"primaryImageOfPage\":{\"@id\":\"https:\\\/\\\/www.meydan.tv\\\/az\\\/article\\\/netanyahunun-istefasi-teleb-olunur\\\/#primaryimage\"},\"image\":{\"@id\":\"https:\\\/\\\/www.meydan.tv\\\/az\\\/article\\\/netanyahunun-istefasi-teleb-olunur\\\/#primaryimage\"},\"thumbnailUrl\":\"https:\\\/\\\/www.meydan.tv\\\/wp-content\\\/uploads\\\/23790.jpg\",\"datePublished\":\"2019-11-23T02:33:49+00:00\",\"breadcrumb\":{\"@id\":\"https:\\\/\\\/www.meydan.tv\\\/az\\\/article\\\/netanyahunun-istefasi-teleb-olunur\\\/#breadcrumb\"},\"inLanguage\":\"az\",\"potentialAction\":[{\"@type\":\"ReadAction\",\"target\":[\"https:\\\/\\\/www.meydan.tv\\\/az\\\/article\\\/netanyahunun-istefasi-teleb-olunur\\\/\"]}]},{\"@type\":\"ImageObject\",\"inLanguage\":\"az\",\"@id\":\"https:\\\/\\\/www.meydan.tv\\\/az\\\/article\\\/netanyahunun-istefasi-teleb-olunur\\\/#primaryimage\",\"url\":\"https:\\\/\\\/www.meydan.tv\\\/wp-content\\\/uploads\\\/23790.jpg\",\"contentUrl\":\"https:\\\/\\\/www.meydan.tv\\\/wp-content\\\/uploads\\\/23790.jpg\",\"width\":620,\"height\":388,\"caption\":\"Source:\"},{\"@type\":\"BreadcrumbList\",\"@id\":\"https:\\\/\\\/www.meydan.tv\\\/az\\\/article\\\/netanyahunun-istefasi-teleb-olunur\\\/#breadcrumb\",\"itemListElement\":[{\"@type\":\"ListItem\",\"position\":1,\"name\":\"Ana s\u0259hif\u0259\",\"item\":\"https:\\\/\\\/www.meydan.tv\\\/az\\\/\"},{\"@type\":\"ListItem\",\"position\":2,\"name\":\"D\u00fcnya\",\"item\":\"https:\\\/\\\/www.meydan.tv\\\/az\\\/section\\\/dunya\\\/\"},{\"@type\":\"ListItem\",\"position\":3,\"name\":\"Netanyahunun istefas\u0131 t\u0259l\u0259b olunur\"}]},{\"@type\":\"WebSite\",\"@id\":\"https:\\\/\\\/www.meydan.tv\\\/az\\\/#website\",\"url\":\"https:\\\/\\\/www.meydan.tv\\\/az\\\/\",\"name\":\"MEYDAN.TV\",\"description\":\"Meydan TV Az\u0259rbaycan\u0131n media m\u0259kan\u0131ndak\u0131 alternativ s\u0259sidir\",\"publisher\":{\"@id\":\"https:\\\/\\\/www.meydan.tv\\\/az\\\/#organization\"},\"potentialAction\":[{\"@type\":\"SearchAction\",\"target\":{\"@type\":\"EntryPoint\",\"urlTemplate\":\"https:\\\/\\\/www.meydan.tv\\\/az\\\/?s={search_term_string}\"},\"query-input\":{\"@type\":\"PropertyValueSpecification\",\"valueRequired\":true,\"valueName\":\"search_term_string\"}}],\"inLanguage\":\"az\"},{\"@type\":\"Organization\",\"@id\":\"https:\\\/\\\/www.meydan.tv\\\/az\\\/#organization\",\"name\":\"Meydan TV\",\"url\":\"https:\\\/\\\/www.meydan.tv\\\/az\\\/\",\"logo\":{\"@type\":\"ImageObject\",\"inLanguage\":\"az\",\"@id\":\"https:\\\/\\\/www.meydan.tv\\\/az\\\/#\\\/schema\\\/logo\\\/image\\\/\",\"url\":\"https:\\\/\\\/www.meydan.tv\\\/wp-content\\\/uploads\\\/2021\\\/07\\\/meydan-logo.svg\",\"contentUrl\":\"https:\\\/\\\/www.meydan.tv\\\/wp-content\\\/uploads\\\/2021\\\/07\\\/meydan-logo.svg\",\"width\":195,\"height\":46,\"caption\":\"Meydan TV\"},\"image\":{\"@id\":\"https:\\\/\\\/www.meydan.tv\\\/az\\\/#\\\/schema\\\/logo\\\/image\\\/\"}},{\"@type\":\"Person\",\"@id\":\"https:\\\/\\\/www.meydan.tv\\\/az\\\/#\\\/schema\\\/person\\\/10d11eccf6da3662cf5fdab9806ea91a\",\"name\":\"user-manager\"}]}<\/script>\n<!-- \/ Yoast SEO plugin. -->","yoast_head_json":{"title":"Netanyahunun istefas\u0131 t\u0259l\u0259b olunur - MEYDAN.TV","robots":{"index":"index","follow":"follow","max-snippet":"max-snippet:-1","max-image-preview":"max-image-preview:large","max-video-preview":"max-video-preview:-1"},"canonical":"https:\/\/www.meydan.tv\/az\/article\/netanyahunun-istefasi-teleb-olunur\/","og_locale":"az_AZ","og_type":"article","og_title":"Netanyahunun istefas\u0131 t\u0259l\u0259b olunur - MEYDAN.TV","og_description":"Netanyahunun \u0259sas r\u0259qibi Benni (Benny) Gantz\u0131n ba\u015f\u00e7\u0131l\u0131q etdiyi m\u0259rk\u0259z\u00e7i Mavi v\u0259 A\u011f Partiya h\u00f6kum\u0259td\u0259ki b\u00fct\u00fcn nazirl\u0259ri v\u0259zif\u0259l\u0259rind\u0259n d\u0259rhal istefa verm\u0259y\u0259 \u00e7a\u011f\u0131ran b\u0259yanat yay\u0131b.","og_url":"https:\/\/www.meydan.tv\/az\/article\/netanyahunun-istefasi-teleb-olunur\/","og_site_name":"MEYDAN.TV","article_published_time":"2019-11-23T02:33:49+00:00","og_image":[{"width":620,"height":388,"url":"https:\/\/www.meydan.tv\/wp-content\/uploads\/23790.jpg","type":"image\/jpeg"}],"author":"user-manager","twitter_card":"summary_large_image","schema":{"@context":"https:\/\/schema.org","@graph":[{"@type":"Article","@id":"https:\/\/www.meydan.tv\/az\/article\/netanyahunun-istefasi-teleb-olunur\/#article","isPartOf":{"@id":"https:\/\/www.meydan.tv\/az\/article\/netanyahunun-istefasi-teleb-olunur\/"},"author":{"name":"user-manager","@id":"https:\/\/www.meydan.tv\/az\/#\/schema\/person\/10d11eccf6da3662cf5fdab9806ea91a"},"headline":"Netanyahunun istefas\u0131 t\u0259l\u0259b olunur","datePublished":"2019-11-23T02:33:49+00:00","mainEntityOfPage":{"@id":"https:\/\/www.meydan.tv\/az\/article\/netanyahunun-istefasi-teleb-olunur\/"},"wordCount":509,"publisher":{"@id":"https:\/\/www.meydan.tv\/az\/#organization"},"image":{"@id":"https:\/\/www.meydan.tv\/az\/article\/netanyahunun-istefasi-teleb-olunur\/#primaryimage"},"thumbnailUrl":"https:\/\/www.meydan.tv\/wp-content\/uploads\/23790.jpg","articleSection":["D\u00fcnya"],"inLanguage":"az"},{"@type":"WebPage","@id":"https:\/\/www.meydan.tv\/az\/article\/netanyahunun-istefasi-teleb-olunur\/","url":"https:\/\/www.meydan.tv\/az\/article\/netanyahunun-istefasi-teleb-olunur\/","name":"Netanyahunun istefas\u0131 t\u0259l\u0259b olunur - MEYDAN.TV","isPartOf":{"@id":"https:\/\/www.meydan.tv\/az\/#website"},"primaryImageOfPage":{"@id":"https:\/\/www.meydan.tv\/az\/article\/netanyahunun-istefasi-teleb-olunur\/#primaryimage"},"image":{"@id":"https:\/\/www.meydan.tv\/az\/article\/netanyahunun-istefasi-teleb-olunur\/#primaryimage"},"thumbnailUrl":"https:\/\/www.meydan.tv\/wp-content\/uploads\/23790.jpg","datePublished":"2019-11-23T02:33:49+00:00","breadcrumb":{"@id":"https:\/\/www.meydan.tv\/az\/article\/netanyahunun-istefasi-teleb-olunur\/#breadcrumb"},"inLanguage":"az","potentialAction":[{"@type":"ReadAction","target":["https:\/\/www.meydan.tv\/az\/article\/netanyahunun-istefasi-teleb-olunur\/"]}]},{"@type":"ImageObject","inLanguage":"az","@id":"https:\/\/www.meydan.tv\/az\/article\/netanyahunun-istefasi-teleb-olunur\/#primaryimage","url":"https:\/\/www.meydan.tv\/wp-content\/uploads\/23790.jpg","contentUrl":"https:\/\/www.meydan.tv\/wp-content\/uploads\/23790.jpg","width":620,"height":388,"caption":"Source:"},{"@type":"BreadcrumbList","@id":"https:\/\/www.meydan.tv\/az\/article\/netanyahunun-istefasi-teleb-olunur\/#breadcrumb","itemListElement":[{"@type":"ListItem","position":1,"name":"Ana s\u0259hif\u0259","item":"https:\/\/www.meydan.tv\/az\/"},{"@type":"ListItem","position":2,"name":"D\u00fcnya","item":"https:\/\/www.meydan.tv\/az\/section\/dunya\/"},{"@type":"ListItem","position":3,"name":"Netanyahunun istefas\u0131 t\u0259l\u0259b olunur"}]},{"@type":"WebSite","@id":"https:\/\/www.meydan.tv\/az\/#website","url":"https:\/\/www.meydan.tv\/az\/","name":"MEYDAN.TV","description":"Meydan TV Az\u0259rbaycan\u0131n media m\u0259kan\u0131ndak\u0131 alternativ s\u0259sidir","publisher":{"@id":"https:\/\/www.meydan.tv\/az\/#organization"},"potentialAction":[{"@type":"SearchAction","target":{"@type":"EntryPoint","urlTemplate":"https:\/\/www.meydan.tv\/az\/?s={search_term_string}"},"query-input":{"@type":"PropertyValueSpecification","valueRequired":true,"valueName":"search_term_string"}}],"inLanguage":"az"},{"@type":"Organization","@id":"https:\/\/www.meydan.tv\/az\/#organization","name":"Meydan TV","url":"https:\/\/www.meydan.tv\/az\/","logo":{"@type":"ImageObject","inLanguage":"az","@id":"https:\/\/www.meydan.tv\/az\/#\/schema\/logo\/image\/","url":"https:\/\/www.meydan.tv\/wp-content\/uploads\/2021\/07\/meydan-logo.svg","contentUrl":"https:\/\/www.meydan.tv\/wp-content\/uploads\/2021\/07\/meydan-logo.svg","width":195,"height":46,"caption":"Meydan TV"},"image":{"@id":"https:\/\/www.meydan.tv\/az\/#\/schema\/logo\/image\/"}},{"@type":"Person","@id":"https:\/\/www.meydan.tv\/az\/#\/schema\/person\/10d11eccf6da3662cf5fdab9806ea91a","name":"user-manager"}]}},"_links":{"self":[{"href":"https:\/\/www.meydan.tv\/az\/wp-json\/wp\/v2\/posts\/198059","targetHints":{"allow":["GET"]}}],"collection":[{"href":"https:\/\/www.meydan.tv\/az\/wp-json\/wp\/v2\/posts"}],"about":[{"href":"https:\/\/www.meydan.tv\/az\/wp-json\/wp\/v2\/types\/post"}],"author":[{"embeddable":true,"href":"https:\/\/www.meydan.tv\/az\/wp-json\/wp\/v2\/users\/11"}],"replies":[{"embeddable":true,"href":"https:\/\/www.meydan.tv\/az\/wp-json\/wp\/v2\/comments?post=198059"}],"version-history":[{"count":0,"href":"https:\/\/www.meydan.tv\/az\/wp-json\/wp\/v2\/posts\/198059\/revisions"}],"wp:featuredmedia":[{"embeddable":true,"href":"https:\/\/www.meydan.tv\/az\/wp-json\/wp\/v2\/media\/62465"}],"wp:attachment":[{"href":"https:\/\/www.meydan.tv\/az\/wp-json\/wp\/v2\/media?parent=198059"}],"wp:term":[{"taxonomy":"category","embeddable":true,"href":"https:\/\/www.meydan.tv\/az\/wp-json\/wp\/v2\/categories?post=198059"},{"taxonomy":"post_tag","embeddable":true,"href":"https:\/\/www.meydan.tv\/az\/wp-json\/wp\/v2\/tags?post=198059"}],"curies":[{"name":"wp","href":"https:\/\/api.w.org\/{rel}","templated":true}]}}