{"id":198052,"date":"2019-11-22T12:47:40","date_gmt":"2019-11-22T12:47:40","guid":{"rendered":"https:\/\/www.meydan.tv\/article\/oglumun-aldigi-110-manat-pensiya-ile-iki-adam-nece-dolansin\/"},"modified":"2019-11-22T12:47:40","modified_gmt":"2019-11-22T12:47:40","slug":"oglumun-aldigi-110-manat-pensiya-ile-iki-adam-nece-dolansin","status":"publish","type":"post","link":"https:\/\/www.meydan.tv\/az\/article\/oglumun-aldigi-110-manat-pensiya-ile-iki-adam-nece-dolansin\/","title":{"rendered":"\u201cO\u011flumun ald\u0131\u011f\u0131 110 manat pensiya il\u0259 iki adam nec\u0259 dolans\u0131n?\u201d"},"content":{"rendered":"<p>\n  <i><br \/>\n    \u015eamax\u0131 sakini i\u015fsizlikd\u0259n \u015fikay\u0259t\u00e7idir<br \/>\n  <\/i>\n<\/p>\n<p>\n  \u201c\u015eamax\u0131 Rayon M\u0259\u015f\u011fulluq Xidm\u0259tin\u0259 getdim, dedil\u0259r ki, restoranda qabyuyan i\u015fl\u0259. Restoranda qab yumaq da toy olandan-olana m\u00fcmk\u00fcnd\u00fcr, 10 manat pul verirl\u0259r. Ayda 4-5 toy ola, ya olmaya. O pulla ail\u0259 doland\u0131rmaq olmaz ax\u0131\u201d.\n<\/p>\n<p>\n  Bunu Meydan TV-y\u0259 \u015eamax\u0131 \u015f\u0259h\u0259r sakini G\u00fclcahan X\u0259lilova deyir. S\u00f6yl\u0259yir ki, dolan\u0131\u015f\u0131q \u00fc\u00e7\u00fcn ne\u00e7\u0259 yer\u0259 ba\u015f vursa da, he\u00e7 bir n\u0259tic\u0259si olmay\u0131b. Haz\u0131rda sovetl\u0259r d\u00f6n\u0259mind\u0259 t\u0259s\u0259rr\u00fcffat birliyinin i\u015f\u00e7il\u0259ri \u00fc\u00e7\u00fcn n\u0259z\u0259rd\u0259 tutulan k\u00f6hn\u0259 binada ya\u015fayan \u015fikay\u0259t\u00e7i \u00fcmidini h\u0259r yerd\u0259n \u00fcz\u00fcb:\n<\/p>\n<p>\n  \u201cEvin d\u0259 s\u0259n\u0259dl\u0259ri yoxdur, icra hakimiyy\u0259ti t\u0259r\u0259find\u0259n verilib. S\u0131\u011f\u0131nacaq kimi ya\u015fay\u0131ram. \u0130ki \u00f6vlad\u0131m \u2013 bir o\u011flum, bir q\u0131z\u0131m var. Q\u0131z\u0131m ail\u0259 qurub, o\u011flumsa subayd\u0131r, m\u0259niml\u0259 ya\u015fay\u0131r. \u0130yirmi bir ya\u015f\u0131 var, \u00fc\u00e7\u00fcnc\u00fc qrup \u0259lildir, irsi s\u00fcm\u00fck x\u0259st\u0259liyind\u0259n \u0259ziyy\u0259t \u00e7\u0259kir. Kollecd\u0259 oxuyur, illik \u00f6d\u0259ni\u015fi alt\u0131 y\u00fcz manatd\u0131r. Xeyli vaxtd\u0131r, i\u015f axtar\u0131ram, amma tapa bilmir\u0259m\u201d.\n<\/p>\n<p>\n  G\u00fclcahan X\u0259lilova \u0259vv\u0259ll\u0259r T\u00fcrkiy\u0259nin \u015eamax\u0131da f\u0259aliyy\u0259t g\u00f6st\u0259r\u0259n \u201cKolin \u0130n\u015faat Turizm Sanayi ve Ticar\u0259t\u201d \u015firk\u0259tind\u0259 i\u015fl\u0259yib:\n<\/p>\n<p>\n  \u201cSonra orada layih\u0259 bitdi. Deyibl\u0259r ki, tender elan edil\u0259c\u0259k, sifari\u015f\u00e7i olsa yenid\u0259n i\u015f\u00e7il\u0259ri geri \u00e7a\u011f\u0131racaqlar, amma buna \u00fcmid etmir\u0259m. Onlara inan\u0131b, oturub g\u00f6zl\u0259y\u0259 bilm\u0259r\u0259m. O\u011flumun ald\u0131\u011f\u0131 110 manat pensiya il\u0259 iki adam nec\u0259 dolans\u0131n? Daxili orqanlar\u0131m x\u0259st\u0259dir dey\u0259 \u00e7ox a\u011f\u0131r fiziki i\u015fl\u0259 m\u0259\u015f\u011ful ola bilmir\u0259m.\n<\/p>\n<p>\n  \u015eamax\u0131 Rayon M\u0259\u015f\u011fulluq Xidm\u0259tin\u0259 getmi\u015f\u0259m, \u015eamax\u0131 Rayon \u0130cra Hakimiyy\u0259tind\u0259 olmu\u015fam. Bir s\u0131ra \u00f6z\u0259l \u015firk\u0259tl\u0259r\u0259 ba\u015f vurmu\u015fam, i\u015f yoxdur. Ham\u0131s\u0131 deyir ki, i\u015f\u00e7iy\u0259 ehtiyac\u0131m\u0131z yoxdur, indi q\u0131\u015fd\u0131r, \u0259ksin\u0259, ixtisarlar var.\n<\/p>\n<figure class=\"wp-block-image size-large\">\n  <img decoding=\"async\" src=\"https:\/\/www.meydan.tv\/az\/76896918_3226111484097957_1714330410877452288_n-jpg\/\" alt=\"76896918_3226111484097957_1714330410877452288_n.jpg\" class=\"wp-image-133449\"\/><figcaption>\n    &#8220;O pulla ail\u0259 doland\u0131rmaq olmaz ax\u0131&#8221;<br \/>\n  <\/figcaption><\/figure>\n<p>\n  Orta m\u0259kt\u0259bi bitirmi\u015f\u0259m, ali t\u0259hsilm yoxdur. Hans\u0131sa \u015firk\u0259td\u0259 silib-s\u00fcp\u00fcrm\u0259k i\u015fi vers\u0259l\u0259r, yax\u015f\u0131 olar. \u0130crada dedim ki, m\u0259kt\u0259bl\u0259rd\u0259, x\u0259st\u0259xanalarda harda i\u015f olsa, gedim i\u015fl\u0259yim. Bildirdil\u0259r ki, haz\u0131rda i\u015f yoxdur, olanda dey\u0259rik. \u018fvv\u0259ll\u0259r qarda\u015f\u0131m k\u00f6m\u0259k edirdi, anam pensiyas\u0131n\u0131 m\u0259n\u0259 verirdi. \u0130ndi onlarda da v\u0259ziyy\u0259t g\u0259rgindir\u201d.\n<\/p>\n<p>\n  \u201cM\u0259nimki el\u0259 \u0259vv\u0259ld\u0259n g\u0259tirm\u0259yib, iki u\u015fa\u011f\u0131 h\u0259l\u0259 k\u00f6rp\u0259likd\u0259n t\u0259k b\u00f6y\u00fctm\u00fc\u015f\u0259m\u201d, &#8211; \u015fikay\u0259t\u00e7i deyir:\n<\/p>\n<p>\n  \u201cAil\u0259 qurdum, q\u0131z\u0131m ya\u015f yar\u0131ml\u0131q olanda o\u011flan\u0131 do\u011fdum. H\u0259min vaxtdan yolda\u015f\u0131m\u0131n valideynl\u0259ri il\u0259 aram\u0131zda soyuqluq yaranma\u011fa ba\u015flad\u0131. Bak\u0131da ya\u015fay\u0131rd\u0131q, ev\u0259 qeydiyyat\u0131m da var idi. H\u0259yat yolda\u015f\u0131mla aram\u0131zda he\u00e7 bir problemimiz yox idi. Evd\u0259 \u0259r\u0259 getm\u0259y\u0259n bald\u0131z\u0131m vard\u0131. Dedil\u0259r ki, qarda\u015f\u0131n onu als\u0131n, biz d\u0259 s\u0259ni saxlayaq. S\u00f6z-s\u00f6hb\u0259t b\u00f6y\u00fcd\u00fc, \u0259rim valideynl\u0259ri il\u0259 \u00e7ox m\u00fcbariz\u0259 apard\u0131, amma g\u00fcc\u00fc \u00e7atmad\u0131. G\u00f6r\u00fcrd\u00fcm ki, bizd\u0259 al\u0131nmayacaq, m\u00fcnasib\u0259tl\u0259r pozulurdu. Onlar \u00e7ox idi, m\u0259n is\u0259 t\u0259k. Ax\u0131rda \u0259rim onlara tabe oldu, m\u0259ni evd\u0259n \u00e7\u0131xard\u0131lar\u201d.\n<\/p>\n<p>\n  G\u00fclcahan X\u0259lilova deyir ki, 2008-ci ild\u0259 m\u0259hk\u0259m\u0259 yolu il\u0259 bo\u015fan\u0131b: \u201cM\u0259n\u0259 y\u00fcng\u00fcl kompensasiya t\u0259yin olundu. M\u0259hk\u0259m\u0259 q\u0259rar\u0131 il\u0259 evd\u0259n m\u0259n\u0259 pay d\u00fc\u015f\u00fcrd\u00fc. Hakim dedi ki, biz sizi o ev\u0259 yerl\u0259\u015fdir\u0259 bil\u0259rik, pay\u0131n var, get ya\u015fa. Amma s\u00f6z\u00fcn a\u00e7\u0131\u011f\u0131, m\u0259n o adamlardan qorxurdum. \u0130ndi d\u00fc\u015f\u00fcn\u00fcr\u0259m, n\u0259 yax\u015f\u0131 ki, oradan \u00e7\u0131xm\u0131\u015fam. U\u015faqlar\u0131m\u0131 da \u00f6zl\u0259ri kimi t\u0259rbiy\u0259 ed\u0259rdil\u0259r. U\u015faqlara aliment k\u0259sildi, q\u0259tnam\u0259 ka\u011f\u0131z\u0131 \u0259limd\u0259dir. Yolda\u015f\u0131m m\u0259nd\u0259n ayr\u0131landan sonra bir manat da olsun aliment \u00f6d\u0259m\u0259di. Rusiyaya getdi, sonralar e\u015fitdim ki, bir tacikl\u0259 evl\u0259nib, d\u00f6rd u\u015fa\u011f\u0131 var. \u0130ndi r\u0259hm\u0259t\u0259 getdiyini deyirl\u0259r.\n<\/p>\n<p>\n  Nec\u0259 ya\u015fayaca\u011f\u0131m\u0131 bilmir\u0259m, x\u0259st\u0259xanalarda qalm\u0131\u015fam. \u00d6z\u00fcm bir yana, o\u011fumun da s\u0259hh\u0259ti d\u00fcz\u0259lmir. \u0130ndi d\u0259 h\u0259kim deyir ki, \u00fcr\u0259yind\u0259 problem var, m\u00fcalic\u0259 yaz\u0131b, ham\u0131s\u0131 puldur. Lap ba\u015f\u0131m\u0131 itirmi\u015f\u0259m\u201d.\n<\/p>\n<p>\n  \u015eamax\u0131 Rayon M\u0259\u015f\u011fulluq Xidm\u0259tind\u0259n Nem\u0259t S\u0259limov Meydan TV-y\u0259 bildirib ki, m\u00fcraci\u0259t ed\u0259n v\u0259t\u0259nda\u015flara haz\u0131rda m\u00fcmk\u00fcn olan vakansiyalar t\u0259qdim olunur:\n<\/p>\n<p>\n  \u201cV\u0259t\u0259nda\u015f t\u0259klif edil\u0259n i\u015f yerl\u0259ri il\u0259 raz\u0131la\u015fmayanda, g\u00f6zl\u0259m\u0259yini t\u00f6vsiy\u0259 edirik. G\u00fclcahan X\u0259lilovaya yanvar ay\u0131nda yer bo\u015falanda, vakansiya olan kimi k\u00f6m\u0259klik ed\u0259c\u0259yik. Haz\u0131rda restoran v\u0259 kafel\u0259rd\u0259 qabyuyan i\u015fi var. Bu i\u015f d\u0259 onu qane etmir\u201d.\n<\/p>\n<figure class=\"wp-block-image size-large\">\n  <img decoding=\"async\" src=\"https:\/\/www.meydan.tv\/az\/75653316_3226111360764636_6422943387225161728_n-jpg\/\" alt=\"75653316_3226111360764636_6422943387225161728_n.jpg\" class=\"wp-image-133443\"\/><figcaption>\n    &#8220;Yolda\u015f\u0131m m\u0259nd\u0259n ayr\u0131landan sonra bir manat da olsun aliment \u00f6d\u0259m\u0259di&#8221;<br \/>\n  <\/figcaption><\/figure>\n","protected":false},"excerpt":{"rendered":"<p>&#8220;Evin d\u0259 s\u0259n\u0259dl\u0259ri yoxdur, icra hakimiyy\u0259ti t\u0259r\u0259find\u0259n verilib&#8221;<\/p>\n","protected":false},"author":11,"featured_media":133440,"comment_status":"closed","ping_status":"open","sticky":false,"template":"","format":"standard","meta":{"_acf_changed":false,"_sitemap_exclude":false,"_sitemap_priority":"","_sitemap_frequency":"","footnotes":""},"categories":[60],"tags":[],"class_list":["post-198052","post","type-post","status-publish","format-standard","has-post-thumbnail","hentry","category-bolge","infinite-scroll-item","generate-columns","tablet-grid-50","mobile-grid-100","grid-parent","grid-33","no-featured-image-padding"],"acf":[],"yoast_head":"<!-- This site is optimized with the Yoast SEO plugin v27.5 - https:\/\/yoast.com\/product\/yoast-seo-wordpress\/ -->\n<title>\u201cO\u011flumun ald\u0131\u011f\u0131 110 manat pensiya il\u0259 iki adam nec\u0259 dolans\u0131n?\u201d - MEYDAN.TV<\/title>\n<meta name=\"robots\" content=\"index, follow, max-snippet:-1, max-image-preview:large, max-video-preview:-1\" \/>\n<link rel=\"canonical\" href=\"https:\/\/www.meydan.tv\/az\/article\/oglumun-aldigi-110-manat-pensiya-ile-iki-adam-nece-dolansin\/\" \/>\n<meta property=\"og:locale\" content=\"az_AZ\" \/>\n<meta property=\"og:type\" content=\"article\" \/>\n<meta property=\"og:title\" content=\"\u201cO\u011flumun ald\u0131\u011f\u0131 110 manat pensiya il\u0259 iki adam nec\u0259 dolans\u0131n?\u201d - MEYDAN.TV\" \/>\n<meta property=\"og:description\" content=\"&quot;Evin d\u0259 s\u0259n\u0259dl\u0259ri yoxdur, icra hakimiyy\u0259ti t\u0259r\u0259find\u0259n verilib&quot;\" \/>\n<meta property=\"og:url\" content=\"https:\/\/www.meydan.tv\/az\/article\/oglumun-aldigi-110-manat-pensiya-ile-iki-adam-nece-dolansin\/\" \/>\n<meta property=\"og:site_name\" content=\"MEYDAN.TV\" \/>\n<meta property=\"article:published_time\" content=\"2019-11-22T12:47:40+00:00\" \/>\n<meta property=\"og:image\" content=\"https:\/\/www.meydan.tv\/wp-content\/uploads\/76756970_3226112140764558_1796098036913405952_n.jpg\" \/>\n\t<meta property=\"og:image:width\" content=\"960\" \/>\n\t<meta property=\"og:image:height\" content=\"720\" \/>\n\t<meta property=\"og:image:type\" content=\"image\/jpeg\" \/>\n<meta name=\"author\" content=\"user-manager\" \/>\n<meta name=\"twitter:card\" content=\"summary_large_image\" \/>\n<script type=\"application\/ld+json\" class=\"yoast-schema-graph\">{\"@context\":\"https:\\\/\\\/schema.org\",\"@graph\":[{\"@type\":\"Article\",\"@id\":\"https:\\\/\\\/www.meydan.tv\\\/az\\\/article\\\/oglumun-aldigi-110-manat-pensiya-ile-iki-adam-nece-dolansin\\\/#article\",\"isPartOf\":{\"@id\":\"https:\\\/\\\/www.meydan.tv\\\/az\\\/article\\\/oglumun-aldigi-110-manat-pensiya-ile-iki-adam-nece-dolansin\\\/\"},\"author\":{\"name\":\"user-manager\",\"@id\":\"https:\\\/\\\/www.meydan.tv\\\/az\\\/#\\\/schema\\\/person\\\/10d11eccf6da3662cf5fdab9806ea91a\"},\"headline\":\"\u201cO\u011flumun ald\u0131\u011f\u0131 110 manat pensiya il\u0259 iki adam nec\u0259 dolans\u0131n?\u201d\",\"datePublished\":\"2019-11-22T12:47:40+00:00\",\"mainEntityOfPage\":{\"@id\":\"https:\\\/\\\/www.meydan.tv\\\/az\\\/article\\\/oglumun-aldigi-110-manat-pensiya-ile-iki-adam-nece-dolansin\\\/\"},\"wordCount\":882,\"publisher\":{\"@id\":\"https:\\\/\\\/www.meydan.tv\\\/az\\\/#organization\"},\"image\":{\"@id\":\"https:\\\/\\\/www.meydan.tv\\\/az\\\/article\\\/oglumun-aldigi-110-manat-pensiya-ile-iki-adam-nece-dolansin\\\/#primaryimage\"},\"thumbnailUrl\":\"https:\\\/\\\/www.meydan.tv\\\/wp-content\\\/uploads\\\/76756970_3226112140764558_1796098036913405952_n.jpg\",\"articleSection\":[\"B\u00f6lg\u0259\"],\"inLanguage\":\"az\"},{\"@type\":\"WebPage\",\"@id\":\"https:\\\/\\\/www.meydan.tv\\\/az\\\/article\\\/oglumun-aldigi-110-manat-pensiya-ile-iki-adam-nece-dolansin\\\/\",\"url\":\"https:\\\/\\\/www.meydan.tv\\\/az\\\/article\\\/oglumun-aldigi-110-manat-pensiya-ile-iki-adam-nece-dolansin\\\/\",\"name\":\"\u201cO\u011flumun ald\u0131\u011f\u0131 110 manat pensiya il\u0259 iki adam nec\u0259 dolans\u0131n?\u201d - MEYDAN.TV\",\"isPartOf\":{\"@id\":\"https:\\\/\\\/www.meydan.tv\\\/az\\\/#website\"},\"primaryImageOfPage\":{\"@id\":\"https:\\\/\\\/www.meydan.tv\\\/az\\\/article\\\/oglumun-aldigi-110-manat-pensiya-ile-iki-adam-nece-dolansin\\\/#primaryimage\"},\"image\":{\"@id\":\"https:\\\/\\\/www.meydan.tv\\\/az\\\/article\\\/oglumun-aldigi-110-manat-pensiya-ile-iki-adam-nece-dolansin\\\/#primaryimage\"},\"thumbnailUrl\":\"https:\\\/\\\/www.meydan.tv\\\/wp-content\\\/uploads\\\/76756970_3226112140764558_1796098036913405952_n.jpg\",\"datePublished\":\"2019-11-22T12:47:40+00:00\",\"breadcrumb\":{\"@id\":\"https:\\\/\\\/www.meydan.tv\\\/az\\\/article\\\/oglumun-aldigi-110-manat-pensiya-ile-iki-adam-nece-dolansin\\\/#breadcrumb\"},\"inLanguage\":\"az\",\"potentialAction\":[{\"@type\":\"ReadAction\",\"target\":[\"https:\\\/\\\/www.meydan.tv\\\/az\\\/article\\\/oglumun-aldigi-110-manat-pensiya-ile-iki-adam-nece-dolansin\\\/\"]}]},{\"@type\":\"ImageObject\",\"inLanguage\":\"az\",\"@id\":\"https:\\\/\\\/www.meydan.tv\\\/az\\\/article\\\/oglumun-aldigi-110-manat-pensiya-ile-iki-adam-nece-dolansin\\\/#primaryimage\",\"url\":\"https:\\\/\\\/www.meydan.tv\\\/wp-content\\\/uploads\\\/76756970_3226112140764558_1796098036913405952_n.jpg\",\"contentUrl\":\"https:\\\/\\\/www.meydan.tv\\\/wp-content\\\/uploads\\\/76756970_3226112140764558_1796098036913405952_n.jpg\",\"width\":960,\"height\":720,\"caption\":\"Source: Specify Source\"},{\"@type\":\"BreadcrumbList\",\"@id\":\"https:\\\/\\\/www.meydan.tv\\\/az\\\/article\\\/oglumun-aldigi-110-manat-pensiya-ile-iki-adam-nece-dolansin\\\/#breadcrumb\",\"itemListElement\":[{\"@type\":\"ListItem\",\"position\":1,\"name\":\"Ana s\u0259hif\u0259\",\"item\":\"https:\\\/\\\/www.meydan.tv\\\/az\\\/\"},{\"@type\":\"ListItem\",\"position\":2,\"name\":\"B\u00f6lg\u0259\",\"item\":\"https:\\\/\\\/www.meydan.tv\\\/az\\\/section\\\/bolge\\\/\"},{\"@type\":\"ListItem\",\"position\":3,\"name\":\"\u201cO\u011flumun ald\u0131\u011f\u0131 110 manat pensiya il\u0259 iki adam nec\u0259 dolans\u0131n?\u201d\"}]},{\"@type\":\"WebSite\",\"@id\":\"https:\\\/\\\/www.meydan.tv\\\/az\\\/#website\",\"url\":\"https:\\\/\\\/www.meydan.tv\\\/az\\\/\",\"name\":\"MEYDAN.TV\",\"description\":\"Meydan TV Az\u0259rbaycan\u0131n media m\u0259kan\u0131ndak\u0131 alternativ s\u0259sidir\",\"publisher\":{\"@id\":\"https:\\\/\\\/www.meydan.tv\\\/az\\\/#organization\"},\"potentialAction\":[{\"@type\":\"SearchAction\",\"target\":{\"@type\":\"EntryPoint\",\"urlTemplate\":\"https:\\\/\\\/www.meydan.tv\\\/az\\\/?s={search_term_string}\"},\"query-input\":{\"@type\":\"PropertyValueSpecification\",\"valueRequired\":true,\"valueName\":\"search_term_string\"}}],\"inLanguage\":\"az\"},{\"@type\":\"Organization\",\"@id\":\"https:\\\/\\\/www.meydan.tv\\\/az\\\/#organization\",\"name\":\"Meydan TV\",\"url\":\"https:\\\/\\\/www.meydan.tv\\\/az\\\/\",\"logo\":{\"@type\":\"ImageObject\",\"inLanguage\":\"az\",\"@id\":\"https:\\\/\\\/www.meydan.tv\\\/az\\\/#\\\/schema\\\/logo\\\/image\\\/\",\"url\":\"https:\\\/\\\/www.meydan.tv\\\/wp-content\\\/uploads\\\/2021\\\/07\\\/meydan-logo.svg\",\"contentUrl\":\"https:\\\/\\\/www.meydan.tv\\\/wp-content\\\/uploads\\\/2021\\\/07\\\/meydan-logo.svg\",\"width\":195,\"height\":46,\"caption\":\"Meydan TV\"},\"image\":{\"@id\":\"https:\\\/\\\/www.meydan.tv\\\/az\\\/#\\\/schema\\\/logo\\\/image\\\/\"}},{\"@type\":\"Person\",\"@id\":\"https:\\\/\\\/www.meydan.tv\\\/az\\\/#\\\/schema\\\/person\\\/10d11eccf6da3662cf5fdab9806ea91a\",\"name\":\"user-manager\"}]}<\/script>\n<!-- \/ Yoast SEO plugin. -->","yoast_head_json":{"title":"\u201cO\u011flumun ald\u0131\u011f\u0131 110 manat pensiya il\u0259 iki adam nec\u0259 dolans\u0131n?\u201d - MEYDAN.TV","robots":{"index":"index","follow":"follow","max-snippet":"max-snippet:-1","max-image-preview":"max-image-preview:large","max-video-preview":"max-video-preview:-1"},"canonical":"https:\/\/www.meydan.tv\/az\/article\/oglumun-aldigi-110-manat-pensiya-ile-iki-adam-nece-dolansin\/","og_locale":"az_AZ","og_type":"article","og_title":"\u201cO\u011flumun ald\u0131\u011f\u0131 110 manat pensiya il\u0259 iki adam nec\u0259 dolans\u0131n?\u201d - MEYDAN.TV","og_description":"\"Evin d\u0259 s\u0259n\u0259dl\u0259ri yoxdur, icra hakimiyy\u0259ti t\u0259r\u0259find\u0259n verilib\"","og_url":"https:\/\/www.meydan.tv\/az\/article\/oglumun-aldigi-110-manat-pensiya-ile-iki-adam-nece-dolansin\/","og_site_name":"MEYDAN.TV","article_published_time":"2019-11-22T12:47:40+00:00","og_image":[{"width":960,"height":720,"url":"https:\/\/www.meydan.tv\/wp-content\/uploads\/76756970_3226112140764558_1796098036913405952_n.jpg","type":"image\/jpeg"}],"author":"user-manager","twitter_card":"summary_large_image","schema":{"@context":"https:\/\/schema.org","@graph":[{"@type":"Article","@id":"https:\/\/www.meydan.tv\/az\/article\/oglumun-aldigi-110-manat-pensiya-ile-iki-adam-nece-dolansin\/#article","isPartOf":{"@id":"https:\/\/www.meydan.tv\/az\/article\/oglumun-aldigi-110-manat-pensiya-ile-iki-adam-nece-dolansin\/"},"author":{"name":"user-manager","@id":"https:\/\/www.meydan.tv\/az\/#\/schema\/person\/10d11eccf6da3662cf5fdab9806ea91a"},"headline":"\u201cO\u011flumun ald\u0131\u011f\u0131 110 manat pensiya il\u0259 iki adam nec\u0259 dolans\u0131n?\u201d","datePublished":"2019-11-22T12:47:40+00:00","mainEntityOfPage":{"@id":"https:\/\/www.meydan.tv\/az\/article\/oglumun-aldigi-110-manat-pensiya-ile-iki-adam-nece-dolansin\/"},"wordCount":882,"publisher":{"@id":"https:\/\/www.meydan.tv\/az\/#organization"},"image":{"@id":"https:\/\/www.meydan.tv\/az\/article\/oglumun-aldigi-110-manat-pensiya-ile-iki-adam-nece-dolansin\/#primaryimage"},"thumbnailUrl":"https:\/\/www.meydan.tv\/wp-content\/uploads\/76756970_3226112140764558_1796098036913405952_n.jpg","articleSection":["B\u00f6lg\u0259"],"inLanguage":"az"},{"@type":"WebPage","@id":"https:\/\/www.meydan.tv\/az\/article\/oglumun-aldigi-110-manat-pensiya-ile-iki-adam-nece-dolansin\/","url":"https:\/\/www.meydan.tv\/az\/article\/oglumun-aldigi-110-manat-pensiya-ile-iki-adam-nece-dolansin\/","name":"\u201cO\u011flumun ald\u0131\u011f\u0131 110 manat pensiya il\u0259 iki adam nec\u0259 dolans\u0131n?\u201d - MEYDAN.TV","isPartOf":{"@id":"https:\/\/www.meydan.tv\/az\/#website"},"primaryImageOfPage":{"@id":"https:\/\/www.meydan.tv\/az\/article\/oglumun-aldigi-110-manat-pensiya-ile-iki-adam-nece-dolansin\/#primaryimage"},"image":{"@id":"https:\/\/www.meydan.tv\/az\/article\/oglumun-aldigi-110-manat-pensiya-ile-iki-adam-nece-dolansin\/#primaryimage"},"thumbnailUrl":"https:\/\/www.meydan.tv\/wp-content\/uploads\/76756970_3226112140764558_1796098036913405952_n.jpg","datePublished":"2019-11-22T12:47:40+00:00","breadcrumb":{"@id":"https:\/\/www.meydan.tv\/az\/article\/oglumun-aldigi-110-manat-pensiya-ile-iki-adam-nece-dolansin\/#breadcrumb"},"inLanguage":"az","potentialAction":[{"@type":"ReadAction","target":["https:\/\/www.meydan.tv\/az\/article\/oglumun-aldigi-110-manat-pensiya-ile-iki-adam-nece-dolansin\/"]}]},{"@type":"ImageObject","inLanguage":"az","@id":"https:\/\/www.meydan.tv\/az\/article\/oglumun-aldigi-110-manat-pensiya-ile-iki-adam-nece-dolansin\/#primaryimage","url":"https:\/\/www.meydan.tv\/wp-content\/uploads\/76756970_3226112140764558_1796098036913405952_n.jpg","contentUrl":"https:\/\/www.meydan.tv\/wp-content\/uploads\/76756970_3226112140764558_1796098036913405952_n.jpg","width":960,"height":720,"caption":"Source: Specify Source"},{"@type":"BreadcrumbList","@id":"https:\/\/www.meydan.tv\/az\/article\/oglumun-aldigi-110-manat-pensiya-ile-iki-adam-nece-dolansin\/#breadcrumb","itemListElement":[{"@type":"ListItem","position":1,"name":"Ana s\u0259hif\u0259","item":"https:\/\/www.meydan.tv\/az\/"},{"@type":"ListItem","position":2,"name":"B\u00f6lg\u0259","item":"https:\/\/www.meydan.tv\/az\/section\/bolge\/"},{"@type":"ListItem","position":3,"name":"\u201cO\u011flumun ald\u0131\u011f\u0131 110 manat pensiya il\u0259 iki adam nec\u0259 dolans\u0131n?\u201d"}]},{"@type":"WebSite","@id":"https:\/\/www.meydan.tv\/az\/#website","url":"https:\/\/www.meydan.tv\/az\/","name":"MEYDAN.TV","description":"Meydan TV Az\u0259rbaycan\u0131n media m\u0259kan\u0131ndak\u0131 alternativ s\u0259sidir","publisher":{"@id":"https:\/\/www.meydan.tv\/az\/#organization"},"potentialAction":[{"@type":"SearchAction","target":{"@type":"EntryPoint","urlTemplate":"https:\/\/www.meydan.tv\/az\/?s={search_term_string}"},"query-input":{"@type":"PropertyValueSpecification","valueRequired":true,"valueName":"search_term_string"}}],"inLanguage":"az"},{"@type":"Organization","@id":"https:\/\/www.meydan.tv\/az\/#organization","name":"Meydan TV","url":"https:\/\/www.meydan.tv\/az\/","logo":{"@type":"ImageObject","inLanguage":"az","@id":"https:\/\/www.meydan.tv\/az\/#\/schema\/logo\/image\/","url":"https:\/\/www.meydan.tv\/wp-content\/uploads\/2021\/07\/meydan-logo.svg","contentUrl":"https:\/\/www.meydan.tv\/wp-content\/uploads\/2021\/07\/meydan-logo.svg","width":195,"height":46,"caption":"Meydan TV"},"image":{"@id":"https:\/\/www.meydan.tv\/az\/#\/schema\/logo\/image\/"}},{"@type":"Person","@id":"https:\/\/www.meydan.tv\/az\/#\/schema\/person\/10d11eccf6da3662cf5fdab9806ea91a","name":"user-manager"}]}},"_links":{"self":[{"href":"https:\/\/www.meydan.tv\/az\/wp-json\/wp\/v2\/posts\/198052","targetHints":{"allow":["GET"]}}],"collection":[{"href":"https:\/\/www.meydan.tv\/az\/wp-json\/wp\/v2\/posts"}],"about":[{"href":"https:\/\/www.meydan.tv\/az\/wp-json\/wp\/v2\/types\/post"}],"author":[{"embeddable":true,"href":"https:\/\/www.meydan.tv\/az\/wp-json\/wp\/v2\/users\/11"}],"replies":[{"embeddable":true,"href":"https:\/\/www.meydan.tv\/az\/wp-json\/wp\/v2\/comments?post=198052"}],"version-history":[{"count":0,"href":"https:\/\/www.meydan.tv\/az\/wp-json\/wp\/v2\/posts\/198052\/revisions"}],"wp:featuredmedia":[{"embeddable":true,"href":"https:\/\/www.meydan.tv\/az\/wp-json\/wp\/v2\/media\/133440"}],"wp:attachment":[{"href":"https:\/\/www.meydan.tv\/az\/wp-json\/wp\/v2\/media?parent=198052"}],"wp:term":[{"taxonomy":"category","embeddable":true,"href":"https:\/\/www.meydan.tv\/az\/wp-json\/wp\/v2\/categories?post=198052"},{"taxonomy":"post_tag","embeddable":true,"href":"https:\/\/www.meydan.tv\/az\/wp-json\/wp\/v2\/tags?post=198052"}],"curies":[{"name":"wp","href":"https:\/\/api.w.org\/{rel}","templated":true}]}}