{"id":198048,"date":"2019-11-22T11:24:50","date_gmt":"2019-11-22T11:24:50","guid":{"rendered":"https:\/\/www.meydan.tv\/article\/bacima-haqqi-olan-pensiyani-vermirler\/"},"modified":"2019-11-22T11:24:50","modified_gmt":"2019-11-22T11:24:50","slug":"bacima-haqqi-olan-pensiyani-vermirler","status":"publish","type":"post","link":"https:\/\/www.meydan.tv\/az\/article\/bacima-haqqi-olan-pensiyani-vermirler\/","title":{"rendered":"\u201cBac\u0131ma haqq\u0131 olan pensiyan\u0131 vermirl\u0259r&#8221;"},"content":{"rendered":"<p>\n  <i><br \/>\n    \u015eirvan sakini deyir ki, pensiya \u00fc\u00e7\u00fcn bac\u0131s\u0131n\u0131n dispanserd\u0259 yatmas\u0131 t\u0259l\u0259b olunur<br \/>\n  <\/i>\n<\/p>\n<p>\n  \u015eirvan sakini Ziya H\u00fcseynov psixoloji problemi olan bac\u0131s\u0131na pensiya k\u0259silm\u0259m\u0259sind\u0259n \u015fikay\u0259t\u00e7idir. Deyir, \u015eirvan \u015e\u0259h\u0259r M\u0259rk\u0259zi X\u0259st\u0259xanas\u0131n\u0131n h\u0259kiml\u0259ri d\u0259 32 ya\u015fl\u0131 bac\u0131s\u0131 Z\u0259hra H\u00fcseynovan\u0131n hal\u0131ndan x\u0259b\u0259rdard\u0131r. H\u0259tta h\u0259r ay ona laz\u0131m olan sakitl\u0259\u015fdirici d\u0259rmanlar\u0131 da pulsuz g\u00f6nd\u0259rirl\u0259r. Diaqnozu, v\u0259ziyy\u0259ti b\u0259lli, ancaq pensiya k\u0259silmir.\n<\/p>\n<p>\n  \u201cBax\u0131ma ehtiyac\u0131 var. Anam, h\u0259yat yolda\u015f\u0131m v\u0259 dig\u0259r bac\u0131m\u0131n k\u00f6m\u0259yil\u0259 ya\u015fay\u0131r. 15 ildir a\u011f\u0131r x\u0259st\u0259dir. Ancaq pensiya alm\u0131r\u201d.\n<\/p>\n<p>\n  Ziya H\u00fcseynov deyir ki, ail\u0259si 7 n\u0259f\u0259rd\u0259n ibar\u0259tdir. \u0130\u00e7l\u0259rind\u0259 bir n\u0259f\u0259r anas\u0131 pensiya al\u0131r, bir d\u0259 \u00f6z\u00fc f\u0259hl\u0259lik edir. Qalan bir yerd\u0259n ev\u0259 q\u0259pik d\u0259 girmir:\n<\/p>\n<p>\n  \u201cM\u0259nim f\u0259hl\u0259 maa\u015f\u0131m he\u00e7 300 manata \u00e7atm\u0131r. Anam\u0131n da pensiyas\u0131 200 manat etmir. Dey\u0259k, ayl\u0131q g\u0259lirimiz lap 500 manat etdi. Bununla 5 b\u00f6y\u00fck, 2 u\u015faq nec\u0259 ya\u015fas\u0131n? \u00dcst\u0259lik, b\u00f6y\u00fckl\u0259rd\u0259n biri ya\u015fl\u0131, dig\u0259ri x\u0259st\u0259dirs\u0259. \u0130nan\u0131n, \u00e7atd\u0131ra bilmir\u0259m\u201d.\n<\/p>\n<p>\n  Ziya H\u00fcseynov deyir ki, bac\u0131s\u0131n\u0131n durumu ortadad\u0131r. Onun pensiyaya \u00e7\u0131xmas\u0131 \u00fc\u00e7\u00fcn g\u00f6st\u0259ri\u015f verilm\u0259lidir. Ancaq bunun \u00fc\u00e7\u00fcn deyirl\u0259r ki, g\u0259r\u0259k ya S\u0259hiyy\u0259 Nazirliyinin Ma\u015fta\u011fa q\u0259s\u0259b\u0259sind\u0259, ya da Salyanda olan ruhi-\u0259s\u0259b dispanserind\u0259 az\u0131 6 ay yatmal\u0131d\u0131r. Ail\u0259si Z\u0259hran\u0131n dispanserd\u0259 qalmas\u0131n\u0131 ist\u0259mir:\n<\/p>\n<p>\n  \u201c\u00c7\u00fcnki ke\u00e7\u0259n d\u0259f\u0259 Salyandak\u0131 dispanser\u0259 apard\u0131q. Bir h\u0259ft\u0259 sonra yan\u0131na ged\u0259nd\u0259 g\u00f6rd\u00fck ki, \u00fcz\u00fc-g\u00f6z\u00fc yaman g\u00fcnd\u0259dir. D\u00f6y\u00fcb, incidibl\u0259r. Ad\u0131 g\u0259l\u0259nd\u0259 \u00f6z\u00fc d\u0259 \u0259s\u0259bil\u0259\u015fir. Biz onun sakitl\u0259\u015fm\u0259sini, sa\u011falmas\u0131n\u0131 ist\u0259yirik, daha da pis v\u0259ziyy\u0259t\u0259 qalmas\u0131n\u0131 yox. Bunu x\u0259st\u0259xanan\u0131n ba\u015f psixiatr\u0131 Kamil Mirz\u0259yev\u0259 izah ed\u0259 bilmirik. Dir\u0259nib ki, yatmal\u0131d\u0131r, ba\u015fqa \u00e7ar\u0259si yoxdur\u201d.\n<\/p>\n<p>\n  Qarda\u015f\u0131 deyir ki, Z\u0259hra \u0259vv\u0259l normal olub. He\u00e7 bir problemi olmay\u0131b. Universitetd\u0259n k\u0259sil\u0259nd\u0259n sonra bir az ruh d\u00fc\u015fk\u00fcnl\u00fcy\u00fc ya\u015fay\u0131b. H\u0259min \u0259r\u0259f\u0259d\u0259 yolu ke\u00e7\u0259nd\u0259 az qal\u0131b onu ma\u015f\u0131n vursun. Qorxu v\u0259 stresd\u0259n sonra hal\u0131 daha da pisl\u0259\u015fib:\n<\/p>\n<p>\n  \u201c32 ya\u015f\u0131 var. Cavan q\u0131zd\u0131. 15 ildir x\u0259st\u0259dir v\u0259 \u015eirvan \u015e\u0259h\u0259r X\u0259st\u0259xanas\u0131nda qeydiyyatdad\u0131r. H\u0259tta h\u0259r ay sakitl\u0259\u015fdirici d\u0259rmanlar\u0131n\u0131 da x\u0259st\u0259xana pulsuz verir. Y\u0259ni onun v\u0259ziyy\u0259tind\u0259n x\u0259b\u0259rdard\u0131rlar. Ancaq s\u00f6hb\u0259t pensiyadan d\u00fc\u015f\u0259nd\u0259, k\u00f6m\u0259k etmirl\u0259r. M\u0259n\u0259 d\u0259 \u00e7\u0259tindir. \u00d6hd\u0259liyimd\u0259 7 n\u0259f\u0259rlik ail\u0259m var. G\u00fcnd\u0259lik x\u0259rcl\u0259ri \u00f6d\u0259y\u0259 bilmir\u0259m\u201d.\n<\/p>\n<p>\n  7 n\u0259f\u0259rlik H\u00fcseynovlar ail\u0259si bir evin i\u00e7ind\u0259 ya\u015fay\u0131rlar. Ziya H\u00fcseynovun s\u00f6zl\u0259rin\u0259 g\u00f6r\u0259, \u015f\u0259raitl\u0259ri \u00e7ox a\u011f\u0131rd\u0131r. B\u00f6y\u00fck bac\u0131s\u0131 h\u0259yat yolda\u015f\u0131ndan ayr\u0131l\u0131b, o da bir u\u015faqlar ata evin\u0259 d\u00f6n\u00fcb. Ziyan\u0131n 3 n\u0259f\u0259rlik ail\u0259si, anas\u0131 v\u0259 Z\u0259hra il\u0259 birg\u0259 7 n\u0259f\u0259r olurlar:\n<\/p>\n<p>\n  \u201cDolanmaq \u00e7\u0259tindir. Bar\u0131 pensiya k\u0259ss\u0259l\u0259r Z\u0259hran\u0131n x\u0259rcl\u0259ri \u00f6d\u0259n\u0259r. M\u0259n\u0259 d\u0259 y\u00fcng\u00fcl olar. Amma buna g\u00f6r\u0259 m\u0259n bac\u0131m\u0131 apar\u0131b h\u0259min dispanserl\u0259r\u0259 qoymaq ist\u0259mir\u0259m. Problemi var, b\u0259li, x\u0259st\u0259dir. Ancaq bu, o dem\u0259k deyil ki, biz onu sevmirik, g\u00f6zd\u0259n \u00e7\u0131xarm\u0131\u015f\u0131q. N\u0259 \u00f6z\u00fc, n\u0259 d\u0259 biz raz\u0131y\u0131q onun dispanser\u0259 getm\u0259sin\u0259 \u201d.\n<\/p>\n<p>\n  \u015eivan \u015e\u0259h\u0259r M\u0259rk\u0259zi X\u0259st\u0259xanas\u0131n\u0131n ba\u015f psixiatr\u0131 Kamil Mirz\u0259yev Meydan TV-y\u0259 deyib ki, il\u0259 yenid\u0259n m\u00fcraci\u0259t etsin, k\u00f6m\u0259k etm\u0259y\u0259 \u00e7al\u0131\u015facaq:\n<\/p>\n<p>\n  \u201cAncaq pensiya \u00fc\u00e7\u00fcn komissiyadan ke\u00e7m\u0259lidir. H\u0259min komissiya da x\u0259st\u0259xana ka\u011f\u0131z\u0131 t\u0259l\u0259b ed\u0259c\u0259k. Onun dispanserd\u0259 yatmas\u0131 laz\u0131md\u0131r. Amma yen\u0259 d\u0259 ail\u0259y\u0259 deyin, g\u0259lsinl\u0259r, \u0259limd\u0259n g\u0259l\u0259n k\u00f6m\u0259yi etm\u0259y\u0259 haz\u0131ram\u201d.<\/p>\n","protected":false},"excerpt":{"rendered":"<p>&#8220;\u00d6hd\u0259liyimd\u0259 7 n\u0259f\u0259rlik ail\u0259m var&#8221;.<\/p>\n","protected":false},"author":11,"featured_media":133434,"comment_status":"closed","ping_status":"open","sticky":false,"template":"","format":"standard","meta":{"_acf_changed":false,"_sitemap_exclude":false,"_sitemap_priority":"","_sitemap_frequency":"","footnotes":""},"categories":[60],"tags":[],"class_list":["post-198048","post","type-post","status-publish","format-standard","has-post-thumbnail","hentry","category-bolge","infinite-scroll-item","generate-columns","tablet-grid-50","mobile-grid-100","grid-parent","grid-33","no-featured-image-padding"],"acf":[],"yoast_head":"<!-- This site is optimized with the Yoast SEO plugin v27.5 - https:\/\/yoast.com\/product\/yoast-seo-wordpress\/ -->\n<title>\u201cBac\u0131ma haqq\u0131 olan pensiyan\u0131 vermirl\u0259r&quot; - MEYDAN.TV<\/title>\n<meta name=\"robots\" content=\"index, follow, max-snippet:-1, max-image-preview:large, max-video-preview:-1\" \/>\n<link rel=\"canonical\" href=\"https:\/\/www.meydan.tv\/az\/article\/bacima-haqqi-olan-pensiyani-vermirler\/\" \/>\n<meta property=\"og:locale\" content=\"az_AZ\" \/>\n<meta property=\"og:type\" content=\"article\" \/>\n<meta property=\"og:title\" content=\"\u201cBac\u0131ma haqq\u0131 olan pensiyan\u0131 vermirl\u0259r&quot; - MEYDAN.TV\" \/>\n<meta property=\"og:description\" content=\"&quot;\u00d6hd\u0259liyimd\u0259 7 n\u0259f\u0259rlik ail\u0259m var&quot;.\" \/>\n<meta property=\"og:url\" content=\"https:\/\/www.meydan.tv\/az\/article\/bacima-haqqi-olan-pensiyani-vermirler\/\" \/>\n<meta property=\"og:site_name\" content=\"MEYDAN.TV\" \/>\n<meta property=\"article:published_time\" content=\"2019-11-22T11:24:50+00:00\" \/>\n<meta property=\"og:image\" content=\"https:\/\/www.meydan.tv\/wp-content\/uploads\/image_from_ios_3_vwfaojl-scaled.jpg\" \/>\n\t<meta property=\"og:image:width\" content=\"2560\" \/>\n\t<meta property=\"og:image:height\" content=\"1919\" \/>\n\t<meta property=\"og:image:type\" content=\"image\/jpeg\" \/>\n<meta name=\"author\" content=\"user-manager\" \/>\n<meta name=\"twitter:card\" content=\"summary_large_image\" \/>\n<script type=\"application\/ld+json\" class=\"yoast-schema-graph\">{\"@context\":\"https:\\\/\\\/schema.org\",\"@graph\":[{\"@type\":\"Article\",\"@id\":\"https:\\\/\\\/www.meydan.tv\\\/az\\\/article\\\/bacima-haqqi-olan-pensiyani-vermirler\\\/#article\",\"isPartOf\":{\"@id\":\"https:\\\/\\\/www.meydan.tv\\\/az\\\/article\\\/bacima-haqqi-olan-pensiyani-vermirler\\\/\"},\"author\":{\"name\":\"user-manager\",\"@id\":\"https:\\\/\\\/www.meydan.tv\\\/az\\\/#\\\/schema\\\/person\\\/10d11eccf6da3662cf5fdab9806ea91a\"},\"headline\":\"\u201cBac\u0131ma haqq\u0131 olan pensiyan\u0131 vermirl\u0259r&#8221;\",\"datePublished\":\"2019-11-22T11:24:50+00:00\",\"mainEntityOfPage\":{\"@id\":\"https:\\\/\\\/www.meydan.tv\\\/az\\\/article\\\/bacima-haqqi-olan-pensiyani-vermirler\\\/\"},\"wordCount\":740,\"publisher\":{\"@id\":\"https:\\\/\\\/www.meydan.tv\\\/az\\\/#organization\"},\"image\":{\"@id\":\"https:\\\/\\\/www.meydan.tv\\\/az\\\/article\\\/bacima-haqqi-olan-pensiyani-vermirler\\\/#primaryimage\"},\"thumbnailUrl\":\"https:\\\/\\\/www.meydan.tv\\\/wp-content\\\/uploads\\\/image_from_ios_3_vwfaojl-scaled.jpg\",\"articleSection\":[\"B\u00f6lg\u0259\"],\"inLanguage\":\"az\"},{\"@type\":\"WebPage\",\"@id\":\"https:\\\/\\\/www.meydan.tv\\\/az\\\/article\\\/bacima-haqqi-olan-pensiyani-vermirler\\\/\",\"url\":\"https:\\\/\\\/www.meydan.tv\\\/az\\\/article\\\/bacima-haqqi-olan-pensiyani-vermirler\\\/\",\"name\":\"\u201cBac\u0131ma haqq\u0131 olan pensiyan\u0131 vermirl\u0259r\\\" - MEYDAN.TV\",\"isPartOf\":{\"@id\":\"https:\\\/\\\/www.meydan.tv\\\/az\\\/#website\"},\"primaryImageOfPage\":{\"@id\":\"https:\\\/\\\/www.meydan.tv\\\/az\\\/article\\\/bacima-haqqi-olan-pensiyani-vermirler\\\/#primaryimage\"},\"image\":{\"@id\":\"https:\\\/\\\/www.meydan.tv\\\/az\\\/article\\\/bacima-haqqi-olan-pensiyani-vermirler\\\/#primaryimage\"},\"thumbnailUrl\":\"https:\\\/\\\/www.meydan.tv\\\/wp-content\\\/uploads\\\/image_from_ios_3_vwfaojl-scaled.jpg\",\"datePublished\":\"2019-11-22T11:24:50+00:00\",\"breadcrumb\":{\"@id\":\"https:\\\/\\\/www.meydan.tv\\\/az\\\/article\\\/bacima-haqqi-olan-pensiyani-vermirler\\\/#breadcrumb\"},\"inLanguage\":\"az\",\"potentialAction\":[{\"@type\":\"ReadAction\",\"target\":[\"https:\\\/\\\/www.meydan.tv\\\/az\\\/article\\\/bacima-haqqi-olan-pensiyani-vermirler\\\/\"]}]},{\"@type\":\"ImageObject\",\"inLanguage\":\"az\",\"@id\":\"https:\\\/\\\/www.meydan.tv\\\/az\\\/article\\\/bacima-haqqi-olan-pensiyani-vermirler\\\/#primaryimage\",\"url\":\"https:\\\/\\\/www.meydan.tv\\\/wp-content\\\/uploads\\\/image_from_ios_3_vwfaojl-scaled.jpg\",\"contentUrl\":\"https:\\\/\\\/www.meydan.tv\\\/wp-content\\\/uploads\\\/image_from_ios_3_vwfaojl-scaled.jpg\",\"width\":2560,\"height\":1919,\"caption\":\"Source: Specify Source\"},{\"@type\":\"BreadcrumbList\",\"@id\":\"https:\\\/\\\/www.meydan.tv\\\/az\\\/article\\\/bacima-haqqi-olan-pensiyani-vermirler\\\/#breadcrumb\",\"itemListElement\":[{\"@type\":\"ListItem\",\"position\":1,\"name\":\"Ana s\u0259hif\u0259\",\"item\":\"https:\\\/\\\/www.meydan.tv\\\/az\\\/\"},{\"@type\":\"ListItem\",\"position\":2,\"name\":\"B\u00f6lg\u0259\",\"item\":\"https:\\\/\\\/www.meydan.tv\\\/az\\\/section\\\/bolge\\\/\"},{\"@type\":\"ListItem\",\"position\":3,\"name\":\"\u201cBac\u0131ma haqq\u0131 olan pensiyan\u0131 vermirl\u0259r&#8221;\"}]},{\"@type\":\"WebSite\",\"@id\":\"https:\\\/\\\/www.meydan.tv\\\/az\\\/#website\",\"url\":\"https:\\\/\\\/www.meydan.tv\\\/az\\\/\",\"name\":\"MEYDAN.TV\",\"description\":\"Meydan TV Az\u0259rbaycan\u0131n media m\u0259kan\u0131ndak\u0131 alternativ s\u0259sidir\",\"publisher\":{\"@id\":\"https:\\\/\\\/www.meydan.tv\\\/az\\\/#organization\"},\"potentialAction\":[{\"@type\":\"SearchAction\",\"target\":{\"@type\":\"EntryPoint\",\"urlTemplate\":\"https:\\\/\\\/www.meydan.tv\\\/az\\\/?s={search_term_string}\"},\"query-input\":{\"@type\":\"PropertyValueSpecification\",\"valueRequired\":true,\"valueName\":\"search_term_string\"}}],\"inLanguage\":\"az\"},{\"@type\":\"Organization\",\"@id\":\"https:\\\/\\\/www.meydan.tv\\\/az\\\/#organization\",\"name\":\"Meydan TV\",\"url\":\"https:\\\/\\\/www.meydan.tv\\\/az\\\/\",\"logo\":{\"@type\":\"ImageObject\",\"inLanguage\":\"az\",\"@id\":\"https:\\\/\\\/www.meydan.tv\\\/az\\\/#\\\/schema\\\/logo\\\/image\\\/\",\"url\":\"https:\\\/\\\/www.meydan.tv\\\/wp-content\\\/uploads\\\/2021\\\/07\\\/meydan-logo.svg\",\"contentUrl\":\"https:\\\/\\\/www.meydan.tv\\\/wp-content\\\/uploads\\\/2021\\\/07\\\/meydan-logo.svg\",\"width\":195,\"height\":46,\"caption\":\"Meydan TV\"},\"image\":{\"@id\":\"https:\\\/\\\/www.meydan.tv\\\/az\\\/#\\\/schema\\\/logo\\\/image\\\/\"}},{\"@type\":\"Person\",\"@id\":\"https:\\\/\\\/www.meydan.tv\\\/az\\\/#\\\/schema\\\/person\\\/10d11eccf6da3662cf5fdab9806ea91a\",\"name\":\"user-manager\"}]}<\/script>\n<!-- \/ Yoast SEO plugin. -->","yoast_head_json":{"title":"\u201cBac\u0131ma haqq\u0131 olan pensiyan\u0131 vermirl\u0259r\" - MEYDAN.TV","robots":{"index":"index","follow":"follow","max-snippet":"max-snippet:-1","max-image-preview":"max-image-preview:large","max-video-preview":"max-video-preview:-1"},"canonical":"https:\/\/www.meydan.tv\/az\/article\/bacima-haqqi-olan-pensiyani-vermirler\/","og_locale":"az_AZ","og_type":"article","og_title":"\u201cBac\u0131ma haqq\u0131 olan pensiyan\u0131 vermirl\u0259r\" - MEYDAN.TV","og_description":"\"\u00d6hd\u0259liyimd\u0259 7 n\u0259f\u0259rlik ail\u0259m var\".","og_url":"https:\/\/www.meydan.tv\/az\/article\/bacima-haqqi-olan-pensiyani-vermirler\/","og_site_name":"MEYDAN.TV","article_published_time":"2019-11-22T11:24:50+00:00","og_image":[{"width":2560,"height":1919,"url":"https:\/\/www.meydan.tv\/wp-content\/uploads\/image_from_ios_3_vwfaojl-scaled.jpg","type":"image\/jpeg"}],"author":"user-manager","twitter_card":"summary_large_image","schema":{"@context":"https:\/\/schema.org","@graph":[{"@type":"Article","@id":"https:\/\/www.meydan.tv\/az\/article\/bacima-haqqi-olan-pensiyani-vermirler\/#article","isPartOf":{"@id":"https:\/\/www.meydan.tv\/az\/article\/bacima-haqqi-olan-pensiyani-vermirler\/"},"author":{"name":"user-manager","@id":"https:\/\/www.meydan.tv\/az\/#\/schema\/person\/10d11eccf6da3662cf5fdab9806ea91a"},"headline":"\u201cBac\u0131ma haqq\u0131 olan pensiyan\u0131 vermirl\u0259r&#8221;","datePublished":"2019-11-22T11:24:50+00:00","mainEntityOfPage":{"@id":"https:\/\/www.meydan.tv\/az\/article\/bacima-haqqi-olan-pensiyani-vermirler\/"},"wordCount":740,"publisher":{"@id":"https:\/\/www.meydan.tv\/az\/#organization"},"image":{"@id":"https:\/\/www.meydan.tv\/az\/article\/bacima-haqqi-olan-pensiyani-vermirler\/#primaryimage"},"thumbnailUrl":"https:\/\/www.meydan.tv\/wp-content\/uploads\/image_from_ios_3_vwfaojl-scaled.jpg","articleSection":["B\u00f6lg\u0259"],"inLanguage":"az"},{"@type":"WebPage","@id":"https:\/\/www.meydan.tv\/az\/article\/bacima-haqqi-olan-pensiyani-vermirler\/","url":"https:\/\/www.meydan.tv\/az\/article\/bacima-haqqi-olan-pensiyani-vermirler\/","name":"\u201cBac\u0131ma haqq\u0131 olan pensiyan\u0131 vermirl\u0259r\" - MEYDAN.TV","isPartOf":{"@id":"https:\/\/www.meydan.tv\/az\/#website"},"primaryImageOfPage":{"@id":"https:\/\/www.meydan.tv\/az\/article\/bacima-haqqi-olan-pensiyani-vermirler\/#primaryimage"},"image":{"@id":"https:\/\/www.meydan.tv\/az\/article\/bacima-haqqi-olan-pensiyani-vermirler\/#primaryimage"},"thumbnailUrl":"https:\/\/www.meydan.tv\/wp-content\/uploads\/image_from_ios_3_vwfaojl-scaled.jpg","datePublished":"2019-11-22T11:24:50+00:00","breadcrumb":{"@id":"https:\/\/www.meydan.tv\/az\/article\/bacima-haqqi-olan-pensiyani-vermirler\/#breadcrumb"},"inLanguage":"az","potentialAction":[{"@type":"ReadAction","target":["https:\/\/www.meydan.tv\/az\/article\/bacima-haqqi-olan-pensiyani-vermirler\/"]}]},{"@type":"ImageObject","inLanguage":"az","@id":"https:\/\/www.meydan.tv\/az\/article\/bacima-haqqi-olan-pensiyani-vermirler\/#primaryimage","url":"https:\/\/www.meydan.tv\/wp-content\/uploads\/image_from_ios_3_vwfaojl-scaled.jpg","contentUrl":"https:\/\/www.meydan.tv\/wp-content\/uploads\/image_from_ios_3_vwfaojl-scaled.jpg","width":2560,"height":1919,"caption":"Source: Specify Source"},{"@type":"BreadcrumbList","@id":"https:\/\/www.meydan.tv\/az\/article\/bacima-haqqi-olan-pensiyani-vermirler\/#breadcrumb","itemListElement":[{"@type":"ListItem","position":1,"name":"Ana s\u0259hif\u0259","item":"https:\/\/www.meydan.tv\/az\/"},{"@type":"ListItem","position":2,"name":"B\u00f6lg\u0259","item":"https:\/\/www.meydan.tv\/az\/section\/bolge\/"},{"@type":"ListItem","position":3,"name":"\u201cBac\u0131ma haqq\u0131 olan pensiyan\u0131 vermirl\u0259r&#8221;"}]},{"@type":"WebSite","@id":"https:\/\/www.meydan.tv\/az\/#website","url":"https:\/\/www.meydan.tv\/az\/","name":"MEYDAN.TV","description":"Meydan TV Az\u0259rbaycan\u0131n media m\u0259kan\u0131ndak\u0131 alternativ s\u0259sidir","publisher":{"@id":"https:\/\/www.meydan.tv\/az\/#organization"},"potentialAction":[{"@type":"SearchAction","target":{"@type":"EntryPoint","urlTemplate":"https:\/\/www.meydan.tv\/az\/?s={search_term_string}"},"query-input":{"@type":"PropertyValueSpecification","valueRequired":true,"valueName":"search_term_string"}}],"inLanguage":"az"},{"@type":"Organization","@id":"https:\/\/www.meydan.tv\/az\/#organization","name":"Meydan TV","url":"https:\/\/www.meydan.tv\/az\/","logo":{"@type":"ImageObject","inLanguage":"az","@id":"https:\/\/www.meydan.tv\/az\/#\/schema\/logo\/image\/","url":"https:\/\/www.meydan.tv\/wp-content\/uploads\/2021\/07\/meydan-logo.svg","contentUrl":"https:\/\/www.meydan.tv\/wp-content\/uploads\/2021\/07\/meydan-logo.svg","width":195,"height":46,"caption":"Meydan TV"},"image":{"@id":"https:\/\/www.meydan.tv\/az\/#\/schema\/logo\/image\/"}},{"@type":"Person","@id":"https:\/\/www.meydan.tv\/az\/#\/schema\/person\/10d11eccf6da3662cf5fdab9806ea91a","name":"user-manager"}]}},"_links":{"self":[{"href":"https:\/\/www.meydan.tv\/az\/wp-json\/wp\/v2\/posts\/198048","targetHints":{"allow":["GET"]}}],"collection":[{"href":"https:\/\/www.meydan.tv\/az\/wp-json\/wp\/v2\/posts"}],"about":[{"href":"https:\/\/www.meydan.tv\/az\/wp-json\/wp\/v2\/types\/post"}],"author":[{"embeddable":true,"href":"https:\/\/www.meydan.tv\/az\/wp-json\/wp\/v2\/users\/11"}],"replies":[{"embeddable":true,"href":"https:\/\/www.meydan.tv\/az\/wp-json\/wp\/v2\/comments?post=198048"}],"version-history":[{"count":0,"href":"https:\/\/www.meydan.tv\/az\/wp-json\/wp\/v2\/posts\/198048\/revisions"}],"wp:featuredmedia":[{"embeddable":true,"href":"https:\/\/www.meydan.tv\/az\/wp-json\/wp\/v2\/media\/133434"}],"wp:attachment":[{"href":"https:\/\/www.meydan.tv\/az\/wp-json\/wp\/v2\/media?parent=198048"}],"wp:term":[{"taxonomy":"category","embeddable":true,"href":"https:\/\/www.meydan.tv\/az\/wp-json\/wp\/v2\/categories?post=198048"},{"taxonomy":"post_tag","embeddable":true,"href":"https:\/\/www.meydan.tv\/az\/wp-json\/wp\/v2\/tags?post=198048"}],"curies":[{"name":"wp","href":"https:\/\/api.w.org\/{rel}","templated":true}]}}