{"id":198043,"date":"2019-11-21T22:18:04","date_gmt":"2019-11-21T22:18:04","guid":{"rendered":"https:\/\/www.meydan.tv\/article\/bdu-da-zeherlenme-telebeler-arasinda-olen-var\/"},"modified":"2019-11-21T22:18:04","modified_gmt":"2019-11-21T22:18:04","slug":"bdu-da-zeherlenme-telebeler-arasinda-olen-var","status":"publish","type":"post","link":"https:\/\/www.meydan.tv\/az\/article\/bdu-da-zeherlenme-telebeler-arasinda-olen-var\/","title":{"rendered":"BDU-da z\u0259h\u0259rl\u0259nm\u0259, t\u0259l\u0259b\u0259l\u0259r aras\u0131nda \u00f6l\u0259n var (yenil\u0259nib)"},"content":{"rendered":"<figure class=\"wp-block-embed is-type-video is-provider-youtube wp-block-embed-youtube wp-embed-aspect-16-9 wp-has-aspect-ratio\">\n<div class=\"wp-block-embed__wrapper\">\n    <iframe\ttitle=\"\u201cT\u0259cili yard\u0131m t\u0259l\u0259b\u0259l\u0259ri gec\u0259 x\u0259st\u0259xanaya aparsayd\u0131, \u00f6l\u0259n olmayacaqd\u0131\u201d\" width=\"1200\" height=\"675\" data-src=\"https:\/\/www.youtube.com\/embed\/CTedhQNVuk8\"\tframeborder=\"0\"\tallow=\"accelerometer; autoplay; clipboard-write; encrypted-media; gyroscope; picture-in-picture\" allowfullscreen src=\"data:image\/svg+xml;base64,PHN2ZyB3aWR0aD0iMSIgaGVpZ2h0PSIxIiB4bWxucz0iaHR0cDovL3d3dy53My5vcmcvMjAwMC9zdmciPjwvc3ZnPg==\" class=\"lazyload\" data-load-mode=\"1\"><\/iframe>\n  <\/div><figcaption>\n    \u201cT\u0259cili yard\u0131m t\u0259l\u0259b\u0259l\u0259ri gec\u0259 x\u0259st\u0259xanaya aparsayd\u0131, \u00f6l\u0259n olmayacaqd\u0131\u201d<br \/>\n  <\/figcaption><\/figure>\n<p>\n  ***\n<\/p>\n<p>\n  <b><br \/>\n    16.25.<br \/>\n  <\/b><br \/>\n  <i><br \/>\n    T\u0259l\u0259b\u0259l\u0259rin z\u0259h\u0259rl\u0259nm\u0259si il\u0259 ba\u011fl\u0131 Bak\u0131 \u015f\u0259h\u0259r prokurorlu\u011fu m\u0259lumat yay\u0131b. Bildirilir ki, polis, prokurorluq, Qida T\u0259hl\u00fck\u0259sizlik Agentliyinin \u0259m\u0259kda\u015flar\u0131n\u0131n v\u0259 m\u0259hk\u0259m\u0259-tibb ekspertinin i\u015ftirak\u0131 il\u0259 hadis\u0259 yerin\u0259 bax\u0131\u015f ke\u00e7irilib. Oradan qida n\u00fcmun\u0259l\u0259ri g\u00f6t\u00fcr\u00fcl\u0259r\u0259k laborator m\u00fcayin\u0259sin\u0259 g\u00f6nd\u0259rilib.<br \/>\n  <\/i>\n<\/p>\n<p>\n  <i><br \/>\n    Fakta g\u00f6r\u0259 Bak\u0131 \u015e\u0259h\u0259r Prokurorlu\u011funda Cinay\u0259t M\u0259c\u0259ll\u0259sinin 314.2-ci (s\u0259hl\u0259nkarl\u0131q, ehtiyats\u0131zl\u0131qdan z\u0259r\u0259r\u00e7\u0259kmi\u015f \u015f\u0259xsin \u00f6l\u00fcm\u00fcn\u0259 v\u0259 ya dig\u0259r a\u011f\u0131r n\u0259tic\u0259l\u0259r\u0259 s\u0259b\u0259b olduqda) madd\u0259si il\u0259 cinay\u0259t i\u015fi ba\u015flan\u0131b.<br \/>\n  <\/i>\n<\/p>\n<p>\n  <i><br \/>\n    T\u0259l\u0259b\u0259l\u0259rin z\u0259h\u0259rl\u0259nm\u0259 s\u0259b\u0259bl\u0259rinin v\u0259 dig\u0259r hallar\u0131n m\u00fc\u0259yy\u0259nl\u0259\u015fdirilm\u0259si m\u0259qs\u0259di il\u0259 ekspertizalar t\u0259yin edilib.<br \/>\n  <\/i>\n<\/p>\n<p>\n  <i><br \/>\n    M\u0259lumatda o da bildirilir ki, hadis\u0259 zaman\u0131 z\u0259h\u0259rl\u0259nm\u0259 diaqnozu il\u0259 Kliniki Tibbi M\u0259rk\u0259z\u0259 daxil olmu\u015f H\u0259mid\u0259 \u0130badova v\u0259 D\u00fcrrub\u0259 Quliyevan\u0131n m\u00fcalic\u0259si S\u0259hiyy\u0259 Nazirliyinin r\u0259hb\u0259rliyi t\u0259r\u0259find\u0259n n\u0259zar\u0259t\u0259 g\u00f6t\u00fcr\u00fcl\u00fcb. Onlar\u0131n m\u00fcalic\u0259si stasionar \u015f\u0259raitd\u0259 davam etdirilir.<br \/>\n  <\/i>\n<\/p>\n<p>\n  <i><br \/>\n    \u201c\u0130\u015f \u00fczr\u0259 Qida T\u0259hl\u00fck\u0259sizlik Agentliyinin m\u00fct\u0259x\u0259sisl\u0259ri c\u0259lb edilm\u0259kl\u0259 t\u0259qsirkar \u015f\u0259xsl\u0259rin dair\u0259sinin m\u00fc\u0259yy\u0259nl\u0259\u015fdirilm\u0259si istiqam\u0259tind\u0259 z\u0259ruri istintaq-\u0259m\u0259liyyat t\u0259dbirl\u0259ri davam etdirilir\u201d.<br \/>\n  <\/i>\n<\/p>\n<p>\n  ***\n<\/p>\n<p>\n  <i><br \/>\n    \u0130ki t\u0259l\u0259b\u0259nin v\u0259ziyy\u0259tinin kritik oldu\u011fu bildirilir<br \/>\n  <\/i>\n<\/p>\n<p>\n  Noyabr\u0131n 21-d\u0259 Bak\u0131 D\u00f6vl\u0259t Universitetinin 2 n\u00f6mr\u0259li yataqxanas\u0131nda z\u0259h\u0259rl\u0259nm\u0259 hadis\u0259si olub.\n<\/p>\n<p>\n  T\u0259cili Tibbi Yard\u0131m h\u0259kiml\u0259ri yataqxana ota\u011f\u0131nda hu\u015fsuz 3 t\u0259l\u0259b\u0259 q\u0131z tap\u0131blar. Onlar kimya fak\u00fclt\u0259sinin t\u0259l\u0259b\u0259si &#8211; 1998-ci il t\u0259v\u0259ll\u00fcdl\u00fc H\u0259mid\u0259 \u0130badova, kitabxana\u00e7\u0131l\u0131q fak\u00fclt\u0259sinin 4-c\u00fc kurs t\u0259l\u0259b\u0259si D\u00fcrrub\u0259 Quliyeva v\u0259 1999-cu il t\u0259v\u0259ll\u00fcdl\u00fc \u015e\u0259k\u0259r Hasm\u0259tovad\u0131r.\n<\/p>\n<p>\n  <a href=\"https:\/\/apa.az\/az\/hadise\/bdu-nun-telebeleri-zeherlenib-olen-var-559982\"><br \/>\n    APA<br \/>\n  <\/a><br \/>\n  yaz\u0131r ki, q\u0131zlardan ikisinin v\u0259ziyy\u0259ti a\u011f\u0131rd\u0131r. Biri is\u0259 tap\u0131landa \u00f6l\u00fcbm\u00fc\u015f. \u00d6l\u0259n t\u0259l\u0259b\u0259nin \u015e\u0259k\u0259r Hast\u0259mova oldu\u011fu bildirilir.\n<\/p>\n<p>\n  Hadis\u0259 bar\u0259d\u0259 T\u0259cili Tibbi Yard\u0131ma 12.35-d\u0259 m\u0259lumat verilib. T\u0259cili Tibbi Yard\u0131m h\u0259kiml\u0259rinin bildirdiyin\u0259 g\u00f6r\u0259, hu\u015fsuz v\u0259ziyy\u0259td\u0259 tap\u0131lan q\u0131zlar\u0131n a\u011f\u0131zlar\u0131ndan qan g\u0259libmi\u015f:\n<\/p>\n<p>\n  \u201cZ\u0259h\u0259rl\u0259nm\u0259si ehtimal edil\u0259n q\u0131zlardan biri \u00f6l\u00fcb, ikisi is\u0259 kritik v\u0259ziyy\u0259td\u0259 T\u0259cili Tibbi Yard\u0131m avtomobili il\u0259 KTM-\u0259 \u00e7atd\u0131r\u0131l\u0131b. 20-22 ya\u015f aras\u0131 olan q\u0131zlar\u0131n v\u0259ziyy\u0259ti kritikdir. M\u00fcalic\u0259l\u0259ri davam edir\u201d.\n<\/p>\n<p>\n  Ba\u015f toksikoloq Az\u0259r Maqsudov da hadis\u0259 il\u0259 ba\u011fl\u0131 ara\u015fd\u0131rma apar\u0131ld\u0131\u011f\u0131n\u0131 s\u00f6yl\u0259yib: \u201cH\u0259l\u0259lik hadis\u0259nin ba\u015f verm\u0259 s\u0259b\u0259bi m\u0259lum deyil\u201d.<\/p>\n","protected":false},"excerpt":{"rendered":"<p>\u201cH\u0259l\u0259lik hadis\u0259nin ba\u015f verm\u0259 s\u0259b\u0259bi m\u0259lum deyil\u201d.<\/p>\n","protected":false},"author":11,"featured_media":87105,"comment_status":"closed","ping_status":"open","sticky":false,"template":"","format":"standard","meta":{"_acf_changed":false,"_sitemap_exclude":false,"_sitemap_priority":"","_sitemap_frequency":"","footnotes":""},"categories":[62],"tags":[],"class_list":["post-198043","post","type-post","status-publish","format-standard","has-post-thumbnail","hentry","category-sosial","infinite-scroll-item","generate-columns","tablet-grid-50","mobile-grid-100","grid-parent","grid-33","no-featured-image-padding"],"acf":[],"yoast_head":"<!-- This site is optimized with the Yoast SEO plugin v27.4 - https:\/\/yoast.com\/product\/yoast-seo-wordpress\/ -->\n<title>BDU-da z\u0259h\u0259rl\u0259nm\u0259, t\u0259l\u0259b\u0259l\u0259r aras\u0131nda \u00f6l\u0259n var (yenil\u0259nib) - MEYDAN.TV<\/title>\n<meta name=\"robots\" content=\"index, follow, max-snippet:-1, max-image-preview:large, max-video-preview:-1\" \/>\n<link rel=\"canonical\" href=\"https:\/\/www.meydan.tv\/az\/article\/bdu-da-zeherlenme-telebeler-arasinda-olen-var\/\" \/>\n<meta property=\"og:locale\" content=\"az_AZ\" \/>\n<meta property=\"og:type\" content=\"article\" \/>\n<meta property=\"og:title\" content=\"BDU-da z\u0259h\u0259rl\u0259nm\u0259, t\u0259l\u0259b\u0259l\u0259r aras\u0131nda \u00f6l\u0259n var (yenil\u0259nib) - MEYDAN.TV\" \/>\n<meta property=\"og:description\" content=\"\u201cH\u0259l\u0259lik hadis\u0259nin ba\u015f verm\u0259 s\u0259b\u0259bi m\u0259lum deyil\u201d.\" \/>\n<meta property=\"og:url\" content=\"https:\/\/www.meydan.tv\/az\/article\/bdu-da-zeherlenme-telebeler-arasinda-olen-var\/\" \/>\n<meta property=\"og:site_name\" content=\"MEYDAN.TV\" \/>\n<meta property=\"article:published_time\" content=\"2019-11-21T22:18:04+00:00\" \/>\n<meta property=\"og:image\" content=\"https:\/\/www.meydan.tv\/wp-content\/uploads\/34334.jpg\" \/>\n\t<meta property=\"og:image:width\" content=\"1280\" \/>\n\t<meta property=\"og:image:height\" content=\"818\" \/>\n\t<meta property=\"og:image:type\" content=\"image\/jpeg\" \/>\n<meta name=\"author\" content=\"user-manager\" \/>\n<meta name=\"twitter:card\" content=\"summary_large_image\" \/>\n<script type=\"application\/ld+json\" class=\"yoast-schema-graph\">{\"@context\":\"https:\\\/\\\/schema.org\",\"@graph\":[{\"@type\":\"Article\",\"@id\":\"https:\\\/\\\/www.meydan.tv\\\/az\\\/article\\\/bdu-da-zeherlenme-telebeler-arasinda-olen-var\\\/#article\",\"isPartOf\":{\"@id\":\"https:\\\/\\\/www.meydan.tv\\\/az\\\/article\\\/bdu-da-zeherlenme-telebeler-arasinda-olen-var\\\/\"},\"author\":{\"name\":\"user-manager\",\"@id\":\"https:\\\/\\\/www.meydan.tv\\\/az\\\/#\\\/schema\\\/person\\\/10d11eccf6da3662cf5fdab9806ea91a\"},\"headline\":\"BDU-da z\u0259h\u0259rl\u0259nm\u0259, t\u0259l\u0259b\u0259l\u0259r aras\u0131nda \u00f6l\u0259n var (yenil\u0259nib)\",\"datePublished\":\"2019-11-21T22:18:04+00:00\",\"mainEntityOfPage\":{\"@id\":\"https:\\\/\\\/www.meydan.tv\\\/az\\\/article\\\/bdu-da-zeherlenme-telebeler-arasinda-olen-var\\\/\"},\"wordCount\":536,\"publisher\":{\"@id\":\"https:\\\/\\\/www.meydan.tv\\\/az\\\/#organization\"},\"image\":{\"@id\":\"https:\\\/\\\/www.meydan.tv\\\/az\\\/article\\\/bdu-da-zeherlenme-telebeler-arasinda-olen-var\\\/#primaryimage\"},\"thumbnailUrl\":\"https:\\\/\\\/www.meydan.tv\\\/wp-content\\\/uploads\\\/34334.jpg\",\"articleSection\":[\"Sosial\"],\"inLanguage\":\"az\"},{\"@type\":\"WebPage\",\"@id\":\"https:\\\/\\\/www.meydan.tv\\\/az\\\/article\\\/bdu-da-zeherlenme-telebeler-arasinda-olen-var\\\/\",\"url\":\"https:\\\/\\\/www.meydan.tv\\\/az\\\/article\\\/bdu-da-zeherlenme-telebeler-arasinda-olen-var\\\/\",\"name\":\"BDU-da z\u0259h\u0259rl\u0259nm\u0259, t\u0259l\u0259b\u0259l\u0259r aras\u0131nda \u00f6l\u0259n var (yenil\u0259nib) - MEYDAN.TV\",\"isPartOf\":{\"@id\":\"https:\\\/\\\/www.meydan.tv\\\/az\\\/#website\"},\"primaryImageOfPage\":{\"@id\":\"https:\\\/\\\/www.meydan.tv\\\/az\\\/article\\\/bdu-da-zeherlenme-telebeler-arasinda-olen-var\\\/#primaryimage\"},\"image\":{\"@id\":\"https:\\\/\\\/www.meydan.tv\\\/az\\\/article\\\/bdu-da-zeherlenme-telebeler-arasinda-olen-var\\\/#primaryimage\"},\"thumbnailUrl\":\"https:\\\/\\\/www.meydan.tv\\\/wp-content\\\/uploads\\\/34334.jpg\",\"datePublished\":\"2019-11-21T22:18:04+00:00\",\"breadcrumb\":{\"@id\":\"https:\\\/\\\/www.meydan.tv\\\/az\\\/article\\\/bdu-da-zeherlenme-telebeler-arasinda-olen-var\\\/#breadcrumb\"},\"inLanguage\":\"az\",\"potentialAction\":[{\"@type\":\"ReadAction\",\"target\":[\"https:\\\/\\\/www.meydan.tv\\\/az\\\/article\\\/bdu-da-zeherlenme-telebeler-arasinda-olen-var\\\/\"]}]},{\"@type\":\"ImageObject\",\"inLanguage\":\"az\",\"@id\":\"https:\\\/\\\/www.meydan.tv\\\/az\\\/article\\\/bdu-da-zeherlenme-telebeler-arasinda-olen-var\\\/#primaryimage\",\"url\":\"https:\\\/\\\/www.meydan.tv\\\/wp-content\\\/uploads\\\/34334.jpg\",\"contentUrl\":\"https:\\\/\\\/www.meydan.tv\\\/wp-content\\\/uploads\\\/34334.jpg\",\"width\":1280,\"height\":818,\"caption\":\"Source:\"},{\"@type\":\"BreadcrumbList\",\"@id\":\"https:\\\/\\\/www.meydan.tv\\\/az\\\/article\\\/bdu-da-zeherlenme-telebeler-arasinda-olen-var\\\/#breadcrumb\",\"itemListElement\":[{\"@type\":\"ListItem\",\"position\":1,\"name\":\"Ana s\u0259hif\u0259\",\"item\":\"https:\\\/\\\/www.meydan.tv\\\/az\\\/\"},{\"@type\":\"ListItem\",\"position\":2,\"name\":\"Sosial\",\"item\":\"https:\\\/\\\/www.meydan.tv\\\/az\\\/section\\\/sosial\\\/\"},{\"@type\":\"ListItem\",\"position\":3,\"name\":\"BDU-da z\u0259h\u0259rl\u0259nm\u0259, t\u0259l\u0259b\u0259l\u0259r aras\u0131nda \u00f6l\u0259n var (yenil\u0259nib)\"}]},{\"@type\":\"WebSite\",\"@id\":\"https:\\\/\\\/www.meydan.tv\\\/az\\\/#website\",\"url\":\"https:\\\/\\\/www.meydan.tv\\\/az\\\/\",\"name\":\"MEYDAN.TV\",\"description\":\"Meydan TV Az\u0259rbaycan\u0131n media m\u0259kan\u0131ndak\u0131 alternativ s\u0259sidir\",\"publisher\":{\"@id\":\"https:\\\/\\\/www.meydan.tv\\\/az\\\/#organization\"},\"potentialAction\":[{\"@type\":\"SearchAction\",\"target\":{\"@type\":\"EntryPoint\",\"urlTemplate\":\"https:\\\/\\\/www.meydan.tv\\\/az\\\/?s={search_term_string}\"},\"query-input\":{\"@type\":\"PropertyValueSpecification\",\"valueRequired\":true,\"valueName\":\"search_term_string\"}}],\"inLanguage\":\"az\"},{\"@type\":\"Organization\",\"@id\":\"https:\\\/\\\/www.meydan.tv\\\/az\\\/#organization\",\"name\":\"Meydan TV\",\"url\":\"https:\\\/\\\/www.meydan.tv\\\/az\\\/\",\"logo\":{\"@type\":\"ImageObject\",\"inLanguage\":\"az\",\"@id\":\"https:\\\/\\\/www.meydan.tv\\\/az\\\/#\\\/schema\\\/logo\\\/image\\\/\",\"url\":\"https:\\\/\\\/www.meydan.tv\\\/wp-content\\\/uploads\\\/2021\\\/07\\\/meydan-logo.svg\",\"contentUrl\":\"https:\\\/\\\/www.meydan.tv\\\/wp-content\\\/uploads\\\/2021\\\/07\\\/meydan-logo.svg\",\"width\":195,\"height\":46,\"caption\":\"Meydan TV\"},\"image\":{\"@id\":\"https:\\\/\\\/www.meydan.tv\\\/az\\\/#\\\/schema\\\/logo\\\/image\\\/\"}},{\"@type\":\"Person\",\"@id\":\"https:\\\/\\\/www.meydan.tv\\\/az\\\/#\\\/schema\\\/person\\\/10d11eccf6da3662cf5fdab9806ea91a\",\"name\":\"user-manager\"}]}<\/script>\n<!-- \/ Yoast SEO plugin. -->","yoast_head_json":{"title":"BDU-da z\u0259h\u0259rl\u0259nm\u0259, t\u0259l\u0259b\u0259l\u0259r aras\u0131nda \u00f6l\u0259n var (yenil\u0259nib) - MEYDAN.TV","robots":{"index":"index","follow":"follow","max-snippet":"max-snippet:-1","max-image-preview":"max-image-preview:large","max-video-preview":"max-video-preview:-1"},"canonical":"https:\/\/www.meydan.tv\/az\/article\/bdu-da-zeherlenme-telebeler-arasinda-olen-var\/","og_locale":"az_AZ","og_type":"article","og_title":"BDU-da z\u0259h\u0259rl\u0259nm\u0259, t\u0259l\u0259b\u0259l\u0259r aras\u0131nda \u00f6l\u0259n var (yenil\u0259nib) - MEYDAN.TV","og_description":"\u201cH\u0259l\u0259lik hadis\u0259nin ba\u015f verm\u0259 s\u0259b\u0259bi m\u0259lum deyil\u201d.","og_url":"https:\/\/www.meydan.tv\/az\/article\/bdu-da-zeherlenme-telebeler-arasinda-olen-var\/","og_site_name":"MEYDAN.TV","article_published_time":"2019-11-21T22:18:04+00:00","og_image":[{"width":1280,"height":818,"url":"https:\/\/www.meydan.tv\/wp-content\/uploads\/34334.jpg","type":"image\/jpeg"}],"author":"user-manager","twitter_card":"summary_large_image","schema":{"@context":"https:\/\/schema.org","@graph":[{"@type":"Article","@id":"https:\/\/www.meydan.tv\/az\/article\/bdu-da-zeherlenme-telebeler-arasinda-olen-var\/#article","isPartOf":{"@id":"https:\/\/www.meydan.tv\/az\/article\/bdu-da-zeherlenme-telebeler-arasinda-olen-var\/"},"author":{"name":"user-manager","@id":"https:\/\/www.meydan.tv\/az\/#\/schema\/person\/10d11eccf6da3662cf5fdab9806ea91a"},"headline":"BDU-da z\u0259h\u0259rl\u0259nm\u0259, t\u0259l\u0259b\u0259l\u0259r aras\u0131nda \u00f6l\u0259n var (yenil\u0259nib)","datePublished":"2019-11-21T22:18:04+00:00","mainEntityOfPage":{"@id":"https:\/\/www.meydan.tv\/az\/article\/bdu-da-zeherlenme-telebeler-arasinda-olen-var\/"},"wordCount":536,"publisher":{"@id":"https:\/\/www.meydan.tv\/az\/#organization"},"image":{"@id":"https:\/\/www.meydan.tv\/az\/article\/bdu-da-zeherlenme-telebeler-arasinda-olen-var\/#primaryimage"},"thumbnailUrl":"https:\/\/www.meydan.tv\/wp-content\/uploads\/34334.jpg","articleSection":["Sosial"],"inLanguage":"az"},{"@type":"WebPage","@id":"https:\/\/www.meydan.tv\/az\/article\/bdu-da-zeherlenme-telebeler-arasinda-olen-var\/","url":"https:\/\/www.meydan.tv\/az\/article\/bdu-da-zeherlenme-telebeler-arasinda-olen-var\/","name":"BDU-da z\u0259h\u0259rl\u0259nm\u0259, t\u0259l\u0259b\u0259l\u0259r aras\u0131nda \u00f6l\u0259n var (yenil\u0259nib) - MEYDAN.TV","isPartOf":{"@id":"https:\/\/www.meydan.tv\/az\/#website"},"primaryImageOfPage":{"@id":"https:\/\/www.meydan.tv\/az\/article\/bdu-da-zeherlenme-telebeler-arasinda-olen-var\/#primaryimage"},"image":{"@id":"https:\/\/www.meydan.tv\/az\/article\/bdu-da-zeherlenme-telebeler-arasinda-olen-var\/#primaryimage"},"thumbnailUrl":"https:\/\/www.meydan.tv\/wp-content\/uploads\/34334.jpg","datePublished":"2019-11-21T22:18:04+00:00","breadcrumb":{"@id":"https:\/\/www.meydan.tv\/az\/article\/bdu-da-zeherlenme-telebeler-arasinda-olen-var\/#breadcrumb"},"inLanguage":"az","potentialAction":[{"@type":"ReadAction","target":["https:\/\/www.meydan.tv\/az\/article\/bdu-da-zeherlenme-telebeler-arasinda-olen-var\/"]}]},{"@type":"ImageObject","inLanguage":"az","@id":"https:\/\/www.meydan.tv\/az\/article\/bdu-da-zeherlenme-telebeler-arasinda-olen-var\/#primaryimage","url":"https:\/\/www.meydan.tv\/wp-content\/uploads\/34334.jpg","contentUrl":"https:\/\/www.meydan.tv\/wp-content\/uploads\/34334.jpg","width":1280,"height":818,"caption":"Source:"},{"@type":"BreadcrumbList","@id":"https:\/\/www.meydan.tv\/az\/article\/bdu-da-zeherlenme-telebeler-arasinda-olen-var\/#breadcrumb","itemListElement":[{"@type":"ListItem","position":1,"name":"Ana s\u0259hif\u0259","item":"https:\/\/www.meydan.tv\/az\/"},{"@type":"ListItem","position":2,"name":"Sosial","item":"https:\/\/www.meydan.tv\/az\/section\/sosial\/"},{"@type":"ListItem","position":3,"name":"BDU-da z\u0259h\u0259rl\u0259nm\u0259, t\u0259l\u0259b\u0259l\u0259r aras\u0131nda \u00f6l\u0259n var (yenil\u0259nib)"}]},{"@type":"WebSite","@id":"https:\/\/www.meydan.tv\/az\/#website","url":"https:\/\/www.meydan.tv\/az\/","name":"MEYDAN.TV","description":"Meydan TV Az\u0259rbaycan\u0131n media m\u0259kan\u0131ndak\u0131 alternativ s\u0259sidir","publisher":{"@id":"https:\/\/www.meydan.tv\/az\/#organization"},"potentialAction":[{"@type":"SearchAction","target":{"@type":"EntryPoint","urlTemplate":"https:\/\/www.meydan.tv\/az\/?s={search_term_string}"},"query-input":{"@type":"PropertyValueSpecification","valueRequired":true,"valueName":"search_term_string"}}],"inLanguage":"az"},{"@type":"Organization","@id":"https:\/\/www.meydan.tv\/az\/#organization","name":"Meydan TV","url":"https:\/\/www.meydan.tv\/az\/","logo":{"@type":"ImageObject","inLanguage":"az","@id":"https:\/\/www.meydan.tv\/az\/#\/schema\/logo\/image\/","url":"https:\/\/www.meydan.tv\/wp-content\/uploads\/2021\/07\/meydan-logo.svg","contentUrl":"https:\/\/www.meydan.tv\/wp-content\/uploads\/2021\/07\/meydan-logo.svg","width":195,"height":46,"caption":"Meydan TV"},"image":{"@id":"https:\/\/www.meydan.tv\/az\/#\/schema\/logo\/image\/"}},{"@type":"Person","@id":"https:\/\/www.meydan.tv\/az\/#\/schema\/person\/10d11eccf6da3662cf5fdab9806ea91a","name":"user-manager"}]}},"_links":{"self":[{"href":"https:\/\/www.meydan.tv\/az\/wp-json\/wp\/v2\/posts\/198043","targetHints":{"allow":["GET"]}}],"collection":[{"href":"https:\/\/www.meydan.tv\/az\/wp-json\/wp\/v2\/posts"}],"about":[{"href":"https:\/\/www.meydan.tv\/az\/wp-json\/wp\/v2\/types\/post"}],"author":[{"embeddable":true,"href":"https:\/\/www.meydan.tv\/az\/wp-json\/wp\/v2\/users\/11"}],"replies":[{"embeddable":true,"href":"https:\/\/www.meydan.tv\/az\/wp-json\/wp\/v2\/comments?post=198043"}],"version-history":[{"count":0,"href":"https:\/\/www.meydan.tv\/az\/wp-json\/wp\/v2\/posts\/198043\/revisions"}],"wp:featuredmedia":[{"embeddable":true,"href":"https:\/\/www.meydan.tv\/az\/wp-json\/wp\/v2\/media\/87105"}],"wp:attachment":[{"href":"https:\/\/www.meydan.tv\/az\/wp-json\/wp\/v2\/media?parent=198043"}],"wp:term":[{"taxonomy":"category","embeddable":true,"href":"https:\/\/www.meydan.tv\/az\/wp-json\/wp\/v2\/categories?post=198043"},{"taxonomy":"post_tag","embeddable":true,"href":"https:\/\/www.meydan.tv\/az\/wp-json\/wp\/v2\/tags?post=198043"}],"curies":[{"name":"wp","href":"https:\/\/api.w.org\/{rel}","templated":true}]}}