{"id":198041,"date":"2019-11-21T18:43:12","date_gmt":"2019-11-21T18:43:12","guid":{"rendered":"https:\/\/www.meydan.tv\/article\/xalxalqislaq-kendinin-sakinleri-ne-suyumuz-var-ne-qazimiz\/"},"modified":"2019-11-21T18:43:12","modified_gmt":"2019-11-21T18:43:12","slug":"xalxalqislaq-kendinin-sakinleri-ne-suyumuz-var-ne-qazimiz","status":"publish","type":"post","link":"https:\/\/www.meydan.tv\/az\/article\/xalxalqislaq-kendinin-sakinleri-ne-suyumuz-var-ne-qazimiz\/","title":{"rendered":"Xalxalq\u0131\u015flaq k\u0259ndinin sakinl\u0259ri: N\u0259 suyumuz var, n\u0259 qaz\u0131m\u0131z&#8230;"},"content":{"rendered":"<p>\n  <i><br \/>\n    K\u0259ndd\u0259 tibb m\u0259nt\u0259q\u0259sind\u0259 is\u0259 \u0259haliy\u0259 tibbi xidm\u0259t g\u00f6st\u0259rm\u0259k \u00fc\u00e7\u00fcn \u015f\u0259rait yoxdur<br \/>\n  <\/i>\n<\/p>\n<p>\n  \u201c\u015eaxtad\u0131r, soyuqdan donan kim, x\u0259st\u0259liy\u0259 tutulan kim&#8230; Hans\u0131 qap\u0131n\u0131 a\u00e7san\u0131z, sobaya atma\u011fa bir par\u00e7a odunu yoxdur\u201d.\n<\/p>\n<p>\n  O\u011fuzun Xalxalq\u0131\u015flaq k\u0259ndinin sakinl\u0259ri Meydan TV-y\u0259 dan\u0131\u015f\u0131rlar ki, ill\u0259rdir k\u0259ndd\u0259 n\u0259 qaz, n\u0259 d\u0259 su var.\n<\/p>\n<p>\n  2013-c\u00fc ilin avqustunda prezident \u0130lham \u018fliyev O\u011fuza i\u00e7m\u0259li suyun verilm\u0259si m\u0259rasimind\u0259 i\u015ftirak ed\u0259rk\u0259n tezlikl\u0259 k\u0259ndl\u0259rin d\u0259 i\u00e7m\u0259li su t\u0259chizat\u0131n\u0131n yax\u015f\u0131la\u015fd\u0131r\u0131laca\u011f\u0131n\u0131 bildirmi\u015fdi. Su x\u0259tti \u00e7\u0259kil\u0259c\u0259k k\u0259ndl\u0259rin siyah\u0131s\u0131nda Xalxalq\u0131\u015flaq da olub. Aradan ill\u0259r ke\u00e7ib, Xalxalq\u0131\u015flaq \u0259halisi h\u0259l\u0259 d\u0259 susuzluqdan \u0259ziyy\u0259t \u00e7\u0259kir.\n<\/p>\n<p>\n  <b><br \/>\n    \u201cDeyirl\u0259r, layih\u0259 b\u00f6y\u00fckd\u00fcr, \u00e7oxlu pul laz\u0131md\u0131r\u201d<br \/>\n  <\/b>\n<\/p>\n<p>\n  \u201cRayonda h\u0259m Xalxal, h\u0259m d\u0259 Xalxalq\u0131\u015flaq k\u0259ndi var. Xalxalda bir iri hovuz d\u00fcz\u0259ltdil\u0259r, da\u011fdan ax\u0131b g\u0259l\u0259n sudan \u00e7\u0259kdil\u0259r. Adamlar h\u0259min hovuzdan su g\u00f6t\u00fcr\u00fcr, susuzluq aradan qalx\u0131b. Bu biri qon\u015fu k\u0259ndin &#8211; \u018frm\u0259n\u0259tin d\u0259 su problemi h\u0259ll olunub. Ancaq bizim k\u0259nd\u0259 h\u0259l\u0259 d\u0259 su \u00e7\u0259kilm\u0259yib\u201d.\n<\/p>\n<p>\n  Sakinl\u0259rin dem\u0259sin\u0259 g\u00f6r\u0259, susuzlu\u011fun davam etm\u0259sin\u0259 s\u0259b\u0259b kimi onlara layih\u0259ni h\u0259yata ke\u00e7irm\u0259y\u0259 maliyy\u0259 ayr\u0131lmamas\u0131 il\u0259 izah olunur:\n<\/p>\n<p>\n  \u201cDeyirl\u0259r, b\u00f6y\u00fck oldu\u011funa g\u00f6r\u0259 h\u0259l\u0259 k\u0259ndinizl\u0259 ba\u011fl\u0131 su layih\u0259sini maliyy\u0259l\u0259\u015fdirm\u0259k m\u00fcmk\u00fcn deyil. K\u0259ndin \u0259razisi qon\u015fu k\u0259ndl\u0259r\u0259 nisb\u0259t\u0259n b\u00f6y\u00fck olsa da, c\u0259mi 60 ev var. \u0130ld\u0259 bir d\u0259f\u0259 g\u0259lirl\u0259r, k\u0259ndi o ba\u015fdan bu ba\u015fa \u00f6l\u00e7\u00fcb-bi\u00e7irl\u0259r, sakinl\u0259r\u0259 s\u0259n\u0259dl\u0259r\u0259 qol \u00e7\u0259kdirib gedirl\u0259r. \u0130cra hakimiyy\u0259tinin n\u00fcmay\u0259nd\u0259l\u0259ri k\u0259ndd\u0259 iki d\u0259f\u0259 toplant\u0131 ke\u00e7iribl\u0259r, sakinl\u0259ri toplay\u0131b, \u015firin v\u0259dl\u0259r veribl\u0259r. \u00c7ay\u0131n \u00e7irkli suyunu i\u00e7irik, m\u0259i\u015f\u0259td\u0259 h\u0259min \u00e7irkli suyu istifad\u0259 edirik\u201d.\n<\/p>\n<figure class=\"wp-block-image size-large\">\n  <img decoding=\"async\" src=\"https:\/\/www.meydan.tv\/az\/image_from_ios_1_ejwpi4h\/\" alt=\"image_from_ios_1_ejwpi4h\" class=\"wp-image-133398\"\/><figcaption>\n    &#8220;Bizim k\u0259nd\u0259 h\u0259l\u0259 d\u0259 su \u00e7\u0259kilm\u0259yib&#8221;<br \/>\n  <\/figcaption><\/figure>\n<p>\n  <b><br \/>\n    \u201cPrezidentin S\u0259r\u0259ncam\u0131 il\u0259 qaz\u0131lan quyu da qurudu\u201d<br \/>\n  <\/b>\n<\/p>\n<p>\n  K\u0259ndlil\u0259rin dem\u0259sin\u0259 g\u00f6r\u0259, 2014-c\u00fc ild\u0259 prezident \u0130lham \u018fliyevin S\u0259r\u0259ncam\u0131 il\u0259 k\u0259ndd\u0259 artezian quyu qaz\u0131l\u0131b. Ancaq k\u0259ndlil\u0259r quyudan vur-tut 14 vedr\u0259 su g\u00f6t\u00fcr\u0259 bilibl\u0259r. Sonra o quyuda da su olmay\u0131b, zaman ke\u00e7dikc\u0259, istifad\u0259siz quyu da\u011f\u0131l\u0131b. 1 il \u0259vv\u0259ls\u0259 k\u0259ndd\u0259 \u00f6l\u00e7\u00fc i\u015fl\u0259ri aparandan sonra sakinl\u0259r\u0259 bildirilib ki, tezlikl\u0259 su \u00e7\u0259kili\u015fl\u0259rin\u0259 ba\u015flanacaq. Ancaq sakinl\u0259r bir d\u0259 g\u00f6r\u00fcb ki, su \u00e7\u0259kili\u015fi \u00fc\u00e7\u00fcn avadanl\u0131q v\u0259 borular qon\u015fuluqdak\u0131 \u015eirvanl\u0131 k\u0259ndin\u0259 da\u015f\u0131n\u0131r. Tezlilk\u0259 \u015eirvanl\u0131ya su \u00e7\u0259kilib. Xalxalq\u0131\u015flaq sakinl\u0259rin\u0259 is\u0259 yen\u0259 d\u0259 k\u00f6ks \u00f6t\u00fcr\u0259r\u0259k g\u00f6zl\u0259m\u0259k qal\u0131b.\n<\/p>\n<p>\n  K\u0259ndd\u0259 qaz da yoxdur. K\u0259ndlil\u0259r deyir, \u00e7\u0131r-\u00e7\u0131rp\u0131 \u00fc\u00e7\u00fcn me\u015f\u0259y\u0259 yax\u0131n d\u00fc\u015f\u0259 bilmirl\u0259r. Odun is\u0259 \u00e7ox bahad\u0131r.\n<\/p>\n<p>\n  <b><br \/>\n    \u201cMe\u015f\u0259y\u0259 buraxm\u0131rlar, odunu da baha sat\u0131rlar\u201d<br \/>\n  <\/b>\n<\/p>\n<p>\n  \u201cOdunun kubu 14 manat 50 q\u0259pikdir. Bir ma\u015f\u0131n odun 300 manata ba\u015fa g\u0259lir. Kas\u0131b k\u0259nddir, he\u00e7 kim i\u015fl\u0259mir, heyvandarl\u0131qla, \u0259kin\u00e7ilikl\u0259 m\u0259\u015f\u011ful olmaq m\u00fcmk\u00fcn deyil ki, adam \u0259kdiyi m\u0259hsulu, saxlad\u0131\u011f\u0131 heyvan\u0131n qat\u0131\u011f\u0131n\u0131, s\u00fcd\u00fcn\u00fc, pendirini sat\u0131b odun ala&#8230; Bir \u0259lac\u0131 var ki, k\u0259ndi qazla\u015fd\u0131rs\u0131nlar. \u0130ll\u0259rdir ki, ya\u011fl\u0131 v\u0259dd\u0259n ba\u015fqa he\u00e7 n\u0259 g\u00f6rm\u00fcr\u00fck. K\u00f6rp\u0259 u\u015faqlar, qoca, x\u0259st\u0259 insanlar soyu\u011fa tab g\u0259tirmir. Be\u015fc\u0259 evd\u0259 elektrik cihaz\u0131 qo\u015fan kimi k\u0259ndin elektrik \u015fiti davam g\u0259tirmir. 60 ev nec\u0259 q\u0131z\u0131ns\u0131n?\u201d\n<\/p>\n<p>\n  Bir d\u0259 k\u0259ndd\u0259 tibb m\u0259nt\u0259q\u0259si v\u0259 k\u0259nddaxili yol problemi var. Sakinl\u0259r tibb m\u0259nt\u0259q\u0259sinin t\u0259miri v\u0259 tibbi xidm\u0259t \u00fc\u00e7\u00fcn laz\u0131mi avadanl\u0131qlarla t\u0259chizat\u0131 \u00fc\u00e7\u00fcn aidiyy\u0259ti qurumlara m\u00fcraci\u0259t edibl\u0259r. Ancaq k\u0259ndd\u0259ki tibb m\u0259nt\u0259q\u0259si t\u0259mir olunmay\u0131b, qap\u0131s\u0131 is\u0259 k\u0259ndlil\u0259rin \u00fcz\u00fcn\u0259 nadir hallarda a\u00e7\u0131q olur. Sakinl\u0259r tibbi yard\u0131m almaq \u00fc\u00e7\u00fcn O\u011fuzun m\u0259rk\u0259zin\u0259 getm\u0259li olurlar.\n<\/p>\n<figure class=\"wp-block-image size-large\">\n  <img decoding=\"async\" src=\"https:\/\/www.meydan.tv\/az\/image_from_ios-2-jpg-68\/\" alt=\"image_from_ios (2).jpg\" class=\"wp-image-133401\"\/><figcaption>\n    &#8220;Sakinl\u0259r tibbi yard\u0131m almaq \u00fc\u00e7\u00fcn O\u011fuzun m\u0259rk\u0259zin\u0259 getm\u0259li olurlar&#8221;<br \/>\n  <\/figcaption><\/figure>\n<p>\n  Yollara g\u0259linc\u0259 is\u0259, yayda tozlu, q\u0131\u015fda pal\u00e7\u0131ql\u0131 olan yollar h\u0259m ma\u015f\u0131nlar\u0131n, h\u0259m d\u0259 piyadalar\u0131n h\u0259r\u0259k\u0259tin\u0259 narahat\u00e7\u0131l\u0131q yarad\u0131r.\n<\/p>\n<p>\n  O\u011fuz Rayon \u0130cra Hakimiyy\u0259tind\u0259n Meydan TV-y\u0259 bildirilib ki, rayonun i\u00e7m\u0259li su v\u0259 mavi yanacaq problemi m\u0259rh\u0259l\u0259-m\u0259rh\u0259l\u0259 h\u0259ll olunur. Son bir ne\u00e7\u0259 ild\u0259 h\u0259m O\u011fuz \u015f\u0259h\u0259rind\u0259, h\u0259m d\u0259 k\u0259ndl\u0259rin \u0259ks\u0259riyy\u0259tind\u0259 bu probleml\u0259r tamamil\u0259 aradan qald\u0131r\u0131l\u0131b. 2031-ci il\u0259d\u0259k is\u0259 O\u011fuzda istiliksiz v\u0259 susuz k\u0259nd qalmayacaq:\n<\/p>\n<p>\n  \u201c\u00dcmumiyy\u0259tl\u0259, qazd\u0131r, sudur, i\u015f\u0131qd\u0131r, tibb m\u0259nt\u0259q\u0259sidir, yoldur \u2013 bu probleml\u0259rl\u0259 ba\u011fl\u0131 \u015fikay\u0259tl\u0259r daxil olanda biz d\u0259 \u00f6z x\u0259ttimizl\u0259 aidiyy\u0259ti qurumlara \u00fcnvanlay\u0131r\u0131q v\u0259 h\u0259llin\u0259 \u00e7al\u0131\u015f\u0131r\u0131q. Su layih\u0259l\u0259ri \u00e7oxdand\u0131r ki, icra olunur v\u0259 haz\u0131rda da davam edir. Xalxalq\u0131\u015flaq k\u0259ndinin su t\u0259chizat\u0131 layih\u0259si d\u0259 var, tezlikl\u0259 icra olunacaq\u201d.\n<\/p>\n<figure class=\"wp-block-image size-large\">\n  <img decoding=\"async\" src=\"https:\/\/www.meydan.tv\/az\/image_from_ios-3-jpg-34\/\" alt=\"image_from_ios (3).jpg\" class=\"wp-image-133404\"\/><figcaption>\n    &#8220;Aradan ill\u0259r ke\u00e7ib, Xalxalq\u0131\u015flaq \u0259halisi h\u0259l\u0259 d\u0259 susuzluqdan \u0259ziyy\u0259t \u00e7\u0259kir&#8221;<br \/>\n  <\/figcaption><\/figure>\n","protected":false},"excerpt":{"rendered":"<p>&#8220;K\u00f6rp\u0259 u\u015faqlar, qoca, x\u0259st\u0259 insanlar soyu\u011fa tab g\u0259tirmir&#8221;<\/p>\n","protected":false},"author":11,"featured_media":133392,"comment_status":"closed","ping_status":"open","sticky":false,"template":"","format":"standard","meta":{"_acf_changed":false,"_sitemap_exclude":false,"_sitemap_priority":"","_sitemap_frequency":"","footnotes":""},"categories":[60],"tags":[],"class_list":["post-198041","post","type-post","status-publish","format-standard","has-post-thumbnail","hentry","category-bolge","infinite-scroll-item","generate-columns","tablet-grid-50","mobile-grid-100","grid-parent","grid-33","no-featured-image-padding"],"acf":[],"yoast_head":"<!-- This site is optimized with the Yoast SEO plugin v27.5 - https:\/\/yoast.com\/product\/yoast-seo-wordpress\/ -->\n<title>Xalxalq\u0131\u015flaq k\u0259ndinin sakinl\u0259ri: N\u0259 suyumuz var, n\u0259 qaz\u0131m\u0131z... - MEYDAN.TV<\/title>\n<meta name=\"robots\" content=\"index, follow, max-snippet:-1, max-image-preview:large, max-video-preview:-1\" \/>\n<link rel=\"canonical\" href=\"https:\/\/www.meydan.tv\/az\/article\/xalxalqislaq-kendinin-sakinleri-ne-suyumuz-var-ne-qazimiz\/\" \/>\n<meta property=\"og:locale\" content=\"az_AZ\" \/>\n<meta property=\"og:type\" content=\"article\" \/>\n<meta property=\"og:title\" content=\"Xalxalq\u0131\u015flaq k\u0259ndinin sakinl\u0259ri: N\u0259 suyumuz var, n\u0259 qaz\u0131m\u0131z... - MEYDAN.TV\" \/>\n<meta property=\"og:description\" content=\"&quot;K\u00f6rp\u0259 u\u015faqlar, qoca, x\u0259st\u0259 insanlar soyu\u011fa tab g\u0259tirmir&quot;\" \/>\n<meta property=\"og:url\" content=\"https:\/\/www.meydan.tv\/az\/article\/xalxalqislaq-kendinin-sakinleri-ne-suyumuz-var-ne-qazimiz\/\" \/>\n<meta property=\"og:site_name\" content=\"MEYDAN.TV\" \/>\n<meta property=\"article:published_time\" content=\"2019-11-21T18:43:12+00:00\" \/>\n<meta property=\"og:image\" content=\"https:\/\/www.meydan.tv\/wp-content\/uploads\/image_from_ios_xzxlp1o.jpg\" \/>\n\t<meta property=\"og:image:width\" content=\"1024\" \/>\n\t<meta property=\"og:image:height\" content=\"768\" \/>\n\t<meta property=\"og:image:type\" content=\"image\/jpeg\" \/>\n<meta name=\"author\" content=\"user-manager\" \/>\n<meta name=\"twitter:card\" content=\"summary_large_image\" \/>\n<script type=\"application\/ld+json\" class=\"yoast-schema-graph\">{\"@context\":\"https:\\\/\\\/schema.org\",\"@graph\":[{\"@type\":\"Article\",\"@id\":\"https:\\\/\\\/www.meydan.tv\\\/az\\\/article\\\/xalxalqislaq-kendinin-sakinleri-ne-suyumuz-var-ne-qazimiz\\\/#article\",\"isPartOf\":{\"@id\":\"https:\\\/\\\/www.meydan.tv\\\/az\\\/article\\\/xalxalqislaq-kendinin-sakinleri-ne-suyumuz-var-ne-qazimiz\\\/\"},\"author\":{\"name\":\"user-manager\",\"@id\":\"https:\\\/\\\/www.meydan.tv\\\/az\\\/#\\\/schema\\\/person\\\/10d11eccf6da3662cf5fdab9806ea91a\"},\"headline\":\"Xalxalq\u0131\u015flaq k\u0259ndinin sakinl\u0259ri: N\u0259 suyumuz var, n\u0259 qaz\u0131m\u0131z&#8230;\",\"datePublished\":\"2019-11-21T18:43:12+00:00\",\"mainEntityOfPage\":{\"@id\":\"https:\\\/\\\/www.meydan.tv\\\/az\\\/article\\\/xalxalqislaq-kendinin-sakinleri-ne-suyumuz-var-ne-qazimiz\\\/\"},\"wordCount\":952,\"publisher\":{\"@id\":\"https:\\\/\\\/www.meydan.tv\\\/az\\\/#organization\"},\"image\":{\"@id\":\"https:\\\/\\\/www.meydan.tv\\\/az\\\/article\\\/xalxalqislaq-kendinin-sakinleri-ne-suyumuz-var-ne-qazimiz\\\/#primaryimage\"},\"thumbnailUrl\":\"https:\\\/\\\/www.meydan.tv\\\/wp-content\\\/uploads\\\/image_from_ios_xzxlp1o.jpg\",\"articleSection\":[\"B\u00f6lg\u0259\"],\"inLanguage\":\"az\"},{\"@type\":\"WebPage\",\"@id\":\"https:\\\/\\\/www.meydan.tv\\\/az\\\/article\\\/xalxalqislaq-kendinin-sakinleri-ne-suyumuz-var-ne-qazimiz\\\/\",\"url\":\"https:\\\/\\\/www.meydan.tv\\\/az\\\/article\\\/xalxalqislaq-kendinin-sakinleri-ne-suyumuz-var-ne-qazimiz\\\/\",\"name\":\"Xalxalq\u0131\u015flaq k\u0259ndinin sakinl\u0259ri: N\u0259 suyumuz var, n\u0259 qaz\u0131m\u0131z... - MEYDAN.TV\",\"isPartOf\":{\"@id\":\"https:\\\/\\\/www.meydan.tv\\\/az\\\/#website\"},\"primaryImageOfPage\":{\"@id\":\"https:\\\/\\\/www.meydan.tv\\\/az\\\/article\\\/xalxalqislaq-kendinin-sakinleri-ne-suyumuz-var-ne-qazimiz\\\/#primaryimage\"},\"image\":{\"@id\":\"https:\\\/\\\/www.meydan.tv\\\/az\\\/article\\\/xalxalqislaq-kendinin-sakinleri-ne-suyumuz-var-ne-qazimiz\\\/#primaryimage\"},\"thumbnailUrl\":\"https:\\\/\\\/www.meydan.tv\\\/wp-content\\\/uploads\\\/image_from_ios_xzxlp1o.jpg\",\"datePublished\":\"2019-11-21T18:43:12+00:00\",\"breadcrumb\":{\"@id\":\"https:\\\/\\\/www.meydan.tv\\\/az\\\/article\\\/xalxalqislaq-kendinin-sakinleri-ne-suyumuz-var-ne-qazimiz\\\/#breadcrumb\"},\"inLanguage\":\"az\",\"potentialAction\":[{\"@type\":\"ReadAction\",\"target\":[\"https:\\\/\\\/www.meydan.tv\\\/az\\\/article\\\/xalxalqislaq-kendinin-sakinleri-ne-suyumuz-var-ne-qazimiz\\\/\"]}]},{\"@type\":\"ImageObject\",\"inLanguage\":\"az\",\"@id\":\"https:\\\/\\\/www.meydan.tv\\\/az\\\/article\\\/xalxalqislaq-kendinin-sakinleri-ne-suyumuz-var-ne-qazimiz\\\/#primaryimage\",\"url\":\"https:\\\/\\\/www.meydan.tv\\\/wp-content\\\/uploads\\\/image_from_ios_xzxlp1o.jpg\",\"contentUrl\":\"https:\\\/\\\/www.meydan.tv\\\/wp-content\\\/uploads\\\/image_from_ios_xzxlp1o.jpg\",\"width\":1024,\"height\":768,\"caption\":\"Source: Specify Source\"},{\"@type\":\"BreadcrumbList\",\"@id\":\"https:\\\/\\\/www.meydan.tv\\\/az\\\/article\\\/xalxalqislaq-kendinin-sakinleri-ne-suyumuz-var-ne-qazimiz\\\/#breadcrumb\",\"itemListElement\":[{\"@type\":\"ListItem\",\"position\":1,\"name\":\"Ana s\u0259hif\u0259\",\"item\":\"https:\\\/\\\/www.meydan.tv\\\/az\\\/\"},{\"@type\":\"ListItem\",\"position\":2,\"name\":\"B\u00f6lg\u0259\",\"item\":\"https:\\\/\\\/www.meydan.tv\\\/az\\\/section\\\/bolge\\\/\"},{\"@type\":\"ListItem\",\"position\":3,\"name\":\"Xalxalq\u0131\u015flaq k\u0259ndinin sakinl\u0259ri: N\u0259 suyumuz var, n\u0259 qaz\u0131m\u0131z&#8230;\"}]},{\"@type\":\"WebSite\",\"@id\":\"https:\\\/\\\/www.meydan.tv\\\/az\\\/#website\",\"url\":\"https:\\\/\\\/www.meydan.tv\\\/az\\\/\",\"name\":\"MEYDAN.TV\",\"description\":\"Meydan TV Az\u0259rbaycan\u0131n media m\u0259kan\u0131ndak\u0131 alternativ s\u0259sidir\",\"publisher\":{\"@id\":\"https:\\\/\\\/www.meydan.tv\\\/az\\\/#organization\"},\"potentialAction\":[{\"@type\":\"SearchAction\",\"target\":{\"@type\":\"EntryPoint\",\"urlTemplate\":\"https:\\\/\\\/www.meydan.tv\\\/az\\\/?s={search_term_string}\"},\"query-input\":{\"@type\":\"PropertyValueSpecification\",\"valueRequired\":true,\"valueName\":\"search_term_string\"}}],\"inLanguage\":\"az\"},{\"@type\":\"Organization\",\"@id\":\"https:\\\/\\\/www.meydan.tv\\\/az\\\/#organization\",\"name\":\"Meydan TV\",\"url\":\"https:\\\/\\\/www.meydan.tv\\\/az\\\/\",\"logo\":{\"@type\":\"ImageObject\",\"inLanguage\":\"az\",\"@id\":\"https:\\\/\\\/www.meydan.tv\\\/az\\\/#\\\/schema\\\/logo\\\/image\\\/\",\"url\":\"https:\\\/\\\/www.meydan.tv\\\/wp-content\\\/uploads\\\/2021\\\/07\\\/meydan-logo.svg\",\"contentUrl\":\"https:\\\/\\\/www.meydan.tv\\\/wp-content\\\/uploads\\\/2021\\\/07\\\/meydan-logo.svg\",\"width\":195,\"height\":46,\"caption\":\"Meydan TV\"},\"image\":{\"@id\":\"https:\\\/\\\/www.meydan.tv\\\/az\\\/#\\\/schema\\\/logo\\\/image\\\/\"}},{\"@type\":\"Person\",\"@id\":\"https:\\\/\\\/www.meydan.tv\\\/az\\\/#\\\/schema\\\/person\\\/10d11eccf6da3662cf5fdab9806ea91a\",\"name\":\"user-manager\"}]}<\/script>\n<!-- \/ Yoast SEO plugin. -->","yoast_head_json":{"title":"Xalxalq\u0131\u015flaq k\u0259ndinin sakinl\u0259ri: N\u0259 suyumuz var, n\u0259 qaz\u0131m\u0131z... - MEYDAN.TV","robots":{"index":"index","follow":"follow","max-snippet":"max-snippet:-1","max-image-preview":"max-image-preview:large","max-video-preview":"max-video-preview:-1"},"canonical":"https:\/\/www.meydan.tv\/az\/article\/xalxalqislaq-kendinin-sakinleri-ne-suyumuz-var-ne-qazimiz\/","og_locale":"az_AZ","og_type":"article","og_title":"Xalxalq\u0131\u015flaq k\u0259ndinin sakinl\u0259ri: N\u0259 suyumuz var, n\u0259 qaz\u0131m\u0131z... - MEYDAN.TV","og_description":"\"K\u00f6rp\u0259 u\u015faqlar, qoca, x\u0259st\u0259 insanlar soyu\u011fa tab g\u0259tirmir\"","og_url":"https:\/\/www.meydan.tv\/az\/article\/xalxalqislaq-kendinin-sakinleri-ne-suyumuz-var-ne-qazimiz\/","og_site_name":"MEYDAN.TV","article_published_time":"2019-11-21T18:43:12+00:00","og_image":[{"width":1024,"height":768,"url":"https:\/\/www.meydan.tv\/wp-content\/uploads\/image_from_ios_xzxlp1o.jpg","type":"image\/jpeg"}],"author":"user-manager","twitter_card":"summary_large_image","schema":{"@context":"https:\/\/schema.org","@graph":[{"@type":"Article","@id":"https:\/\/www.meydan.tv\/az\/article\/xalxalqislaq-kendinin-sakinleri-ne-suyumuz-var-ne-qazimiz\/#article","isPartOf":{"@id":"https:\/\/www.meydan.tv\/az\/article\/xalxalqislaq-kendinin-sakinleri-ne-suyumuz-var-ne-qazimiz\/"},"author":{"name":"user-manager","@id":"https:\/\/www.meydan.tv\/az\/#\/schema\/person\/10d11eccf6da3662cf5fdab9806ea91a"},"headline":"Xalxalq\u0131\u015flaq k\u0259ndinin sakinl\u0259ri: N\u0259 suyumuz var, n\u0259 qaz\u0131m\u0131z&#8230;","datePublished":"2019-11-21T18:43:12+00:00","mainEntityOfPage":{"@id":"https:\/\/www.meydan.tv\/az\/article\/xalxalqislaq-kendinin-sakinleri-ne-suyumuz-var-ne-qazimiz\/"},"wordCount":952,"publisher":{"@id":"https:\/\/www.meydan.tv\/az\/#organization"},"image":{"@id":"https:\/\/www.meydan.tv\/az\/article\/xalxalqislaq-kendinin-sakinleri-ne-suyumuz-var-ne-qazimiz\/#primaryimage"},"thumbnailUrl":"https:\/\/www.meydan.tv\/wp-content\/uploads\/image_from_ios_xzxlp1o.jpg","articleSection":["B\u00f6lg\u0259"],"inLanguage":"az"},{"@type":"WebPage","@id":"https:\/\/www.meydan.tv\/az\/article\/xalxalqislaq-kendinin-sakinleri-ne-suyumuz-var-ne-qazimiz\/","url":"https:\/\/www.meydan.tv\/az\/article\/xalxalqislaq-kendinin-sakinleri-ne-suyumuz-var-ne-qazimiz\/","name":"Xalxalq\u0131\u015flaq k\u0259ndinin sakinl\u0259ri: N\u0259 suyumuz var, n\u0259 qaz\u0131m\u0131z... - MEYDAN.TV","isPartOf":{"@id":"https:\/\/www.meydan.tv\/az\/#website"},"primaryImageOfPage":{"@id":"https:\/\/www.meydan.tv\/az\/article\/xalxalqislaq-kendinin-sakinleri-ne-suyumuz-var-ne-qazimiz\/#primaryimage"},"image":{"@id":"https:\/\/www.meydan.tv\/az\/article\/xalxalqislaq-kendinin-sakinleri-ne-suyumuz-var-ne-qazimiz\/#primaryimage"},"thumbnailUrl":"https:\/\/www.meydan.tv\/wp-content\/uploads\/image_from_ios_xzxlp1o.jpg","datePublished":"2019-11-21T18:43:12+00:00","breadcrumb":{"@id":"https:\/\/www.meydan.tv\/az\/article\/xalxalqislaq-kendinin-sakinleri-ne-suyumuz-var-ne-qazimiz\/#breadcrumb"},"inLanguage":"az","potentialAction":[{"@type":"ReadAction","target":["https:\/\/www.meydan.tv\/az\/article\/xalxalqislaq-kendinin-sakinleri-ne-suyumuz-var-ne-qazimiz\/"]}]},{"@type":"ImageObject","inLanguage":"az","@id":"https:\/\/www.meydan.tv\/az\/article\/xalxalqislaq-kendinin-sakinleri-ne-suyumuz-var-ne-qazimiz\/#primaryimage","url":"https:\/\/www.meydan.tv\/wp-content\/uploads\/image_from_ios_xzxlp1o.jpg","contentUrl":"https:\/\/www.meydan.tv\/wp-content\/uploads\/image_from_ios_xzxlp1o.jpg","width":1024,"height":768,"caption":"Source: Specify Source"},{"@type":"BreadcrumbList","@id":"https:\/\/www.meydan.tv\/az\/article\/xalxalqislaq-kendinin-sakinleri-ne-suyumuz-var-ne-qazimiz\/#breadcrumb","itemListElement":[{"@type":"ListItem","position":1,"name":"Ana s\u0259hif\u0259","item":"https:\/\/www.meydan.tv\/az\/"},{"@type":"ListItem","position":2,"name":"B\u00f6lg\u0259","item":"https:\/\/www.meydan.tv\/az\/section\/bolge\/"},{"@type":"ListItem","position":3,"name":"Xalxalq\u0131\u015flaq k\u0259ndinin sakinl\u0259ri: N\u0259 suyumuz var, n\u0259 qaz\u0131m\u0131z&#8230;"}]},{"@type":"WebSite","@id":"https:\/\/www.meydan.tv\/az\/#website","url":"https:\/\/www.meydan.tv\/az\/","name":"MEYDAN.TV","description":"Meydan TV Az\u0259rbaycan\u0131n media m\u0259kan\u0131ndak\u0131 alternativ s\u0259sidir","publisher":{"@id":"https:\/\/www.meydan.tv\/az\/#organization"},"potentialAction":[{"@type":"SearchAction","target":{"@type":"EntryPoint","urlTemplate":"https:\/\/www.meydan.tv\/az\/?s={search_term_string}"},"query-input":{"@type":"PropertyValueSpecification","valueRequired":true,"valueName":"search_term_string"}}],"inLanguage":"az"},{"@type":"Organization","@id":"https:\/\/www.meydan.tv\/az\/#organization","name":"Meydan TV","url":"https:\/\/www.meydan.tv\/az\/","logo":{"@type":"ImageObject","inLanguage":"az","@id":"https:\/\/www.meydan.tv\/az\/#\/schema\/logo\/image\/","url":"https:\/\/www.meydan.tv\/wp-content\/uploads\/2021\/07\/meydan-logo.svg","contentUrl":"https:\/\/www.meydan.tv\/wp-content\/uploads\/2021\/07\/meydan-logo.svg","width":195,"height":46,"caption":"Meydan TV"},"image":{"@id":"https:\/\/www.meydan.tv\/az\/#\/schema\/logo\/image\/"}},{"@type":"Person","@id":"https:\/\/www.meydan.tv\/az\/#\/schema\/person\/10d11eccf6da3662cf5fdab9806ea91a","name":"user-manager"}]}},"_links":{"self":[{"href":"https:\/\/www.meydan.tv\/az\/wp-json\/wp\/v2\/posts\/198041","targetHints":{"allow":["GET"]}}],"collection":[{"href":"https:\/\/www.meydan.tv\/az\/wp-json\/wp\/v2\/posts"}],"about":[{"href":"https:\/\/www.meydan.tv\/az\/wp-json\/wp\/v2\/types\/post"}],"author":[{"embeddable":true,"href":"https:\/\/www.meydan.tv\/az\/wp-json\/wp\/v2\/users\/11"}],"replies":[{"embeddable":true,"href":"https:\/\/www.meydan.tv\/az\/wp-json\/wp\/v2\/comments?post=198041"}],"version-history":[{"count":0,"href":"https:\/\/www.meydan.tv\/az\/wp-json\/wp\/v2\/posts\/198041\/revisions"}],"wp:featuredmedia":[{"embeddable":true,"href":"https:\/\/www.meydan.tv\/az\/wp-json\/wp\/v2\/media\/133392"}],"wp:attachment":[{"href":"https:\/\/www.meydan.tv\/az\/wp-json\/wp\/v2\/media?parent=198041"}],"wp:term":[{"taxonomy":"category","embeddable":true,"href":"https:\/\/www.meydan.tv\/az\/wp-json\/wp\/v2\/categories?post=198041"},{"taxonomy":"post_tag","embeddable":true,"href":"https:\/\/www.meydan.tv\/az\/wp-json\/wp\/v2\/tags?post=198041"}],"curies":[{"name":"wp","href":"https:\/\/api.w.org\/{rel}","templated":true}]}}