{"id":198036,"date":"2019-11-21T13:16:13","date_gmt":"2019-11-21T13:16:13","guid":{"rendered":"https:\/\/www.meydan.tv\/article\/fhn-herbi-hissesinde-esgerler-doyulur-ayaqqabi-sotkasiyla-yer-supurdulur\/"},"modified":"2019-11-21T13:16:13","modified_gmt":"2019-11-21T13:16:13","slug":"fhn-herbi-hissesinde-esgerler-doyulur-ayaqqabi-sotkasiyla-yer-supurdulur","status":"publish","type":"post","link":"https:\/\/www.meydan.tv\/az\/article\/fhn-herbi-hissesinde-esgerler-doyulur-ayaqqabi-sotkasiyla-yer-supurdulur\/","title":{"rendered":"&#8220;FHN-in h\u0259rbi hiss\u0259sind\u0259 \u0259sg\u0259rl\u0259r d\u00f6y\u00fcl\u00fcr, ayaqqab\u0131 \u015fotkas\u0131yla yer s\u00fcp\u00fcrd\u00fcl\u00fcr&#8221;"},"content":{"rendered":"<p>\n  F\u00f6vq\u0259lad\u0259 Hallar Nazirliyinin (FHN) M\u00fclki M\u00fcdafi\u0259 Qo\u015funlar\u0131n\u0131n \u015eirvan \u015f\u0259h\u0259rind\u0259 yerl\u0259\u015f\u0259n N sayl\u0131 h\u0259rbi hiss\u0259nin zabitl\u0259rind\u0259n \u015fikay\u0259tl\u0259r var. Rayonun \u00c7\u0131lpaql\u0131q q\u0259s\u0259b\u0259sind\u0259 yerl\u0259\u015f\u0259n bu h\u0259rbi hiss\u0259y\u0259 Polkovnik-leytenant Az\u0259r Eldar o\u011flu M\u0259mm\u0259dovun komandanl\u0131q etdiyi bildirilir.\n<\/p>\n<p>\n  Meydan TV-y\u0259 \u015fikay\u0259t ed\u0259n bir qrup \u0259sg\u0259r zabitl\u0259rin onlara i\u015fg\u0259nc\u0259 verdiyini, al\u00e7altma\u011fa \u00e7al\u0131\u015fd\u0131qlar\u0131n\u0131 deyir. \u015eikay\u0259t\u00e7il\u0259r aras\u0131nda h\u0259rbi xidm\u0259tini ba\u015fa vuranlar da var.\n<\/p>\n<p>\n  Meydan TV t\u0259hl\u00fck\u0259sizlik bax\u0131m\u0131ndan h\u0259min \u0259sg\u0259rl\u0259rin kimliyini a\u00e7\u0131qlam\u0131r.\n<\/p>\n<p>\n  \u015eikay\u0259t\u00e7il\u0259rin s\u00f6zl\u0259rin\u0259 g\u00f6r\u0259, zabitl\u0259r m\u00fct\u0259mmadi olaraq \u0259sg\u0259rl\u0259ri t\u0259hqir edir v\u0259 i\u015fg\u0259nc\u0259y\u0259 m\u0259ruz qoyurlar.\n<\/p>\n<h3>\n  Ayaqqab\u0131 \u015fotkas\u0131 il\u0259 yer t\u0259mizl\u0259m\u0259<br \/>\n<\/h3>\n<p>\n  \u018fsas \u015fikay\u0259tl\u0259rd\u0259n biri h\u0259rb\u00e7i Azad A\u011fayevl\u0259 ba\u011fl\u0131d\u0131r. \u018fsg\u0259rl\u0259rin s\u00f6zl\u0259rin\u0259 g\u00f6r\u0259, Azad A\u011fayevin sevimli m\u0259\u015f\u011fuliyy\u0259ti \u0259sg\u0259rl\u0259r\u0259 ayaqqab\u0131 \u015fotkas\u0131 il\u0259 q\u0259rargah\u0131 t\u0259mizl\u0259tdirm\u0259kdir.\n<\/p>\n<p>\n  \u201cYer silm\u0259k \u00fc\u00e7\u00fcn vasit\u0259 oldu\u011fu halda bil\u0259r\u0259kd\u0259n \u0259sg\u0259rl\u0259ri al\u00e7ald\u0131r. S\u0131ran\u0131n \u00f6n\u00fcnd\u0259 durark\u0259n \u0259sg\u0259rl\u0259ri t\u0259hqir edir v\u0259 s\u00f6y\u00fcr. \u0130st\u0259diyi adam\u0131 yumruqla d\u00f6y\u00fcr\u201d, &#8211; \u015fikay\u0259t\u00e7il\u0259r deyir.\n<\/p>\n<figure class=\"wp-block-image size-large\">\n  <img decoding=\"async\" src=\"https:\/\/www.meydan.tv\/az\/untitled9-4-png\/\" alt=\"untitled9 (4).png\" class=\"wp-image-133344\"\/><figcaption>\n    H\u0259rb\u00e7i Azad A\u011fayev<br \/>\n  <\/figcaption><\/figure>\n<p>\n  Onlar\u0131n s\u00f6zl\u0259rin\u0259 g\u00f6r\u0259, Daxili Xidm\u0259t Nizamnam\u0259sinin 142-ci madd\u0259sin\u0259 g\u00f6r\u0259 b\u00f6l\u00fcy\u00fcn t\u0259\u015fkili zaman\u0131 h\u0259rbi qulluq\u00e7ular \u00fc\u00e7\u00fcn siqaret\u00e7\u0259km\u0259 otaqlar\u0131 yarad\u0131lmal\u0131d\u0131r. Ancaq bu h\u0259rbi hiss\u0259d\u0259 qaydaya \u0259m\u0259l olunmay\u0131b:\n<\/p>\n<p>\n  \u201cB\u00fct\u00fcn h\u0259rbi hiss\u0259l\u0259rd\u0259 \u0259sg\u0259rl\u0259r rahat siqaret \u00e7\u0259k\u0259 bilirl\u0259r. Burada is\u0259 yaln\u0131z zabitl\u0259r siqaret \u00e7\u0259k\u0259 bil\u0259r, \u0259sg\u0259rl\u0259r yox. Siqaret \u00e7\u0259k\u0259n bir ne\u00e7\u0259 \u0259sg\u0259r\u0259 torba geyindirilib g\u00fcn\u00fcn alt\u0131nda i\u015fg\u0259nc\u0259 verildi. \u018fsg\u0259r var, \u00f6z\u00fcn\u00fc \u00f6ld\u00fcrm\u0259k h\u0259ddin\u0259 \u00e7at\u0131b. Dinind\u0259n, dilind\u0259n, irqind\u0259n as\u0131l\u0131 olmayaraq, qanun qar\u015f\u0131s\u0131nda ham\u0131 b\u0259rab\u0259rdir. Amma Azad A\u011fayev bu c\u00fcr qanunsuz qada\u011falarla zabitl\u0259rl\u0259 \u0259sg\u0259rl\u0259r aras\u0131nda f\u0259rq yarad\u0131r\u201d.\n<\/p>\n<h3>\n  Yor\u011fun \u0259sg\u0259rl\u0259r\u0259 pill\u0259k\u0259nli c\u0259za<br \/>\n<\/h3>\n<p>\n  Ki\u00e7ik gizir M\u0259zahir Novruzovdan da \u015fikay\u0259tl\u0259r var. \u015eikay\u0259t\u00e7il\u0259r deyir, M\u0259zahir Novruzov \u201cnaryad\u201ddan \u00e7\u0131xan yor\u011fun \u0259sg\u0259rl\u0259r\u0259 \u0259mr edir ki, \u0259lli d\u0259f\u0259 pill\u0259k\u0259nd\u0259n a\u015fa\u011f\u0131 d\u00fc\u015f\u00fcb, \u00e7\u0131xs\u0131nlar: \u201cM\u0259zahir Novruzov bunu etm\u0259kd\u0259n h\u0259zz ald\u0131\u011f\u0131n\u0131 gizl\u0259tmir. Bir h\u0259rbi qulluq\u00e7unun etdiyi s\u0259hv\u0259 g\u00f6r\u0259 dig\u0259rl\u0259rini c\u0259zaland\u0131r\u0131r. Halbuki \u0130ntizam nizamnam\u0259sinin 88-ci madd\u0259sin\u0259 \u0259sas\u0259n, bir h\u0259rbi qulluq\u00e7unun etdiyi s\u0259hv h\u0259r\u0259k\u0259t\u0259 g\u00f6r\u0259 dig\u0259r h\u0259rbi qulluq\u00e7ular\u0131 c\u0259zaland\u0131rmaq olmaz. Sovet ordusundan qalma ad\u0259t-\u0259n\u0259n\u0259ni, &quot;Bir n\u0259f\u0259r ham\u0131 \u00fc\u00e7\u00fcn, ham\u0131 bir n\u0259f\u0259r \u00fc\u00e7\u00fcn\u201d ideologiyas\u0131n\u0131 t\u0259tbiq ed\u0259r\u0259k dedov\u015fina yarad\u0131r\u201d.\n<\/p>\n<figure class=\"wp-block-image size-large\">\n  <img decoding=\"async\" src=\"https:\/\/www.meydan.tv\/az\/copy-of-untitled-design-png-16\/\" alt=\"Copy of Untitled Design.png\" class=\"wp-image-133347\"\/><figcaption>\n    Ki\u00e7ik gizir M\u0259zahir Novruzov<br \/>\n  <\/figcaption><\/figure>\n<h3>\n  Ba\u015fa \u00e7\u0131rtma vurmaqla h\u0259zz almaq<br \/>\n<\/h3>\n<figure class=\"wp-block-image size-large\">\n  <img decoding=\"async\" src=\"https:\/\/www.meydan.tv\/az\/copy-of-untitled-design-1-png-10\/\" alt=\"Copy of Untitled Design (1).png\" class=\"wp-image-133350\"\/><figcaption>\n    Ba\u015f leytenant Elnur H\u00fcseynov<br \/>\n  <\/figcaption><\/figure>\n<p>\n  \u018fsg\u0259rl\u0259rin \u0259sas naraz\u0131 qald\u0131\u011f\u0131 \u015f\u0259xsl\u0259rd\u0259n biri d\u0259 M\u00fch\u0259ndiz Xidm\u0259tinin r\u0259isi, Ba\u015f leytenant Elnur H\u00fcseynovdur:\n<\/p>\n<p>\n  \u201c\u018fsg\u0259rl\u0259rin ba\u015f\u0131na b\u0259rkd\u0259n \u00e7\u0131rtma vurur v\u0259 ya barmaqlar\u0131n qatlanan yeri il\u0259 ba\u015flar\u0131na yumruq vurma\u011f\u0131 xo\u015flay\u0131r. Buna g\u00f6r\u0259 ona he\u00e7 kim he\u00e7 n\u0259 demir. Ke\u00e7mi\u015f m\u00fcavin oldu\u011fu \u00fc\u00e7\u00fcn \u00e7\u0259kinirl\u0259r\u201d.\n<\/p>\n<p>\n  Bildirilir ki, gizir El\u00e7in Rasim o\u011flu Tal\u0131bov m\u00fct\u0259mmadi olaraq \u0259sg\u0259rl\u0259ri t\u0259hqir edir v\u0259 onlar\u0131 i\u015fg\u0259nc\u0259y\u0259 m\u0259ruz qoyur.\n<\/p>\n<figure class=\"wp-block-image size-large\">\n  <img decoding=\"async\" src=\"https:\/\/www.meydan.tv\/az\/copy-of-untitled-design-2-png-5\/\" alt=\"Copy of Untitled Design (2).png\" class=\"wp-image-133353\"\/><figcaption>\n    Gizir El\u00e7in Rasim o\u011flu Tal\u0131bov<br \/>\n  <\/figcaption><\/figure>\n<h3>\n  \u201c\u015eikay\u0259t ed\u0259n \u201cQuran\u201da \u0259l basin ki\u2026\u201d<br \/>\n<\/h3>\n<p>\n  H\u0259rbi hiss\u0259nin komandiri, Polkovnik-leytenant Az\u0259r M\u0259mm\u0259dov is\u0259 Meydan TV-y\u0259 a\u00e7\u0131qlamas\u0131nda deyil\u0259nl\u0259ri yalanlay\u0131r:\n<\/p>\n<p>\n  \u201c\u018fg\u0259r h\u0259r hans\u0131sa \u0259sg\u0259rin, zabitin \u015fikay\u0259ti varsa, bu, o anlama g\u0259lmir ki, h\u0259min h\u0259rbi hiss\u0259d\u0259 do\u011frudan da, \u015f\u0259xsiyy\u0259t\u0259, h\u0259rb\u00e7iy\u0259 qar\u015f\u0131 qanunsuz \u00fcsullar t\u0259tbiq olunur. Bu, qeyri-m\u00fcmk\u00fcnd\u00fcr. M\u0259n 23 ilin h\u0259rb\u00e7isiy\u0259m, dem\u0259k olar 5 ildir burda h\u0259rbi hiss\u0259 komandiriy\u0259m, ondan \u0259vv\u0259l d\u0259 m\u00fc\u0259yy\u0259n h\u0259rbi hiss\u0259l\u0259rd\u0259 olmu\u015fam. Nec\u0259 h\u0259rb\u00e7i oldu\u011fumla bir jurnalist kimi maraqlana bil\u0259rsiz. Bu c\u00fcr hallar\u0131n yol verilm\u0259m\u0259si \u00fc\u00e7\u00fcn gec\u0259mi g\u00fcnd\u00fcz\u00fcm\u0259 qat\u0131ram. Maraqlan\u0131b bu h\u0259rbi hiss\u0259d\u0259 s\u00f6hb\u0259t d\u0259 apara bil\u0259rsiz. Bir Az\u0259rbaycan zabiti olaraq \u00f6z \u015f\u0259r\u0259f v\u0259 l\u0259yaq\u0259tim\u0259 s\u0131\u011f\u0131\u015fd\u0131rmaram ki, burdak\u0131 \u0259sg\u0259rl\u0259r\u0259 qar\u015f\u0131 kims\u0259 nalayiq h\u0259r\u0259k\u0259tl\u0259r el\u0259sin. Onlar\u0131n ham\u0131s\u0131 m\u0259nim ki\u00e7ik qarda\u015flar\u0131md\u0131r. Onu bildiyim halda qar\u015f\u0131s\u0131n\u0131 almasam, m\u0259nd\u0259n \u015f\u0259r\u0259fsizi yoxdur. Adlar\u0131 \u00e7\u0259kil\u0259n zabitl\u0259r, gizirl\u0259r h\u0259rbi hiss\u0259nin \u0259n intizaml\u0131, v\u0259t\u0259np\u0259rv\u0259rlik ruhunun \u015f\u0259xsiyy\u0259td\u0259 s\u0259ciyy\u0259l\u0259ndirilm\u0259si \u00fc\u00e7\u00fcn i\u015f g\u00f6r\u0259n adamlard\u0131r. Ham\u0131m\u0131z Az\u0259rbaycan \u00f6vladlar\u0131y\u0131q. Nec\u0259 raz\u0131 ola bil\u0259rik ki, bura g\u0259l\u0259n Az\u0259rbaycan \u00f6vladlar\u0131, bizim ki\u00e7ik qarda\u015flar\u0131m\u0131z bu c\u00fcr h\u0259r\u0259k\u0259tl\u0259r etsin? M\u0259n t\u0259xmin edir\u0259m bunu kim dey\u0259 bil\u0259r. Siz o \u015fikay\u0259t\u00e7iy\u0259 deyin, d\u00fcz deyirs\u0259, \u0259lini \u201cQuran\u201da bass\u0131n, m\u0259nliyin\u0259, ki\u015filiyin\u0259, namusuna and i\u00e7sin. \u018fg\u0259r bel\u0259 hal varsa, bu h\u0259rbi hiss\u0259d\u0259 \u0259sg\u0259rl\u0259r d\u00f6y\u00fcl\u00fcrs\u0259, incidilirs\u0259, m\u0259n v\u0259zif\u0259md\u0259n istefa ver\u0259r\u0259m\u201d.\n<\/p>\n<p>\n  Az\u0259r M\u0259mm\u0259dov deyir ki, h\u0259rbi qulluq zaman\u0131 m\u00fc\u0259yy\u0259n neqativ hallar ola bil\u0259r, bunu qlobal problem\u0259 \u00e7evirm\u0259kd\u0259 m\u0259qs\u0259d ba\u015fqad\u0131r:\n<\/p>\n<p>\n  \u201cO h\u0259rbu qulluq\u00e7ular m\u0259nim taleyimd\u0259 olan adamlard\u0131r. M\u0259n d\u0259 cavabdeh kimi deyir\u0259m ki, m\u00fcmk\u00fcn deyil bel\u0259 \u015feyl\u0259r. T\u0259s\u0259vv\u00fcr edin, ki\u015fi hey\u0259tidir, \u0259sg\u0259r yem\u0259k yey\u0259nd\u0259, kazarmada yatanda buna n\u0259zar\u0259t olunmal\u0131d\u0131r, h\u0259r i\u015fin cavabdehi var. Bu c\u00fcr n\u0259zar\u0259tin yan\u0131nda hans\u0131sa \u0259sg\u0259r durub deyirs\u0259, \u201cdedov\u015fina\u201d var, s\u0259hv edir. \u018fg\u0259r bir \u0259sg\u0259r \u00f6z\u00fcn\u00fc nec\u0259s\u0259 g\u00f6st\u0259rirs\u0259, bu, \u201cdedov\u015fina\u201d kimi q\u0259l\u0259m\u0259 verilm\u0259m\u0259lidir. Bir h\u0259rbi hiss\u0259d\u0259 \u201cdedov\u015fina\u201d yaran\u0131rsa, dem\u0259li, ona cavabdeh h\u0259rbi hiss\u0259 komandiridir, o \u015f\u0259rait yarad\u0131r. \u00d6z\u00fcn\u00fcz d\u0259 deyirsiz ki, bir komandir kimis\u0259 m\u0259nd\u0259n \u015fikay\u0259t yoxdur, yaln\u0131z zabitl\u0259rd\u0259ndir. M\u0259n d\u0259 deyir\u0259m ki, bel\u0259 hal yoxdur, kimins\u0259 s\u00f6z\u00fc il\u0259 zabitin karyeras\u0131n\u0131 m\u0259hv etm\u0259k d\u00fcz deyil\u201d.\n<\/p>\n<h3>\n  Ekspertin fikrinc\u0259\u2026<br \/>\n<\/h3>\n<p>\n  \u201cX\u0259z\u0259r\u201d H\u0259rbi T\u0259dqiqatlar \u0130nstitutunun r\u0259hb\u0259ri C\u0259sur S\u00fcm\u0259rinli Meydan TV-y\u0259 zabitl\u0259rin bu c\u00fcr r\u0259ftar\u0131n\u0131n s\u0259b\u0259bl\u0259rind\u0259n dan\u0131\u015f\u0131b:\n<\/p>\n<p>\n  \u201cBirinci, psixoloji s\u0259b\u0259b. Bir s\u0131ra zabit v\u0259 gizirl\u0259r \u0259sg\u0259rl\u0259r\u0259 onlara m\u0259xsus bir \u201c\u0259\u015fya\u201d kimi yana\u015f\u0131rlar. Bel\u0259 bir v\u0259ziyy\u0259td\u0259 onlar\u0131n h\u00fcquqlar\u0131na h\u00f6rm\u0259t v\u0259 m\u00fcdafi\u0259 edilm\u0259si tamamil\u0259 k\u0259nar tutulur. Bir qrup h\u0259rbi qulluq\u00e7u, o c\u00fcml\u0259d\u0259n zabit v\u0259 gizir tan\u0131\u015fl\u0131qla v\u0259 ya r\u00fc\u015fv\u0259t hesab\u0131na m\u00fc\u0259yy\u0259n v\u0259zif\u0259l\u0259r\u0259 t\u0259yin olunub v\u0259 onlar d\u00fc\u015f\u00fcn\u00fcrl\u0259r ki, t\u00f6r\u0259tdikl\u0259ri qanunsuz h\u0259r\u0259k\u0259tl\u0259r\u0259 g\u00f6r\u0259 c\u0259zaland\u0131r\u0131lmayacaqlar. \u0130ndiy\u0259 kimi ba\u015f ver\u0259n hadis\u0259l\u0259ri g\u00f6r\u00fcb bu q\u0259na\u0259t\u0259 g\u0259libl\u0259r. Do\u011frudan da, Az\u0259rbaycanda t\u0259hl\u00fck\u0259sizlik v\u0259 m\u00fcdafi\u0259 sistemind\u0259 ba\u015f ver\u0259n qeyri-qanuni hadis\u0259l\u0259r\u0259 qar\u015f\u0131 qanuni \u00e7\u0259r\u00e7iv\u0259d\u0259 m\u00fcbariz\u0259 apar\u0131lmas\u0131 qaydalar\u0131 bir \u00e7ox halda ciddi \u015f\u00fcbh\u0259l\u0259r do\u011furur. Hadis\u0259l\u0259ri ara\u015fd\u0131ran m\u00fcst\u0259ntiql\u0259r, istintaq\u00e7\u0131lar, v\u0259zif\u0259li \u015f\u0259xsl\u0259r bir s\u0131ra hallarda pul v\u0259 ya r\u00fc\u015fv\u0259t hesab\u0131na hadis\u0259ni ya tam gizl\u0259dir v\u0259 ya onun s\u0259n\u0259dl\u0259\u015fm\u0259sini d\u0259yi\u015fdirirl\u0259r. Bel\u0259likl\u0259, bel\u0259 bir v\u0259ziyy\u0259t b\u0259zi zabit v\u0259 gizirl\u0259rin \u0259sg\u0259rl\u0259r\u0259 qar\u015f\u0131 zorak\u0131 olmas\u0131na s\u0259b\u0259b olur.\n<\/p>\n<figure class=\"wp-block-image size-large\">\n  <img decoding=\"async\" src=\"https:\/\/www.meydan.tv\/az\/copy-of-untitled-design-3-png-3\/\" alt=\"Copy of Untitled Design (3).png\" class=\"wp-image-133356\"\/><figcaption>\n    \u201cX\u0259z\u0259r\u201d H\u0259rbi T\u0259dqiqatlar \u0130nstitutunun r\u0259hb\u0259ri C\u0259sur S\u00fcm\u0259rinli<br \/>\n  <\/figcaption><\/figure>\n<p>\n  \u0130kinci, maddi s\u0259b\u0259b. H\u0259rbi qulluq\u00e7ular nisb\u0259t\u0259n y\u00fcks\u0259k m\u0259vacib alsalar da, bu, onlar\u0131n y\u00fcks\u0259k sosial t\u0259minat \u015f\u0259raitind\u0259 ya\u015famas\u0131 anlam\u0131na g\u0259l\u0259 bilm\u0259z. Bel\u0259likl\u0259, bir \u00e7ox gizir v\u0259 zabit, o c\u00fcml\u0259d\u0259n m\u00fcdd\u0259td\u0259n art\u0131q h\u0259rbi xidm\u0259t qulluq\u00e7ular\u0131 tabelikd\u0259 olanlara \u201cpul kis\u0259si\u201d kimi yana\u015f\u0131rlar, \u00e7al\u0131\u015f\u0131rlar onlar\u0131n valideynl\u0259rind\u0259n n\u0259s\u0259 qoparda bilsinl\u0259r. Bel\u0259 bir durum tez-tez h\u0259rbi qulluq\u00e7ular aras\u0131nda zorak\u0131l\u0131\u011fa g\u0259tirib \u00e7\u0131xar\u0131r\u201d.\n<\/p>\n<p>\n  Ekspert deyir ki, S\u0259f\u0259r \u018fbiyevin d\u00f6vr\u00fcnd\u0259 zorak\u0131 hadis\u0259l\u0259r \u00e7ox oldu\u011fundan h\u0259rbi qulluq\u00e7ular bunu m\u0259tbuata \u00f6t\u00fcrm\u0259y\u0259, s\u0131zd\u0131rma\u011fa m\u0259cbur idil\u0259r. H\u0259rby\u00f6n\u00fcml\u00fc QHT-l\u0259rin ciddi aktivliyi bu m\u0259s\u0259l\u0259nin ictimail\u0259\u015fm\u0259sind\u0259 \u0259sas rol oynay\u0131rd\u0131:\n<\/p>\n<p>\n  \u201cZakir H\u0259s\u0259nov g\u0259ldikd\u0259n sonra \u201cA\u00e7\u0131q qap\u0131\u201d g\u00fcnl\u0259ri t\u0259\u015fkil etm\u0259kl\u0259, \u201cQaynar x\u0259tt\u201d yaratmaqla bu problemi h\u0259ll etm\u0259y\u0259 \u00e7al\u0131\u015fd\u0131. Amna eyni zamanda h\u0259rbi sah\u0259ni ara\u015fd\u0131ran v\u0259t\u0259nda\u015f c\u0259miyy\u0259tinin f\u0259aliyy\u0259ti tamamil\u0259 iflic edildi. Bel\u0259likl\u0259, indi problemin h\u0259ll olundu\u011funu dem\u0259k olmaz. El\u0259c\u0259 d\u0259 dig\u0259r h\u0259rbi qurumlarda \u2013 D\u00f6vl\u0259t S\u0259rh\u0259d Xidm\u0259ti, Daxili Qo\u015funlar, \u018fdliyy\u0259 Nazirliyi, FHN v\u0259 ba\u015fqalar\u0131nda zorak\u0131l\u0131q probleminin \u0259h\u0259miyy\u0259tli d\u0259r\u0259c\u0259d\u0259 azald\u0131\u011f\u0131n\u0131 s\u00f6yl\u0259m\u0259k \u00e7\u0259tindir. \u018fn az\u0131 bunu g\u00f6st\u0259r\u0259n fakt \u0259sg\u0259r \u00f6l\u00fcml\u0259ri statistikas\u0131d\u0131r ki, orada biz il \u0259rzind\u0259 \u00fcmumilikd\u0259 t\u0259hl\u00fck\u0259sizlik sektorunda xeyli sayda h\u0259rbi qulluq\u00e7unun qeyri-nizamnam\u0259 hadis\u0259l\u0259rind\u0259n, intihara g\u0259tir\u0259n zorak\u0131l\u0131qdan \u00f6ld\u00fcy\u00fcn\u00fc g\u00f6r\u00fcr\u00fck. Onu da bilirik ki, g\u00fcc strukturlar\u0131 zorak\u0131l\u0131\u011fa m\u0259ruz qalma statistikalar\u0131n\u0131 gizl\u0259tm\u0259y\u0259 \u00fcst\u00fcnl\u00fck verir. H\u0259rbi Prokurorlu\u011fun a\u00e7\u0131qlad\u0131\u011f\u0131 m\u0259lumatlar is\u0259 \u0259ks\u0259r hallarda \u00fcmumil\u0259\u015fdirilmi\u015f olmaqla, \u00e7a\u015fd\u0131r\u0131c\u0131, tam olmayan, b\u0259z\u0259n is\u0259 inand\u0131r\u0131c\u0131 olnayan m\u0259lumat-faktlar\u0131 \u00f6z\u00fcnd\u0259 ehtiva edir\u201d.\n<\/p>\n<p>\n  C\u0259sur S\u00fcm\u0259rinli d\u00fc\u015f\u00fcn\u00fcr ki, h\u0259rbi hiss\u0259l\u0259rd\u0259 \u201cdedov\u015fina\u201d hallar\u0131n\u0131n qar\u015f\u0131s\u0131n\u0131 almaq \u00fc\u00e7\u00fcn bu add\u0131mlar at\u0131lmal\u0131d\u0131r:\n<\/p>\n<p>\n  \u201cBirincisi, struktur islahat\u0131. Bu istiqam\u0259td\u0259 m\u00fcqavil\u0259li orduya ke\u00e7id vacibdir. \u0130kinci, kadr haz\u0131rl\u0131\u011f\u0131. Ciddi savadl\u0131 kadrlar\u0131n haz\u0131rlanmas\u0131 proqram\u0131n\u0131n q\u0259bul edilm\u0259si. \u00dc\u00e7\u00fcnc\u00fc, haqq v\u0259 h\u00fcquqlar\u0131n tan\u0131nmas\u0131. Bu ustiqam\u0259td\u0259 Qanunlar\u0131n m\u00fcasirl\u0259\u015fdirilm\u0259si v\u0259 NATO standartlar\u0131na uy\u011funla\u015fd\u0131r\u0131lmas\u0131 vacibdir. Daha sonra sosial t\u0259minat\u0131n g\u00fccl\u0259ndirilm\u0259si. M\u0259vacib, ev t\u0259minat\u0131n\u0131n ger\u00e7\u0259kliy\u0259 uy\u011funla\u015fd\u0131r\u0131lmas\u0131. H\u0259m\u00e7inin korrupsiya, r\u00fc\u015fv\u0259txorluq v\u0259 yerlibazl\u0131\u011fa son qoyacaq etibarl\u0131 v\u0259 effektli m\u00fcbariz\u0259 prosesinin ba\u015flad\u0131lmas\u0131\u201d.\n<\/p>\n<p>\n  <b><br \/>\n    F\u00f6vq\u0259lad\u0259 Hallar Nazirliyinin m\u0259tbuat xidm\u0259tinin r\u0259hb\u0259ri G\u00fcl\u00e7in Mehdiyevadan m\u00fcnasib\u0259t \u00f6yr\u0259nm\u0259k m\u00fcmk\u00fcn olmay\u0131b. O, r\u0259smi sor\u011fuya cavab ver\u0259c\u0259kl\u0259rini s\u00f6yl\u0259s\u0259 d\u0259, dedikl\u0259rin\u0259 \u0259m\u0259l etm\u0259di.<br \/>\n  <\/b><\/p>\n","protected":false},"excerpt":{"rendered":"<p>Komandir: \u201cOnlar\u0131n ham\u0131s\u0131 m\u0259nim ki\u00e7ik qarda\u015flar\u0131md\u0131r\u201d<\/p>\n","protected":false},"author":11,"featured_media":133359,"comment_status":"closed","ping_status":"open","sticky":false,"template":"","format":"standard","meta":{"_acf_changed":false,"_sitemap_exclude":false,"_sitemap_priority":"","_sitemap_frequency":"","footnotes":""},"categories":[62],"tags":[],"class_list":["post-198036","post","type-post","status-publish","format-standard","has-post-thumbnail","hentry","category-sosial","infinite-scroll-item","generate-columns","tablet-grid-50","mobile-grid-100","grid-parent","grid-33","no-featured-image-padding"],"acf":[],"yoast_head":"<!-- This site is optimized with the Yoast SEO plugin v27.4 - https:\/\/yoast.com\/product\/yoast-seo-wordpress\/ -->\n<title>&quot;FHN-in h\u0259rbi hiss\u0259sind\u0259 \u0259sg\u0259rl\u0259r d\u00f6y\u00fcl\u00fcr, ayaqqab\u0131 \u015fotkas\u0131yla yer s\u00fcp\u00fcrd\u00fcl\u00fcr&quot; - MEYDAN.TV<\/title>\n<meta name=\"robots\" content=\"index, follow, max-snippet:-1, max-image-preview:large, max-video-preview:-1\" \/>\n<link rel=\"canonical\" href=\"https:\/\/www.meydan.tv\/az\/article\/fhn-herbi-hissesinde-esgerler-doyulur-ayaqqabi-sotkasiyla-yer-supurdulur\/\" \/>\n<meta property=\"og:locale\" content=\"az_AZ\" \/>\n<meta property=\"og:type\" content=\"article\" \/>\n<meta property=\"og:title\" content=\"&quot;FHN-in h\u0259rbi hiss\u0259sind\u0259 \u0259sg\u0259rl\u0259r d\u00f6y\u00fcl\u00fcr, ayaqqab\u0131 \u015fotkas\u0131yla yer s\u00fcp\u00fcrd\u00fcl\u00fcr&quot; - MEYDAN.TV\" \/>\n<meta property=\"og:description\" content=\"Komandir: \u201cOnlar\u0131n ham\u0131s\u0131 m\u0259nim ki\u00e7ik qarda\u015flar\u0131md\u0131r\u201d\" \/>\n<meta property=\"og:url\" content=\"https:\/\/www.meydan.tv\/az\/article\/fhn-herbi-hissesinde-esgerler-doyulur-ayaqqabi-sotkasiyla-yer-supurdulur\/\" \/>\n<meta property=\"og:site_name\" content=\"MEYDAN.TV\" \/>\n<meta property=\"article:published_time\" content=\"2019-11-21T13:16:13+00:00\" \/>\n<meta property=\"og:image\" content=\"https:\/\/www.meydan.tv\/wp-content\/uploads\/image1-768x575.png\" \/>\n\t<meta property=\"og:image:width\" content=\"768\" \/>\n\t<meta property=\"og:image:height\" content=\"575\" \/>\n\t<meta property=\"og:image:type\" content=\"image\/png\" \/>\n<meta name=\"author\" content=\"user-manager\" \/>\n<meta name=\"twitter:card\" content=\"summary_large_image\" \/>\n<script type=\"application\/ld+json\" class=\"yoast-schema-graph\">{\"@context\":\"https:\\\/\\\/schema.org\",\"@graph\":[{\"@type\":\"Article\",\"@id\":\"https:\\\/\\\/www.meydan.tv\\\/az\\\/article\\\/fhn-herbi-hissesinde-esgerler-doyulur-ayaqqabi-sotkasiyla-yer-supurdulur\\\/#article\",\"isPartOf\":{\"@id\":\"https:\\\/\\\/www.meydan.tv\\\/az\\\/article\\\/fhn-herbi-hissesinde-esgerler-doyulur-ayaqqabi-sotkasiyla-yer-supurdulur\\\/\"},\"author\":{\"name\":\"user-manager\",\"@id\":\"https:\\\/\\\/www.meydan.tv\\\/az\\\/#\\\/schema\\\/person\\\/10d11eccf6da3662cf5fdab9806ea91a\"},\"headline\":\"&#8220;FHN-in h\u0259rbi hiss\u0259sind\u0259 \u0259sg\u0259rl\u0259r d\u00f6y\u00fcl\u00fcr, ayaqqab\u0131 \u015fotkas\u0131yla yer s\u00fcp\u00fcrd\u00fcl\u00fcr&#8221;\",\"datePublished\":\"2019-11-21T13:16:13+00:00\",\"mainEntityOfPage\":{\"@id\":\"https:\\\/\\\/www.meydan.tv\\\/az\\\/article\\\/fhn-herbi-hissesinde-esgerler-doyulur-ayaqqabi-sotkasiyla-yer-supurdulur\\\/\"},\"wordCount\":2043,\"publisher\":{\"@id\":\"https:\\\/\\\/www.meydan.tv\\\/az\\\/#organization\"},\"image\":{\"@id\":\"https:\\\/\\\/www.meydan.tv\\\/az\\\/article\\\/fhn-herbi-hissesinde-esgerler-doyulur-ayaqqabi-sotkasiyla-yer-supurdulur\\\/#primaryimage\"},\"thumbnailUrl\":\"https:\\\/\\\/www.meydan.tv\\\/wp-content\\\/uploads\\\/image1.png\",\"articleSection\":[\"Sosial\"],\"inLanguage\":\"az\"},{\"@type\":\"WebPage\",\"@id\":\"https:\\\/\\\/www.meydan.tv\\\/az\\\/article\\\/fhn-herbi-hissesinde-esgerler-doyulur-ayaqqabi-sotkasiyla-yer-supurdulur\\\/\",\"url\":\"https:\\\/\\\/www.meydan.tv\\\/az\\\/article\\\/fhn-herbi-hissesinde-esgerler-doyulur-ayaqqabi-sotkasiyla-yer-supurdulur\\\/\",\"name\":\"\\\"FHN-in h\u0259rbi hiss\u0259sind\u0259 \u0259sg\u0259rl\u0259r d\u00f6y\u00fcl\u00fcr, ayaqqab\u0131 \u015fotkas\u0131yla yer s\u00fcp\u00fcrd\u00fcl\u00fcr\\\" - MEYDAN.TV\",\"isPartOf\":{\"@id\":\"https:\\\/\\\/www.meydan.tv\\\/az\\\/#website\"},\"primaryImageOfPage\":{\"@id\":\"https:\\\/\\\/www.meydan.tv\\\/az\\\/article\\\/fhn-herbi-hissesinde-esgerler-doyulur-ayaqqabi-sotkasiyla-yer-supurdulur\\\/#primaryimage\"},\"image\":{\"@id\":\"https:\\\/\\\/www.meydan.tv\\\/az\\\/article\\\/fhn-herbi-hissesinde-esgerler-doyulur-ayaqqabi-sotkasiyla-yer-supurdulur\\\/#primaryimage\"},\"thumbnailUrl\":\"https:\\\/\\\/www.meydan.tv\\\/wp-content\\\/uploads\\\/image1.png\",\"datePublished\":\"2019-11-21T13:16:13+00:00\",\"breadcrumb\":{\"@id\":\"https:\\\/\\\/www.meydan.tv\\\/az\\\/article\\\/fhn-herbi-hissesinde-esgerler-doyulur-ayaqqabi-sotkasiyla-yer-supurdulur\\\/#breadcrumb\"},\"inLanguage\":\"az\",\"potentialAction\":[{\"@type\":\"ReadAction\",\"target\":[\"https:\\\/\\\/www.meydan.tv\\\/az\\\/article\\\/fhn-herbi-hissesinde-esgerler-doyulur-ayaqqabi-sotkasiyla-yer-supurdulur\\\/\"]}]},{\"@type\":\"ImageObject\",\"inLanguage\":\"az\",\"@id\":\"https:\\\/\\\/www.meydan.tv\\\/az\\\/article\\\/fhn-herbi-hissesinde-esgerler-doyulur-ayaqqabi-sotkasiyla-yer-supurdulur\\\/#primaryimage\",\"url\":\"https:\\\/\\\/www.meydan.tv\\\/wp-content\\\/uploads\\\/image1.png\",\"contentUrl\":\"https:\\\/\\\/www.meydan.tv\\\/wp-content\\\/uploads\\\/image1.png\",\"width\":1000,\"height\":749,\"caption\":\"Source: Meydan TV\"},{\"@type\":\"BreadcrumbList\",\"@id\":\"https:\\\/\\\/www.meydan.tv\\\/az\\\/article\\\/fhn-herbi-hissesinde-esgerler-doyulur-ayaqqabi-sotkasiyla-yer-supurdulur\\\/#breadcrumb\",\"itemListElement\":[{\"@type\":\"ListItem\",\"position\":1,\"name\":\"Ana s\u0259hif\u0259\",\"item\":\"https:\\\/\\\/www.meydan.tv\\\/az\\\/\"},{\"@type\":\"ListItem\",\"position\":2,\"name\":\"Sosial\",\"item\":\"https:\\\/\\\/www.meydan.tv\\\/az\\\/section\\\/sosial\\\/\"},{\"@type\":\"ListItem\",\"position\":3,\"name\":\"&#8220;FHN-in h\u0259rbi hiss\u0259sind\u0259 \u0259sg\u0259rl\u0259r d\u00f6y\u00fcl\u00fcr, ayaqqab\u0131 \u015fotkas\u0131yla yer s\u00fcp\u00fcrd\u00fcl\u00fcr&#8221;\"}]},{\"@type\":\"WebSite\",\"@id\":\"https:\\\/\\\/www.meydan.tv\\\/az\\\/#website\",\"url\":\"https:\\\/\\\/www.meydan.tv\\\/az\\\/\",\"name\":\"MEYDAN.TV\",\"description\":\"Meydan TV Az\u0259rbaycan\u0131n media m\u0259kan\u0131ndak\u0131 alternativ s\u0259sidir\",\"publisher\":{\"@id\":\"https:\\\/\\\/www.meydan.tv\\\/az\\\/#organization\"},\"potentialAction\":[{\"@type\":\"SearchAction\",\"target\":{\"@type\":\"EntryPoint\",\"urlTemplate\":\"https:\\\/\\\/www.meydan.tv\\\/az\\\/?s={search_term_string}\"},\"query-input\":{\"@type\":\"PropertyValueSpecification\",\"valueRequired\":true,\"valueName\":\"search_term_string\"}}],\"inLanguage\":\"az\"},{\"@type\":\"Organization\",\"@id\":\"https:\\\/\\\/www.meydan.tv\\\/az\\\/#organization\",\"name\":\"Meydan TV\",\"url\":\"https:\\\/\\\/www.meydan.tv\\\/az\\\/\",\"logo\":{\"@type\":\"ImageObject\",\"inLanguage\":\"az\",\"@id\":\"https:\\\/\\\/www.meydan.tv\\\/az\\\/#\\\/schema\\\/logo\\\/image\\\/\",\"url\":\"https:\\\/\\\/www.meydan.tv\\\/wp-content\\\/uploads\\\/2021\\\/07\\\/meydan-logo.svg\",\"contentUrl\":\"https:\\\/\\\/www.meydan.tv\\\/wp-content\\\/uploads\\\/2021\\\/07\\\/meydan-logo.svg\",\"width\":195,\"height\":46,\"caption\":\"Meydan TV\"},\"image\":{\"@id\":\"https:\\\/\\\/www.meydan.tv\\\/az\\\/#\\\/schema\\\/logo\\\/image\\\/\"}},{\"@type\":\"Person\",\"@id\":\"https:\\\/\\\/www.meydan.tv\\\/az\\\/#\\\/schema\\\/person\\\/10d11eccf6da3662cf5fdab9806ea91a\",\"name\":\"user-manager\"}]}<\/script>\n<!-- \/ Yoast SEO plugin. -->","yoast_head_json":{"title":"\"FHN-in h\u0259rbi hiss\u0259sind\u0259 \u0259sg\u0259rl\u0259r d\u00f6y\u00fcl\u00fcr, ayaqqab\u0131 \u015fotkas\u0131yla yer s\u00fcp\u00fcrd\u00fcl\u00fcr\" - MEYDAN.TV","robots":{"index":"index","follow":"follow","max-snippet":"max-snippet:-1","max-image-preview":"max-image-preview:large","max-video-preview":"max-video-preview:-1"},"canonical":"https:\/\/www.meydan.tv\/az\/article\/fhn-herbi-hissesinde-esgerler-doyulur-ayaqqabi-sotkasiyla-yer-supurdulur\/","og_locale":"az_AZ","og_type":"article","og_title":"\"FHN-in h\u0259rbi hiss\u0259sind\u0259 \u0259sg\u0259rl\u0259r d\u00f6y\u00fcl\u00fcr, ayaqqab\u0131 \u015fotkas\u0131yla yer s\u00fcp\u00fcrd\u00fcl\u00fcr\" - MEYDAN.TV","og_description":"Komandir: \u201cOnlar\u0131n ham\u0131s\u0131 m\u0259nim ki\u00e7ik qarda\u015flar\u0131md\u0131r\u201d","og_url":"https:\/\/www.meydan.tv\/az\/article\/fhn-herbi-hissesinde-esgerler-doyulur-ayaqqabi-sotkasiyla-yer-supurdulur\/","og_site_name":"MEYDAN.TV","article_published_time":"2019-11-21T13:16:13+00:00","og_image":[{"width":768,"height":575,"url":"https:\/\/www.meydan.tv\/wp-content\/uploads\/image1-768x575.png","type":"image\/png"}],"author":"user-manager","twitter_card":"summary_large_image","schema":{"@context":"https:\/\/schema.org","@graph":[{"@type":"Article","@id":"https:\/\/www.meydan.tv\/az\/article\/fhn-herbi-hissesinde-esgerler-doyulur-ayaqqabi-sotkasiyla-yer-supurdulur\/#article","isPartOf":{"@id":"https:\/\/www.meydan.tv\/az\/article\/fhn-herbi-hissesinde-esgerler-doyulur-ayaqqabi-sotkasiyla-yer-supurdulur\/"},"author":{"name":"user-manager","@id":"https:\/\/www.meydan.tv\/az\/#\/schema\/person\/10d11eccf6da3662cf5fdab9806ea91a"},"headline":"&#8220;FHN-in h\u0259rbi hiss\u0259sind\u0259 \u0259sg\u0259rl\u0259r d\u00f6y\u00fcl\u00fcr, ayaqqab\u0131 \u015fotkas\u0131yla yer s\u00fcp\u00fcrd\u00fcl\u00fcr&#8221;","datePublished":"2019-11-21T13:16:13+00:00","mainEntityOfPage":{"@id":"https:\/\/www.meydan.tv\/az\/article\/fhn-herbi-hissesinde-esgerler-doyulur-ayaqqabi-sotkasiyla-yer-supurdulur\/"},"wordCount":2043,"publisher":{"@id":"https:\/\/www.meydan.tv\/az\/#organization"},"image":{"@id":"https:\/\/www.meydan.tv\/az\/article\/fhn-herbi-hissesinde-esgerler-doyulur-ayaqqabi-sotkasiyla-yer-supurdulur\/#primaryimage"},"thumbnailUrl":"https:\/\/www.meydan.tv\/wp-content\/uploads\/image1.png","articleSection":["Sosial"],"inLanguage":"az"},{"@type":"WebPage","@id":"https:\/\/www.meydan.tv\/az\/article\/fhn-herbi-hissesinde-esgerler-doyulur-ayaqqabi-sotkasiyla-yer-supurdulur\/","url":"https:\/\/www.meydan.tv\/az\/article\/fhn-herbi-hissesinde-esgerler-doyulur-ayaqqabi-sotkasiyla-yer-supurdulur\/","name":"\"FHN-in h\u0259rbi hiss\u0259sind\u0259 \u0259sg\u0259rl\u0259r d\u00f6y\u00fcl\u00fcr, ayaqqab\u0131 \u015fotkas\u0131yla yer s\u00fcp\u00fcrd\u00fcl\u00fcr\" - MEYDAN.TV","isPartOf":{"@id":"https:\/\/www.meydan.tv\/az\/#website"},"primaryImageOfPage":{"@id":"https:\/\/www.meydan.tv\/az\/article\/fhn-herbi-hissesinde-esgerler-doyulur-ayaqqabi-sotkasiyla-yer-supurdulur\/#primaryimage"},"image":{"@id":"https:\/\/www.meydan.tv\/az\/article\/fhn-herbi-hissesinde-esgerler-doyulur-ayaqqabi-sotkasiyla-yer-supurdulur\/#primaryimage"},"thumbnailUrl":"https:\/\/www.meydan.tv\/wp-content\/uploads\/image1.png","datePublished":"2019-11-21T13:16:13+00:00","breadcrumb":{"@id":"https:\/\/www.meydan.tv\/az\/article\/fhn-herbi-hissesinde-esgerler-doyulur-ayaqqabi-sotkasiyla-yer-supurdulur\/#breadcrumb"},"inLanguage":"az","potentialAction":[{"@type":"ReadAction","target":["https:\/\/www.meydan.tv\/az\/article\/fhn-herbi-hissesinde-esgerler-doyulur-ayaqqabi-sotkasiyla-yer-supurdulur\/"]}]},{"@type":"ImageObject","inLanguage":"az","@id":"https:\/\/www.meydan.tv\/az\/article\/fhn-herbi-hissesinde-esgerler-doyulur-ayaqqabi-sotkasiyla-yer-supurdulur\/#primaryimage","url":"https:\/\/www.meydan.tv\/wp-content\/uploads\/image1.png","contentUrl":"https:\/\/www.meydan.tv\/wp-content\/uploads\/image1.png","width":1000,"height":749,"caption":"Source: Meydan TV"},{"@type":"BreadcrumbList","@id":"https:\/\/www.meydan.tv\/az\/article\/fhn-herbi-hissesinde-esgerler-doyulur-ayaqqabi-sotkasiyla-yer-supurdulur\/#breadcrumb","itemListElement":[{"@type":"ListItem","position":1,"name":"Ana s\u0259hif\u0259","item":"https:\/\/www.meydan.tv\/az\/"},{"@type":"ListItem","position":2,"name":"Sosial","item":"https:\/\/www.meydan.tv\/az\/section\/sosial\/"},{"@type":"ListItem","position":3,"name":"&#8220;FHN-in h\u0259rbi hiss\u0259sind\u0259 \u0259sg\u0259rl\u0259r d\u00f6y\u00fcl\u00fcr, ayaqqab\u0131 \u015fotkas\u0131yla yer s\u00fcp\u00fcrd\u00fcl\u00fcr&#8221;"}]},{"@type":"WebSite","@id":"https:\/\/www.meydan.tv\/az\/#website","url":"https:\/\/www.meydan.tv\/az\/","name":"MEYDAN.TV","description":"Meydan TV Az\u0259rbaycan\u0131n media m\u0259kan\u0131ndak\u0131 alternativ s\u0259sidir","publisher":{"@id":"https:\/\/www.meydan.tv\/az\/#organization"},"potentialAction":[{"@type":"SearchAction","target":{"@type":"EntryPoint","urlTemplate":"https:\/\/www.meydan.tv\/az\/?s={search_term_string}"},"query-input":{"@type":"PropertyValueSpecification","valueRequired":true,"valueName":"search_term_string"}}],"inLanguage":"az"},{"@type":"Organization","@id":"https:\/\/www.meydan.tv\/az\/#organization","name":"Meydan TV","url":"https:\/\/www.meydan.tv\/az\/","logo":{"@type":"ImageObject","inLanguage":"az","@id":"https:\/\/www.meydan.tv\/az\/#\/schema\/logo\/image\/","url":"https:\/\/www.meydan.tv\/wp-content\/uploads\/2021\/07\/meydan-logo.svg","contentUrl":"https:\/\/www.meydan.tv\/wp-content\/uploads\/2021\/07\/meydan-logo.svg","width":195,"height":46,"caption":"Meydan TV"},"image":{"@id":"https:\/\/www.meydan.tv\/az\/#\/schema\/logo\/image\/"}},{"@type":"Person","@id":"https:\/\/www.meydan.tv\/az\/#\/schema\/person\/10d11eccf6da3662cf5fdab9806ea91a","name":"user-manager"}]}},"_links":{"self":[{"href":"https:\/\/www.meydan.tv\/az\/wp-json\/wp\/v2\/posts\/198036","targetHints":{"allow":["GET"]}}],"collection":[{"href":"https:\/\/www.meydan.tv\/az\/wp-json\/wp\/v2\/posts"}],"about":[{"href":"https:\/\/www.meydan.tv\/az\/wp-json\/wp\/v2\/types\/post"}],"author":[{"embeddable":true,"href":"https:\/\/www.meydan.tv\/az\/wp-json\/wp\/v2\/users\/11"}],"replies":[{"embeddable":true,"href":"https:\/\/www.meydan.tv\/az\/wp-json\/wp\/v2\/comments?post=198036"}],"version-history":[{"count":0,"href":"https:\/\/www.meydan.tv\/az\/wp-json\/wp\/v2\/posts\/198036\/revisions"}],"wp:featuredmedia":[{"embeddable":true,"href":"https:\/\/www.meydan.tv\/az\/wp-json\/wp\/v2\/media\/133359"}],"wp:attachment":[{"href":"https:\/\/www.meydan.tv\/az\/wp-json\/wp\/v2\/media?parent=198036"}],"wp:term":[{"taxonomy":"category","embeddable":true,"href":"https:\/\/www.meydan.tv\/az\/wp-json\/wp\/v2\/categories?post=198036"},{"taxonomy":"post_tag","embeddable":true,"href":"https:\/\/www.meydan.tv\/az\/wp-json\/wp\/v2\/tags?post=198036"}],"curies":[{"name":"wp","href":"https:\/\/api.w.org\/{rel}","templated":true}]}}