{"id":198035,"date":"2019-11-21T14:32:24","date_gmt":"2019-11-21T14:32:24","guid":{"rendered":"https:\/\/www.meydan.tv\/article\/mecburi-kockun-oglum-hebs-edilse-ne-yolla-olur-olsun-gedecem-lacina\/"},"modified":"2019-11-21T14:32:24","modified_gmt":"2019-11-21T14:32:24","slug":"mecburi-kockun-oglum-hebs-edilse-ne-yolla-olur-olsun-gedecem-lacina","status":"publish","type":"post","link":"https:\/\/www.meydan.tv\/az\/article\/mecburi-kockun-oglum-hebs-edilse-ne-yolla-olur-olsun-gedecem-lacina\/","title":{"rendered":"M\u0259cburi k\u00f6\u00e7k\u00fcn: O\u011flum h\u0259bs edils\u0259, n\u0259 yolla olur-olsun ged\u0259c\u0259m La\u00e7\u0131na"},"content":{"rendered":"<p>\n  <i><br \/>\n    \u201cSad\u0259c\u0259 \u0259dal\u0259tli m\u0259hk\u0259m\u0259 t\u0259l\u0259b edir\u0259m\u201d<br \/>\n  <\/i>\n<\/p>\n<p>\n  La\u00e7\u0131ndan olan m\u0259cburi k\u00f6\u00e7k\u00fcn, 37 ya\u015fl\u0131 Maarif \u015eahg\u0259ldiyev \u201cFortis Group\u201d MMC t\u0259r\u0259find\u0259n aldad\u0131ld\u0131\u011f\u0131n\u0131 deyir.\n<\/p>\n<p>\n  27 ildir K\u00fcrd\u0259mir rayonunda La\u00e7\u0131n k\u00f6\u00e7k\u00fcnl\u0259rinin m\u0259skunla\u015fd\u0131\u011f\u0131 yataqxanada ya\u015fayan \u015fikay\u0259t\u00e7inin s\u00f6zl\u0259rin\u0259 g\u00f6r\u0259, 2015-ci ild\u0259n \u201cAzbentonit\u201d Zavodu il\u0259 \u0259m\u0259kda\u015fl\u0131q edib. Zavodun sement m\u0259hsullar\u0131n\u0131 al\u0131b, \u00fcst\u00fcn\u0259 m\u00fc\u0259yy\u0259n m\u0259bl\u0259\u011f qoyaraq sat\u0131rm\u0131\u015f. Sonradan zavodun ad\u0131 \u201cGarant \u0130n\u015faat S\u0259naye\u201d, indi is\u0259 \u201cFortis Group\u201d olub.\n<\/p>\n<p>\n  Ticar\u0259t zaman\u0131 Maarif \u015eahg\u0259ldiyevin zavoda 30 min manata yax\u0131n borcu yaran\u0131b. Deyir, borc \u00f6vlad\u0131n\u0131n x\u0259st\u0259liyi v\u0259 zavoddan ald\u0131\u011f\u0131 yar\u0131yarars\u0131z materiallara g\u00f6r\u0259 art\u0131b:\n<\/p>\n<p>\n  \u201cSat\u0131lan materiallardan b\u0259zisi geri qay\u0131td\u0131. \u0130stifad\u0259y\u0259 yarars\u0131z idi. Burada bir az z\u0259r\u0259r etdim. \u00d6vlad\u0131m da a\u011f\u0131r x\u0259st\u0259 idi, \u00fcr\u0259yind\u0259 problem vard\u0131. Onun m\u00fcalic\u0259sin\u0259 d\u0259 \u00e7ox x\u0259rcim \u00e7\u0131xd\u0131. N\u0259tic\u0259d\u0259, sat\u0131lan m\u0259hsulun pulunu vaxt\u0131nda ver\u0259 bilm\u0259dim. 30 min manata yax\u0131n borc y\u0131\u011f\u0131ld\u0131\u201d.\n<\/p>\n<p>\n  <b><br \/>\n    \u201cK\u00f6hn\u0259 m\u00fcdiriyy\u0259tl\u0259 raz\u0131la\u015fm\u0131\u015fd\u0131q\u201d<br \/>\n  <\/b>\n<\/p>\n<p>\n  \u015eikay\u0259t\u00e7i deyir ki, zavodun \u0259vv\u0259lki m\u00fcdiriyy\u0259ti il\u0259 borcda raz\u0131la\u015f\u0131blar. Yen\u0259 \u0259vv\u0259lki kimi material g\u00f6t\u00fcr\u00fcb sat\u0131r, \u0259ld\u0259 etdiyi b\u00fct\u00fcn v\u0259saiti zavoda verirmi\u015f:\n<\/p>\n<p>\n  \u201cM\u0259n\u0259 qalan qazanc\u0131 da g\u00f6t\u00fcrm\u00fcrd\u00fcm. Allah bilir ki, borcu s\u00f6z verdiyim kimi qaytar\u0131m dey\u0259, h\u0259min vaxt ail\u0259ml\u0259 nec\u0259 \u00e7\u0259tin g\u00fcnl\u0259r ya\u015fam\u0131\u015f\u0131q. Yax\u015f\u0131 da qaytar\u0131rd\u0131m. 1 il\u0259 8 min manat verdim. Qald\u0131 22 min. Sonra m\u00fcdiriyy\u0259t d\u0259yi\u015fdi. Yeni g\u0259l\u0259n m\u00fcdir El\u015fad Bayramov dedi ki, ya 22 mini tam g\u0259tir, ya da s\u0259ni verir\u0259m m\u0259hk\u0259m\u0259y\u0259\u201d.\n<\/p>\n<p>\n  <b><br \/>\n    \u201cM\u0259ni aldad\u0131b qol \u00e7\u0259kdirdi\u201d<br \/>\n  <\/b>\n<\/p>\n<p>\n  Maarif \u015eahg\u0259ldiyev deyir ki, i\u015fl\u0259diyi ill\u0259r \u0259rzind\u0259 zavoddan d\u00f6vriyy\u0259si 1 milyon manata yax\u0131n olub. Material al\u0131b, sat\u0131b v\u0259 pulunu \u00f6d\u0259yib. Ancaq zavod sahibinin borcunu tam \u00f6d\u0259 t\u0259l\u0259bini yerin\u0259 yetir\u0259 bilm\u0259yib. \u00c7ox s\u00f6z-s\u00f6hb\u0259td\u0259n sonra El\u015fad Bayramov ona 30 min manat m\u00fcqabilind\u0259 limit a\u00e7ma\u011fa raz\u0131 olub.\n<\/p>\n<p>\n  \u201cDaha n\u0259 edim, 22 mini tam \u00f6d\u0259y\u0259 bilmirdim dey\u0259, raz\u0131la\u015fd\u0131m. M\u0259n\u0259 30 minlik mal ver\u0259c\u0259kdi, \u0259vv\u0259lki kimi sat\u0131b, borcumu qaytaracaqd\u0131m. S\u0259n\u0259di g\u0259tirdi, imzalad\u0131m. Sonradan m\u0259n\u0259 mal verm\u0259di. Ancaq vermi\u015f kimi g\u00f6st\u0259rib, m\u0259ni m\u0259hk\u0259m\u0259y\u0259 verdi. Guya 60 min manat borcum var ona\u201d.\n<\/p>\n<p>\n  <b><br \/>\n    \u201cHakim 22 min borcumun oldu\u011funa q\u0259rar verdi\u201d<br \/>\n  <\/b>\n<\/p>\n<p>\n  Maarif \u015eahg\u0259ldiyev deyir ki, o, he\u00e7 vaxt zavoddan qaim\u0259 v\u0259 fakturas\u0131z mal g\u00f6t\u00fcrm\u0259yib. Odur ki, K\u00fcrd\u0259mir Rayon M\u0259hk\u0259m\u0259sind\u0259n xahi\u015f edib ki, El\u015fad Bayramov ona mal verm\u0259si il\u0259 ba\u011fl\u0131 s\u0259n\u0259d t\u0259qdim etsin:\n<\/p>\n<p>\n  \u201cH\u0259r \u015feyi a\u00e7\u0131q dedim. Borcumun nec\u0259 yaranmas\u0131n\u0131. N\u0259 q\u0259d\u0259rini \u00f6d\u0259diyimi v\u0259 s. Hakim m\u0259niml\u0259 raz\u0131la\u015fd\u0131. El\u015fad Bayramovdan s\u0259n\u0259d t\u0259l\u0259b etdi. Ancaq 5 m\u0259hk\u0259m\u0259 iclas\u0131 boyunca onlar he\u00e7 bir s\u0259n\u0259d t\u0259qim ed\u0259 bilm\u0259dil\u0259r. Hakim m\u0259nim onlara 22 min borcumun oldu\u011funa q\u0259rar verdi\u201d.\n<\/p>\n<p>\n  <b><br \/>\n    \u201cM\u0259hk\u0259m\u0259 m\u0259nim he\u00e7 bir xahi\u015fimi, t\u0259l\u0259bimi n\u0259z\u0259r\u0259 almad\u0131\u201d<br \/>\n  <\/b>\n<\/p>\n<p>\n  Maarif \u015eahg\u0259ldiyev deyir ki, El\u015fad Bayramov bundan sonra da ondan \u0259l \u00e7\u0259km\u0259yib. 60 minlik borc t\u0259l\u0259bi il\u0259 \u015eirvan Apelyasiya M\u0259hk\u0259m\u0259sin\u0259 m\u00fcraci\u0259t edib. O, yen\u0259 m\u0259hk\u0259m\u0259d\u0259n s\u0259n\u0259d verilm\u0259sini t\u0259l\u0259b ets\u0259 d\u0259, bu d\u0259f\u0259 hakim onun dediyini etm\u0259yib. 60 minlik borcun olmas\u0131na, onun 8 mininin qaytar\u0131l\u0131b, 52 mininin qald\u0131\u011f\u0131na q\u0259rar verib:\n<\/p>\n<p>\n  \u201cM\u0259hk\u0259m\u0259 m\u0259nim he\u00e7 bir xahi\u015fimi, t\u0259l\u0259bimi n\u0259z\u0259r\u0259 almad\u0131. Zavod sahibinin haqs\u0131z iddias\u0131 t\u0259min edildi\u201d.\n<\/p>\n<figure class=\"wp-block-image size-large\">\n  <img decoding=\"async\" src=\"https:\/\/www.meydan.tv\/az\/image_from_ios-5-jpg-64\/\" alt=\"image_from_ios (5).jpg\" class=\"wp-image-133374\"\/><figcaption>\n    Maarif \u015eahg\u0259ldiyev<br \/>\n  <\/figcaption><\/figure>\n<p>\n  \u015eikay\u0259t\u00e7i Ali M\u0259hk\u0259m\u0259y\u0259 m\u00fcraci\u0259t edib. Eyni zamanda, Prezident \u0130lham \u018fliyev\u0259, Birinci vitse-prezident Mehriban \u018fliyevaya m\u0259ktub yaz\u0131b:\n<\/p>\n<p>\n  \u201cOnlara yazmaqdan barmaqlar\u0131m qabar olub. G\u0259l\u0259n cavablarda ara\u015fd\u0131r\u0131laca\u011f\u0131n\u0131 s\u00f6yl\u0259yirl\u0259r. Ancaq onlara m\u0259ktub yazmaq m\u0259nim xeyrim\u0259 yox, daha da \u0259leyhim\u0259 olur. Ona g\u00f6r\u0259 Meydan TV vasit\u0259sil\u0259 onlara m\u00fcraci\u0259t edir\u0259m. Yalvar\u0131ram, m\u0259hk\u0259m\u0259nin m\u0259nim i\u015fimi \u0259dal\u0259tli ara\u015fd\u0131rmas\u0131na g\u00f6st\u0259ri\u015f versinl\u0259r\u201d.\n<\/p>\n<p>\n  <b><br \/>\n    \u201cLa\u00e7\u0131na ged\u0259c\u0259m, qoy erm\u0259nil\u0259r m\u0259ni vurub \u00f6ld\u00fcrs\u00fcnl\u0259r\u201d<br \/>\n  <\/b>\n<\/p>\n<p>\n  Maarifin anas\u0131 Minay\u0259 \u015eahg\u0259ldiyeva onkoloji x\u0259st\u0259likd\u0259n \u0259ziyy\u0259t \u00e7\u0259kir. Deyir, bir balas\u0131 var. Onu \u015f\u0259rl\u0259yib, h\u0259bs ed\u0259nd\u0259n sonra ya\u015famaq ist\u0259mir:\n<\/p>\n<p>\n  \u201cO\u011flum h\u0259bs edils\u0259, n\u0259 yolla olur-olsun, da\u011fla, me\u015f\u0259yl\u0259 ke\u00e7\u0259c\u0259m La\u00e7\u0131na. Qoy erm\u0259nil\u0259r m\u0259ni vurub \u00f6ld\u00fcrs\u00fcnl\u0259r. \u0130nan\u0131n, pul tap\u0131b, x\u0259st\u0259xanaya ged\u0259 bilmir\u0259m. \u00dcr\u0259yim d\u0259 problemlidir, t\u0259zyiq d\u0259 bir t\u0259r\u0259fd\u0259n. Yemirik-i\u00e7mirik ki, borcumuzu qaytaraq. Daha n\u0259 ed\u0259k? Borcdan imtina etmirik ki. \u015e\u0259rait yarats\u0131n, \u00f6d\u0259y\u0259k d\u0259. Niy\u0259 tutdurmaq ist\u0259yir?\u201d\n<\/p>\n<p>\n  <b><br \/>\n    \u201c6 n\u0259f\u0259rlik ail\u0259miz o\u011flumun \u00f6hd\u0259sind\u0259dir\u201d<br \/>\n  <\/b>\n<\/p>\n<p>\n  Minay\u0259 \u015eahg\u0259ldiyeva deyir ki, La\u00e7\u0131ndan \u00e7\u0131xara bildiyi t\u0259k var\u0131-d\u00f6vl\u0259ti o\u011flu Maarifdir. Ondan ba\u015fqa \u00f6vlad\u0131 yoxdur. 6 n\u0259f\u0259rlik ail\u0259 o\u011flunun \u00f6hd\u0259sind\u0259dir. O, h\u0259bs olunsa, ail\u0259 h\u0259rt\u0259r\u0259fli m\u0259hv olacaq:\n<\/p>\n<p>\n  \u201c\u0130ki azya\u015fl\u0131 u\u015fa\u011f\u0131 var, k\u00f6\u00e7k\u00fcn\u00fck, biz\u0259 ac\u0131s\u0131nlar, nolar. \u00c7ox \u015fey ist\u0259mirik, sad\u0259c\u0259 \u0259dal\u0259tli m\u0259hk\u0259m\u0259 ara\u015fd\u0131rmas\u0131 ist\u0259yirik. O pulu biz\u0259 h\u0259diyy\u0259 etm\u0259sinl\u0259r. S\u00fcbut olunan borcun hiss\u0259-hiss\u0259 \u00f6d\u0259nm\u0259sin\u0259 imkan versinl\u0259r, b\u0259simizdir. O\u011furluq, quldurluq ets\u0259, dey\u0259r\u0259m, tutun. Etm\u0259yib ax\u0131. Balas\u0131n\u0131n x\u0259st\u0259liyin\u0259 g\u00f6r\u0259 borcu yaran\u0131b. Ondan da qa\u00e7m\u0131r, deyir: \u201c\u00f6d\u0259yir\u0259m\u201d. Sad\u0259c\u0259 bir yola g\u0259lmirl\u0259r. Dir\u0259nibl\u0259r, h\u0259bsini ist\u0259yirl\u0259r. Olmaz ax\u0131 bel\u0259\u201d.\n<\/p>\n<p>\n  \u201cFortis Group\u201d MMC-d\u0259n Meydan TV-y\u0259 bu bar\u0259d\u0259 a\u00e7\u0131qlama ver\u0259 bilm\u0259y\u0259c\u0259kl\u0259rini s\u00f6yl\u0259yibl\u0259r: \u201c\u0130\u015fimizl\u0259 ba\u011fl\u0131 deyil bu sor\u011fu. Deyirsiz, m\u0259hk\u0259m\u0259 q\u0259rar\u0131 var, i\u015f m\u0259hk\u0259m\u0259d\u0259dir. Dem\u0259li, laz\u0131mi yerd\u0259dir v\u0259 qanun \u00e7\u0259r\u00e7iv\u0259sind\u0259 bax\u0131l\u0131r. M\u0259hk\u0259m\u0259 bax\u0131r, m\u0259hk\u0259m\u0259 q\u0259rar verir, onun q\u0259rar\u0131n\u0131 \u015f\u00fcbh\u0259 alt\u0131na almaq olmaz\u201d.<\/p>\n","protected":false},"excerpt":{"rendered":"<p>&#8220;\u00c7ox \u015fey ist\u0259mirik, sad\u0259c\u0259 \u0259dal\u0259tli m\u0259hk\u0259m\u0259 ara\u015fd\u0131rmas\u0131 ist\u0259yirik&#8221;<\/p>\n","protected":false},"author":11,"featured_media":133380,"comment_status":"closed","ping_status":"open","sticky":false,"template":"","format":"standard","meta":{"_acf_changed":false,"_sitemap_exclude":false,"_sitemap_priority":"","_sitemap_frequency":"","footnotes":""},"categories":[60],"tags":[],"class_list":["post-198035","post","type-post","status-publish","format-standard","has-post-thumbnail","hentry","category-bolge","infinite-scroll-item","generate-columns","tablet-grid-50","mobile-grid-100","grid-parent","grid-33","no-featured-image-padding"],"acf":[],"yoast_head":"<!-- This site is optimized with the Yoast SEO plugin v27.5 - https:\/\/yoast.com\/product\/yoast-seo-wordpress\/ -->\n<title>M\u0259cburi k\u00f6\u00e7k\u00fcn: O\u011flum h\u0259bs edils\u0259, n\u0259 yolla olur-olsun ged\u0259c\u0259m La\u00e7\u0131na - MEYDAN.TV<\/title>\n<meta name=\"robots\" content=\"index, follow, max-snippet:-1, max-image-preview:large, max-video-preview:-1\" \/>\n<link rel=\"canonical\" href=\"https:\/\/www.meydan.tv\/az\/article\/mecburi-kockun-oglum-hebs-edilse-ne-yolla-olur-olsun-gedecem-lacina\/\" \/>\n<meta property=\"og:locale\" content=\"az_AZ\" \/>\n<meta property=\"og:type\" content=\"article\" \/>\n<meta property=\"og:title\" content=\"M\u0259cburi k\u00f6\u00e7k\u00fcn: O\u011flum h\u0259bs edils\u0259, n\u0259 yolla olur-olsun ged\u0259c\u0259m La\u00e7\u0131na - MEYDAN.TV\" \/>\n<meta property=\"og:description\" content=\"&quot;\u00c7ox \u015fey ist\u0259mirik, sad\u0259c\u0259 \u0259dal\u0259tli m\u0259hk\u0259m\u0259 ara\u015fd\u0131rmas\u0131 ist\u0259yirik&quot;\" \/>\n<meta property=\"og:url\" content=\"https:\/\/www.meydan.tv\/az\/article\/mecburi-kockun-oglum-hebs-edilse-ne-yolla-olur-olsun-gedecem-lacina\/\" \/>\n<meta property=\"og:site_name\" content=\"MEYDAN.TV\" \/>\n<meta property=\"article:published_time\" content=\"2019-11-21T14:32:24+00:00\" \/>\n<meta property=\"og:image\" content=\"https:\/\/www.meydan.tv\/wp-content\/uploads\/image_from_ios_6_vdbqyjb-scaled.jpg\" \/>\n\t<meta property=\"og:image:width\" content=\"2560\" \/>\n\t<meta property=\"og:image:height\" content=\"1920\" \/>\n\t<meta property=\"og:image:type\" content=\"image\/jpeg\" \/>\n<meta name=\"author\" content=\"user-manager\" \/>\n<meta name=\"twitter:card\" content=\"summary_large_image\" \/>\n<script type=\"application\/ld+json\" class=\"yoast-schema-graph\">{\"@context\":\"https:\\\/\\\/schema.org\",\"@graph\":[{\"@type\":\"Article\",\"@id\":\"https:\\\/\\\/www.meydan.tv\\\/az\\\/article\\\/mecburi-kockun-oglum-hebs-edilse-ne-yolla-olur-olsun-gedecem-lacina\\\/#article\",\"isPartOf\":{\"@id\":\"https:\\\/\\\/www.meydan.tv\\\/az\\\/article\\\/mecburi-kockun-oglum-hebs-edilse-ne-yolla-olur-olsun-gedecem-lacina\\\/\"},\"author\":{\"name\":\"user-manager\",\"@id\":\"https:\\\/\\\/www.meydan.tv\\\/az\\\/#\\\/schema\\\/person\\\/10d11eccf6da3662cf5fdab9806ea91a\"},\"headline\":\"M\u0259cburi k\u00f6\u00e7k\u00fcn: O\u011flum h\u0259bs edils\u0259, n\u0259 yolla olur-olsun ged\u0259c\u0259m La\u00e7\u0131na\",\"datePublished\":\"2019-11-21T14:32:24+00:00\",\"mainEntityOfPage\":{\"@id\":\"https:\\\/\\\/www.meydan.tv\\\/az\\\/article\\\/mecburi-kockun-oglum-hebs-edilse-ne-yolla-olur-olsun-gedecem-lacina\\\/\"},\"wordCount\":1143,\"publisher\":{\"@id\":\"https:\\\/\\\/www.meydan.tv\\\/az\\\/#organization\"},\"image\":{\"@id\":\"https:\\\/\\\/www.meydan.tv\\\/az\\\/article\\\/mecburi-kockun-oglum-hebs-edilse-ne-yolla-olur-olsun-gedecem-lacina\\\/#primaryimage\"},\"thumbnailUrl\":\"https:\\\/\\\/www.meydan.tv\\\/wp-content\\\/uploads\\\/image_from_ios_6_vdbqyjb-scaled.jpg\",\"articleSection\":[\"B\u00f6lg\u0259\"],\"inLanguage\":\"az\"},{\"@type\":\"WebPage\",\"@id\":\"https:\\\/\\\/www.meydan.tv\\\/az\\\/article\\\/mecburi-kockun-oglum-hebs-edilse-ne-yolla-olur-olsun-gedecem-lacina\\\/\",\"url\":\"https:\\\/\\\/www.meydan.tv\\\/az\\\/article\\\/mecburi-kockun-oglum-hebs-edilse-ne-yolla-olur-olsun-gedecem-lacina\\\/\",\"name\":\"M\u0259cburi k\u00f6\u00e7k\u00fcn: O\u011flum h\u0259bs edils\u0259, n\u0259 yolla olur-olsun ged\u0259c\u0259m La\u00e7\u0131na - MEYDAN.TV\",\"isPartOf\":{\"@id\":\"https:\\\/\\\/www.meydan.tv\\\/az\\\/#website\"},\"primaryImageOfPage\":{\"@id\":\"https:\\\/\\\/www.meydan.tv\\\/az\\\/article\\\/mecburi-kockun-oglum-hebs-edilse-ne-yolla-olur-olsun-gedecem-lacina\\\/#primaryimage\"},\"image\":{\"@id\":\"https:\\\/\\\/www.meydan.tv\\\/az\\\/article\\\/mecburi-kockun-oglum-hebs-edilse-ne-yolla-olur-olsun-gedecem-lacina\\\/#primaryimage\"},\"thumbnailUrl\":\"https:\\\/\\\/www.meydan.tv\\\/wp-content\\\/uploads\\\/image_from_ios_6_vdbqyjb-scaled.jpg\",\"datePublished\":\"2019-11-21T14:32:24+00:00\",\"breadcrumb\":{\"@id\":\"https:\\\/\\\/www.meydan.tv\\\/az\\\/article\\\/mecburi-kockun-oglum-hebs-edilse-ne-yolla-olur-olsun-gedecem-lacina\\\/#breadcrumb\"},\"inLanguage\":\"az\",\"potentialAction\":[{\"@type\":\"ReadAction\",\"target\":[\"https:\\\/\\\/www.meydan.tv\\\/az\\\/article\\\/mecburi-kockun-oglum-hebs-edilse-ne-yolla-olur-olsun-gedecem-lacina\\\/\"]}]},{\"@type\":\"ImageObject\",\"inLanguage\":\"az\",\"@id\":\"https:\\\/\\\/www.meydan.tv\\\/az\\\/article\\\/mecburi-kockun-oglum-hebs-edilse-ne-yolla-olur-olsun-gedecem-lacina\\\/#primaryimage\",\"url\":\"https:\\\/\\\/www.meydan.tv\\\/wp-content\\\/uploads\\\/image_from_ios_6_vdbqyjb-scaled.jpg\",\"contentUrl\":\"https:\\\/\\\/www.meydan.tv\\\/wp-content\\\/uploads\\\/image_from_ios_6_vdbqyjb-scaled.jpg\",\"width\":2560,\"height\":1920,\"caption\":\"Source: Foto: Meydan TV\"},{\"@type\":\"BreadcrumbList\",\"@id\":\"https:\\\/\\\/www.meydan.tv\\\/az\\\/article\\\/mecburi-kockun-oglum-hebs-edilse-ne-yolla-olur-olsun-gedecem-lacina\\\/#breadcrumb\",\"itemListElement\":[{\"@type\":\"ListItem\",\"position\":1,\"name\":\"Ana s\u0259hif\u0259\",\"item\":\"https:\\\/\\\/www.meydan.tv\\\/az\\\/\"},{\"@type\":\"ListItem\",\"position\":2,\"name\":\"B\u00f6lg\u0259\",\"item\":\"https:\\\/\\\/www.meydan.tv\\\/az\\\/section\\\/bolge\\\/\"},{\"@type\":\"ListItem\",\"position\":3,\"name\":\"M\u0259cburi k\u00f6\u00e7k\u00fcn: O\u011flum h\u0259bs edils\u0259, n\u0259 yolla olur-olsun ged\u0259c\u0259m La\u00e7\u0131na\"}]},{\"@type\":\"WebSite\",\"@id\":\"https:\\\/\\\/www.meydan.tv\\\/az\\\/#website\",\"url\":\"https:\\\/\\\/www.meydan.tv\\\/az\\\/\",\"name\":\"MEYDAN.TV\",\"description\":\"Meydan TV Az\u0259rbaycan\u0131n media m\u0259kan\u0131ndak\u0131 alternativ s\u0259sidir\",\"publisher\":{\"@id\":\"https:\\\/\\\/www.meydan.tv\\\/az\\\/#organization\"},\"potentialAction\":[{\"@type\":\"SearchAction\",\"target\":{\"@type\":\"EntryPoint\",\"urlTemplate\":\"https:\\\/\\\/www.meydan.tv\\\/az\\\/?s={search_term_string}\"},\"query-input\":{\"@type\":\"PropertyValueSpecification\",\"valueRequired\":true,\"valueName\":\"search_term_string\"}}],\"inLanguage\":\"az\"},{\"@type\":\"Organization\",\"@id\":\"https:\\\/\\\/www.meydan.tv\\\/az\\\/#organization\",\"name\":\"Meydan TV\",\"url\":\"https:\\\/\\\/www.meydan.tv\\\/az\\\/\",\"logo\":{\"@type\":\"ImageObject\",\"inLanguage\":\"az\",\"@id\":\"https:\\\/\\\/www.meydan.tv\\\/az\\\/#\\\/schema\\\/logo\\\/image\\\/\",\"url\":\"https:\\\/\\\/www.meydan.tv\\\/wp-content\\\/uploads\\\/2021\\\/07\\\/meydan-logo.svg\",\"contentUrl\":\"https:\\\/\\\/www.meydan.tv\\\/wp-content\\\/uploads\\\/2021\\\/07\\\/meydan-logo.svg\",\"width\":195,\"height\":46,\"caption\":\"Meydan TV\"},\"image\":{\"@id\":\"https:\\\/\\\/www.meydan.tv\\\/az\\\/#\\\/schema\\\/logo\\\/image\\\/\"}},{\"@type\":\"Person\",\"@id\":\"https:\\\/\\\/www.meydan.tv\\\/az\\\/#\\\/schema\\\/person\\\/10d11eccf6da3662cf5fdab9806ea91a\",\"name\":\"user-manager\"}]}<\/script>\n<!-- \/ Yoast SEO plugin. -->","yoast_head_json":{"title":"M\u0259cburi k\u00f6\u00e7k\u00fcn: O\u011flum h\u0259bs edils\u0259, n\u0259 yolla olur-olsun ged\u0259c\u0259m La\u00e7\u0131na - MEYDAN.TV","robots":{"index":"index","follow":"follow","max-snippet":"max-snippet:-1","max-image-preview":"max-image-preview:large","max-video-preview":"max-video-preview:-1"},"canonical":"https:\/\/www.meydan.tv\/az\/article\/mecburi-kockun-oglum-hebs-edilse-ne-yolla-olur-olsun-gedecem-lacina\/","og_locale":"az_AZ","og_type":"article","og_title":"M\u0259cburi k\u00f6\u00e7k\u00fcn: O\u011flum h\u0259bs edils\u0259, n\u0259 yolla olur-olsun ged\u0259c\u0259m La\u00e7\u0131na - MEYDAN.TV","og_description":"\"\u00c7ox \u015fey ist\u0259mirik, sad\u0259c\u0259 \u0259dal\u0259tli m\u0259hk\u0259m\u0259 ara\u015fd\u0131rmas\u0131 ist\u0259yirik\"","og_url":"https:\/\/www.meydan.tv\/az\/article\/mecburi-kockun-oglum-hebs-edilse-ne-yolla-olur-olsun-gedecem-lacina\/","og_site_name":"MEYDAN.TV","article_published_time":"2019-11-21T14:32:24+00:00","og_image":[{"width":2560,"height":1920,"url":"https:\/\/www.meydan.tv\/wp-content\/uploads\/image_from_ios_6_vdbqyjb-scaled.jpg","type":"image\/jpeg"}],"author":"user-manager","twitter_card":"summary_large_image","schema":{"@context":"https:\/\/schema.org","@graph":[{"@type":"Article","@id":"https:\/\/www.meydan.tv\/az\/article\/mecburi-kockun-oglum-hebs-edilse-ne-yolla-olur-olsun-gedecem-lacina\/#article","isPartOf":{"@id":"https:\/\/www.meydan.tv\/az\/article\/mecburi-kockun-oglum-hebs-edilse-ne-yolla-olur-olsun-gedecem-lacina\/"},"author":{"name":"user-manager","@id":"https:\/\/www.meydan.tv\/az\/#\/schema\/person\/10d11eccf6da3662cf5fdab9806ea91a"},"headline":"M\u0259cburi k\u00f6\u00e7k\u00fcn: O\u011flum h\u0259bs edils\u0259, n\u0259 yolla olur-olsun ged\u0259c\u0259m La\u00e7\u0131na","datePublished":"2019-11-21T14:32:24+00:00","mainEntityOfPage":{"@id":"https:\/\/www.meydan.tv\/az\/article\/mecburi-kockun-oglum-hebs-edilse-ne-yolla-olur-olsun-gedecem-lacina\/"},"wordCount":1143,"publisher":{"@id":"https:\/\/www.meydan.tv\/az\/#organization"},"image":{"@id":"https:\/\/www.meydan.tv\/az\/article\/mecburi-kockun-oglum-hebs-edilse-ne-yolla-olur-olsun-gedecem-lacina\/#primaryimage"},"thumbnailUrl":"https:\/\/www.meydan.tv\/wp-content\/uploads\/image_from_ios_6_vdbqyjb-scaled.jpg","articleSection":["B\u00f6lg\u0259"],"inLanguage":"az"},{"@type":"WebPage","@id":"https:\/\/www.meydan.tv\/az\/article\/mecburi-kockun-oglum-hebs-edilse-ne-yolla-olur-olsun-gedecem-lacina\/","url":"https:\/\/www.meydan.tv\/az\/article\/mecburi-kockun-oglum-hebs-edilse-ne-yolla-olur-olsun-gedecem-lacina\/","name":"M\u0259cburi k\u00f6\u00e7k\u00fcn: O\u011flum h\u0259bs edils\u0259, n\u0259 yolla olur-olsun ged\u0259c\u0259m La\u00e7\u0131na - MEYDAN.TV","isPartOf":{"@id":"https:\/\/www.meydan.tv\/az\/#website"},"primaryImageOfPage":{"@id":"https:\/\/www.meydan.tv\/az\/article\/mecburi-kockun-oglum-hebs-edilse-ne-yolla-olur-olsun-gedecem-lacina\/#primaryimage"},"image":{"@id":"https:\/\/www.meydan.tv\/az\/article\/mecburi-kockun-oglum-hebs-edilse-ne-yolla-olur-olsun-gedecem-lacina\/#primaryimage"},"thumbnailUrl":"https:\/\/www.meydan.tv\/wp-content\/uploads\/image_from_ios_6_vdbqyjb-scaled.jpg","datePublished":"2019-11-21T14:32:24+00:00","breadcrumb":{"@id":"https:\/\/www.meydan.tv\/az\/article\/mecburi-kockun-oglum-hebs-edilse-ne-yolla-olur-olsun-gedecem-lacina\/#breadcrumb"},"inLanguage":"az","potentialAction":[{"@type":"ReadAction","target":["https:\/\/www.meydan.tv\/az\/article\/mecburi-kockun-oglum-hebs-edilse-ne-yolla-olur-olsun-gedecem-lacina\/"]}]},{"@type":"ImageObject","inLanguage":"az","@id":"https:\/\/www.meydan.tv\/az\/article\/mecburi-kockun-oglum-hebs-edilse-ne-yolla-olur-olsun-gedecem-lacina\/#primaryimage","url":"https:\/\/www.meydan.tv\/wp-content\/uploads\/image_from_ios_6_vdbqyjb-scaled.jpg","contentUrl":"https:\/\/www.meydan.tv\/wp-content\/uploads\/image_from_ios_6_vdbqyjb-scaled.jpg","width":2560,"height":1920,"caption":"Source: Foto: Meydan TV"},{"@type":"BreadcrumbList","@id":"https:\/\/www.meydan.tv\/az\/article\/mecburi-kockun-oglum-hebs-edilse-ne-yolla-olur-olsun-gedecem-lacina\/#breadcrumb","itemListElement":[{"@type":"ListItem","position":1,"name":"Ana s\u0259hif\u0259","item":"https:\/\/www.meydan.tv\/az\/"},{"@type":"ListItem","position":2,"name":"B\u00f6lg\u0259","item":"https:\/\/www.meydan.tv\/az\/section\/bolge\/"},{"@type":"ListItem","position":3,"name":"M\u0259cburi k\u00f6\u00e7k\u00fcn: O\u011flum h\u0259bs edils\u0259, n\u0259 yolla olur-olsun ged\u0259c\u0259m La\u00e7\u0131na"}]},{"@type":"WebSite","@id":"https:\/\/www.meydan.tv\/az\/#website","url":"https:\/\/www.meydan.tv\/az\/","name":"MEYDAN.TV","description":"Meydan TV Az\u0259rbaycan\u0131n media m\u0259kan\u0131ndak\u0131 alternativ s\u0259sidir","publisher":{"@id":"https:\/\/www.meydan.tv\/az\/#organization"},"potentialAction":[{"@type":"SearchAction","target":{"@type":"EntryPoint","urlTemplate":"https:\/\/www.meydan.tv\/az\/?s={search_term_string}"},"query-input":{"@type":"PropertyValueSpecification","valueRequired":true,"valueName":"search_term_string"}}],"inLanguage":"az"},{"@type":"Organization","@id":"https:\/\/www.meydan.tv\/az\/#organization","name":"Meydan TV","url":"https:\/\/www.meydan.tv\/az\/","logo":{"@type":"ImageObject","inLanguage":"az","@id":"https:\/\/www.meydan.tv\/az\/#\/schema\/logo\/image\/","url":"https:\/\/www.meydan.tv\/wp-content\/uploads\/2021\/07\/meydan-logo.svg","contentUrl":"https:\/\/www.meydan.tv\/wp-content\/uploads\/2021\/07\/meydan-logo.svg","width":195,"height":46,"caption":"Meydan TV"},"image":{"@id":"https:\/\/www.meydan.tv\/az\/#\/schema\/logo\/image\/"}},{"@type":"Person","@id":"https:\/\/www.meydan.tv\/az\/#\/schema\/person\/10d11eccf6da3662cf5fdab9806ea91a","name":"user-manager"}]}},"_links":{"self":[{"href":"https:\/\/www.meydan.tv\/az\/wp-json\/wp\/v2\/posts\/198035","targetHints":{"allow":["GET"]}}],"collection":[{"href":"https:\/\/www.meydan.tv\/az\/wp-json\/wp\/v2\/posts"}],"about":[{"href":"https:\/\/www.meydan.tv\/az\/wp-json\/wp\/v2\/types\/post"}],"author":[{"embeddable":true,"href":"https:\/\/www.meydan.tv\/az\/wp-json\/wp\/v2\/users\/11"}],"replies":[{"embeddable":true,"href":"https:\/\/www.meydan.tv\/az\/wp-json\/wp\/v2\/comments?post=198035"}],"version-history":[{"count":0,"href":"https:\/\/www.meydan.tv\/az\/wp-json\/wp\/v2\/posts\/198035\/revisions"}],"wp:featuredmedia":[{"embeddable":true,"href":"https:\/\/www.meydan.tv\/az\/wp-json\/wp\/v2\/media\/133380"}],"wp:attachment":[{"href":"https:\/\/www.meydan.tv\/az\/wp-json\/wp\/v2\/media?parent=198035"}],"wp:term":[{"taxonomy":"category","embeddable":true,"href":"https:\/\/www.meydan.tv\/az\/wp-json\/wp\/v2\/categories?post=198035"},{"taxonomy":"post_tag","embeddable":true,"href":"https:\/\/www.meydan.tv\/az\/wp-json\/wp\/v2\/tags?post=198035"}],"curies":[{"name":"wp","href":"https:\/\/api.w.org\/{rel}","templated":true}]}}