{"id":198034,"date":"2019-11-21T15:17:17","date_gmt":"2019-11-21T15:17:17","guid":{"rendered":"https:\/\/www.meydan.tv\/article\/iran-interneti-qismen-berpa-edib\/"},"modified":"2019-11-21T15:17:17","modified_gmt":"2019-11-21T15:17:17","slug":"iran-interneti-qismen-berpa-edib","status":"publish","type":"post","link":"https:\/\/www.meydan.tv\/az\/article\/iran-interneti-qismen-berpa-edib\/","title":{"rendered":"\u0130ran interneti qism\u0259n b\u0259rpa edib"},"content":{"rendered":"<p>\n  <i><br \/>\n    \u0130nqilab Ke\u015fik\u00e7il\u0259ri \u00f6lk\u0259d\u0259 sakitliyin b\u0259rpa olundu\u011funu deyir<br \/>\n  <\/i>\n<\/p>\n<p>\n  \u0130ran\u0131n c\u0259nubundak\u0131 Hormozgan \u0259yal\u0259tind\u0259 internet b\u0259rpa edilib, &#8211; ISNA x\u0259b\u0259r agentliyi m\u0259lumat yay\u0131b.\n<\/p>\n<p>\n  \u201cReuters\u201d is\u0259 bildirir ki, internetin \u00f6lk\u0259 \u0259razisind\u0259 bir g\u00fcn k\u0259silm\u0259si g\u00fcnl\u0259rdir davam ed\u0259n i\u011fti\u015fa\u015flar\u0131 yat\u0131rma\u011fa xidm\u0259t etm\u0259k m\u0259qs\u0259di da\u015f\u0131y\u0131b.\n<\/p>\n<p>\n  Hakimiyy\u0259tin internet\u0259 giri\u015fi ba\u011flamas\u0131 etiraz\u00e7\u0131lar\u0131n sosial mediada video payla\u015f\u0131mlar\u0131n\u0131 \u00e7\u0259tinl\u0259\u015fdirib. Qeyd olunur ki, internetin k\u0259silm\u0259si i\u011fti\u015fa\u015flar\u0131n miqyas\u0131 bar\u0259d\u0259 etibarl\u0131 m\u0259lumatlar\u0131n \u0259ld\u0259 edilm\u0259sini m\u0259hdudla\u015fd\u0131r\u0131b.\n<\/p>\n<p>\n  D\u00f6vl\u0259t telekanal\u0131n\u0131n verdiyi m\u0259lumata g\u00f6r\u0259, \u0130ran\u0131n \u0130nqilab Ke\u015fik\u00e7il\u0259ri c\u00fcm\u0259 ax\u015fam\u0131 \u00f6lk\u0259d\u0259 sakitliyin b\u0259rpa olundu\u011funu qeyd edib.\n<\/p>\n<p>\n  \u201cHormozgan \u0259yal\u0259tind\u0259 internet ba\u011flant\u0131s\u0131 b\u0259rpa edilib v\u0259 b\u00fct\u00fcn sosial media platformlar\u0131 yenid\u0259n aktivdir\u201d, &#8211; \u0130SNA qeyd edib.\n<\/p>\n<p>\n  \u0130ran r\u0259smil\u0259ri daha \u00f6nc\u0259 d\u0259 sakitliyin t\u0259min olunaca\u011f\u0131 t\u0259qdird\u0259 internetin yenid\u0259n b\u0259rpa edil\u0259c\u0259yini bildirmi\u015fdi.\n<\/p>\n<p>\n  Noyabr\u0131n 15-d\u0259 h\u00f6kum\u0259t benzinin qiym\u0259tinin \u0259n az 50% art\u0131m\u0131n\u0131 elan etdikd\u0259n sonra \u0130randa i\u011fti\u015fa\u015flar ba\u015flay\u0131b. Bir ne\u00e7\u0259 \u0259yal\u0259td\u0259 ba\u015flam\u0131\u015f etirazlar daha sonra 100-\u0259 yax\u0131n \u015f\u0259h\u0259r v\u0259 q\u0259s\u0259b\u0259y\u0259 yay\u0131l\u0131b. Etiraz\u00e7\u0131lar y\u00fcks\u0259k v\u0259zif\u0259li \u015f\u0259xsl\u0259rin istefas\u0131n\u0131 t\u0259l\u0259b ed\u0259r\u0259k tez bir zamanda n\u00fcmayi\u015fl\u0259r\u0259 siyasi xarakter qazand\u0131r\u0131blar.\n<\/p>\n<p>\n  \u201cAmnesty \u0130nternational\u201d deyib ki, etirazlar zaman\u0131 t\u0259hl\u00fck\u0259sizlik q\u00fcvv\u0259l\u0259ri t\u0259r\u0259find\u0259n \u0259n az 106 n\u0259f\u0259r \u00f6ld\u00fcr\u00fcl\u00fcb v\u0259 bu, etirazlar\u0131 \u0259n az\u0131 10 ild\u0259 v\u0259 b\u0259lk\u0259 d\u0259 1979-cu il \u0130slam \u0130nqilab\u0131ndan b\u0259ri \u0130randa ba\u015f vermi\u015f \u0259n qar\u0131\u015f\u0131q k\u00fc\u00e7\u0259 i\u011fti\u015fa\u015f\u0131na \u00e7evirib.\n<\/p>\n<p>\n  \u0130ran hakimiyy\u0259ti deyib ki, aralar\u0131nda t\u0259hl\u00fck\u0259sizlik q\u00fcvv\u0259l\u0259rinin v\u0259 polisl\u0259rin d\u0259 oldu\u011fu bir ne\u00e7\u0259 insan k\u00fc\u00e7\u0259 zorak\u0131l\u0131\u011f\u0131nda \u00f6ld\u00fcr\u00fcl\u00fcb. Tehran qar\u015f\u0131durmada xarici q\u00fcvv\u0259l\u0259ri g\u00fcnahland\u0131r\u0131b.<\/p>\n","protected":false},"excerpt":{"rendered":"<p>\u201cHormozgan \u0259yal\u0259tind\u0259 internet ba\u011flant\u0131s\u0131 b\u0259rpa edilib v\u0259 b\u00fct\u00fcn sosial media platformlar\u0131 yenid\u0259n aktivdir\u201d, &#8211; \u0130SNA qeyd edib.<\/p>\n","protected":false},"author":11,"featured_media":133383,"comment_status":"closed","ping_status":"open","sticky":false,"template":"","format":"standard","meta":{"_acf_changed":false,"_sitemap_exclude":false,"_sitemap_priority":"","_sitemap_frequency":"","footnotes":""},"categories":[64],"tags":[],"class_list":["post-198034","post","type-post","status-publish","format-standard","has-post-thumbnail","hentry","category-dunya","infinite-scroll-item","generate-columns","tablet-grid-50","mobile-grid-100","grid-parent","grid-33","no-featured-image-padding"],"acf":[],"yoast_head":"<!-- This site is optimized with the Yoast SEO plugin v27.5 - https:\/\/yoast.com\/product\/yoast-seo-wordpress\/ -->\n<title>\u0130ran interneti qism\u0259n b\u0259rpa edib - MEYDAN.TV<\/title>\n<meta name=\"robots\" content=\"index, follow, max-snippet:-1, max-image-preview:large, max-video-preview:-1\" \/>\n<link rel=\"canonical\" href=\"https:\/\/www.meydan.tv\/az\/article\/iran-interneti-qismen-berpa-edib\/\" \/>\n<meta property=\"og:locale\" content=\"az_AZ\" \/>\n<meta property=\"og:type\" content=\"article\" \/>\n<meta property=\"og:title\" content=\"\u0130ran interneti qism\u0259n b\u0259rpa edib - MEYDAN.TV\" \/>\n<meta property=\"og:description\" content=\"\u201cHormozgan \u0259yal\u0259tind\u0259 internet ba\u011flant\u0131s\u0131 b\u0259rpa edilib v\u0259 b\u00fct\u00fcn sosial media platformlar\u0131 yenid\u0259n aktivdir\u201d, - \u0130SNA qeyd edib.\" \/>\n<meta property=\"og:url\" content=\"https:\/\/www.meydan.tv\/az\/article\/iran-interneti-qismen-berpa-edib\/\" \/>\n<meta property=\"og:site_name\" content=\"MEYDAN.TV\" \/>\n<meta property=\"article:published_time\" content=\"2019-11-21T15:17:17+00:00\" \/>\n<meta property=\"og:image\" content=\"https:\/\/www.meydan.tv\/wp-content\/uploads\/iran_1_bayraq.jpg\" \/>\n\t<meta property=\"og:image:width\" content=\"1200\" \/>\n\t<meta property=\"og:image:height\" content=\"675\" \/>\n\t<meta property=\"og:image:type\" content=\"image\/jpeg\" \/>\n<meta name=\"author\" content=\"user-manager\" \/>\n<meta name=\"twitter:card\" content=\"summary_large_image\" \/>\n<script type=\"application\/ld+json\" class=\"yoast-schema-graph\">{\"@context\":\"https:\\\/\\\/schema.org\",\"@graph\":[{\"@type\":\"Article\",\"@id\":\"https:\\\/\\\/www.meydan.tv\\\/az\\\/article\\\/iran-interneti-qismen-berpa-edib\\\/#article\",\"isPartOf\":{\"@id\":\"https:\\\/\\\/www.meydan.tv\\\/az\\\/article\\\/iran-interneti-qismen-berpa-edib\\\/\"},\"author\":{\"name\":\"user-manager\",\"@id\":\"https:\\\/\\\/www.meydan.tv\\\/az\\\/#\\\/schema\\\/person\\\/10d11eccf6da3662cf5fdab9806ea91a\"},\"headline\":\"\u0130ran interneti qism\u0259n b\u0259rpa edib\",\"datePublished\":\"2019-11-21T15:17:17+00:00\",\"mainEntityOfPage\":{\"@id\":\"https:\\\/\\\/www.meydan.tv\\\/az\\\/article\\\/iran-interneti-qismen-berpa-edib\\\/\"},\"wordCount\":378,\"publisher\":{\"@id\":\"https:\\\/\\\/www.meydan.tv\\\/az\\\/#organization\"},\"image\":{\"@id\":\"https:\\\/\\\/www.meydan.tv\\\/az\\\/article\\\/iran-interneti-qismen-berpa-edib\\\/#primaryimage\"},\"thumbnailUrl\":\"https:\\\/\\\/www.meydan.tv\\\/wp-content\\\/uploads\\\/iran_1_bayraq.jpg\",\"articleSection\":[\"D\u00fcnya\"],\"inLanguage\":\"az\"},{\"@type\":\"WebPage\",\"@id\":\"https:\\\/\\\/www.meydan.tv\\\/az\\\/article\\\/iran-interneti-qismen-berpa-edib\\\/\",\"url\":\"https:\\\/\\\/www.meydan.tv\\\/az\\\/article\\\/iran-interneti-qismen-berpa-edib\\\/\",\"name\":\"\u0130ran interneti qism\u0259n b\u0259rpa edib - MEYDAN.TV\",\"isPartOf\":{\"@id\":\"https:\\\/\\\/www.meydan.tv\\\/az\\\/#website\"},\"primaryImageOfPage\":{\"@id\":\"https:\\\/\\\/www.meydan.tv\\\/az\\\/article\\\/iran-interneti-qismen-berpa-edib\\\/#primaryimage\"},\"image\":{\"@id\":\"https:\\\/\\\/www.meydan.tv\\\/az\\\/article\\\/iran-interneti-qismen-berpa-edib\\\/#primaryimage\"},\"thumbnailUrl\":\"https:\\\/\\\/www.meydan.tv\\\/wp-content\\\/uploads\\\/iran_1_bayraq.jpg\",\"datePublished\":\"2019-11-21T15:17:17+00:00\",\"breadcrumb\":{\"@id\":\"https:\\\/\\\/www.meydan.tv\\\/az\\\/article\\\/iran-interneti-qismen-berpa-edib\\\/#breadcrumb\"},\"inLanguage\":\"az\",\"potentialAction\":[{\"@type\":\"ReadAction\",\"target\":[\"https:\\\/\\\/www.meydan.tv\\\/az\\\/article\\\/iran-interneti-qismen-berpa-edib\\\/\"]}]},{\"@type\":\"ImageObject\",\"inLanguage\":\"az\",\"@id\":\"https:\\\/\\\/www.meydan.tv\\\/az\\\/article\\\/iran-interneti-qismen-berpa-edib\\\/#primaryimage\",\"url\":\"https:\\\/\\\/www.meydan.tv\\\/wp-content\\\/uploads\\\/iran_1_bayraq.jpg\",\"contentUrl\":\"https:\\\/\\\/www.meydan.tv\\\/wp-content\\\/uploads\\\/iran_1_bayraq.jpg\",\"width\":1200,\"height\":675,\"caption\":\"Source: Foto: arxiv\"},{\"@type\":\"BreadcrumbList\",\"@id\":\"https:\\\/\\\/www.meydan.tv\\\/az\\\/article\\\/iran-interneti-qismen-berpa-edib\\\/#breadcrumb\",\"itemListElement\":[{\"@type\":\"ListItem\",\"position\":1,\"name\":\"Ana s\u0259hif\u0259\",\"item\":\"https:\\\/\\\/www.meydan.tv\\\/az\\\/\"},{\"@type\":\"ListItem\",\"position\":2,\"name\":\"D\u00fcnya\",\"item\":\"https:\\\/\\\/www.meydan.tv\\\/az\\\/section\\\/dunya\\\/\"},{\"@type\":\"ListItem\",\"position\":3,\"name\":\"\u0130ran interneti qism\u0259n b\u0259rpa edib\"}]},{\"@type\":\"WebSite\",\"@id\":\"https:\\\/\\\/www.meydan.tv\\\/az\\\/#website\",\"url\":\"https:\\\/\\\/www.meydan.tv\\\/az\\\/\",\"name\":\"MEYDAN.TV\",\"description\":\"Meydan TV Az\u0259rbaycan\u0131n media m\u0259kan\u0131ndak\u0131 alternativ s\u0259sidir\",\"publisher\":{\"@id\":\"https:\\\/\\\/www.meydan.tv\\\/az\\\/#organization\"},\"potentialAction\":[{\"@type\":\"SearchAction\",\"target\":{\"@type\":\"EntryPoint\",\"urlTemplate\":\"https:\\\/\\\/www.meydan.tv\\\/az\\\/?s={search_term_string}\"},\"query-input\":{\"@type\":\"PropertyValueSpecification\",\"valueRequired\":true,\"valueName\":\"search_term_string\"}}],\"inLanguage\":\"az\"},{\"@type\":\"Organization\",\"@id\":\"https:\\\/\\\/www.meydan.tv\\\/az\\\/#organization\",\"name\":\"Meydan TV\",\"url\":\"https:\\\/\\\/www.meydan.tv\\\/az\\\/\",\"logo\":{\"@type\":\"ImageObject\",\"inLanguage\":\"az\",\"@id\":\"https:\\\/\\\/www.meydan.tv\\\/az\\\/#\\\/schema\\\/logo\\\/image\\\/\",\"url\":\"https:\\\/\\\/www.meydan.tv\\\/wp-content\\\/uploads\\\/2021\\\/07\\\/meydan-logo.svg\",\"contentUrl\":\"https:\\\/\\\/www.meydan.tv\\\/wp-content\\\/uploads\\\/2021\\\/07\\\/meydan-logo.svg\",\"width\":195,\"height\":46,\"caption\":\"Meydan TV\"},\"image\":{\"@id\":\"https:\\\/\\\/www.meydan.tv\\\/az\\\/#\\\/schema\\\/logo\\\/image\\\/\"}},{\"@type\":\"Person\",\"@id\":\"https:\\\/\\\/www.meydan.tv\\\/az\\\/#\\\/schema\\\/person\\\/10d11eccf6da3662cf5fdab9806ea91a\",\"name\":\"user-manager\"}]}<\/script>\n<!-- \/ Yoast SEO plugin. -->","yoast_head_json":{"title":"\u0130ran interneti qism\u0259n b\u0259rpa edib - MEYDAN.TV","robots":{"index":"index","follow":"follow","max-snippet":"max-snippet:-1","max-image-preview":"max-image-preview:large","max-video-preview":"max-video-preview:-1"},"canonical":"https:\/\/www.meydan.tv\/az\/article\/iran-interneti-qismen-berpa-edib\/","og_locale":"az_AZ","og_type":"article","og_title":"\u0130ran interneti qism\u0259n b\u0259rpa edib - MEYDAN.TV","og_description":"\u201cHormozgan \u0259yal\u0259tind\u0259 internet ba\u011flant\u0131s\u0131 b\u0259rpa edilib v\u0259 b\u00fct\u00fcn sosial media platformlar\u0131 yenid\u0259n aktivdir\u201d, - \u0130SNA qeyd edib.","og_url":"https:\/\/www.meydan.tv\/az\/article\/iran-interneti-qismen-berpa-edib\/","og_site_name":"MEYDAN.TV","article_published_time":"2019-11-21T15:17:17+00:00","og_image":[{"width":1200,"height":675,"url":"https:\/\/www.meydan.tv\/wp-content\/uploads\/iran_1_bayraq.jpg","type":"image\/jpeg"}],"author":"user-manager","twitter_card":"summary_large_image","schema":{"@context":"https:\/\/schema.org","@graph":[{"@type":"Article","@id":"https:\/\/www.meydan.tv\/az\/article\/iran-interneti-qismen-berpa-edib\/#article","isPartOf":{"@id":"https:\/\/www.meydan.tv\/az\/article\/iran-interneti-qismen-berpa-edib\/"},"author":{"name":"user-manager","@id":"https:\/\/www.meydan.tv\/az\/#\/schema\/person\/10d11eccf6da3662cf5fdab9806ea91a"},"headline":"\u0130ran interneti qism\u0259n b\u0259rpa edib","datePublished":"2019-11-21T15:17:17+00:00","mainEntityOfPage":{"@id":"https:\/\/www.meydan.tv\/az\/article\/iran-interneti-qismen-berpa-edib\/"},"wordCount":378,"publisher":{"@id":"https:\/\/www.meydan.tv\/az\/#organization"},"image":{"@id":"https:\/\/www.meydan.tv\/az\/article\/iran-interneti-qismen-berpa-edib\/#primaryimage"},"thumbnailUrl":"https:\/\/www.meydan.tv\/wp-content\/uploads\/iran_1_bayraq.jpg","articleSection":["D\u00fcnya"],"inLanguage":"az"},{"@type":"WebPage","@id":"https:\/\/www.meydan.tv\/az\/article\/iran-interneti-qismen-berpa-edib\/","url":"https:\/\/www.meydan.tv\/az\/article\/iran-interneti-qismen-berpa-edib\/","name":"\u0130ran interneti qism\u0259n b\u0259rpa edib - MEYDAN.TV","isPartOf":{"@id":"https:\/\/www.meydan.tv\/az\/#website"},"primaryImageOfPage":{"@id":"https:\/\/www.meydan.tv\/az\/article\/iran-interneti-qismen-berpa-edib\/#primaryimage"},"image":{"@id":"https:\/\/www.meydan.tv\/az\/article\/iran-interneti-qismen-berpa-edib\/#primaryimage"},"thumbnailUrl":"https:\/\/www.meydan.tv\/wp-content\/uploads\/iran_1_bayraq.jpg","datePublished":"2019-11-21T15:17:17+00:00","breadcrumb":{"@id":"https:\/\/www.meydan.tv\/az\/article\/iran-interneti-qismen-berpa-edib\/#breadcrumb"},"inLanguage":"az","potentialAction":[{"@type":"ReadAction","target":["https:\/\/www.meydan.tv\/az\/article\/iran-interneti-qismen-berpa-edib\/"]}]},{"@type":"ImageObject","inLanguage":"az","@id":"https:\/\/www.meydan.tv\/az\/article\/iran-interneti-qismen-berpa-edib\/#primaryimage","url":"https:\/\/www.meydan.tv\/wp-content\/uploads\/iran_1_bayraq.jpg","contentUrl":"https:\/\/www.meydan.tv\/wp-content\/uploads\/iran_1_bayraq.jpg","width":1200,"height":675,"caption":"Source: Foto: arxiv"},{"@type":"BreadcrumbList","@id":"https:\/\/www.meydan.tv\/az\/article\/iran-interneti-qismen-berpa-edib\/#breadcrumb","itemListElement":[{"@type":"ListItem","position":1,"name":"Ana s\u0259hif\u0259","item":"https:\/\/www.meydan.tv\/az\/"},{"@type":"ListItem","position":2,"name":"D\u00fcnya","item":"https:\/\/www.meydan.tv\/az\/section\/dunya\/"},{"@type":"ListItem","position":3,"name":"\u0130ran interneti qism\u0259n b\u0259rpa edib"}]},{"@type":"WebSite","@id":"https:\/\/www.meydan.tv\/az\/#website","url":"https:\/\/www.meydan.tv\/az\/","name":"MEYDAN.TV","description":"Meydan TV Az\u0259rbaycan\u0131n media m\u0259kan\u0131ndak\u0131 alternativ s\u0259sidir","publisher":{"@id":"https:\/\/www.meydan.tv\/az\/#organization"},"potentialAction":[{"@type":"SearchAction","target":{"@type":"EntryPoint","urlTemplate":"https:\/\/www.meydan.tv\/az\/?s={search_term_string}"},"query-input":{"@type":"PropertyValueSpecification","valueRequired":true,"valueName":"search_term_string"}}],"inLanguage":"az"},{"@type":"Organization","@id":"https:\/\/www.meydan.tv\/az\/#organization","name":"Meydan TV","url":"https:\/\/www.meydan.tv\/az\/","logo":{"@type":"ImageObject","inLanguage":"az","@id":"https:\/\/www.meydan.tv\/az\/#\/schema\/logo\/image\/","url":"https:\/\/www.meydan.tv\/wp-content\/uploads\/2021\/07\/meydan-logo.svg","contentUrl":"https:\/\/www.meydan.tv\/wp-content\/uploads\/2021\/07\/meydan-logo.svg","width":195,"height":46,"caption":"Meydan TV"},"image":{"@id":"https:\/\/www.meydan.tv\/az\/#\/schema\/logo\/image\/"}},{"@type":"Person","@id":"https:\/\/www.meydan.tv\/az\/#\/schema\/person\/10d11eccf6da3662cf5fdab9806ea91a","name":"user-manager"}]}},"_links":{"self":[{"href":"https:\/\/www.meydan.tv\/az\/wp-json\/wp\/v2\/posts\/198034","targetHints":{"allow":["GET"]}}],"collection":[{"href":"https:\/\/www.meydan.tv\/az\/wp-json\/wp\/v2\/posts"}],"about":[{"href":"https:\/\/www.meydan.tv\/az\/wp-json\/wp\/v2\/types\/post"}],"author":[{"embeddable":true,"href":"https:\/\/www.meydan.tv\/az\/wp-json\/wp\/v2\/users\/11"}],"replies":[{"embeddable":true,"href":"https:\/\/www.meydan.tv\/az\/wp-json\/wp\/v2\/comments?post=198034"}],"version-history":[{"count":0,"href":"https:\/\/www.meydan.tv\/az\/wp-json\/wp\/v2\/posts\/198034\/revisions"}],"wp:featuredmedia":[{"embeddable":true,"href":"https:\/\/www.meydan.tv\/az\/wp-json\/wp\/v2\/media\/133383"}],"wp:attachment":[{"href":"https:\/\/www.meydan.tv\/az\/wp-json\/wp\/v2\/media?parent=198034"}],"wp:term":[{"taxonomy":"category","embeddable":true,"href":"https:\/\/www.meydan.tv\/az\/wp-json\/wp\/v2\/categories?post=198034"},{"taxonomy":"post_tag","embeddable":true,"href":"https:\/\/www.meydan.tv\/az\/wp-json\/wp\/v2\/tags?post=198034"}],"curies":[{"name":"wp","href":"https:\/\/api.w.org\/{rel}","templated":true}]}}