{"id":198033,"date":"2019-11-21T14:23:45","date_gmt":"2019-11-21T14:23:45","guid":{"rendered":"https:\/\/www.meydan.tv\/article\/erebler-kendinin-sakinleri-qaz-isteyir\/"},"modified":"2019-11-21T14:23:45","modified_gmt":"2019-11-21T14:23:45","slug":"erebler-kendinin-sakinleri-qaz-isteyir","status":"publish","type":"post","link":"https:\/\/www.meydan.tv\/az\/article\/erebler-kendinin-sakinleri-qaz-isteyir\/","title":{"rendered":"\u018fr\u0259bl\u0259r k\u0259ndinin sakinl\u0259ri qaz ist\u0259yir"},"content":{"rendered":"<p>\n  <i><br \/>\n    \u201cMagistral yolun c\u0259mi 1 kilometrliyind\u0259 olan k\u0259nd niy\u0259 yaddan \u00e7\u0131x\u0131r?<br \/>\n  <\/i>\n<\/p>\n<p>\n  \u015eabran rayonunun \u018fr\u0259bl\u0259r k\u0259ndinin sakinl\u0259ri 20 il\u0259 yax\u0131nd\u0131r mavi yanacaq \u00fcz\u00fcn\u0259 h\u0259sr\u0259t qal\u0131blar. Sakinl\u0259r evl\u0259rini q\u0131zd\u0131rmaq v\u0259 yem\u0259k bi\u015firm\u0259k \u00fc\u00e7\u00fcn odun sobas\u0131ndan istifad\u0259 edirl\u0259r.\n<\/p>\n<p>\n  Ara-s\u0131ra rayon, \u00f6lk\u0259 r\u0259hb\u0259rliyin\u0259 \u00fcz tutan k\u0259nd sakinl\u0259ri \u015fikay\u0259tl\u0259rini Meydan TV-y\u0259 d\u0259 \u00fcnvanlay\u0131blar. Onlar\u0131n s\u00f6zl\u0259rin\u0259 g\u00f6r\u0259, ill\u0259rdir d\u00f6ym\u0259dik\u0259ri qap\u0131, m\u00fcraci\u0259t etm\u0259dikl\u0259ri \u00fcnvan qalmay\u0131b, amma qon\u015fu k\u0259ndl\u0259r\u0259 veril\u0259n qazdan \u018fr\u0259bl\u0259r\u0259 g\u0259lib \u00e7\u0131xm\u0131r ki, \u00e7\u0131xm\u0131r. Bunu \u00f6zl\u0259rin\u0259 qar\u015f\u0131 \u00f6gey m\u00fcnasib\u0259t kimi d\u0259y\u0259rl\u0259ndirirl\u0259r.\n<\/p>\n<p>\n  \u201c80-ci ill\u0259rd\u0259 \u018fr\u0259bl\u0259r k\u0259ndin\u0259 qaz \u00e7\u0259kilib. T\u0259xmin\u0259n 10 il qazdan istifad\u0259 ed\u0259 bildik. Sovetl\u0259r d\u00f6vr\u00fcnd\u0259n sonra qon\u015fu k\u0259ndl\u0259rin d\u0259, bizim d\u0259 qaz\u0131m\u0131z k\u0259sildi. Amma sonralar b\u00fct\u00fcn qon\u015fu k\u0259ndl\u0259rd\u0259 qaz\u0131n verili\u015fi b\u0259rpa olundu, biz k\u0259narda qald\u0131q\u201d, &#8211; sakinl\u0259rd\u0259n biri deyib.\n<\/p>\n<p>\n  K\u0259ndlil\u0259r h\u0259r il q\u0131\u015f g\u0259l\u0259nd\u0259 da\u011flara, me\u015f\u0259l\u0259r\u0259 \u00fcz tutub odun t\u0259dar\u00fck\u00fcn\u0259 ba\u015flad\u0131qlar\u0131n\u0131 s\u00f6yl\u0259yirl\u0259r.\n<\/p>\n<p>\n  \u018fr\u0259bl\u0259r \u015eabran rayon m\u0259rk\u0259zind\u0259n \u00e7ox da uzaqda deyil. Sakinl\u0259rd\u0259n Az\u0259r M\u0259mm\u0259dovun s\u00f6zl\u0259rin\u0259 g\u00f6r\u0259, ucqar da\u011f k\u0259ndin\u0259 qaz \u00e7\u0259kilir, amma magistral yolun c\u0259mi bir kilometrliyind\u0259 olan \u018fr\u0259bl\u0259r yaddan \u00e7\u0131x\u0131r. O, bunun s\u0259b\u0259bini h\u0259l\u0259 d\u0259 \u00f6yr\u0259n\u0259 bilm\u0259dikl\u0259rini deyir.\n<\/p>\n<p>\n  \u00d6z\u00fcn\u00fc s\u00f6yad\u0131 il\u0259 t\u0259qdim ed\u0259n G.Xal\u0131qov is\u0259 bildirir ki, qaz \u00fc\u00e7\u00fcn d\u0259f\u0259l\u0259rl\u0259 \u015eabran Rayon \u0130cra Hakimiyy\u0259tin\u0259 \u00fcz tutub. O, h\u0259r il \u00f6vladlar\u0131n\u0131n \u00e7\u00f6r\u0259k pulundan k\u0259sib odun ald\u0131\u011f\u0131n\u0131 deyir: \u201cQ\u0131\u015fda g\u00fcnl\u0259rl\u0259 \u0259t, ya\u011f \u00fcz\u00fcn\u0259 h\u0259sr\u0259t qal\u0131r\u0131q. Odun tapanda \u0259t ala bilmir\u0259m, ayda 300 manat maa\u015fla 6 n\u0259f\u0259rlik ail\u0259ni doland\u0131rmaq m\u00fcmk\u00fcn deyil. Q\u0131\u015fda c\u0259mi 1 g\u00fcn qonaq olsunlar, dolan\u0131\u015f\u0131\u011f\u0131m\u0131z\u0131 g\u00f6zl\u0259ri il\u0259 g\u00f6rs\u00fcnl\u0259r\u201d.\n<\/p>\n<p>\n  \u0130mkan\u0131 olanlar me\u015f\u0259d\u0259n k\u0259silib do\u011franm\u0131\u015f odunu ma\u015f\u0131nla al\u0131r, imkans\u0131zlar is\u0259 at arabas\u0131 il\u0259 da\u011flardan \u00f6zl\u0259ri q\u0131r\u0131b g\u0259tirirl\u0259r. Bir ma\u015f\u0131n odunun qiym\u0259ti is\u0259 300 manatd\u0131r. Sahinl\u0259rin s\u00f6zl\u0259rin\u0259 g\u00f6r\u0259, 4-5 n\u0259f\u0259rlik, o q\u0259d\u0259r d\u0259 b\u00f6y\u00fck olmayan ail\u0259 q\u0259na\u0259t etm\u0259kl\u0259, q\u0131\u015f m\u00f6vs\u00fcm\u00fc \u0259rzind\u0259 \u0259n az\u0131 iki ma\u015f\u0131n odun istifad\u0259 edir. Bu is\u0259 h\u0259m daimi i\u015f yeri olmayan k\u0259nd sakinl\u0259rinin ail\u0259 b\u00fcdc\u0259sin\u0259 z\u0259rb\u0259 vurur.\n<\/p>\n<p>\n  \u201cBu gedi\u015fl\u0259 h\u0259y\u0259timizd\u0259 d\u0259 ya\u015f\u0131ll\u0131q qalmayacaq, ham\u0131s\u0131n\u0131 q\u0131r\u0131b yand\u0131raca\u011f\u0131q. Biz d\u0259 ist\u0259yirik ki, ba\u015fqa k\u0259ndl\u0259rd\u0259ki kimi qaz\u0131m\u0131z olsun. N\u0259 vaxta kimi \u00fcst-ba\u015f\u0131m\u0131zdan his iyi g\u0259l\u0259c\u0259k?\u201d, &#8211; sakinl\u0259r deyibl\u0259r.\n<\/p>\n<figure class=\"wp-block-image size-large\">\n  <img decoding=\"async\" src=\"https:\/\/www.meydan.tv\/az\/image_from_ios-3-jpg-33\/\" alt=\"image_from_ios (3).jpg\" class=\"wp-image-133368\"\/><figcaption>\n    &#8220;Odun tapanda \u0259t ala bilmir\u0259m,  ayda 300 manat maa\u015fla 6 n\u0259f\u0259rlik ail\u0259ni doland\u0131rmaq m\u00fcmk\u00fcn deyil&#8221;<br \/>\n  <\/figcaption><\/figure>\n<p>\n  \u015eikay\u0259t\u00e7il\u0259rin s\u00f6zl\u0259rin\u0259 g\u00f6r\u0259, 60 ail\u0259d\u0259n ibar\u0259t k\u0259ndin qazla\u015fd\u0131r\u0131lmas\u0131 il\u0259 ba\u011fl\u0131 d\u0259f\u0259l\u0259rl\u0259 rayon icra hakimiyy\u0259tin\u0259 v\u0259 dig\u0259r orqanlara \u015fikay\u0259t edibl\u0259r. Lakin qaz \u0259v\u0259zin\u0259 onlara h\u0259mi\u015f\u0259 v\u0259d verilib:\n<\/p>\n<p>\n  \u201c2012-ci ild\u0259 k\u0259nd\u0259 qaz \u00e7\u0259km\u0259k ad\u0131 il\u0259 k\u00f6hn\u0259 borular\u0131 da k\u0259sib apard\u0131lar. Ne\u00e7\u0259 ildir icra hakimiyy\u0259tin\u0259 qazla ba\u011fl\u0131 yaz\u0131l\u0131 m\u00fcraci\u0259t edirik. Son bir ne\u00e7\u0259 ay \u0259rzind\u0259 is\u0259 3 d\u0259f\u0259 y\u0131\u011f\u0131\u015f\u0131b \u015eabran Rayon \u0130cra Hakimiyy\u0259tin\u0259 getmi\u015fik. H\u0259m yeni icra ba\u015f\u00e7\u0131s\u0131 Asif H\u00fcseynovun, h\u0259m d\u0259 m\u00fcavinin q\u0259bulunda olmu\u015fuq. Onlar biz\u0259 deyibl\u0259r ki, bu m\u0259s\u0259l\u0259d\u0259 \u0259ll\u0259rind\u0259n he\u00e7 n\u0259 g\u0259lmir, qazla\u015fma i\u015fin\u0259 \u201cAz\u0259riqaz\u201d bax\u0131r. H\u0259tta onu da dedil\u0259r ki, gedin, siz\u0259 ucuz qiym\u0259t\u0259 odun t\u0259\u015fkil ed\u0259rik. Ax\u0131 bir d\u0259f\u0259 5-10 manat ucuz odun almaqla d\u0259rdimiz sa\u011falmayacaq. Biz d\u0259 normal insan kimi ya\u015famaq ist\u0259yirik, ba\u015fqa k\u0259ndl\u0259r kimi \u018fr\u0259bl\u0259r\u0259 d\u0259 qaz \u00e7\u0259ksinl\u0259r. Bel\u0259 gets\u0259, y\u0131\u011f\u0131\u015f\u0131b Bak\u0131-Quba yolunu ba\u011flayaca\u011f\u0131q\u201d, &#8211; \u015fikay\u0259t\u00e7il\u0259rd\u0259n biri deyib.\n<\/p>\n<p>\n  D\u00f6vl\u0259t Neft \u015eirk\u0259tinin r\u0259smi m\u0259lumat\u0131nda bildirilir ki, \u00f6lk\u0259d\u0259 qazla\u015fd\u0131rma 90 faizi \u00f6t\u00fcb. Amma qeyri-r\u0259smi m\u0259lumatda x\u00fcsusil\u0259 da\u011f k\u0259ndl\u0259rind\u0259 qaz yoxdur. \u201cAz\u0259riqaz\u201d \u0130stehsalat Birliyinin m\u0259tbuat xidm\u0259tind\u0259n Meydan TV-y\u0259 deyilib ki, art\u0131q \u0259razil\u0259rin qazla\u015fd\u0131r\u0131lmas\u0131 il\u0259 ba\u011fl\u0131 bu il \u00fc\u00e7\u00fcn olan proqram tamamlan\u0131b. 2019-cu il \u00fc\u00e7\u00fcn n\u0259z\u0259rd\u0259 tutulan 92 ya\u015fay\u0131\u015f m\u0259nt\u0259q\u0259si v\u0259 ya\u015fay\u0131\u015f massivinin qazla\u015fd\u0131r\u0131lmas\u0131 noyabr\u0131n ax\u0131r\u0131na q\u0259d\u0259r ba\u015fa \u00e7atacaq. Yax\u0131n d\u00f6vr \u00fc\u00e7\u00fcn bu k\u0259ndin siyah\u0131ya sal\u0131nmas\u0131 m\u00fcmk\u00fcn deyil.\n<\/p>\n<figure class=\"wp-block-image size-large\">\n  <img decoding=\"async\" src=\"https:\/\/www.meydan.tv\/az\/image_from_ios-2-jpg-67\/\" alt=\"image_from_ios (2).jpg\" class=\"wp-image-133365\"\/><figcaption>\n    &#8220;2012-ci ild\u0259 k\u0259nd\u0259 qaz \u00e7\u0259km\u0259k ad\u0131 il\u0259 k\u00f6hn\u0259 borular\u0131 da k\u0259sib apard\u0131lar&#8221;<br \/>\n  <\/figcaption><\/figure>\n<p>\n  Qurumdan h\u0259m\u00e7inin deyilib ki, g\u0259l\u0259n il \u00fc\u00e7\u00fcn n\u0259z\u0259rd\u0259 tutulan proqrama \u018fr\u0259bl\u0259r k\u0259ndinin sal\u0131n\u0131b-sal\u0131nmamas\u0131 mart-aprel aylar\u0131nda b\u0259lli olacaq:\n<\/p>\n<p>\n  \u201cH\u0259r hans\u0131 ya\u015fay\u0131\u015f m\u0259nt\u0259q\u0259sinin qazla\u015fd\u0131r\u0131lmas\u0131 \u00fc\u00e7\u00fcn yerli icra hakimiyy\u0259tl\u0259ri t\u0259klifl\u0259 \u00e7\u0131x\u0131\u015f etm\u0259lidirl\u0259r. Onlar\u0131n t\u0259klifl\u0259ri Nazirl\u0259r Kabinetin\u0259 t\u0259qdim edilir v\u0259 b\u00fcdc\u0259 ayr\u0131lan zaman h\u0259min m\u00fcraci\u0259t d\u0259 \u00f6z \u0259ksini tap\u0131r. T\u0259bii ki, \u201cAz\u0259riqaz\u201ddan da r\u0259y al\u0131rlar. V\u0259sait ayr\u0131ld\u0131qdan sonra \u201cAz\u0259riqaz\u201d k\u0259ndl\u0259rin qazla\u015fd\u0131r\u0131lmas\u0131n\u0131 h\u0259yata ke\u00e7irir\u201d.\n<\/p>\n<p>\n  \u015eabran Rayon \u0130cra Hakimiyy\u0259tind\u0259n Meydan TV-y\u0259 bildirilib ki, onlar h\u0259r il t\u0259klifl\u0259rind\u0259 \u018fr\u0259bl\u0259r k\u0259ndinin d\u0259 qazla\u015fd\u0131r\u0131lmas\u0131 m\u0259s\u0259l\u0259sin\u0259 toxunurlar. Lakin bu problemin n\u0259 vaxt h\u0259ll olunaca\u011f\u0131 il\u0259 ba\u011fl\u0131 m\u0259lumatlar\u0131 yoxdur.<\/p>\n","protected":false},"excerpt":{"rendered":"<p>&#8220;Ne\u00e7\u0259 ildir icra hakimiyy\u0259tin\u0259 qazla ba\u011fl\u0131 yaz\u0131l\u0131 m\u00fcraci\u0259t edirik&#8221;<\/p>\n","protected":false},"author":11,"featured_media":133362,"comment_status":"closed","ping_status":"open","sticky":false,"template":"","format":"standard","meta":{"_acf_changed":false,"_sitemap_exclude":false,"_sitemap_priority":"","_sitemap_frequency":"","footnotes":""},"categories":[60],"tags":[],"class_list":["post-198033","post","type-post","status-publish","format-standard","has-post-thumbnail","hentry","category-bolge","infinite-scroll-item","generate-columns","tablet-grid-50","mobile-grid-100","grid-parent","grid-33","no-featured-image-padding"],"acf":[],"yoast_head":"<!-- This site is optimized with the Yoast SEO plugin v27.5 - https:\/\/yoast.com\/product\/yoast-seo-wordpress\/ -->\n<title>\u018fr\u0259bl\u0259r k\u0259ndinin sakinl\u0259ri qaz ist\u0259yir - MEYDAN.TV<\/title>\n<meta name=\"robots\" content=\"index, follow, max-snippet:-1, max-image-preview:large, max-video-preview:-1\" \/>\n<link rel=\"canonical\" href=\"https:\/\/www.meydan.tv\/az\/article\/erebler-kendinin-sakinleri-qaz-isteyir\/\" \/>\n<meta property=\"og:locale\" content=\"az_AZ\" \/>\n<meta property=\"og:type\" content=\"article\" \/>\n<meta property=\"og:title\" content=\"\u018fr\u0259bl\u0259r k\u0259ndinin sakinl\u0259ri qaz ist\u0259yir - MEYDAN.TV\" \/>\n<meta property=\"og:description\" content=\"&quot;Ne\u00e7\u0259 ildir icra hakimiyy\u0259tin\u0259 qazla ba\u011fl\u0131 yaz\u0131l\u0131 m\u00fcraci\u0259t edirik&quot;\" \/>\n<meta property=\"og:url\" content=\"https:\/\/www.meydan.tv\/az\/article\/erebler-kendinin-sakinleri-qaz-isteyir\/\" \/>\n<meta property=\"og:site_name\" content=\"MEYDAN.TV\" \/>\n<meta property=\"article:published_time\" content=\"2019-11-21T14:23:45+00:00\" \/>\n<meta property=\"og:image\" content=\"https:\/\/www.meydan.tv\/wp-content\/uploads\/image_from_ios_1_f7p97is.jpg\" \/>\n\t<meta property=\"og:image:width\" content=\"2100\" \/>\n\t<meta property=\"og:image:height\" content=\"1574\" \/>\n\t<meta property=\"og:image:type\" content=\"image\/jpeg\" \/>\n<meta name=\"author\" content=\"user-manager\" \/>\n<meta name=\"twitter:card\" content=\"summary_large_image\" \/>\n<script type=\"application\/ld+json\" class=\"yoast-schema-graph\">{\"@context\":\"https:\\\/\\\/schema.org\",\"@graph\":[{\"@type\":\"Article\",\"@id\":\"https:\\\/\\\/www.meydan.tv\\\/az\\\/article\\\/erebler-kendinin-sakinleri-qaz-isteyir\\\/#article\",\"isPartOf\":{\"@id\":\"https:\\\/\\\/www.meydan.tv\\\/az\\\/article\\\/erebler-kendinin-sakinleri-qaz-isteyir\\\/\"},\"author\":{\"name\":\"user-manager\",\"@id\":\"https:\\\/\\\/www.meydan.tv\\\/az\\\/#\\\/schema\\\/person\\\/10d11eccf6da3662cf5fdab9806ea91a\"},\"headline\":\"\u018fr\u0259bl\u0259r k\u0259ndinin sakinl\u0259ri qaz ist\u0259yir\",\"datePublished\":\"2019-11-21T14:23:45+00:00\",\"mainEntityOfPage\":{\"@id\":\"https:\\\/\\\/www.meydan.tv\\\/az\\\/article\\\/erebler-kendinin-sakinleri-qaz-isteyir\\\/\"},\"wordCount\":1067,\"publisher\":{\"@id\":\"https:\\\/\\\/www.meydan.tv\\\/az\\\/#organization\"},\"image\":{\"@id\":\"https:\\\/\\\/www.meydan.tv\\\/az\\\/article\\\/erebler-kendinin-sakinleri-qaz-isteyir\\\/#primaryimage\"},\"thumbnailUrl\":\"https:\\\/\\\/www.meydan.tv\\\/wp-content\\\/uploads\\\/image_from_ios_1_f7p97is.jpg\",\"articleSection\":[\"B\u00f6lg\u0259\"],\"inLanguage\":\"az\"},{\"@type\":\"WebPage\",\"@id\":\"https:\\\/\\\/www.meydan.tv\\\/az\\\/article\\\/erebler-kendinin-sakinleri-qaz-isteyir\\\/\",\"url\":\"https:\\\/\\\/www.meydan.tv\\\/az\\\/article\\\/erebler-kendinin-sakinleri-qaz-isteyir\\\/\",\"name\":\"\u018fr\u0259bl\u0259r k\u0259ndinin sakinl\u0259ri qaz ist\u0259yir - MEYDAN.TV\",\"isPartOf\":{\"@id\":\"https:\\\/\\\/www.meydan.tv\\\/az\\\/#website\"},\"primaryImageOfPage\":{\"@id\":\"https:\\\/\\\/www.meydan.tv\\\/az\\\/article\\\/erebler-kendinin-sakinleri-qaz-isteyir\\\/#primaryimage\"},\"image\":{\"@id\":\"https:\\\/\\\/www.meydan.tv\\\/az\\\/article\\\/erebler-kendinin-sakinleri-qaz-isteyir\\\/#primaryimage\"},\"thumbnailUrl\":\"https:\\\/\\\/www.meydan.tv\\\/wp-content\\\/uploads\\\/image_from_ios_1_f7p97is.jpg\",\"datePublished\":\"2019-11-21T14:23:45+00:00\",\"breadcrumb\":{\"@id\":\"https:\\\/\\\/www.meydan.tv\\\/az\\\/article\\\/erebler-kendinin-sakinleri-qaz-isteyir\\\/#breadcrumb\"},\"inLanguage\":\"az\",\"potentialAction\":[{\"@type\":\"ReadAction\",\"target\":[\"https:\\\/\\\/www.meydan.tv\\\/az\\\/article\\\/erebler-kendinin-sakinleri-qaz-isteyir\\\/\"]}]},{\"@type\":\"ImageObject\",\"inLanguage\":\"az\",\"@id\":\"https:\\\/\\\/www.meydan.tv\\\/az\\\/article\\\/erebler-kendinin-sakinleri-qaz-isteyir\\\/#primaryimage\",\"url\":\"https:\\\/\\\/www.meydan.tv\\\/wp-content\\\/uploads\\\/image_from_ios_1_f7p97is.jpg\",\"contentUrl\":\"https:\\\/\\\/www.meydan.tv\\\/wp-content\\\/uploads\\\/image_from_ios_1_f7p97is.jpg\",\"width\":2100,\"height\":1574,\"caption\":\"Source: Specify Source\"},{\"@type\":\"BreadcrumbList\",\"@id\":\"https:\\\/\\\/www.meydan.tv\\\/az\\\/article\\\/erebler-kendinin-sakinleri-qaz-isteyir\\\/#breadcrumb\",\"itemListElement\":[{\"@type\":\"ListItem\",\"position\":1,\"name\":\"Ana s\u0259hif\u0259\",\"item\":\"https:\\\/\\\/www.meydan.tv\\\/az\\\/\"},{\"@type\":\"ListItem\",\"position\":2,\"name\":\"B\u00f6lg\u0259\",\"item\":\"https:\\\/\\\/www.meydan.tv\\\/az\\\/section\\\/bolge\\\/\"},{\"@type\":\"ListItem\",\"position\":3,\"name\":\"\u018fr\u0259bl\u0259r k\u0259ndinin sakinl\u0259ri qaz ist\u0259yir\"}]},{\"@type\":\"WebSite\",\"@id\":\"https:\\\/\\\/www.meydan.tv\\\/az\\\/#website\",\"url\":\"https:\\\/\\\/www.meydan.tv\\\/az\\\/\",\"name\":\"MEYDAN.TV\",\"description\":\"Meydan TV Az\u0259rbaycan\u0131n media m\u0259kan\u0131ndak\u0131 alternativ s\u0259sidir\",\"publisher\":{\"@id\":\"https:\\\/\\\/www.meydan.tv\\\/az\\\/#organization\"},\"potentialAction\":[{\"@type\":\"SearchAction\",\"target\":{\"@type\":\"EntryPoint\",\"urlTemplate\":\"https:\\\/\\\/www.meydan.tv\\\/az\\\/?s={search_term_string}\"},\"query-input\":{\"@type\":\"PropertyValueSpecification\",\"valueRequired\":true,\"valueName\":\"search_term_string\"}}],\"inLanguage\":\"az\"},{\"@type\":\"Organization\",\"@id\":\"https:\\\/\\\/www.meydan.tv\\\/az\\\/#organization\",\"name\":\"Meydan TV\",\"url\":\"https:\\\/\\\/www.meydan.tv\\\/az\\\/\",\"logo\":{\"@type\":\"ImageObject\",\"inLanguage\":\"az\",\"@id\":\"https:\\\/\\\/www.meydan.tv\\\/az\\\/#\\\/schema\\\/logo\\\/image\\\/\",\"url\":\"https:\\\/\\\/www.meydan.tv\\\/wp-content\\\/uploads\\\/2021\\\/07\\\/meydan-logo.svg\",\"contentUrl\":\"https:\\\/\\\/www.meydan.tv\\\/wp-content\\\/uploads\\\/2021\\\/07\\\/meydan-logo.svg\",\"width\":195,\"height\":46,\"caption\":\"Meydan TV\"},\"image\":{\"@id\":\"https:\\\/\\\/www.meydan.tv\\\/az\\\/#\\\/schema\\\/logo\\\/image\\\/\"}},{\"@type\":\"Person\",\"@id\":\"https:\\\/\\\/www.meydan.tv\\\/az\\\/#\\\/schema\\\/person\\\/10d11eccf6da3662cf5fdab9806ea91a\",\"name\":\"user-manager\"}]}<\/script>\n<!-- \/ Yoast SEO plugin. -->","yoast_head_json":{"title":"\u018fr\u0259bl\u0259r k\u0259ndinin sakinl\u0259ri qaz ist\u0259yir - MEYDAN.TV","robots":{"index":"index","follow":"follow","max-snippet":"max-snippet:-1","max-image-preview":"max-image-preview:large","max-video-preview":"max-video-preview:-1"},"canonical":"https:\/\/www.meydan.tv\/az\/article\/erebler-kendinin-sakinleri-qaz-isteyir\/","og_locale":"az_AZ","og_type":"article","og_title":"\u018fr\u0259bl\u0259r k\u0259ndinin sakinl\u0259ri qaz ist\u0259yir - MEYDAN.TV","og_description":"\"Ne\u00e7\u0259 ildir icra hakimiyy\u0259tin\u0259 qazla ba\u011fl\u0131 yaz\u0131l\u0131 m\u00fcraci\u0259t edirik\"","og_url":"https:\/\/www.meydan.tv\/az\/article\/erebler-kendinin-sakinleri-qaz-isteyir\/","og_site_name":"MEYDAN.TV","article_published_time":"2019-11-21T14:23:45+00:00","og_image":[{"width":2100,"height":1574,"url":"https:\/\/www.meydan.tv\/wp-content\/uploads\/image_from_ios_1_f7p97is.jpg","type":"image\/jpeg"}],"author":"user-manager","twitter_card":"summary_large_image","schema":{"@context":"https:\/\/schema.org","@graph":[{"@type":"Article","@id":"https:\/\/www.meydan.tv\/az\/article\/erebler-kendinin-sakinleri-qaz-isteyir\/#article","isPartOf":{"@id":"https:\/\/www.meydan.tv\/az\/article\/erebler-kendinin-sakinleri-qaz-isteyir\/"},"author":{"name":"user-manager","@id":"https:\/\/www.meydan.tv\/az\/#\/schema\/person\/10d11eccf6da3662cf5fdab9806ea91a"},"headline":"\u018fr\u0259bl\u0259r k\u0259ndinin sakinl\u0259ri qaz ist\u0259yir","datePublished":"2019-11-21T14:23:45+00:00","mainEntityOfPage":{"@id":"https:\/\/www.meydan.tv\/az\/article\/erebler-kendinin-sakinleri-qaz-isteyir\/"},"wordCount":1067,"publisher":{"@id":"https:\/\/www.meydan.tv\/az\/#organization"},"image":{"@id":"https:\/\/www.meydan.tv\/az\/article\/erebler-kendinin-sakinleri-qaz-isteyir\/#primaryimage"},"thumbnailUrl":"https:\/\/www.meydan.tv\/wp-content\/uploads\/image_from_ios_1_f7p97is.jpg","articleSection":["B\u00f6lg\u0259"],"inLanguage":"az"},{"@type":"WebPage","@id":"https:\/\/www.meydan.tv\/az\/article\/erebler-kendinin-sakinleri-qaz-isteyir\/","url":"https:\/\/www.meydan.tv\/az\/article\/erebler-kendinin-sakinleri-qaz-isteyir\/","name":"\u018fr\u0259bl\u0259r k\u0259ndinin sakinl\u0259ri qaz ist\u0259yir - MEYDAN.TV","isPartOf":{"@id":"https:\/\/www.meydan.tv\/az\/#website"},"primaryImageOfPage":{"@id":"https:\/\/www.meydan.tv\/az\/article\/erebler-kendinin-sakinleri-qaz-isteyir\/#primaryimage"},"image":{"@id":"https:\/\/www.meydan.tv\/az\/article\/erebler-kendinin-sakinleri-qaz-isteyir\/#primaryimage"},"thumbnailUrl":"https:\/\/www.meydan.tv\/wp-content\/uploads\/image_from_ios_1_f7p97is.jpg","datePublished":"2019-11-21T14:23:45+00:00","breadcrumb":{"@id":"https:\/\/www.meydan.tv\/az\/article\/erebler-kendinin-sakinleri-qaz-isteyir\/#breadcrumb"},"inLanguage":"az","potentialAction":[{"@type":"ReadAction","target":["https:\/\/www.meydan.tv\/az\/article\/erebler-kendinin-sakinleri-qaz-isteyir\/"]}]},{"@type":"ImageObject","inLanguage":"az","@id":"https:\/\/www.meydan.tv\/az\/article\/erebler-kendinin-sakinleri-qaz-isteyir\/#primaryimage","url":"https:\/\/www.meydan.tv\/wp-content\/uploads\/image_from_ios_1_f7p97is.jpg","contentUrl":"https:\/\/www.meydan.tv\/wp-content\/uploads\/image_from_ios_1_f7p97is.jpg","width":2100,"height":1574,"caption":"Source: Specify Source"},{"@type":"BreadcrumbList","@id":"https:\/\/www.meydan.tv\/az\/article\/erebler-kendinin-sakinleri-qaz-isteyir\/#breadcrumb","itemListElement":[{"@type":"ListItem","position":1,"name":"Ana s\u0259hif\u0259","item":"https:\/\/www.meydan.tv\/az\/"},{"@type":"ListItem","position":2,"name":"B\u00f6lg\u0259","item":"https:\/\/www.meydan.tv\/az\/section\/bolge\/"},{"@type":"ListItem","position":3,"name":"\u018fr\u0259bl\u0259r k\u0259ndinin sakinl\u0259ri qaz ist\u0259yir"}]},{"@type":"WebSite","@id":"https:\/\/www.meydan.tv\/az\/#website","url":"https:\/\/www.meydan.tv\/az\/","name":"MEYDAN.TV","description":"Meydan TV Az\u0259rbaycan\u0131n media m\u0259kan\u0131ndak\u0131 alternativ s\u0259sidir","publisher":{"@id":"https:\/\/www.meydan.tv\/az\/#organization"},"potentialAction":[{"@type":"SearchAction","target":{"@type":"EntryPoint","urlTemplate":"https:\/\/www.meydan.tv\/az\/?s={search_term_string}"},"query-input":{"@type":"PropertyValueSpecification","valueRequired":true,"valueName":"search_term_string"}}],"inLanguage":"az"},{"@type":"Organization","@id":"https:\/\/www.meydan.tv\/az\/#organization","name":"Meydan TV","url":"https:\/\/www.meydan.tv\/az\/","logo":{"@type":"ImageObject","inLanguage":"az","@id":"https:\/\/www.meydan.tv\/az\/#\/schema\/logo\/image\/","url":"https:\/\/www.meydan.tv\/wp-content\/uploads\/2021\/07\/meydan-logo.svg","contentUrl":"https:\/\/www.meydan.tv\/wp-content\/uploads\/2021\/07\/meydan-logo.svg","width":195,"height":46,"caption":"Meydan TV"},"image":{"@id":"https:\/\/www.meydan.tv\/az\/#\/schema\/logo\/image\/"}},{"@type":"Person","@id":"https:\/\/www.meydan.tv\/az\/#\/schema\/person\/10d11eccf6da3662cf5fdab9806ea91a","name":"user-manager"}]}},"_links":{"self":[{"href":"https:\/\/www.meydan.tv\/az\/wp-json\/wp\/v2\/posts\/198033","targetHints":{"allow":["GET"]}}],"collection":[{"href":"https:\/\/www.meydan.tv\/az\/wp-json\/wp\/v2\/posts"}],"about":[{"href":"https:\/\/www.meydan.tv\/az\/wp-json\/wp\/v2\/types\/post"}],"author":[{"embeddable":true,"href":"https:\/\/www.meydan.tv\/az\/wp-json\/wp\/v2\/users\/11"}],"replies":[{"embeddable":true,"href":"https:\/\/www.meydan.tv\/az\/wp-json\/wp\/v2\/comments?post=198033"}],"version-history":[{"count":0,"href":"https:\/\/www.meydan.tv\/az\/wp-json\/wp\/v2\/posts\/198033\/revisions"}],"wp:featuredmedia":[{"embeddable":true,"href":"https:\/\/www.meydan.tv\/az\/wp-json\/wp\/v2\/media\/133362"}],"wp:attachment":[{"href":"https:\/\/www.meydan.tv\/az\/wp-json\/wp\/v2\/media?parent=198033"}],"wp:term":[{"taxonomy":"category","embeddable":true,"href":"https:\/\/www.meydan.tv\/az\/wp-json\/wp\/v2\/categories?post=198033"},{"taxonomy":"post_tag","embeddable":true,"href":"https:\/\/www.meydan.tv\/az\/wp-json\/wp\/v2\/tags?post=198033"}],"curies":[{"name":"wp","href":"https:\/\/api.w.org\/{rel}","templated":true}]}}