{"id":198031,"date":"2019-11-21T11:56:54","date_gmt":"2019-11-21T11:56:54","guid":{"rendered":"https:\/\/www.meydan.tv\/article\/qazax-sakini-sesim-mehriban-xanima-catsa-mene-komek-edecek\/"},"modified":"2019-11-21T11:56:54","modified_gmt":"2019-11-21T11:56:54","slug":"qazax-sakini-sesim-mehriban-xanima-catsa-mene-komek-edecek","status":"publish","type":"post","link":"https:\/\/www.meydan.tv\/az\/article\/qazax-sakini-sesim-mehriban-xanima-catsa-mene-komek-edecek\/","title":{"rendered":"Qazax sakini: S\u0259sim Mehriban xan\u0131ma \u00e7atsa, m\u0259n\u0259 k\u00f6m\u0259k ed\u0259c\u0259k"},"content":{"rendered":"<p>\n  <i><br \/>\n    31 ya\u015fl\u0131 \u00dclviyy\u0259 Ayd\u0131nova a\u011f\u0131r x\u0259st\u0259likd\u0259n \u0259ziyy\u0259t \u00e7\u0259kir, m\u00fcalic\u0259 \u00fc\u00e7\u00fcn k\u00f6m\u0259k ist\u0259yir<br \/>\n  <\/i>\n<\/p>\n<p>\n  \u201cA\u011f\u0131r x\u0259st\u0259y\u0259m, m\u00fcalic\u0259 oluna bilmir\u0259m. X\u0259st\u0259liyim\u0259 g\u00f6r\u0259 h\u0259yat yolda\u015f\u0131m da iki u\u015faqla atd\u0131 m\u0259ni&#8230; G\u0259lib u\u015faqlar\u0131mla atam\u0131n q\u0259zal\u0131 evin\u0259 s\u0131\u011f\u0131nm\u0131\u015fam. Atam da x\u0259st\u0259dir, u\u015faqlar\u0131m ac\u0131ndan \u00f6lm\u0259sin dey\u0259, gedib orda-burda f\u0259hl\u0259lik edir, bir tik\u0259 \u00e7\u00f6r\u0259k g\u0259tirir. F\u0259hl\u0259lik i\u015fi d\u0259 bir g\u00fcn olur, be\u015f g\u00fcn olmur\u201d.\n<\/p>\n<p>\n  31 ya\u015fl\u0131 \u00dclviyy\u0259 Ayd\u0131nova Qazax\u0131n Canal\u0131 k\u0259ndind\u0259 ya\u015fay\u0131r. Meydan TV-y\u0259 dan\u0131\u015f\u0131r ki, bir m\u00fcdd\u0259t \u0259vv\u0259l vaskulit x\u0259st\u0259liyin\u0259 tutulub.\n<\/p>\n<p>\n  \u201cVaskulit\u201d &#8211; qan damar\u0131n\u0131n iltihab\u0131d\u0131r. Bu x\u0259st\u0259lik damarda daralmalara, t\u0131xanmalara, anevrizmalara, orqan yetm\u0259zliyin\u0259 g\u0259tirib \u00e7\u0131xar\u0131r. Uzunm\u00fcdd\u0259tli m\u00fcalic\u0259 t\u0259l\u0259b olunur, vaxt\u0131nda v\u0259 davaml\u0131 m\u00fcalic\u0259l\u0259rin al\u0131nmamas\u0131 \u00f6l\u00fcml\u0259 n\u0259tic\u0259l\u0259nir.\n<\/p>\n<p>\n  <b><br \/>\n    \u201c\u0130ki azya\u015fl\u0131 u\u015faqla evd\u0259n qovuldum\u201d<br \/>\n  <\/b>\n<\/p>\n<p>\n  \u00dclviyy\u0259 Ayd\u0131nova deyir, x\u0259st\u0259liyi \u00fcz\u0259 \u00e7\u0131xandan sonra ail\u0259si da\u011f\u0131l\u0131b:\n<\/p>\n<p>\n  \u201c\u00c7ox i\u015fg\u0259nc\u0259 g\u00f6rd\u00fcm, d\u00f6y\u00fcld\u00fcm, t\u0259hqir olundum, g\u00fccl\u00fc stress ya\u015fad\u0131m. Bunlar\u0131n n\u0259tic\u0259sind\u0259 x\u0259st\u0259liy\u0259 tutuldum, yor\u011fan-d\u00f6\u015f\u0259y\u0259 d\u00fc\u015fd\u00fcm, h\u0259yat yolda\u015f\u0131m v\u0259 valideyni davaml\u0131 m\u00fcalic\u0259l\u0259r almal\u0131 oldu\u011fumu anlay\u0131b \u0259n asan yolu se\u00e7dil\u0259r \u2013 u\u015faqlar\u0131mla birlikd\u0259 evd\u0259n qovdular. Sonra yolda\u015f\u0131m m\u0259hk\u0259m\u0259y\u0259 m\u00fcraci\u0259t etdi, m\u0259nd\u0259n bo\u015fand\u0131, 2 v\u0259 10 ya\u015fl\u0131 q\u0131zlar\u0131m\u0131 m\u0259n\u0259 verdil\u0259r, 10 ya\u015fl\u0131 o\u011flumu \u00f6yr\u0259tdil\u0259r, m\u0259hk\u0259m\u0259d\u0259 dedi ki, anam\u0131 ist\u0259mir\u0259m. Bel\u0259c\u0259, u\u015fa\u011f\u0131n birini \u0259limd\u0259n ald\u0131lar. \u0130ndi o u\u015faq da n\u0259n\u0259 qoltu\u011funda anas\u0131z \u0259ziyy\u0259t \u00e7\u0259kir. \u0130ki u\u015fa\u011fa g\u00f6r\u0259 160 manat aliment al\u0131ram, he\u00e7 u\u015faqlar\u0131n yem\u0259yin\u0259 \u00e7atm\u0131r. Onun-bunun k\u00f6m\u0259kliyi il\u0259 b\u00f6y\u00fck q\u0131z\u0131 m\u0259kt\u0259b\u0259 g\u00f6nd\u0259rir\u0259m ki, t\u0259hsild\u0259n k\u0259narda qalmas\u0131n. Atam gec\u0259-g\u00fcnd\u00fcz i\u015f axtar\u0131r ki, ac-susuz qalmayaq, m\u0259n is\u0259 m\u00fcalic\u0259 ala bilmir\u0259m. G\u00fcnb\u0259g\u00fcn v\u0259ziyy\u0259tim a\u011f\u0131rla\u015f\u0131r\u201d.\n<\/p>\n<p>\n  \u00dclviyy\u0259 Ayd\u0131nova \u0259vv\u0259ll\u0259r 2 ay Bak\u0131da \u2013 Respublika Klinik X\u0259st\u0259xanas\u0131nda, 5 ay Tbilisid\u0259 m\u00fcalic\u0259 olunub. Bir m\u00fcdd\u0259tdir ki, pulsuzluqdan m\u00fcalic\u0259l\u0259rini davam etdir\u0259 bilmir. Deyir, \u0259n b\u00f6y\u00fck arzusu sa\u011fal\u0131b aya\u011fa qalxmaq, \u00f6vladlar\u0131n\u0131 ba\u015f\u0131na toplamaq, onlar\u0131n t\u0259hsilin\u0259, g\u0259l\u0259c\u0259yin\u0259 d\u0259st\u0259k olmaqd\u0131r.\n<\/p>\n<p>\n  <b><br \/>\n    \u201cU\u015faqlar\u0131m\u0131n qay\u011f\u0131s\u0131n\u0131 \u00e7\u0259k\u0259 bilmir\u0259m\u201d<br \/>\n  <\/b>\n<\/p>\n<p>\n  Qazax Rayon \u0130cra Hakimiyy\u0259tind\u0259n Meydan TV-y\u0259 bildirilib ki, v\u0259t\u0259nda\u015f m\u00fcalic\u0259 \u00fc\u00e7\u00fcn S\u0259hiyy\u0259 Nazirliyin\u0259, sosial durumuyla ba\u011fl\u0131 \u018fm\u0259k v\u0259 \u018fhalinin Sosial M\u00fcdafi\u0259si Nazirliyin\u0259 m\u00fcraci\u0259t ets\u0259, h\u0259min qurumlar ail\u0259nin tibbi, h\u0259m d\u0259 sosial probleml\u0259rini qanun \u00e7\u0259r\u00e7iv\u0259sind\u0259 h\u0259ll ed\u0259rl\u0259r:\n<\/p>\n<p>\n  \u201cT\u0259\u0259ss\u00fcf ki, bizim qurumda bel\u0259 bir b\u00fcdc\u0259 yoxdur ki, bel\u0259 hallarda v\u0259t\u0259nda\u015flara yard\u0131m\u00e7\u0131 olaq. Bu, bizim v\u0259zif\u0259 v\u0259 s\u0259lahiyy\u0259tl\u0259rimiz\u0259 aid deyil. Ancaq m\u00fcvafiq qurumlar var ki, ail\u0259y\u0259 bu m\u0259s\u0259l\u0259l\u0259rd\u0259 yard\u0131m etm\u0259lidil\u0259r\u201d.\n<\/p>\n<p>\n  \u00dclviyy\u0259 Ayd\u0131nova is\u0259 deyir, \u00fcmidi Birinci vitse-prezident\u0259 v\u0259 xeyirxah insanlarad\u0131r:\n<\/p>\n<p>\n  \u201cM\u0259nim \u00fcmidim bir Mehriban \u018fliyevayad\u0131r, bir d\u0259 xeyirxah insanlara&#8230; \u0130st\u0259yir\u0259m ki, m\u00fcalic\u0259m\u0259 yard\u0131m\u00e7\u0131 olsunlar, aya\u011fa qalx\u0131m, i\u015fl\u0259yim, balalar\u0131m\u0131 b\u00f6y\u00fcd\u00fcm. Yataq x\u0259st\u0259siy\u0259m, balalar\u0131m ortal\u0131qda qal\u0131b, q\u0131z m\u0259kt\u0259b\u0259 gedir, nigaran qal\u0131ram, o\u011flum yan\u0131mda deyil, n\u0259 yeyir, n\u0259 i\u00e7ir, h\u0259yat\u0131 nec\u0259 ke\u00e7ir, x\u0259b\u0259r tuta bilmir\u0259m. Yeriy\u0259 bilmir\u0259m, belimd\u0259 g\u00fccl\u00fc a\u011fr\u0131lar var, m\u00fcalic\u0259 olunmasam, balalar\u0131m yetim qalacaq. \u00dc\u00e7 u\u015faq anas\u0131na yata\u011fa d\u00fc\u015fm\u0259k \u00e7ox a\u011f\u0131rd\u0131r, u\u015faqlar\u0131m\u0131n qay\u011f\u0131s\u0131n\u0131 \u00e7\u0259k\u0259 bilmir\u0259m\u201d.<\/p>\n","protected":false},"excerpt":{"rendered":"<p>&#8220;\u0130ki u\u015fa\u011fa g\u00f6r\u0259 160 manat aliment al\u0131ram, he\u00e7 u\u015faqlar\u0131n yem\u0259yin\u0259 \u00e7atm\u0131r&#8221;<\/p>\n","protected":false},"author":11,"featured_media":133335,"comment_status":"closed","ping_status":"open","sticky":false,"template":"","format":"standard","meta":{"_acf_changed":false,"_sitemap_exclude":false,"_sitemap_priority":"","_sitemap_frequency":"","footnotes":""},"categories":[60],"tags":[],"class_list":["post-198031","post","type-post","status-publish","format-standard","has-post-thumbnail","hentry","category-bolge","infinite-scroll-item","generate-columns","tablet-grid-50","mobile-grid-100","grid-parent","grid-33","no-featured-image-padding"],"acf":[],"yoast_head":"<!-- This site is optimized with the Yoast SEO plugin v27.5 - https:\/\/yoast.com\/product\/yoast-seo-wordpress\/ -->\n<title>Qazax sakini: S\u0259sim Mehriban xan\u0131ma \u00e7atsa, m\u0259n\u0259 k\u00f6m\u0259k ed\u0259c\u0259k - MEYDAN.TV<\/title>\n<meta name=\"robots\" content=\"index, follow, max-snippet:-1, max-image-preview:large, max-video-preview:-1\" \/>\n<link rel=\"canonical\" href=\"https:\/\/www.meydan.tv\/az\/article\/qazax-sakini-sesim-mehriban-xanima-catsa-mene-komek-edecek\/\" \/>\n<meta property=\"og:locale\" content=\"az_AZ\" \/>\n<meta property=\"og:type\" content=\"article\" \/>\n<meta property=\"og:title\" content=\"Qazax sakini: S\u0259sim Mehriban xan\u0131ma \u00e7atsa, m\u0259n\u0259 k\u00f6m\u0259k ed\u0259c\u0259k - MEYDAN.TV\" \/>\n<meta property=\"og:description\" content=\"&quot;\u0130ki u\u015fa\u011fa g\u00f6r\u0259 160 manat aliment al\u0131ram, he\u00e7 u\u015faqlar\u0131n yem\u0259yin\u0259 \u00e7atm\u0131r&quot;\" \/>\n<meta property=\"og:url\" content=\"https:\/\/www.meydan.tv\/az\/article\/qazax-sakini-sesim-mehriban-xanima-catsa-mene-komek-edecek\/\" \/>\n<meta property=\"og:site_name\" content=\"MEYDAN.TV\" \/>\n<meta property=\"article:published_time\" content=\"2019-11-21T11:56:54+00:00\" \/>\n<meta property=\"og:image\" content=\"https:\/\/www.meydan.tv\/wp-content\/uploads\/qazax00.jpg\" \/>\n\t<meta property=\"og:image:width\" content=\"1280\" \/>\n\t<meta property=\"og:image:height\" content=\"850\" \/>\n\t<meta property=\"og:image:type\" content=\"image\/jpeg\" \/>\n<meta name=\"author\" content=\"user-manager\" \/>\n<meta name=\"twitter:card\" content=\"summary_large_image\" \/>\n<script type=\"application\/ld+json\" class=\"yoast-schema-graph\">{\"@context\":\"https:\\\/\\\/schema.org\",\"@graph\":[{\"@type\":\"Article\",\"@id\":\"https:\\\/\\\/www.meydan.tv\\\/az\\\/article\\\/qazax-sakini-sesim-mehriban-xanima-catsa-mene-komek-edecek\\\/#article\",\"isPartOf\":{\"@id\":\"https:\\\/\\\/www.meydan.tv\\\/az\\\/article\\\/qazax-sakini-sesim-mehriban-xanima-catsa-mene-komek-edecek\\\/\"},\"author\":{\"name\":\"user-manager\",\"@id\":\"https:\\\/\\\/www.meydan.tv\\\/az\\\/#\\\/schema\\\/person\\\/10d11eccf6da3662cf5fdab9806ea91a\"},\"headline\":\"Qazax sakini: S\u0259sim Mehriban xan\u0131ma \u00e7atsa, m\u0259n\u0259 k\u00f6m\u0259k ed\u0259c\u0259k\",\"datePublished\":\"2019-11-21T11:56:54+00:00\",\"mainEntityOfPage\":{\"@id\":\"https:\\\/\\\/www.meydan.tv\\\/az\\\/article\\\/qazax-sakini-sesim-mehriban-xanima-catsa-mene-komek-edecek\\\/\"},\"wordCount\":730,\"publisher\":{\"@id\":\"https:\\\/\\\/www.meydan.tv\\\/az\\\/#organization\"},\"image\":{\"@id\":\"https:\\\/\\\/www.meydan.tv\\\/az\\\/article\\\/qazax-sakini-sesim-mehriban-xanima-catsa-mene-komek-edecek\\\/#primaryimage\"},\"thumbnailUrl\":\"https:\\\/\\\/www.meydan.tv\\\/wp-content\\\/uploads\\\/qazax00.jpg\",\"articleSection\":[\"B\u00f6lg\u0259\"],\"inLanguage\":\"az\"},{\"@type\":\"WebPage\",\"@id\":\"https:\\\/\\\/www.meydan.tv\\\/az\\\/article\\\/qazax-sakini-sesim-mehriban-xanima-catsa-mene-komek-edecek\\\/\",\"url\":\"https:\\\/\\\/www.meydan.tv\\\/az\\\/article\\\/qazax-sakini-sesim-mehriban-xanima-catsa-mene-komek-edecek\\\/\",\"name\":\"Qazax sakini: S\u0259sim Mehriban xan\u0131ma \u00e7atsa, m\u0259n\u0259 k\u00f6m\u0259k ed\u0259c\u0259k - MEYDAN.TV\",\"isPartOf\":{\"@id\":\"https:\\\/\\\/www.meydan.tv\\\/az\\\/#website\"},\"primaryImageOfPage\":{\"@id\":\"https:\\\/\\\/www.meydan.tv\\\/az\\\/article\\\/qazax-sakini-sesim-mehriban-xanima-catsa-mene-komek-edecek\\\/#primaryimage\"},\"image\":{\"@id\":\"https:\\\/\\\/www.meydan.tv\\\/az\\\/article\\\/qazax-sakini-sesim-mehriban-xanima-catsa-mene-komek-edecek\\\/#primaryimage\"},\"thumbnailUrl\":\"https:\\\/\\\/www.meydan.tv\\\/wp-content\\\/uploads\\\/qazax00.jpg\",\"datePublished\":\"2019-11-21T11:56:54+00:00\",\"breadcrumb\":{\"@id\":\"https:\\\/\\\/www.meydan.tv\\\/az\\\/article\\\/qazax-sakini-sesim-mehriban-xanima-catsa-mene-komek-edecek\\\/#breadcrumb\"},\"inLanguage\":\"az\",\"potentialAction\":[{\"@type\":\"ReadAction\",\"target\":[\"https:\\\/\\\/www.meydan.tv\\\/az\\\/article\\\/qazax-sakini-sesim-mehriban-xanima-catsa-mene-komek-edecek\\\/\"]}]},{\"@type\":\"ImageObject\",\"inLanguage\":\"az\",\"@id\":\"https:\\\/\\\/www.meydan.tv\\\/az\\\/article\\\/qazax-sakini-sesim-mehriban-xanima-catsa-mene-komek-edecek\\\/#primaryimage\",\"url\":\"https:\\\/\\\/www.meydan.tv\\\/wp-content\\\/uploads\\\/qazax00.jpg\",\"contentUrl\":\"https:\\\/\\\/www.meydan.tv\\\/wp-content\\\/uploads\\\/qazax00.jpg\",\"width\":1280,\"height\":850,\"caption\":\"Source: Specify Source\"},{\"@type\":\"BreadcrumbList\",\"@id\":\"https:\\\/\\\/www.meydan.tv\\\/az\\\/article\\\/qazax-sakini-sesim-mehriban-xanima-catsa-mene-komek-edecek\\\/#breadcrumb\",\"itemListElement\":[{\"@type\":\"ListItem\",\"position\":1,\"name\":\"Ana s\u0259hif\u0259\",\"item\":\"https:\\\/\\\/www.meydan.tv\\\/az\\\/\"},{\"@type\":\"ListItem\",\"position\":2,\"name\":\"B\u00f6lg\u0259\",\"item\":\"https:\\\/\\\/www.meydan.tv\\\/az\\\/section\\\/bolge\\\/\"},{\"@type\":\"ListItem\",\"position\":3,\"name\":\"Qazax sakini: S\u0259sim Mehriban xan\u0131ma \u00e7atsa, m\u0259n\u0259 k\u00f6m\u0259k ed\u0259c\u0259k\"}]},{\"@type\":\"WebSite\",\"@id\":\"https:\\\/\\\/www.meydan.tv\\\/az\\\/#website\",\"url\":\"https:\\\/\\\/www.meydan.tv\\\/az\\\/\",\"name\":\"MEYDAN.TV\",\"description\":\"Meydan TV Az\u0259rbaycan\u0131n media m\u0259kan\u0131ndak\u0131 alternativ s\u0259sidir\",\"publisher\":{\"@id\":\"https:\\\/\\\/www.meydan.tv\\\/az\\\/#organization\"},\"potentialAction\":[{\"@type\":\"SearchAction\",\"target\":{\"@type\":\"EntryPoint\",\"urlTemplate\":\"https:\\\/\\\/www.meydan.tv\\\/az\\\/?s={search_term_string}\"},\"query-input\":{\"@type\":\"PropertyValueSpecification\",\"valueRequired\":true,\"valueName\":\"search_term_string\"}}],\"inLanguage\":\"az\"},{\"@type\":\"Organization\",\"@id\":\"https:\\\/\\\/www.meydan.tv\\\/az\\\/#organization\",\"name\":\"Meydan TV\",\"url\":\"https:\\\/\\\/www.meydan.tv\\\/az\\\/\",\"logo\":{\"@type\":\"ImageObject\",\"inLanguage\":\"az\",\"@id\":\"https:\\\/\\\/www.meydan.tv\\\/az\\\/#\\\/schema\\\/logo\\\/image\\\/\",\"url\":\"https:\\\/\\\/www.meydan.tv\\\/wp-content\\\/uploads\\\/2021\\\/07\\\/meydan-logo.svg\",\"contentUrl\":\"https:\\\/\\\/www.meydan.tv\\\/wp-content\\\/uploads\\\/2021\\\/07\\\/meydan-logo.svg\",\"width\":195,\"height\":46,\"caption\":\"Meydan TV\"},\"image\":{\"@id\":\"https:\\\/\\\/www.meydan.tv\\\/az\\\/#\\\/schema\\\/logo\\\/image\\\/\"}},{\"@type\":\"Person\",\"@id\":\"https:\\\/\\\/www.meydan.tv\\\/az\\\/#\\\/schema\\\/person\\\/10d11eccf6da3662cf5fdab9806ea91a\",\"name\":\"user-manager\"}]}<\/script>\n<!-- \/ Yoast SEO plugin. -->","yoast_head_json":{"title":"Qazax sakini: S\u0259sim Mehriban xan\u0131ma \u00e7atsa, m\u0259n\u0259 k\u00f6m\u0259k ed\u0259c\u0259k - MEYDAN.TV","robots":{"index":"index","follow":"follow","max-snippet":"max-snippet:-1","max-image-preview":"max-image-preview:large","max-video-preview":"max-video-preview:-1"},"canonical":"https:\/\/www.meydan.tv\/az\/article\/qazax-sakini-sesim-mehriban-xanima-catsa-mene-komek-edecek\/","og_locale":"az_AZ","og_type":"article","og_title":"Qazax sakini: S\u0259sim Mehriban xan\u0131ma \u00e7atsa, m\u0259n\u0259 k\u00f6m\u0259k ed\u0259c\u0259k - MEYDAN.TV","og_description":"\"\u0130ki u\u015fa\u011fa g\u00f6r\u0259 160 manat aliment al\u0131ram, he\u00e7 u\u015faqlar\u0131n yem\u0259yin\u0259 \u00e7atm\u0131r\"","og_url":"https:\/\/www.meydan.tv\/az\/article\/qazax-sakini-sesim-mehriban-xanima-catsa-mene-komek-edecek\/","og_site_name":"MEYDAN.TV","article_published_time":"2019-11-21T11:56:54+00:00","og_image":[{"width":1280,"height":850,"url":"https:\/\/www.meydan.tv\/wp-content\/uploads\/qazax00.jpg","type":"image\/jpeg"}],"author":"user-manager","twitter_card":"summary_large_image","schema":{"@context":"https:\/\/schema.org","@graph":[{"@type":"Article","@id":"https:\/\/www.meydan.tv\/az\/article\/qazax-sakini-sesim-mehriban-xanima-catsa-mene-komek-edecek\/#article","isPartOf":{"@id":"https:\/\/www.meydan.tv\/az\/article\/qazax-sakini-sesim-mehriban-xanima-catsa-mene-komek-edecek\/"},"author":{"name":"user-manager","@id":"https:\/\/www.meydan.tv\/az\/#\/schema\/person\/10d11eccf6da3662cf5fdab9806ea91a"},"headline":"Qazax sakini: S\u0259sim Mehriban xan\u0131ma \u00e7atsa, m\u0259n\u0259 k\u00f6m\u0259k ed\u0259c\u0259k","datePublished":"2019-11-21T11:56:54+00:00","mainEntityOfPage":{"@id":"https:\/\/www.meydan.tv\/az\/article\/qazax-sakini-sesim-mehriban-xanima-catsa-mene-komek-edecek\/"},"wordCount":730,"publisher":{"@id":"https:\/\/www.meydan.tv\/az\/#organization"},"image":{"@id":"https:\/\/www.meydan.tv\/az\/article\/qazax-sakini-sesim-mehriban-xanima-catsa-mene-komek-edecek\/#primaryimage"},"thumbnailUrl":"https:\/\/www.meydan.tv\/wp-content\/uploads\/qazax00.jpg","articleSection":["B\u00f6lg\u0259"],"inLanguage":"az"},{"@type":"WebPage","@id":"https:\/\/www.meydan.tv\/az\/article\/qazax-sakini-sesim-mehriban-xanima-catsa-mene-komek-edecek\/","url":"https:\/\/www.meydan.tv\/az\/article\/qazax-sakini-sesim-mehriban-xanima-catsa-mene-komek-edecek\/","name":"Qazax sakini: S\u0259sim Mehriban xan\u0131ma \u00e7atsa, m\u0259n\u0259 k\u00f6m\u0259k ed\u0259c\u0259k - MEYDAN.TV","isPartOf":{"@id":"https:\/\/www.meydan.tv\/az\/#website"},"primaryImageOfPage":{"@id":"https:\/\/www.meydan.tv\/az\/article\/qazax-sakini-sesim-mehriban-xanima-catsa-mene-komek-edecek\/#primaryimage"},"image":{"@id":"https:\/\/www.meydan.tv\/az\/article\/qazax-sakini-sesim-mehriban-xanima-catsa-mene-komek-edecek\/#primaryimage"},"thumbnailUrl":"https:\/\/www.meydan.tv\/wp-content\/uploads\/qazax00.jpg","datePublished":"2019-11-21T11:56:54+00:00","breadcrumb":{"@id":"https:\/\/www.meydan.tv\/az\/article\/qazax-sakini-sesim-mehriban-xanima-catsa-mene-komek-edecek\/#breadcrumb"},"inLanguage":"az","potentialAction":[{"@type":"ReadAction","target":["https:\/\/www.meydan.tv\/az\/article\/qazax-sakini-sesim-mehriban-xanima-catsa-mene-komek-edecek\/"]}]},{"@type":"ImageObject","inLanguage":"az","@id":"https:\/\/www.meydan.tv\/az\/article\/qazax-sakini-sesim-mehriban-xanima-catsa-mene-komek-edecek\/#primaryimage","url":"https:\/\/www.meydan.tv\/wp-content\/uploads\/qazax00.jpg","contentUrl":"https:\/\/www.meydan.tv\/wp-content\/uploads\/qazax00.jpg","width":1280,"height":850,"caption":"Source: Specify Source"},{"@type":"BreadcrumbList","@id":"https:\/\/www.meydan.tv\/az\/article\/qazax-sakini-sesim-mehriban-xanima-catsa-mene-komek-edecek\/#breadcrumb","itemListElement":[{"@type":"ListItem","position":1,"name":"Ana s\u0259hif\u0259","item":"https:\/\/www.meydan.tv\/az\/"},{"@type":"ListItem","position":2,"name":"B\u00f6lg\u0259","item":"https:\/\/www.meydan.tv\/az\/section\/bolge\/"},{"@type":"ListItem","position":3,"name":"Qazax sakini: S\u0259sim Mehriban xan\u0131ma \u00e7atsa, m\u0259n\u0259 k\u00f6m\u0259k ed\u0259c\u0259k"}]},{"@type":"WebSite","@id":"https:\/\/www.meydan.tv\/az\/#website","url":"https:\/\/www.meydan.tv\/az\/","name":"MEYDAN.TV","description":"Meydan TV Az\u0259rbaycan\u0131n media m\u0259kan\u0131ndak\u0131 alternativ s\u0259sidir","publisher":{"@id":"https:\/\/www.meydan.tv\/az\/#organization"},"potentialAction":[{"@type":"SearchAction","target":{"@type":"EntryPoint","urlTemplate":"https:\/\/www.meydan.tv\/az\/?s={search_term_string}"},"query-input":{"@type":"PropertyValueSpecification","valueRequired":true,"valueName":"search_term_string"}}],"inLanguage":"az"},{"@type":"Organization","@id":"https:\/\/www.meydan.tv\/az\/#organization","name":"Meydan TV","url":"https:\/\/www.meydan.tv\/az\/","logo":{"@type":"ImageObject","inLanguage":"az","@id":"https:\/\/www.meydan.tv\/az\/#\/schema\/logo\/image\/","url":"https:\/\/www.meydan.tv\/wp-content\/uploads\/2021\/07\/meydan-logo.svg","contentUrl":"https:\/\/www.meydan.tv\/wp-content\/uploads\/2021\/07\/meydan-logo.svg","width":195,"height":46,"caption":"Meydan TV"},"image":{"@id":"https:\/\/www.meydan.tv\/az\/#\/schema\/logo\/image\/"}},{"@type":"Person","@id":"https:\/\/www.meydan.tv\/az\/#\/schema\/person\/10d11eccf6da3662cf5fdab9806ea91a","name":"user-manager"}]}},"_links":{"self":[{"href":"https:\/\/www.meydan.tv\/az\/wp-json\/wp\/v2\/posts\/198031","targetHints":{"allow":["GET"]}}],"collection":[{"href":"https:\/\/www.meydan.tv\/az\/wp-json\/wp\/v2\/posts"}],"about":[{"href":"https:\/\/www.meydan.tv\/az\/wp-json\/wp\/v2\/types\/post"}],"author":[{"embeddable":true,"href":"https:\/\/www.meydan.tv\/az\/wp-json\/wp\/v2\/users\/11"}],"replies":[{"embeddable":true,"href":"https:\/\/www.meydan.tv\/az\/wp-json\/wp\/v2\/comments?post=198031"}],"version-history":[{"count":0,"href":"https:\/\/www.meydan.tv\/az\/wp-json\/wp\/v2\/posts\/198031\/revisions"}],"wp:featuredmedia":[{"embeddable":true,"href":"https:\/\/www.meydan.tv\/az\/wp-json\/wp\/v2\/media\/133335"}],"wp:attachment":[{"href":"https:\/\/www.meydan.tv\/az\/wp-json\/wp\/v2\/media?parent=198031"}],"wp:term":[{"taxonomy":"category","embeddable":true,"href":"https:\/\/www.meydan.tv\/az\/wp-json\/wp\/v2\/categories?post=198031"},{"taxonomy":"post_tag","embeddable":true,"href":"https:\/\/www.meydan.tv\/az\/wp-json\/wp\/v2\/tags?post=198031"}],"curies":[{"name":"wp","href":"https:\/\/api.w.org\/{rel}","templated":true}]}}