{"id":198022,"date":"2019-11-20T18:04:51","date_gmt":"2019-11-20T18:04:51","guid":{"rendered":"https:\/\/www.meydan.tv\/article\/vatikan-abs-israille-felestin-arasindaki-sulh-prosesini-tehlukeye-atib\/"},"modified":"2019-11-20T18:04:51","modified_gmt":"2019-11-20T18:04:51","slug":"vatikan-abs-israille-felestin-arasindaki-sulh-prosesini-tehlukeye-atib","status":"publish","type":"post","link":"https:\/\/www.meydan.tv\/az\/article\/vatikan-abs-israille-felestin-arasindaki-sulh-prosesini-tehlukeye-atib\/","title":{"rendered":"Vatikan: AB\u015e \u0130sraill\u0259 F\u0259l\u0259stin aras\u0131ndak\u0131 s\u00fclh prosesini t\u0259hl\u00fck\u0259y\u0259 at\u0131b"},"content":{"rendered":"<p>\n  <i><br \/>\n    Roma bi\u015foplu\u011fu konfliktin iki d\u00f6vl\u0259tli h\u0259ll m\u00f6vqeyini d\u0259st\u0259kl\u0259yir<br \/>\n  <\/i>\n<\/p>\n<p>\n  Vatikan deyib ki, AB\u015e \u0130srailin i\u015f\u011fal etdiyi Q\u0259rbi \u015e\u0259riy\u0259d\u0259 geni\u015fl\u0259nm\u0259ni v\u0259 yeni ya\u015fay\u0131\u015f m\u0259sk\u0259nl\u0259rinin tikilm\u0259sini d\u0259st\u0259kl\u0259dikd\u0259n sonra israillil\u0259r v\u0259 f\u0259l\u0259stinlil\u0259r aras\u0131nda s\u00fclh axtar\u0131\u015f\u0131 t\u0259hl\u00fck\u0259y\u0259 d\u00fc\u015f\u00fcb, &#8211; \u201cReuters\u201d x\u0259b\u0259r verir.\n<\/p>\n<p>\n  \u201c\u0130srail-F\u0259l\u0259stin s\u00fclh prosesinin v\u0259 onsuz da k\u00f6vr\u0259k regional sabitliyin pozulmas\u0131na s\u0259b\u0259b ola bil\u0259c\u0259k son q\u0259rarlar kontekstind\u0259 Roma bi\u015foplu\u011fu konfliktin tam h\u0259llini tapma\u011f\u0131n yegan\u0259 yolu olaraq iki d\u00f6vl\u0259tli h\u0259ll m\u00f6vqeyini d\u0259st\u0259kl\u0259yir\u201d,-Vatikan b\u0259yanat\u0131nda deyib.\n<\/p>\n<p>\n  Vatikan h\u0259m\u00e7inin \u0130srail d\u00f6vl\u0259tinin beyn\u0259lxalq ictimaiyy\u0259t t\u0259r\u0259find\u0259n tan\u0131nan s\u0259rh\u0259dl\u0259r daxilind\u0259 s\u00fclh v\u0259 \u0259min-amanl\u0131q i\u00e7ind\u0259 ya\u015famaq h\u00fcququnu d\u0259st\u0259kl\u0259diyini vur\u011fulay\u0131b v\u0259 qeyd edib ki, eyni h\u00fcquq F\u0259l\u0259stin xalq\u0131na da m\u0259xsusdur v\u0259 bu h\u00fcquq tan\u0131nmal\u0131 v\u0259 h\u00f6rm\u0259t edilm\u0259lidir.<\/p>\n","protected":false},"excerpt":{"rendered":"<p>Roma bi\u015foplu\u011fu konfliktin iki d\u00f6vl\u0259tli h\u0259ll m\u00f6vqeyini d\u0259st\u0259kl\u0259yir<\/p>\n","protected":false},"author":11,"featured_media":131900,"comment_status":"closed","ping_status":"open","sticky":false,"template":"","format":"standard","meta":{"_acf_changed":false,"_sitemap_exclude":false,"_sitemap_priority":"","_sitemap_frequency":"","footnotes":""},"categories":[64],"tags":[],"class_list":["post-198022","post","type-post","status-publish","format-standard","has-post-thumbnail","hentry","category-dunya","infinite-scroll-item","generate-columns","tablet-grid-50","mobile-grid-100","grid-parent","grid-33","no-featured-image-padding"],"acf":[],"yoast_head":"<!-- This site is optimized with the Yoast SEO plugin v27.5 - https:\/\/yoast.com\/product\/yoast-seo-wordpress\/ -->\n<title>Vatikan: AB\u015e \u0130sraill\u0259 F\u0259l\u0259stin aras\u0131ndak\u0131 s\u00fclh prosesini t\u0259hl\u00fck\u0259y\u0259 at\u0131b - MEYDAN.TV<\/title>\n<meta name=\"robots\" content=\"index, follow, max-snippet:-1, max-image-preview:large, max-video-preview:-1\" \/>\n<link rel=\"canonical\" href=\"https:\/\/www.meydan.tv\/az\/article\/vatikan-abs-israille-felestin-arasindaki-sulh-prosesini-tehlukeye-atib\/\" \/>\n<meta property=\"og:locale\" content=\"az_AZ\" \/>\n<meta property=\"og:type\" content=\"article\" \/>\n<meta property=\"og:title\" content=\"Vatikan: AB\u015e \u0130sraill\u0259 F\u0259l\u0259stin aras\u0131ndak\u0131 s\u00fclh prosesini t\u0259hl\u00fck\u0259y\u0259 at\u0131b - MEYDAN.TV\" \/>\n<meta property=\"og:description\" content=\"Roma bi\u015foplu\u011fu konfliktin iki d\u00f6vl\u0259tli h\u0259ll m\u00f6vqeyini d\u0259st\u0259kl\u0259yir\" \/>\n<meta property=\"og:url\" content=\"https:\/\/www.meydan.tv\/az\/article\/vatikan-abs-israille-felestin-arasindaki-sulh-prosesini-tehlukeye-atib\/\" \/>\n<meta property=\"og:site_name\" content=\"MEYDAN.TV\" \/>\n<meta property=\"article:published_time\" content=\"2019-11-20T18:04:51+00:00\" \/>\n<meta property=\"og:image\" content=\"https:\/\/www.meydan.tv\/wp-content\/uploads\/8f41ff4b-73eb-4bf4-9dba-2bb38c5fb4eb_w1200_r1_s.jpg\" \/>\n\t<meta property=\"og:image:width\" content=\"1200\" \/>\n\t<meta property=\"og:image:height\" content=\"675\" \/>\n\t<meta property=\"og:image:type\" content=\"image\/jpeg\" \/>\n<meta name=\"author\" content=\"user-manager\" \/>\n<meta name=\"twitter:card\" content=\"summary_large_image\" \/>\n<script type=\"application\/ld+json\" class=\"yoast-schema-graph\">{\"@context\":\"https:\\\/\\\/schema.org\",\"@graph\":[{\"@type\":\"Article\",\"@id\":\"https:\\\/\\\/www.meydan.tv\\\/az\\\/article\\\/vatikan-abs-israille-felestin-arasindaki-sulh-prosesini-tehlukeye-atib\\\/#article\",\"isPartOf\":{\"@id\":\"https:\\\/\\\/www.meydan.tv\\\/az\\\/article\\\/vatikan-abs-israille-felestin-arasindaki-sulh-prosesini-tehlukeye-atib\\\/\"},\"author\":{\"name\":\"user-manager\",\"@id\":\"https:\\\/\\\/www.meydan.tv\\\/az\\\/#\\\/schema\\\/person\\\/10d11eccf6da3662cf5fdab9806ea91a\"},\"headline\":\"Vatikan: AB\u015e \u0130sraill\u0259 F\u0259l\u0259stin aras\u0131ndak\u0131 s\u00fclh prosesini t\u0259hl\u00fck\u0259y\u0259 at\u0131b\",\"datePublished\":\"2019-11-20T18:04:51+00:00\",\"mainEntityOfPage\":{\"@id\":\"https:\\\/\\\/www.meydan.tv\\\/az\\\/article\\\/vatikan-abs-israille-felestin-arasindaki-sulh-prosesini-tehlukeye-atib\\\/\"},\"wordCount\":215,\"publisher\":{\"@id\":\"https:\\\/\\\/www.meydan.tv\\\/az\\\/#organization\"},\"image\":{\"@id\":\"https:\\\/\\\/www.meydan.tv\\\/az\\\/article\\\/vatikan-abs-israille-felestin-arasindaki-sulh-prosesini-tehlukeye-atib\\\/#primaryimage\"},\"thumbnailUrl\":\"https:\\\/\\\/www.meydan.tv\\\/wp-content\\\/uploads\\\/8f41ff4b-73eb-4bf4-9dba-2bb38c5fb4eb_w1200_r1_s.jpg\",\"articleSection\":[\"D\u00fcnya\"],\"inLanguage\":\"az\"},{\"@type\":\"WebPage\",\"@id\":\"https:\\\/\\\/www.meydan.tv\\\/az\\\/article\\\/vatikan-abs-israille-felestin-arasindaki-sulh-prosesini-tehlukeye-atib\\\/\",\"url\":\"https:\\\/\\\/www.meydan.tv\\\/az\\\/article\\\/vatikan-abs-israille-felestin-arasindaki-sulh-prosesini-tehlukeye-atib\\\/\",\"name\":\"Vatikan: AB\u015e \u0130sraill\u0259 F\u0259l\u0259stin aras\u0131ndak\u0131 s\u00fclh prosesini t\u0259hl\u00fck\u0259y\u0259 at\u0131b - MEYDAN.TV\",\"isPartOf\":{\"@id\":\"https:\\\/\\\/www.meydan.tv\\\/az\\\/#website\"},\"primaryImageOfPage\":{\"@id\":\"https:\\\/\\\/www.meydan.tv\\\/az\\\/article\\\/vatikan-abs-israille-felestin-arasindaki-sulh-prosesini-tehlukeye-atib\\\/#primaryimage\"},\"image\":{\"@id\":\"https:\\\/\\\/www.meydan.tv\\\/az\\\/article\\\/vatikan-abs-israille-felestin-arasindaki-sulh-prosesini-tehlukeye-atib\\\/#primaryimage\"},\"thumbnailUrl\":\"https:\\\/\\\/www.meydan.tv\\\/wp-content\\\/uploads\\\/8f41ff4b-73eb-4bf4-9dba-2bb38c5fb4eb_w1200_r1_s.jpg\",\"datePublished\":\"2019-11-20T18:04:51+00:00\",\"breadcrumb\":{\"@id\":\"https:\\\/\\\/www.meydan.tv\\\/az\\\/article\\\/vatikan-abs-israille-felestin-arasindaki-sulh-prosesini-tehlukeye-atib\\\/#breadcrumb\"},\"inLanguage\":\"az\",\"potentialAction\":[{\"@type\":\"ReadAction\",\"target\":[\"https:\\\/\\\/www.meydan.tv\\\/az\\\/article\\\/vatikan-abs-israille-felestin-arasindaki-sulh-prosesini-tehlukeye-atib\\\/\"]}]},{\"@type\":\"ImageObject\",\"inLanguage\":\"az\",\"@id\":\"https:\\\/\\\/www.meydan.tv\\\/az\\\/article\\\/vatikan-abs-israille-felestin-arasindaki-sulh-prosesini-tehlukeye-atib\\\/#primaryimage\",\"url\":\"https:\\\/\\\/www.meydan.tv\\\/wp-content\\\/uploads\\\/8f41ff4b-73eb-4bf4-9dba-2bb38c5fb4eb_w1200_r1_s.jpg\",\"contentUrl\":\"https:\\\/\\\/www.meydan.tv\\\/wp-content\\\/uploads\\\/8f41ff4b-73eb-4bf4-9dba-2bb38c5fb4eb_w1200_r1_s.jpg\",\"width\":1200,\"height\":675,\"caption\":\"Foto: Meydan TV\"},{\"@type\":\"BreadcrumbList\",\"@id\":\"https:\\\/\\\/www.meydan.tv\\\/az\\\/article\\\/vatikan-abs-israille-felestin-arasindaki-sulh-prosesini-tehlukeye-atib\\\/#breadcrumb\",\"itemListElement\":[{\"@type\":\"ListItem\",\"position\":1,\"name\":\"Ana s\u0259hif\u0259\",\"item\":\"https:\\\/\\\/www.meydan.tv\\\/az\\\/\"},{\"@type\":\"ListItem\",\"position\":2,\"name\":\"D\u00fcnya\",\"item\":\"https:\\\/\\\/www.meydan.tv\\\/az\\\/section\\\/dunya\\\/\"},{\"@type\":\"ListItem\",\"position\":3,\"name\":\"Vatikan: AB\u015e \u0130sraill\u0259 F\u0259l\u0259stin aras\u0131ndak\u0131 s\u00fclh prosesini t\u0259hl\u00fck\u0259y\u0259 at\u0131b\"}]},{\"@type\":\"WebSite\",\"@id\":\"https:\\\/\\\/www.meydan.tv\\\/az\\\/#website\",\"url\":\"https:\\\/\\\/www.meydan.tv\\\/az\\\/\",\"name\":\"MEYDAN.TV\",\"description\":\"Meydan TV Az\u0259rbaycan\u0131n media m\u0259kan\u0131ndak\u0131 alternativ s\u0259sidir\",\"publisher\":{\"@id\":\"https:\\\/\\\/www.meydan.tv\\\/az\\\/#organization\"},\"potentialAction\":[{\"@type\":\"SearchAction\",\"target\":{\"@type\":\"EntryPoint\",\"urlTemplate\":\"https:\\\/\\\/www.meydan.tv\\\/az\\\/?s={search_term_string}\"},\"query-input\":{\"@type\":\"PropertyValueSpecification\",\"valueRequired\":true,\"valueName\":\"search_term_string\"}}],\"inLanguage\":\"az\"},{\"@type\":\"Organization\",\"@id\":\"https:\\\/\\\/www.meydan.tv\\\/az\\\/#organization\",\"name\":\"Meydan TV\",\"url\":\"https:\\\/\\\/www.meydan.tv\\\/az\\\/\",\"logo\":{\"@type\":\"ImageObject\",\"inLanguage\":\"az\",\"@id\":\"https:\\\/\\\/www.meydan.tv\\\/az\\\/#\\\/schema\\\/logo\\\/image\\\/\",\"url\":\"https:\\\/\\\/www.meydan.tv\\\/wp-content\\\/uploads\\\/2021\\\/07\\\/meydan-logo.svg\",\"contentUrl\":\"https:\\\/\\\/www.meydan.tv\\\/wp-content\\\/uploads\\\/2021\\\/07\\\/meydan-logo.svg\",\"width\":195,\"height\":46,\"caption\":\"Meydan TV\"},\"image\":{\"@id\":\"https:\\\/\\\/www.meydan.tv\\\/az\\\/#\\\/schema\\\/logo\\\/image\\\/\"}},{\"@type\":\"Person\",\"@id\":\"https:\\\/\\\/www.meydan.tv\\\/az\\\/#\\\/schema\\\/person\\\/10d11eccf6da3662cf5fdab9806ea91a\",\"name\":\"user-manager\"}]}<\/script>\n<!-- \/ Yoast SEO plugin. -->","yoast_head_json":{"title":"Vatikan: AB\u015e \u0130sraill\u0259 F\u0259l\u0259stin aras\u0131ndak\u0131 s\u00fclh prosesini t\u0259hl\u00fck\u0259y\u0259 at\u0131b - MEYDAN.TV","robots":{"index":"index","follow":"follow","max-snippet":"max-snippet:-1","max-image-preview":"max-image-preview:large","max-video-preview":"max-video-preview:-1"},"canonical":"https:\/\/www.meydan.tv\/az\/article\/vatikan-abs-israille-felestin-arasindaki-sulh-prosesini-tehlukeye-atib\/","og_locale":"az_AZ","og_type":"article","og_title":"Vatikan: AB\u015e \u0130sraill\u0259 F\u0259l\u0259stin aras\u0131ndak\u0131 s\u00fclh prosesini t\u0259hl\u00fck\u0259y\u0259 at\u0131b - MEYDAN.TV","og_description":"Roma bi\u015foplu\u011fu konfliktin iki d\u00f6vl\u0259tli h\u0259ll m\u00f6vqeyini d\u0259st\u0259kl\u0259yir","og_url":"https:\/\/www.meydan.tv\/az\/article\/vatikan-abs-israille-felestin-arasindaki-sulh-prosesini-tehlukeye-atib\/","og_site_name":"MEYDAN.TV","article_published_time":"2019-11-20T18:04:51+00:00","og_image":[{"width":1200,"height":675,"url":"https:\/\/www.meydan.tv\/wp-content\/uploads\/8f41ff4b-73eb-4bf4-9dba-2bb38c5fb4eb_w1200_r1_s.jpg","type":"image\/jpeg"}],"author":"user-manager","twitter_card":"summary_large_image","schema":{"@context":"https:\/\/schema.org","@graph":[{"@type":"Article","@id":"https:\/\/www.meydan.tv\/az\/article\/vatikan-abs-israille-felestin-arasindaki-sulh-prosesini-tehlukeye-atib\/#article","isPartOf":{"@id":"https:\/\/www.meydan.tv\/az\/article\/vatikan-abs-israille-felestin-arasindaki-sulh-prosesini-tehlukeye-atib\/"},"author":{"name":"user-manager","@id":"https:\/\/www.meydan.tv\/az\/#\/schema\/person\/10d11eccf6da3662cf5fdab9806ea91a"},"headline":"Vatikan: AB\u015e \u0130sraill\u0259 F\u0259l\u0259stin aras\u0131ndak\u0131 s\u00fclh prosesini t\u0259hl\u00fck\u0259y\u0259 at\u0131b","datePublished":"2019-11-20T18:04:51+00:00","mainEntityOfPage":{"@id":"https:\/\/www.meydan.tv\/az\/article\/vatikan-abs-israille-felestin-arasindaki-sulh-prosesini-tehlukeye-atib\/"},"wordCount":215,"publisher":{"@id":"https:\/\/www.meydan.tv\/az\/#organization"},"image":{"@id":"https:\/\/www.meydan.tv\/az\/article\/vatikan-abs-israille-felestin-arasindaki-sulh-prosesini-tehlukeye-atib\/#primaryimage"},"thumbnailUrl":"https:\/\/www.meydan.tv\/wp-content\/uploads\/8f41ff4b-73eb-4bf4-9dba-2bb38c5fb4eb_w1200_r1_s.jpg","articleSection":["D\u00fcnya"],"inLanguage":"az"},{"@type":"WebPage","@id":"https:\/\/www.meydan.tv\/az\/article\/vatikan-abs-israille-felestin-arasindaki-sulh-prosesini-tehlukeye-atib\/","url":"https:\/\/www.meydan.tv\/az\/article\/vatikan-abs-israille-felestin-arasindaki-sulh-prosesini-tehlukeye-atib\/","name":"Vatikan: AB\u015e \u0130sraill\u0259 F\u0259l\u0259stin aras\u0131ndak\u0131 s\u00fclh prosesini t\u0259hl\u00fck\u0259y\u0259 at\u0131b - MEYDAN.TV","isPartOf":{"@id":"https:\/\/www.meydan.tv\/az\/#website"},"primaryImageOfPage":{"@id":"https:\/\/www.meydan.tv\/az\/article\/vatikan-abs-israille-felestin-arasindaki-sulh-prosesini-tehlukeye-atib\/#primaryimage"},"image":{"@id":"https:\/\/www.meydan.tv\/az\/article\/vatikan-abs-israille-felestin-arasindaki-sulh-prosesini-tehlukeye-atib\/#primaryimage"},"thumbnailUrl":"https:\/\/www.meydan.tv\/wp-content\/uploads\/8f41ff4b-73eb-4bf4-9dba-2bb38c5fb4eb_w1200_r1_s.jpg","datePublished":"2019-11-20T18:04:51+00:00","breadcrumb":{"@id":"https:\/\/www.meydan.tv\/az\/article\/vatikan-abs-israille-felestin-arasindaki-sulh-prosesini-tehlukeye-atib\/#breadcrumb"},"inLanguage":"az","potentialAction":[{"@type":"ReadAction","target":["https:\/\/www.meydan.tv\/az\/article\/vatikan-abs-israille-felestin-arasindaki-sulh-prosesini-tehlukeye-atib\/"]}]},{"@type":"ImageObject","inLanguage":"az","@id":"https:\/\/www.meydan.tv\/az\/article\/vatikan-abs-israille-felestin-arasindaki-sulh-prosesini-tehlukeye-atib\/#primaryimage","url":"https:\/\/www.meydan.tv\/wp-content\/uploads\/8f41ff4b-73eb-4bf4-9dba-2bb38c5fb4eb_w1200_r1_s.jpg","contentUrl":"https:\/\/www.meydan.tv\/wp-content\/uploads\/8f41ff4b-73eb-4bf4-9dba-2bb38c5fb4eb_w1200_r1_s.jpg","width":1200,"height":675,"caption":"Foto: Meydan TV"},{"@type":"BreadcrumbList","@id":"https:\/\/www.meydan.tv\/az\/article\/vatikan-abs-israille-felestin-arasindaki-sulh-prosesini-tehlukeye-atib\/#breadcrumb","itemListElement":[{"@type":"ListItem","position":1,"name":"Ana s\u0259hif\u0259","item":"https:\/\/www.meydan.tv\/az\/"},{"@type":"ListItem","position":2,"name":"D\u00fcnya","item":"https:\/\/www.meydan.tv\/az\/section\/dunya\/"},{"@type":"ListItem","position":3,"name":"Vatikan: AB\u015e \u0130sraill\u0259 F\u0259l\u0259stin aras\u0131ndak\u0131 s\u00fclh prosesini t\u0259hl\u00fck\u0259y\u0259 at\u0131b"}]},{"@type":"WebSite","@id":"https:\/\/www.meydan.tv\/az\/#website","url":"https:\/\/www.meydan.tv\/az\/","name":"MEYDAN.TV","description":"Meydan TV Az\u0259rbaycan\u0131n media m\u0259kan\u0131ndak\u0131 alternativ s\u0259sidir","publisher":{"@id":"https:\/\/www.meydan.tv\/az\/#organization"},"potentialAction":[{"@type":"SearchAction","target":{"@type":"EntryPoint","urlTemplate":"https:\/\/www.meydan.tv\/az\/?s={search_term_string}"},"query-input":{"@type":"PropertyValueSpecification","valueRequired":true,"valueName":"search_term_string"}}],"inLanguage":"az"},{"@type":"Organization","@id":"https:\/\/www.meydan.tv\/az\/#organization","name":"Meydan TV","url":"https:\/\/www.meydan.tv\/az\/","logo":{"@type":"ImageObject","inLanguage":"az","@id":"https:\/\/www.meydan.tv\/az\/#\/schema\/logo\/image\/","url":"https:\/\/www.meydan.tv\/wp-content\/uploads\/2021\/07\/meydan-logo.svg","contentUrl":"https:\/\/www.meydan.tv\/wp-content\/uploads\/2021\/07\/meydan-logo.svg","width":195,"height":46,"caption":"Meydan TV"},"image":{"@id":"https:\/\/www.meydan.tv\/az\/#\/schema\/logo\/image\/"}},{"@type":"Person","@id":"https:\/\/www.meydan.tv\/az\/#\/schema\/person\/10d11eccf6da3662cf5fdab9806ea91a","name":"user-manager"}]}},"_links":{"self":[{"href":"https:\/\/www.meydan.tv\/az\/wp-json\/wp\/v2\/posts\/198022","targetHints":{"allow":["GET"]}}],"collection":[{"href":"https:\/\/www.meydan.tv\/az\/wp-json\/wp\/v2\/posts"}],"about":[{"href":"https:\/\/www.meydan.tv\/az\/wp-json\/wp\/v2\/types\/post"}],"author":[{"embeddable":true,"href":"https:\/\/www.meydan.tv\/az\/wp-json\/wp\/v2\/users\/11"}],"replies":[{"embeddable":true,"href":"https:\/\/www.meydan.tv\/az\/wp-json\/wp\/v2\/comments?post=198022"}],"version-history":[{"count":0,"href":"https:\/\/www.meydan.tv\/az\/wp-json\/wp\/v2\/posts\/198022\/revisions"}],"wp:featuredmedia":[{"embeddable":true,"href":"https:\/\/www.meydan.tv\/az\/wp-json\/wp\/v2\/media\/131900"}],"wp:attachment":[{"href":"https:\/\/www.meydan.tv\/az\/wp-json\/wp\/v2\/media?parent=198022"}],"wp:term":[{"taxonomy":"category","embeddable":true,"href":"https:\/\/www.meydan.tv\/az\/wp-json\/wp\/v2\/categories?post=198022"},{"taxonomy":"post_tag","embeddable":true,"href":"https:\/\/www.meydan.tv\/az\/wp-json\/wp\/v2\/tags?post=198022"}],"curies":[{"name":"wp","href":"https:\/\/api.w.org\/{rel}","templated":true}]}}