{"id":198019,"date":"2019-11-20T14:33:50","date_gmt":"2019-11-20T14:33:50","guid":{"rendered":"https:\/\/www.meydan.tv\/article\/maltali-adami-jurnalist-dafne-qalizianin-olumu-ile-bagli-hebs-edilib\/"},"modified":"2019-11-20T14:33:50","modified_gmt":"2019-11-20T14:33:50","slug":"maltali-adami-jurnalist-dafne-qalizianin-olumu-ile-bagli-hebs-edilib","status":"publish","type":"post","link":"https:\/\/www.meydan.tv\/az\/article\/maltali-adami-jurnalist-dafne-qalizianin-olumu-ile-bagli-hebs-edilib\/","title":{"rendered":"Maltal\u0131 i\u015f adam\u0131 jurnalist Dafne Qalizian\u0131n \u00f6l\u00fcm\u00fc il\u0259 ba\u011fl\u0131 h\u0259bs edilib"},"content":{"rendered":"<p>\n  <i><br \/>\n    Hadis\u0259d\u0259n bir g\u00fcn \u00f6nc\u0259 Ba\u015f nazir iddiada vasit\u0259\u00e7i oldu\u011fu qeyd edil\u0259n \u015f\u0259xsi \u0259fv ed\u0259c\u0259yini deyib<br \/>\n  <\/i>\n<\/p>\n<p>\n  Maltal\u0131 i\u015f adam\u0131 iki il \u0259vv\u0259l \u00f6ld\u00fcr\u00fclm\u00fc\u015f jurnalist Dafne Qalizian\u0131n (Daphne Galizia) i\u015fi il\u0259 ba\u011fl\u0131 ba\u015flad\u0131lm\u0131\u015f istintaq \u00e7\u0259r\u00e7iv\u0259sind\u0259 h\u0259bs olunub, &#8211; BBC x\u0259b\u0259r verir.\n<\/p>\n<p>\n  Yorgen Fenech adl\u0131 h\u0259min \u015f\u0259xs t\u0259hl\u00fck\u0259sizlik q\u00fcvv\u0259l\u0259ri t\u0259r\u0259find\u0259n saxlan\u0131l\u0131b. Onun yaxtas\u0131nda axtar\u0131\u015f t\u0259dbirl\u0259ri h\u0259yata ke\u00e7irilib.\n<\/p>\n<p>\n  Hadis\u0259d\u0259n bir g\u00fcn \u00f6nc\u0259 Ba\u015f nazir Cosef Muskat (Joseph Muscat) iddiada vasit\u0259\u00e7i oldu\u011fu qeyd edil\u0259n \u015f\u0259xsi \u0259fv ed\u0259c\u0259yini deyib.\n<\/p>\n<p>\n  Anti-korrupsiyaya ara\u015fd\u0131rmalar\u0131 il\u0259 m\u0259\u015fhur journalist Dafne Qalizia 2017-ci ilin oktyabr\u0131nda evinin yax\u0131nl\u0131\u011f\u0131nda \u00f6ld\u00fcr\u00fcl\u00fcb.\n<\/p>\n<p>\n  Maltan\u0131n cinay\u0259t i\u015fin\u0259 baxma t\u0259rzi beyn\u0259lxalq t\u0259nqidl\u0259r\u0259 s\u0259b\u0259b olub.\n<\/p>\n<p>\n  Muskat yerli mediaya m\u00fcraci\u0259t ed\u0259rk\u0259n Fenechi \u201cmaraq k\u0259sb ed\u0259n insan\u201d olaraq xarakteriz\u0259 edib. Daha sonra h\u00f6kum\u0259td\u0259n BBC-y\u0259 bildirilib ki, Fenech davam ed\u0259n istintaqla \u0259laq\u0259dar h\u0259bs olunub.\n<\/p>\n<p>\n  \u201cTimes of Malta\u201d-n\u0131n verdiyi m\u0259lumata g\u00f6r\u0259, Fenechin l\u00fcks yaxtas\u0131 \u00e7\u0259r\u015f\u0259nb\u0259 g\u00fcn\u00fc Vallettan\u0131n \u015fimal\u0131ndak\u0131 Portomaso liman\u0131ndan \u00e7\u0131xark\u0259n silahl\u0131 patrul t\u0259r\u0259find\u0259n m\u00fchasir\u0259y\u0259 al\u0131n\u0131b.\n<\/p>\n<p>\n  \u00c7\u0259r\u015f\u0259nb\u0259 ax\u015fam\u0131 Muskat deyib ki, vasit\u0259\u00e7i olmaqda \u015f\u00fcbh\u0259li bilin\u0259n pulyuyan \u015f\u0259xs \u0259vv\u0259lc\u0259 m\u0259hk\u0259m\u0259d\u0259 s\u00fcbut t\u0259qdim etm\u0259lidir. Daha sonra \u0259fv veril\u0259 bil\u0259r.\n<\/p>\n<p>\n  \u201cM\u0259n Ba\u015f prokurora \u015f\u0259xsin v\u0259kill\u0259ri il\u0259 dan\u0131\u015f\u0131q aparmas\u0131 \u00fc\u00e7\u00fcn s\u0259lahiyy\u0259t vermi\u015f\u0259m\u201d, Ba\u015f nazir Muskat deyib.\n<\/p>\n<p>\n  \u201c\u018fg\u0259r \u015f\u0259xs \u0259m\u0259kda\u015fl\u0131q ed\u0259rs\u0259 v\u0259 veril\u0259n m\u0259lumatlar bu cinay\u0259ti t\u00f6r\u0259d\u0259ni m\u00fchakim\u0259 etm\u0259k \u00fc\u00e7\u00fcn kifay\u0259tdirs\u0259, prezidentd\u0259n \u0259fv alacaqlar\u201d.\n<\/p>\n<p>\n  Fenech \u201cTumas Group\u201d-a r\u0259hb\u0259rlik edir v\u0259 enerji istehsal ed\u0259n \u201cElectrogas\u201d \u015firk\u0259tinin direktorudur.\n<\/p>\n<p>\n  Onu h\u0259m\u00e7inin Malta Maliyy\u0259 K\u0259\u015ffiyyat\u0131 T\u0259hlili Birliyi (FIAU) Dubayda qeydiyyata al\u0131nm\u0131\u015f \u201c17 Black\u201d adl\u0131 \u015firk\u0259tin sahibi olaraq t\u0259qdim edir.\n<\/p>\n<p>\n  \u0130yun ay\u0131nda Avropa \u015euras\u0131 Maltada b\u00f6y\u00fck qalmaqallar\u0131n ara\u015fd\u0131r\u0131lmas\u0131n\u0131n qar\u015f\u0131s\u0131n\u0131 alan \u201cfundamental z\u0259iflikl\u0259ri\u201d a\u00e7\u0131qlad\u0131\u011f\u0131 q\u0259tnam\u0259d\u0259 \u201c17 Black\u201d \u015firk\u0259tinin ad\u0131n\u0131 \u00e7\u0259kib.\n<\/p>\n<p>\n  Hesabatda qeyd edilir ki, \u201c17 Black\u201d Maltan\u0131n y\u00fcks\u0259k v\u0259zif\u0259li m\u0259murlar\u0131na m\u0259xsus gizli Panama \u015firk\u0259tl\u0259rin\u0259 b\u00f6y\u00fck bir ayl\u0131q \u00f6d\u0259m\u0259 ed\u0259c\u0259k. H\u0259m\u00e7inin qeyd edilir ki, \u015firk\u0259t bir az\u0259rbaycanl\u0131dan k\u00fclli miqdarda pul al\u0131b.<\/p>\n","protected":false},"excerpt":{"rendered":"<p>\u00c7\u0259r\u015f\u0259nb\u0259 ax\u015fam\u0131 Muskat deyib ki, vasit\u0259\u00e7i olmaqda \u015f\u00fcbh\u0259li bilin\u0259n pulyuyan \u015f\u0259xs \u0259vv\u0259lc\u0259 m\u0259hk\u0259m\u0259d\u0259 s\u00fcbut t\u0259qdim etm\u0259lidir.<\/p>\n","protected":false},"author":11,"featured_media":133305,"comment_status":"closed","ping_status":"open","sticky":false,"template":"","format":"standard","meta":{"_acf_changed":false,"_sitemap_exclude":false,"_sitemap_priority":"","_sitemap_frequency":"","footnotes":""},"categories":[64],"tags":[],"class_list":["post-198019","post","type-post","status-publish","format-standard","has-post-thumbnail","hentry","category-dunya","infinite-scroll-item","generate-columns","tablet-grid-50","mobile-grid-100","grid-parent","grid-33","no-featured-image-padding"],"acf":[],"yoast_head":"<!-- This site is optimized with the Yoast SEO plugin v27.5 - https:\/\/yoast.com\/product\/yoast-seo-wordpress\/ -->\n<title>Maltal\u0131 i\u015f adam\u0131 jurnalist Dafne Qalizian\u0131n \u00f6l\u00fcm\u00fc il\u0259 ba\u011fl\u0131 h\u0259bs edilib - MEYDAN.TV<\/title>\n<meta name=\"robots\" content=\"index, follow, max-snippet:-1, max-image-preview:large, max-video-preview:-1\" \/>\n<link rel=\"canonical\" href=\"https:\/\/www.meydan.tv\/az\/article\/maltali-adami-jurnalist-dafne-qalizianin-olumu-ile-bagli-hebs-edilib\/\" \/>\n<meta property=\"og:locale\" content=\"az_AZ\" \/>\n<meta property=\"og:type\" content=\"article\" \/>\n<meta property=\"og:title\" content=\"Maltal\u0131 i\u015f adam\u0131 jurnalist Dafne Qalizian\u0131n \u00f6l\u00fcm\u00fc il\u0259 ba\u011fl\u0131 h\u0259bs edilib - MEYDAN.TV\" \/>\n<meta property=\"og:description\" content=\"\u00c7\u0259r\u015f\u0259nb\u0259 ax\u015fam\u0131 Muskat deyib ki, vasit\u0259\u00e7i olmaqda \u015f\u00fcbh\u0259li bilin\u0259n pulyuyan \u015f\u0259xs \u0259vv\u0259lc\u0259 m\u0259hk\u0259m\u0259d\u0259 s\u00fcbut t\u0259qdim etm\u0259lidir.\" \/>\n<meta property=\"og:url\" content=\"https:\/\/www.meydan.tv\/az\/article\/maltali-adami-jurnalist-dafne-qalizianin-olumu-ile-bagli-hebs-edilib\/\" \/>\n<meta property=\"og:site_name\" content=\"MEYDAN.TV\" \/>\n<meta property=\"article:published_time\" content=\"2019-11-20T14:33:50+00:00\" \/>\n<meta property=\"og:image\" content=\"https:\/\/www.meydan.tv\/wp-content\/uploads\/yorgenfench-1024x576-1.jpg\" \/>\n\t<meta property=\"og:image:width\" content=\"1024\" \/>\n\t<meta property=\"og:image:height\" content=\"576\" \/>\n\t<meta property=\"og:image:type\" content=\"image\/jpeg\" \/>\n<meta name=\"author\" content=\"user-manager\" \/>\n<meta name=\"twitter:card\" content=\"summary_large_image\" \/>\n<script type=\"application\/ld+json\" class=\"yoast-schema-graph\">{\"@context\":\"https:\\\/\\\/schema.org\",\"@graph\":[{\"@type\":\"Article\",\"@id\":\"https:\\\/\\\/www.meydan.tv\\\/az\\\/article\\\/maltali-adami-jurnalist-dafne-qalizianin-olumu-ile-bagli-hebs-edilib\\\/#article\",\"isPartOf\":{\"@id\":\"https:\\\/\\\/www.meydan.tv\\\/az\\\/article\\\/maltali-adami-jurnalist-dafne-qalizianin-olumu-ile-bagli-hebs-edilib\\\/\"},\"author\":{\"name\":\"user-manager\",\"@id\":\"https:\\\/\\\/www.meydan.tv\\\/az\\\/#\\\/schema\\\/person\\\/10d11eccf6da3662cf5fdab9806ea91a\"},\"headline\":\"Maltal\u0131 i\u015f adam\u0131 jurnalist Dafne Qalizian\u0131n \u00f6l\u00fcm\u00fc il\u0259 ba\u011fl\u0131 h\u0259bs edilib\",\"datePublished\":\"2019-11-20T14:33:50+00:00\",\"mainEntityOfPage\":{\"@id\":\"https:\\\/\\\/www.meydan.tv\\\/az\\\/article\\\/maltali-adami-jurnalist-dafne-qalizianin-olumu-ile-bagli-hebs-edilib\\\/\"},\"wordCount\":469,\"publisher\":{\"@id\":\"https:\\\/\\\/www.meydan.tv\\\/az\\\/#organization\"},\"image\":{\"@id\":\"https:\\\/\\\/www.meydan.tv\\\/az\\\/article\\\/maltali-adami-jurnalist-dafne-qalizianin-olumu-ile-bagli-hebs-edilib\\\/#primaryimage\"},\"thumbnailUrl\":\"https:\\\/\\\/www.meydan.tv\\\/wp-content\\\/uploads\\\/yorgenfench-1024x576-1.jpg\",\"articleSection\":[\"D\u00fcnya\"],\"inLanguage\":\"az\"},{\"@type\":\"WebPage\",\"@id\":\"https:\\\/\\\/www.meydan.tv\\\/az\\\/article\\\/maltali-adami-jurnalist-dafne-qalizianin-olumu-ile-bagli-hebs-edilib\\\/\",\"url\":\"https:\\\/\\\/www.meydan.tv\\\/az\\\/article\\\/maltali-adami-jurnalist-dafne-qalizianin-olumu-ile-bagli-hebs-edilib\\\/\",\"name\":\"Maltal\u0131 i\u015f adam\u0131 jurnalist Dafne Qalizian\u0131n \u00f6l\u00fcm\u00fc il\u0259 ba\u011fl\u0131 h\u0259bs edilib - MEYDAN.TV\",\"isPartOf\":{\"@id\":\"https:\\\/\\\/www.meydan.tv\\\/az\\\/#website\"},\"primaryImageOfPage\":{\"@id\":\"https:\\\/\\\/www.meydan.tv\\\/az\\\/article\\\/maltali-adami-jurnalist-dafne-qalizianin-olumu-ile-bagli-hebs-edilib\\\/#primaryimage\"},\"image\":{\"@id\":\"https:\\\/\\\/www.meydan.tv\\\/az\\\/article\\\/maltali-adami-jurnalist-dafne-qalizianin-olumu-ile-bagli-hebs-edilib\\\/#primaryimage\"},\"thumbnailUrl\":\"https:\\\/\\\/www.meydan.tv\\\/wp-content\\\/uploads\\\/yorgenfench-1024x576-1.jpg\",\"datePublished\":\"2019-11-20T14:33:50+00:00\",\"breadcrumb\":{\"@id\":\"https:\\\/\\\/www.meydan.tv\\\/az\\\/article\\\/maltali-adami-jurnalist-dafne-qalizianin-olumu-ile-bagli-hebs-edilib\\\/#breadcrumb\"},\"inLanguage\":\"az\",\"potentialAction\":[{\"@type\":\"ReadAction\",\"target\":[\"https:\\\/\\\/www.meydan.tv\\\/az\\\/article\\\/maltali-adami-jurnalist-dafne-qalizianin-olumu-ile-bagli-hebs-edilib\\\/\"]}]},{\"@type\":\"ImageObject\",\"inLanguage\":\"az\",\"@id\":\"https:\\\/\\\/www.meydan.tv\\\/az\\\/article\\\/maltali-adami-jurnalist-dafne-qalizianin-olumu-ile-bagli-hebs-edilib\\\/#primaryimage\",\"url\":\"https:\\\/\\\/www.meydan.tv\\\/wp-content\\\/uploads\\\/yorgenfench-1024x576-1.jpg\",\"contentUrl\":\"https:\\\/\\\/www.meydan.tv\\\/wp-content\\\/uploads\\\/yorgenfench-1024x576-1.jpg\",\"width\":1024,\"height\":576,\"caption\":\"Source: Foto: Meydan TV\"},{\"@type\":\"BreadcrumbList\",\"@id\":\"https:\\\/\\\/www.meydan.tv\\\/az\\\/article\\\/maltali-adami-jurnalist-dafne-qalizianin-olumu-ile-bagli-hebs-edilib\\\/#breadcrumb\",\"itemListElement\":[{\"@type\":\"ListItem\",\"position\":1,\"name\":\"Ana s\u0259hif\u0259\",\"item\":\"https:\\\/\\\/www.meydan.tv\\\/az\\\/\"},{\"@type\":\"ListItem\",\"position\":2,\"name\":\"D\u00fcnya\",\"item\":\"https:\\\/\\\/www.meydan.tv\\\/az\\\/section\\\/dunya\\\/\"},{\"@type\":\"ListItem\",\"position\":3,\"name\":\"Maltal\u0131 i\u015f adam\u0131 jurnalist Dafne Qalizian\u0131n \u00f6l\u00fcm\u00fc il\u0259 ba\u011fl\u0131 h\u0259bs edilib\"}]},{\"@type\":\"WebSite\",\"@id\":\"https:\\\/\\\/www.meydan.tv\\\/az\\\/#website\",\"url\":\"https:\\\/\\\/www.meydan.tv\\\/az\\\/\",\"name\":\"MEYDAN.TV\",\"description\":\"Meydan TV Az\u0259rbaycan\u0131n media m\u0259kan\u0131ndak\u0131 alternativ s\u0259sidir\",\"publisher\":{\"@id\":\"https:\\\/\\\/www.meydan.tv\\\/az\\\/#organization\"},\"potentialAction\":[{\"@type\":\"SearchAction\",\"target\":{\"@type\":\"EntryPoint\",\"urlTemplate\":\"https:\\\/\\\/www.meydan.tv\\\/az\\\/?s={search_term_string}\"},\"query-input\":{\"@type\":\"PropertyValueSpecification\",\"valueRequired\":true,\"valueName\":\"search_term_string\"}}],\"inLanguage\":\"az\"},{\"@type\":\"Organization\",\"@id\":\"https:\\\/\\\/www.meydan.tv\\\/az\\\/#organization\",\"name\":\"Meydan TV\",\"url\":\"https:\\\/\\\/www.meydan.tv\\\/az\\\/\",\"logo\":{\"@type\":\"ImageObject\",\"inLanguage\":\"az\",\"@id\":\"https:\\\/\\\/www.meydan.tv\\\/az\\\/#\\\/schema\\\/logo\\\/image\\\/\",\"url\":\"https:\\\/\\\/www.meydan.tv\\\/wp-content\\\/uploads\\\/2021\\\/07\\\/meydan-logo.svg\",\"contentUrl\":\"https:\\\/\\\/www.meydan.tv\\\/wp-content\\\/uploads\\\/2021\\\/07\\\/meydan-logo.svg\",\"width\":195,\"height\":46,\"caption\":\"Meydan TV\"},\"image\":{\"@id\":\"https:\\\/\\\/www.meydan.tv\\\/az\\\/#\\\/schema\\\/logo\\\/image\\\/\"}},{\"@type\":\"Person\",\"@id\":\"https:\\\/\\\/www.meydan.tv\\\/az\\\/#\\\/schema\\\/person\\\/10d11eccf6da3662cf5fdab9806ea91a\",\"name\":\"user-manager\"}]}<\/script>\n<!-- \/ Yoast SEO plugin. -->","yoast_head_json":{"title":"Maltal\u0131 i\u015f adam\u0131 jurnalist Dafne Qalizian\u0131n \u00f6l\u00fcm\u00fc il\u0259 ba\u011fl\u0131 h\u0259bs edilib - MEYDAN.TV","robots":{"index":"index","follow":"follow","max-snippet":"max-snippet:-1","max-image-preview":"max-image-preview:large","max-video-preview":"max-video-preview:-1"},"canonical":"https:\/\/www.meydan.tv\/az\/article\/maltali-adami-jurnalist-dafne-qalizianin-olumu-ile-bagli-hebs-edilib\/","og_locale":"az_AZ","og_type":"article","og_title":"Maltal\u0131 i\u015f adam\u0131 jurnalist Dafne Qalizian\u0131n \u00f6l\u00fcm\u00fc il\u0259 ba\u011fl\u0131 h\u0259bs edilib - MEYDAN.TV","og_description":"\u00c7\u0259r\u015f\u0259nb\u0259 ax\u015fam\u0131 Muskat deyib ki, vasit\u0259\u00e7i olmaqda \u015f\u00fcbh\u0259li bilin\u0259n pulyuyan \u015f\u0259xs \u0259vv\u0259lc\u0259 m\u0259hk\u0259m\u0259d\u0259 s\u00fcbut t\u0259qdim etm\u0259lidir.","og_url":"https:\/\/www.meydan.tv\/az\/article\/maltali-adami-jurnalist-dafne-qalizianin-olumu-ile-bagli-hebs-edilib\/","og_site_name":"MEYDAN.TV","article_published_time":"2019-11-20T14:33:50+00:00","og_image":[{"width":1024,"height":576,"url":"https:\/\/www.meydan.tv\/wp-content\/uploads\/yorgenfench-1024x576-1.jpg","type":"image\/jpeg"}],"author":"user-manager","twitter_card":"summary_large_image","schema":{"@context":"https:\/\/schema.org","@graph":[{"@type":"Article","@id":"https:\/\/www.meydan.tv\/az\/article\/maltali-adami-jurnalist-dafne-qalizianin-olumu-ile-bagli-hebs-edilib\/#article","isPartOf":{"@id":"https:\/\/www.meydan.tv\/az\/article\/maltali-adami-jurnalist-dafne-qalizianin-olumu-ile-bagli-hebs-edilib\/"},"author":{"name":"user-manager","@id":"https:\/\/www.meydan.tv\/az\/#\/schema\/person\/10d11eccf6da3662cf5fdab9806ea91a"},"headline":"Maltal\u0131 i\u015f adam\u0131 jurnalist Dafne Qalizian\u0131n \u00f6l\u00fcm\u00fc il\u0259 ba\u011fl\u0131 h\u0259bs edilib","datePublished":"2019-11-20T14:33:50+00:00","mainEntityOfPage":{"@id":"https:\/\/www.meydan.tv\/az\/article\/maltali-adami-jurnalist-dafne-qalizianin-olumu-ile-bagli-hebs-edilib\/"},"wordCount":469,"publisher":{"@id":"https:\/\/www.meydan.tv\/az\/#organization"},"image":{"@id":"https:\/\/www.meydan.tv\/az\/article\/maltali-adami-jurnalist-dafne-qalizianin-olumu-ile-bagli-hebs-edilib\/#primaryimage"},"thumbnailUrl":"https:\/\/www.meydan.tv\/wp-content\/uploads\/yorgenfench-1024x576-1.jpg","articleSection":["D\u00fcnya"],"inLanguage":"az"},{"@type":"WebPage","@id":"https:\/\/www.meydan.tv\/az\/article\/maltali-adami-jurnalist-dafne-qalizianin-olumu-ile-bagli-hebs-edilib\/","url":"https:\/\/www.meydan.tv\/az\/article\/maltali-adami-jurnalist-dafne-qalizianin-olumu-ile-bagli-hebs-edilib\/","name":"Maltal\u0131 i\u015f adam\u0131 jurnalist Dafne Qalizian\u0131n \u00f6l\u00fcm\u00fc il\u0259 ba\u011fl\u0131 h\u0259bs edilib - MEYDAN.TV","isPartOf":{"@id":"https:\/\/www.meydan.tv\/az\/#website"},"primaryImageOfPage":{"@id":"https:\/\/www.meydan.tv\/az\/article\/maltali-adami-jurnalist-dafne-qalizianin-olumu-ile-bagli-hebs-edilib\/#primaryimage"},"image":{"@id":"https:\/\/www.meydan.tv\/az\/article\/maltali-adami-jurnalist-dafne-qalizianin-olumu-ile-bagli-hebs-edilib\/#primaryimage"},"thumbnailUrl":"https:\/\/www.meydan.tv\/wp-content\/uploads\/yorgenfench-1024x576-1.jpg","datePublished":"2019-11-20T14:33:50+00:00","breadcrumb":{"@id":"https:\/\/www.meydan.tv\/az\/article\/maltali-adami-jurnalist-dafne-qalizianin-olumu-ile-bagli-hebs-edilib\/#breadcrumb"},"inLanguage":"az","potentialAction":[{"@type":"ReadAction","target":["https:\/\/www.meydan.tv\/az\/article\/maltali-adami-jurnalist-dafne-qalizianin-olumu-ile-bagli-hebs-edilib\/"]}]},{"@type":"ImageObject","inLanguage":"az","@id":"https:\/\/www.meydan.tv\/az\/article\/maltali-adami-jurnalist-dafne-qalizianin-olumu-ile-bagli-hebs-edilib\/#primaryimage","url":"https:\/\/www.meydan.tv\/wp-content\/uploads\/yorgenfench-1024x576-1.jpg","contentUrl":"https:\/\/www.meydan.tv\/wp-content\/uploads\/yorgenfench-1024x576-1.jpg","width":1024,"height":576,"caption":"Source: Foto: Meydan TV"},{"@type":"BreadcrumbList","@id":"https:\/\/www.meydan.tv\/az\/article\/maltali-adami-jurnalist-dafne-qalizianin-olumu-ile-bagli-hebs-edilib\/#breadcrumb","itemListElement":[{"@type":"ListItem","position":1,"name":"Ana s\u0259hif\u0259","item":"https:\/\/www.meydan.tv\/az\/"},{"@type":"ListItem","position":2,"name":"D\u00fcnya","item":"https:\/\/www.meydan.tv\/az\/section\/dunya\/"},{"@type":"ListItem","position":3,"name":"Maltal\u0131 i\u015f adam\u0131 jurnalist Dafne Qalizian\u0131n \u00f6l\u00fcm\u00fc il\u0259 ba\u011fl\u0131 h\u0259bs edilib"}]},{"@type":"WebSite","@id":"https:\/\/www.meydan.tv\/az\/#website","url":"https:\/\/www.meydan.tv\/az\/","name":"MEYDAN.TV","description":"Meydan TV Az\u0259rbaycan\u0131n media m\u0259kan\u0131ndak\u0131 alternativ s\u0259sidir","publisher":{"@id":"https:\/\/www.meydan.tv\/az\/#organization"},"potentialAction":[{"@type":"SearchAction","target":{"@type":"EntryPoint","urlTemplate":"https:\/\/www.meydan.tv\/az\/?s={search_term_string}"},"query-input":{"@type":"PropertyValueSpecification","valueRequired":true,"valueName":"search_term_string"}}],"inLanguage":"az"},{"@type":"Organization","@id":"https:\/\/www.meydan.tv\/az\/#organization","name":"Meydan TV","url":"https:\/\/www.meydan.tv\/az\/","logo":{"@type":"ImageObject","inLanguage":"az","@id":"https:\/\/www.meydan.tv\/az\/#\/schema\/logo\/image\/","url":"https:\/\/www.meydan.tv\/wp-content\/uploads\/2021\/07\/meydan-logo.svg","contentUrl":"https:\/\/www.meydan.tv\/wp-content\/uploads\/2021\/07\/meydan-logo.svg","width":195,"height":46,"caption":"Meydan TV"},"image":{"@id":"https:\/\/www.meydan.tv\/az\/#\/schema\/logo\/image\/"}},{"@type":"Person","@id":"https:\/\/www.meydan.tv\/az\/#\/schema\/person\/10d11eccf6da3662cf5fdab9806ea91a","name":"user-manager"}]}},"_links":{"self":[{"href":"https:\/\/www.meydan.tv\/az\/wp-json\/wp\/v2\/posts\/198019","targetHints":{"allow":["GET"]}}],"collection":[{"href":"https:\/\/www.meydan.tv\/az\/wp-json\/wp\/v2\/posts"}],"about":[{"href":"https:\/\/www.meydan.tv\/az\/wp-json\/wp\/v2\/types\/post"}],"author":[{"embeddable":true,"href":"https:\/\/www.meydan.tv\/az\/wp-json\/wp\/v2\/users\/11"}],"replies":[{"embeddable":true,"href":"https:\/\/www.meydan.tv\/az\/wp-json\/wp\/v2\/comments?post=198019"}],"version-history":[{"count":0,"href":"https:\/\/www.meydan.tv\/az\/wp-json\/wp\/v2\/posts\/198019\/revisions"}],"wp:featuredmedia":[{"embeddable":true,"href":"https:\/\/www.meydan.tv\/az\/wp-json\/wp\/v2\/media\/133305"}],"wp:attachment":[{"href":"https:\/\/www.meydan.tv\/az\/wp-json\/wp\/v2\/media?parent=198019"}],"wp:term":[{"taxonomy":"category","embeddable":true,"href":"https:\/\/www.meydan.tv\/az\/wp-json\/wp\/v2\/categories?post=198019"},{"taxonomy":"post_tag","embeddable":true,"href":"https:\/\/www.meydan.tv\/az\/wp-json\/wp\/v2\/tags?post=198019"}],"curies":[{"name":"wp","href":"https:\/\/api.w.org\/{rel}","templated":true}]}}