{"id":198018,"date":"2019-11-20T14:12:05","date_gmt":"2019-11-20T14:12:05","guid":{"rendered":"https:\/\/www.meydan.tv\/article\/hem-orus-sahelerimiz-elimizden-cixir-hem-de-tebietin-gozelliyini-mehv-edirler\/"},"modified":"2019-11-20T14:12:05","modified_gmt":"2019-11-20T14:12:05","slug":"hem-orus-sahelerimiz-elimizden-cixir-hem-de-tebietin-gozelliyini-mehv-edirler","status":"publish","type":"post","link":"https:\/\/www.meydan.tv\/az\/article\/hem-orus-sahelerimiz-elimizden-cixir-hem-de-tebietin-gozelliyini-mehv-edirler\/","title":{"rendered":"\u201cH\u0259m \u00f6r\u00fc\u015f sah\u0259l\u0259rimiz \u0259limizd\u0259n \u00e7\u0131x\u0131r, h\u0259m d\u0259 t\u0259bi\u0259tin g\u00f6z\u0259lliyini m\u0259hv edirl\u0259r\u201d"},"content":{"rendered":"<p>\n  <i><br \/>\n    K\u0259ndlil\u0259r me\u015f\u0259 \u0259razil\u0259rinin k\u00fcr\u00fcm\u0259sind\u0259n narahatd\u0131lar<br \/>\n  <\/i>\n<\/p>\n<p>\n  \u201cHeyvanlar\u0131m\u0131z\u0131n \u00f6r\u00fc\u015f sah\u0259sini \u0259limizd\u0259n al\u0131blar. Yerind\u0259 f\u0131nd\u0131q ba\u011flar\u0131 salacaqlar\u0131n\u0131 deyirl\u0259r. Bu, azm\u0131\u015f kimi me\u015f\u0259 \u0259razil\u0259rini d\u0259 otlaq sah\u0259l\u0259rinin g\u00f6z\u00fcn\u0259 qat\u0131b k\u00fcr\u00fcy\u00fcrl\u0259r. Haz\u0131rda sah\u0259l\u0259rd\u0259 onlarla texnika bu i\u015fl\u0259 m\u0259\u015f\u011fuldur\u201d.\n<\/p>\n<p>\n  \u015e\u0259kinin Bideyiz k\u0259ndinin sakini Rasim \u018fzizov bel\u0259 deyir. O, me\u015f\u0259 g\u00f6z\u0259t\u00e7isidir. Deyir, f\u0131nd\u0131q ba\u011f\u0131 salmaq \u00fc\u00e7\u00fcn q\u0131r\u0131lan a\u011faclar\u0131n 100 ill\u0259rl\u0259 ya\u015f\u0131 var.\n<\/p>\n<p>\n  Az\u0259rbaycan\u0131n \u015fimal rayonlar\u0131 olan Qax, \u015e\u0259ki v\u0259 O\u011fuzda me\u015f\u0259 fondu torpaqlar\u0131 uzunm\u00fcdd\u0259tli (49 illik) icar\u0259y\u0259 verilib. Torpaqlar\u0131 icar\u0259y\u0259 g\u00f6t\u00fcr\u0259nl\u0259r \u0259razid\u0259ki a\u011faclar\u0131, kollar\u0131 v\u0259 \u00e7oxillik bitkil\u0259ri s\u00f6k\u0259r\u0259k, yerind\u0259 f\u0131nd\u0131q ba\u011flar\u0131 salmaq niyy\u0259tind\u0259dir. Haz\u0131rda \u0259razid\u0259 a\u011faclar\u0131 v\u0259 kollar\u0131 k\u00f6k\u00fcnd\u0259n \u00e7\u0131xarmaqla m\u0259\u015f\u011fuldurlar.\n<\/p>\n<p>\n  <b><br \/>\n    Nazirlik m\u0259s\u0259l\u0259d\u0259n x\u0259b\u0259rdard\u0131r<br \/>\n  <\/b>\n<\/p>\n<p>\n  Ekologiya v\u0259 T\u0259bii S\u0259rv\u0259tl\u0259r Nazirliyi (ETSN) m\u0259s\u0259l\u0259d\u0259n x\u0259b\u0259rdard\u0131r. Me\u015f\u0259 fondunun a\u00e7\u0131q sah\u0259l\u0259rinin potensial\u0131ndan s\u0259m\u0259r\u0259li istifad\u0259 etm\u0259k m\u0259qs\u0259dil\u0259 Zaqatala, Qax, \u015e\u0259ki, O\u011fuz v\u0259 bir s\u0131ra rayonlar\u0131n \u0259razisind\u0259 olan a\u00e7\u0131q me\u015f\u0259 sah\u0259l\u0259ri aqroba\u011flar\u0131n sal\u0131nmas\u0131 \u00fc\u00e7\u00fcn uzunm\u00fcdd\u0259tli icar\u0259y\u0259 verilib deyirl\u0259r:\n<\/p>\n<p>\n  \u201cBu da me\u015f\u0259 \u00f6rt\u00fcy\u00fcn\u00fcn art\u0131r\u0131lmas\u0131, yeni i\u015f yerl\u0259rinin a\u00e7\u0131lmas\u0131, meyv\u0259 bollu\u011funun t\u0259min olunmas\u0131, h\u0259m\u00e7inin \u0259halinin sosial-iqtisadi v\u0259ziyy\u0259tinin yax\u015f\u0131la\u015fd\u0131r\u0131lmas\u0131 m\u0259qs\u0259di da\u015f\u0131y\u0131r\u201d,- ETSN-nin Me\u015f\u0259l\u0259rin \u0130nki\u015faf\u0131 Departamentinin direktoru A\u011faqarda\u015f Qara\u015fov bildirib.\n<\/p>\n<p>\n  Eko-f\u0259al Cavid Qara me\u015f\u0259l\u0259rin, kollar\u0131n, a\u011faclar\u0131n m\u0259hv edilib, yerind\u0259 f\u0131nd\u0131q ba\u011flar\u0131n\u0131n sal\u0131nmas\u0131n\u0131n g\u0259l\u0259c\u0259kd\u0259 b\u00f6y\u00fck f\u0259sadlar yaradaca\u011f\u0131n\u0131 s\u00f6yl\u0259yir. K\u0259ndlil\u0259r is\u0259 h\u0259m \u00f6r\u00fc\u015f sah\u0259l\u0259rinin \u0259ll\u0259rind\u0259n \u00e7\u0131xmas\u0131na, h\u0259m d\u0259 do\u011fulub-b\u00f6y\u00fcd\u00fckl\u0259ri \u0259razil\u0259rd\u0259ki me\u015f\u0259l\u0259rin m\u0259hvin\u0259 g\u00f6r\u0259 narahatd\u0131lar.\n<\/p>\n<p>\n  <b><br \/>\n    \u201cK\u0259ndin g\u0259l\u0259c\u0259yini t\u0259hl\u00fck\u0259y\u0259 at\u0131rlar\u201d<br \/>\n  <\/b>\n<\/p>\n<p>\n  \u201cH\u0259m \u00f6r\u00fc\u015f sah\u0259l\u0259rimiz \u0259limizd\u0259n \u00e7\u0131x\u0131r, h\u0259m d\u0259 t\u0259bi\u0259tin g\u00f6z\u0259lliyini m\u0259hv edirl\u0259r. Bunu etm\u0259kl\u0259 k\u0259ndin g\u0259l\u0259c\u0259yini t\u0259hl\u00fck\u0259y\u0259 at\u0131rlar. G\u0259l\u0259c\u0259kd\u0259 selin qar\u015f\u0131s\u0131n\u0131 almaq m\u00fcmk\u00fcn olmayacaq. Biz bilmirik, bu me\u015f\u0259l\u0259ri m\u0259hv etm\u0259k n\u0259 d\u0259r\u0259c\u0259d\u0259 do\u011frudur. Bir t\u0259r\u0259fd\u0259n deyirl\u0259r, me\u015f\u0259l\u0259ri qoruyaq, oksigen m\u0259nb\u0259yidir. Bir t\u0259r\u0259fd\u0259n d\u0259 h\u0259r yeri texnika il\u0259 k\u00fcr\u00fcy\u00fcrl\u0259r\u201d, &#8211; k\u0259nd sakinl\u0259rind\u0259n Akif Qurbanovun s\u00f6zl\u0259ridir.\n<\/p>\n<figure class=\"wp-block-image size-large\">\n  <img decoding=\"async\" src=\"https:\/\/www.meydan.tv\/az\/image_from_ios-1-jpg-68\/\" alt=\"image_from_ios (1).jpg\" class=\"wp-image-133299\"\/><figcaption>\n    &#8220;K\u0259ndlil\u0259r is\u0259 h\u0259m \u00f6r\u00fc\u015f sah\u0259l\u0259rinin \u0259ll\u0259rind\u0259n \u00e7\u0131xmas\u0131na, h\u0259m d\u0259 do\u011fulub-b\u00f6y\u00fcd\u00fckl\u0259ri \u0259razil\u0259rd\u0259ki me\u015f\u0259l\u0259rin m\u0259hvin\u0259 g\u00f6r\u0259 narahatd\u0131lar&#8221;<br \/>\n  <\/figcaption><\/figure>\n<p>\n  <b><br \/>\n    \u201cMe\u015f\u0259l\u0259rin m\u0259hvin\u0259 qar\u015f\u0131y\u0131q\u201d<br \/>\n  <\/b>\n<\/p>\n<p>\n  Sakinl\u0259r \u00f6r\u00fc\u015f sah\u0259l\u0259rinin z\u0259btini v\u0259 me\u015f\u0259l\u0259rin q\u0131r\u0131lmas\u0131n\u0131 qanunsuz say\u0131rlar. Prezident \u0130lham \u018fliyevd\u0259n bu m\u0259s\u0259l\u0259nin ara\u015fd\u0131r\u0131lmas\u0131na g\u00f6st\u0259ri\u015f verm\u0259sini xahi\u015f edirl\u0259r:\n<\/p>\n<p>\n  \u201cBizim k\u0259ndin 1400 n\u0259f\u0259rd\u0259n ibar\u0259t \u0259halisi var. Bu insanlar\u0131n ham\u0131s\u0131 me\u015f\u0259l\u0259rin m\u0259hvin\u0259 qar\u015f\u0131d\u0131r. H\u0259min yerl\u0259r bu k\u0259ndin \u00f6r\u00fc\u015f sah\u0259l\u0259ridir. Ham\u0131s\u0131n\u0131 m\u0259hv edib, yerin\u0259 f\u0131nd\u0131q ba\u011f\u0131 salmaq ist\u0259yirl\u0259r. E\u015fitdiyimiz\u0259 g\u00f6r\u0259 onlar\u0131n bu etdiyi qanunaziddir. Buna qanun \u00e7\u0259r\u00e7iv\u0259sind\u0259 bax\u0131lmas\u0131n\u0131 ist\u0259yirik\u201d, &#8211; sakinl\u0259r deyirl\u0259r.\n<\/p>\n<p>\n  Namiq Zakirov deyir ki, me\u015f\u0259l\u0259ri da\u011f\u0131d\u0131r, ad\u0131n\u0131 da qoyurlar, aqrome\u015f\u0259:\n<\/p>\n<p>\n  \u201cHalbuki prezidentin f\u0259rman\u0131 var. Orada deyilir ki, aqrome\u015f\u0259l\u0259r me\u015f\u0259 \u0259razisi olmayan, bo\u015f yerl\u0259rd\u0259 sal\u0131na bil\u0259r. Bunlar\u0131n etdikl\u0259ri is\u0259 qanunsuzluqdur\u201d.\n<\/p>\n<p>\n  <b><br \/>\n    \u201cMe\u015f\u0259l\u0259ri da\u011f\u0131danlar\u0131n c\u0259rim\u0259sini kim k\u0259s\u0259c\u0259k?\u201d<br \/>\n  <\/b>\n<\/p>\n<p>\n  Bideyiz k\u0259ndinin m\u00fc\u0259llimi \u015eaban Osmanov ilk n\u00f6vb\u0259d\u0259 ya\u015f\u0131ll\u0131\u011f\u0131n m\u0259hvin\u0259, ikinci bir t\u0259r\u0259fd\u0259n is\u0259 k\u0259ndlinin \u00f6r\u00fc\u015f sah\u0259sinin \u0259lind\u0259n al\u0131nmas\u0131na qar\u015f\u0131d\u0131r. Deyir, b\u00fct\u00fcn d\u00fcnya ya\u015f\u0131ll\u0131\u011f\u0131 qorumaq, art\u0131rmaq \u00fc\u00e7\u00fcn \u00e7al\u0131\u015f\u0131r. Bizd\u0259 is\u0259 \u0259ksini edirl\u0259r, s\u00f6k\u00fcr, da\u011f\u0131d\u0131rlar:\n<\/p>\n<p>\n  \u201cKimdirs\u0259, k\u0259nd adamlar\u0131 da bilmir. Sah\u0259l\u0259rimizi, me\u015f\u0259l\u0259rimizi m\u0259hv edirl\u0259r. Halbuki k\u0259ndli gedib o \u0259razid\u0259n 1 a\u011fac k\u0259ss\u0259, 40 manatdan 700 manatad\u0259k c\u0259rim\u0259 edil\u0259r. \u00d6zl\u0259ri minl\u0259rl\u0259, milyonlarla a\u011fac\u0131 k\u00fcr\u00fcy\u00fcb t\u00f6k\u00fcrl\u0259r. Onlara c\u0259rim\u0259ni kim k\u0259s\u0259c\u0259k?\u201d\n<\/p>\n<p>\n  <b><br \/>\n    \u201cK\u0259ndin \u00f6r\u00fc\u015f sah\u0259sini is\u0259 he\u00e7 kim icar\u0259y\u0259 ver\u0259 bilm\u0259z\u201d<br \/>\n  <\/b>\n<\/p>\n<p>\n  K\u0259ndlil\u0259r aidiyyat\u0131 qurumlardan ara\u015fd\u0131rma aparmalar\u0131n\u0131 t\u0259l\u0259b edir. Min ill\u0259rl\u0259 istifad\u0259 etdikl\u0259ri \u00f6r\u00fc\u015f sah\u0259l\u0259rini \u00f6zl\u0259rin\u0259 qaytarmalar\u0131n\u0131 ist\u0259yirl\u0259r:\n<\/p>\n<p>\n  \u201cK\u0259ndliyik, n\u0259 il\u0259 dolanmal\u0131y\u0131q? Ail\u0259mizi mal-heyvanla doland\u0131r\u0131r\u0131q. Bir qrup adam g\u0259lib ki, buran\u0131 alm\u0131\u015f\u0131q, ba\u011f sal\u0131r\u0131q, n\u0259 bilim, n\u0259s\u0259 edirik. Bel\u0259 d\u0259 haqs\u0131zl\u0131q olar? Qanunla \u00f6r\u00fc\u015f sah\u0259l\u0259ridir bunlar. Sat\u0131\u015fa qoyula bilm\u0259z. K\u0259ndin \u00f6r\u00fc\u015f sah\u0259sini is\u0259 he\u00e7 kim icar\u0259y\u0259 ver\u0259 bilm\u0259z. \u00d6r\u00fc\u015f sah\u0259l\u0259ri il\u0259 d\u0259 kifay\u0259tl\u0259nm\u0259yib. 100-1000 ill\u0259rin me\u015f\u0259sini da\u011f\u0131d\u0131rlar. Harada yaz\u0131l\u0131b bu qanun? Prezident bu i\u015f\u0259 m\u00fcdaxil\u0259 etm\u0259lidir\u201d.\n<\/p>\n<figure class=\"wp-block-image size-large\">\n  <img decoding=\"async\" src=\"https:\/\/www.meydan.tv\/az\/image_from_ios-2-jpg-66\/\" alt=\"image_from_ios (2).jpg\" class=\"wp-image-133308\"\/><figcaption>\n    &#8220;K\u0259ndin \u00f6r\u00fc\u015f sah\u0259sini is\u0259 he\u00e7 kim icar\u0259y\u0259 ver\u0259 bilm\u0259z&#8221;<br \/>\n  <\/figcaption><\/figure>\n<p>\n  <b><br \/>\n    \u201cG\u0259l\u0259c\u0259kd\u0259 sel da\u015fq\u0131nlar\u0131 qa\u00e7\u0131lmazd\u0131r\u201d<br \/>\n  <\/b>\n<\/p>\n<p>\n  Eko-f\u0259al Cavid Qara bu \u0259razil\u0259rd\u0259ki ya\u015f\u0131ll\u0131\u011f\u0131n, kollar\u0131n q\u0131r\u0131lmas\u0131n\u0131n t\u0259bi\u0259t\u0259 b\u00f6y\u00fck z\u0259rb\u0259 olaca\u011f\u0131n\u0131 s\u00f6yl\u0259yir. Deyir, \u0259vv\u0259la, burada n\u0259 q\u0259d\u0259r heyvan ya\u015fay\u0131r. \u0130kincisi d\u0259, bu kolluqlar sel v\u0259 da\u015fq\u0131n olmas\u0131n\u0131 \u0259ng\u0259ll\u0259yir:\n<\/p>\n<p>\n  \u201cBurada f\u0131nd\u0131q ba\u011f\u0131 salan h\u0259r halda \u00e7ay\u0131n \u00f6n\u00fcn\u0259 b\u0259nd tik\u0259c\u0259k ki, g\u0259l\u0259c\u0259kd\u0259 sel da\u015fq\u0131n\u0131 problemi il\u0259 \u00fczl\u0259\u015fm\u0259sin. Bu zaman da sel h\u0259min kolluqlar\u0131, me\u015f\u0259likl\u0259ri yox, gedib ba\u015fqa yeri, k\u0259ndi, ya\u015fay\u0131\u015f m\u0259nt\u0259q\u0259l\u0259rini basacaq. \u00dcst\u0259lik, h\u0259min \u0259razil\u0259r k\u0259ndlil\u0259rin \u00f6r\u00fc\u015f sah\u0259l\u0259ridir. Heyvandarl\u0131\u011fa da ciddi ziyan d\u0259y\u0259c\u0259k. Bundan da pisi me\u015f\u0259l\u0259rin q\u0131r\u0131lmas\u0131n\u0131n ba\u015flan\u011f\u0131c\u0131 olacaq. \u018frazi ki\u00e7ik deyil, g\u0259l\u0259c\u0259kd\u0259 h\u0259r\u0259 bir t\u0259r\u0259fini k\u00fcr\u00fcy\u00fcb b\u00f6y\u00fck bir \u0259razinin ya\u015f\u0131ll\u0131\u011f\u0131n\u0131 m\u0259hv ed\u0259c\u0259kl\u0259r. Buna s\u0259ssiz qalmaq olmaz\u201d.<\/p>\n","protected":false},"excerpt":{"rendered":"<p>\u201cG\u0259l\u0259c\u0259kd\u0259 sel da\u015fq\u0131nlar\u0131 qa\u00e7\u0131lmazd\u0131r\u201d<\/p>\n","protected":false},"author":11,"featured_media":133314,"comment_status":"closed","ping_status":"open","sticky":false,"template":"","format":"standard","meta":{"_acf_changed":false,"_sitemap_exclude":false,"_sitemap_priority":"","_sitemap_frequency":"","footnotes":""},"categories":[60],"tags":[],"class_list":["post-198018","post","type-post","status-publish","format-standard","has-post-thumbnail","hentry","category-bolge","infinite-scroll-item","generate-columns","tablet-grid-50","mobile-grid-100","grid-parent","grid-33","no-featured-image-padding"],"acf":[],"yoast_head":"<!-- This site is optimized with the Yoast SEO plugin v27.5 - https:\/\/yoast.com\/product\/yoast-seo-wordpress\/ -->\n<title>\u201cH\u0259m \u00f6r\u00fc\u015f sah\u0259l\u0259rimiz \u0259limizd\u0259n \u00e7\u0131x\u0131r, h\u0259m d\u0259 t\u0259bi\u0259tin g\u00f6z\u0259lliyini m\u0259hv edirl\u0259r\u201d - MEYDAN.TV<\/title>\n<meta name=\"robots\" content=\"index, follow, max-snippet:-1, max-image-preview:large, max-video-preview:-1\" \/>\n<link rel=\"canonical\" href=\"https:\/\/www.meydan.tv\/az\/article\/hem-orus-sahelerimiz-elimizden-cixir-hem-de-tebietin-gozelliyini-mehv-edirler\/\" \/>\n<meta property=\"og:locale\" content=\"az_AZ\" \/>\n<meta property=\"og:type\" content=\"article\" \/>\n<meta property=\"og:title\" content=\"\u201cH\u0259m \u00f6r\u00fc\u015f sah\u0259l\u0259rimiz \u0259limizd\u0259n \u00e7\u0131x\u0131r, h\u0259m d\u0259 t\u0259bi\u0259tin g\u00f6z\u0259lliyini m\u0259hv edirl\u0259r\u201d - MEYDAN.TV\" \/>\n<meta property=\"og:description\" content=\"\u201cG\u0259l\u0259c\u0259kd\u0259 sel da\u015fq\u0131nlar\u0131 qa\u00e7\u0131lmazd\u0131r\u201d\" \/>\n<meta property=\"og:url\" content=\"https:\/\/www.meydan.tv\/az\/article\/hem-orus-sahelerimiz-elimizden-cixir-hem-de-tebietin-gozelliyini-mehv-edirler\/\" \/>\n<meta property=\"og:site_name\" content=\"MEYDAN.TV\" \/>\n<meta property=\"article:published_time\" content=\"2019-11-20T14:12:05+00:00\" \/>\n<meta property=\"og:image\" content=\"https:\/\/www.meydan.tv\/wp-content\/uploads\/image_from_ios_mfu8mio.png\" \/>\n\t<meta property=\"og:image:width\" content=\"1048\" \/>\n\t<meta property=\"og:image:height\" content=\"786\" \/>\n\t<meta property=\"og:image:type\" content=\"image\/png\" \/>\n<meta name=\"author\" content=\"user-manager\" \/>\n<meta name=\"twitter:card\" content=\"summary_large_image\" \/>\n<script type=\"application\/ld+json\" class=\"yoast-schema-graph\">{\"@context\":\"https:\\\/\\\/schema.org\",\"@graph\":[{\"@type\":\"Article\",\"@id\":\"https:\\\/\\\/www.meydan.tv\\\/az\\\/article\\\/hem-orus-sahelerimiz-elimizden-cixir-hem-de-tebietin-gozelliyini-mehv-edirler\\\/#article\",\"isPartOf\":{\"@id\":\"https:\\\/\\\/www.meydan.tv\\\/az\\\/article\\\/hem-orus-sahelerimiz-elimizden-cixir-hem-de-tebietin-gozelliyini-mehv-edirler\\\/\"},\"author\":{\"name\":\"user-manager\",\"@id\":\"https:\\\/\\\/www.meydan.tv\\\/az\\\/#\\\/schema\\\/person\\\/10d11eccf6da3662cf5fdab9806ea91a\"},\"headline\":\"\u201cH\u0259m \u00f6r\u00fc\u015f sah\u0259l\u0259rimiz \u0259limizd\u0259n \u00e7\u0131x\u0131r, h\u0259m d\u0259 t\u0259bi\u0259tin g\u00f6z\u0259lliyini m\u0259hv edirl\u0259r\u201d\",\"datePublished\":\"2019-11-20T14:12:05+00:00\",\"mainEntityOfPage\":{\"@id\":\"https:\\\/\\\/www.meydan.tv\\\/az\\\/article\\\/hem-orus-sahelerimiz-elimizden-cixir-hem-de-tebietin-gozelliyini-mehv-edirler\\\/\"},\"wordCount\":1206,\"publisher\":{\"@id\":\"https:\\\/\\\/www.meydan.tv\\\/az\\\/#organization\"},\"image\":{\"@id\":\"https:\\\/\\\/www.meydan.tv\\\/az\\\/article\\\/hem-orus-sahelerimiz-elimizden-cixir-hem-de-tebietin-gozelliyini-mehv-edirler\\\/#primaryimage\"},\"thumbnailUrl\":\"https:\\\/\\\/www.meydan.tv\\\/wp-content\\\/uploads\\\/image_from_ios_mfu8mio.png\",\"articleSection\":[\"B\u00f6lg\u0259\"],\"inLanguage\":\"az\"},{\"@type\":\"WebPage\",\"@id\":\"https:\\\/\\\/www.meydan.tv\\\/az\\\/article\\\/hem-orus-sahelerimiz-elimizden-cixir-hem-de-tebietin-gozelliyini-mehv-edirler\\\/\",\"url\":\"https:\\\/\\\/www.meydan.tv\\\/az\\\/article\\\/hem-orus-sahelerimiz-elimizden-cixir-hem-de-tebietin-gozelliyini-mehv-edirler\\\/\",\"name\":\"\u201cH\u0259m \u00f6r\u00fc\u015f sah\u0259l\u0259rimiz \u0259limizd\u0259n \u00e7\u0131x\u0131r, h\u0259m d\u0259 t\u0259bi\u0259tin g\u00f6z\u0259lliyini m\u0259hv edirl\u0259r\u201d - MEYDAN.TV\",\"isPartOf\":{\"@id\":\"https:\\\/\\\/www.meydan.tv\\\/az\\\/#website\"},\"primaryImageOfPage\":{\"@id\":\"https:\\\/\\\/www.meydan.tv\\\/az\\\/article\\\/hem-orus-sahelerimiz-elimizden-cixir-hem-de-tebietin-gozelliyini-mehv-edirler\\\/#primaryimage\"},\"image\":{\"@id\":\"https:\\\/\\\/www.meydan.tv\\\/az\\\/article\\\/hem-orus-sahelerimiz-elimizden-cixir-hem-de-tebietin-gozelliyini-mehv-edirler\\\/#primaryimage\"},\"thumbnailUrl\":\"https:\\\/\\\/www.meydan.tv\\\/wp-content\\\/uploads\\\/image_from_ios_mfu8mio.png\",\"datePublished\":\"2019-11-20T14:12:05+00:00\",\"breadcrumb\":{\"@id\":\"https:\\\/\\\/www.meydan.tv\\\/az\\\/article\\\/hem-orus-sahelerimiz-elimizden-cixir-hem-de-tebietin-gozelliyini-mehv-edirler\\\/#breadcrumb\"},\"inLanguage\":\"az\",\"potentialAction\":[{\"@type\":\"ReadAction\",\"target\":[\"https:\\\/\\\/www.meydan.tv\\\/az\\\/article\\\/hem-orus-sahelerimiz-elimizden-cixir-hem-de-tebietin-gozelliyini-mehv-edirler\\\/\"]}]},{\"@type\":\"ImageObject\",\"inLanguage\":\"az\",\"@id\":\"https:\\\/\\\/www.meydan.tv\\\/az\\\/article\\\/hem-orus-sahelerimiz-elimizden-cixir-hem-de-tebietin-gozelliyini-mehv-edirler\\\/#primaryimage\",\"url\":\"https:\\\/\\\/www.meydan.tv\\\/wp-content\\\/uploads\\\/image_from_ios_mfu8mio.png\",\"contentUrl\":\"https:\\\/\\\/www.meydan.tv\\\/wp-content\\\/uploads\\\/image_from_ios_mfu8mio.png\",\"width\":1048,\"height\":786,\"caption\":\"Source: Foto: Meydan TV\"},{\"@type\":\"BreadcrumbList\",\"@id\":\"https:\\\/\\\/www.meydan.tv\\\/az\\\/article\\\/hem-orus-sahelerimiz-elimizden-cixir-hem-de-tebietin-gozelliyini-mehv-edirler\\\/#breadcrumb\",\"itemListElement\":[{\"@type\":\"ListItem\",\"position\":1,\"name\":\"Ana s\u0259hif\u0259\",\"item\":\"https:\\\/\\\/www.meydan.tv\\\/az\\\/\"},{\"@type\":\"ListItem\",\"position\":2,\"name\":\"B\u00f6lg\u0259\",\"item\":\"https:\\\/\\\/www.meydan.tv\\\/az\\\/section\\\/bolge\\\/\"},{\"@type\":\"ListItem\",\"position\":3,\"name\":\"\u201cH\u0259m \u00f6r\u00fc\u015f sah\u0259l\u0259rimiz \u0259limizd\u0259n \u00e7\u0131x\u0131r, h\u0259m d\u0259 t\u0259bi\u0259tin g\u00f6z\u0259lliyini m\u0259hv edirl\u0259r\u201d\"}]},{\"@type\":\"WebSite\",\"@id\":\"https:\\\/\\\/www.meydan.tv\\\/az\\\/#website\",\"url\":\"https:\\\/\\\/www.meydan.tv\\\/az\\\/\",\"name\":\"MEYDAN.TV\",\"description\":\"Meydan TV Az\u0259rbaycan\u0131n media m\u0259kan\u0131ndak\u0131 alternativ s\u0259sidir\",\"publisher\":{\"@id\":\"https:\\\/\\\/www.meydan.tv\\\/az\\\/#organization\"},\"potentialAction\":[{\"@type\":\"SearchAction\",\"target\":{\"@type\":\"EntryPoint\",\"urlTemplate\":\"https:\\\/\\\/www.meydan.tv\\\/az\\\/?s={search_term_string}\"},\"query-input\":{\"@type\":\"PropertyValueSpecification\",\"valueRequired\":true,\"valueName\":\"search_term_string\"}}],\"inLanguage\":\"az\"},{\"@type\":\"Organization\",\"@id\":\"https:\\\/\\\/www.meydan.tv\\\/az\\\/#organization\",\"name\":\"Meydan TV\",\"url\":\"https:\\\/\\\/www.meydan.tv\\\/az\\\/\",\"logo\":{\"@type\":\"ImageObject\",\"inLanguage\":\"az\",\"@id\":\"https:\\\/\\\/www.meydan.tv\\\/az\\\/#\\\/schema\\\/logo\\\/image\\\/\",\"url\":\"https:\\\/\\\/www.meydan.tv\\\/wp-content\\\/uploads\\\/2021\\\/07\\\/meydan-logo.svg\",\"contentUrl\":\"https:\\\/\\\/www.meydan.tv\\\/wp-content\\\/uploads\\\/2021\\\/07\\\/meydan-logo.svg\",\"width\":195,\"height\":46,\"caption\":\"Meydan TV\"},\"image\":{\"@id\":\"https:\\\/\\\/www.meydan.tv\\\/az\\\/#\\\/schema\\\/logo\\\/image\\\/\"}},{\"@type\":\"Person\",\"@id\":\"https:\\\/\\\/www.meydan.tv\\\/az\\\/#\\\/schema\\\/person\\\/10d11eccf6da3662cf5fdab9806ea91a\",\"name\":\"user-manager\"}]}<\/script>\n<!-- \/ Yoast SEO plugin. -->","yoast_head_json":{"title":"\u201cH\u0259m \u00f6r\u00fc\u015f sah\u0259l\u0259rimiz \u0259limizd\u0259n \u00e7\u0131x\u0131r, h\u0259m d\u0259 t\u0259bi\u0259tin g\u00f6z\u0259lliyini m\u0259hv edirl\u0259r\u201d - MEYDAN.TV","robots":{"index":"index","follow":"follow","max-snippet":"max-snippet:-1","max-image-preview":"max-image-preview:large","max-video-preview":"max-video-preview:-1"},"canonical":"https:\/\/www.meydan.tv\/az\/article\/hem-orus-sahelerimiz-elimizden-cixir-hem-de-tebietin-gozelliyini-mehv-edirler\/","og_locale":"az_AZ","og_type":"article","og_title":"\u201cH\u0259m \u00f6r\u00fc\u015f sah\u0259l\u0259rimiz \u0259limizd\u0259n \u00e7\u0131x\u0131r, h\u0259m d\u0259 t\u0259bi\u0259tin g\u00f6z\u0259lliyini m\u0259hv edirl\u0259r\u201d - MEYDAN.TV","og_description":"\u201cG\u0259l\u0259c\u0259kd\u0259 sel da\u015fq\u0131nlar\u0131 qa\u00e7\u0131lmazd\u0131r\u201d","og_url":"https:\/\/www.meydan.tv\/az\/article\/hem-orus-sahelerimiz-elimizden-cixir-hem-de-tebietin-gozelliyini-mehv-edirler\/","og_site_name":"MEYDAN.TV","article_published_time":"2019-11-20T14:12:05+00:00","og_image":[{"width":1048,"height":786,"url":"https:\/\/www.meydan.tv\/wp-content\/uploads\/image_from_ios_mfu8mio.png","type":"image\/png"}],"author":"user-manager","twitter_card":"summary_large_image","schema":{"@context":"https:\/\/schema.org","@graph":[{"@type":"Article","@id":"https:\/\/www.meydan.tv\/az\/article\/hem-orus-sahelerimiz-elimizden-cixir-hem-de-tebietin-gozelliyini-mehv-edirler\/#article","isPartOf":{"@id":"https:\/\/www.meydan.tv\/az\/article\/hem-orus-sahelerimiz-elimizden-cixir-hem-de-tebietin-gozelliyini-mehv-edirler\/"},"author":{"name":"user-manager","@id":"https:\/\/www.meydan.tv\/az\/#\/schema\/person\/10d11eccf6da3662cf5fdab9806ea91a"},"headline":"\u201cH\u0259m \u00f6r\u00fc\u015f sah\u0259l\u0259rimiz \u0259limizd\u0259n \u00e7\u0131x\u0131r, h\u0259m d\u0259 t\u0259bi\u0259tin g\u00f6z\u0259lliyini m\u0259hv edirl\u0259r\u201d","datePublished":"2019-11-20T14:12:05+00:00","mainEntityOfPage":{"@id":"https:\/\/www.meydan.tv\/az\/article\/hem-orus-sahelerimiz-elimizden-cixir-hem-de-tebietin-gozelliyini-mehv-edirler\/"},"wordCount":1206,"publisher":{"@id":"https:\/\/www.meydan.tv\/az\/#organization"},"image":{"@id":"https:\/\/www.meydan.tv\/az\/article\/hem-orus-sahelerimiz-elimizden-cixir-hem-de-tebietin-gozelliyini-mehv-edirler\/#primaryimage"},"thumbnailUrl":"https:\/\/www.meydan.tv\/wp-content\/uploads\/image_from_ios_mfu8mio.png","articleSection":["B\u00f6lg\u0259"],"inLanguage":"az"},{"@type":"WebPage","@id":"https:\/\/www.meydan.tv\/az\/article\/hem-orus-sahelerimiz-elimizden-cixir-hem-de-tebietin-gozelliyini-mehv-edirler\/","url":"https:\/\/www.meydan.tv\/az\/article\/hem-orus-sahelerimiz-elimizden-cixir-hem-de-tebietin-gozelliyini-mehv-edirler\/","name":"\u201cH\u0259m \u00f6r\u00fc\u015f sah\u0259l\u0259rimiz \u0259limizd\u0259n \u00e7\u0131x\u0131r, h\u0259m d\u0259 t\u0259bi\u0259tin g\u00f6z\u0259lliyini m\u0259hv edirl\u0259r\u201d - MEYDAN.TV","isPartOf":{"@id":"https:\/\/www.meydan.tv\/az\/#website"},"primaryImageOfPage":{"@id":"https:\/\/www.meydan.tv\/az\/article\/hem-orus-sahelerimiz-elimizden-cixir-hem-de-tebietin-gozelliyini-mehv-edirler\/#primaryimage"},"image":{"@id":"https:\/\/www.meydan.tv\/az\/article\/hem-orus-sahelerimiz-elimizden-cixir-hem-de-tebietin-gozelliyini-mehv-edirler\/#primaryimage"},"thumbnailUrl":"https:\/\/www.meydan.tv\/wp-content\/uploads\/image_from_ios_mfu8mio.png","datePublished":"2019-11-20T14:12:05+00:00","breadcrumb":{"@id":"https:\/\/www.meydan.tv\/az\/article\/hem-orus-sahelerimiz-elimizden-cixir-hem-de-tebietin-gozelliyini-mehv-edirler\/#breadcrumb"},"inLanguage":"az","potentialAction":[{"@type":"ReadAction","target":["https:\/\/www.meydan.tv\/az\/article\/hem-orus-sahelerimiz-elimizden-cixir-hem-de-tebietin-gozelliyini-mehv-edirler\/"]}]},{"@type":"ImageObject","inLanguage":"az","@id":"https:\/\/www.meydan.tv\/az\/article\/hem-orus-sahelerimiz-elimizden-cixir-hem-de-tebietin-gozelliyini-mehv-edirler\/#primaryimage","url":"https:\/\/www.meydan.tv\/wp-content\/uploads\/image_from_ios_mfu8mio.png","contentUrl":"https:\/\/www.meydan.tv\/wp-content\/uploads\/image_from_ios_mfu8mio.png","width":1048,"height":786,"caption":"Source: Foto: Meydan TV"},{"@type":"BreadcrumbList","@id":"https:\/\/www.meydan.tv\/az\/article\/hem-orus-sahelerimiz-elimizden-cixir-hem-de-tebietin-gozelliyini-mehv-edirler\/#breadcrumb","itemListElement":[{"@type":"ListItem","position":1,"name":"Ana s\u0259hif\u0259","item":"https:\/\/www.meydan.tv\/az\/"},{"@type":"ListItem","position":2,"name":"B\u00f6lg\u0259","item":"https:\/\/www.meydan.tv\/az\/section\/bolge\/"},{"@type":"ListItem","position":3,"name":"\u201cH\u0259m \u00f6r\u00fc\u015f sah\u0259l\u0259rimiz \u0259limizd\u0259n \u00e7\u0131x\u0131r, h\u0259m d\u0259 t\u0259bi\u0259tin g\u00f6z\u0259lliyini m\u0259hv edirl\u0259r\u201d"}]},{"@type":"WebSite","@id":"https:\/\/www.meydan.tv\/az\/#website","url":"https:\/\/www.meydan.tv\/az\/","name":"MEYDAN.TV","description":"Meydan TV Az\u0259rbaycan\u0131n media m\u0259kan\u0131ndak\u0131 alternativ s\u0259sidir","publisher":{"@id":"https:\/\/www.meydan.tv\/az\/#organization"},"potentialAction":[{"@type":"SearchAction","target":{"@type":"EntryPoint","urlTemplate":"https:\/\/www.meydan.tv\/az\/?s={search_term_string}"},"query-input":{"@type":"PropertyValueSpecification","valueRequired":true,"valueName":"search_term_string"}}],"inLanguage":"az"},{"@type":"Organization","@id":"https:\/\/www.meydan.tv\/az\/#organization","name":"Meydan TV","url":"https:\/\/www.meydan.tv\/az\/","logo":{"@type":"ImageObject","inLanguage":"az","@id":"https:\/\/www.meydan.tv\/az\/#\/schema\/logo\/image\/","url":"https:\/\/www.meydan.tv\/wp-content\/uploads\/2021\/07\/meydan-logo.svg","contentUrl":"https:\/\/www.meydan.tv\/wp-content\/uploads\/2021\/07\/meydan-logo.svg","width":195,"height":46,"caption":"Meydan TV"},"image":{"@id":"https:\/\/www.meydan.tv\/az\/#\/schema\/logo\/image\/"}},{"@type":"Person","@id":"https:\/\/www.meydan.tv\/az\/#\/schema\/person\/10d11eccf6da3662cf5fdab9806ea91a","name":"user-manager"}]}},"_links":{"self":[{"href":"https:\/\/www.meydan.tv\/az\/wp-json\/wp\/v2\/posts\/198018","targetHints":{"allow":["GET"]}}],"collection":[{"href":"https:\/\/www.meydan.tv\/az\/wp-json\/wp\/v2\/posts"}],"about":[{"href":"https:\/\/www.meydan.tv\/az\/wp-json\/wp\/v2\/types\/post"}],"author":[{"embeddable":true,"href":"https:\/\/www.meydan.tv\/az\/wp-json\/wp\/v2\/users\/11"}],"replies":[{"embeddable":true,"href":"https:\/\/www.meydan.tv\/az\/wp-json\/wp\/v2\/comments?post=198018"}],"version-history":[{"count":0,"href":"https:\/\/www.meydan.tv\/az\/wp-json\/wp\/v2\/posts\/198018\/revisions"}],"wp:featuredmedia":[{"embeddable":true,"href":"https:\/\/www.meydan.tv\/az\/wp-json\/wp\/v2\/media\/133314"}],"wp:attachment":[{"href":"https:\/\/www.meydan.tv\/az\/wp-json\/wp\/v2\/media?parent=198018"}],"wp:term":[{"taxonomy":"category","embeddable":true,"href":"https:\/\/www.meydan.tv\/az\/wp-json\/wp\/v2\/categories?post=198018"},{"taxonomy":"post_tag","embeddable":true,"href":"https:\/\/www.meydan.tv\/az\/wp-json\/wp\/v2\/tags?post=198018"}],"curies":[{"name":"wp","href":"https:\/\/api.w.org\/{rel}","templated":true}]}}