{"id":198006,"date":"2019-11-19T20:14:54","date_gmt":"2019-11-19T20:14:54","guid":{"rendered":"https:\/\/www.meydan.tv\/article\/turkiye-29-azerbaycan-vetendasi-olan-isid-doyuscusunu-deportasiya-edecek\/"},"modified":"2019-11-19T20:14:54","modified_gmt":"2019-11-19T20:14:54","slug":"turkiye-29-azerbaycan-vetendasi-olan-isid-doyuscusunu-deportasiya-edecek","status":"publish","type":"post","link":"https:\/\/www.meydan.tv\/az\/article\/turkiye-29-azerbaycan-vetendasi-olan-isid-doyuscusunu-deportasiya-edecek\/","title":{"rendered":"T\u00fcrkiy\u0259 29 Az\u0259rbaycan v\u0259t\u0259nda\u015f\u0131 olan \u0130\u015e\u0130D d\u00f6y\u00fc\u015f\u00e7\u00fcs\u00fcn\u00fc deportasiya ed\u0259c\u0259k"},"content":{"rendered":"<p>\n  <i><br \/>\n    Xarici v\u0259t\u0259nda\u015fl\u0131\u011fa sahib d\u00f6y\u00fc\u015f\u00e7\u00fcl\u0259r g\u00f6nd\u0259rm\u0259 m\u0259nt\u0259q\u0259l\u0259rind\u0259 saxlan\u0131l\u0131r<br \/>\n  <\/i>\n<\/p>\n<p>\n  Suriya m\u00fcnaqi\u015f\u0259sind\u0259 \u0130slam D\u00f6vl\u0259ti (\u0130\u015e\u0130D) t\u0259r\u0259fdar\u0131 olaraq sava\u015fm\u0131\u015f 29 az\u0259rbaycanl\u0131 T\u00fcrkiy\u0259d\u0259n deportasiya edil\u0259c\u0259k,- \u201cH\u00fcrriy\u0259t\u201d m\u0259lumat verib.\n<\/p>\n<p>\n  X\u0259b\u0259rd\u0259 qeyd edilir ki, geri g\u00f6nd\u0259ril\u0259c\u0259k xarici v\u0259t\u0259nda\u015fl\u0131\u011fa sahib \u0130\u015e\u0130D d\u00f6y\u00fc\u015f\u00e7\u00fcl\u0259ri g\u00f6nd\u0259rm\u0259 m\u0259nt\u0259q\u0259l\u0259rind\u0259 saxlan\u0131l\u0131rlar. Deportasiya siyah\u0131s\u0131nda Rusiyadan 99, Almaniyadan 17, Hollandiyadan 3, Fransada 2, AB\u015e-dan 2 n\u0259f\u0259rin ad\u0131n\u0131n oldu\u011fu bildirilir. Siyah\u0131da olan bir n\u0259f\u0259rin v\u0259t\u0259nsiz oldu\u011fu qeyd edilir.\n<\/p>\n<p>\n  T\u00fcrkiy\u0259 xarici v\u0259t\u0259nda\u015fl\u0131\u011fa sahib \u0130\u015e\u0130D d\u00f6y\u00fc\u015f\u00e7\u00fcl\u0259rini \u00f6lk\u0259l\u0259rin\u0259 g\u00f6nd\u0259rm\u0259y\u0259 ba\u015flark\u0259n, geri g\u00f6nd\u0259rm\u0259 m\u0259rk\u0259zind\u0259ki 959 \u0130\u015e\u0130D d\u00f6y\u00fc\u015f\u00e7\u00fcs\u00fcn\u00fcn 147-sinin ki\u00e7ik ya\u015fl\u0131 u\u015faq oldu\u011fu qeyd edilir.\n<\/p>\n<p>\n  U\u015faqlar\u0131n ana v\u0259 atalar\u0131n\u0131n Suriyadak\u0131 qar\u015f\u0131durmalarda \u00f6ld\u00fcr\u00fcld\u00fcy\u00fc v\u0259 ya itkin d\u00fc\u015fd\u00fcy\u00fc bildirilir.\n<\/p>\n<p>\n  T\u00fcrkiy\u0259 \u00f6lk\u0259d\u0259 saxlan\u0131lan \u0130\u015e\u0130D d\u00f6y\u00fc\u015f\u00e7\u00fcl\u0259rinin deportasiyas\u0131na ke\u00e7\u0259n ay Suriyan\u0131n \u015fimal-\u015f\u0259rqind\u0259 ba\u015flatd\u0131\u011f\u0131 h\u00fccum \u0259m\u0259liyyat\u0131 q\u0259rb d\u00f6vl\u0259tl\u0259ri t\u0259r\u0259find\u0259n q\u0131nand\u0131qdan sonra \u0259ld\u0259 olunmu\u015f at\u0259\u015fk\u0259s sazi\u015fin\u0259 \u0259sas\u0259n YPG k\u00fcrd d\u00f6y\u00fc\u015f\u00e7\u00fcl\u0259rinin Ankaran\u0131n qurmaq ist\u0259diyi \u201ct\u0259hl\u00fck\u0259siz b\u00f6lg\u0259\u201d-d\u0259n \u00e7\u0131xar\u0131lmas\u0131 problemi olduqdan sonra ba\u015flay\u0131b.<\/p>\n","protected":false},"excerpt":{"rendered":"<p>T\u00fcrkiy\u0259 xarici v\u0259t\u0259nda\u015fl\u0131\u011fa sahib \u0130\u015e\u0130D d\u00f6y\u00fc\u015f\u00e7\u00fcl\u0259rini \u00f6lk\u0259l\u0259rin\u0259 g\u00f6nd\u0259rm\u0259y\u0259 ba\u015flark\u0259n, geri g\u00f6nd\u0259rm\u0259 m\u0259rk\u0259zind\u0259ki 959 \u0130\u015e\u0130D d\u00f6y\u00fc\u015f\u00e7\u00fcs\u00fcn\u00fcn 147-sinin ki\u00e7ik ya\u015fl\u0131 u\u015faq oldu\u011fu qeyd edilir.<\/p>\n","protected":false},"author":11,"featured_media":126670,"comment_status":"closed","ping_status":"open","sticky":false,"template":"","format":"standard","meta":{"_acf_changed":false,"_sitemap_exclude":false,"_sitemap_priority":"","_sitemap_frequency":"","footnotes":""},"categories":[64],"tags":[],"class_list":["post-198006","post","type-post","status-publish","format-standard","has-post-thumbnail","hentry","category-dunya","infinite-scroll-item","generate-columns","tablet-grid-50","mobile-grid-100","grid-parent","grid-33","no-featured-image-padding"],"acf":[],"yoast_head":"<!-- This site is optimized with the Yoast SEO plugin v27.5 - https:\/\/yoast.com\/product\/yoast-seo-wordpress\/ -->\n<title>T\u00fcrkiy\u0259 29 Az\u0259rbaycan v\u0259t\u0259nda\u015f\u0131 olan \u0130\u015e\u0130D d\u00f6y\u00fc\u015f\u00e7\u00fcs\u00fcn\u00fc deportasiya ed\u0259c\u0259k - MEYDAN.TV<\/title>\n<meta name=\"robots\" content=\"index, follow, max-snippet:-1, max-image-preview:large, max-video-preview:-1\" \/>\n<link rel=\"canonical\" href=\"https:\/\/www.meydan.tv\/az\/article\/turkiye-29-azerbaycan-vetendasi-olan-isid-doyuscusunu-deportasiya-edecek\/\" \/>\n<meta property=\"og:locale\" content=\"az_AZ\" \/>\n<meta property=\"og:type\" content=\"article\" \/>\n<meta property=\"og:title\" content=\"T\u00fcrkiy\u0259 29 Az\u0259rbaycan v\u0259t\u0259nda\u015f\u0131 olan \u0130\u015e\u0130D d\u00f6y\u00fc\u015f\u00e7\u00fcs\u00fcn\u00fc deportasiya ed\u0259c\u0259k - MEYDAN.TV\" \/>\n<meta property=\"og:description\" content=\"T\u00fcrkiy\u0259 xarici v\u0259t\u0259nda\u015fl\u0131\u011fa sahib \u0130\u015e\u0130D d\u00f6y\u00fc\u015f\u00e7\u00fcl\u0259rini \u00f6lk\u0259l\u0259rin\u0259 g\u00f6nd\u0259rm\u0259y\u0259 ba\u015flark\u0259n, geri g\u00f6nd\u0259rm\u0259 m\u0259rk\u0259zind\u0259ki 959 \u0130\u015e\u0130D d\u00f6y\u00fc\u015f\u00e7\u00fcs\u00fcn\u00fcn 147-sinin ki\u00e7ik ya\u015fl\u0131 u\u015faq oldu\u011fu qeyd edilir.\" \/>\n<meta property=\"og:url\" content=\"https:\/\/www.meydan.tv\/az\/article\/turkiye-29-azerbaycan-vetendasi-olan-isid-doyuscusunu-deportasiya-edecek\/\" \/>\n<meta property=\"og:site_name\" content=\"MEYDAN.TV\" \/>\n<meta property=\"article:published_time\" content=\"2019-11-19T20:14:54+00:00\" \/>\n<meta property=\"og:image\" content=\"https:\/\/www.meydan.tv\/wp-content\/uploads\/h_52798174-725x490-1.jpg\" \/>\n\t<meta property=\"og:image:width\" content=\"725\" \/>\n\t<meta property=\"og:image:height\" content=\"490\" \/>\n\t<meta property=\"og:image:type\" content=\"image\/jpeg\" \/>\n<meta name=\"author\" content=\"user-manager\" \/>\n<meta name=\"twitter:card\" content=\"summary_large_image\" \/>\n<script type=\"application\/ld+json\" class=\"yoast-schema-graph\">{\"@context\":\"https:\\\/\\\/schema.org\",\"@graph\":[{\"@type\":\"Article\",\"@id\":\"https:\\\/\\\/www.meydan.tv\\\/az\\\/article\\\/turkiye-29-azerbaycan-vetendasi-olan-isid-doyuscusunu-deportasiya-edecek\\\/#article\",\"isPartOf\":{\"@id\":\"https:\\\/\\\/www.meydan.tv\\\/az\\\/article\\\/turkiye-29-azerbaycan-vetendasi-olan-isid-doyuscusunu-deportasiya-edecek\\\/\"},\"author\":{\"name\":\"user-manager\",\"@id\":\"https:\\\/\\\/www.meydan.tv\\\/az\\\/#\\\/schema\\\/person\\\/10d11eccf6da3662cf5fdab9806ea91a\"},\"headline\":\"T\u00fcrkiy\u0259 29 Az\u0259rbaycan v\u0259t\u0259nda\u015f\u0131 olan \u0130\u015e\u0130D d\u00f6y\u00fc\u015f\u00e7\u00fcs\u00fcn\u00fc deportasiya ed\u0259c\u0259k\",\"datePublished\":\"2019-11-19T20:14:54+00:00\",\"mainEntityOfPage\":{\"@id\":\"https:\\\/\\\/www.meydan.tv\\\/az\\\/article\\\/turkiye-29-azerbaycan-vetendasi-olan-isid-doyuscusunu-deportasiya-edecek\\\/\"},\"wordCount\":287,\"publisher\":{\"@id\":\"https:\\\/\\\/www.meydan.tv\\\/az\\\/#organization\"},\"image\":{\"@id\":\"https:\\\/\\\/www.meydan.tv\\\/az\\\/article\\\/turkiye-29-azerbaycan-vetendasi-olan-isid-doyuscusunu-deportasiya-edecek\\\/#primaryimage\"},\"thumbnailUrl\":\"https:\\\/\\\/www.meydan.tv\\\/wp-content\\\/uploads\\\/h_52798174-725x490-1.jpg\",\"articleSection\":[\"D\u00fcnya\"],\"inLanguage\":\"az\"},{\"@type\":\"WebPage\",\"@id\":\"https:\\\/\\\/www.meydan.tv\\\/az\\\/article\\\/turkiye-29-azerbaycan-vetendasi-olan-isid-doyuscusunu-deportasiya-edecek\\\/\",\"url\":\"https:\\\/\\\/www.meydan.tv\\\/az\\\/article\\\/turkiye-29-azerbaycan-vetendasi-olan-isid-doyuscusunu-deportasiya-edecek\\\/\",\"name\":\"T\u00fcrkiy\u0259 29 Az\u0259rbaycan v\u0259t\u0259nda\u015f\u0131 olan \u0130\u015e\u0130D d\u00f6y\u00fc\u015f\u00e7\u00fcs\u00fcn\u00fc deportasiya ed\u0259c\u0259k - MEYDAN.TV\",\"isPartOf\":{\"@id\":\"https:\\\/\\\/www.meydan.tv\\\/az\\\/#website\"},\"primaryImageOfPage\":{\"@id\":\"https:\\\/\\\/www.meydan.tv\\\/az\\\/article\\\/turkiye-29-azerbaycan-vetendasi-olan-isid-doyuscusunu-deportasiya-edecek\\\/#primaryimage\"},\"image\":{\"@id\":\"https:\\\/\\\/www.meydan.tv\\\/az\\\/article\\\/turkiye-29-azerbaycan-vetendasi-olan-isid-doyuscusunu-deportasiya-edecek\\\/#primaryimage\"},\"thumbnailUrl\":\"https:\\\/\\\/www.meydan.tv\\\/wp-content\\\/uploads\\\/h_52798174-725x490-1.jpg\",\"datePublished\":\"2019-11-19T20:14:54+00:00\",\"breadcrumb\":{\"@id\":\"https:\\\/\\\/www.meydan.tv\\\/az\\\/article\\\/turkiye-29-azerbaycan-vetendasi-olan-isid-doyuscusunu-deportasiya-edecek\\\/#breadcrumb\"},\"inLanguage\":\"az\",\"potentialAction\":[{\"@type\":\"ReadAction\",\"target\":[\"https:\\\/\\\/www.meydan.tv\\\/az\\\/article\\\/turkiye-29-azerbaycan-vetendasi-olan-isid-doyuscusunu-deportasiya-edecek\\\/\"]}]},{\"@type\":\"ImageObject\",\"inLanguage\":\"az\",\"@id\":\"https:\\\/\\\/www.meydan.tv\\\/az\\\/article\\\/turkiye-29-azerbaycan-vetendasi-olan-isid-doyuscusunu-deportasiya-edecek\\\/#primaryimage\",\"url\":\"https:\\\/\\\/www.meydan.tv\\\/wp-content\\\/uploads\\\/h_52798174-725x490-1.jpg\",\"contentUrl\":\"https:\\\/\\\/www.meydan.tv\\\/wp-content\\\/uploads\\\/h_52798174-725x490-1.jpg\",\"width\":725,\"height\":490,\"caption\":\"Source: Google\"},{\"@type\":\"BreadcrumbList\",\"@id\":\"https:\\\/\\\/www.meydan.tv\\\/az\\\/article\\\/turkiye-29-azerbaycan-vetendasi-olan-isid-doyuscusunu-deportasiya-edecek\\\/#breadcrumb\",\"itemListElement\":[{\"@type\":\"ListItem\",\"position\":1,\"name\":\"Ana s\u0259hif\u0259\",\"item\":\"https:\\\/\\\/www.meydan.tv\\\/az\\\/\"},{\"@type\":\"ListItem\",\"position\":2,\"name\":\"D\u00fcnya\",\"item\":\"https:\\\/\\\/www.meydan.tv\\\/az\\\/section\\\/dunya\\\/\"},{\"@type\":\"ListItem\",\"position\":3,\"name\":\"T\u00fcrkiy\u0259 29 Az\u0259rbaycan v\u0259t\u0259nda\u015f\u0131 olan \u0130\u015e\u0130D d\u00f6y\u00fc\u015f\u00e7\u00fcs\u00fcn\u00fc deportasiya ed\u0259c\u0259k\"}]},{\"@type\":\"WebSite\",\"@id\":\"https:\\\/\\\/www.meydan.tv\\\/az\\\/#website\",\"url\":\"https:\\\/\\\/www.meydan.tv\\\/az\\\/\",\"name\":\"MEYDAN.TV\",\"description\":\"Meydan TV Az\u0259rbaycan\u0131n media m\u0259kan\u0131ndak\u0131 alternativ s\u0259sidir\",\"publisher\":{\"@id\":\"https:\\\/\\\/www.meydan.tv\\\/az\\\/#organization\"},\"potentialAction\":[{\"@type\":\"SearchAction\",\"target\":{\"@type\":\"EntryPoint\",\"urlTemplate\":\"https:\\\/\\\/www.meydan.tv\\\/az\\\/?s={search_term_string}\"},\"query-input\":{\"@type\":\"PropertyValueSpecification\",\"valueRequired\":true,\"valueName\":\"search_term_string\"}}],\"inLanguage\":\"az\"},{\"@type\":\"Organization\",\"@id\":\"https:\\\/\\\/www.meydan.tv\\\/az\\\/#organization\",\"name\":\"Meydan TV\",\"url\":\"https:\\\/\\\/www.meydan.tv\\\/az\\\/\",\"logo\":{\"@type\":\"ImageObject\",\"inLanguage\":\"az\",\"@id\":\"https:\\\/\\\/www.meydan.tv\\\/az\\\/#\\\/schema\\\/logo\\\/image\\\/\",\"url\":\"https:\\\/\\\/www.meydan.tv\\\/wp-content\\\/uploads\\\/2021\\\/07\\\/meydan-logo.svg\",\"contentUrl\":\"https:\\\/\\\/www.meydan.tv\\\/wp-content\\\/uploads\\\/2021\\\/07\\\/meydan-logo.svg\",\"width\":195,\"height\":46,\"caption\":\"Meydan TV\"},\"image\":{\"@id\":\"https:\\\/\\\/www.meydan.tv\\\/az\\\/#\\\/schema\\\/logo\\\/image\\\/\"}},{\"@type\":\"Person\",\"@id\":\"https:\\\/\\\/www.meydan.tv\\\/az\\\/#\\\/schema\\\/person\\\/10d11eccf6da3662cf5fdab9806ea91a\",\"name\":\"user-manager\"}]}<\/script>\n<!-- \/ Yoast SEO plugin. -->","yoast_head_json":{"title":"T\u00fcrkiy\u0259 29 Az\u0259rbaycan v\u0259t\u0259nda\u015f\u0131 olan \u0130\u015e\u0130D d\u00f6y\u00fc\u015f\u00e7\u00fcs\u00fcn\u00fc deportasiya ed\u0259c\u0259k - MEYDAN.TV","robots":{"index":"index","follow":"follow","max-snippet":"max-snippet:-1","max-image-preview":"max-image-preview:large","max-video-preview":"max-video-preview:-1"},"canonical":"https:\/\/www.meydan.tv\/az\/article\/turkiye-29-azerbaycan-vetendasi-olan-isid-doyuscusunu-deportasiya-edecek\/","og_locale":"az_AZ","og_type":"article","og_title":"T\u00fcrkiy\u0259 29 Az\u0259rbaycan v\u0259t\u0259nda\u015f\u0131 olan \u0130\u015e\u0130D d\u00f6y\u00fc\u015f\u00e7\u00fcs\u00fcn\u00fc deportasiya ed\u0259c\u0259k - MEYDAN.TV","og_description":"T\u00fcrkiy\u0259 xarici v\u0259t\u0259nda\u015fl\u0131\u011fa sahib \u0130\u015e\u0130D d\u00f6y\u00fc\u015f\u00e7\u00fcl\u0259rini \u00f6lk\u0259l\u0259rin\u0259 g\u00f6nd\u0259rm\u0259y\u0259 ba\u015flark\u0259n, geri g\u00f6nd\u0259rm\u0259 m\u0259rk\u0259zind\u0259ki 959 \u0130\u015e\u0130D d\u00f6y\u00fc\u015f\u00e7\u00fcs\u00fcn\u00fcn 147-sinin ki\u00e7ik ya\u015fl\u0131 u\u015faq oldu\u011fu qeyd edilir.","og_url":"https:\/\/www.meydan.tv\/az\/article\/turkiye-29-azerbaycan-vetendasi-olan-isid-doyuscusunu-deportasiya-edecek\/","og_site_name":"MEYDAN.TV","article_published_time":"2019-11-19T20:14:54+00:00","og_image":[{"width":725,"height":490,"url":"https:\/\/www.meydan.tv\/wp-content\/uploads\/h_52798174-725x490-1.jpg","type":"image\/jpeg"}],"author":"user-manager","twitter_card":"summary_large_image","schema":{"@context":"https:\/\/schema.org","@graph":[{"@type":"Article","@id":"https:\/\/www.meydan.tv\/az\/article\/turkiye-29-azerbaycan-vetendasi-olan-isid-doyuscusunu-deportasiya-edecek\/#article","isPartOf":{"@id":"https:\/\/www.meydan.tv\/az\/article\/turkiye-29-azerbaycan-vetendasi-olan-isid-doyuscusunu-deportasiya-edecek\/"},"author":{"name":"user-manager","@id":"https:\/\/www.meydan.tv\/az\/#\/schema\/person\/10d11eccf6da3662cf5fdab9806ea91a"},"headline":"T\u00fcrkiy\u0259 29 Az\u0259rbaycan v\u0259t\u0259nda\u015f\u0131 olan \u0130\u015e\u0130D d\u00f6y\u00fc\u015f\u00e7\u00fcs\u00fcn\u00fc deportasiya ed\u0259c\u0259k","datePublished":"2019-11-19T20:14:54+00:00","mainEntityOfPage":{"@id":"https:\/\/www.meydan.tv\/az\/article\/turkiye-29-azerbaycan-vetendasi-olan-isid-doyuscusunu-deportasiya-edecek\/"},"wordCount":287,"publisher":{"@id":"https:\/\/www.meydan.tv\/az\/#organization"},"image":{"@id":"https:\/\/www.meydan.tv\/az\/article\/turkiye-29-azerbaycan-vetendasi-olan-isid-doyuscusunu-deportasiya-edecek\/#primaryimage"},"thumbnailUrl":"https:\/\/www.meydan.tv\/wp-content\/uploads\/h_52798174-725x490-1.jpg","articleSection":["D\u00fcnya"],"inLanguage":"az"},{"@type":"WebPage","@id":"https:\/\/www.meydan.tv\/az\/article\/turkiye-29-azerbaycan-vetendasi-olan-isid-doyuscusunu-deportasiya-edecek\/","url":"https:\/\/www.meydan.tv\/az\/article\/turkiye-29-azerbaycan-vetendasi-olan-isid-doyuscusunu-deportasiya-edecek\/","name":"T\u00fcrkiy\u0259 29 Az\u0259rbaycan v\u0259t\u0259nda\u015f\u0131 olan \u0130\u015e\u0130D d\u00f6y\u00fc\u015f\u00e7\u00fcs\u00fcn\u00fc deportasiya ed\u0259c\u0259k - MEYDAN.TV","isPartOf":{"@id":"https:\/\/www.meydan.tv\/az\/#website"},"primaryImageOfPage":{"@id":"https:\/\/www.meydan.tv\/az\/article\/turkiye-29-azerbaycan-vetendasi-olan-isid-doyuscusunu-deportasiya-edecek\/#primaryimage"},"image":{"@id":"https:\/\/www.meydan.tv\/az\/article\/turkiye-29-azerbaycan-vetendasi-olan-isid-doyuscusunu-deportasiya-edecek\/#primaryimage"},"thumbnailUrl":"https:\/\/www.meydan.tv\/wp-content\/uploads\/h_52798174-725x490-1.jpg","datePublished":"2019-11-19T20:14:54+00:00","breadcrumb":{"@id":"https:\/\/www.meydan.tv\/az\/article\/turkiye-29-azerbaycan-vetendasi-olan-isid-doyuscusunu-deportasiya-edecek\/#breadcrumb"},"inLanguage":"az","potentialAction":[{"@type":"ReadAction","target":["https:\/\/www.meydan.tv\/az\/article\/turkiye-29-azerbaycan-vetendasi-olan-isid-doyuscusunu-deportasiya-edecek\/"]}]},{"@type":"ImageObject","inLanguage":"az","@id":"https:\/\/www.meydan.tv\/az\/article\/turkiye-29-azerbaycan-vetendasi-olan-isid-doyuscusunu-deportasiya-edecek\/#primaryimage","url":"https:\/\/www.meydan.tv\/wp-content\/uploads\/h_52798174-725x490-1.jpg","contentUrl":"https:\/\/www.meydan.tv\/wp-content\/uploads\/h_52798174-725x490-1.jpg","width":725,"height":490,"caption":"Source: Google"},{"@type":"BreadcrumbList","@id":"https:\/\/www.meydan.tv\/az\/article\/turkiye-29-azerbaycan-vetendasi-olan-isid-doyuscusunu-deportasiya-edecek\/#breadcrumb","itemListElement":[{"@type":"ListItem","position":1,"name":"Ana s\u0259hif\u0259","item":"https:\/\/www.meydan.tv\/az\/"},{"@type":"ListItem","position":2,"name":"D\u00fcnya","item":"https:\/\/www.meydan.tv\/az\/section\/dunya\/"},{"@type":"ListItem","position":3,"name":"T\u00fcrkiy\u0259 29 Az\u0259rbaycan v\u0259t\u0259nda\u015f\u0131 olan \u0130\u015e\u0130D d\u00f6y\u00fc\u015f\u00e7\u00fcs\u00fcn\u00fc deportasiya ed\u0259c\u0259k"}]},{"@type":"WebSite","@id":"https:\/\/www.meydan.tv\/az\/#website","url":"https:\/\/www.meydan.tv\/az\/","name":"MEYDAN.TV","description":"Meydan TV Az\u0259rbaycan\u0131n media m\u0259kan\u0131ndak\u0131 alternativ s\u0259sidir","publisher":{"@id":"https:\/\/www.meydan.tv\/az\/#organization"},"potentialAction":[{"@type":"SearchAction","target":{"@type":"EntryPoint","urlTemplate":"https:\/\/www.meydan.tv\/az\/?s={search_term_string}"},"query-input":{"@type":"PropertyValueSpecification","valueRequired":true,"valueName":"search_term_string"}}],"inLanguage":"az"},{"@type":"Organization","@id":"https:\/\/www.meydan.tv\/az\/#organization","name":"Meydan TV","url":"https:\/\/www.meydan.tv\/az\/","logo":{"@type":"ImageObject","inLanguage":"az","@id":"https:\/\/www.meydan.tv\/az\/#\/schema\/logo\/image\/","url":"https:\/\/www.meydan.tv\/wp-content\/uploads\/2021\/07\/meydan-logo.svg","contentUrl":"https:\/\/www.meydan.tv\/wp-content\/uploads\/2021\/07\/meydan-logo.svg","width":195,"height":46,"caption":"Meydan TV"},"image":{"@id":"https:\/\/www.meydan.tv\/az\/#\/schema\/logo\/image\/"}},{"@type":"Person","@id":"https:\/\/www.meydan.tv\/az\/#\/schema\/person\/10d11eccf6da3662cf5fdab9806ea91a","name":"user-manager"}]}},"_links":{"self":[{"href":"https:\/\/www.meydan.tv\/az\/wp-json\/wp\/v2\/posts\/198006","targetHints":{"allow":["GET"]}}],"collection":[{"href":"https:\/\/www.meydan.tv\/az\/wp-json\/wp\/v2\/posts"}],"about":[{"href":"https:\/\/www.meydan.tv\/az\/wp-json\/wp\/v2\/types\/post"}],"author":[{"embeddable":true,"href":"https:\/\/www.meydan.tv\/az\/wp-json\/wp\/v2\/users\/11"}],"replies":[{"embeddable":true,"href":"https:\/\/www.meydan.tv\/az\/wp-json\/wp\/v2\/comments?post=198006"}],"version-history":[{"count":0,"href":"https:\/\/www.meydan.tv\/az\/wp-json\/wp\/v2\/posts\/198006\/revisions"}],"wp:featuredmedia":[{"embeddable":true,"href":"https:\/\/www.meydan.tv\/az\/wp-json\/wp\/v2\/media\/126670"}],"wp:attachment":[{"href":"https:\/\/www.meydan.tv\/az\/wp-json\/wp\/v2\/media?parent=198006"}],"wp:term":[{"taxonomy":"category","embeddable":true,"href":"https:\/\/www.meydan.tv\/az\/wp-json\/wp\/v2\/categories?post=198006"},{"taxonomy":"post_tag","embeddable":true,"href":"https:\/\/www.meydan.tv\/az\/wp-json\/wp\/v2\/tags?post=198006"}],"curies":[{"name":"wp","href":"https:\/\/api.w.org\/{rel}","templated":true}]}}