{"id":198005,"date":"2019-11-19T19:58:36","date_gmt":"2019-11-19T19:58:36","guid":{"rendered":"https:\/\/www.meydan.tv\/article\/isvec-julian-assanja-qarsi-tecavuz-istintaqini-dayandirib\/"},"modified":"2019-11-19T19:58:36","modified_gmt":"2019-11-19T19:58:36","slug":"isvec-julian-assanja-qarsi-tecavuz-istintaqini-dayandirib","status":"publish","type":"post","link":"https:\/\/www.meydan.tv\/az\/article\/isvec-julian-assanja-qarsi-tecavuz-istintaqini-dayandirib\/","title":{"rendered":"\u0130sve\u00e7 Julian Assanja qar\u015f\u0131 t\u0259cav\u00fcz istintaq\u0131n\u0131 dayand\u0131r\u0131b"},"content":{"rendered":"<p>\n  <i><br \/>\n    Haz\u0131rda o, Londonda yerl\u0259\u015f\u0259n Belmar\u015f h\u0259bsxanas\u0131nda saxlan\u0131l\u0131r<br \/>\n  <\/i>\n<\/p>\n<p>\n  \u0130sve\u00e7 prokurorlar\u0131 2010-cu ild\u0259 \u201cWikileaks\u201d-in h\u0259mt\u0259sis\u00e7isi Julian Assanja (Assange) qar\u015f\u0131 qald\u0131r\u0131lm\u0131\u015f t\u0259cav\u00fcz iddias\u0131 il\u0259 ba\u011fl\u0131 istintaq\u0131 dayand\u0131r\u0131b, &#8211; BBC x\u0259b\u0259r verir.\n<\/p>\n<p>\n  \u0130ttihamlar\u0131 r\u0259dd ed\u0259n Assanj 2012-ci ild\u0259 \u0130sve\u00e7\u0259 ekstradisiya edilm\u0259m\u0259k \u00fc\u00e7\u00fcn Londonda Ekvador s\u0259firliyin\u0259 s\u0131\u011f\u0131n\u0131b v\u0259 yeddi il \u0259rzind\u0259 burada qal\u0131b.\n<\/p>\n<p>\n  48 ya\u015fl\u0131 avstraliyal\u0131 aprel ay\u0131nda m\u0259hk\u0259m\u0259 q\u0259rar\u0131yla s\u0259firlikd\u0259n \u00e7\u0131xard\u0131l\u0131b v\u0259 girov \u015f\u0259rtl\u0259rini pozdu\u011funa g\u00f6r\u0259 50 h\u0259ft\u0259 h\u0259bs c\u0259zas\u0131na m\u0259hkum edilib.\n<\/p>\n<p>\n  Haz\u0131rda o, Londonda yerl\u0259\u015f\u0259n Belmar\u015f h\u0259bsxanas\u0131nda saxlan\u0131l\u0131r.\n<\/p>\n<p>\n  \u0130sve\u00e7 istintaq\u0131 2017-ci ild\u0259 durdurulmu\u015fdu. Lakin Assanj bu ilin \u0259vv\u0259lind\u0259 s\u0259firlikd\u0259n \u00e7\u0131xar\u0131ld\u0131qdan sonra istintaq yenid\u0259n a\u00e7\u0131l\u0131b.\n<\/p>\n<p>\n  \u0130yunda \u0130ngilt\u0259r\u0259nin o zamank\u0131 daxili i\u015fl\u0259r naziri S\u0259id Cavid (Sajid Javed) AB\u015e-\u0131n Assanj\u0131n ekstradisiyas\u0131 il\u0259 ba\u011fl\u0131 t\u0259l\u0259bini r\u0259smi olaraq t\u0259sdiql\u0259mi\u015fdi.\n<\/p>\n<p>\n  \u0130sve\u00e7 Prokurorlu\u011funun verdiyi m\u0259lumata g\u00f6r\u0259, prokurorlu\u011fun direktor m\u00fcavini Eva-Marie Persson Julian Assanj il\u0259 ba\u011fl\u0131 istintaq\u0131n dayand\u0131r\u0131lmas\u0131 q\u0259rar\u0131n\u0131 al\u0131b.\n<\/p>\n<p>\n  \u201cBu q\u0259rar onunla ba\u011fl\u0131d\u0131r ki, hadis\u0259l\u0259rd\u0259n uzun m\u00fcdd\u0259t ke\u00e7ib v\u0259 bu s\u0259b\u0259bd\u0259n s\u00fcbutlar \u0259h\u0259miyy\u0259tini itirib\u201d,- dey\u0259 o \u0259lav\u0259 edib.\n<\/p>\n<p>\n  Persson deyib: \u201cZ\u0259r\u0259r\u00e7\u0259k\u0259n t\u0259r\u0259fin hadis\u0259l\u0259rin etibarl\u0131 versiyas\u0131n\u0131 t\u0259qdim etdiyini vur\u011fulamaq ist\u0259rdim\u201d.\n<\/p>\n<p>\n  \u201cOnun ifad\u0259l\u0259ri ard\u0131c\u0131l, geni\u015f v\u0259 detall\u0131d\u0131r; lakin m\u0259nim \u00fcmumi d\u0259y\u0259rl\u0259ndirm\u0259m odur ki, s\u00fcbutlar z\u0259ifdir v\u0259 istintaq\u0131 davam etdirm\u0259k \u00fc\u00e7\u00fcn he\u00e7 bir s\u0259b\u0259b yoxdur\u201d.\n<\/p>\n<p>\n  Prokurorlar deyib ki, q\u0259rar yeddi \u015fahidl\u0259 g\u00f6r\u00fc\u015fd\u00fckd\u0259n sonra verilib.\n<\/p>\n<p>\n  Assanj 2010-cu ild\u0259 Stokholmda ke\u00e7iril\u0259n \u201cWikileaks\u201d konfrans\u0131ndan sonra bir qad\u0131na t\u0259cav\u00fcz etm\u0259kd\u0259 v\u0259 dig\u0259rini cinsi q\u0131snamaqda g\u00fcnahland\u0131r\u0131l\u0131r. O, iddialar\u0131 r\u0259dd edir.<\/p>\n","protected":false},"excerpt":{"rendered":"<p>48 ya\u015fl\u0131 avstraliyal\u0131 aprel ay\u0131nda m\u0259hk\u0259m\u0259 q\u0259rar\u0131yla s\u0259firlikd\u0259n \u00e7\u0131xard\u0131l\u0131b v\u0259 girov \u015f\u0259rtl\u0259rini pozdu\u011funa g\u00f6r\u0259 50 h\u0259ft\u0259 h\u0259bs c\u0259zas\u0131na m\u0259hkum edilib.<\/p>\n","protected":false},"author":11,"featured_media":133263,"comment_status":"closed","ping_status":"open","sticky":false,"template":"","format":"standard","meta":{"_acf_changed":false,"_sitemap_exclude":false,"_sitemap_priority":"","_sitemap_frequency":"","footnotes":""},"categories":[64],"tags":[],"class_list":["post-198005","post","type-post","status-publish","format-standard","has-post-thumbnail","hentry","category-dunya","infinite-scroll-item","generate-columns","tablet-grid-50","mobile-grid-100","grid-parent","grid-33","no-featured-image-padding"],"acf":[],"yoast_head":"<!-- This site is optimized with the Yoast SEO plugin v27.5 - https:\/\/yoast.com\/product\/yoast-seo-wordpress\/ -->\n<title>\u0130sve\u00e7 Julian Assanja qar\u015f\u0131 t\u0259cav\u00fcz istintaq\u0131n\u0131 dayand\u0131r\u0131b - MEYDAN.TV<\/title>\n<meta name=\"robots\" content=\"index, follow, max-snippet:-1, max-image-preview:large, max-video-preview:-1\" \/>\n<link rel=\"canonical\" href=\"https:\/\/www.meydan.tv\/az\/article\/isvec-julian-assanja-qarsi-tecavuz-istintaqini-dayandirib\/\" \/>\n<meta property=\"og:locale\" content=\"az_AZ\" \/>\n<meta property=\"og:type\" content=\"article\" \/>\n<meta property=\"og:title\" content=\"\u0130sve\u00e7 Julian Assanja qar\u015f\u0131 t\u0259cav\u00fcz istintaq\u0131n\u0131 dayand\u0131r\u0131b - MEYDAN.TV\" \/>\n<meta property=\"og:description\" content=\"48 ya\u015fl\u0131 avstraliyal\u0131 aprel ay\u0131nda m\u0259hk\u0259m\u0259 q\u0259rar\u0131yla s\u0259firlikd\u0259n \u00e7\u0131xard\u0131l\u0131b v\u0259 girov \u015f\u0259rtl\u0259rini pozdu\u011funa g\u00f6r\u0259 50 h\u0259ft\u0259 h\u0259bs c\u0259zas\u0131na m\u0259hkum edilib.\" \/>\n<meta property=\"og:url\" content=\"https:\/\/www.meydan.tv\/az\/article\/isvec-julian-assanja-qarsi-tecavuz-istintaqini-dayandirib\/\" \/>\n<meta property=\"og:site_name\" content=\"MEYDAN.TV\" \/>\n<meta property=\"article:published_time\" content=\"2019-11-19T19:58:36+00:00\" \/>\n<meta property=\"og:image\" content=\"https:\/\/www.meydan.tv\/wp-content\/uploads\/1_7e6uclbqc2ute_nd6kzobq.jpeg\" \/>\n\t<meta property=\"og:image:width\" content=\"1368\" \/>\n\t<meta property=\"og:image:height\" content=\"912\" \/>\n\t<meta property=\"og:image:type\" content=\"image\/jpeg\" \/>\n<meta name=\"author\" content=\"user-manager\" \/>\n<meta name=\"twitter:card\" content=\"summary_large_image\" \/>\n<script type=\"application\/ld+json\" class=\"yoast-schema-graph\">{\"@context\":\"https:\\\/\\\/schema.org\",\"@graph\":[{\"@type\":\"Article\",\"@id\":\"https:\\\/\\\/www.meydan.tv\\\/az\\\/article\\\/isvec-julian-assanja-qarsi-tecavuz-istintaqini-dayandirib\\\/#article\",\"isPartOf\":{\"@id\":\"https:\\\/\\\/www.meydan.tv\\\/az\\\/article\\\/isvec-julian-assanja-qarsi-tecavuz-istintaqini-dayandirib\\\/\"},\"author\":{\"name\":\"user-manager\",\"@id\":\"https:\\\/\\\/www.meydan.tv\\\/az\\\/#\\\/schema\\\/person\\\/10d11eccf6da3662cf5fdab9806ea91a\"},\"headline\":\"\u0130sve\u00e7 Julian Assanja qar\u015f\u0131 t\u0259cav\u00fcz istintaq\u0131n\u0131 dayand\u0131r\u0131b\",\"datePublished\":\"2019-11-19T19:58:36+00:00\",\"mainEntityOfPage\":{\"@id\":\"https:\\\/\\\/www.meydan.tv\\\/az\\\/article\\\/isvec-julian-assanja-qarsi-tecavuz-istintaqini-dayandirib\\\/\"},\"wordCount\":373,\"publisher\":{\"@id\":\"https:\\\/\\\/www.meydan.tv\\\/az\\\/#organization\"},\"image\":{\"@id\":\"https:\\\/\\\/www.meydan.tv\\\/az\\\/article\\\/isvec-julian-assanja-qarsi-tecavuz-istintaqini-dayandirib\\\/#primaryimage\"},\"thumbnailUrl\":\"https:\\\/\\\/www.meydan.tv\\\/wp-content\\\/uploads\\\/1_7e6uclbqc2ute_nd6kzobq.jpeg\",\"articleSection\":[\"D\u00fcnya\"],\"inLanguage\":\"az\"},{\"@type\":\"WebPage\",\"@id\":\"https:\\\/\\\/www.meydan.tv\\\/az\\\/article\\\/isvec-julian-assanja-qarsi-tecavuz-istintaqini-dayandirib\\\/\",\"url\":\"https:\\\/\\\/www.meydan.tv\\\/az\\\/article\\\/isvec-julian-assanja-qarsi-tecavuz-istintaqini-dayandirib\\\/\",\"name\":\"\u0130sve\u00e7 Julian Assanja qar\u015f\u0131 t\u0259cav\u00fcz istintaq\u0131n\u0131 dayand\u0131r\u0131b - MEYDAN.TV\",\"isPartOf\":{\"@id\":\"https:\\\/\\\/www.meydan.tv\\\/az\\\/#website\"},\"primaryImageOfPage\":{\"@id\":\"https:\\\/\\\/www.meydan.tv\\\/az\\\/article\\\/isvec-julian-assanja-qarsi-tecavuz-istintaqini-dayandirib\\\/#primaryimage\"},\"image\":{\"@id\":\"https:\\\/\\\/www.meydan.tv\\\/az\\\/article\\\/isvec-julian-assanja-qarsi-tecavuz-istintaqini-dayandirib\\\/#primaryimage\"},\"thumbnailUrl\":\"https:\\\/\\\/www.meydan.tv\\\/wp-content\\\/uploads\\\/1_7e6uclbqc2ute_nd6kzobq.jpeg\",\"datePublished\":\"2019-11-19T19:58:36+00:00\",\"breadcrumb\":{\"@id\":\"https:\\\/\\\/www.meydan.tv\\\/az\\\/article\\\/isvec-julian-assanja-qarsi-tecavuz-istintaqini-dayandirib\\\/#breadcrumb\"},\"inLanguage\":\"az\",\"potentialAction\":[{\"@type\":\"ReadAction\",\"target\":[\"https:\\\/\\\/www.meydan.tv\\\/az\\\/article\\\/isvec-julian-assanja-qarsi-tecavuz-istintaqini-dayandirib\\\/\"]}]},{\"@type\":\"ImageObject\",\"inLanguage\":\"az\",\"@id\":\"https:\\\/\\\/www.meydan.tv\\\/az\\\/article\\\/isvec-julian-assanja-qarsi-tecavuz-istintaqini-dayandirib\\\/#primaryimage\",\"url\":\"https:\\\/\\\/www.meydan.tv\\\/wp-content\\\/uploads\\\/1_7e6uclbqc2ute_nd6kzobq.jpeg\",\"contentUrl\":\"https:\\\/\\\/www.meydan.tv\\\/wp-content\\\/uploads\\\/1_7e6uclbqc2ute_nd6kzobq.jpeg\",\"width\":1368,\"height\":912,\"caption\":\"Source: Foto: arxiv\"},{\"@type\":\"BreadcrumbList\",\"@id\":\"https:\\\/\\\/www.meydan.tv\\\/az\\\/article\\\/isvec-julian-assanja-qarsi-tecavuz-istintaqini-dayandirib\\\/#breadcrumb\",\"itemListElement\":[{\"@type\":\"ListItem\",\"position\":1,\"name\":\"Ana s\u0259hif\u0259\",\"item\":\"https:\\\/\\\/www.meydan.tv\\\/az\\\/\"},{\"@type\":\"ListItem\",\"position\":2,\"name\":\"D\u00fcnya\",\"item\":\"https:\\\/\\\/www.meydan.tv\\\/az\\\/section\\\/dunya\\\/\"},{\"@type\":\"ListItem\",\"position\":3,\"name\":\"\u0130sve\u00e7 Julian Assanja qar\u015f\u0131 t\u0259cav\u00fcz istintaq\u0131n\u0131 dayand\u0131r\u0131b\"}]},{\"@type\":\"WebSite\",\"@id\":\"https:\\\/\\\/www.meydan.tv\\\/az\\\/#website\",\"url\":\"https:\\\/\\\/www.meydan.tv\\\/az\\\/\",\"name\":\"MEYDAN.TV\",\"description\":\"Meydan TV Az\u0259rbaycan\u0131n media m\u0259kan\u0131ndak\u0131 alternativ s\u0259sidir\",\"publisher\":{\"@id\":\"https:\\\/\\\/www.meydan.tv\\\/az\\\/#organization\"},\"potentialAction\":[{\"@type\":\"SearchAction\",\"target\":{\"@type\":\"EntryPoint\",\"urlTemplate\":\"https:\\\/\\\/www.meydan.tv\\\/az\\\/?s={search_term_string}\"},\"query-input\":{\"@type\":\"PropertyValueSpecification\",\"valueRequired\":true,\"valueName\":\"search_term_string\"}}],\"inLanguage\":\"az\"},{\"@type\":\"Organization\",\"@id\":\"https:\\\/\\\/www.meydan.tv\\\/az\\\/#organization\",\"name\":\"Meydan TV\",\"url\":\"https:\\\/\\\/www.meydan.tv\\\/az\\\/\",\"logo\":{\"@type\":\"ImageObject\",\"inLanguage\":\"az\",\"@id\":\"https:\\\/\\\/www.meydan.tv\\\/az\\\/#\\\/schema\\\/logo\\\/image\\\/\",\"url\":\"https:\\\/\\\/www.meydan.tv\\\/wp-content\\\/uploads\\\/2021\\\/07\\\/meydan-logo.svg\",\"contentUrl\":\"https:\\\/\\\/www.meydan.tv\\\/wp-content\\\/uploads\\\/2021\\\/07\\\/meydan-logo.svg\",\"width\":195,\"height\":46,\"caption\":\"Meydan TV\"},\"image\":{\"@id\":\"https:\\\/\\\/www.meydan.tv\\\/az\\\/#\\\/schema\\\/logo\\\/image\\\/\"}},{\"@type\":\"Person\",\"@id\":\"https:\\\/\\\/www.meydan.tv\\\/az\\\/#\\\/schema\\\/person\\\/10d11eccf6da3662cf5fdab9806ea91a\",\"name\":\"user-manager\"}]}<\/script>\n<!-- \/ Yoast SEO plugin. -->","yoast_head_json":{"title":"\u0130sve\u00e7 Julian Assanja qar\u015f\u0131 t\u0259cav\u00fcz istintaq\u0131n\u0131 dayand\u0131r\u0131b - MEYDAN.TV","robots":{"index":"index","follow":"follow","max-snippet":"max-snippet:-1","max-image-preview":"max-image-preview:large","max-video-preview":"max-video-preview:-1"},"canonical":"https:\/\/www.meydan.tv\/az\/article\/isvec-julian-assanja-qarsi-tecavuz-istintaqini-dayandirib\/","og_locale":"az_AZ","og_type":"article","og_title":"\u0130sve\u00e7 Julian Assanja qar\u015f\u0131 t\u0259cav\u00fcz istintaq\u0131n\u0131 dayand\u0131r\u0131b - MEYDAN.TV","og_description":"48 ya\u015fl\u0131 avstraliyal\u0131 aprel ay\u0131nda m\u0259hk\u0259m\u0259 q\u0259rar\u0131yla s\u0259firlikd\u0259n \u00e7\u0131xard\u0131l\u0131b v\u0259 girov \u015f\u0259rtl\u0259rini pozdu\u011funa g\u00f6r\u0259 50 h\u0259ft\u0259 h\u0259bs c\u0259zas\u0131na m\u0259hkum edilib.","og_url":"https:\/\/www.meydan.tv\/az\/article\/isvec-julian-assanja-qarsi-tecavuz-istintaqini-dayandirib\/","og_site_name":"MEYDAN.TV","article_published_time":"2019-11-19T19:58:36+00:00","og_image":[{"width":1368,"height":912,"url":"https:\/\/www.meydan.tv\/wp-content\/uploads\/1_7e6uclbqc2ute_nd6kzobq.jpeg","type":"image\/jpeg"}],"author":"user-manager","twitter_card":"summary_large_image","schema":{"@context":"https:\/\/schema.org","@graph":[{"@type":"Article","@id":"https:\/\/www.meydan.tv\/az\/article\/isvec-julian-assanja-qarsi-tecavuz-istintaqini-dayandirib\/#article","isPartOf":{"@id":"https:\/\/www.meydan.tv\/az\/article\/isvec-julian-assanja-qarsi-tecavuz-istintaqini-dayandirib\/"},"author":{"name":"user-manager","@id":"https:\/\/www.meydan.tv\/az\/#\/schema\/person\/10d11eccf6da3662cf5fdab9806ea91a"},"headline":"\u0130sve\u00e7 Julian Assanja qar\u015f\u0131 t\u0259cav\u00fcz istintaq\u0131n\u0131 dayand\u0131r\u0131b","datePublished":"2019-11-19T19:58:36+00:00","mainEntityOfPage":{"@id":"https:\/\/www.meydan.tv\/az\/article\/isvec-julian-assanja-qarsi-tecavuz-istintaqini-dayandirib\/"},"wordCount":373,"publisher":{"@id":"https:\/\/www.meydan.tv\/az\/#organization"},"image":{"@id":"https:\/\/www.meydan.tv\/az\/article\/isvec-julian-assanja-qarsi-tecavuz-istintaqini-dayandirib\/#primaryimage"},"thumbnailUrl":"https:\/\/www.meydan.tv\/wp-content\/uploads\/1_7e6uclbqc2ute_nd6kzobq.jpeg","articleSection":["D\u00fcnya"],"inLanguage":"az"},{"@type":"WebPage","@id":"https:\/\/www.meydan.tv\/az\/article\/isvec-julian-assanja-qarsi-tecavuz-istintaqini-dayandirib\/","url":"https:\/\/www.meydan.tv\/az\/article\/isvec-julian-assanja-qarsi-tecavuz-istintaqini-dayandirib\/","name":"\u0130sve\u00e7 Julian Assanja qar\u015f\u0131 t\u0259cav\u00fcz istintaq\u0131n\u0131 dayand\u0131r\u0131b - MEYDAN.TV","isPartOf":{"@id":"https:\/\/www.meydan.tv\/az\/#website"},"primaryImageOfPage":{"@id":"https:\/\/www.meydan.tv\/az\/article\/isvec-julian-assanja-qarsi-tecavuz-istintaqini-dayandirib\/#primaryimage"},"image":{"@id":"https:\/\/www.meydan.tv\/az\/article\/isvec-julian-assanja-qarsi-tecavuz-istintaqini-dayandirib\/#primaryimage"},"thumbnailUrl":"https:\/\/www.meydan.tv\/wp-content\/uploads\/1_7e6uclbqc2ute_nd6kzobq.jpeg","datePublished":"2019-11-19T19:58:36+00:00","breadcrumb":{"@id":"https:\/\/www.meydan.tv\/az\/article\/isvec-julian-assanja-qarsi-tecavuz-istintaqini-dayandirib\/#breadcrumb"},"inLanguage":"az","potentialAction":[{"@type":"ReadAction","target":["https:\/\/www.meydan.tv\/az\/article\/isvec-julian-assanja-qarsi-tecavuz-istintaqini-dayandirib\/"]}]},{"@type":"ImageObject","inLanguage":"az","@id":"https:\/\/www.meydan.tv\/az\/article\/isvec-julian-assanja-qarsi-tecavuz-istintaqini-dayandirib\/#primaryimage","url":"https:\/\/www.meydan.tv\/wp-content\/uploads\/1_7e6uclbqc2ute_nd6kzobq.jpeg","contentUrl":"https:\/\/www.meydan.tv\/wp-content\/uploads\/1_7e6uclbqc2ute_nd6kzobq.jpeg","width":1368,"height":912,"caption":"Source: Foto: arxiv"},{"@type":"BreadcrumbList","@id":"https:\/\/www.meydan.tv\/az\/article\/isvec-julian-assanja-qarsi-tecavuz-istintaqini-dayandirib\/#breadcrumb","itemListElement":[{"@type":"ListItem","position":1,"name":"Ana s\u0259hif\u0259","item":"https:\/\/www.meydan.tv\/az\/"},{"@type":"ListItem","position":2,"name":"D\u00fcnya","item":"https:\/\/www.meydan.tv\/az\/section\/dunya\/"},{"@type":"ListItem","position":3,"name":"\u0130sve\u00e7 Julian Assanja qar\u015f\u0131 t\u0259cav\u00fcz istintaq\u0131n\u0131 dayand\u0131r\u0131b"}]},{"@type":"WebSite","@id":"https:\/\/www.meydan.tv\/az\/#website","url":"https:\/\/www.meydan.tv\/az\/","name":"MEYDAN.TV","description":"Meydan TV Az\u0259rbaycan\u0131n media m\u0259kan\u0131ndak\u0131 alternativ s\u0259sidir","publisher":{"@id":"https:\/\/www.meydan.tv\/az\/#organization"},"potentialAction":[{"@type":"SearchAction","target":{"@type":"EntryPoint","urlTemplate":"https:\/\/www.meydan.tv\/az\/?s={search_term_string}"},"query-input":{"@type":"PropertyValueSpecification","valueRequired":true,"valueName":"search_term_string"}}],"inLanguage":"az"},{"@type":"Organization","@id":"https:\/\/www.meydan.tv\/az\/#organization","name":"Meydan TV","url":"https:\/\/www.meydan.tv\/az\/","logo":{"@type":"ImageObject","inLanguage":"az","@id":"https:\/\/www.meydan.tv\/az\/#\/schema\/logo\/image\/","url":"https:\/\/www.meydan.tv\/wp-content\/uploads\/2021\/07\/meydan-logo.svg","contentUrl":"https:\/\/www.meydan.tv\/wp-content\/uploads\/2021\/07\/meydan-logo.svg","width":195,"height":46,"caption":"Meydan TV"},"image":{"@id":"https:\/\/www.meydan.tv\/az\/#\/schema\/logo\/image\/"}},{"@type":"Person","@id":"https:\/\/www.meydan.tv\/az\/#\/schema\/person\/10d11eccf6da3662cf5fdab9806ea91a","name":"user-manager"}]}},"_links":{"self":[{"href":"https:\/\/www.meydan.tv\/az\/wp-json\/wp\/v2\/posts\/198005","targetHints":{"allow":["GET"]}}],"collection":[{"href":"https:\/\/www.meydan.tv\/az\/wp-json\/wp\/v2\/posts"}],"about":[{"href":"https:\/\/www.meydan.tv\/az\/wp-json\/wp\/v2\/types\/post"}],"author":[{"embeddable":true,"href":"https:\/\/www.meydan.tv\/az\/wp-json\/wp\/v2\/users\/11"}],"replies":[{"embeddable":true,"href":"https:\/\/www.meydan.tv\/az\/wp-json\/wp\/v2\/comments?post=198005"}],"version-history":[{"count":0,"href":"https:\/\/www.meydan.tv\/az\/wp-json\/wp\/v2\/posts\/198005\/revisions"}],"wp:featuredmedia":[{"embeddable":true,"href":"https:\/\/www.meydan.tv\/az\/wp-json\/wp\/v2\/media\/133263"}],"wp:attachment":[{"href":"https:\/\/www.meydan.tv\/az\/wp-json\/wp\/v2\/media?parent=198005"}],"wp:term":[{"taxonomy":"category","embeddable":true,"href":"https:\/\/www.meydan.tv\/az\/wp-json\/wp\/v2\/categories?post=198005"},{"taxonomy":"post_tag","embeddable":true,"href":"https:\/\/www.meydan.tv\/az\/wp-json\/wp\/v2\/tags?post=198005"}],"curies":[{"name":"wp","href":"https:\/\/api.w.org\/{rel}","templated":true}]}}