{"id":197995,"date":"2019-11-19T13:14:00","date_gmt":"2019-11-19T13:14:00","guid":{"rendered":"https:\/\/www.meydan.tv\/article\/dediler-erizeni-yaz-isden-cix-xarici-pasportunu-ozune-qaytaraq\/"},"modified":"2019-11-19T13:14:00","modified_gmt":"2019-11-19T13:14:00","slug":"dediler-erizeni-yaz-isden-cix-xarici-pasportunu-ozune-qaytaraq","status":"publish","type":"post","link":"https:\/\/www.meydan.tv\/az\/article\/dediler-erizeni-yaz-isden-cix-xarici-pasportunu-ozune-qaytaraq\/","title":{"rendered":"\u201cDedil\u0259r, \u0259riz\u0259ni yaz, i\u015fd\u0259n \u00e7\u0131x, xarici pasportunu \u00f6z\u00fcn\u0259 qaytaraq\u201d"},"content":{"rendered":"<p>\n  <i><br \/>\n    Yan\u011f\u0131ns\u00f6n\u00fcr\u0259n D\u0259st\u0259sinin s\u00fcr\u00fcc\u00fcs\u00fc ail\u0259 \u00fczv\u00fcn\u00fc xaric\u0259 m\u00fcalic\u0259y\u0259 apard\u0131\u011f\u0131na g\u00f6r\u0259 i\u015fsiz qal\u0131b<br \/>\n  <\/i>\n<\/p>\n<p>\n  \u201cNazir K\u0259mal\u0259ddin Heyd\u0259rov v\u0259t\u0259nda\u015flar\u0131 q\u0259bul ed\u0259nd\u0259 i\u015fsizlik problemimd\u0259n, ail\u0259 v\u0259ziyy\u0259timd\u0259n dan\u0131\u015fd\u0131m. O da tap\u015f\u0131rd\u0131 ki, bu adama i\u015f verin v\u0259 m\u0259ni i\u015fl\u0259 t\u0259min etdil\u0259r. 4 il i\u015fl\u0259y\u0259nd\u0259n sonra ail\u0259 \u00fczvl\u0259rimd\u0259n birinin m\u00fcalic\u0259sin\u0259 g\u00f6r\u0259 \u00f6lk\u0259 xaricin\u0259 getm\u0259k \u00fc\u00e7\u00fcn i\u015fl\u0259diyim idar\u0259nin r\u0259hb\u0259rliyind\u0259n icaz\u0259 ist\u0259dim. Dedil\u0259r, bizim idar\u0259d\u0259 qurumda i\u015f\u00e7iy\u0259 icaz\u0259 verm\u0259k yoxdur, \u0259riz\u0259ni yaz, i\u015fd\u0259n \u00e7\u0131x. U\u015fa\u011f\u0131n h\u0259yat\u0131n\u0131 xilas etm\u0259k \u00fc\u00e7\u00fcn \u0259riz\u0259 yaz\u0131b i\u015fd\u0259n \u00e7\u0131xmal\u0131 olum. Yaln\u0131z bundan sonra onlarda olan xarici pasportumu \u00f6z\u00fcm\u0259 qaytard\u0131lar. M\u00fcalic\u0259l\u0259r bitdi, \u00f6lk\u0259y\u0259 qay\u0131dandan sonra \u00f6z i\u015fim\u0259 d\u00f6nm\u0259k ist\u0259dim, g\u00f6t\u00fcrm\u0259dil\u0259r. Aylard\u0131r ki, i\u015fsiz qalm\u0131\u015fam, b\u00f6y\u00fck bir ail\u0259nin y\u00fck\u00fc d\u0259 \u00e7iynimd\u0259dir\u201d.\n<\/p>\n<p>\n  \u015eirvan sakini R\u0259\u015fad Xudayev Meydan TV-y\u0259 dan\u0131\u015f\u0131r ki, uzun ill\u0259r i\u015fsiz qal\u0131b. 2014-c\u00fc ild\u0259 nazir K\u0259mal\u0259ddin Heyd\u0259rov \u015eirvan \u015f\u0259h\u0259rind\u0259 v\u0259t\u0259nda\u015flar\u0131 q\u0259bul ed\u0259rk\u0259n o, nazir\u0259 i\u015fsizlik problemind\u0259n dan\u0131\u015f\u0131b. Nazirin tap\u015f\u0131r\u0131\u011f\u0131yla R\u0259\u015fad Xudayev el\u0259 \u015eirvan Yan\u011f\u0131ndan M\u00fchafiz\u0259 D\u0259st\u0259sin\u0259 yan\u011f\u0131n avtomobili s\u00fcr\u00fcc\u00fcs\u00fc v\u0259zif\u0259sin\u0259 g\u00f6t\u00fcr\u00fcl\u00fcb.\n<\/p>\n<p>\n  <b><br \/>\n    \u201cXarici pasportlar seyf\u0259 y\u0131\u011f\u0131l\u0131r\u201d<br \/>\n  <\/b>\n<\/p>\n<p>\n  \u201c\u0130\u015f\u0259 gir\u0259nd\u0259 adamlar\u0131n xarici pasportlar\u0131\u0131n\u0131 al\u0131b seyf\u0259 qoyurlar ki, \u00f6lk\u0259d\u0259n icaz\u0259siz \u00e7\u0131xmayaq. M\u0259n i\u015f\u0259 qay\u0131tmaq \u00fc\u00e7\u00fcn Yan\u011f\u0131ndan M\u00fchafiz\u0259 Xidm\u0259tinin Ba\u015f \u0130dar\u0259sin\u0259 d\u0259f\u0259l\u0259rl\u0259 m\u00fcraci\u0259t etmi\u015f\u0259m. Orda bildir\u0259nd\u0259 ki, m\u0259ni i\u015fd\u0259n u\u015fa\u011f\u0131n m\u00fcalic\u0259si \u00fc\u00e7\u00fcn xaric\u0259 getm\u0259y\u0259 icaz\u0259 ald\u0131\u011f\u0131ma g\u00f6r\u0259 \u00e7\u0131xar\u0131blar, dedil\u0259r, el\u0259 \u015fey ola bilm\u0259z. Dey\u0259nd\u0259 ki, i\u015f\u00e7il\u0259rin xarici pasportlar\u0131n\u0131 \u0259ll\u0259rind\u0259n al\u0131b seyfd\u0259 saxlay\u0131rlar, yen\u0259 dedil\u0259r, ola bilm\u0259z, bel\u0259 qayda-qanun yoxdur. Ancaq faktiki bizd\u0259 bel\u0259 idi v\u0259 m\u0259nim xarici pasportumu \u00f6z\u00fcm\u0259 yaln\u0131z k\u00f6n\u00fcll\u00fc i\u015fd\u0259n \u00e7\u0131xmaq haqq\u0131nda \u0259riz\u0259 yazandan sonra qaytarm\u0131\u015fd\u0131lar. He\u00e7 m\u0259zuniyy\u0259t\u0259 \u00e7\u0131xanda da xaric\u0259 \u00f6zba\u015f\u0131na \u00e7\u0131xma\u011fa icaz\u0259 verilmir, m\u0259zuniyy\u0259t\u0259 \u00e7\u0131xan adam\u0131n pasportunu m\u00fcv\u0259qq\u0259ti olsa da \u00f6z\u00fcn\u0259 vermirl\u0259r ki, b\u0259lk\u0259 bu adam harasa istirah\u0259t\u0259 ged\u0259c\u0259k&#8230; Aylard\u0131r ki, Ba\u015f \u0130dar\u0259y\u0259 h\u0259m elektron, h\u0259m \u015fifahi m\u00fcraci\u0259tl\u0259r edir\u0259m. D\u00f6vl\u0259t Yan\u011f\u0131ndan M\u00fchafiz\u0259 Xidm\u0259tinin r\u0259isi F\u00fczuli \u018fs\u0259dovun q\u0259bulunda da olmu\u015fam, o da tap\u015f\u0131r\u0131q verib ki, bu adam\u0131n m\u0259s\u0259l\u0259sini ara\u015fd\u0131r\u0131n, i\u015f verin. G\u00f6r\u00fc\u015f\u00fcm\u00fczd\u0259n 2 aya yax\u0131n vaxt ke\u00e7ib, h\u0259l\u0259 d\u0259 x\u0259b\u0259r yoxdur. Halbuki, s\u0259n\u0259dl\u0259rim \u0259ll\u0259rimin alt\u0131ndad\u0131r, birinci d\u0259r\u0259c\u0259li s\u00fcr\u00fcc\u00fc olmu\u015fam, he\u00e7 bir xidm\u0259ti q\u00fcsurum olmay\u0131b, n\u00fcmun\u0259vi i\u015f\u00e7i idim. \u0130st\u0259s\u0259l\u0259r, i\u015f\u0259 b\u0259rpa m\u0259s\u0259l\u0259sini 1 saat\u0131n i\u00e7ind\u0259 h\u0259ll ed\u0259rl\u0259r\u201d.\n<\/p>\n<p>\n  <b><br \/>\n    \u201c\u0130\u015f var, sad\u0259c\u0259, i\u015f\u0259 g\u00f6t\u00fcrm\u00fcrl\u0259r\u201d<br \/>\n  <\/b>\n<\/p>\n<p>\n  \u201cEvd\u0259 7 n\u0259f\u0259rik, x\u0259st\u0259, t\u0259qa\u00fcd\u00e7\u00fc anam, \u0259lil bac\u0131m, bac\u0131m\u0131n x\u0259st\u0259 \u00f6vlad\u0131, h\u0259yat yolda\u015f\u0131m v\u0259 iki azya\u015fl\u0131 \u00f6vlad\u0131m \u2013 ham\u0131s\u0131n\u0131n y\u00fck\u00fc m\u0259nim \u00e7iynimd\u0259dir. 8 aya yax\u0131nd\u0131r ki, ev\u0259 bir par\u00e7a \u00e7\u00f6r\u0259k aparmaq \u00fc\u00e7\u00fcn \u00e7\u0131rp\u0131n\u0131ram, he\u00e7 n\u0259 \u0259ld\u0259 ed\u0259 bilmir\u0259m. Vacib deyil ki, m\u0259ni s\u00fcr\u00fcc\u00fc i\u015fin\u0259 g\u00f6t\u00fcrs\u00fcnl\u0259r, maraqlanm\u0131\u015fam, haz\u0131rda \u015eirvan Yan\u011f\u0131ndan M\u00fchafiz\u0259 D\u0259st\u0259sind\u0259 elektrik, karg\u00fczarl\u0131q i\u015fi var, m\u0259n elektrik ixtisas\u0131 \u00fczr\u0259 d\u0259 oxumu\u015fam. El\u0259 yan\u011f\u0131ns\u00f6nd\u00fcrm\u0259 ma\u015f\u0131nlar\u0131 xarab olanda m\u0259n d\u00fcz\u0259ldirdim, \u00e7\u00fcnki o sah\u0259ni bilir\u0259m. N\u0259 i\u015f olur olsun, \u0259sas odur ki, 7 n\u0259f\u0259rin \u00e7\u00f6r\u0259yini, suyunu ver\u0259 bilim\u201d.\n<\/p>\n<p>\n  1 h\u0259ft\u0259 \u0259vv\u0259l R\u0259\u015fad Xudayev n\u00f6vb\u0259ti d\u0259f\u0259 D\u00f6vl\u0259t Yan\u011f\u0131ndan M\u00fchafiz\u0259 Xidm\u0259tinin r\u0259isi F\u00fczuli \u018fs\u0259dovun q\u0259buluna yollan\u0131b. Ancaq o, yaln\u0131z kadrlar idar\u0259sinin r\u0259hb\u0259rliyi il\u0259 g\u00f6r\u00fc\u015f\u0259 bilib. Ona bir q\u0259d\u0259r d\u0259 g\u00f6zl\u0259m\u0259yi m\u0259sl\u0259h\u0259t g\u00f6r\u00fcbl\u0259r.\n<\/p>\n<p>\n  Meydan TV m\u00fcxbiri xarici pasportlar\u0131n i\u015f\u00e7il\u0259rd\u0259n y\u0131\u011f\u0131lmas\u0131, i\u015f\u00e7il\u0259rin xaric\u0259 \u00e7\u0131x\u0131\u015f\u0131na qada\u011falar\u0131n olmas\u0131, R\u0259\u015fad Xudayevin i\u015fsiz qalmas\u0131 il\u0259 ba\u011fl\u0131 s\u0259sl\u0259ndirdiyi dig\u0259r iddialara qurum t\u0259r\u0259find\u0259n ayd\u0131nl\u0131q g\u0259tirilm\u0259sini ist\u0259yib. Buna g\u00f6r\u0259 \u015eirvan \u015f\u0259h\u0259r D\u00f6vl\u0259t Yan\u011f\u0131ndan M\u00fchafiz\u0259 Hiss\u0259si v\u0259 D\u00f6vl\u0259t Yan\u011f\u0131ndan M\u00fchafiz\u0259 Xidm\u0259ti il\u0259 \u0259laq\u0259 yaratma\u011fa c\u0259hd ets\u0259 d\u0259, al\u0131nmay\u0131b. Qurumdan suallar\u0131 cavabland\u0131rmay\u0131blar.<\/p>\n","protected":false},"excerpt":{"rendered":"<p>&#8220;Orda bildir\u0259nd\u0259 ki, m\u0259ni i\u015fd\u0259n u\u015fa\u011f\u0131n m\u00fcalic\u0259si \u00fc\u00e7\u00fcn xaric\u0259 getm\u0259y\u0259 icaz\u0259 ald\u0131\u011f\u0131ma g\u00f6r\u0259 \u00e7\u0131xar\u0131blar, dedil\u0259r, el\u0259 \u015fey ola bilm\u0259z&#8221;<\/p>\n","protected":false},"author":11,"featured_media":133254,"comment_status":"closed","ping_status":"open","sticky":false,"template":"","format":"standard","meta":{"_acf_changed":false,"_sitemap_exclude":false,"_sitemap_priority":"","_sitemap_frequency":"","footnotes":""},"categories":[60],"tags":[],"class_list":["post-197995","post","type-post","status-publish","format-standard","has-post-thumbnail","hentry","category-bolge","infinite-scroll-item","generate-columns","tablet-grid-50","mobile-grid-100","grid-parent","grid-33","no-featured-image-padding"],"acf":[],"yoast_head":"<!-- This site is optimized with the Yoast SEO plugin v27.5 - https:\/\/yoast.com\/product\/yoast-seo-wordpress\/ -->\n<title>\u201cDedil\u0259r, \u0259riz\u0259ni yaz, i\u015fd\u0259n \u00e7\u0131x, xarici pasportunu \u00f6z\u00fcn\u0259 qaytaraq\u201d - MEYDAN.TV<\/title>\n<meta name=\"robots\" content=\"index, follow, max-snippet:-1, max-image-preview:large, max-video-preview:-1\" \/>\n<link rel=\"canonical\" href=\"https:\/\/www.meydan.tv\/az\/article\/dediler-erizeni-yaz-isden-cix-xarici-pasportunu-ozune-qaytaraq\/\" \/>\n<meta property=\"og:locale\" content=\"az_AZ\" \/>\n<meta property=\"og:type\" content=\"article\" \/>\n<meta property=\"og:title\" content=\"\u201cDedil\u0259r, \u0259riz\u0259ni yaz, i\u015fd\u0259n \u00e7\u0131x, xarici pasportunu \u00f6z\u00fcn\u0259 qaytaraq\u201d - MEYDAN.TV\" \/>\n<meta property=\"og:description\" content=\"&quot;Orda bildir\u0259nd\u0259 ki, m\u0259ni i\u015fd\u0259n u\u015fa\u011f\u0131n m\u00fcalic\u0259si \u00fc\u00e7\u00fcn xaric\u0259 getm\u0259y\u0259 icaz\u0259 ald\u0131\u011f\u0131ma g\u00f6r\u0259 \u00e7\u0131xar\u0131blar, dedil\u0259r, el\u0259 \u015fey ola bilm\u0259z&quot;\" \/>\n<meta property=\"og:url\" content=\"https:\/\/www.meydan.tv\/az\/article\/dediler-erizeni-yaz-isden-cix-xarici-pasportunu-ozune-qaytaraq\/\" \/>\n<meta property=\"og:site_name\" content=\"MEYDAN.TV\" \/>\n<meta property=\"article:published_time\" content=\"2019-11-19T13:14:00+00:00\" \/>\n<meta property=\"og:image\" content=\"https:\/\/www.meydan.tv\/wp-content\/uploads\/copy_of_untitled9_1.png\" \/>\n\t<meta property=\"og:image:width\" content=\"1000\" \/>\n\t<meta property=\"og:image:height\" content=\"555\" \/>\n\t<meta property=\"og:image:type\" content=\"image\/png\" \/>\n<meta name=\"author\" content=\"user-manager\" \/>\n<meta name=\"twitter:card\" content=\"summary_large_image\" \/>\n<script type=\"application\/ld+json\" class=\"yoast-schema-graph\">{\"@context\":\"https:\\\/\\\/schema.org\",\"@graph\":[{\"@type\":\"Article\",\"@id\":\"https:\\\/\\\/www.meydan.tv\\\/az\\\/article\\\/dediler-erizeni-yaz-isden-cix-xarici-pasportunu-ozune-qaytaraq\\\/#article\",\"isPartOf\":{\"@id\":\"https:\\\/\\\/www.meydan.tv\\\/az\\\/article\\\/dediler-erizeni-yaz-isden-cix-xarici-pasportunu-ozune-qaytaraq\\\/\"},\"author\":{\"name\":\"user-manager\",\"@id\":\"https:\\\/\\\/www.meydan.tv\\\/az\\\/#\\\/schema\\\/person\\\/10d11eccf6da3662cf5fdab9806ea91a\"},\"headline\":\"\u201cDedil\u0259r, \u0259riz\u0259ni yaz, i\u015fd\u0259n \u00e7\u0131x, xarici pasportunu \u00f6z\u00fcn\u0259 qaytaraq\u201d\",\"datePublished\":\"2019-11-19T13:14:00+00:00\",\"mainEntityOfPage\":{\"@id\":\"https:\\\/\\\/www.meydan.tv\\\/az\\\/article\\\/dediler-erizeni-yaz-isden-cix-xarici-pasportunu-ozune-qaytaraq\\\/\"},\"wordCount\":894,\"publisher\":{\"@id\":\"https:\\\/\\\/www.meydan.tv\\\/az\\\/#organization\"},\"image\":{\"@id\":\"https:\\\/\\\/www.meydan.tv\\\/az\\\/article\\\/dediler-erizeni-yaz-isden-cix-xarici-pasportunu-ozune-qaytaraq\\\/#primaryimage\"},\"thumbnailUrl\":\"https:\\\/\\\/www.meydan.tv\\\/wp-content\\\/uploads\\\/copy_of_untitled9_1.png\",\"articleSection\":[\"B\u00f6lg\u0259\"],\"inLanguage\":\"az\"},{\"@type\":\"WebPage\",\"@id\":\"https:\\\/\\\/www.meydan.tv\\\/az\\\/article\\\/dediler-erizeni-yaz-isden-cix-xarici-pasportunu-ozune-qaytaraq\\\/\",\"url\":\"https:\\\/\\\/www.meydan.tv\\\/az\\\/article\\\/dediler-erizeni-yaz-isden-cix-xarici-pasportunu-ozune-qaytaraq\\\/\",\"name\":\"\u201cDedil\u0259r, \u0259riz\u0259ni yaz, i\u015fd\u0259n \u00e7\u0131x, xarici pasportunu \u00f6z\u00fcn\u0259 qaytaraq\u201d - MEYDAN.TV\",\"isPartOf\":{\"@id\":\"https:\\\/\\\/www.meydan.tv\\\/az\\\/#website\"},\"primaryImageOfPage\":{\"@id\":\"https:\\\/\\\/www.meydan.tv\\\/az\\\/article\\\/dediler-erizeni-yaz-isden-cix-xarici-pasportunu-ozune-qaytaraq\\\/#primaryimage\"},\"image\":{\"@id\":\"https:\\\/\\\/www.meydan.tv\\\/az\\\/article\\\/dediler-erizeni-yaz-isden-cix-xarici-pasportunu-ozune-qaytaraq\\\/#primaryimage\"},\"thumbnailUrl\":\"https:\\\/\\\/www.meydan.tv\\\/wp-content\\\/uploads\\\/copy_of_untitled9_1.png\",\"datePublished\":\"2019-11-19T13:14:00+00:00\",\"breadcrumb\":{\"@id\":\"https:\\\/\\\/www.meydan.tv\\\/az\\\/article\\\/dediler-erizeni-yaz-isden-cix-xarici-pasportunu-ozune-qaytaraq\\\/#breadcrumb\"},\"inLanguage\":\"az\",\"potentialAction\":[{\"@type\":\"ReadAction\",\"target\":[\"https:\\\/\\\/www.meydan.tv\\\/az\\\/article\\\/dediler-erizeni-yaz-isden-cix-xarici-pasportunu-ozune-qaytaraq\\\/\"]}]},{\"@type\":\"ImageObject\",\"inLanguage\":\"az\",\"@id\":\"https:\\\/\\\/www.meydan.tv\\\/az\\\/article\\\/dediler-erizeni-yaz-isden-cix-xarici-pasportunu-ozune-qaytaraq\\\/#primaryimage\",\"url\":\"https:\\\/\\\/www.meydan.tv\\\/wp-content\\\/uploads\\\/copy_of_untitled9_1.png\",\"contentUrl\":\"https:\\\/\\\/www.meydan.tv\\\/wp-content\\\/uploads\\\/copy_of_untitled9_1.png\",\"width\":1000,\"height\":555,\"caption\":\"Source: Specify Source\"},{\"@type\":\"BreadcrumbList\",\"@id\":\"https:\\\/\\\/www.meydan.tv\\\/az\\\/article\\\/dediler-erizeni-yaz-isden-cix-xarici-pasportunu-ozune-qaytaraq\\\/#breadcrumb\",\"itemListElement\":[{\"@type\":\"ListItem\",\"position\":1,\"name\":\"Ana s\u0259hif\u0259\",\"item\":\"https:\\\/\\\/www.meydan.tv\\\/az\\\/\"},{\"@type\":\"ListItem\",\"position\":2,\"name\":\"B\u00f6lg\u0259\",\"item\":\"https:\\\/\\\/www.meydan.tv\\\/az\\\/section\\\/bolge\\\/\"},{\"@type\":\"ListItem\",\"position\":3,\"name\":\"\u201cDedil\u0259r, \u0259riz\u0259ni yaz, i\u015fd\u0259n \u00e7\u0131x, xarici pasportunu \u00f6z\u00fcn\u0259 qaytaraq\u201d\"}]},{\"@type\":\"WebSite\",\"@id\":\"https:\\\/\\\/www.meydan.tv\\\/az\\\/#website\",\"url\":\"https:\\\/\\\/www.meydan.tv\\\/az\\\/\",\"name\":\"MEYDAN.TV\",\"description\":\"Meydan TV Az\u0259rbaycan\u0131n media m\u0259kan\u0131ndak\u0131 alternativ s\u0259sidir\",\"publisher\":{\"@id\":\"https:\\\/\\\/www.meydan.tv\\\/az\\\/#organization\"},\"potentialAction\":[{\"@type\":\"SearchAction\",\"target\":{\"@type\":\"EntryPoint\",\"urlTemplate\":\"https:\\\/\\\/www.meydan.tv\\\/az\\\/?s={search_term_string}\"},\"query-input\":{\"@type\":\"PropertyValueSpecification\",\"valueRequired\":true,\"valueName\":\"search_term_string\"}}],\"inLanguage\":\"az\"},{\"@type\":\"Organization\",\"@id\":\"https:\\\/\\\/www.meydan.tv\\\/az\\\/#organization\",\"name\":\"Meydan TV\",\"url\":\"https:\\\/\\\/www.meydan.tv\\\/az\\\/\",\"logo\":{\"@type\":\"ImageObject\",\"inLanguage\":\"az\",\"@id\":\"https:\\\/\\\/www.meydan.tv\\\/az\\\/#\\\/schema\\\/logo\\\/image\\\/\",\"url\":\"https:\\\/\\\/www.meydan.tv\\\/wp-content\\\/uploads\\\/2021\\\/07\\\/meydan-logo.svg\",\"contentUrl\":\"https:\\\/\\\/www.meydan.tv\\\/wp-content\\\/uploads\\\/2021\\\/07\\\/meydan-logo.svg\",\"width\":195,\"height\":46,\"caption\":\"Meydan TV\"},\"image\":{\"@id\":\"https:\\\/\\\/www.meydan.tv\\\/az\\\/#\\\/schema\\\/logo\\\/image\\\/\"}},{\"@type\":\"Person\",\"@id\":\"https:\\\/\\\/www.meydan.tv\\\/az\\\/#\\\/schema\\\/person\\\/10d11eccf6da3662cf5fdab9806ea91a\",\"name\":\"user-manager\"}]}<\/script>\n<!-- \/ Yoast SEO plugin. -->","yoast_head_json":{"title":"\u201cDedil\u0259r, \u0259riz\u0259ni yaz, i\u015fd\u0259n \u00e7\u0131x, xarici pasportunu \u00f6z\u00fcn\u0259 qaytaraq\u201d - MEYDAN.TV","robots":{"index":"index","follow":"follow","max-snippet":"max-snippet:-1","max-image-preview":"max-image-preview:large","max-video-preview":"max-video-preview:-1"},"canonical":"https:\/\/www.meydan.tv\/az\/article\/dediler-erizeni-yaz-isden-cix-xarici-pasportunu-ozune-qaytaraq\/","og_locale":"az_AZ","og_type":"article","og_title":"\u201cDedil\u0259r, \u0259riz\u0259ni yaz, i\u015fd\u0259n \u00e7\u0131x, xarici pasportunu \u00f6z\u00fcn\u0259 qaytaraq\u201d - MEYDAN.TV","og_description":"\"Orda bildir\u0259nd\u0259 ki, m\u0259ni i\u015fd\u0259n u\u015fa\u011f\u0131n m\u00fcalic\u0259si \u00fc\u00e7\u00fcn xaric\u0259 getm\u0259y\u0259 icaz\u0259 ald\u0131\u011f\u0131ma g\u00f6r\u0259 \u00e7\u0131xar\u0131blar, dedil\u0259r, el\u0259 \u015fey ola bilm\u0259z\"","og_url":"https:\/\/www.meydan.tv\/az\/article\/dediler-erizeni-yaz-isden-cix-xarici-pasportunu-ozune-qaytaraq\/","og_site_name":"MEYDAN.TV","article_published_time":"2019-11-19T13:14:00+00:00","og_image":[{"width":1000,"height":555,"url":"https:\/\/www.meydan.tv\/wp-content\/uploads\/copy_of_untitled9_1.png","type":"image\/png"}],"author":"user-manager","twitter_card":"summary_large_image","schema":{"@context":"https:\/\/schema.org","@graph":[{"@type":"Article","@id":"https:\/\/www.meydan.tv\/az\/article\/dediler-erizeni-yaz-isden-cix-xarici-pasportunu-ozune-qaytaraq\/#article","isPartOf":{"@id":"https:\/\/www.meydan.tv\/az\/article\/dediler-erizeni-yaz-isden-cix-xarici-pasportunu-ozune-qaytaraq\/"},"author":{"name":"user-manager","@id":"https:\/\/www.meydan.tv\/az\/#\/schema\/person\/10d11eccf6da3662cf5fdab9806ea91a"},"headline":"\u201cDedil\u0259r, \u0259riz\u0259ni yaz, i\u015fd\u0259n \u00e7\u0131x, xarici pasportunu \u00f6z\u00fcn\u0259 qaytaraq\u201d","datePublished":"2019-11-19T13:14:00+00:00","mainEntityOfPage":{"@id":"https:\/\/www.meydan.tv\/az\/article\/dediler-erizeni-yaz-isden-cix-xarici-pasportunu-ozune-qaytaraq\/"},"wordCount":894,"publisher":{"@id":"https:\/\/www.meydan.tv\/az\/#organization"},"image":{"@id":"https:\/\/www.meydan.tv\/az\/article\/dediler-erizeni-yaz-isden-cix-xarici-pasportunu-ozune-qaytaraq\/#primaryimage"},"thumbnailUrl":"https:\/\/www.meydan.tv\/wp-content\/uploads\/copy_of_untitled9_1.png","articleSection":["B\u00f6lg\u0259"],"inLanguage":"az"},{"@type":"WebPage","@id":"https:\/\/www.meydan.tv\/az\/article\/dediler-erizeni-yaz-isden-cix-xarici-pasportunu-ozune-qaytaraq\/","url":"https:\/\/www.meydan.tv\/az\/article\/dediler-erizeni-yaz-isden-cix-xarici-pasportunu-ozune-qaytaraq\/","name":"\u201cDedil\u0259r, \u0259riz\u0259ni yaz, i\u015fd\u0259n \u00e7\u0131x, xarici pasportunu \u00f6z\u00fcn\u0259 qaytaraq\u201d - MEYDAN.TV","isPartOf":{"@id":"https:\/\/www.meydan.tv\/az\/#website"},"primaryImageOfPage":{"@id":"https:\/\/www.meydan.tv\/az\/article\/dediler-erizeni-yaz-isden-cix-xarici-pasportunu-ozune-qaytaraq\/#primaryimage"},"image":{"@id":"https:\/\/www.meydan.tv\/az\/article\/dediler-erizeni-yaz-isden-cix-xarici-pasportunu-ozune-qaytaraq\/#primaryimage"},"thumbnailUrl":"https:\/\/www.meydan.tv\/wp-content\/uploads\/copy_of_untitled9_1.png","datePublished":"2019-11-19T13:14:00+00:00","breadcrumb":{"@id":"https:\/\/www.meydan.tv\/az\/article\/dediler-erizeni-yaz-isden-cix-xarici-pasportunu-ozune-qaytaraq\/#breadcrumb"},"inLanguage":"az","potentialAction":[{"@type":"ReadAction","target":["https:\/\/www.meydan.tv\/az\/article\/dediler-erizeni-yaz-isden-cix-xarici-pasportunu-ozune-qaytaraq\/"]}]},{"@type":"ImageObject","inLanguage":"az","@id":"https:\/\/www.meydan.tv\/az\/article\/dediler-erizeni-yaz-isden-cix-xarici-pasportunu-ozune-qaytaraq\/#primaryimage","url":"https:\/\/www.meydan.tv\/wp-content\/uploads\/copy_of_untitled9_1.png","contentUrl":"https:\/\/www.meydan.tv\/wp-content\/uploads\/copy_of_untitled9_1.png","width":1000,"height":555,"caption":"Source: Specify Source"},{"@type":"BreadcrumbList","@id":"https:\/\/www.meydan.tv\/az\/article\/dediler-erizeni-yaz-isden-cix-xarici-pasportunu-ozune-qaytaraq\/#breadcrumb","itemListElement":[{"@type":"ListItem","position":1,"name":"Ana s\u0259hif\u0259","item":"https:\/\/www.meydan.tv\/az\/"},{"@type":"ListItem","position":2,"name":"B\u00f6lg\u0259","item":"https:\/\/www.meydan.tv\/az\/section\/bolge\/"},{"@type":"ListItem","position":3,"name":"\u201cDedil\u0259r, \u0259riz\u0259ni yaz, i\u015fd\u0259n \u00e7\u0131x, xarici pasportunu \u00f6z\u00fcn\u0259 qaytaraq\u201d"}]},{"@type":"WebSite","@id":"https:\/\/www.meydan.tv\/az\/#website","url":"https:\/\/www.meydan.tv\/az\/","name":"MEYDAN.TV","description":"Meydan TV Az\u0259rbaycan\u0131n media m\u0259kan\u0131ndak\u0131 alternativ s\u0259sidir","publisher":{"@id":"https:\/\/www.meydan.tv\/az\/#organization"},"potentialAction":[{"@type":"SearchAction","target":{"@type":"EntryPoint","urlTemplate":"https:\/\/www.meydan.tv\/az\/?s={search_term_string}"},"query-input":{"@type":"PropertyValueSpecification","valueRequired":true,"valueName":"search_term_string"}}],"inLanguage":"az"},{"@type":"Organization","@id":"https:\/\/www.meydan.tv\/az\/#organization","name":"Meydan TV","url":"https:\/\/www.meydan.tv\/az\/","logo":{"@type":"ImageObject","inLanguage":"az","@id":"https:\/\/www.meydan.tv\/az\/#\/schema\/logo\/image\/","url":"https:\/\/www.meydan.tv\/wp-content\/uploads\/2021\/07\/meydan-logo.svg","contentUrl":"https:\/\/www.meydan.tv\/wp-content\/uploads\/2021\/07\/meydan-logo.svg","width":195,"height":46,"caption":"Meydan TV"},"image":{"@id":"https:\/\/www.meydan.tv\/az\/#\/schema\/logo\/image\/"}},{"@type":"Person","@id":"https:\/\/www.meydan.tv\/az\/#\/schema\/person\/10d11eccf6da3662cf5fdab9806ea91a","name":"user-manager"}]}},"_links":{"self":[{"href":"https:\/\/www.meydan.tv\/az\/wp-json\/wp\/v2\/posts\/197995","targetHints":{"allow":["GET"]}}],"collection":[{"href":"https:\/\/www.meydan.tv\/az\/wp-json\/wp\/v2\/posts"}],"about":[{"href":"https:\/\/www.meydan.tv\/az\/wp-json\/wp\/v2\/types\/post"}],"author":[{"embeddable":true,"href":"https:\/\/www.meydan.tv\/az\/wp-json\/wp\/v2\/users\/11"}],"replies":[{"embeddable":true,"href":"https:\/\/www.meydan.tv\/az\/wp-json\/wp\/v2\/comments?post=197995"}],"version-history":[{"count":0,"href":"https:\/\/www.meydan.tv\/az\/wp-json\/wp\/v2\/posts\/197995\/revisions"}],"wp:featuredmedia":[{"embeddable":true,"href":"https:\/\/www.meydan.tv\/az\/wp-json\/wp\/v2\/media\/133254"}],"wp:attachment":[{"href":"https:\/\/www.meydan.tv\/az\/wp-json\/wp\/v2\/media?parent=197995"}],"wp:term":[{"taxonomy":"category","embeddable":true,"href":"https:\/\/www.meydan.tv\/az\/wp-json\/wp\/v2\/categories?post=197995"},{"taxonomy":"post_tag","embeddable":true,"href":"https:\/\/www.meydan.tv\/az\/wp-json\/wp\/v2\/tags?post=197995"}],"curies":[{"name":"wp","href":"https:\/\/api.w.org\/{rel}","templated":true}]}}