{"id":197992,"date":"2019-11-19T10:29:05","date_gmt":"2019-11-19T10:29:05","guid":{"rendered":"https:\/\/www.meydan.tv\/article\/bakida-cefer-cabbarli-heftesi-baslayir\/"},"modified":"2019-11-19T10:29:05","modified_gmt":"2019-11-19T10:29:05","slug":"bakida-cefer-cabbarli-heftesi-baslayir","status":"publish","type":"post","link":"https:\/\/www.meydan.tv\/az\/article\/bakida-cefer-cabbarli-heftesi-baslayir\/","title":{"rendered":"Bak\u0131da \u201cC\u0259f\u0259r Cabbarl\u0131 h\u0259ft\u0259si\u201d ba\u015flay\u0131r"},"content":{"rendered":"<p>\n  <i><br \/>\n    Region teatrlar\u0131n\u0131n tama\u015falar\u0131 da Bak\u0131da n\u00fcmayi\u015f olunacaq<br \/>\n  <\/i>\n<\/p>\n<p>\n  Bak\u0131da \u201cC\u0259f\u0259r Cabbarl\u0131 h\u0259ft\u0259si\u201d ke\u00e7iril\u0259c\u0259k. Bu m\u00fcnasib\u0259tl\u0259 dramaturqun Akademik Milli Dram Teatr\u0131nda \u201cYa\u015far\u201d, Akademik Rus Dram Teatr\u0131nda \u201cAyd\u0131n\u201d, G\u0259nc Tama\u015fa\u00e7\u0131lar Teatr\u0131nda \u201cOqtay Elo\u011flu\u201d, \u015e\u0259ki D\u00f6vl\u0259t Dram Teatr\u0131nda \u201cSevil\u201d, L\u0259nk\u0259ran D\u00f6vl\u0259t Dram Teatr\u0131nda \u201cV\u0259fal\u0131 S\u0259riyy\u0259, yaxud g\u00f6z ya\u015f\u0131 i\u00e7ind\u0259 g\u00fcl\u00fc\u015f\u201d, Sumqay\u0131t D\u00f6vl\u0259t Dram Teatr\u0131nda \u201cSol\u011fun \u00e7i\u00e7\u0259kl\u0259r\u201d, G\u0259nc\u0259 D\u00f6vl\u0259t Dram Teatr\u0131nda \u201cD\u00f6n\u00fc\u015f\u201d pyesl\u0259rin\u0259 haz\u0131rlanm\u0131\u015f tama\u015falar paytaxtda n\u00fcmayi\u015f olunacaq.\n<\/p>\n<p>\n  Bu il Az\u0259rbaycan \u0259d\u0259biyyat\u0131n\u0131n n\u00fcmay\u0259nd\u0259si, \u015fair, yaz\u0131\u00e7\u0131 v\u0259 dramaturq C\u0259f\u0259r Cabbarl\u0131n\u0131n 120 illiyi qeyd olunur.\n<\/p>\n<p>\n  23-30 noyabr tarixl\u0259rind\u0259 n\u00fcmayi\u015f olunacaq tama\u015falar\u0131n siyah\u0131s\u0131n\u0131 t\u0259qdim edirik:\n<\/p>\n<p>\n  <i><br \/>\n    23 noyabr<br \/>\n  <\/i>\n<\/p>\n<p>\n  <i><br \/>\n    Az\u0259rbaycan D\u00f6vl\u0259t Akademik Rus Dram Teatr\u0131<br \/>\n  <\/i>\n<\/p>\n<p>\n  <i><br \/>\n    C.Cabbarl\u0131 \u201cAyd\u0131n\u201d<br \/>\n  <\/i>\n<\/p>\n<p>\n  <i><br \/>\n    25 noyabr<br \/>\n  <\/i>\n<\/p>\n<p>\n  <i><br \/>\n    G\u0259nc\u0259 D\u00f6vl\u0259t Dram Teatr\u0131<br \/>\n  <\/i>\n<\/p>\n<p>\n  <i><br \/>\n    C.Cabbarl\u0131 \u201cD\u00f6n\u00fc\u015f\u201d<br \/>\n  <\/i>\n<\/p>\n<p>\n  <i><br \/>\n    26 noyabr<br \/>\n  <\/i>\n<\/p>\n<p>\n  <i><br \/>\n    Sumqay\u0131t D\u00f6vl\u0259t Dram Teatr\u0131<br \/>\n  <\/i>\n<\/p>\n<p>\n  <i><br \/>\n    C.Cabbarl\u0131 \u201cSol\u011fun \u00e7i\u00e7\u0259kl\u0259r\u201d<br \/>\n  <\/i>\n<\/p>\n<p>\n  <i><br \/>\n    (Akademik Musiqili Teatr\u0131nda n\u00fcmayi\u015f olunacaq)<br \/>\n  <\/i>\n<\/p>\n<p>\n  <i><br \/>\n    27 noyabr<br \/>\n  <\/i>\n<\/p>\n<p>\n  <i><br \/>\n    L\u0259nk\u0259ran D\u00f6vl\u0259t Dram Teatr\u0131<br \/>\n  <\/i>\n<\/p>\n<p>\n  <i><br \/>\n    C.Cabbarl\u0131 \u201cV\u0259fal\u0131 S\u0259riyy\u0259 yaxud g\u00f6z ya\u015f\u0131 i\u00e7ind\u0259 g\u00fcl\u00fc\u015f\u201d<br \/>\n  <\/i>\n<\/p>\n<p>\n  <i><br \/>\n    (Akademik Rus Dram Teatr\u0131nda n\u00fcmayi\u015f olunacaq)<br \/>\n  <\/i>\n<\/p>\n<p>\n  <i><br \/>\n    28 noyabr<br \/>\n  <\/i>\n<\/p>\n<p>\n  <i><br \/>\n    \u015e\u0259ki D\u00f6vl\u0259t Dram Teatr\u0131<br \/>\n  <\/i>\n<\/p>\n<p>\n  <i><br \/>\n    C.Cabbarl\u0131 \u201cSevil\u201d<br \/>\n  <\/i>\n<\/p>\n<p>\n  <i><br \/>\n    (Akademik Rus Dram Teatr\u0131nda n\u00fcmayi\u015f olunacaq)<br \/>\n  <\/i>\n<\/p>\n<p>\n  <i><br \/>\n    29 noyabr<br \/>\n  <\/i>\n<\/p>\n<p>\n  <i><br \/>\n    Az\u0259rbaycan D\u00f6vl\u0259t G\u0259nc Tama\u015fa\u00e7\u0131lar Teatr\u0131<br \/>\n  <\/i>\n<\/p>\n<p>\n  <i><br \/>\n    C.Cabbarl\u0131 \u201cOqtay Elo\u011flu\u201d<br \/>\n  <\/i>\n<\/p>\n<p>\n  <i><br \/>\n    (G\u0259nc Tama\u015fa\u00e7\u0131lar Teatr\u0131nda n\u00fcmayi\u015f olunacaq)<br \/>\n  <\/i>\n<\/p>\n<p>\n  <i><br \/>\n    30 noyabr<br \/>\n  <\/i>\n<\/p>\n<p>\n  <i><br \/>\n    Az\u0259rbaycan D\u00f6vl\u0259t Akademik Milli Dram Teatr\u0131<br \/>\n  <\/i>\n<\/p>\n<p>\n  <i><br \/>\n    C.Cabbarl\u0131 \u201cYa\u015far\u201d<br \/>\n  <\/i>\n<\/p>\n<p>\n  <i><br \/>\n    (Akademik Milli Dram Teatr\u0131nda n\u00fcmayi\u015f olunacaq)<br \/>\n  <\/i>\n<\/p>\n<p>\n  B\u00fct\u00fcn tama\u015falar 19:00-da ba\u015flayacaq.<\/p>\n","protected":false},"excerpt":{"rendered":"<p>B\u00fct\u00fcn tama\u015falar 19:00-da ba\u015flayacaq.<\/p>\n","protected":false},"author":11,"featured_media":133245,"comment_status":"closed","ping_status":"open","sticky":false,"template":"","format":"standard","meta":{"_acf_changed":false,"_sitemap_exclude":false,"_sitemap_priority":"","_sitemap_frequency":"","footnotes":""},"categories":[52],"tags":[],"class_list":["post-197992","post","type-post","status-publish","format-standard","has-post-thumbnail","hentry","category-medeniyyet","infinite-scroll-item","generate-columns","tablet-grid-50","mobile-grid-100","grid-parent","grid-33","no-featured-image-padding"],"acf":[],"yoast_head":"<!-- This site is optimized with the Yoast SEO plugin v28.3 - https:\/\/yoast.com\/product\/yoast-seo-wordpress\/ -->\n<title>Bak\u0131da \u201cC\u0259f\u0259r Cabbarl\u0131 h\u0259ft\u0259si\u201d ba\u015flay\u0131r - MEYDAN.TV<\/title>\n<meta name=\"robots\" content=\"index, follow, max-snippet:-1, max-image-preview:large, max-video-preview:-1\" \/>\n<link rel=\"canonical\" href=\"https:\/\/www.meydan.tv\/az\/article\/bakida-cefer-cabbarli-heftesi-baslayir\/\" \/>\n<meta property=\"og:locale\" content=\"az_AZ\" \/>\n<meta property=\"og:type\" content=\"article\" \/>\n<meta property=\"og:title\" content=\"Bak\u0131da \u201cC\u0259f\u0259r Cabbarl\u0131 h\u0259ft\u0259si\u201d ba\u015flay\u0131r - MEYDAN.TV\" \/>\n<meta property=\"og:description\" content=\"B\u00fct\u00fcn tama\u015falar 19:00-da ba\u015flayacaq.\" \/>\n<meta property=\"og:url\" content=\"https:\/\/www.meydan.tv\/az\/article\/bakida-cefer-cabbarli-heftesi-baslayir\/\" \/>\n<meta property=\"og:site_name\" content=\"MEYDAN.TV\" \/>\n<meta property=\"article:published_time\" content=\"2019-11-19T10:29:05+00:00\" \/>\n<meta property=\"og:image\" content=\"https:\/\/www.meydan.tv\/wp-content\/uploads\/9a9b3bd0-1145-405c-9b36-b260cb74d431.jpg\" \/>\n\t<meta property=\"og:image:width\" content=\"1100\" \/>\n\t<meta property=\"og:image:height\" content=\"755\" \/>\n\t<meta property=\"og:image:type\" content=\"image\/jpeg\" \/>\n<meta name=\"twitter:card\" content=\"summary_large_image\" \/>\n<!-- \/ Yoast SEO plugin. -->","yoast_head_json":{"title":"Bak\u0131da \u201cC\u0259f\u0259r Cabbarl\u0131 h\u0259ft\u0259si\u201d ba\u015flay\u0131r - MEYDAN.TV","robots":{"index":"index","follow":"follow","max-snippet":"max-snippet:-1","max-image-preview":"max-image-preview:large","max-video-preview":"max-video-preview:-1"},"canonical":"https:\/\/www.meydan.tv\/az\/article\/bakida-cefer-cabbarli-heftesi-baslayir\/","og_locale":"az_AZ","og_type":"article","og_title":"Bak\u0131da \u201cC\u0259f\u0259r Cabbarl\u0131 h\u0259ft\u0259si\u201d ba\u015flay\u0131r - MEYDAN.TV","og_description":"B\u00fct\u00fcn tama\u015falar 19:00-da ba\u015flayacaq.","og_url":"https:\/\/www.meydan.tv\/az\/article\/bakida-cefer-cabbarli-heftesi-baslayir\/","og_site_name":"MEYDAN.TV","article_published_time":"2019-11-19T10:29:05+00:00","og_image":[{"width":1100,"height":755,"url":"https:\/\/www.meydan.tv\/wp-content\/uploads\/9a9b3bd0-1145-405c-9b36-b260cb74d431.jpg","type":"image\/jpeg"}],"twitter_card":"summary_large_image","schema":{"@context":"https:\/\/schema.org","@graph":[{"@type":"Article","@id":"https:\/\/www.meydan.tv\/az\/article\/bakida-cefer-cabbarli-heftesi-baslayir\/#article","isPartOf":{"@id":"https:\/\/www.meydan.tv\/az\/article\/bakida-cefer-cabbarli-heftesi-baslayir\/"},"author":{"name":"user-manager","@id":"https:\/\/www.meydan.tv\/az\/#\/schema\/person\/10d11eccf6da3662cf5fdab9806ea91a"},"headline":"Bak\u0131da \u201cC\u0259f\u0259r Cabbarl\u0131 h\u0259ft\u0259si\u201d ba\u015flay\u0131r","datePublished":"2019-11-19T10:29:05+00:00","mainEntityOfPage":{"@id":"https:\/\/www.meydan.tv\/az\/article\/bakida-cefer-cabbarli-heftesi-baslayir\/"},"wordCount":323,"publisher":{"@id":"https:\/\/www.meydan.tv\/az\/#organization"},"image":{"@id":"https:\/\/www.meydan.tv\/az\/article\/bakida-cefer-cabbarli-heftesi-baslayir\/#primaryimage"},"thumbnailUrl":"https:\/\/www.meydan.tv\/wp-content\/uploads\/9a9b3bd0-1145-405c-9b36-b260cb74d431.jpg","articleSection":["M\u0259d\u0259niyy\u0259t"],"inLanguage":"az"},{"@type":"WebPage","@id":"https:\/\/www.meydan.tv\/az\/article\/bakida-cefer-cabbarli-heftesi-baslayir\/","url":"https:\/\/www.meydan.tv\/az\/article\/bakida-cefer-cabbarli-heftesi-baslayir\/","name":"Bak\u0131da \u201cC\u0259f\u0259r Cabbarl\u0131 h\u0259ft\u0259si\u201d ba\u015flay\u0131r - MEYDAN.TV","isPartOf":{"@id":"https:\/\/www.meydan.tv\/az\/#website"},"primaryImageOfPage":{"@id":"https:\/\/www.meydan.tv\/az\/article\/bakida-cefer-cabbarli-heftesi-baslayir\/#primaryimage"},"image":{"@id":"https:\/\/www.meydan.tv\/az\/article\/bakida-cefer-cabbarli-heftesi-baslayir\/#primaryimage"},"thumbnailUrl":"https:\/\/www.meydan.tv\/wp-content\/uploads\/9a9b3bd0-1145-405c-9b36-b260cb74d431.jpg","datePublished":"2019-11-19T10:29:05+00:00","breadcrumb":{"@id":"https:\/\/www.meydan.tv\/az\/article\/bakida-cefer-cabbarli-heftesi-baslayir\/#breadcrumb"},"inLanguage":"az","potentialAction":[{"@type":"ReadAction","target":["https:\/\/www.meydan.tv\/az\/article\/bakida-cefer-cabbarli-heftesi-baslayir\/"]}]},{"@type":"ImageObject","inLanguage":"az","@id":"https:\/\/www.meydan.tv\/az\/article\/bakida-cefer-cabbarli-heftesi-baslayir\/#primaryimage","url":"https:\/\/www.meydan.tv\/wp-content\/uploads\/9a9b3bd0-1145-405c-9b36-b260cb74d431.jpg","contentUrl":"https:\/\/www.meydan.tv\/wp-content\/uploads\/9a9b3bd0-1145-405c-9b36-b260cb74d431.jpg","width":1100,"height":755,"caption":"Source: Specify Source"},{"@type":"BreadcrumbList","@id":"https:\/\/www.meydan.tv\/az\/article\/bakida-cefer-cabbarli-heftesi-baslayir\/#breadcrumb","itemListElement":[{"@type":"ListItem","position":1,"name":"Ana s\u0259hif\u0259","item":"https:\/\/www.meydan.tv\/az\/"},{"@type":"ListItem","position":2,"name":"M\u0259d\u0259niyy\u0259t","item":"https:\/\/www.meydan.tv\/az\/section\/medeniyyet\/"},{"@type":"ListItem","position":3,"name":"Bak\u0131da \u201cC\u0259f\u0259r Cabbarl\u0131 h\u0259ft\u0259si\u201d ba\u015flay\u0131r"}]},{"@type":"WebSite","@id":"https:\/\/www.meydan.tv\/az\/#website","url":"https:\/\/www.meydan.tv\/az\/","name":"MEYDAN.TV","description":"Meydan TV Az\u0259rbaycan\u0131n media m\u0259kan\u0131ndak\u0131 alternativ s\u0259sidir","publisher":{"@id":"https:\/\/www.meydan.tv\/az\/#organization"},"potentialAction":[{"@type":"SearchAction","target":{"@type":"EntryPoint","urlTemplate":"https:\/\/www.meydan.tv\/az\/?s={search_term_string}"},"query-input":{"@type":"PropertyValueSpecification","valueRequired":true,"valueName":"search_term_string"}}],"inLanguage":"az"},{"@type":"Organization","@id":"https:\/\/www.meydan.tv\/az\/#organization","name":"Meydan TV","url":"https:\/\/www.meydan.tv\/az\/","logo":{"@type":"ImageObject","inLanguage":"az","@id":"https:\/\/www.meydan.tv\/az\/#\/schema\/logo\/image\/","url":"https:\/\/www.meydan.tv\/wp-content\/uploads\/2021\/07\/meydan-logo.svg","contentUrl":"https:\/\/www.meydan.tv\/wp-content\/uploads\/2021\/07\/meydan-logo.svg","width":195,"height":46,"caption":"Meydan TV"},"image":{"@id":"https:\/\/www.meydan.tv\/az\/#\/schema\/logo\/image\/"}},{"@type":"Person","@id":"https:\/\/www.meydan.tv\/az\/#\/schema\/person\/10d11eccf6da3662cf5fdab9806ea91a","name":"user-manager"}]}},"_links":{"self":[{"href":"https:\/\/www.meydan.tv\/az\/wp-json\/wp\/v2\/posts\/197992","targetHints":{"allow":["GET"]}}],"collection":[{"href":"https:\/\/www.meydan.tv\/az\/wp-json\/wp\/v2\/posts"}],"about":[{"href":"https:\/\/www.meydan.tv\/az\/wp-json\/wp\/v2\/types\/post"}],"author":[{"embeddable":true,"href":"https:\/\/www.meydan.tv\/az\/wp-json\/wp\/v2\/users\/11"}],"replies":[{"embeddable":true,"href":"https:\/\/www.meydan.tv\/az\/wp-json\/wp\/v2\/comments?post=197992"}],"version-history":[{"count":0,"href":"https:\/\/www.meydan.tv\/az\/wp-json\/wp\/v2\/posts\/197992\/revisions"}],"wp:featuredmedia":[{"embeddable":true,"href":"https:\/\/www.meydan.tv\/az\/wp-json\/wp\/v2\/media\/133245"}],"wp:attachment":[{"href":"https:\/\/www.meydan.tv\/az\/wp-json\/wp\/v2\/media?parent=197992"}],"wp:term":[{"taxonomy":"category","embeddable":true,"href":"https:\/\/www.meydan.tv\/az\/wp-json\/wp\/v2\/categories?post=197992"},{"taxonomy":"post_tag","embeddable":true,"href":"https:\/\/www.meydan.tv\/az\/wp-json\/wp\/v2\/tags?post=197992"}],"curies":[{"name":"wp","href":"https:\/\/api.w.org\/{rel}","templated":true}]}}