{"id":197988,"date":"2019-11-18T20:50:53","date_gmt":"2019-11-18T20:50:53","guid":{"rendered":"https:\/\/www.meydan.tv\/article\/tbiliside-etiraz-aksiyasi-nece-dagidildi-jamnews-un-fotoreportaji\/"},"modified":"2019-11-18T20:50:53","modified_gmt":"2019-11-18T20:50:53","slug":"tbiliside-etiraz-aksiyasi-nece-dagidildi-jamnews-un-fotoreportaji","status":"publish","type":"post","link":"https:\/\/www.meydan.tv\/az\/article\/tbiliside-etiraz-aksiyasi-nece-dagidildi-jamnews-un-fotoreportaji\/","title":{"rendered":"Tbilisid\u0259 etiraz aksiyas\u0131 nec\u0259 da\u011f\u0131d\u0131ld\u0131? JAMnews-un fotoreportaj\u0131"},"content":{"rendered":"<p>\n  M\u0259qal\u0259<br \/>\n  <a href=\"https:\/\/jam-news.net\/\u043a\u0430\u043a-\u0440\u0430\u0437\u0433\u043e\u043d\u044f\u043b\u0438-\u043f\u0440\u043e\u0442\u0435\u0441\u0442-\u0432-\u0442\u0431\u0438\u043b\u0438\u0441\u0438-\u0444\u043e\u0442\u043e\u0440\/?lang=ru\"><br \/>\n    JAMnews<br \/>\n  <\/a><br \/>\n  sayt\u0131nda d\u0259rc olunub\n<\/p>\n<p>\n  <b><br \/>\n    <i><br \/>\n      M\u00fcbariz\u0259 h\u0259l\u0259 t\u0259z\u0259 ba\u015flay\u0131r \u2013 aksiya i\u015ftirak\u00e7\u0131lar\u0131 deyir<br \/>\n    <\/i><br \/>\n  <\/b>\n<\/p>\n<p>\n  Noyabr\u0131n 18-d\u0259 x\u00fcsusi t\u0259yinatl\u0131lar G\u00fcrc\u00fcstan paytaxt\u0131 Tbilisid\u0259, parlament binas\u0131 qar\u015f\u0131s\u0131ndak\u0131 izdihaml\u0131 etiraz aksiyas\u0131n\u0131 da\u011f\u0131d\u0131b.\n<\/p>\n<p>\n  Etirazlar noyabr\u0131n 14-d\u0259n b\u0259ri davam edir, \u0259sas s\u0259b\u0259b is\u0259 proporsional (partiyal\u0131) se\u00e7ki sistemin\u0259 ke\u00e7ilm\u0259si haqda qanun layih\u0259sinin parlamentd\u0259 d\u0259st\u0259kl\u0259nm\u0259m\u0259sind\u0259n ibar\u0259tdir.\n<\/p>\n<p>\n  Bu arada 2019-cu ilin iyununda irimiqyasl\u0131 etirazlar m\u0259hz iqtidarda olan \u201cG\u00fcrc\u00fc arzusu\u201d partiyas\u0131n\u0131n lideri Bidzina \u0130vani\u015fvilinin \u015f\u0259xs\u0259n m\u00fcxalif\u0259t\u0259 konstitusiya d\u0259yi\u015fikliyinin h\u0259yata ke\u00e7iril\u0259c\u0259yin\u0259 v\u0259 haz\u0131rk\u0131 qar\u0131\u015f\u0131q, proporsional-majoritar se\u00e7ki sisteminin tam olaraq partiyal\u0131 sisteml\u0259 \u0259v\u0259zl\u0259n\u0259c\u0259yin\u0259 dair s\u00f6z verm\u0259sind\u0259n sonra sakitl\u0259\u015fmi\u015fdi.\n<\/p>\n<p>\n  Noyabr\u0131n 17-d\u0259 ax\u015fama do\u011fru etiraz\u00e7\u0131lar parlament qar\u015f\u0131s\u0131nda \u00e7ad\u0131rlarda gec\u0259l\u0259m\u0259y\u0259 ba\u015flay\u0131blar, onlar parlamentin giri\u015f v\u0259 \u00e7\u0131x\u0131\u015flar\u0131n\u0131 ba\u011flay\u0131b, deputatlara binaya girm\u0259y\u0259 imkan verm\u0259yibl\u0259r.\n<\/p>\n<p>\n  G\u00fcnortadan sonra parlament binas\u0131 qar\u015f\u0131s\u0131nda maskal\u0131, x\u00fcsusi qalxan v\u0259 d\u0259y\u0259n\u0259kl\u0259rl\u0259 t\u0259chiz olunmu\u015f y\u00fczl\u0259rl\u0259 polis n\u0259f\u0259ri s\u0259f\u0259rb\u0259r olub, onlar Parlament binas\u0131n\u0131 tam \u0259hat\u0259y\u0259 al\u0131blar.\n<\/p>\n<p>\n  Noyabr\u0131n 18-d\u0259 g\u00fcnd\u00fcz n\u00fcmayi\u015f\u00e7il\u0259r s\u0259sg\u00fccl\u0259ndiricil\u0259r vasit\u0259sil\u0259 \u0259razini t\u0259rk etm\u0259li olduqlar\u0131, \u0259ks t\u0259qdird\u0259 polisin etiraz aksiyas\u0131n\u0131 g\u00fcc t\u0259tbiq ed\u0259r\u0259k da\u011f\u0131daca\u011f\u0131 il\u0259 ba\u011fl\u0131 x\u0259b\u0259rdar edilibl\u0259r.\n<\/p>\n<p>\n  Aksiyan\u0131n da\u011f\u0131d\u0131lmas\u0131 t\u0259xmin\u0259n 16:00-da ba\u015flay\u0131b. Polis etiraz\u00e7\u0131lar\u0131 da\u011f\u0131tmaq \u00fc\u00e7\u00fcn su \u015f\u0131rnaqlar\u0131ndan istifad\u0259 edib. \u0130yunun 20-d\u0259 ke\u00e7iril\u0259n aksiyadan f\u0259rqli olaraq bu d\u0259f\u0259 rezin g\u00fcll\u0259l\u0259r istifad\u0259 olunmay\u0131b.\n<\/p>\n<p>\n  Etiraz\u00e7\u0131lardan b\u0259zil\u0259ri yer\u0259 oturub v\u0259 ya uzan\u0131b ki, polisin h\u0259r\u0259k\u0259tin\u0259 mane olsun.\n<\/p>\n<p>\n  Amma x\u00fcsusi \u0259m\u0259liyyat ba\u015flanandan saat yar\u0131mdan sonra parlamentin etiraz\u00e7\u0131lar t\u0259r\u0259find\u0259n bloklanan b\u00fct\u00fcn giri\u015fl\u0259ri azad edilib.\n<\/p>\n<p>\n  Polis n\u00fcmayi\u015f\u00e7il\u0259rin Rustaveli prospektind\u0259 qurdu\u011fu b\u00fct\u00fcn \u00e7ad\u0131rlar\u0131 s\u00f6k\u00fcb. Prospektd\u0259 h\u0259r\u0259k\u0259t b\u0259rpa olunub.\n<\/p>\n<p>\n  18 n\u0259f\u0259r etiraz\u00e7\u0131 h\u0259bs edilib. X\u0259sar\u0259t alanlar da var \u2013 onlar ma\u015f\u0131nlarla x\u0259st\u0259xanalara apar\u0131l\u0131blar.\n<\/p>\n<p>\n  Y\u00fczl\u0259rl\u0259 etiraz\u00e7\u0131 h\u0259l\u0259 d\u0259 Rustaveli prospektind\u0259 qal\u0131r, amma onlar parlament binas\u0131n\u0131n k\u0259narlar\u0131na do\u011fru \u00e7\u0259kilm\u0259li olublar. Mitinq davam edir, \u00e7\u0131x\u0131\u015f\u00e7\u0131lar tribunada bir-birini \u0259v\u0259z edir.\n<\/p>\n<p>\n  Etiraz\u00e7\u0131lar bildirirl\u0259r ki, da\u011f\u0131l\u0131\u015fmaq niyy\u0259tind\u0259 deyill\u0259r v\u0259 h\u00f6kum\u0259ti d\u0259yi\u015fm\u0259k \u00fc\u00e7\u00fcn b\u00fct\u00fcn konstitusion imkanlardan yararlanacaqlar.\n<\/p>\n<figure class=\"wp-block-image size-large\">\n  <img decoding=\"async\" src=\"https:\/\/www.meydan.tv\/az\/22-jpg-3\/\" alt=\"22.jpg\" class=\"wp-image-133206\"\/><figcaption>\n    Tbilisid\u0259 aksiyan\u0131n da\u011f\u0131d\u0131lmas\u0131<br \/>\n  <\/figcaption><\/figure>\n<figure class=\"wp-block-image size-large\">\n  <img decoding=\"async\" src=\"https:\/\/www.meydan.tv\/az\/24-jpg-3\/\" alt=\"24.jpg\" class=\"wp-image-133212\"\/><figcaption>\n    Tbilisid\u0259 aksiyan\u0131n da\u011f\u0131d\u0131lmas\u0131<br \/>\n  <\/figcaption><\/figure>\n<figure class=\"wp-block-image size-large\">\n  <img decoding=\"async\" src=\"https:\/\/www.meydan.tv\/az\/25-jpg-3\/\" alt=\"25.jpg\" class=\"wp-image-133224\"\/><figcaption>\n    Tbilisid\u0259 aksiyan\u0131n da\u011f\u0131d\u0131lmas\u0131<br \/>\n  <\/figcaption><\/figure>\n<figure class=\"wp-block-image size-large\">\n  <img decoding=\"async\" src=\"https:\/\/www.meydan.tv\/az\/26-jpg\/\" alt=\"26.jpg\" class=\"wp-image-133218\"\/><figcaption>\n    Tbilisid\u0259 aksiyan\u0131n da\u011f\u0131d\u0131lmas\u0131<br \/>\n  <\/figcaption><\/figure>\n<figure class=\"wp-block-image size-large\">\n  <img decoding=\"async\" src=\"https:\/\/www.meydan.tv\/az\/27-jpg\/\" alt=\"27.jpg\" class=\"wp-image-133227\"\/><figcaption>\n    Tbilisid\u0259 aksiyan\u0131n da\u011f\u0131d\u0131lmas\u0131<br \/>\n  <\/figcaption><\/figure>\n<figure class=\"wp-block-image size-large\">\n  <img decoding=\"async\" src=\"https:\/\/www.meydan.tv\/az\/28-jpg-2\/\" alt=\"28.jpg\" class=\"wp-image-133221\"\/><figcaption>\n    Tbilisid\u0259 aksiyan\u0131n da\u011f\u0131d\u0131lmas\u0131<br \/>\n  <\/figcaption><\/figure>\n<figure class=\"wp-block-image size-large\">\n  <img decoding=\"async\" src=\"https:\/\/www.meydan.tv\/az\/29-jpg\/\" alt=\"29.jpg\" class=\"wp-image-133230\"\/><figcaption>\n    Tbilisid\u0259 aksiyan\u0131n da\u011f\u0131d\u0131lmas\u0131<br \/>\n  <\/figcaption><\/figure>\n<figure class=\"wp-block-image size-large\">\n  <img decoding=\"async\" src=\"https:\/\/www.meydan.tv\/az\/30-png\/\" alt=\"30.png\" class=\"wp-image-133239\"\/><figcaption>\n    Tbilisid\u0259 aksiyan\u0131n da\u011f\u0131d\u0131lmas\u0131<br \/>\n  <\/figcaption><\/figure>\n","protected":false},"excerpt":{"rendered":"<p>Noyabr\u0131n 17-d\u0259 ax\u015fama do\u011fru etiraz\u00e7\u0131lar parlament qar\u015f\u0131s\u0131nda \u00e7ad\u0131rlarda gec\u0259l\u0259m\u0259y\u0259 ba\u015flay\u0131blar, onlar parlamentin giri\u015f v\u0259 \u00e7\u0131x\u0131\u015flar\u0131n\u0131 ba\u011flay\u0131b, deputatlara binaya girm\u0259y\u0259 imkan verm\u0259yibl\u0259r.<\/p>\n","protected":false},"author":11,"featured_media":133209,"comment_status":"closed","ping_status":"open","sticky":false,"template":"","format":"standard","meta":{"_acf_changed":false,"_sitemap_exclude":false,"_sitemap_priority":"","_sitemap_frequency":"","footnotes":""},"categories":[64],"tags":[],"class_list":["post-197988","post","type-post","status-publish","format-standard","has-post-thumbnail","hentry","category-dunya","infinite-scroll-item","generate-columns","tablet-grid-50","mobile-grid-100","grid-parent","grid-33","no-featured-image-padding"],"acf":[],"yoast_head":"<!-- This site is optimized with the Yoast SEO plugin v27.5 - https:\/\/yoast.com\/product\/yoast-seo-wordpress\/ -->\n<title>Tbilisid\u0259 etiraz aksiyas\u0131 nec\u0259 da\u011f\u0131d\u0131ld\u0131? JAMnews-un fotoreportaj\u0131 - MEYDAN.TV<\/title>\n<meta name=\"robots\" content=\"index, follow, max-snippet:-1, max-image-preview:large, max-video-preview:-1\" \/>\n<link rel=\"canonical\" href=\"https:\/\/www.meydan.tv\/az\/article\/tbiliside-etiraz-aksiyasi-nece-dagidildi-jamnews-un-fotoreportaji\/\" \/>\n<meta property=\"og:locale\" content=\"az_AZ\" \/>\n<meta property=\"og:type\" content=\"article\" \/>\n<meta property=\"og:title\" content=\"Tbilisid\u0259 etiraz aksiyas\u0131 nec\u0259 da\u011f\u0131d\u0131ld\u0131? JAMnews-un fotoreportaj\u0131 - MEYDAN.TV\" \/>\n<meta property=\"og:description\" content=\"Noyabr\u0131n 17-d\u0259 ax\u015fama do\u011fru etiraz\u00e7\u0131lar parlament qar\u015f\u0131s\u0131nda \u00e7ad\u0131rlarda gec\u0259l\u0259m\u0259y\u0259 ba\u015flay\u0131blar, onlar parlamentin giri\u015f v\u0259 \u00e7\u0131x\u0131\u015flar\u0131n\u0131 ba\u011flay\u0131b, deputatlara binaya girm\u0259y\u0259 imkan verm\u0259yibl\u0259r.\" \/>\n<meta property=\"og:url\" content=\"https:\/\/www.meydan.tv\/az\/article\/tbiliside-etiraz-aksiyasi-nece-dagidildi-jamnews-un-fotoreportaji\/\" \/>\n<meta property=\"og:site_name\" content=\"MEYDAN.TV\" \/>\n<meta property=\"article:published_time\" content=\"2019-11-18T20:50:53+00:00\" \/>\n<meta property=\"og:image\" content=\"https:\/\/www.meydan.tv\/wp-content\/uploads\/21_hn6iwqz.jpg\" \/>\n\t<meta property=\"og:image:width\" content=\"1200\" \/>\n\t<meta property=\"og:image:height\" content=\"800\" \/>\n\t<meta property=\"og:image:type\" content=\"image\/jpeg\" \/>\n<meta name=\"author\" content=\"user-manager\" \/>\n<meta name=\"twitter:card\" content=\"summary_large_image\" \/>\n<script type=\"application\/ld+json\" class=\"yoast-schema-graph\">{\"@context\":\"https:\\\/\\\/schema.org\",\"@graph\":[{\"@type\":\"Article\",\"@id\":\"https:\\\/\\\/www.meydan.tv\\\/az\\\/article\\\/tbiliside-etiraz-aksiyasi-nece-dagidildi-jamnews-un-fotoreportaji\\\/#article\",\"isPartOf\":{\"@id\":\"https:\\\/\\\/www.meydan.tv\\\/az\\\/article\\\/tbiliside-etiraz-aksiyasi-nece-dagidildi-jamnews-un-fotoreportaji\\\/\"},\"author\":{\"name\":\"user-manager\",\"@id\":\"https:\\\/\\\/www.meydan.tv\\\/az\\\/#\\\/schema\\\/person\\\/10d11eccf6da3662cf5fdab9806ea91a\"},\"headline\":\"Tbilisid\u0259 etiraz aksiyas\u0131 nec\u0259 da\u011f\u0131d\u0131ld\u0131? JAMnews-un fotoreportaj\u0131\",\"datePublished\":\"2019-11-18T20:50:53+00:00\",\"mainEntityOfPage\":{\"@id\":\"https:\\\/\\\/www.meydan.tv\\\/az\\\/article\\\/tbiliside-etiraz-aksiyasi-nece-dagidildi-jamnews-un-fotoreportaji\\\/\"},\"wordCount\":531,\"publisher\":{\"@id\":\"https:\\\/\\\/www.meydan.tv\\\/az\\\/#organization\"},\"image\":{\"@id\":\"https:\\\/\\\/www.meydan.tv\\\/az\\\/article\\\/tbiliside-etiraz-aksiyasi-nece-dagidildi-jamnews-un-fotoreportaji\\\/#primaryimage\"},\"thumbnailUrl\":\"https:\\\/\\\/www.meydan.tv\\\/wp-content\\\/uploads\\\/21_hn6iwqz.jpg\",\"articleSection\":[\"D\u00fcnya\"],\"inLanguage\":\"az\"},{\"@type\":\"WebPage\",\"@id\":\"https:\\\/\\\/www.meydan.tv\\\/az\\\/article\\\/tbiliside-etiraz-aksiyasi-nece-dagidildi-jamnews-un-fotoreportaji\\\/\",\"url\":\"https:\\\/\\\/www.meydan.tv\\\/az\\\/article\\\/tbiliside-etiraz-aksiyasi-nece-dagidildi-jamnews-un-fotoreportaji\\\/\",\"name\":\"Tbilisid\u0259 etiraz aksiyas\u0131 nec\u0259 da\u011f\u0131d\u0131ld\u0131? JAMnews-un fotoreportaj\u0131 - MEYDAN.TV\",\"isPartOf\":{\"@id\":\"https:\\\/\\\/www.meydan.tv\\\/az\\\/#website\"},\"primaryImageOfPage\":{\"@id\":\"https:\\\/\\\/www.meydan.tv\\\/az\\\/article\\\/tbiliside-etiraz-aksiyasi-nece-dagidildi-jamnews-un-fotoreportaji\\\/#primaryimage\"},\"image\":{\"@id\":\"https:\\\/\\\/www.meydan.tv\\\/az\\\/article\\\/tbiliside-etiraz-aksiyasi-nece-dagidildi-jamnews-un-fotoreportaji\\\/#primaryimage\"},\"thumbnailUrl\":\"https:\\\/\\\/www.meydan.tv\\\/wp-content\\\/uploads\\\/21_hn6iwqz.jpg\",\"datePublished\":\"2019-11-18T20:50:53+00:00\",\"breadcrumb\":{\"@id\":\"https:\\\/\\\/www.meydan.tv\\\/az\\\/article\\\/tbiliside-etiraz-aksiyasi-nece-dagidildi-jamnews-un-fotoreportaji\\\/#breadcrumb\"},\"inLanguage\":\"az\",\"potentialAction\":[{\"@type\":\"ReadAction\",\"target\":[\"https:\\\/\\\/www.meydan.tv\\\/az\\\/article\\\/tbiliside-etiraz-aksiyasi-nece-dagidildi-jamnews-un-fotoreportaji\\\/\"]}]},{\"@type\":\"ImageObject\",\"inLanguage\":\"az\",\"@id\":\"https:\\\/\\\/www.meydan.tv\\\/az\\\/article\\\/tbiliside-etiraz-aksiyasi-nece-dagidildi-jamnews-un-fotoreportaji\\\/#primaryimage\",\"url\":\"https:\\\/\\\/www.meydan.tv\\\/wp-content\\\/uploads\\\/21_hn6iwqz.jpg\",\"contentUrl\":\"https:\\\/\\\/www.meydan.tv\\\/wp-content\\\/uploads\\\/21_hn6iwqz.jpg\",\"width\":1200,\"height\":800,\"caption\":\"Source: JAMnews\"},{\"@type\":\"BreadcrumbList\",\"@id\":\"https:\\\/\\\/www.meydan.tv\\\/az\\\/article\\\/tbiliside-etiraz-aksiyasi-nece-dagidildi-jamnews-un-fotoreportaji\\\/#breadcrumb\",\"itemListElement\":[{\"@type\":\"ListItem\",\"position\":1,\"name\":\"Ana s\u0259hif\u0259\",\"item\":\"https:\\\/\\\/www.meydan.tv\\\/az\\\/\"},{\"@type\":\"ListItem\",\"position\":2,\"name\":\"D\u00fcnya\",\"item\":\"https:\\\/\\\/www.meydan.tv\\\/az\\\/section\\\/dunya\\\/\"},{\"@type\":\"ListItem\",\"position\":3,\"name\":\"Tbilisid\u0259 etiraz aksiyas\u0131 nec\u0259 da\u011f\u0131d\u0131ld\u0131? JAMnews-un fotoreportaj\u0131\"}]},{\"@type\":\"WebSite\",\"@id\":\"https:\\\/\\\/www.meydan.tv\\\/az\\\/#website\",\"url\":\"https:\\\/\\\/www.meydan.tv\\\/az\\\/\",\"name\":\"MEYDAN.TV\",\"description\":\"Meydan TV Az\u0259rbaycan\u0131n media m\u0259kan\u0131ndak\u0131 alternativ s\u0259sidir\",\"publisher\":{\"@id\":\"https:\\\/\\\/www.meydan.tv\\\/az\\\/#organization\"},\"potentialAction\":[{\"@type\":\"SearchAction\",\"target\":{\"@type\":\"EntryPoint\",\"urlTemplate\":\"https:\\\/\\\/www.meydan.tv\\\/az\\\/?s={search_term_string}\"},\"query-input\":{\"@type\":\"PropertyValueSpecification\",\"valueRequired\":true,\"valueName\":\"search_term_string\"}}],\"inLanguage\":\"az\"},{\"@type\":\"Organization\",\"@id\":\"https:\\\/\\\/www.meydan.tv\\\/az\\\/#organization\",\"name\":\"Meydan TV\",\"url\":\"https:\\\/\\\/www.meydan.tv\\\/az\\\/\",\"logo\":{\"@type\":\"ImageObject\",\"inLanguage\":\"az\",\"@id\":\"https:\\\/\\\/www.meydan.tv\\\/az\\\/#\\\/schema\\\/logo\\\/image\\\/\",\"url\":\"https:\\\/\\\/www.meydan.tv\\\/wp-content\\\/uploads\\\/2021\\\/07\\\/meydan-logo.svg\",\"contentUrl\":\"https:\\\/\\\/www.meydan.tv\\\/wp-content\\\/uploads\\\/2021\\\/07\\\/meydan-logo.svg\",\"width\":195,\"height\":46,\"caption\":\"Meydan TV\"},\"image\":{\"@id\":\"https:\\\/\\\/www.meydan.tv\\\/az\\\/#\\\/schema\\\/logo\\\/image\\\/\"}},{\"@type\":\"Person\",\"@id\":\"https:\\\/\\\/www.meydan.tv\\\/az\\\/#\\\/schema\\\/person\\\/10d11eccf6da3662cf5fdab9806ea91a\",\"name\":\"user-manager\"}]}<\/script>\n<!-- \/ Yoast SEO plugin. -->","yoast_head_json":{"title":"Tbilisid\u0259 etiraz aksiyas\u0131 nec\u0259 da\u011f\u0131d\u0131ld\u0131? JAMnews-un fotoreportaj\u0131 - MEYDAN.TV","robots":{"index":"index","follow":"follow","max-snippet":"max-snippet:-1","max-image-preview":"max-image-preview:large","max-video-preview":"max-video-preview:-1"},"canonical":"https:\/\/www.meydan.tv\/az\/article\/tbiliside-etiraz-aksiyasi-nece-dagidildi-jamnews-un-fotoreportaji\/","og_locale":"az_AZ","og_type":"article","og_title":"Tbilisid\u0259 etiraz aksiyas\u0131 nec\u0259 da\u011f\u0131d\u0131ld\u0131? JAMnews-un fotoreportaj\u0131 - MEYDAN.TV","og_description":"Noyabr\u0131n 17-d\u0259 ax\u015fama do\u011fru etiraz\u00e7\u0131lar parlament qar\u015f\u0131s\u0131nda \u00e7ad\u0131rlarda gec\u0259l\u0259m\u0259y\u0259 ba\u015flay\u0131blar, onlar parlamentin giri\u015f v\u0259 \u00e7\u0131x\u0131\u015flar\u0131n\u0131 ba\u011flay\u0131b, deputatlara binaya girm\u0259y\u0259 imkan verm\u0259yibl\u0259r.","og_url":"https:\/\/www.meydan.tv\/az\/article\/tbiliside-etiraz-aksiyasi-nece-dagidildi-jamnews-un-fotoreportaji\/","og_site_name":"MEYDAN.TV","article_published_time":"2019-11-18T20:50:53+00:00","og_image":[{"width":1200,"height":800,"url":"https:\/\/www.meydan.tv\/wp-content\/uploads\/21_hn6iwqz.jpg","type":"image\/jpeg"}],"author":"user-manager","twitter_card":"summary_large_image","schema":{"@context":"https:\/\/schema.org","@graph":[{"@type":"Article","@id":"https:\/\/www.meydan.tv\/az\/article\/tbiliside-etiraz-aksiyasi-nece-dagidildi-jamnews-un-fotoreportaji\/#article","isPartOf":{"@id":"https:\/\/www.meydan.tv\/az\/article\/tbiliside-etiraz-aksiyasi-nece-dagidildi-jamnews-un-fotoreportaji\/"},"author":{"name":"user-manager","@id":"https:\/\/www.meydan.tv\/az\/#\/schema\/person\/10d11eccf6da3662cf5fdab9806ea91a"},"headline":"Tbilisid\u0259 etiraz aksiyas\u0131 nec\u0259 da\u011f\u0131d\u0131ld\u0131? JAMnews-un fotoreportaj\u0131","datePublished":"2019-11-18T20:50:53+00:00","mainEntityOfPage":{"@id":"https:\/\/www.meydan.tv\/az\/article\/tbiliside-etiraz-aksiyasi-nece-dagidildi-jamnews-un-fotoreportaji\/"},"wordCount":531,"publisher":{"@id":"https:\/\/www.meydan.tv\/az\/#organization"},"image":{"@id":"https:\/\/www.meydan.tv\/az\/article\/tbiliside-etiraz-aksiyasi-nece-dagidildi-jamnews-un-fotoreportaji\/#primaryimage"},"thumbnailUrl":"https:\/\/www.meydan.tv\/wp-content\/uploads\/21_hn6iwqz.jpg","articleSection":["D\u00fcnya"],"inLanguage":"az"},{"@type":"WebPage","@id":"https:\/\/www.meydan.tv\/az\/article\/tbiliside-etiraz-aksiyasi-nece-dagidildi-jamnews-un-fotoreportaji\/","url":"https:\/\/www.meydan.tv\/az\/article\/tbiliside-etiraz-aksiyasi-nece-dagidildi-jamnews-un-fotoreportaji\/","name":"Tbilisid\u0259 etiraz aksiyas\u0131 nec\u0259 da\u011f\u0131d\u0131ld\u0131? JAMnews-un fotoreportaj\u0131 - MEYDAN.TV","isPartOf":{"@id":"https:\/\/www.meydan.tv\/az\/#website"},"primaryImageOfPage":{"@id":"https:\/\/www.meydan.tv\/az\/article\/tbiliside-etiraz-aksiyasi-nece-dagidildi-jamnews-un-fotoreportaji\/#primaryimage"},"image":{"@id":"https:\/\/www.meydan.tv\/az\/article\/tbiliside-etiraz-aksiyasi-nece-dagidildi-jamnews-un-fotoreportaji\/#primaryimage"},"thumbnailUrl":"https:\/\/www.meydan.tv\/wp-content\/uploads\/21_hn6iwqz.jpg","datePublished":"2019-11-18T20:50:53+00:00","breadcrumb":{"@id":"https:\/\/www.meydan.tv\/az\/article\/tbiliside-etiraz-aksiyasi-nece-dagidildi-jamnews-un-fotoreportaji\/#breadcrumb"},"inLanguage":"az","potentialAction":[{"@type":"ReadAction","target":["https:\/\/www.meydan.tv\/az\/article\/tbiliside-etiraz-aksiyasi-nece-dagidildi-jamnews-un-fotoreportaji\/"]}]},{"@type":"ImageObject","inLanguage":"az","@id":"https:\/\/www.meydan.tv\/az\/article\/tbiliside-etiraz-aksiyasi-nece-dagidildi-jamnews-un-fotoreportaji\/#primaryimage","url":"https:\/\/www.meydan.tv\/wp-content\/uploads\/21_hn6iwqz.jpg","contentUrl":"https:\/\/www.meydan.tv\/wp-content\/uploads\/21_hn6iwqz.jpg","width":1200,"height":800,"caption":"Source: JAMnews"},{"@type":"BreadcrumbList","@id":"https:\/\/www.meydan.tv\/az\/article\/tbiliside-etiraz-aksiyasi-nece-dagidildi-jamnews-un-fotoreportaji\/#breadcrumb","itemListElement":[{"@type":"ListItem","position":1,"name":"Ana s\u0259hif\u0259","item":"https:\/\/www.meydan.tv\/az\/"},{"@type":"ListItem","position":2,"name":"D\u00fcnya","item":"https:\/\/www.meydan.tv\/az\/section\/dunya\/"},{"@type":"ListItem","position":3,"name":"Tbilisid\u0259 etiraz aksiyas\u0131 nec\u0259 da\u011f\u0131d\u0131ld\u0131? JAMnews-un fotoreportaj\u0131"}]},{"@type":"WebSite","@id":"https:\/\/www.meydan.tv\/az\/#website","url":"https:\/\/www.meydan.tv\/az\/","name":"MEYDAN.TV","description":"Meydan TV Az\u0259rbaycan\u0131n media m\u0259kan\u0131ndak\u0131 alternativ s\u0259sidir","publisher":{"@id":"https:\/\/www.meydan.tv\/az\/#organization"},"potentialAction":[{"@type":"SearchAction","target":{"@type":"EntryPoint","urlTemplate":"https:\/\/www.meydan.tv\/az\/?s={search_term_string}"},"query-input":{"@type":"PropertyValueSpecification","valueRequired":true,"valueName":"search_term_string"}}],"inLanguage":"az"},{"@type":"Organization","@id":"https:\/\/www.meydan.tv\/az\/#organization","name":"Meydan TV","url":"https:\/\/www.meydan.tv\/az\/","logo":{"@type":"ImageObject","inLanguage":"az","@id":"https:\/\/www.meydan.tv\/az\/#\/schema\/logo\/image\/","url":"https:\/\/www.meydan.tv\/wp-content\/uploads\/2021\/07\/meydan-logo.svg","contentUrl":"https:\/\/www.meydan.tv\/wp-content\/uploads\/2021\/07\/meydan-logo.svg","width":195,"height":46,"caption":"Meydan TV"},"image":{"@id":"https:\/\/www.meydan.tv\/az\/#\/schema\/logo\/image\/"}},{"@type":"Person","@id":"https:\/\/www.meydan.tv\/az\/#\/schema\/person\/10d11eccf6da3662cf5fdab9806ea91a","name":"user-manager"}]}},"_links":{"self":[{"href":"https:\/\/www.meydan.tv\/az\/wp-json\/wp\/v2\/posts\/197988","targetHints":{"allow":["GET"]}}],"collection":[{"href":"https:\/\/www.meydan.tv\/az\/wp-json\/wp\/v2\/posts"}],"about":[{"href":"https:\/\/www.meydan.tv\/az\/wp-json\/wp\/v2\/types\/post"}],"author":[{"embeddable":true,"href":"https:\/\/www.meydan.tv\/az\/wp-json\/wp\/v2\/users\/11"}],"replies":[{"embeddable":true,"href":"https:\/\/www.meydan.tv\/az\/wp-json\/wp\/v2\/comments?post=197988"}],"version-history":[{"count":0,"href":"https:\/\/www.meydan.tv\/az\/wp-json\/wp\/v2\/posts\/197988\/revisions"}],"wp:featuredmedia":[{"embeddable":true,"href":"https:\/\/www.meydan.tv\/az\/wp-json\/wp\/v2\/media\/133209"}],"wp:attachment":[{"href":"https:\/\/www.meydan.tv\/az\/wp-json\/wp\/v2\/media?parent=197988"}],"wp:term":[{"taxonomy":"category","embeddable":true,"href":"https:\/\/www.meydan.tv\/az\/wp-json\/wp\/v2\/categories?post=197988"},{"taxonomy":"post_tag","embeddable":true,"href":"https:\/\/www.meydan.tv\/az\/wp-json\/wp\/v2\/tags?post=197988"}],"curies":[{"name":"wp","href":"https:\/\/api.w.org\/{rel}","templated":true}]}}