{"id":197984,"date":"2019-11-18T21:18:10","date_gmt":"2019-11-18T21:18:10","guid":{"rendered":"https:\/\/www.meydan.tv\/article\/iran-inqilab-kesikcileri-etirazlar-durmazsa-qeti-addim-atacaqlarini-deyib\/"},"modified":"2019-11-18T21:18:10","modified_gmt":"2019-11-18T21:18:10","slug":"iran-inqilab-kesikcileri-etirazlar-durmazsa-qeti-addim-atacaqlarini-deyib","status":"publish","type":"post","link":"https:\/\/www.meydan.tv\/az\/article\/iran-inqilab-kesikcileri-etirazlar-durmazsa-qeti-addim-atacaqlarini-deyib\/","title":{"rendered":"\u0130ran \u0130nqilab Ke\u015fik\u00e7il\u0259ri etirazlar durmazsa, q\u0259ti add\u0131m atacaqlar\u0131n\u0131 deyib"},"content":{"rendered":"<p>\n  <i><br \/>\n    D\u00f6vl\u0259t medias\u0131 x\u0259b\u0259r verir ki, \u0259n az\u0131 100 bank v\u0259 onlarla bina v\u0259 ma\u015f\u0131n yand\u0131r\u0131l\u0131b<br \/>\n  <\/i>\n<\/p>\n<p>\n  \u0130ran\u0131n \u0130nqilab Ke\u015fik\u00e7il\u0259ri h\u00f6kum\u0259t \u0259leyhin\u0259 etiraz\u00e7\u0131lara x\u0259b\u0259rdarl\u0131q edibl\u0259r ki, benzin qiym\u0259tind\u0259ki art\u0131mla ba\u011fl\u0131 narahatl\u0131qlar\u0131n\u0131 dayand\u0131rmayacaqlar\u0131 t\u0259qdird\u0259 onlara qar\u015f\u0131 s\u0259rt t\u0259hl\u00fck\u0259sizlik t\u0259dbirl\u0259ri h\u0259yata ke\u00e7iril\u0259 bil\u0259r, \u201cReuters\u201d x\u0259b\u0259r verir.\n<\/p>\n<p>\n  C\u00fcm\u0259 g\u00fcn\u00fcnd\u0259n etibar\u0259n benzinin \u0259n az 50 faiz qiym\u0259t art\u0131m\u0131 elanlar\u0131 il\u0259 ba\u015flayan etirazlarda n\u00fcmayi\u015f\u00e7il\u0259rin \u0259sas t\u0259l\u0259bi r\u0259hb\u0259r din xadiml\u0259rinin istefas\u0131 olub. D\u00f6vl\u0259t medias\u0131 x\u0259b\u0259r verir ki, \u0259n az\u0131 100 bank v\u0259 onlarla bina v\u0259 ma\u015f\u0131n yand\u0131r\u0131l\u0131b.\n<\/p>\n<p>\n  \u0130\u011fti\u015fa\u015flar\u0131n miqyas\u0131 b\u0259lli deyil. Hakimiyy\u0259t mitinql\u0259r t\u0259\u015fkil etm\u0259k v\u0259 video yaymaq \u00fc\u00e7\u00fcn sosial mediadan istifad\u0259ni v\u0259 internet\u0259 giri\u015fi m\u0259hdudla\u015fd\u0131r\u0131b.\n<\/p>\n<p>\n  Etirazlar 2017-ci ilin sonlar\u0131ndan b\u0259ri ba\u015f vermi\u015f \u0259n a\u011f\u0131r i\u011fti\u015fa\u015flar kimi g\u00f6r\u00fcn\u00fcr. 2017-ci ild\u0259 onlarla \u015f\u0259h\u0259r v\u0259 q\u0259s\u0259b\u0259d\u0259 yoxsul ya\u015fay\u0131\u015f s\u0259viyy\u0259sin\u0259 etiraz olaraq t\u0259\u015fkil edilmi\u015f n\u00fcmayi\u015fl\u0259r zaman\u0131 22 n\u0259f\u0259rin \u00f6ld\u00fcr\u00fcld\u00fcy\u00fc qeyd edilir. \u0130ki il bundan \u00f6nc\u0259 ba\u015f vermi\u015f etirazlar zaman\u0131 da etiraz\u00e7\u0131lar \u015fi\u0259 m\u00fcs\u0259lman elitas\u0131n\u0131n n\u00fcmay\u0259nd\u0259l\u0259rini istefaya \u00e7a\u011f\u0131rm\u0131\u015fd\u0131.\n<\/p>\n<p>\n  Prezident H\u0259s\u0259n Ruhaninin h\u00f6kum\u0259ti benzinin qiym\u0259tinin artmas\u0131n\u0131n 18 milyon ail\u0259y\u0259, o c\u00fcml\u0259d\u0259n azg\u0259lirli 60 milyon iranl\u0131ya \u0259lav\u0259 subsidiya \u00fc\u00e7\u00fcn ild\u0259 2.55 milyard dollar toplamaq niyy\u0259ti il\u0259 edildiyini qeyd edib.\n<\/p>\n<p>\n  Ancaq bir \u00e7ox iranl\u0131 h\u00f6kum\u0259tin daha \u00e7ox i\u015f v\u0259 investisiya yat\u0131r\u0131mlar\u0131 v\u0259dl\u0259rini pozan AB\u015e sanksiyalar\u0131ndan da hirsli v\u0259 \u00fcmidsiz olduqlar\u0131n\u0131 dil\u0259 g\u0259tiribl\u0259r.\n<\/p>\n<p>\n  \u201cLaz\u0131m g\u0259l\u0259rs\u0259, xalq\u0131n \u0259min-amanl\u0131\u011f\u0131n\u0131 v\u0259 t\u0259hl\u00fck\u0259sizliyini pozmaq \u00fc\u00e7\u00fcn davam ed\u0259n h\u0259r hans\u0131 bir add\u0131ma qar\u015f\u0131 q\u0259tiyy\u0259tli v\u0259 inqilabi h\u0259r\u0259k\u0259t\u0259 ke\u00e7\u0259c\u0259yik\u201d,- \u0130ran\u0131n \u0259sas t\u0259hl\u00fck\u0259sizlik q\u00fcvv\u0259si olan \u0130nqilabi Ke\u015fik\u00e7il\u0259r b\u0259yanat\u0131nda qeyd edib.\n<\/p>\n<p>\n  Bazar g\u00fcn\u00fc Ali r\u0259hb\u0259r Ay\u0259tullah \u018fli Xameney ba\u015f ver\u0259n qar\u0131\u015f\u0131ql\u0131qda m\u00fcxalif q\u00fcvv\u0259l\u0259ri v\u0259 xarici d\u00fc\u015fm\u0259nl\u0259ri g\u00fcnahland\u0131r\u0131b, ictimai m\u00fclkl\u0259r\u0259 h\u00fccum ed\u0259n etiraz\u00e7\u0131lar\u0131 \u201cqar\u0259t\u00e7i\u201d v\u0259 \u201cxuliqan\u201d adland\u0131r\u0131b.\n<\/p>\n<p>\n  B\u0259zi iranl\u0131lar sosial mediada polisin etiraz\u00e7\u0131lar\u0131 da\u011f\u0131tmaq \u00fc\u00e7\u00fcn g\u00f6zya\u015fard\u0131c\u0131 qazdan istifad\u0259 etdiyini g\u00f6st\u0259r\u0259n video yay\u0131mlay\u0131b. G\u00f6r\u00fcnt\u00fcl\u0259r \u201cReuters\u201d agentliyi t\u0259r\u0259find\u0259n t\u0259sdiql\u0259nm\u0259yib. Hakimiyy\u0259t deyib ki, bir polis v\u0259 bir m\u00fclki \u015f\u0259xs \u00f6ld\u00fcr\u00fcl\u00fcb v\u0259 1000 i\u011fti\u015fa\u015f\u00e7\u0131 h\u0259bs edilib.\n<\/p>\n<p>\n  H\u00f6kum\u0259t s\u00f6z\u00e7\u00fcs\u00fc Ali Rabiei, televiziyada ke\u00e7iril\u0259n m\u0259tbuat konfrans\u0131nda deyib: &quot;Qiyam\u00e7\u0131lar b\u0131\u00e7aq v\u0259 silah istifad\u0259 edib &#8230; Bir s\u0131ra t\u0259hl\u00fck\u0259sizlik q\u00fcvv\u0259l\u0259ri v\u0259 polisl\u0259r \u00f6ld\u00fcr\u00fcl\u00fcb v\u0259 ya girov g\u00f6t\u00fcr\u00fcl\u00fcb&quot;.\n<\/p>\n<p>\n  Ke\u00e7\u0259n il Prezident Donald Tramp\u0131n AB\u015e-\u0131 Tehran\u0131n d\u00fcnya g\u00fccl\u0259ri il\u0259 ba\u011flad\u0131\u011f\u0131 n\u00fcv\u0259 sazi\u015find\u0259n \u00e7\u0131xarmas\u0131 v\u0259 sazi\u015fl\u0259 l\u0259\u011fv edilmi\u015f sanksiyalar\u0131 yenid\u0259n b\u0259rpa etm\u0259si yerli iranl\u0131lar\u0131n h\u0259yat\u0131na k\u00f6kl\u00fc t\u0259sir edib. Xalq\u0131n naraz\u0131l\u0131\u011f\u0131 \u0130ran milli valyutas\u0131n\u0131n d\u0259y\u0259rd\u0259n d\u00fc\u015fm\u0259siyl\u0259 daha da art\u0131b. \u00c7\u00f6r\u0259k, d\u00fcy\u00fc v\u0259 dig\u0259r m\u0259hsullar\u0131n qiym\u0259tind\u0259 art\u0131m yaran\u0131b. Va\u015finqton Tehrana daha \u0259h\u0259miyy\u0259tli n\u00fcv\u0259 v\u0259 t\u0259hl\u00fck\u0259sizlik g\u00fcz\u0259\u015ftl\u0259ri etm\u0259si \u00fc\u00e7\u00fcn maksimum t\u0259zyiq g\u00f6st\u0259rir.<\/p>\n","protected":false},"excerpt":{"rendered":"<p>Etirazlar 2017-ci ilin sonlar\u0131ndan b\u0259ri ba\u015f vermi\u015f \u0259n a\u011f\u0131r i\u011fti\u015fa\u015flar kimi g\u00f6r\u00fcn\u00fcr.<\/p>\n","protected":false},"author":11,"featured_media":133233,"comment_status":"closed","ping_status":"open","sticky":false,"template":"","format":"standard","meta":{"_acf_changed":false,"_sitemap_exclude":false,"_sitemap_priority":"","_sitemap_frequency":"","footnotes":""},"categories":[64],"tags":[],"class_list":["post-197984","post","type-post","status-publish","format-standard","has-post-thumbnail","hentry","category-dunya","infinite-scroll-item","generate-columns","tablet-grid-50","mobile-grid-100","grid-parent","grid-33","no-featured-image-padding"],"acf":[],"yoast_head":"<!-- This site is optimized with the Yoast SEO plugin v27.5 - https:\/\/yoast.com\/product\/yoast-seo-wordpress\/ -->\n<title>\u0130ran \u0130nqilab Ke\u015fik\u00e7il\u0259ri etirazlar durmazsa, q\u0259ti add\u0131m atacaqlar\u0131n\u0131 deyib - MEYDAN.TV<\/title>\n<meta name=\"robots\" content=\"index, follow, max-snippet:-1, max-image-preview:large, max-video-preview:-1\" \/>\n<link rel=\"canonical\" href=\"https:\/\/www.meydan.tv\/az\/article\/iran-inqilab-kesikcileri-etirazlar-durmazsa-qeti-addim-atacaqlarini-deyib\/\" \/>\n<meta property=\"og:locale\" content=\"az_AZ\" \/>\n<meta property=\"og:type\" content=\"article\" \/>\n<meta property=\"og:title\" content=\"\u0130ran \u0130nqilab Ke\u015fik\u00e7il\u0259ri etirazlar durmazsa, q\u0259ti add\u0131m atacaqlar\u0131n\u0131 deyib - MEYDAN.TV\" \/>\n<meta property=\"og:description\" content=\"Etirazlar 2017-ci ilin sonlar\u0131ndan b\u0259ri ba\u015f vermi\u015f \u0259n a\u011f\u0131r i\u011fti\u015fa\u015flar kimi g\u00f6r\u00fcn\u00fcr.\" \/>\n<meta property=\"og:url\" content=\"https:\/\/www.meydan.tv\/az\/article\/iran-inqilab-kesikcileri-etirazlar-durmazsa-qeti-addim-atacaqlarini-deyib\/\" \/>\n<meta property=\"og:site_name\" content=\"MEYDAN.TV\" \/>\n<meta property=\"article:published_time\" content=\"2019-11-18T21:18:10+00:00\" \/>\n<meta property=\"og:image\" content=\"https:\/\/www.meydan.tv\/wp-content\/uploads\/seal_of_the_joint_staff_of_the_islamic_republic_of_iran_army.svg_.png\" \/>\n\t<meta property=\"og:image:width\" content=\"1200\" \/>\n\t<meta property=\"og:image:height\" content=\"1200\" \/>\n\t<meta property=\"og:image:type\" content=\"image\/png\" \/>\n<meta name=\"author\" content=\"user-manager\" \/>\n<meta name=\"twitter:card\" content=\"summary_large_image\" \/>\n<script type=\"application\/ld+json\" class=\"yoast-schema-graph\">{\"@context\":\"https:\\\/\\\/schema.org\",\"@graph\":[{\"@type\":\"Article\",\"@id\":\"https:\\\/\\\/www.meydan.tv\\\/az\\\/article\\\/iran-inqilab-kesikcileri-etirazlar-durmazsa-qeti-addim-atacaqlarini-deyib\\\/#article\",\"isPartOf\":{\"@id\":\"https:\\\/\\\/www.meydan.tv\\\/az\\\/article\\\/iran-inqilab-kesikcileri-etirazlar-durmazsa-qeti-addim-atacaqlarini-deyib\\\/\"},\"author\":{\"name\":\"user-manager\",\"@id\":\"https:\\\/\\\/www.meydan.tv\\\/az\\\/#\\\/schema\\\/person\\\/10d11eccf6da3662cf5fdab9806ea91a\"},\"headline\":\"\u0130ran \u0130nqilab Ke\u015fik\u00e7il\u0259ri etirazlar durmazsa, q\u0259ti add\u0131m atacaqlar\u0131n\u0131 deyib\",\"datePublished\":\"2019-11-18T21:18:10+00:00\",\"mainEntityOfPage\":{\"@id\":\"https:\\\/\\\/www.meydan.tv\\\/az\\\/article\\\/iran-inqilab-kesikcileri-etirazlar-durmazsa-qeti-addim-atacaqlarini-deyib\\\/\"},\"wordCount\":682,\"publisher\":{\"@id\":\"https:\\\/\\\/www.meydan.tv\\\/az\\\/#organization\"},\"image\":{\"@id\":\"https:\\\/\\\/www.meydan.tv\\\/az\\\/article\\\/iran-inqilab-kesikcileri-etirazlar-durmazsa-qeti-addim-atacaqlarini-deyib\\\/#primaryimage\"},\"thumbnailUrl\":\"https:\\\/\\\/www.meydan.tv\\\/wp-content\\\/uploads\\\/seal_of_the_joint_staff_of_the_islamic_republic_of_iran_army.svg_.png\",\"articleSection\":[\"D\u00fcnya\"],\"inLanguage\":\"az\"},{\"@type\":\"WebPage\",\"@id\":\"https:\\\/\\\/www.meydan.tv\\\/az\\\/article\\\/iran-inqilab-kesikcileri-etirazlar-durmazsa-qeti-addim-atacaqlarini-deyib\\\/\",\"url\":\"https:\\\/\\\/www.meydan.tv\\\/az\\\/article\\\/iran-inqilab-kesikcileri-etirazlar-durmazsa-qeti-addim-atacaqlarini-deyib\\\/\",\"name\":\"\u0130ran \u0130nqilab Ke\u015fik\u00e7il\u0259ri etirazlar durmazsa, q\u0259ti add\u0131m atacaqlar\u0131n\u0131 deyib - MEYDAN.TV\",\"isPartOf\":{\"@id\":\"https:\\\/\\\/www.meydan.tv\\\/az\\\/#website\"},\"primaryImageOfPage\":{\"@id\":\"https:\\\/\\\/www.meydan.tv\\\/az\\\/article\\\/iran-inqilab-kesikcileri-etirazlar-durmazsa-qeti-addim-atacaqlarini-deyib\\\/#primaryimage\"},\"image\":{\"@id\":\"https:\\\/\\\/www.meydan.tv\\\/az\\\/article\\\/iran-inqilab-kesikcileri-etirazlar-durmazsa-qeti-addim-atacaqlarini-deyib\\\/#primaryimage\"},\"thumbnailUrl\":\"https:\\\/\\\/www.meydan.tv\\\/wp-content\\\/uploads\\\/seal_of_the_joint_staff_of_the_islamic_republic_of_iran_army.svg_.png\",\"datePublished\":\"2019-11-18T21:18:10+00:00\",\"breadcrumb\":{\"@id\":\"https:\\\/\\\/www.meydan.tv\\\/az\\\/article\\\/iran-inqilab-kesikcileri-etirazlar-durmazsa-qeti-addim-atacaqlarini-deyib\\\/#breadcrumb\"},\"inLanguage\":\"az\",\"potentialAction\":[{\"@type\":\"ReadAction\",\"target\":[\"https:\\\/\\\/www.meydan.tv\\\/az\\\/article\\\/iran-inqilab-kesikcileri-etirazlar-durmazsa-qeti-addim-atacaqlarini-deyib\\\/\"]}]},{\"@type\":\"ImageObject\",\"inLanguage\":\"az\",\"@id\":\"https:\\\/\\\/www.meydan.tv\\\/az\\\/article\\\/iran-inqilab-kesikcileri-etirazlar-durmazsa-qeti-addim-atacaqlarini-deyib\\\/#primaryimage\",\"url\":\"https:\\\/\\\/www.meydan.tv\\\/wp-content\\\/uploads\\\/seal_of_the_joint_staff_of_the_islamic_republic_of_iran_army.svg_.png\",\"contentUrl\":\"https:\\\/\\\/www.meydan.tv\\\/wp-content\\\/uploads\\\/seal_of_the_joint_staff_of_the_islamic_republic_of_iran_army.svg_.png\",\"width\":1200,\"height\":1200,\"caption\":\"Source: Foto: arxiv\"},{\"@type\":\"BreadcrumbList\",\"@id\":\"https:\\\/\\\/www.meydan.tv\\\/az\\\/article\\\/iran-inqilab-kesikcileri-etirazlar-durmazsa-qeti-addim-atacaqlarini-deyib\\\/#breadcrumb\",\"itemListElement\":[{\"@type\":\"ListItem\",\"position\":1,\"name\":\"Ana s\u0259hif\u0259\",\"item\":\"https:\\\/\\\/www.meydan.tv\\\/az\\\/\"},{\"@type\":\"ListItem\",\"position\":2,\"name\":\"D\u00fcnya\",\"item\":\"https:\\\/\\\/www.meydan.tv\\\/az\\\/section\\\/dunya\\\/\"},{\"@type\":\"ListItem\",\"position\":3,\"name\":\"\u0130ran \u0130nqilab Ke\u015fik\u00e7il\u0259ri etirazlar durmazsa, q\u0259ti add\u0131m atacaqlar\u0131n\u0131 deyib\"}]},{\"@type\":\"WebSite\",\"@id\":\"https:\\\/\\\/www.meydan.tv\\\/az\\\/#website\",\"url\":\"https:\\\/\\\/www.meydan.tv\\\/az\\\/\",\"name\":\"MEYDAN.TV\",\"description\":\"Meydan TV Az\u0259rbaycan\u0131n media m\u0259kan\u0131ndak\u0131 alternativ s\u0259sidir\",\"publisher\":{\"@id\":\"https:\\\/\\\/www.meydan.tv\\\/az\\\/#organization\"},\"potentialAction\":[{\"@type\":\"SearchAction\",\"target\":{\"@type\":\"EntryPoint\",\"urlTemplate\":\"https:\\\/\\\/www.meydan.tv\\\/az\\\/?s={search_term_string}\"},\"query-input\":{\"@type\":\"PropertyValueSpecification\",\"valueRequired\":true,\"valueName\":\"search_term_string\"}}],\"inLanguage\":\"az\"},{\"@type\":\"Organization\",\"@id\":\"https:\\\/\\\/www.meydan.tv\\\/az\\\/#organization\",\"name\":\"Meydan TV\",\"url\":\"https:\\\/\\\/www.meydan.tv\\\/az\\\/\",\"logo\":{\"@type\":\"ImageObject\",\"inLanguage\":\"az\",\"@id\":\"https:\\\/\\\/www.meydan.tv\\\/az\\\/#\\\/schema\\\/logo\\\/image\\\/\",\"url\":\"https:\\\/\\\/www.meydan.tv\\\/wp-content\\\/uploads\\\/2021\\\/07\\\/meydan-logo.svg\",\"contentUrl\":\"https:\\\/\\\/www.meydan.tv\\\/wp-content\\\/uploads\\\/2021\\\/07\\\/meydan-logo.svg\",\"width\":195,\"height\":46,\"caption\":\"Meydan TV\"},\"image\":{\"@id\":\"https:\\\/\\\/www.meydan.tv\\\/az\\\/#\\\/schema\\\/logo\\\/image\\\/\"}},{\"@type\":\"Person\",\"@id\":\"https:\\\/\\\/www.meydan.tv\\\/az\\\/#\\\/schema\\\/person\\\/10d11eccf6da3662cf5fdab9806ea91a\",\"name\":\"user-manager\"}]}<\/script>\n<!-- \/ Yoast SEO plugin. -->","yoast_head_json":{"title":"\u0130ran \u0130nqilab Ke\u015fik\u00e7il\u0259ri etirazlar durmazsa, q\u0259ti add\u0131m atacaqlar\u0131n\u0131 deyib - MEYDAN.TV","robots":{"index":"index","follow":"follow","max-snippet":"max-snippet:-1","max-image-preview":"max-image-preview:large","max-video-preview":"max-video-preview:-1"},"canonical":"https:\/\/www.meydan.tv\/az\/article\/iran-inqilab-kesikcileri-etirazlar-durmazsa-qeti-addim-atacaqlarini-deyib\/","og_locale":"az_AZ","og_type":"article","og_title":"\u0130ran \u0130nqilab Ke\u015fik\u00e7il\u0259ri etirazlar durmazsa, q\u0259ti add\u0131m atacaqlar\u0131n\u0131 deyib - MEYDAN.TV","og_description":"Etirazlar 2017-ci ilin sonlar\u0131ndan b\u0259ri ba\u015f vermi\u015f \u0259n a\u011f\u0131r i\u011fti\u015fa\u015flar kimi g\u00f6r\u00fcn\u00fcr.","og_url":"https:\/\/www.meydan.tv\/az\/article\/iran-inqilab-kesikcileri-etirazlar-durmazsa-qeti-addim-atacaqlarini-deyib\/","og_site_name":"MEYDAN.TV","article_published_time":"2019-11-18T21:18:10+00:00","og_image":[{"width":1200,"height":1200,"url":"https:\/\/www.meydan.tv\/wp-content\/uploads\/seal_of_the_joint_staff_of_the_islamic_republic_of_iran_army.svg_.png","type":"image\/png"}],"author":"user-manager","twitter_card":"summary_large_image","schema":{"@context":"https:\/\/schema.org","@graph":[{"@type":"Article","@id":"https:\/\/www.meydan.tv\/az\/article\/iran-inqilab-kesikcileri-etirazlar-durmazsa-qeti-addim-atacaqlarini-deyib\/#article","isPartOf":{"@id":"https:\/\/www.meydan.tv\/az\/article\/iran-inqilab-kesikcileri-etirazlar-durmazsa-qeti-addim-atacaqlarini-deyib\/"},"author":{"name":"user-manager","@id":"https:\/\/www.meydan.tv\/az\/#\/schema\/person\/10d11eccf6da3662cf5fdab9806ea91a"},"headline":"\u0130ran \u0130nqilab Ke\u015fik\u00e7il\u0259ri etirazlar durmazsa, q\u0259ti add\u0131m atacaqlar\u0131n\u0131 deyib","datePublished":"2019-11-18T21:18:10+00:00","mainEntityOfPage":{"@id":"https:\/\/www.meydan.tv\/az\/article\/iran-inqilab-kesikcileri-etirazlar-durmazsa-qeti-addim-atacaqlarini-deyib\/"},"wordCount":682,"publisher":{"@id":"https:\/\/www.meydan.tv\/az\/#organization"},"image":{"@id":"https:\/\/www.meydan.tv\/az\/article\/iran-inqilab-kesikcileri-etirazlar-durmazsa-qeti-addim-atacaqlarini-deyib\/#primaryimage"},"thumbnailUrl":"https:\/\/www.meydan.tv\/wp-content\/uploads\/seal_of_the_joint_staff_of_the_islamic_republic_of_iran_army.svg_.png","articleSection":["D\u00fcnya"],"inLanguage":"az"},{"@type":"WebPage","@id":"https:\/\/www.meydan.tv\/az\/article\/iran-inqilab-kesikcileri-etirazlar-durmazsa-qeti-addim-atacaqlarini-deyib\/","url":"https:\/\/www.meydan.tv\/az\/article\/iran-inqilab-kesikcileri-etirazlar-durmazsa-qeti-addim-atacaqlarini-deyib\/","name":"\u0130ran \u0130nqilab Ke\u015fik\u00e7il\u0259ri etirazlar durmazsa, q\u0259ti add\u0131m atacaqlar\u0131n\u0131 deyib - MEYDAN.TV","isPartOf":{"@id":"https:\/\/www.meydan.tv\/az\/#website"},"primaryImageOfPage":{"@id":"https:\/\/www.meydan.tv\/az\/article\/iran-inqilab-kesikcileri-etirazlar-durmazsa-qeti-addim-atacaqlarini-deyib\/#primaryimage"},"image":{"@id":"https:\/\/www.meydan.tv\/az\/article\/iran-inqilab-kesikcileri-etirazlar-durmazsa-qeti-addim-atacaqlarini-deyib\/#primaryimage"},"thumbnailUrl":"https:\/\/www.meydan.tv\/wp-content\/uploads\/seal_of_the_joint_staff_of_the_islamic_republic_of_iran_army.svg_.png","datePublished":"2019-11-18T21:18:10+00:00","breadcrumb":{"@id":"https:\/\/www.meydan.tv\/az\/article\/iran-inqilab-kesikcileri-etirazlar-durmazsa-qeti-addim-atacaqlarini-deyib\/#breadcrumb"},"inLanguage":"az","potentialAction":[{"@type":"ReadAction","target":["https:\/\/www.meydan.tv\/az\/article\/iran-inqilab-kesikcileri-etirazlar-durmazsa-qeti-addim-atacaqlarini-deyib\/"]}]},{"@type":"ImageObject","inLanguage":"az","@id":"https:\/\/www.meydan.tv\/az\/article\/iran-inqilab-kesikcileri-etirazlar-durmazsa-qeti-addim-atacaqlarini-deyib\/#primaryimage","url":"https:\/\/www.meydan.tv\/wp-content\/uploads\/seal_of_the_joint_staff_of_the_islamic_republic_of_iran_army.svg_.png","contentUrl":"https:\/\/www.meydan.tv\/wp-content\/uploads\/seal_of_the_joint_staff_of_the_islamic_republic_of_iran_army.svg_.png","width":1200,"height":1200,"caption":"Source: Foto: arxiv"},{"@type":"BreadcrumbList","@id":"https:\/\/www.meydan.tv\/az\/article\/iran-inqilab-kesikcileri-etirazlar-durmazsa-qeti-addim-atacaqlarini-deyib\/#breadcrumb","itemListElement":[{"@type":"ListItem","position":1,"name":"Ana s\u0259hif\u0259","item":"https:\/\/www.meydan.tv\/az\/"},{"@type":"ListItem","position":2,"name":"D\u00fcnya","item":"https:\/\/www.meydan.tv\/az\/section\/dunya\/"},{"@type":"ListItem","position":3,"name":"\u0130ran \u0130nqilab Ke\u015fik\u00e7il\u0259ri etirazlar durmazsa, q\u0259ti add\u0131m atacaqlar\u0131n\u0131 deyib"}]},{"@type":"WebSite","@id":"https:\/\/www.meydan.tv\/az\/#website","url":"https:\/\/www.meydan.tv\/az\/","name":"MEYDAN.TV","description":"Meydan TV Az\u0259rbaycan\u0131n media m\u0259kan\u0131ndak\u0131 alternativ s\u0259sidir","publisher":{"@id":"https:\/\/www.meydan.tv\/az\/#organization"},"potentialAction":[{"@type":"SearchAction","target":{"@type":"EntryPoint","urlTemplate":"https:\/\/www.meydan.tv\/az\/?s={search_term_string}"},"query-input":{"@type":"PropertyValueSpecification","valueRequired":true,"valueName":"search_term_string"}}],"inLanguage":"az"},{"@type":"Organization","@id":"https:\/\/www.meydan.tv\/az\/#organization","name":"Meydan TV","url":"https:\/\/www.meydan.tv\/az\/","logo":{"@type":"ImageObject","inLanguage":"az","@id":"https:\/\/www.meydan.tv\/az\/#\/schema\/logo\/image\/","url":"https:\/\/www.meydan.tv\/wp-content\/uploads\/2021\/07\/meydan-logo.svg","contentUrl":"https:\/\/www.meydan.tv\/wp-content\/uploads\/2021\/07\/meydan-logo.svg","width":195,"height":46,"caption":"Meydan TV"},"image":{"@id":"https:\/\/www.meydan.tv\/az\/#\/schema\/logo\/image\/"}},{"@type":"Person","@id":"https:\/\/www.meydan.tv\/az\/#\/schema\/person\/10d11eccf6da3662cf5fdab9806ea91a","name":"user-manager"}]}},"_links":{"self":[{"href":"https:\/\/www.meydan.tv\/az\/wp-json\/wp\/v2\/posts\/197984","targetHints":{"allow":["GET"]}}],"collection":[{"href":"https:\/\/www.meydan.tv\/az\/wp-json\/wp\/v2\/posts"}],"about":[{"href":"https:\/\/www.meydan.tv\/az\/wp-json\/wp\/v2\/types\/post"}],"author":[{"embeddable":true,"href":"https:\/\/www.meydan.tv\/az\/wp-json\/wp\/v2\/users\/11"}],"replies":[{"embeddable":true,"href":"https:\/\/www.meydan.tv\/az\/wp-json\/wp\/v2\/comments?post=197984"}],"version-history":[{"count":0,"href":"https:\/\/www.meydan.tv\/az\/wp-json\/wp\/v2\/posts\/197984\/revisions"}],"wp:featuredmedia":[{"embeddable":true,"href":"https:\/\/www.meydan.tv\/az\/wp-json\/wp\/v2\/media\/133233"}],"wp:attachment":[{"href":"https:\/\/www.meydan.tv\/az\/wp-json\/wp\/v2\/media?parent=197984"}],"wp:term":[{"taxonomy":"category","embeddable":true,"href":"https:\/\/www.meydan.tv\/az\/wp-json\/wp\/v2\/categories?post=197984"},{"taxonomy":"post_tag","embeddable":true,"href":"https:\/\/www.meydan.tv\/az\/wp-json\/wp\/v2\/tags?post=197984"}],"curies":[{"name":"wp","href":"https:\/\/api.w.org\/{rel}","templated":true}]}}