{"id":197983,"date":"2019-11-18T21:13:16","date_gmt":"2019-11-18T21:13:16","guid":{"rendered":"https:\/\/www.meydan.tv\/article\/gurcu-polisi-etirazcilara-qarsi-tezyiqli-sudan-istifade-edib\/"},"modified":"2019-11-18T21:13:16","modified_gmt":"2019-11-18T21:13:16","slug":"gurcu-polisi-etirazcilara-qarsi-tezyiqli-sudan-istifade-edib","status":"publish","type":"post","link":"https:\/\/www.meydan.tv\/az\/article\/gurcu-polisi-etirazcilara-qarsi-tezyiqli-sudan-istifade-edib\/","title":{"rendered":"G\u00fcrc\u00fc polisi etiraz\u00e7\u0131lara qar\u015f\u0131 t\u0259zyiqli sudan istifad\u0259 edib"},"content":{"rendered":"<p>\n  <i><br \/>\n    \u201cMitinq qanun \u00e7\u0259r\u00e7iv\u0259sini a\u015f\u0131b\u201d, &#8211; G\u00fcrc\u00fcstan\u0131n Daxili \u0130\u015fl\u0259r Nazirliyi b\u0259yanat\u0131nda qeyd edib<br \/>\n  <\/i>\n<\/p>\n<p>\n  Tbilisid\u0259 \u00e7evik polis alay\u0131 q\u00fcvv\u0259l\u0259ri parlamentin giri\u015fini ba\u011flayan etiraz\u00e7\u0131lara qar\u015f\u0131 t\u0259zyiqli sudan istifad\u0259 edib, &#8211; \u201cCurrent Time\u201d x\u0259b\u0259r verir.\n<\/p>\n<p>\n  Parlament proporsional se\u00e7ki sistemin\u0259 ke\u00e7idl\u0259 ba\u011fl\u0131 t\u0259l\u0259b olunan konstitusiya d\u0259yi\u015fiklikl\u0259rini r\u0259dd etdiyin\u0259 g\u00f6r\u0259 etirazlar\u0131n d\u00f6rd\u00fcnc\u00fc g\u00fcn\u00fcnd\u0259, noyabr\u0131n 18-d\u0259, y\u00fczl\u0259rl\u0259 n\u00fcmayi\u015f\u00e7i parlament binas\u0131n\u0131n qar\u015f\u0131s\u0131na topla\u015f\u0131b.\n<\/p>\n<p>\n  Hadis\u0259 yerind\u0259n canl\u0131 yay\u0131mlanan video g\u00f6r\u00fcnt\u00fcl\u0259rd\u0259 n\u00fcmayi\u015f\u00e7il\u0259rin su p\u00fcsk\u00fcrd\u00fcs\u00fcyl\u0259 nec\u0259 da\u011f\u0131d\u0131ld\u0131qlar\u0131 g\u00f6r\u00fcn\u00fcr. Qaranl\u0131q d\u00fc\u015fd\u00fckc\u0259 etiraz\u00e7\u0131lar\u0131n b\u00f6y\u00fck qruplar\u0131 parlament binas\u0131 qar\u015f\u0131s\u0131nda polis q\u00fcvv\u0259l\u0259ri il\u0259 \u00fcz-\u00fcz\u0259 qal\u0131b.\n<\/p>\n<p>\n  \u201cMitinq qanun \u00e7\u0259r\u00e7iv\u0259sini a\u015f\u0131b\u201d, &#8211; G\u00fcrc\u00fcstan\u0131n Daxili \u0130\u015fl\u0259r Nazirliyi b\u0259yanat\u0131nda qeyd edib. Ancaq nazirlik parlamentin qar\u015f\u0131s\u0131n\u0131n t\u0259mizl\u0259nm\u0259si \u00fc\u00e7\u00fcn hans\u0131sa add\u0131mlar\u0131n at\u0131laca\u011f\u0131n\u0131 bildirm\u0259yib.\n<\/p>\n<p>\n  Noyabr\u0131n 17-d\u0259 AB\u015e v\u0259 Avropa \u0130ttifaq\u0131 G\u00fcrc\u00fcstan h\u00f6kum\u0259tini, siyasi partiyalar\u0131 v\u0259 v\u0259t\u0259nda\u015f c\u0259miyy\u0259tini erk\u0259n se\u00e7kil\u0259rl\u0259 ba\u011fl\u0131 \u201cdinc dialoqa\u201d \u00e7a\u011f\u0131r\u0131b.\n<\/p>\n<p>\n  Sistemin 2020-ci ild\u0259n etibar\u0259n qar\u0131\u015f\u0131q sistemd\u0259n proporsionala d\u0259yi\u015fdirilm\u0259si iyun v\u0259 iyul aylar\u0131nda Tbilisid\u0259 h\u0259ft\u0259l\u0259rl\u0259 mitinq ke\u00e7ir\u0259n minl\u0259rl\u0259 n\u00fcmayi\u015f\u00e7inin t\u0259l\u0259bl\u0259rind\u0259n biri olub.\n<\/p>\n<p>\n  Qanunverici orqan\u0131n t\u0259xmin\u0259n yar\u0131dan \u00e7oxu proporsional se\u00e7kiyl\u0259 se\u00e7ilir.\n<\/p>\n<p>\n  M\u00fcxalif\u0259t partiyalar\u0131 haz\u0131rk\u0131 se\u00e7ki sisteminin hakim G\u00fcrc\u00fc Arzusu Partiyas\u0131n\u0131n lehin\u0259 oldu\u011funu d\u00fc\u015f\u00fcn\u00fcr.\n<\/p>\n<p>\n  Partiyan\u0131n qurucusu v\u0259 lideri Bidzina \u0130vani\u015fvili d\u0259 daxil olmaqla G\u00fcrc\u00fc Arzusu Partiyas\u0131 s\u00fcr\u0259tl\u0259nmi\u015f islahatlar\u0131 d\u0259st\u0259kl\u0259yib, lakin t\u0259dbirl\u0259r h\u0259l\u0259 d\u0259 n\u0259tic\u0259siz qal\u0131b.\n<\/p>\n<p>\n  Bu, b\u0259zi mill\u0259t v\u0259kill\u0259rinin, o c\u00fcml\u0259d\u0259n spiker m\u00fcavini Tamar Xango\u015fvilini partiyadan istefa verm\u0259sin\u0259 s\u0259b\u0259b olub.\n<\/p>\n<p>\n  Bununla yana\u015f\u0131, G\u00fcrc\u00fc Arzusunun ba\u015f katibi olan Tbilisi meri Kaxa Kaladze deyib ki, se\u00e7icil\u0259r fikirl\u0259rini s\u0259s qutusunda s\u0259sl\u0259ndirm\u0259lidirl\u0259r v\u0259 bunun \u00fc\u00e7\u00fcn se\u00e7kil\u0259ri g\u00f6zl\u0259m\u0259lidirl\u0259r.\n<\/p>\n<p>\n  \u201cSe\u00e7kiy\u0259 bir ild\u0259n daha az qal\u0131b. Art\u0131q se\u00e7ki sistemi il\u0259 ba\u011fl\u0131 yeni t\u0259\u015f\u0259bb\u00fcs n\u0259z\u0259rd\u0259n ke\u00e7irm\u0259k fikrind\u0259 deyilik. Se\u00e7kil\u0259r konstitusiya bax\u0131m\u0131ndan, \u0259n y\u00fcks\u0259k demokratik standartlarda ke\u00e7iril\u0259c\u0259k\u201d, &#8211; o deyib:\n<\/p>\n<p>\n  \u201cBuna g\u00f6r\u0259 d\u0259 biz oponentl\u0259ri se\u00e7kil\u0259r\u0259 haz\u0131rla\u015fma\u011fa \u00e7a\u011f\u0131r\u0131r\u0131q\u201d.\n<\/p>\n<p>\n  Avropa \u0130ttifaq\u0131n\u0131n G\u00fcrc\u00fcstandak\u0131 n\u00fcmay\u0259nd\u0259 hey\u0259ti v\u0259 AB\u015e s\u0259firliyi 17 noyabrdak\u0131 b\u0259yanat\u0131nda deyib ki, onlar \u201cparlamentin konstitusiya d\u0259yi\u015fiklikl\u0259rini q\u0259bul ed\u0259 bilm\u0259m\u0259sin\u0259 g\u00f6r\u0259 g\u00fcrc\u00fc c\u0259miyy\u0259tinin geni\u015f seqmentinin d\u0259rin x\u0259yal q\u0131r\u0131ql\u0131\u011f\u0131na u\u011framas\u0131n\u0131 anlay\u0131r\u201d.\n<\/p>\n<p>\n  \u201cProporsional se\u00e7kiy\u0259 ke\u00e7idin ert\u0259l\u0259nm\u0259si hakim partiya il\u0259 dig\u0259r siyasi partiyalar v\u0259 v\u0259t\u0259nda\u015f c\u0259miyy\u0259ti aras\u0131nda inams\u0131zl\u0131\u011f\u0131 v\u0259 g\u0259rginliyi art\u0131r\u0131b\u201d, \u2013 b\u0259yanatda vur\u011fulan\u0131r.\n<\/p>\n<p>\n  S\u0259sverm\u0259 Avropa \u015euras\u0131 Parlament Assambleyas\u0131n\u0131n (A\u015ePA) t\u0259nqidl\u0259rin\u0259 d\u0259 s\u0259b\u0259b olub.<\/p>\n","protected":false},"excerpt":{"rendered":"<p>Hadis\u0259 yerind\u0259n canl\u0131 yay\u0131mlanan video g\u00f6r\u00fcnt\u00fcl\u0259rd\u0259 n\u00fcmayi\u015f\u00e7il\u0259rin su p\u00fcsk\u00fcrd\u00fcs\u00fcyl\u0259 nec\u0259 da\u011f\u0131d\u0131ld\u0131qlar\u0131 g\u00f6r\u00fcn\u00fcr.<\/p>\n","protected":false},"author":11,"featured_media":133227,"comment_status":"closed","ping_status":"open","sticky":false,"template":"","format":"standard","meta":{"_acf_changed":false,"_sitemap_exclude":false,"_sitemap_priority":"","_sitemap_frequency":"","footnotes":""},"categories":[64],"tags":[],"class_list":["post-197983","post","type-post","status-publish","format-standard","has-post-thumbnail","hentry","category-dunya","infinite-scroll-item","generate-columns","tablet-grid-50","mobile-grid-100","grid-parent","grid-33","no-featured-image-padding"],"acf":[],"yoast_head":"<!-- This site is optimized with the Yoast SEO plugin v27.5 - https:\/\/yoast.com\/product\/yoast-seo-wordpress\/ -->\n<title>G\u00fcrc\u00fc polisi etiraz\u00e7\u0131lara qar\u015f\u0131 t\u0259zyiqli sudan istifad\u0259 edib - MEYDAN.TV<\/title>\n<meta name=\"robots\" content=\"index, follow, max-snippet:-1, max-image-preview:large, max-video-preview:-1\" \/>\n<link rel=\"canonical\" href=\"https:\/\/www.meydan.tv\/az\/article\/gurcu-polisi-etirazcilara-qarsi-tezyiqli-sudan-istifade-edib\/\" \/>\n<meta property=\"og:locale\" content=\"az_AZ\" \/>\n<meta property=\"og:type\" content=\"article\" \/>\n<meta property=\"og:title\" content=\"G\u00fcrc\u00fc polisi etiraz\u00e7\u0131lara qar\u015f\u0131 t\u0259zyiqli sudan istifad\u0259 edib - MEYDAN.TV\" \/>\n<meta property=\"og:description\" content=\"Hadis\u0259 yerind\u0259n canl\u0131 yay\u0131mlanan video g\u00f6r\u00fcnt\u00fcl\u0259rd\u0259 n\u00fcmayi\u015f\u00e7il\u0259rin su p\u00fcsk\u00fcrd\u00fcs\u00fcyl\u0259 nec\u0259 da\u011f\u0131d\u0131ld\u0131qlar\u0131 g\u00f6r\u00fcn\u00fcr.\" \/>\n<meta property=\"og:url\" content=\"https:\/\/www.meydan.tv\/az\/article\/gurcu-polisi-etirazcilara-qarsi-tezyiqli-sudan-istifade-edib\/\" \/>\n<meta property=\"og:site_name\" content=\"MEYDAN.TV\" \/>\n<meta property=\"article:published_time\" content=\"2019-11-18T21:13:16+00:00\" \/>\n<meta property=\"og:image\" content=\"https:\/\/www.meydan.tv\/wp-content\/uploads\/27.jpg\" \/>\n\t<meta property=\"og:image:width\" content=\"1200\" \/>\n\t<meta property=\"og:image:height\" content=\"800\" \/>\n\t<meta property=\"og:image:type\" content=\"image\/jpeg\" \/>\n<meta name=\"author\" content=\"user-manager\" \/>\n<meta name=\"twitter:card\" content=\"summary_large_image\" \/>\n<script type=\"application\/ld+json\" class=\"yoast-schema-graph\">{\"@context\":\"https:\\\/\\\/schema.org\",\"@graph\":[{\"@type\":\"Article\",\"@id\":\"https:\\\/\\\/www.meydan.tv\\\/az\\\/article\\\/gurcu-polisi-etirazcilara-qarsi-tezyiqli-sudan-istifade-edib\\\/#article\",\"isPartOf\":{\"@id\":\"https:\\\/\\\/www.meydan.tv\\\/az\\\/article\\\/gurcu-polisi-etirazcilara-qarsi-tezyiqli-sudan-istifade-edib\\\/\"},\"author\":{\"name\":\"user-manager\",\"@id\":\"https:\\\/\\\/www.meydan.tv\\\/az\\\/#\\\/schema\\\/person\\\/10d11eccf6da3662cf5fdab9806ea91a\"},\"headline\":\"G\u00fcrc\u00fc polisi etiraz\u00e7\u0131lara qar\u015f\u0131 t\u0259zyiqli sudan istifad\u0259 edib\",\"datePublished\":\"2019-11-18T21:13:16+00:00\",\"mainEntityOfPage\":{\"@id\":\"https:\\\/\\\/www.meydan.tv\\\/az\\\/article\\\/gurcu-polisi-etirazcilara-qarsi-tezyiqli-sudan-istifade-edib\\\/\"},\"wordCount\":603,\"publisher\":{\"@id\":\"https:\\\/\\\/www.meydan.tv\\\/az\\\/#organization\"},\"image\":{\"@id\":\"https:\\\/\\\/www.meydan.tv\\\/az\\\/article\\\/gurcu-polisi-etirazcilara-qarsi-tezyiqli-sudan-istifade-edib\\\/#primaryimage\"},\"thumbnailUrl\":\"https:\\\/\\\/www.meydan.tv\\\/wp-content\\\/uploads\\\/27.jpg\",\"articleSection\":[\"D\u00fcnya\"],\"inLanguage\":\"az\"},{\"@type\":\"WebPage\",\"@id\":\"https:\\\/\\\/www.meydan.tv\\\/az\\\/article\\\/gurcu-polisi-etirazcilara-qarsi-tezyiqli-sudan-istifade-edib\\\/\",\"url\":\"https:\\\/\\\/www.meydan.tv\\\/az\\\/article\\\/gurcu-polisi-etirazcilara-qarsi-tezyiqli-sudan-istifade-edib\\\/\",\"name\":\"G\u00fcrc\u00fc polisi etiraz\u00e7\u0131lara qar\u015f\u0131 t\u0259zyiqli sudan istifad\u0259 edib - MEYDAN.TV\",\"isPartOf\":{\"@id\":\"https:\\\/\\\/www.meydan.tv\\\/az\\\/#website\"},\"primaryImageOfPage\":{\"@id\":\"https:\\\/\\\/www.meydan.tv\\\/az\\\/article\\\/gurcu-polisi-etirazcilara-qarsi-tezyiqli-sudan-istifade-edib\\\/#primaryimage\"},\"image\":{\"@id\":\"https:\\\/\\\/www.meydan.tv\\\/az\\\/article\\\/gurcu-polisi-etirazcilara-qarsi-tezyiqli-sudan-istifade-edib\\\/#primaryimage\"},\"thumbnailUrl\":\"https:\\\/\\\/www.meydan.tv\\\/wp-content\\\/uploads\\\/27.jpg\",\"datePublished\":\"2019-11-18T21:13:16+00:00\",\"breadcrumb\":{\"@id\":\"https:\\\/\\\/www.meydan.tv\\\/az\\\/article\\\/gurcu-polisi-etirazcilara-qarsi-tezyiqli-sudan-istifade-edib\\\/#breadcrumb\"},\"inLanguage\":\"az\",\"potentialAction\":[{\"@type\":\"ReadAction\",\"target\":[\"https:\\\/\\\/www.meydan.tv\\\/az\\\/article\\\/gurcu-polisi-etirazcilara-qarsi-tezyiqli-sudan-istifade-edib\\\/\"]}]},{\"@type\":\"ImageObject\",\"inLanguage\":\"az\",\"@id\":\"https:\\\/\\\/www.meydan.tv\\\/az\\\/article\\\/gurcu-polisi-etirazcilara-qarsi-tezyiqli-sudan-istifade-edib\\\/#primaryimage\",\"url\":\"https:\\\/\\\/www.meydan.tv\\\/wp-content\\\/uploads\\\/27.jpg\",\"contentUrl\":\"https:\\\/\\\/www.meydan.tv\\\/wp-content\\\/uploads\\\/27.jpg\",\"width\":1200,\"height\":800,\"caption\":\"Source: JAMnews\"},{\"@type\":\"BreadcrumbList\",\"@id\":\"https:\\\/\\\/www.meydan.tv\\\/az\\\/article\\\/gurcu-polisi-etirazcilara-qarsi-tezyiqli-sudan-istifade-edib\\\/#breadcrumb\",\"itemListElement\":[{\"@type\":\"ListItem\",\"position\":1,\"name\":\"Ana s\u0259hif\u0259\",\"item\":\"https:\\\/\\\/www.meydan.tv\\\/az\\\/\"},{\"@type\":\"ListItem\",\"position\":2,\"name\":\"D\u00fcnya\",\"item\":\"https:\\\/\\\/www.meydan.tv\\\/az\\\/section\\\/dunya\\\/\"},{\"@type\":\"ListItem\",\"position\":3,\"name\":\"G\u00fcrc\u00fc polisi etiraz\u00e7\u0131lara qar\u015f\u0131 t\u0259zyiqli sudan istifad\u0259 edib\"}]},{\"@type\":\"WebSite\",\"@id\":\"https:\\\/\\\/www.meydan.tv\\\/az\\\/#website\",\"url\":\"https:\\\/\\\/www.meydan.tv\\\/az\\\/\",\"name\":\"MEYDAN.TV\",\"description\":\"Meydan TV Az\u0259rbaycan\u0131n media m\u0259kan\u0131ndak\u0131 alternativ s\u0259sidir\",\"publisher\":{\"@id\":\"https:\\\/\\\/www.meydan.tv\\\/az\\\/#organization\"},\"potentialAction\":[{\"@type\":\"SearchAction\",\"target\":{\"@type\":\"EntryPoint\",\"urlTemplate\":\"https:\\\/\\\/www.meydan.tv\\\/az\\\/?s={search_term_string}\"},\"query-input\":{\"@type\":\"PropertyValueSpecification\",\"valueRequired\":true,\"valueName\":\"search_term_string\"}}],\"inLanguage\":\"az\"},{\"@type\":\"Organization\",\"@id\":\"https:\\\/\\\/www.meydan.tv\\\/az\\\/#organization\",\"name\":\"Meydan TV\",\"url\":\"https:\\\/\\\/www.meydan.tv\\\/az\\\/\",\"logo\":{\"@type\":\"ImageObject\",\"inLanguage\":\"az\",\"@id\":\"https:\\\/\\\/www.meydan.tv\\\/az\\\/#\\\/schema\\\/logo\\\/image\\\/\",\"url\":\"https:\\\/\\\/www.meydan.tv\\\/wp-content\\\/uploads\\\/2021\\\/07\\\/meydan-logo.svg\",\"contentUrl\":\"https:\\\/\\\/www.meydan.tv\\\/wp-content\\\/uploads\\\/2021\\\/07\\\/meydan-logo.svg\",\"width\":195,\"height\":46,\"caption\":\"Meydan TV\"},\"image\":{\"@id\":\"https:\\\/\\\/www.meydan.tv\\\/az\\\/#\\\/schema\\\/logo\\\/image\\\/\"}},{\"@type\":\"Person\",\"@id\":\"https:\\\/\\\/www.meydan.tv\\\/az\\\/#\\\/schema\\\/person\\\/10d11eccf6da3662cf5fdab9806ea91a\",\"name\":\"user-manager\"}]}<\/script>\n<!-- \/ Yoast SEO plugin. -->","yoast_head_json":{"title":"G\u00fcrc\u00fc polisi etiraz\u00e7\u0131lara qar\u015f\u0131 t\u0259zyiqli sudan istifad\u0259 edib - MEYDAN.TV","robots":{"index":"index","follow":"follow","max-snippet":"max-snippet:-1","max-image-preview":"max-image-preview:large","max-video-preview":"max-video-preview:-1"},"canonical":"https:\/\/www.meydan.tv\/az\/article\/gurcu-polisi-etirazcilara-qarsi-tezyiqli-sudan-istifade-edib\/","og_locale":"az_AZ","og_type":"article","og_title":"G\u00fcrc\u00fc polisi etiraz\u00e7\u0131lara qar\u015f\u0131 t\u0259zyiqli sudan istifad\u0259 edib - MEYDAN.TV","og_description":"Hadis\u0259 yerind\u0259n canl\u0131 yay\u0131mlanan video g\u00f6r\u00fcnt\u00fcl\u0259rd\u0259 n\u00fcmayi\u015f\u00e7il\u0259rin su p\u00fcsk\u00fcrd\u00fcs\u00fcyl\u0259 nec\u0259 da\u011f\u0131d\u0131ld\u0131qlar\u0131 g\u00f6r\u00fcn\u00fcr.","og_url":"https:\/\/www.meydan.tv\/az\/article\/gurcu-polisi-etirazcilara-qarsi-tezyiqli-sudan-istifade-edib\/","og_site_name":"MEYDAN.TV","article_published_time":"2019-11-18T21:13:16+00:00","og_image":[{"width":1200,"height":800,"url":"https:\/\/www.meydan.tv\/wp-content\/uploads\/27.jpg","type":"image\/jpeg"}],"author":"user-manager","twitter_card":"summary_large_image","schema":{"@context":"https:\/\/schema.org","@graph":[{"@type":"Article","@id":"https:\/\/www.meydan.tv\/az\/article\/gurcu-polisi-etirazcilara-qarsi-tezyiqli-sudan-istifade-edib\/#article","isPartOf":{"@id":"https:\/\/www.meydan.tv\/az\/article\/gurcu-polisi-etirazcilara-qarsi-tezyiqli-sudan-istifade-edib\/"},"author":{"name":"user-manager","@id":"https:\/\/www.meydan.tv\/az\/#\/schema\/person\/10d11eccf6da3662cf5fdab9806ea91a"},"headline":"G\u00fcrc\u00fc polisi etiraz\u00e7\u0131lara qar\u015f\u0131 t\u0259zyiqli sudan istifad\u0259 edib","datePublished":"2019-11-18T21:13:16+00:00","mainEntityOfPage":{"@id":"https:\/\/www.meydan.tv\/az\/article\/gurcu-polisi-etirazcilara-qarsi-tezyiqli-sudan-istifade-edib\/"},"wordCount":603,"publisher":{"@id":"https:\/\/www.meydan.tv\/az\/#organization"},"image":{"@id":"https:\/\/www.meydan.tv\/az\/article\/gurcu-polisi-etirazcilara-qarsi-tezyiqli-sudan-istifade-edib\/#primaryimage"},"thumbnailUrl":"https:\/\/www.meydan.tv\/wp-content\/uploads\/27.jpg","articleSection":["D\u00fcnya"],"inLanguage":"az"},{"@type":"WebPage","@id":"https:\/\/www.meydan.tv\/az\/article\/gurcu-polisi-etirazcilara-qarsi-tezyiqli-sudan-istifade-edib\/","url":"https:\/\/www.meydan.tv\/az\/article\/gurcu-polisi-etirazcilara-qarsi-tezyiqli-sudan-istifade-edib\/","name":"G\u00fcrc\u00fc polisi etiraz\u00e7\u0131lara qar\u015f\u0131 t\u0259zyiqli sudan istifad\u0259 edib - MEYDAN.TV","isPartOf":{"@id":"https:\/\/www.meydan.tv\/az\/#website"},"primaryImageOfPage":{"@id":"https:\/\/www.meydan.tv\/az\/article\/gurcu-polisi-etirazcilara-qarsi-tezyiqli-sudan-istifade-edib\/#primaryimage"},"image":{"@id":"https:\/\/www.meydan.tv\/az\/article\/gurcu-polisi-etirazcilara-qarsi-tezyiqli-sudan-istifade-edib\/#primaryimage"},"thumbnailUrl":"https:\/\/www.meydan.tv\/wp-content\/uploads\/27.jpg","datePublished":"2019-11-18T21:13:16+00:00","breadcrumb":{"@id":"https:\/\/www.meydan.tv\/az\/article\/gurcu-polisi-etirazcilara-qarsi-tezyiqli-sudan-istifade-edib\/#breadcrumb"},"inLanguage":"az","potentialAction":[{"@type":"ReadAction","target":["https:\/\/www.meydan.tv\/az\/article\/gurcu-polisi-etirazcilara-qarsi-tezyiqli-sudan-istifade-edib\/"]}]},{"@type":"ImageObject","inLanguage":"az","@id":"https:\/\/www.meydan.tv\/az\/article\/gurcu-polisi-etirazcilara-qarsi-tezyiqli-sudan-istifade-edib\/#primaryimage","url":"https:\/\/www.meydan.tv\/wp-content\/uploads\/27.jpg","contentUrl":"https:\/\/www.meydan.tv\/wp-content\/uploads\/27.jpg","width":1200,"height":800,"caption":"Source: JAMnews"},{"@type":"BreadcrumbList","@id":"https:\/\/www.meydan.tv\/az\/article\/gurcu-polisi-etirazcilara-qarsi-tezyiqli-sudan-istifade-edib\/#breadcrumb","itemListElement":[{"@type":"ListItem","position":1,"name":"Ana s\u0259hif\u0259","item":"https:\/\/www.meydan.tv\/az\/"},{"@type":"ListItem","position":2,"name":"D\u00fcnya","item":"https:\/\/www.meydan.tv\/az\/section\/dunya\/"},{"@type":"ListItem","position":3,"name":"G\u00fcrc\u00fc polisi etiraz\u00e7\u0131lara qar\u015f\u0131 t\u0259zyiqli sudan istifad\u0259 edib"}]},{"@type":"WebSite","@id":"https:\/\/www.meydan.tv\/az\/#website","url":"https:\/\/www.meydan.tv\/az\/","name":"MEYDAN.TV","description":"Meydan TV Az\u0259rbaycan\u0131n media m\u0259kan\u0131ndak\u0131 alternativ s\u0259sidir","publisher":{"@id":"https:\/\/www.meydan.tv\/az\/#organization"},"potentialAction":[{"@type":"SearchAction","target":{"@type":"EntryPoint","urlTemplate":"https:\/\/www.meydan.tv\/az\/?s={search_term_string}"},"query-input":{"@type":"PropertyValueSpecification","valueRequired":true,"valueName":"search_term_string"}}],"inLanguage":"az"},{"@type":"Organization","@id":"https:\/\/www.meydan.tv\/az\/#organization","name":"Meydan TV","url":"https:\/\/www.meydan.tv\/az\/","logo":{"@type":"ImageObject","inLanguage":"az","@id":"https:\/\/www.meydan.tv\/az\/#\/schema\/logo\/image\/","url":"https:\/\/www.meydan.tv\/wp-content\/uploads\/2021\/07\/meydan-logo.svg","contentUrl":"https:\/\/www.meydan.tv\/wp-content\/uploads\/2021\/07\/meydan-logo.svg","width":195,"height":46,"caption":"Meydan TV"},"image":{"@id":"https:\/\/www.meydan.tv\/az\/#\/schema\/logo\/image\/"}},{"@type":"Person","@id":"https:\/\/www.meydan.tv\/az\/#\/schema\/person\/10d11eccf6da3662cf5fdab9806ea91a","name":"user-manager"}]}},"_links":{"self":[{"href":"https:\/\/www.meydan.tv\/az\/wp-json\/wp\/v2\/posts\/197983","targetHints":{"allow":["GET"]}}],"collection":[{"href":"https:\/\/www.meydan.tv\/az\/wp-json\/wp\/v2\/posts"}],"about":[{"href":"https:\/\/www.meydan.tv\/az\/wp-json\/wp\/v2\/types\/post"}],"author":[{"embeddable":true,"href":"https:\/\/www.meydan.tv\/az\/wp-json\/wp\/v2\/users\/11"}],"replies":[{"embeddable":true,"href":"https:\/\/www.meydan.tv\/az\/wp-json\/wp\/v2\/comments?post=197983"}],"version-history":[{"count":0,"href":"https:\/\/www.meydan.tv\/az\/wp-json\/wp\/v2\/posts\/197983\/revisions"}],"wp:featuredmedia":[{"embeddable":true,"href":"https:\/\/www.meydan.tv\/az\/wp-json\/wp\/v2\/media\/133227"}],"wp:attachment":[{"href":"https:\/\/www.meydan.tv\/az\/wp-json\/wp\/v2\/media?parent=197983"}],"wp:term":[{"taxonomy":"category","embeddable":true,"href":"https:\/\/www.meydan.tv\/az\/wp-json\/wp\/v2\/categories?post=197983"},{"taxonomy":"post_tag","embeddable":true,"href":"https:\/\/www.meydan.tv\/az\/wp-json\/wp\/v2\/tags?post=197983"}],"curies":[{"name":"wp","href":"https:\/\/api.w.org\/{rel}","templated":true}]}}