{"id":197978,"date":"2019-11-18T11:20:42","date_gmt":"2019-11-18T11:20:42","guid":{"rendered":"https:\/\/www.meydan.tv\/article\/icra-bascisina-dedim-ki-mene-bir-it-dami-tikib-verin-orda-yasayim\/"},"modified":"2019-11-18T11:20:42","modified_gmt":"2019-11-18T11:20:42","slug":"icra-bascisina-dedim-ki-mene-bir-it-dami-tikib-verin-orda-yasayim","status":"publish","type":"post","link":"https:\/\/www.meydan.tv\/az\/article\/icra-bascisina-dedim-ki-mene-bir-it-dami-tikib-verin-orda-yasayim\/","title":{"rendered":"\u201c\u0130cra ba\u015f\u00e7\u0131s\u0131na dedim ki, m\u0259n\u0259 bir it dam\u0131 tikib verin, orda ya\u015fay\u0131m\u201d"},"content":{"rendered":"<p>\n  <i><br \/>\n    G\u00f6y\u00e7ay sakini: \u201cBu d\u0259qiq\u0259 evimizd\u0259 bir kibrit d\u0259n\u0259si d\u0259 yoxdu ki, durub qaz\u0131 yand\u0131r\u0131m\u201d<br \/>\n  <\/i>\n<\/p>\n<p>\n  G\u00f6y\u00e7ay\u0131n Yeniarx k\u0259ndind\u0259 ya\u015fayan Ziyaf\u0259ddin v\u0259 G\u00fcleyf\u0259 B\u0259d\u0259lovlar a\u011f\u0131r h\u0259yat \u015f\u0259rtl\u0259ri il\u0259 \u00fcz-\u00fcz\u0259 qal\u0131b. H\u0259r q\u0131\u015f ev su i\u00e7ind\u0259 olur, \u00fcst\u0259lik, x\u0259st\u0259 \u0259r-arvad\u0131n he\u00e7 bir yerd\u0259n g\u0259liri yoxdur.\n<\/p>\n<p>\n  <b><br \/>\n    \u201cT\u00f6vl\u0259d\u0259 ya\u015fay\u0131rd\u0131q\u201d<br \/>\n  <\/b>\n<\/p>\n<p>\n  Bizi G\u00f6y\u00e7ayda qar\u015f\u0131lay\u0131b k\u0259nd\u0259 aparan Ziyaf\u0259ddinin nimda\u015f geyimind\u0259n nec\u0259 ya\u015fad\u0131\u011f\u0131 anla\u015f\u0131l\u0131r. Yolda \u00e7ox \u015fey dan\u0131\u015f\u0131r. \u201cT\u00f6vl\u0259d\u0259 ya\u015fay\u0131rd\u0131q\u201d, &#8211; deyir. Sonra k\u0259ndd\u0259 sovet d\u00f6vr\u00fcnd\u0259n qalan ferma s\u00f6k\u00fcl\u0259nd\u0259 k\u00f6hn\u0259 materiallar\u0131 g\u0259tirib \u00f6zl\u0259rin\u0259 daxma qarald\u0131blar. Amma g\u00fcnl\u0259rin birind\u0259 k\u00fcl\u0259k daxman\u0131n b\u00fct\u00f6v divar\u0131n\u0131 u\u00e7urub.\n<\/p>\n<p>\n  \u201cQap\u0131da heyvan\u0131m vard\u0131, apar\u0131b satd\u0131m. Divar\u0131 o c\u00fcr h\u00f6rd\u00fck. Evin dam\u0131na k\u00f6hn\u0259, s\u0131n\u0131q \u015fiferl\u0259ri d\u00fczm\u00fc\u015f\u00fck. Q\u0131\u015fda evd\u0259 yatma\u011fa yer tapm\u0131r\u0131q. Ya\u011f\u0131\u015f birba\u015fa evin i\u00e7in\u0259 ya\u011f\u0131r. Prezident\u0259 yazm\u0131\u015fd\u0131m. G\u0259lib bax\u0131\u015f ke\u00e7irdil\u0259r. He\u00e7 n\u0259 el\u0259m\u0259dil\u0259r. M\u0259n\u0259 g\u00f6nd\u0259rdikl\u0259ri m\u0259ktubda is\u0259 el\u0259 yaz\u0131blar ki, sanki biz\u0259 ev tikib veribl\u0259r\u201d, &#8211; Ziyaf\u0259ddin deyir.\n<\/p>\n<p>\n  M\u0259ktubu oxuyuruq. G\u00f6y\u00e7ay\u0131n icra ba\u015f\u00e7\u0131s\u0131n\u0131n m\u00fcavini \u018fdal\u0259t D\u00f6vl\u0259tov yaz\u0131b ki, ail\u0259 \u00fc\u00e7\u00fcn mi\u015far da\u015f\u0131ndan ikiotaql\u0131 ya\u015fay\u0131\u015f evi in\u015fa edilib. Hans\u0131 evi n\u0259z\u0259rd\u0259 tuturlar, ba\u015fa d\u00fc\u015fm\u0259k olmur. M\u0259ktubdan anla\u015f\u0131l\u0131r ki, B\u0259d\u0259lovlar G\u00f6y\u00e7ay Rayon \u0130cra Hakimiyy\u0259tind\u0259n 50 \u015fifer ist\u0259yib. M\u00fcavin is\u0259 M\u0259nzil M\u0259c\u0259ll\u0259sin\u0259 g\u00f6r\u0259, f\u0259rdi ya\u015fay\u0131\u015f evl\u0259rinin tikintisinin v\u0259t\u0259nda\u015flar\u0131n v\u0259saiti hesab\u0131na apar\u0131lmal\u0131 oldu\u011funu qeyd edib.\n<\/p>\n<p>\n  \u201cEv tikm\u0259yibl\u0259r. Niy\u0259 bunu deyirl\u0259r? G\u0259lin evin arxas\u0131n\u0131 g\u00f6st\u0259rim siz\u0259. U\u00e7mas\u0131n dey\u0259, dir\u0259k qoymu\u015fam. Bu yax\u0131nlarda icra ba\u015f\u00e7\u0131s\u0131n\u0131n q\u0259bulunda oldum. Dedi, n\u0259 yard\u0131m el\u0259m\u0259liyik s\u0259n\u0259, imkan yoxdu. \u0130cra ba\u015f\u00e7\u0131s\u0131na dedim ki, m\u0259n\u0259 bir it dam\u0131 tikib verin, orda ya\u015fay\u0131m. Bu ev u\u00e7ur. Cavab verdi ki, siz\u0259 ev tikib verm\u0259li deyilik\u201d, &#8211; Ziyaf\u0259ddin dan\u0131\u015f\u0131r.\n<\/p>\n<p>\n  Bu yerd\u0259 G\u00fcleyf\u0259 B\u0259d\u0259lova xat\u0131rlay\u0131r ki, evl\u0259rin\u0259 g\u0259l\u0259n icra hakimiyy\u0259tinin n\u00fcmay\u0259nd\u0259l\u0259rind\u0259n biri onlara prezident\u0259 m\u0259ktubu c\u0131r\u0131b atacaqlar\u0131 halda k\u00f6m\u0259k olaca\u011f\u0131n\u0131 deyib. M\u0259ktubu o adam\u0131n yan\u0131ndaca c\u0131r\u0131blar&#8230;\n<\/p>\n<figure class=\"wp-block-image size-large\">\n  <img decoding=\"async\" src=\"https:\/\/www.meydan.tv\/az\/image_from_ios-3-jpg-31\/\" alt=\"image_from_ios (3).jpg\" class=\"wp-image-133164\"\/><figcaption>\n    &#8220;Evin dam\u0131na k\u00f6hn\u0259, s\u0131n\u0131q \u015fiferl\u0259ri d\u00fczm\u00fc\u015f\u00fck&#8221;<br \/>\n  <\/figcaption><\/figure>\n<p>\n  <b><br \/>\n    \u201cNe\u00e7\u0259 d\u0259f\u0259 \u00f6z\u00fcm\u00fc \u00f6ld\u00fcrm\u0259k ist\u0259mi\u015f\u0259m\u201d<br \/>\n  <\/b>\n<\/p>\n<p>\n  G\u00fcleyf\u0259 xan\u0131m deyir ki, o q\u0259d\u0259r pis ya\u015fay\u0131rlar, h\u0259tta g\u00fcnl\u0259rl\u0259 evd\u0259 yem\u0259k bi\u015fmir. Bir az kartof \u0259kibl\u0259r, h\u0259rd\u0259n bundan n\u0259s\u0259 bi\u015firir. Ba\u015fqa yem\u0259k \u00fcz\u00fc g\u00f6rm\u00fcrl\u0259r. \u018fll\u0259rini ir\u0259li uzad\u0131r, barmaqlar\u0131n\u0131n uclar\u0131 \u00e7\u00fcr\u00fcm\u0259y\u0259 ba\u015flay\u0131b&#8230;\n<\/p>\n<p>\n  \u201cBir adam g\u0259lib maraqlanm\u0131r ki, bu ail\u0259 n\u0259 v\u0259ziyy\u0259td\u0259 ya\u015fay\u0131r. Evimiz\u0259 bir q\u0259pik pul g\u0259lmir. H\u0259r ikimiz x\u0259st\u0259yik. H\u0259yat yolda\u015f\u0131m \u00e7\u0259tinlikl\u0259 yeriyir, aya\u011f\u0131nda damar\u0131 \u00e7\u0131xar\u0131b \u201cspiral\u201d qoyublar. Bu d\u0259qiq\u0259 evimizd\u0259 bir kibrit d\u0259n\u0259si d\u0259 yoxdu ki, durub qaz\u0131 yand\u0131r\u0131m. Onsuz da pulsuzluqdan qaz yand\u0131ra bilmirik. Q\u0131\u015fda \u00f6l\u00fcr\u00fck soyuqdan\u201d, &#8211; qad\u0131n\u0131 dan\u0131\u015f\u0131r.\n<\/p>\n<p>\n  Evd\u0259 i\u015f\u0131q yanm\u0131r. M\u0259lum olur ki, 30 manat borca g\u00f6r\u0259 k\u0259silib. G\u00fcleyf\u0259 xan\u0131m \u00e7ox k\u00f6m\u0259ksiz olduqlar\u0131n\u0131 bildirir. Yegan\u0259 o\u011fullar\u0131 olan \u00c7ingiz 8 il\u0259 yax\u0131nd\u0131r q\u0259sd\u0259n adam\u00f6ld\u00fcrm\u0259y\u0259 g\u00f6r\u0259 h\u0259bsxanadad\u0131r. O, azadl\u0131qda olanda valideynl\u0259ri bu q\u0259d\u0259r \u0259ziyy\u0259t \u00e7\u0259kmirmi\u015f.\n<\/p>\n<p>\n  \u201cNe\u00e7\u0259 d\u0259f\u0259 \u00f6z\u00fcm\u00fc \u00f6ld\u00fcrm\u0259k ist\u0259mi\u015f\u0259m. Son anda fikirl\u0259\u015fmi\u015f\u0259m ki, t\u00fcrm\u0259d\u0259 balam var. 2 il 7 ay\u0131 qal\u0131b. Yeddi-s\u0259kkiz ayd\u0131 ged\u0259 bilmirik yan\u0131na\u201d, &#8211; ana a\u011flay\u0131r. Bir az sakitl\u0259\u015f\u0259nd\u0259n sonra deyir ki, ma\u015f\u0131n \u015e\u0259ki h\u0259bsxanas\u0131na 40 manata apar\u0131r.\n<\/p>\n<p>\n  <b><br \/>\n    \u201cGedib yalvar\u0131ram ki, pensiya versinl\u0259r\u201d<br \/>\n  <\/b>\n<\/p>\n<p>\n  Ziyaf\u0259ddin \u00c7ingizin h\u0259r\u0259k\u0259tin\u0259 g\u00f6r\u0259 xeyli t\u0259\u0259ss\u00fcf edir. Deyir, bu ill\u0259r \u0259rzind\u0259 \u00e7ox \u0259ziyy\u0259t \u00e7\u0259kibl\u0259r. S\u0259fal\u0259tin n\u0259 oldu\u011funu bilirdil\u0259r, amma indi tamamil\u0259 ac\u0131ndan \u00f6l\u00fcrl\u0259r. \u00c7ingiz c\u0259zas\u0131n\u0131n \u00fc\u00e7d\u0259 ikisini gerid\u0259 qoyub, ail\u0259 v\u0259ziyy\u0259tini n\u0259z\u0259r\u0259 alaraq azadl\u0131\u011fa burax\u0131lmas\u0131n\u0131 ist\u0259rdil\u0259r.\n<\/p>\n<figure class=\"wp-block-image size-large\">\n  <img decoding=\"async\" src=\"https:\/\/www.meydan.tv\/az\/image_from_ios-2-jpg-64\/\" alt=\"image_from_ios (2).jpg\" class=\"wp-image-133158\"\/><figcaption>\n    G\u00f6y\u00e7ay Rayon \u0130cra Hakimiyy\u0259tind\u0259n Meydan TV-y\u0259 deyibl\u0259r ki, qurum v\u0259t\u0259nda\u015flara ev tikm\u0259k s\u0259lahiyy\u0259tind\u0259 deyil.<br \/>\n  <\/figcaption><\/figure>\n<p>\n  \u201cU\u015fa\u011f\u0131n adam \u00f6ld\u00fcrm\u0259yi belimizi q\u0131rd\u0131. K\u0259nd camaat\u0131 yard\u0131m el\u0259m\u0259s\u0259, yan\u0131na ged\u0259 bilmirik. D\u00fcn\u0259n ax\u015fam z\u0259ng vurub corab ist\u0259yirdi. N\u0259 sosial yard\u0131m al\u0131r\u0131q, n\u0259 d\u0259 pensiya. \u0130ndi gedib kim\u0259 deyim ki, m\u0259n\u0259 k\u00f6m\u0259k el\u0259, u\u015fa\u011f\u0131ma corab al\u0131m?\u201d, &#8211; Ziyaf\u0259ddin soru\u015fur.\n<\/p>\n<p>\n  G\u00fcleyf\u0259 xan\u0131m 1000 mi\u015far da\u015f\u0131na ehtiyac\u0131 olduqlar\u0131n\u0131 deyir: \u201cHe\u00e7 olmasa, \u00f6z\u00fcm\u00fcz\u0259 ev tik\u0259rdik. Lap g\u0259lib \u00f6zl\u0259ri s\u00f6ks\u00fcnl\u0259r bunu. N\u0259 z\u00fclm \u00e7\u0259kdiyimizi g\u00f6r\u00fcrs\u00fcz. Gedib yalvar\u0131ram ki, pensiya versinl\u0259r. 60 ya\u015f\u0131m var, sovet h\u00f6kum\u0259ti d\u00f6vr\u00fcnd\u0259 uzun ill\u0259r t\u00fct\u00fcn sah\u0259sind\u0259 i\u015fl\u0259mi\u015f\u0259m. Deyir\u0259m, he\u00e7 olmasa, bunu n\u0259z\u0259r\u0259 al\u0131b pensiyaya \u00e7\u0131xar\u0131n\u201d.\n<\/p>\n<p>\n  G\u00f6y\u00e7ay Rayon \u0130cra Hakimiyy\u0259tind\u0259n Meydan TV-y\u0259 deyibl\u0259r ki, qurum v\u0259t\u0259nda\u015flara ev tikm\u0259k s\u0259lahiyy\u0259tind\u0259 deyil. Amma yen\u0259 d\u0259 v\u0259t\u0259nda\u015f\u0131n probleml\u0259ri il\u0259 maraqlanacaqlar.\n<\/p>\n<p>\n  Ziyaf\u0259ddin biziml\u0259 G\u00f6y\u00e7aya qay\u0131daca\u011f\u0131n\u0131 bildirir. Q\u0131z\u0131 ail\u0259siyl\u0259 orada ya\u015fay\u0131r, az-\u00e7ox valideynl\u0259rin\u0259 \u0259l tutur: \u201c\u0130ki danas\u0131 var, g\u0259tirib bax\u0131ram ki, s\u00fcdd\u0259n-qat\u0131qdan olsun, u\u015fa\u011f\u0131n yan\u0131na aparaq. Bizim he\u00e7 n\u0259yimiz yoxdur\u201d.\n<\/p>\n<figure class=\"wp-block-image size-large\">\n  <img decoding=\"async\" src=\"https:\/\/www.meydan.tv\/az\/image_from_ios-5-jpg-63\/\" alt=\"image_from_ios (5).jpg\" class=\"wp-image-133170\"\/><figcaption>\n    &#8220;Qad\u0131n\u0131n \u00e7\u00fcr\u00fcm\u00fc\u015f barmaqlar\u0131 g\u00f6z \u00f6n\u00fcnd\u0259 canlan\u0131r&#8230;&#8221;<br \/>\n  <\/figcaption><\/figure>\n<p>\n  Ziyaf\u0259ddin in\u0259k \u00fc\u00e7\u00fcn G\u00f6y\u00e7ay M\u0259\u015f\u011fulluq \u0130dar\u0259sin\u0259 m\u00fcraci\u0259t edib. N\u00f6vb\u0259d\u0259 881-cidir. Ba\u011fda nar a\u011faclar\u0131 g\u00f6z\u0259 d\u0259yir. Ziyaf\u0259ddin gileyl\u0259nir ki, g\u0259lib kilosunu 15 q\u0259pikd\u0259n almaq ist\u0259yirl\u0259r, o q\u0259d\u0259r z\u0259hm\u0259t\u0259 d\u0259ymir.\n<\/p>\n<p>\n  K\u0259ndin ba\u015f\u0131nda yan\u0131m\u0131zda sovet istehsal\u0131 olan avtomobil saxlay\u0131r. Qon\u015fudur. \u00d6vlad\u0131na toy edir. G\u00fcleyf\u0259 xan\u0131m m\u0259rasimd\u0259n sonra qablar\u0131 yusa, 5 manat ver\u0259c\u0259k. Qad\u0131n\u0131n \u00e7\u00fcr\u00fcm\u00fc\u015f barmaqlar\u0131 g\u00f6z \u00f6n\u00fcnd\u0259 canlan\u0131r&#8230;<\/p>\n","protected":false},"excerpt":{"rendered":"<p>U\u00e7mas\u0131n dey\u0259, dir\u0259k qoymu\u015fam.<\/p>\n","protected":false},"author":11,"featured_media":133167,"comment_status":"closed","ping_status":"open","sticky":false,"template":"","format":"standard","meta":{"_acf_changed":false,"_sitemap_exclude":false,"_sitemap_priority":"","_sitemap_frequency":"","footnotes":""},"categories":[60],"tags":[],"class_list":["post-197978","post","type-post","status-publish","format-standard","has-post-thumbnail","hentry","category-bolge","infinite-scroll-item","generate-columns","tablet-grid-50","mobile-grid-100","grid-parent","grid-33","no-featured-image-padding"],"acf":[],"yoast_head":"<!-- This site is optimized with the Yoast SEO plugin v27.5 - https:\/\/yoast.com\/product\/yoast-seo-wordpress\/ -->\n<title>\u201c\u0130cra ba\u015f\u00e7\u0131s\u0131na dedim ki, m\u0259n\u0259 bir it dam\u0131 tikib verin, orda ya\u015fay\u0131m\u201d - MEYDAN.TV<\/title>\n<meta name=\"robots\" content=\"index, follow, max-snippet:-1, max-image-preview:large, max-video-preview:-1\" \/>\n<link rel=\"canonical\" href=\"https:\/\/www.meydan.tv\/az\/article\/icra-bascisina-dedim-ki-mene-bir-it-dami-tikib-verin-orda-yasayim\/\" \/>\n<meta property=\"og:locale\" content=\"az_AZ\" \/>\n<meta property=\"og:type\" content=\"article\" \/>\n<meta property=\"og:title\" content=\"\u201c\u0130cra ba\u015f\u00e7\u0131s\u0131na dedim ki, m\u0259n\u0259 bir it dam\u0131 tikib verin, orda ya\u015fay\u0131m\u201d - MEYDAN.TV\" \/>\n<meta property=\"og:description\" content=\"U\u00e7mas\u0131n dey\u0259, dir\u0259k qoymu\u015fam.\" \/>\n<meta property=\"og:url\" content=\"https:\/\/www.meydan.tv\/az\/article\/icra-bascisina-dedim-ki-mene-bir-it-dami-tikib-verin-orda-yasayim\/\" \/>\n<meta property=\"og:site_name\" content=\"MEYDAN.TV\" \/>\n<meta property=\"article:published_time\" content=\"2019-11-18T11:20:42+00:00\" \/>\n<meta property=\"og:image\" content=\"https:\/\/www.meydan.tv\/wp-content\/uploads\/image_from_ios_4_niaqmez.jpg\" \/>\n\t<meta property=\"og:image:width\" content=\"1024\" \/>\n\t<meta property=\"og:image:height\" content=\"764\" \/>\n\t<meta property=\"og:image:type\" content=\"image\/jpeg\" \/>\n<meta name=\"author\" content=\"user-manager\" \/>\n<meta name=\"twitter:card\" content=\"summary_large_image\" \/>\n<script type=\"application\/ld+json\" class=\"yoast-schema-graph\">{\"@context\":\"https:\\\/\\\/schema.org\",\"@graph\":[{\"@type\":\"Article\",\"@id\":\"https:\\\/\\\/www.meydan.tv\\\/az\\\/article\\\/icra-bascisina-dedim-ki-mene-bir-it-dami-tikib-verin-orda-yasayim\\\/#article\",\"isPartOf\":{\"@id\":\"https:\\\/\\\/www.meydan.tv\\\/az\\\/article\\\/icra-bascisina-dedim-ki-mene-bir-it-dami-tikib-verin-orda-yasayim\\\/\"},\"author\":{\"name\":\"user-manager\",\"@id\":\"https:\\\/\\\/www.meydan.tv\\\/az\\\/#\\\/schema\\\/person\\\/10d11eccf6da3662cf5fdab9806ea91a\"},\"headline\":\"\u201c\u0130cra ba\u015f\u00e7\u0131s\u0131na dedim ki, m\u0259n\u0259 bir it dam\u0131 tikib verin, orda ya\u015fay\u0131m\u201d\",\"datePublished\":\"2019-11-18T11:20:42+00:00\",\"mainEntityOfPage\":{\"@id\":\"https:\\\/\\\/www.meydan.tv\\\/az\\\/article\\\/icra-bascisina-dedim-ki-mene-bir-it-dami-tikib-verin-orda-yasayim\\\/\"},\"wordCount\":1202,\"publisher\":{\"@id\":\"https:\\\/\\\/www.meydan.tv\\\/az\\\/#organization\"},\"image\":{\"@id\":\"https:\\\/\\\/www.meydan.tv\\\/az\\\/article\\\/icra-bascisina-dedim-ki-mene-bir-it-dami-tikib-verin-orda-yasayim\\\/#primaryimage\"},\"thumbnailUrl\":\"https:\\\/\\\/www.meydan.tv\\\/wp-content\\\/uploads\\\/image_from_ios_4_niaqmez.jpg\",\"articleSection\":[\"B\u00f6lg\u0259\"],\"inLanguage\":\"az\"},{\"@type\":\"WebPage\",\"@id\":\"https:\\\/\\\/www.meydan.tv\\\/az\\\/article\\\/icra-bascisina-dedim-ki-mene-bir-it-dami-tikib-verin-orda-yasayim\\\/\",\"url\":\"https:\\\/\\\/www.meydan.tv\\\/az\\\/article\\\/icra-bascisina-dedim-ki-mene-bir-it-dami-tikib-verin-orda-yasayim\\\/\",\"name\":\"\u201c\u0130cra ba\u015f\u00e7\u0131s\u0131na dedim ki, m\u0259n\u0259 bir it dam\u0131 tikib verin, orda ya\u015fay\u0131m\u201d - MEYDAN.TV\",\"isPartOf\":{\"@id\":\"https:\\\/\\\/www.meydan.tv\\\/az\\\/#website\"},\"primaryImageOfPage\":{\"@id\":\"https:\\\/\\\/www.meydan.tv\\\/az\\\/article\\\/icra-bascisina-dedim-ki-mene-bir-it-dami-tikib-verin-orda-yasayim\\\/#primaryimage\"},\"image\":{\"@id\":\"https:\\\/\\\/www.meydan.tv\\\/az\\\/article\\\/icra-bascisina-dedim-ki-mene-bir-it-dami-tikib-verin-orda-yasayim\\\/#primaryimage\"},\"thumbnailUrl\":\"https:\\\/\\\/www.meydan.tv\\\/wp-content\\\/uploads\\\/image_from_ios_4_niaqmez.jpg\",\"datePublished\":\"2019-11-18T11:20:42+00:00\",\"breadcrumb\":{\"@id\":\"https:\\\/\\\/www.meydan.tv\\\/az\\\/article\\\/icra-bascisina-dedim-ki-mene-bir-it-dami-tikib-verin-orda-yasayim\\\/#breadcrumb\"},\"inLanguage\":\"az\",\"potentialAction\":[{\"@type\":\"ReadAction\",\"target\":[\"https:\\\/\\\/www.meydan.tv\\\/az\\\/article\\\/icra-bascisina-dedim-ki-mene-bir-it-dami-tikib-verin-orda-yasayim\\\/\"]}]},{\"@type\":\"ImageObject\",\"inLanguage\":\"az\",\"@id\":\"https:\\\/\\\/www.meydan.tv\\\/az\\\/article\\\/icra-bascisina-dedim-ki-mene-bir-it-dami-tikib-verin-orda-yasayim\\\/#primaryimage\",\"url\":\"https:\\\/\\\/www.meydan.tv\\\/wp-content\\\/uploads\\\/image_from_ios_4_niaqmez.jpg\",\"contentUrl\":\"https:\\\/\\\/www.meydan.tv\\\/wp-content\\\/uploads\\\/image_from_ios_4_niaqmez.jpg\",\"width\":1024,\"height\":764,\"caption\":\"Source: Specify Source\"},{\"@type\":\"BreadcrumbList\",\"@id\":\"https:\\\/\\\/www.meydan.tv\\\/az\\\/article\\\/icra-bascisina-dedim-ki-mene-bir-it-dami-tikib-verin-orda-yasayim\\\/#breadcrumb\",\"itemListElement\":[{\"@type\":\"ListItem\",\"position\":1,\"name\":\"Ana s\u0259hif\u0259\",\"item\":\"https:\\\/\\\/www.meydan.tv\\\/az\\\/\"},{\"@type\":\"ListItem\",\"position\":2,\"name\":\"B\u00f6lg\u0259\",\"item\":\"https:\\\/\\\/www.meydan.tv\\\/az\\\/section\\\/bolge\\\/\"},{\"@type\":\"ListItem\",\"position\":3,\"name\":\"\u201c\u0130cra ba\u015f\u00e7\u0131s\u0131na dedim ki, m\u0259n\u0259 bir it dam\u0131 tikib verin, orda ya\u015fay\u0131m\u201d\"}]},{\"@type\":\"WebSite\",\"@id\":\"https:\\\/\\\/www.meydan.tv\\\/az\\\/#website\",\"url\":\"https:\\\/\\\/www.meydan.tv\\\/az\\\/\",\"name\":\"MEYDAN.TV\",\"description\":\"Meydan TV Az\u0259rbaycan\u0131n media m\u0259kan\u0131ndak\u0131 alternativ s\u0259sidir\",\"publisher\":{\"@id\":\"https:\\\/\\\/www.meydan.tv\\\/az\\\/#organization\"},\"potentialAction\":[{\"@type\":\"SearchAction\",\"target\":{\"@type\":\"EntryPoint\",\"urlTemplate\":\"https:\\\/\\\/www.meydan.tv\\\/az\\\/?s={search_term_string}\"},\"query-input\":{\"@type\":\"PropertyValueSpecification\",\"valueRequired\":true,\"valueName\":\"search_term_string\"}}],\"inLanguage\":\"az\"},{\"@type\":\"Organization\",\"@id\":\"https:\\\/\\\/www.meydan.tv\\\/az\\\/#organization\",\"name\":\"Meydan TV\",\"url\":\"https:\\\/\\\/www.meydan.tv\\\/az\\\/\",\"logo\":{\"@type\":\"ImageObject\",\"inLanguage\":\"az\",\"@id\":\"https:\\\/\\\/www.meydan.tv\\\/az\\\/#\\\/schema\\\/logo\\\/image\\\/\",\"url\":\"https:\\\/\\\/www.meydan.tv\\\/wp-content\\\/uploads\\\/2021\\\/07\\\/meydan-logo.svg\",\"contentUrl\":\"https:\\\/\\\/www.meydan.tv\\\/wp-content\\\/uploads\\\/2021\\\/07\\\/meydan-logo.svg\",\"width\":195,\"height\":46,\"caption\":\"Meydan TV\"},\"image\":{\"@id\":\"https:\\\/\\\/www.meydan.tv\\\/az\\\/#\\\/schema\\\/logo\\\/image\\\/\"}},{\"@type\":\"Person\",\"@id\":\"https:\\\/\\\/www.meydan.tv\\\/az\\\/#\\\/schema\\\/person\\\/10d11eccf6da3662cf5fdab9806ea91a\",\"name\":\"user-manager\"}]}<\/script>\n<!-- \/ Yoast SEO plugin. -->","yoast_head_json":{"title":"\u201c\u0130cra ba\u015f\u00e7\u0131s\u0131na dedim ki, m\u0259n\u0259 bir it dam\u0131 tikib verin, orda ya\u015fay\u0131m\u201d - MEYDAN.TV","robots":{"index":"index","follow":"follow","max-snippet":"max-snippet:-1","max-image-preview":"max-image-preview:large","max-video-preview":"max-video-preview:-1"},"canonical":"https:\/\/www.meydan.tv\/az\/article\/icra-bascisina-dedim-ki-mene-bir-it-dami-tikib-verin-orda-yasayim\/","og_locale":"az_AZ","og_type":"article","og_title":"\u201c\u0130cra ba\u015f\u00e7\u0131s\u0131na dedim ki, m\u0259n\u0259 bir it dam\u0131 tikib verin, orda ya\u015fay\u0131m\u201d - MEYDAN.TV","og_description":"U\u00e7mas\u0131n dey\u0259, dir\u0259k qoymu\u015fam.","og_url":"https:\/\/www.meydan.tv\/az\/article\/icra-bascisina-dedim-ki-mene-bir-it-dami-tikib-verin-orda-yasayim\/","og_site_name":"MEYDAN.TV","article_published_time":"2019-11-18T11:20:42+00:00","og_image":[{"width":1024,"height":764,"url":"https:\/\/www.meydan.tv\/wp-content\/uploads\/image_from_ios_4_niaqmez.jpg","type":"image\/jpeg"}],"author":"user-manager","twitter_card":"summary_large_image","schema":{"@context":"https:\/\/schema.org","@graph":[{"@type":"Article","@id":"https:\/\/www.meydan.tv\/az\/article\/icra-bascisina-dedim-ki-mene-bir-it-dami-tikib-verin-orda-yasayim\/#article","isPartOf":{"@id":"https:\/\/www.meydan.tv\/az\/article\/icra-bascisina-dedim-ki-mene-bir-it-dami-tikib-verin-orda-yasayim\/"},"author":{"name":"user-manager","@id":"https:\/\/www.meydan.tv\/az\/#\/schema\/person\/10d11eccf6da3662cf5fdab9806ea91a"},"headline":"\u201c\u0130cra ba\u015f\u00e7\u0131s\u0131na dedim ki, m\u0259n\u0259 bir it dam\u0131 tikib verin, orda ya\u015fay\u0131m\u201d","datePublished":"2019-11-18T11:20:42+00:00","mainEntityOfPage":{"@id":"https:\/\/www.meydan.tv\/az\/article\/icra-bascisina-dedim-ki-mene-bir-it-dami-tikib-verin-orda-yasayim\/"},"wordCount":1202,"publisher":{"@id":"https:\/\/www.meydan.tv\/az\/#organization"},"image":{"@id":"https:\/\/www.meydan.tv\/az\/article\/icra-bascisina-dedim-ki-mene-bir-it-dami-tikib-verin-orda-yasayim\/#primaryimage"},"thumbnailUrl":"https:\/\/www.meydan.tv\/wp-content\/uploads\/image_from_ios_4_niaqmez.jpg","articleSection":["B\u00f6lg\u0259"],"inLanguage":"az"},{"@type":"WebPage","@id":"https:\/\/www.meydan.tv\/az\/article\/icra-bascisina-dedim-ki-mene-bir-it-dami-tikib-verin-orda-yasayim\/","url":"https:\/\/www.meydan.tv\/az\/article\/icra-bascisina-dedim-ki-mene-bir-it-dami-tikib-verin-orda-yasayim\/","name":"\u201c\u0130cra ba\u015f\u00e7\u0131s\u0131na dedim ki, m\u0259n\u0259 bir it dam\u0131 tikib verin, orda ya\u015fay\u0131m\u201d - MEYDAN.TV","isPartOf":{"@id":"https:\/\/www.meydan.tv\/az\/#website"},"primaryImageOfPage":{"@id":"https:\/\/www.meydan.tv\/az\/article\/icra-bascisina-dedim-ki-mene-bir-it-dami-tikib-verin-orda-yasayim\/#primaryimage"},"image":{"@id":"https:\/\/www.meydan.tv\/az\/article\/icra-bascisina-dedim-ki-mene-bir-it-dami-tikib-verin-orda-yasayim\/#primaryimage"},"thumbnailUrl":"https:\/\/www.meydan.tv\/wp-content\/uploads\/image_from_ios_4_niaqmez.jpg","datePublished":"2019-11-18T11:20:42+00:00","breadcrumb":{"@id":"https:\/\/www.meydan.tv\/az\/article\/icra-bascisina-dedim-ki-mene-bir-it-dami-tikib-verin-orda-yasayim\/#breadcrumb"},"inLanguage":"az","potentialAction":[{"@type":"ReadAction","target":["https:\/\/www.meydan.tv\/az\/article\/icra-bascisina-dedim-ki-mene-bir-it-dami-tikib-verin-orda-yasayim\/"]}]},{"@type":"ImageObject","inLanguage":"az","@id":"https:\/\/www.meydan.tv\/az\/article\/icra-bascisina-dedim-ki-mene-bir-it-dami-tikib-verin-orda-yasayim\/#primaryimage","url":"https:\/\/www.meydan.tv\/wp-content\/uploads\/image_from_ios_4_niaqmez.jpg","contentUrl":"https:\/\/www.meydan.tv\/wp-content\/uploads\/image_from_ios_4_niaqmez.jpg","width":1024,"height":764,"caption":"Source: Specify Source"},{"@type":"BreadcrumbList","@id":"https:\/\/www.meydan.tv\/az\/article\/icra-bascisina-dedim-ki-mene-bir-it-dami-tikib-verin-orda-yasayim\/#breadcrumb","itemListElement":[{"@type":"ListItem","position":1,"name":"Ana s\u0259hif\u0259","item":"https:\/\/www.meydan.tv\/az\/"},{"@type":"ListItem","position":2,"name":"B\u00f6lg\u0259","item":"https:\/\/www.meydan.tv\/az\/section\/bolge\/"},{"@type":"ListItem","position":3,"name":"\u201c\u0130cra ba\u015f\u00e7\u0131s\u0131na dedim ki, m\u0259n\u0259 bir it dam\u0131 tikib verin, orda ya\u015fay\u0131m\u201d"}]},{"@type":"WebSite","@id":"https:\/\/www.meydan.tv\/az\/#website","url":"https:\/\/www.meydan.tv\/az\/","name":"MEYDAN.TV","description":"Meydan TV Az\u0259rbaycan\u0131n media m\u0259kan\u0131ndak\u0131 alternativ s\u0259sidir","publisher":{"@id":"https:\/\/www.meydan.tv\/az\/#organization"},"potentialAction":[{"@type":"SearchAction","target":{"@type":"EntryPoint","urlTemplate":"https:\/\/www.meydan.tv\/az\/?s={search_term_string}"},"query-input":{"@type":"PropertyValueSpecification","valueRequired":true,"valueName":"search_term_string"}}],"inLanguage":"az"},{"@type":"Organization","@id":"https:\/\/www.meydan.tv\/az\/#organization","name":"Meydan TV","url":"https:\/\/www.meydan.tv\/az\/","logo":{"@type":"ImageObject","inLanguage":"az","@id":"https:\/\/www.meydan.tv\/az\/#\/schema\/logo\/image\/","url":"https:\/\/www.meydan.tv\/wp-content\/uploads\/2021\/07\/meydan-logo.svg","contentUrl":"https:\/\/www.meydan.tv\/wp-content\/uploads\/2021\/07\/meydan-logo.svg","width":195,"height":46,"caption":"Meydan TV"},"image":{"@id":"https:\/\/www.meydan.tv\/az\/#\/schema\/logo\/image\/"}},{"@type":"Person","@id":"https:\/\/www.meydan.tv\/az\/#\/schema\/person\/10d11eccf6da3662cf5fdab9806ea91a","name":"user-manager"}]}},"_links":{"self":[{"href":"https:\/\/www.meydan.tv\/az\/wp-json\/wp\/v2\/posts\/197978","targetHints":{"allow":["GET"]}}],"collection":[{"href":"https:\/\/www.meydan.tv\/az\/wp-json\/wp\/v2\/posts"}],"about":[{"href":"https:\/\/www.meydan.tv\/az\/wp-json\/wp\/v2\/types\/post"}],"author":[{"embeddable":true,"href":"https:\/\/www.meydan.tv\/az\/wp-json\/wp\/v2\/users\/11"}],"replies":[{"embeddable":true,"href":"https:\/\/www.meydan.tv\/az\/wp-json\/wp\/v2\/comments?post=197978"}],"version-history":[{"count":0,"href":"https:\/\/www.meydan.tv\/az\/wp-json\/wp\/v2\/posts\/197978\/revisions"}],"wp:featuredmedia":[{"embeddable":true,"href":"https:\/\/www.meydan.tv\/az\/wp-json\/wp\/v2\/media\/133167"}],"wp:attachment":[{"href":"https:\/\/www.meydan.tv\/az\/wp-json\/wp\/v2\/media?parent=197978"}],"wp:term":[{"taxonomy":"category","embeddable":true,"href":"https:\/\/www.meydan.tv\/az\/wp-json\/wp\/v2\/categories?post=197978"},{"taxonomy":"post_tag","embeddable":true,"href":"https:\/\/www.meydan.tv\/az\/wp-json\/wp\/v2\/tags?post=197978"}],"curies":[{"name":"wp","href":"https:\/\/api.w.org\/{rel}","templated":true}]}}