{"id":197962,"date":"2019-11-15T17:46:45","date_gmt":"2019-11-15T17:46:45","guid":{"rendered":"https:\/\/www.meydan.tv\/article\/peyklilerin-orus-ve-ekin-derdi\/"},"modified":"2019-11-15T17:46:45","modified_gmt":"2019-11-15T17:46:45","slug":"peyklilerin-orus-ve-ekin-derdi","status":"publish","type":"post","link":"https:\/\/www.meydan.tv\/az\/article\/peyklilerin-orus-ve-ekin-derdi\/","title":{"rendered":"Peyklil\u0259rin \u00f6r\u00fc\u015f v\u0259 \u0259kin d\u0259rdi&#8230;"},"content":{"rendered":"<p>\n  <i><br \/>\n    K\u0259ndlil\u0259r deyir, \u00f6r\u00fc\u015f sah\u0259l\u0259ri \u0259ll\u0259rind\u0259n al\u0131naraq bal\u0131qart\u0131rma g\u00f6ll\u0259ri yarad\u0131l\u0131b, \u0259kin sah\u0259l\u0259ri is\u0259 susuzluqdan m\u0259hsul vermir<br \/>\n  <\/i>\n<\/p>\n<p>\n  \u201cBir t\u0259r\u0259fd\u0259n \u00f6r\u00fc\u015f sah\u0259l\u0259rimizi \u0259limizd\u0259n al\u0131b, yerind\u0259 s\u00fcni bal\u0131q g\u00f6ll\u0259ri yarad\u0131blar, o biri t\u0259r\u0259fd\u0259n \u0259kin sah\u0259l\u0259rimizi suvarma\u011fa su vermirl\u0259r, hans\u0131n\u0131 dey\u0259k? Bat\u0131b gedirik&#8230;\u201d\n<\/p>\n<p>\n  Salyan\u0131n Peyk k\u0259ndinin sakinl\u0259ri Meydan TV-y\u0259 \u0259sas m\u0259\u015f\u011fuliyy\u0259tl\u0259ri olan heyvandarl\u0131q v\u0259 \u0259kin i\u015fl\u0259rind\u0259n m\u0259hrum olduqlar\u0131n\u0131 deyirl\u0259r. Onlar\u0131n s\u00f6zl\u0259rin\u0259 g\u00f6r\u0259, k\u0259ndd\u0259 m\u0259mur \u00f6zba\u015f\u0131nal\u0131qlar\u0131 \u00fcz\u00fcnd\u0259n \u0259hali i\u015fsiz-g\u00fccs\u00fcz, ac-susuz qal\u0131b, \u00fcst\u0259lik d\u0259 insanlar borclana-borclana gedir.\n<\/p>\n<p>\n  <b><br \/>\n    \u201cHara yaz\u0131r\u0131qsa, m\u0259ktub g\u0259lib ba\u015f\u00e7\u0131n\u0131n masas\u0131na \u00e7\u0131x\u0131r\u201d<br \/>\n  <\/b>\n<\/p>\n<p>\n  K\u0259ndlil\u0259r deyir, h\u0259l\u0259 1990-c\u0131 ill\u0259rin sonunda torpaq islahatlar\u0131 apar\u0131lark\u0259n k\u0259ndin \u00f6r\u00fc\u015f sah\u0259si kimi 2200 hektar yer ayr\u0131l\u0131b. K\u0259ndlil\u0259r uzun ill\u0259r orada heyvanlar\u0131n\u0131 otar\u0131blar. Ancaq sonradan Varl\u0131 b\u0259l\u0259diyy\u0259si sah\u0259 \u0259ll\u0259rind\u0259n al\u0131naraq b\u00f6y\u00fck hiss\u0259sind\u0259 bal\u0131q g\u00f6l\u00fc yarad\u0131l\u0131b.\n<\/p>\n<p>\n  K\u0259nd sakini, 2-ci qrup \u0259lil Fazil Zeynalabdinov dan\u0131\u015f\u0131r ki, d\u0259f\u0259l\u0259rl\u0259 topla\u015faraq m\u00fcxt\u0259lif qurumlara m\u00fcraci\u0259t edibl\u0259r, ancaq faydas\u0131 olmay\u0131b:\n<\/p>\n<p>\n  \u201c5-6 ildir ki, heyvanlar\u0131m\u0131z\u0131 otarmaq \u00fc\u00e7\u00fcn \u00f6r\u00fc\u015f sah\u0259l\u0259rin\u0259 yax\u0131n d\u00fc\u015f\u0259 bilmirik. Hara m\u00fcraci\u0259t ediriks\u0259, \u015fikay\u0259timiz g\u0259lib icra ba\u015f\u00e7\u0131s\u0131n\u0131n masas\u0131na \u00e7\u0131x\u0131r. O da guya komissiya yarad\u0131r, adamlar g\u00f6nd\u0259rir, g\u0259lib sah\u0259y\u0259 bax\u0131rlar, deyirl\u0259r, he\u00e7 bir qanunsuzluq yoxdur, sahibkar sah\u0259d\u0259n qanuni \u015f\u0259kild\u0259 istifad\u0259 edir. Deyirik, bu sah\u0259l\u0259rin t\u0259yinat\u0131 s\u0259n\u0259d \u00fcz\u0259rind\u0259 \u00f6r\u00fc\u015f \u0259razisi kimi qeyd olunub. Deyirl\u0259r, n\u0259 olsun, ba\u015f\u00e7\u0131 t\u0259yinat\u0131n\u0131 d\u0259yi\u015fib. Halbuki, bir torpaq sah\u0259sinin t\u0259yinat\u0131 yaln\u0131z Nazirl\u0259r Kabinetinin q\u0259rar\u0131yla d\u0259yi\u015fdiril\u0259 bil\u0259r. Ba\u015f\u00e7\u0131n\u0131n bunu etm\u0259y\u0259 s\u0259lahiyy\u0259ti yoxdur. Bir s\u00f6zl\u0259, ba\u00e7\u015f\u0131dan olan \u015fikay\u0259timizi el\u0259 ba\u015f\u00e7\u0131 \u201cara\u015fd\u0131r\u0131r\u201d, ax\u0131rda da deyir, h\u0259r \u015fey qanunidir\u201d.\n<\/p>\n<p>\n  <b><br \/>\n    Heyvanlar t\u00f6vl\u0259l\u0259rd\u0259 t\u0259l\u0259f olur<br \/>\n  <\/b>\n<\/p>\n<p>\n  Fazil Zeynalabdinov 10 ba\u015f mal, 400 ba\u015f qoyun saxlay\u0131r. Ancaq onlar\u0131 otarma\u011fa yer tapm\u0131r. Deyir, \u00f6r\u00fc\u015f sah\u0259l\u0259rin\u0259 getm\u0259k ist\u0259y\u0259n k\u0259ndlil\u0259r d\u00f6y\u00fcl\u00fcr. M\u0259s\u0259l\u0259n, bir d\u0259f\u0259 polisl\u0259r onu da d\u00f6y\u00fcb: \u201c\u00d6r\u00fc\u015f\u0259 getm\u0259k \u00fc\u00e7\u00fcn bir k\u00f6rp\u00fc var, k\u0259ndlil\u0259r o k\u00f6rp\u00fcd\u0259n ke\u00e7ib gedirdi. Bal\u0131q g\u00f6ll\u0259ri yarad\u0131landa o k\u00f6rp\u00fcn\u00fc yerli-dibli l\u0259\u011fv etm\u0259k ist\u0259yirdil\u0259r, k\u0259nd sakinl\u0259ri topla\u015f\u0131b, qar\u015f\u0131s\u0131n\u0131 ala bildi. Bir d\u0259f\u0259 h\u0259min k\u00f6rp\u00fcn\u00fcn \u00fcst\u00fcyl\u0259 \u00f6r\u00fc\u015f\u0259 t\u0259r\u0259f ke\u00e7m\u0259k ist\u0259y\u0259nd\u0259 polisl\u0259r qar\u015f\u0131m\u0131 k\u0259sdil\u0259r, t\u0259l\u0259b etdil\u0259r ki, geri qay\u0131d\u0131m. M\u0259ni zorla geri qaytarmaq ist\u0259y\u0259nd\u0259 telefonu \u00e7\u0131xar\u0131b \u00e7\u0259km\u0259k ist\u0259dim, tutub \u00f6z\u00fcm\u00fc d\u00f6yd\u00fcl\u0259r, telefonu da \u0259limd\u0259n ald\u0131lar\u201d.\n<\/p>\n<p>\n  K\u0259ndd\u0259 az\u0131 250 ail\u0259 t\u0259s\u0259rr\u00fcfat\u0131 var v\u0259 h\u0259r bir ail\u0259nin d\u0259 az\u0131 100-150 heyvan\u0131 var. K\u0259ndlil\u0259r heyvanlar\u0131 otarma\u011fa yer tapmad\u0131qlar\u0131 \u00fc\u00e7\u00fcn t\u00f6vl\u0259l\u0259rd\u0259 saxlamal\u0131 olurlar. Yemi, suyu pulla almal\u0131 olurlar. Heyvanlar havas\u0131zl\u0131qdan v\u0259 yem azl\u0131\u011f\u0131ndan t\u0259l\u0259f olur.\n<\/p>\n<p>\n  Fazil Zeynalabdinov bu probleml\u0259rin h\u0259lli \u00fc\u00e7\u00fcn 1-ci vitse-prezident Mehriban \u018fliyevan\u0131n q\u0259buluna gedib, onun k\u00f6m\u0259k\u00e7isi il\u0259 g\u00f6r\u00fc\u015f\u00fcb. Bundan sonra ona 5 hektar otlaq sah\u0259si t\u0259klif olunub, o is\u0259 raz\u0131la\u015fmay\u0131b.\n<\/p>\n<p>\n  \u201cT\u0259klif etdikl\u0259ri yerl\u0259r \u015foran torpaqlard\u0131r, ot bitmir. \u00dcst\u0259lik d\u0259 bildirdim ki, 400 ba\u015fdan \u00e7ox heyvan\u0131n otar\u0131lmas\u0131 \u00fc\u00e7\u00fcn 5 hektar \u0259razi \u00e7ox ki\u00e7ikdir. Bal\u0131q g\u00f6ll\u0259rin\u0259 400-500 hektarlarla yer ay\u0131ran b\u0259l\u0259diyy\u0259 k\u0259ndin minl\u0259rl\u0259 heyvan\u0131n\u0131 otlaqs\u0131z qoyub, m\u0259nim problemim t\u0259k \u00f6z heyvanlar\u0131mdan ibar\u0259t deyil, b\u00fct\u00fcn k\u0259ndin otlaq sah\u0259si \u00f6z\u00fcn\u0259 qaytar\u0131lmal\u0131d\u0131r\u201d.\n<\/p>\n<p>\n  K\u0259nd sakinl\u0259ri \u018fdliyy\u0259 Nazirliyinin B\u0259l\u0259diyy\u0259l\u0259rl\u0259 \u0130\u015f \u00fczr\u0259 \u0130dar\u0259sin\u0259, rayon prokurorlu\u011funa, Ba\u015f Prokurorlu\u011fun Korrupsiyaya Qar\u015f\u0131 M\u00fcbariz\u0259 idar\u0259sin\u0259 v\u0259 prezident\u0259 m\u00fcraci\u0259t edibl\u0259r.\n<\/p>\n<p>\n  <b><br \/>\n    \u201cSu yoxdur, m\u0259hsul m\u0259hv olur\u201d<br \/>\n  <\/b>\n<\/p>\n<p>\n  K\u0259ndlil\u0259rin d\u0259rdi t\u0259kc\u0259 \u00f6r\u00fc\u015f sah\u0259l\u0259ri deyil. Deyirl\u0259r, nec\u0259 ki, heyvandarl\u0131qla m\u0259\u015f\u011ful ola bilmirik, el\u0259c\u0259 d\u0259 \u0259kind\u0259n uzaq d\u00fc\u015fm\u00fc\u015f\u00fck. S\u0259b\u0259b d\u0259 susuzluqdur. M\u0259s\u0259l\u0259n, Fazil Zeynalabdinov deyir, icar\u0259y\u0259 g\u00f6t\u00fcrd\u00fcy\u00fc torpaqda \u0259kin i\u015fl\u0259ri apar\u0131b, ancaq m\u0259hsul g\u00f6t\u00fcr\u0259 bilm\u0259yib:\n<\/p>\n<figure class=\"wp-block-image size-large\">\n  <img decoding=\"async\" src=\"https:\/\/www.meydan.tv\/az\/reg_pryk_kendinde_heyvanlar_otlaq_sahelerine_buraxilmir-jpg\/\" alt=\"reg_pryk_kendinde_heyvanlar_otlaq_sahelerine_buraxilmir.jpg\" class=\"wp-image-133113\"\/><figcaption>\n    D\u0259f\u0259l\u0259rl\u0259 ba\u015f\u00e7\u0131n\u0131n q\u0259bulunda olmu\u015fuq, bizim yan\u0131m\u0131zda m\u0259murlara tap\u015f\u0131r\u0131q verib ki, kanal qaz\u0131ls\u0131n, \u0259kin sah\u0259l\u0259rin\u0259 su \u00e7\u0259kilsin, he\u00e7 bir n\u0259tic\u0259si yoxdur.<br \/>\n  <\/figcaption><\/figure>\n<p>\n  \u201c\u0130car\u0259y\u0259 torpaq g\u00f6t\u00fcrd\u00fcm, 50 q\u0259pikd\u0259n toxum al\u0131b s\u0259pdim, 10 hektar sah\u0259d\u0259 arpa \u0259kdim, ham\u0131s\u0131 qu\u015flara yem oldu. Su yoxdur. D\u0259f\u0259l\u0259rl\u0259 ba\u015f\u00e7\u0131n\u0131n q\u0259bulunda olmu\u015fuq, bizim yan\u0131m\u0131zda m\u0259murlara tap\u015f\u0131r\u0131q verib ki, kanal qaz\u0131ls\u0131n, \u0259kin sah\u0259l\u0259rin\u0259 su \u00e7\u0259kilsin, he\u00e7 bir n\u0259tic\u0259si yoxdur. Kanal var, ancaq su dibind\u0259dir, yaln\u0131z heyvanlar\u0131n suvar\u0131lmas\u0131na g\u00f6r\u0259dir. \u018fkin sah\u0259l\u0259rin\u0259 gedib \u00e7\u0131xm\u0131r. \u0130ndi m\u0259n h\u0259m torpa\u011f\u0131n icar\u0259sinin pulunu verm\u0259liy\u0259m, h\u0259m toxum alm\u0131\u015fam, h\u0259m texnika icar\u0259l\u0259yib sah\u0259d\u0259 i\u015fl\u0259tmi\u015f\u0259m. Bu boyda x\u0259rcimin qar\u015f\u0131l\u0131\u011f\u0131nda sah\u0259 susuzluqdan yand\u0131. H\u0259r g\u00fcn gedir\u0259m sah\u0259y\u0259, toxumlar\u0131 d\u0259nl\u0259y\u0259n qu\u015flara tama\u015fa el\u0259yib geri qay\u0131d\u0131ram\u201d.\n<\/p>\n<p>\n  <b><br \/>\n    R\u0259smi qurumlar da qanun pozuntusu oldu\u011funu t\u0259sdiql\u0259yir<br \/>\n  <\/b>\n<\/p>\n<p>\n  Salyan Rayon \u0130cra Hakimiyy\u0259tind\u0259n Meydan TV-y\u0259 bildirilib ki, \u00f6r\u00fc\u015f sah\u0259sini bal\u0131q t\u0259s\u0259rr\u00fcfat\u0131 \u00fc\u00e7\u00fcn k\u0259nd b\u0259l\u0259diyy\u0259si ay\u0131r\u0131b, buna g\u00f6r\u0259 prokururluqda ara\u015fd\u0131rma apar\u0131l\u0131r. S\u00f6hb\u0259t b\u0259l\u0259diyy\u0259 torpaqlar\u0131ndan getdiyi \u00fc\u00e7\u00fcn icra hakimiyy\u0259tinin bu m\u0259s\u0259l\u0259y\u0259 qar\u0131\u015fmaq s\u0259lahiyy\u0259ti yoxdur: \u201cAncaq son m\u0259lumatlara g\u00f6r\u0259 orada g\u00f6ll\u0259r bo\u015fald\u0131l\u0131b v\u0259 haz\u0131rda t\u0259s\u0259rr\u00fcfat f\u0259aliyy\u0259t g\u00f6st\u0259rmir. Bu m\u0259s\u0259l\u0259 prokurorluqda ara\u015fd\u0131r\u0131l\u0131r. Su m\u0259s\u0259l\u0259sin\u0259 g\u0259linc\u0259 is\u0259 bu problem \u0259sas\u0259n yayda olur. Yay quraql\u0131q ke\u00e7\u0259nd\u0259 sah\u0259l\u0259r\u0259 su gedib \u00e7\u0131xm\u0131r. Haz\u0131rda is\u0259 ya\u011f\u0131\u015f ya\u011f\u0131r, kanallar su il\u0259 dolur, sah\u0259l\u0259r\u0259 gedir. Yen\u0259 d\u0259 aidiyy\u0259ti qurumlar qar\u015f\u0131s\u0131nda bu m\u0259s\u0259l\u0259ni h\u0259ll ed\u0259rik\u201d.\n<\/p>\n<p>\n  Meydan TV m\u00fcxbiri m\u0259s\u0259l\u0259y\u0259 Varl\u0131 b\u0259l\u0259diyy\u0259sind\u0259n m\u00fcnasib\u0259t \u00f6yr\u0259n\u0259 bilm\u0259yib. Ancaq \u018fdliyy\u0259 Nazirliyinin k\u0259ndlil\u0259r\u0259 g\u00f6nd\u0259rdiyi m\u0259ktubda da qeyd olunub ki, Salyan rayonu, Varl\u0131 b\u0259l\u0259diyy\u0259sinin m\u00fclkiyy\u0259tin\u0259 aid, \u00fcmumi istifad\u0259d\u0259 olan \u00f6r\u00fc\u015f sah\u0259l\u0259rinin bal\u0131q t\u0259s\u0259rr\u00fcfatlar\u0131 \u00fc\u00e7\u00fcn ayr\u0131lmas\u0131 il\u0259 ba\u011fl\u0131 m\u0259s\u0259l\u0259 ara\u015fd\u0131r\u0131l\u0131b, fakt t\u0259sdiqini tap\u0131b. Qanun pozuntular\u0131yla ba\u011fl\u0131 toplanm\u0131\u015f materiallar Salyan Rayon Prokurorlu\u011funa g\u00f6nd\u0259rilib.\n<\/p>\n<p>\n  \u018fmlak M\u0259s\u0259l\u0259l\u0259ri D\u00f6vl\u0259t Komit\u0259si Yan\u0131nda Torpaqlar\u0131n D\u00f6vl\u0259t \u0130dar\u0259etm\u0259sinin T\u0259\u015fkili \u00dczr\u0259 D\u00f6vl\u0259t Agentliyi d\u0259 k\u0259ndlil\u0259r\u0259 r\u0259smi m\u0259ktub g\u00f6nd\u0259rib. M\u0259ktubda qeyd olunub ki, Peyk k\u0259ndi \u0259razisind\u0259 \u00fcmumi istifad\u0259d\u0259 olan \u00f6r\u00fc\u015f sah\u0259sinin Varl\u0131 b\u0259l\u0259diyy\u0259si t\u0259r\u0259find\u0259n sat\u0131lmas\u0131, orada s\u00fcni bal\u0131q g\u00f6ll\u0259ri yarad\u0131lmas\u0131 m\u0259s\u0259l\u0259si ara\u015fd\u0131r\u0131l\u0131b. Agentliyin \u015eirvan \u0259razi \u015f\u00f6b\u0259sinin \u0259m\u0259kda\u015flar\u0131 m\u00fcbahis\u0259li sah\u0259d\u0259 olublar. M\u0259lum olub ki, Varl\u0131 b\u0259l\u0259diyy\u0259si \u0259razinin 70 hektar\u0131n\u0131 bir hiss\u0259sini rayonun Qaraba\u011fl\u0131 k\u0259nd sakini C\u0259lal Novruzova bal\u0131q\u00e7\u0131l\u0131q v\u0259 qoyun\u00e7uluq m\u0259qs\u0259dil\u0259 ay\u0131r\u0131b. O da h\u0259min \u0259razid\u0259 s\u00fcni g\u00f6ll\u0259r d\u00fcz\u0259ld\u0259r\u0259k, bal\u0131q\u00e7\u0131l\u0131q t\u0259s\u0259rr\u00fcfat\u0131 yarad\u0131b. Buna g\u00f6r\u0259 d\u0259 \u0130nzibati X\u0259talar M\u0259c\u0259ll\u0259sinin t\u0259l\u0259bl\u0259rin\u0259 uy\u011fun olaraq c\u0259rim\u0259l\u0259nib.\n<\/p>\n<p>\n  Salyan Rayon Prokurorlu\u011fundan bildirilib ki, fakt \u00fczr\u0259 ara\u015fd\u0131rma apar\u0131l\u0131r. N\u0259tic\u0259si bar\u0259d\u0259 k\u0259nd sakinl\u0259rin\u0259 r\u0259smi m\u0259ktubla m\u0259lumat veril\u0259c\u0259k.\n<\/p>\n<p>\n  K\u0259ndlil\u0259rs\u0259 iddia edirl\u0259r ki, g\u00f6l\u00fcn suyu m\u00f6vs\u00fcm\u0259 uy\u011fun olaraq t\u0259z\u0259l\u0259nm\u0259k \u00fc\u00e7\u00fcn bo\u015fald\u0131l\u0131b. \u018frazi h\u0259l\u0259 d\u0259 m\u00fchafiz\u0259 olunur v\u0259 k\u0259nd sakinl\u0259ri heyvanlar\u0131n\u0131 otarmaq \u00fc\u00e7\u00fcn \u0259raziy\u0259 ke\u00e7ir\u0259 bilmir.\n<\/p>\n<figure class=\"wp-block-image size-large\">\n  <img decoding=\"async\" src=\"https:\/\/www.meydan.tv\/az\/image_from_ios-1-jpg-65\/\" alt=\"image_from_ios (1).jpg\" class=\"wp-image-133122\"\/><figcaption>\n    K\u0259ndd\u0259 az\u0131 250 ail\u0259 t\u0259s\u0259rr\u00fcfat\u0131 var v\u0259 h\u0259r bir ail\u0259nin d\u0259 az\u0131 100-150 heyvan\u0131 var<br \/>\n  <\/figcaption><\/figure>\n","protected":false},"excerpt":{"rendered":"<p>Varl\u0131 b\u0259l\u0259diyy\u0259sinin m\u00fclkiyy\u0259tin\u0259 aid, \u00fcmumi istifad\u0259d\u0259 olan \u00f6r\u00fc\u015f sah\u0259l\u0259rinin bal\u0131q t\u0259s\u0259rr\u00fcfatlar\u0131 \u00fc\u00e7\u00fcn ayr\u0131lmas\u0131 il\u0259 ba\u011fl\u0131 m\u0259s\u0259l\u0259 ara\u015fd\u0131r\u0131l\u0131b, fakt t\u0259sdiqini tap\u0131b.<\/p>\n","protected":false},"author":11,"featured_media":133107,"comment_status":"closed","ping_status":"open","sticky":false,"template":"","format":"standard","meta":{"_acf_changed":false,"_sitemap_exclude":false,"_sitemap_priority":"","_sitemap_frequency":"","footnotes":""},"categories":[60],"tags":[],"class_list":["post-197962","post","type-post","status-publish","format-standard","has-post-thumbnail","hentry","category-bolge","infinite-scroll-item","generate-columns","tablet-grid-50","mobile-grid-100","grid-parent","grid-33","no-featured-image-padding"],"acf":[],"yoast_head":"<!-- This site is optimized with the Yoast SEO plugin v27.5 - https:\/\/yoast.com\/product\/yoast-seo-wordpress\/ -->\n<title>Peyklil\u0259rin \u00f6r\u00fc\u015f v\u0259 \u0259kin d\u0259rdi... - MEYDAN.TV<\/title>\n<meta name=\"robots\" content=\"index, follow, max-snippet:-1, max-image-preview:large, max-video-preview:-1\" \/>\n<link rel=\"canonical\" href=\"https:\/\/www.meydan.tv\/az\/article\/peyklilerin-orus-ve-ekin-derdi\/\" \/>\n<meta property=\"og:locale\" content=\"az_AZ\" \/>\n<meta property=\"og:type\" content=\"article\" \/>\n<meta property=\"og:title\" content=\"Peyklil\u0259rin \u00f6r\u00fc\u015f v\u0259 \u0259kin d\u0259rdi... - MEYDAN.TV\" \/>\n<meta property=\"og:description\" content=\"Varl\u0131 b\u0259l\u0259diyy\u0259sinin m\u00fclkiyy\u0259tin\u0259 aid, \u00fcmumi istifad\u0259d\u0259 olan \u00f6r\u00fc\u015f sah\u0259l\u0259rinin bal\u0131q t\u0259s\u0259rr\u00fcfatlar\u0131 \u00fc\u00e7\u00fcn ayr\u0131lmas\u0131 il\u0259 ba\u011fl\u0131 m\u0259s\u0259l\u0259 ara\u015fd\u0131r\u0131l\u0131b, fakt t\u0259sdiqini tap\u0131b.\" \/>\n<meta property=\"og:url\" content=\"https:\/\/www.meydan.tv\/az\/article\/peyklilerin-orus-ve-ekin-derdi\/\" \/>\n<meta property=\"og:site_name\" content=\"MEYDAN.TV\" \/>\n<meta property=\"article:published_time\" content=\"2019-11-15T17:46:45+00:00\" \/>\n<meta property=\"og:image\" content=\"https:\/\/www.meydan.tv\/wp-content\/uploads\/reg_peyk_kendinde_susuz_qalmish_arpa_sahesi1_720.jpg\" \/>\n\t<meta property=\"og:image:width\" content=\"720\" \/>\n\t<meta property=\"og:image:height\" content=\"540\" \/>\n\t<meta property=\"og:image:type\" content=\"image\/jpeg\" \/>\n<meta name=\"author\" content=\"user-manager\" \/>\n<meta name=\"twitter:card\" content=\"summary_large_image\" \/>\n<script type=\"application\/ld+json\" class=\"yoast-schema-graph\">{\"@context\":\"https:\\\/\\\/schema.org\",\"@graph\":[{\"@type\":\"Article\",\"@id\":\"https:\\\/\\\/www.meydan.tv\\\/az\\\/article\\\/peyklilerin-orus-ve-ekin-derdi\\\/#article\",\"isPartOf\":{\"@id\":\"https:\\\/\\\/www.meydan.tv\\\/az\\\/article\\\/peyklilerin-orus-ve-ekin-derdi\\\/\"},\"author\":{\"name\":\"user-manager\",\"@id\":\"https:\\\/\\\/www.meydan.tv\\\/az\\\/#\\\/schema\\\/person\\\/10d11eccf6da3662cf5fdab9806ea91a\"},\"headline\":\"Peyklil\u0259rin \u00f6r\u00fc\u015f v\u0259 \u0259kin d\u0259rdi&#8230;\",\"datePublished\":\"2019-11-15T17:46:45+00:00\",\"mainEntityOfPage\":{\"@id\":\"https:\\\/\\\/www.meydan.tv\\\/az\\\/article\\\/peyklilerin-orus-ve-ekin-derdi\\\/\"},\"wordCount\":1572,\"publisher\":{\"@id\":\"https:\\\/\\\/www.meydan.tv\\\/az\\\/#organization\"},\"image\":{\"@id\":\"https:\\\/\\\/www.meydan.tv\\\/az\\\/article\\\/peyklilerin-orus-ve-ekin-derdi\\\/#primaryimage\"},\"thumbnailUrl\":\"https:\\\/\\\/www.meydan.tv\\\/wp-content\\\/uploads\\\/reg_peyk_kendinde_susuz_qalmish_arpa_sahesi1_720.jpg\",\"articleSection\":[\"B\u00f6lg\u0259\"],\"inLanguage\":\"az\"},{\"@type\":\"WebPage\",\"@id\":\"https:\\\/\\\/www.meydan.tv\\\/az\\\/article\\\/peyklilerin-orus-ve-ekin-derdi\\\/\",\"url\":\"https:\\\/\\\/www.meydan.tv\\\/az\\\/article\\\/peyklilerin-orus-ve-ekin-derdi\\\/\",\"name\":\"Peyklil\u0259rin \u00f6r\u00fc\u015f v\u0259 \u0259kin d\u0259rdi... - MEYDAN.TV\",\"isPartOf\":{\"@id\":\"https:\\\/\\\/www.meydan.tv\\\/az\\\/#website\"},\"primaryImageOfPage\":{\"@id\":\"https:\\\/\\\/www.meydan.tv\\\/az\\\/article\\\/peyklilerin-orus-ve-ekin-derdi\\\/#primaryimage\"},\"image\":{\"@id\":\"https:\\\/\\\/www.meydan.tv\\\/az\\\/article\\\/peyklilerin-orus-ve-ekin-derdi\\\/#primaryimage\"},\"thumbnailUrl\":\"https:\\\/\\\/www.meydan.tv\\\/wp-content\\\/uploads\\\/reg_peyk_kendinde_susuz_qalmish_arpa_sahesi1_720.jpg\",\"datePublished\":\"2019-11-15T17:46:45+00:00\",\"breadcrumb\":{\"@id\":\"https:\\\/\\\/www.meydan.tv\\\/az\\\/article\\\/peyklilerin-orus-ve-ekin-derdi\\\/#breadcrumb\"},\"inLanguage\":\"az\",\"potentialAction\":[{\"@type\":\"ReadAction\",\"target\":[\"https:\\\/\\\/www.meydan.tv\\\/az\\\/article\\\/peyklilerin-orus-ve-ekin-derdi\\\/\"]}]},{\"@type\":\"ImageObject\",\"inLanguage\":\"az\",\"@id\":\"https:\\\/\\\/www.meydan.tv\\\/az\\\/article\\\/peyklilerin-orus-ve-ekin-derdi\\\/#primaryimage\",\"url\":\"https:\\\/\\\/www.meydan.tv\\\/wp-content\\\/uploads\\\/reg_peyk_kendinde_susuz_qalmish_arpa_sahesi1_720.jpg\",\"contentUrl\":\"https:\\\/\\\/www.meydan.tv\\\/wp-content\\\/uploads\\\/reg_peyk_kendinde_susuz_qalmish_arpa_sahesi1_720.jpg\",\"width\":720,\"height\":540,\"caption\":\"Source: Specify Source\"},{\"@type\":\"BreadcrumbList\",\"@id\":\"https:\\\/\\\/www.meydan.tv\\\/az\\\/article\\\/peyklilerin-orus-ve-ekin-derdi\\\/#breadcrumb\",\"itemListElement\":[{\"@type\":\"ListItem\",\"position\":1,\"name\":\"Ana s\u0259hif\u0259\",\"item\":\"https:\\\/\\\/www.meydan.tv\\\/az\\\/\"},{\"@type\":\"ListItem\",\"position\":2,\"name\":\"B\u00f6lg\u0259\",\"item\":\"https:\\\/\\\/www.meydan.tv\\\/az\\\/section\\\/bolge\\\/\"},{\"@type\":\"ListItem\",\"position\":3,\"name\":\"Peyklil\u0259rin \u00f6r\u00fc\u015f v\u0259 \u0259kin d\u0259rdi&#8230;\"}]},{\"@type\":\"WebSite\",\"@id\":\"https:\\\/\\\/www.meydan.tv\\\/az\\\/#website\",\"url\":\"https:\\\/\\\/www.meydan.tv\\\/az\\\/\",\"name\":\"MEYDAN.TV\",\"description\":\"Meydan TV Az\u0259rbaycan\u0131n media m\u0259kan\u0131ndak\u0131 alternativ s\u0259sidir\",\"publisher\":{\"@id\":\"https:\\\/\\\/www.meydan.tv\\\/az\\\/#organization\"},\"potentialAction\":[{\"@type\":\"SearchAction\",\"target\":{\"@type\":\"EntryPoint\",\"urlTemplate\":\"https:\\\/\\\/www.meydan.tv\\\/az\\\/?s={search_term_string}\"},\"query-input\":{\"@type\":\"PropertyValueSpecification\",\"valueRequired\":true,\"valueName\":\"search_term_string\"}}],\"inLanguage\":\"az\"},{\"@type\":\"Organization\",\"@id\":\"https:\\\/\\\/www.meydan.tv\\\/az\\\/#organization\",\"name\":\"Meydan TV\",\"url\":\"https:\\\/\\\/www.meydan.tv\\\/az\\\/\",\"logo\":{\"@type\":\"ImageObject\",\"inLanguage\":\"az\",\"@id\":\"https:\\\/\\\/www.meydan.tv\\\/az\\\/#\\\/schema\\\/logo\\\/image\\\/\",\"url\":\"https:\\\/\\\/www.meydan.tv\\\/wp-content\\\/uploads\\\/2021\\\/07\\\/meydan-logo.svg\",\"contentUrl\":\"https:\\\/\\\/www.meydan.tv\\\/wp-content\\\/uploads\\\/2021\\\/07\\\/meydan-logo.svg\",\"width\":195,\"height\":46,\"caption\":\"Meydan TV\"},\"image\":{\"@id\":\"https:\\\/\\\/www.meydan.tv\\\/az\\\/#\\\/schema\\\/logo\\\/image\\\/\"}},{\"@type\":\"Person\",\"@id\":\"https:\\\/\\\/www.meydan.tv\\\/az\\\/#\\\/schema\\\/person\\\/10d11eccf6da3662cf5fdab9806ea91a\",\"name\":\"user-manager\"}]}<\/script>\n<!-- \/ Yoast SEO plugin. -->","yoast_head_json":{"title":"Peyklil\u0259rin \u00f6r\u00fc\u015f v\u0259 \u0259kin d\u0259rdi... - MEYDAN.TV","robots":{"index":"index","follow":"follow","max-snippet":"max-snippet:-1","max-image-preview":"max-image-preview:large","max-video-preview":"max-video-preview:-1"},"canonical":"https:\/\/www.meydan.tv\/az\/article\/peyklilerin-orus-ve-ekin-derdi\/","og_locale":"az_AZ","og_type":"article","og_title":"Peyklil\u0259rin \u00f6r\u00fc\u015f v\u0259 \u0259kin d\u0259rdi... - MEYDAN.TV","og_description":"Varl\u0131 b\u0259l\u0259diyy\u0259sinin m\u00fclkiyy\u0259tin\u0259 aid, \u00fcmumi istifad\u0259d\u0259 olan \u00f6r\u00fc\u015f sah\u0259l\u0259rinin bal\u0131q t\u0259s\u0259rr\u00fcfatlar\u0131 \u00fc\u00e7\u00fcn ayr\u0131lmas\u0131 il\u0259 ba\u011fl\u0131 m\u0259s\u0259l\u0259 ara\u015fd\u0131r\u0131l\u0131b, fakt t\u0259sdiqini tap\u0131b.","og_url":"https:\/\/www.meydan.tv\/az\/article\/peyklilerin-orus-ve-ekin-derdi\/","og_site_name":"MEYDAN.TV","article_published_time":"2019-11-15T17:46:45+00:00","og_image":[{"width":720,"height":540,"url":"https:\/\/www.meydan.tv\/wp-content\/uploads\/reg_peyk_kendinde_susuz_qalmish_arpa_sahesi1_720.jpg","type":"image\/jpeg"}],"author":"user-manager","twitter_card":"summary_large_image","schema":{"@context":"https:\/\/schema.org","@graph":[{"@type":"Article","@id":"https:\/\/www.meydan.tv\/az\/article\/peyklilerin-orus-ve-ekin-derdi\/#article","isPartOf":{"@id":"https:\/\/www.meydan.tv\/az\/article\/peyklilerin-orus-ve-ekin-derdi\/"},"author":{"name":"user-manager","@id":"https:\/\/www.meydan.tv\/az\/#\/schema\/person\/10d11eccf6da3662cf5fdab9806ea91a"},"headline":"Peyklil\u0259rin \u00f6r\u00fc\u015f v\u0259 \u0259kin d\u0259rdi&#8230;","datePublished":"2019-11-15T17:46:45+00:00","mainEntityOfPage":{"@id":"https:\/\/www.meydan.tv\/az\/article\/peyklilerin-orus-ve-ekin-derdi\/"},"wordCount":1572,"publisher":{"@id":"https:\/\/www.meydan.tv\/az\/#organization"},"image":{"@id":"https:\/\/www.meydan.tv\/az\/article\/peyklilerin-orus-ve-ekin-derdi\/#primaryimage"},"thumbnailUrl":"https:\/\/www.meydan.tv\/wp-content\/uploads\/reg_peyk_kendinde_susuz_qalmish_arpa_sahesi1_720.jpg","articleSection":["B\u00f6lg\u0259"],"inLanguage":"az"},{"@type":"WebPage","@id":"https:\/\/www.meydan.tv\/az\/article\/peyklilerin-orus-ve-ekin-derdi\/","url":"https:\/\/www.meydan.tv\/az\/article\/peyklilerin-orus-ve-ekin-derdi\/","name":"Peyklil\u0259rin \u00f6r\u00fc\u015f v\u0259 \u0259kin d\u0259rdi... - MEYDAN.TV","isPartOf":{"@id":"https:\/\/www.meydan.tv\/az\/#website"},"primaryImageOfPage":{"@id":"https:\/\/www.meydan.tv\/az\/article\/peyklilerin-orus-ve-ekin-derdi\/#primaryimage"},"image":{"@id":"https:\/\/www.meydan.tv\/az\/article\/peyklilerin-orus-ve-ekin-derdi\/#primaryimage"},"thumbnailUrl":"https:\/\/www.meydan.tv\/wp-content\/uploads\/reg_peyk_kendinde_susuz_qalmish_arpa_sahesi1_720.jpg","datePublished":"2019-11-15T17:46:45+00:00","breadcrumb":{"@id":"https:\/\/www.meydan.tv\/az\/article\/peyklilerin-orus-ve-ekin-derdi\/#breadcrumb"},"inLanguage":"az","potentialAction":[{"@type":"ReadAction","target":["https:\/\/www.meydan.tv\/az\/article\/peyklilerin-orus-ve-ekin-derdi\/"]}]},{"@type":"ImageObject","inLanguage":"az","@id":"https:\/\/www.meydan.tv\/az\/article\/peyklilerin-orus-ve-ekin-derdi\/#primaryimage","url":"https:\/\/www.meydan.tv\/wp-content\/uploads\/reg_peyk_kendinde_susuz_qalmish_arpa_sahesi1_720.jpg","contentUrl":"https:\/\/www.meydan.tv\/wp-content\/uploads\/reg_peyk_kendinde_susuz_qalmish_arpa_sahesi1_720.jpg","width":720,"height":540,"caption":"Source: Specify Source"},{"@type":"BreadcrumbList","@id":"https:\/\/www.meydan.tv\/az\/article\/peyklilerin-orus-ve-ekin-derdi\/#breadcrumb","itemListElement":[{"@type":"ListItem","position":1,"name":"Ana s\u0259hif\u0259","item":"https:\/\/www.meydan.tv\/az\/"},{"@type":"ListItem","position":2,"name":"B\u00f6lg\u0259","item":"https:\/\/www.meydan.tv\/az\/section\/bolge\/"},{"@type":"ListItem","position":3,"name":"Peyklil\u0259rin \u00f6r\u00fc\u015f v\u0259 \u0259kin d\u0259rdi&#8230;"}]},{"@type":"WebSite","@id":"https:\/\/www.meydan.tv\/az\/#website","url":"https:\/\/www.meydan.tv\/az\/","name":"MEYDAN.TV","description":"Meydan TV Az\u0259rbaycan\u0131n media m\u0259kan\u0131ndak\u0131 alternativ s\u0259sidir","publisher":{"@id":"https:\/\/www.meydan.tv\/az\/#organization"},"potentialAction":[{"@type":"SearchAction","target":{"@type":"EntryPoint","urlTemplate":"https:\/\/www.meydan.tv\/az\/?s={search_term_string}"},"query-input":{"@type":"PropertyValueSpecification","valueRequired":true,"valueName":"search_term_string"}}],"inLanguage":"az"},{"@type":"Organization","@id":"https:\/\/www.meydan.tv\/az\/#organization","name":"Meydan TV","url":"https:\/\/www.meydan.tv\/az\/","logo":{"@type":"ImageObject","inLanguage":"az","@id":"https:\/\/www.meydan.tv\/az\/#\/schema\/logo\/image\/","url":"https:\/\/www.meydan.tv\/wp-content\/uploads\/2021\/07\/meydan-logo.svg","contentUrl":"https:\/\/www.meydan.tv\/wp-content\/uploads\/2021\/07\/meydan-logo.svg","width":195,"height":46,"caption":"Meydan TV"},"image":{"@id":"https:\/\/www.meydan.tv\/az\/#\/schema\/logo\/image\/"}},{"@type":"Person","@id":"https:\/\/www.meydan.tv\/az\/#\/schema\/person\/10d11eccf6da3662cf5fdab9806ea91a","name":"user-manager"}]}},"_links":{"self":[{"href":"https:\/\/www.meydan.tv\/az\/wp-json\/wp\/v2\/posts\/197962","targetHints":{"allow":["GET"]}}],"collection":[{"href":"https:\/\/www.meydan.tv\/az\/wp-json\/wp\/v2\/posts"}],"about":[{"href":"https:\/\/www.meydan.tv\/az\/wp-json\/wp\/v2\/types\/post"}],"author":[{"embeddable":true,"href":"https:\/\/www.meydan.tv\/az\/wp-json\/wp\/v2\/users\/11"}],"replies":[{"embeddable":true,"href":"https:\/\/www.meydan.tv\/az\/wp-json\/wp\/v2\/comments?post=197962"}],"version-history":[{"count":0,"href":"https:\/\/www.meydan.tv\/az\/wp-json\/wp\/v2\/posts\/197962\/revisions"}],"wp:featuredmedia":[{"embeddable":true,"href":"https:\/\/www.meydan.tv\/az\/wp-json\/wp\/v2\/media\/133107"}],"wp:attachment":[{"href":"https:\/\/www.meydan.tv\/az\/wp-json\/wp\/v2\/media?parent=197962"}],"wp:term":[{"taxonomy":"category","embeddable":true,"href":"https:\/\/www.meydan.tv\/az\/wp-json\/wp\/v2\/categories?post=197962"},{"taxonomy":"post_tag","embeddable":true,"href":"https:\/\/www.meydan.tv\/az\/wp-json\/wp\/v2\/tags?post=197962"}],"curies":[{"name":"wp","href":"https:\/\/api.w.org\/{rel}","templated":true}]}}