{"id":197960,"date":"2019-11-15T19:51:39","date_gmt":"2019-11-15T19:51:39","guid":{"rendered":"https:\/\/www.meydan.tv\/article\/xameney-iran-yehudilerin-aradan-qaldirilmasina-cagiris-etmir\/"},"modified":"2019-11-15T19:51:39","modified_gmt":"2019-11-15T19:51:39","slug":"xameney-iran-yehudilerin-aradan-qaldirilmasina-cagiris-etmir","status":"publish","type":"post","link":"https:\/\/www.meydan.tv\/az\/article\/xameney-iran-yehudilerin-aradan-qaldirilmasina-cagiris-etmir\/","title":{"rendered":"Xameney: \u0130ran y\u0259hudil\u0259rin aradan qald\u0131r\u0131lmas\u0131na \u00e7a\u011f\u0131r\u0131\u015f etmir"},"content":{"rendered":"<p>\n  <i><br \/>\n    \u201cBu, o dem\u0259kdir ki, F\u0259l\u0259stin xalq\u0131 &#8211; ist\u0259r m\u00fcs\u0259lman, ist\u0259r xristian, ist\u0259rs\u0259 d\u0259 y\u0259hudi olsun &#8211; \u00f6z h\u00f6kum\u0259tl\u0259rini se\u00e7m\u0259lidirl\u0259r\u201d<br \/>\n  <\/i>\n<\/p>\n<p>\n  \u0130ran y\u0259hudi xalq\u0131n\u0131n aradan qald\u0131r\u0131lmas\u0131na \u00e7a\u011f\u0131r\u0131\u015f etmir, amma inan\u0131r ki, b\u00fct\u00fcn dinl\u0259r\u0259 m\u0259nsub insanlar \u0130srailin g\u0259l\u0259c\u0259yini q\u0259rarla\u015fd\u0131rmal\u0131d\u0131rlar. \u0130ran\u0131n Ali Lideri Ayatollah \u018fli Xameney c\u00fcm\u0259 g\u00fcn\u00fc bel\u0259 deyib.\n<\/p>\n<p>\n  1979-cu ild\u0259 \u0130slam \u0130nqilab\u0131ndan b\u0259ri \u0130ran \u0130sraili tan\u0131maqdan imtina edib v\u0259 silahl\u0131 F\u0259l\u0259stin qruplar\u0131n\u0131 d\u0259st\u0259kl\u0259yib. \u0130srail uzun m\u00fcdd\u0259t \u0130ran\u0131 onu m\u0259hv etm\u0259kd\u0259 g\u00fcnahland\u0131r\u0131b v\u0259 Tehran\u0131 Yax\u0131n \u015e\u0259rqd\u0259ki \u0259sas d\u00fc\u015fm\u0259ni olaraq g\u00f6r\u00fcb.\n<\/p>\n<p>\n  \u201c\u0130srail d\u00f6vl\u0259tinin l\u0259\u011fv edilm\u0259sin\u0259 \u00e7a\u011f\u0131r\u0131\u015f y\u0259hudi xalq\u0131n\u0131n aradan qald\u0131r\u0131lmas\u0131 dem\u0259k deyil\u201d,- Xameney Tehranda ke\u00e7irilmi\u015f \u0130slam konfrans\u0131nda \u00e7\u0131x\u0131\u015f\u0131 zaman\u0131 deyib.\n<\/p>\n<p>\n  \u201cBu, o dem\u0259kdir ki, F\u0259l\u0259stin xalq\u0131 &#8211; ist\u0259r m\u00fcs\u0259lman, ist\u0259r xristian, ist\u0259rs\u0259 d\u0259 y\u0259hudi olsun &#8211; \u00f6z h\u00f6kum\u0259tl\u0259rini se\u00e7m\u0259lidirl\u0259r\u201d.\n<\/p>\n<p>\n  \u0130ran\u0131n daxili v\u0259 xarici siyas\u0259tind\u0259 \u0259n b\u00f6y\u00fck s\u0259lahiyy\u0259t sahibi olan Xameney Q\u0259rb g\u00fccl\u0259rini Tehrana n\u00fcv\u0259 proqram\u0131 il\u0259 ba\u011fl\u0131 t\u0259zyiq etdiyin\u0259 g\u00f6r\u0259 t\u0259nqid edib.\n<\/p>\n<p>\n  \u201cB\u00fct\u00fcn xalqlar\u0131n n\u00fcv\u0259 enerjisin\u0259 ehtiyac\u0131 var, amma Q\u0259rb inhisar\u00e7\u0131lar\u0131 bu enerjini inhisarda saxlama\u011fa \u00e7al\u0131\u015f\u0131rlar &#8230;\u201d Xameney deyib. \u201cQ\u0259rblil\u0259r bilirl\u0259r ki, biz dini inanc\u0131m\u0131za g\u00f6r\u0259 n\u00fcv\u0259 silah\u0131 axtarm\u0131r\u0131q\u201d.\n<\/p>\n<p>\n  \u0130ran 2000-ci ill\u0259rin \u0259vv\u0259ll\u0259rind\u0259 Xameney t\u0259r\u0259find\u0259n imzalanm\u0131\u015f n\u00fcv\u0259 silah\u0131n\u0131n haz\u0131rlanmas\u0131n\u0131 v\u0259 istifad\u0259sini qada\u011fan ed\u0259n dini f\u0259rmana istinad ed\u0259r\u0259k n\u00fcv\u0259 bombas\u0131 haz\u0131rlamaq ist\u0259yini d\u0259f\u0259l\u0259rl\u0259 r\u0259dd edib.\n<\/p>\n<p>\n  AB\u015e k\u0259\u015ffiyyat agentlikl\u0259ri v\u0259 Birl\u0259\u015fmi\u015f Mill\u0259tl\u0259r T\u0259\u015fkilat\u0131n\u0131n n\u00fcv\u0259 n\u0259zar\u0259t proqram\u0131 \u0130ran\u0131n n\u00fcv\u0259 proqram\u0131n\u0131 sonradan dayand\u0131rd\u0131\u011f\u0131 bir ne\u00e7\u0259 il \u0259rzind\u0259 gizli olaraq atom bombas\u0131 proqram\u0131 \u0259ld\u0259 etdiyin\u0259 inan\u0131rlar.\n<\/p>\n<p>\n  Fransa, \u0130ngilt\u0259r\u0259 v\u0259 Almaniya bu h\u0259ft\u0259 \u0130ran\u0131n yeralt\u0131 zavodda uran\u0131n z\u0259nginl\u0259\u015fdirilm\u0259sini b\u0259rpa etm\u0259k q\u0259rar\u0131ndan \u00e7ox narahat olduqlar\u0131n\u0131 s\u00f6yl\u0259yibl\u0259r. Onlar \u0130rana qar\u015f\u0131 birba\u015fa yeni sanksiya t\u0259l\u0259b edibl\u0259r.\n<\/p>\n<p>\n  \u0130ran\u0131n bu add\u0131m\u0131 AB\u015e-\u0131n ke\u00e7\u0259n il Tehran\u0131n d\u00fcnya g\u00fccl\u0259ri il\u0259 2015-ci ild\u0259 ba\u011flad\u0131\u011f\u0131 n\u00fcv\u0259 sazi\u015find\u0259n \u00e7\u0131xmas\u0131na v\u0259 sanksiyalar\u0131n b\u0259rpas\u0131na cavab hesab edilir.<\/p>\n","protected":false},"excerpt":{"rendered":"<p>\u201cBu, o dem\u0259kdir ki, F\u0259l\u0259stin xalq\u0131 &#8211; ist\u0259r m\u00fcs\u0259lman, ist\u0259r xristian, ist\u0259rs\u0259 d\u0259 y\u0259hudi olsun &#8211; \u00f6z h\u00f6kum\u0259tl\u0259rini se\u00e7m\u0259lidirl\u0259r\u201d<\/p>\n","protected":false},"author":11,"featured_media":127067,"comment_status":"closed","ping_status":"open","sticky":false,"template":"","format":"standard","meta":{"_acf_changed":false,"_sitemap_exclude":false,"_sitemap_priority":"","_sitemap_frequency":"","footnotes":""},"categories":[64],"tags":[],"class_list":["post-197960","post","type-post","status-publish","format-standard","has-post-thumbnail","hentry","category-dunya","infinite-scroll-item","generate-columns","tablet-grid-50","mobile-grid-100","grid-parent","grid-33","no-featured-image-padding"],"acf":[],"yoast_head":"<!-- This site is optimized with the Yoast SEO plugin v27.5 - https:\/\/yoast.com\/product\/yoast-seo-wordpress\/ -->\n<title>Xameney: \u0130ran y\u0259hudil\u0259rin aradan qald\u0131r\u0131lmas\u0131na \u00e7a\u011f\u0131r\u0131\u015f etmir - MEYDAN.TV<\/title>\n<meta name=\"robots\" content=\"index, follow, max-snippet:-1, max-image-preview:large, max-video-preview:-1\" \/>\n<link rel=\"canonical\" href=\"https:\/\/www.meydan.tv\/az\/article\/xameney-iran-yehudilerin-aradan-qaldirilmasina-cagiris-etmir\/\" \/>\n<meta property=\"og:locale\" content=\"az_AZ\" \/>\n<meta property=\"og:type\" content=\"article\" \/>\n<meta property=\"og:title\" content=\"Xameney: \u0130ran y\u0259hudil\u0259rin aradan qald\u0131r\u0131lmas\u0131na \u00e7a\u011f\u0131r\u0131\u015f etmir - MEYDAN.TV\" \/>\n<meta property=\"og:description\" content=\"\u201cBu, o dem\u0259kdir ki, F\u0259l\u0259stin xalq\u0131 - ist\u0259r m\u00fcs\u0259lman, ist\u0259r xristian, ist\u0259rs\u0259 d\u0259 y\u0259hudi olsun - \u00f6z h\u00f6kum\u0259tl\u0259rini se\u00e7m\u0259lidirl\u0259r\u201d\" \/>\n<meta property=\"og:url\" content=\"https:\/\/www.meydan.tv\/az\/article\/xameney-iran-yehudilerin-aradan-qaldirilmasina-cagiris-etmir\/\" \/>\n<meta property=\"og:site_name\" content=\"MEYDAN.TV\" \/>\n<meta property=\"article:published_time\" content=\"2019-11-15T19:51:39+00:00\" \/>\n<meta property=\"og:image\" content=\"https:\/\/www.meydan.tv\/wp-content\/uploads\/205d3060e0dc593.jpg\" \/>\n\t<meta property=\"og:image:width\" content=\"764\" \/>\n\t<meta property=\"og:image:height\" content=\"480\" \/>\n\t<meta property=\"og:image:type\" content=\"image\/jpeg\" \/>\n<meta name=\"author\" content=\"user-manager\" \/>\n<meta name=\"twitter:card\" content=\"summary_large_image\" \/>\n<script type=\"application\/ld+json\" class=\"yoast-schema-graph\">{\"@context\":\"https:\\\/\\\/schema.org\",\"@graph\":[{\"@type\":\"Article\",\"@id\":\"https:\\\/\\\/www.meydan.tv\\\/az\\\/article\\\/xameney-iran-yehudilerin-aradan-qaldirilmasina-cagiris-etmir\\\/#article\",\"isPartOf\":{\"@id\":\"https:\\\/\\\/www.meydan.tv\\\/az\\\/article\\\/xameney-iran-yehudilerin-aradan-qaldirilmasina-cagiris-etmir\\\/\"},\"author\":{\"name\":\"user-manager\",\"@id\":\"https:\\\/\\\/www.meydan.tv\\\/az\\\/#\\\/schema\\\/person\\\/10d11eccf6da3662cf5fdab9806ea91a\"},\"headline\":\"Xameney: \u0130ran y\u0259hudil\u0259rin aradan qald\u0131r\u0131lmas\u0131na \u00e7a\u011f\u0131r\u0131\u015f etmir\",\"datePublished\":\"2019-11-15T19:51:39+00:00\",\"mainEntityOfPage\":{\"@id\":\"https:\\\/\\\/www.meydan.tv\\\/az\\\/article\\\/xameney-iran-yehudilerin-aradan-qaldirilmasina-cagiris-etmir\\\/\"},\"wordCount\":473,\"publisher\":{\"@id\":\"https:\\\/\\\/www.meydan.tv\\\/az\\\/#organization\"},\"image\":{\"@id\":\"https:\\\/\\\/www.meydan.tv\\\/az\\\/article\\\/xameney-iran-yehudilerin-aradan-qaldirilmasina-cagiris-etmir\\\/#primaryimage\"},\"thumbnailUrl\":\"https:\\\/\\\/www.meydan.tv\\\/wp-content\\\/uploads\\\/205d3060e0dc593.jpg\",\"articleSection\":[\"D\u00fcnya\"],\"inLanguage\":\"az\"},{\"@type\":\"WebPage\",\"@id\":\"https:\\\/\\\/www.meydan.tv\\\/az\\\/article\\\/xameney-iran-yehudilerin-aradan-qaldirilmasina-cagiris-etmir\\\/\",\"url\":\"https:\\\/\\\/www.meydan.tv\\\/az\\\/article\\\/xameney-iran-yehudilerin-aradan-qaldirilmasina-cagiris-etmir\\\/\",\"name\":\"Xameney: \u0130ran y\u0259hudil\u0259rin aradan qald\u0131r\u0131lmas\u0131na \u00e7a\u011f\u0131r\u0131\u015f etmir - MEYDAN.TV\",\"isPartOf\":{\"@id\":\"https:\\\/\\\/www.meydan.tv\\\/az\\\/#website\"},\"primaryImageOfPage\":{\"@id\":\"https:\\\/\\\/www.meydan.tv\\\/az\\\/article\\\/xameney-iran-yehudilerin-aradan-qaldirilmasina-cagiris-etmir\\\/#primaryimage\"},\"image\":{\"@id\":\"https:\\\/\\\/www.meydan.tv\\\/az\\\/article\\\/xameney-iran-yehudilerin-aradan-qaldirilmasina-cagiris-etmir\\\/#primaryimage\"},\"thumbnailUrl\":\"https:\\\/\\\/www.meydan.tv\\\/wp-content\\\/uploads\\\/205d3060e0dc593.jpg\",\"datePublished\":\"2019-11-15T19:51:39+00:00\",\"breadcrumb\":{\"@id\":\"https:\\\/\\\/www.meydan.tv\\\/az\\\/article\\\/xameney-iran-yehudilerin-aradan-qaldirilmasina-cagiris-etmir\\\/#breadcrumb\"},\"inLanguage\":\"az\",\"potentialAction\":[{\"@type\":\"ReadAction\",\"target\":[\"https:\\\/\\\/www.meydan.tv\\\/az\\\/article\\\/xameney-iran-yehudilerin-aradan-qaldirilmasina-cagiris-etmir\\\/\"]}]},{\"@type\":\"ImageObject\",\"inLanguage\":\"az\",\"@id\":\"https:\\\/\\\/www.meydan.tv\\\/az\\\/article\\\/xameney-iran-yehudilerin-aradan-qaldirilmasina-cagiris-etmir\\\/#primaryimage\",\"url\":\"https:\\\/\\\/www.meydan.tv\\\/wp-content\\\/uploads\\\/205d3060e0dc593.jpg\",\"contentUrl\":\"https:\\\/\\\/www.meydan.tv\\\/wp-content\\\/uploads\\\/205d3060e0dc593.jpg\",\"width\":764,\"height\":480,\"caption\":\"Source: Foto: google.az\"},{\"@type\":\"BreadcrumbList\",\"@id\":\"https:\\\/\\\/www.meydan.tv\\\/az\\\/article\\\/xameney-iran-yehudilerin-aradan-qaldirilmasina-cagiris-etmir\\\/#breadcrumb\",\"itemListElement\":[{\"@type\":\"ListItem\",\"position\":1,\"name\":\"Ana s\u0259hif\u0259\",\"item\":\"https:\\\/\\\/www.meydan.tv\\\/az\\\/\"},{\"@type\":\"ListItem\",\"position\":2,\"name\":\"D\u00fcnya\",\"item\":\"https:\\\/\\\/www.meydan.tv\\\/az\\\/section\\\/dunya\\\/\"},{\"@type\":\"ListItem\",\"position\":3,\"name\":\"Xameney: \u0130ran y\u0259hudil\u0259rin aradan qald\u0131r\u0131lmas\u0131na \u00e7a\u011f\u0131r\u0131\u015f etmir\"}]},{\"@type\":\"WebSite\",\"@id\":\"https:\\\/\\\/www.meydan.tv\\\/az\\\/#website\",\"url\":\"https:\\\/\\\/www.meydan.tv\\\/az\\\/\",\"name\":\"MEYDAN.TV\",\"description\":\"Meydan TV Az\u0259rbaycan\u0131n media m\u0259kan\u0131ndak\u0131 alternativ s\u0259sidir\",\"publisher\":{\"@id\":\"https:\\\/\\\/www.meydan.tv\\\/az\\\/#organization\"},\"potentialAction\":[{\"@type\":\"SearchAction\",\"target\":{\"@type\":\"EntryPoint\",\"urlTemplate\":\"https:\\\/\\\/www.meydan.tv\\\/az\\\/?s={search_term_string}\"},\"query-input\":{\"@type\":\"PropertyValueSpecification\",\"valueRequired\":true,\"valueName\":\"search_term_string\"}}],\"inLanguage\":\"az\"},{\"@type\":\"Organization\",\"@id\":\"https:\\\/\\\/www.meydan.tv\\\/az\\\/#organization\",\"name\":\"Meydan TV\",\"url\":\"https:\\\/\\\/www.meydan.tv\\\/az\\\/\",\"logo\":{\"@type\":\"ImageObject\",\"inLanguage\":\"az\",\"@id\":\"https:\\\/\\\/www.meydan.tv\\\/az\\\/#\\\/schema\\\/logo\\\/image\\\/\",\"url\":\"https:\\\/\\\/www.meydan.tv\\\/wp-content\\\/uploads\\\/2021\\\/07\\\/meydan-logo.svg\",\"contentUrl\":\"https:\\\/\\\/www.meydan.tv\\\/wp-content\\\/uploads\\\/2021\\\/07\\\/meydan-logo.svg\",\"width\":195,\"height\":46,\"caption\":\"Meydan TV\"},\"image\":{\"@id\":\"https:\\\/\\\/www.meydan.tv\\\/az\\\/#\\\/schema\\\/logo\\\/image\\\/\"}},{\"@type\":\"Person\",\"@id\":\"https:\\\/\\\/www.meydan.tv\\\/az\\\/#\\\/schema\\\/person\\\/10d11eccf6da3662cf5fdab9806ea91a\",\"name\":\"user-manager\"}]}<\/script>\n<!-- \/ Yoast SEO plugin. -->","yoast_head_json":{"title":"Xameney: \u0130ran y\u0259hudil\u0259rin aradan qald\u0131r\u0131lmas\u0131na \u00e7a\u011f\u0131r\u0131\u015f etmir - MEYDAN.TV","robots":{"index":"index","follow":"follow","max-snippet":"max-snippet:-1","max-image-preview":"max-image-preview:large","max-video-preview":"max-video-preview:-1"},"canonical":"https:\/\/www.meydan.tv\/az\/article\/xameney-iran-yehudilerin-aradan-qaldirilmasina-cagiris-etmir\/","og_locale":"az_AZ","og_type":"article","og_title":"Xameney: \u0130ran y\u0259hudil\u0259rin aradan qald\u0131r\u0131lmas\u0131na \u00e7a\u011f\u0131r\u0131\u015f etmir - MEYDAN.TV","og_description":"\u201cBu, o dem\u0259kdir ki, F\u0259l\u0259stin xalq\u0131 - ist\u0259r m\u00fcs\u0259lman, ist\u0259r xristian, ist\u0259rs\u0259 d\u0259 y\u0259hudi olsun - \u00f6z h\u00f6kum\u0259tl\u0259rini se\u00e7m\u0259lidirl\u0259r\u201d","og_url":"https:\/\/www.meydan.tv\/az\/article\/xameney-iran-yehudilerin-aradan-qaldirilmasina-cagiris-etmir\/","og_site_name":"MEYDAN.TV","article_published_time":"2019-11-15T19:51:39+00:00","og_image":[{"width":764,"height":480,"url":"https:\/\/www.meydan.tv\/wp-content\/uploads\/205d3060e0dc593.jpg","type":"image\/jpeg"}],"author":"user-manager","twitter_card":"summary_large_image","schema":{"@context":"https:\/\/schema.org","@graph":[{"@type":"Article","@id":"https:\/\/www.meydan.tv\/az\/article\/xameney-iran-yehudilerin-aradan-qaldirilmasina-cagiris-etmir\/#article","isPartOf":{"@id":"https:\/\/www.meydan.tv\/az\/article\/xameney-iran-yehudilerin-aradan-qaldirilmasina-cagiris-etmir\/"},"author":{"name":"user-manager","@id":"https:\/\/www.meydan.tv\/az\/#\/schema\/person\/10d11eccf6da3662cf5fdab9806ea91a"},"headline":"Xameney: \u0130ran y\u0259hudil\u0259rin aradan qald\u0131r\u0131lmas\u0131na \u00e7a\u011f\u0131r\u0131\u015f etmir","datePublished":"2019-11-15T19:51:39+00:00","mainEntityOfPage":{"@id":"https:\/\/www.meydan.tv\/az\/article\/xameney-iran-yehudilerin-aradan-qaldirilmasina-cagiris-etmir\/"},"wordCount":473,"publisher":{"@id":"https:\/\/www.meydan.tv\/az\/#organization"},"image":{"@id":"https:\/\/www.meydan.tv\/az\/article\/xameney-iran-yehudilerin-aradan-qaldirilmasina-cagiris-etmir\/#primaryimage"},"thumbnailUrl":"https:\/\/www.meydan.tv\/wp-content\/uploads\/205d3060e0dc593.jpg","articleSection":["D\u00fcnya"],"inLanguage":"az"},{"@type":"WebPage","@id":"https:\/\/www.meydan.tv\/az\/article\/xameney-iran-yehudilerin-aradan-qaldirilmasina-cagiris-etmir\/","url":"https:\/\/www.meydan.tv\/az\/article\/xameney-iran-yehudilerin-aradan-qaldirilmasina-cagiris-etmir\/","name":"Xameney: \u0130ran y\u0259hudil\u0259rin aradan qald\u0131r\u0131lmas\u0131na \u00e7a\u011f\u0131r\u0131\u015f etmir - MEYDAN.TV","isPartOf":{"@id":"https:\/\/www.meydan.tv\/az\/#website"},"primaryImageOfPage":{"@id":"https:\/\/www.meydan.tv\/az\/article\/xameney-iran-yehudilerin-aradan-qaldirilmasina-cagiris-etmir\/#primaryimage"},"image":{"@id":"https:\/\/www.meydan.tv\/az\/article\/xameney-iran-yehudilerin-aradan-qaldirilmasina-cagiris-etmir\/#primaryimage"},"thumbnailUrl":"https:\/\/www.meydan.tv\/wp-content\/uploads\/205d3060e0dc593.jpg","datePublished":"2019-11-15T19:51:39+00:00","breadcrumb":{"@id":"https:\/\/www.meydan.tv\/az\/article\/xameney-iran-yehudilerin-aradan-qaldirilmasina-cagiris-etmir\/#breadcrumb"},"inLanguage":"az","potentialAction":[{"@type":"ReadAction","target":["https:\/\/www.meydan.tv\/az\/article\/xameney-iran-yehudilerin-aradan-qaldirilmasina-cagiris-etmir\/"]}]},{"@type":"ImageObject","inLanguage":"az","@id":"https:\/\/www.meydan.tv\/az\/article\/xameney-iran-yehudilerin-aradan-qaldirilmasina-cagiris-etmir\/#primaryimage","url":"https:\/\/www.meydan.tv\/wp-content\/uploads\/205d3060e0dc593.jpg","contentUrl":"https:\/\/www.meydan.tv\/wp-content\/uploads\/205d3060e0dc593.jpg","width":764,"height":480,"caption":"Source: Foto: google.az"},{"@type":"BreadcrumbList","@id":"https:\/\/www.meydan.tv\/az\/article\/xameney-iran-yehudilerin-aradan-qaldirilmasina-cagiris-etmir\/#breadcrumb","itemListElement":[{"@type":"ListItem","position":1,"name":"Ana s\u0259hif\u0259","item":"https:\/\/www.meydan.tv\/az\/"},{"@type":"ListItem","position":2,"name":"D\u00fcnya","item":"https:\/\/www.meydan.tv\/az\/section\/dunya\/"},{"@type":"ListItem","position":3,"name":"Xameney: \u0130ran y\u0259hudil\u0259rin aradan qald\u0131r\u0131lmas\u0131na \u00e7a\u011f\u0131r\u0131\u015f etmir"}]},{"@type":"WebSite","@id":"https:\/\/www.meydan.tv\/az\/#website","url":"https:\/\/www.meydan.tv\/az\/","name":"MEYDAN.TV","description":"Meydan TV Az\u0259rbaycan\u0131n media m\u0259kan\u0131ndak\u0131 alternativ s\u0259sidir","publisher":{"@id":"https:\/\/www.meydan.tv\/az\/#organization"},"potentialAction":[{"@type":"SearchAction","target":{"@type":"EntryPoint","urlTemplate":"https:\/\/www.meydan.tv\/az\/?s={search_term_string}"},"query-input":{"@type":"PropertyValueSpecification","valueRequired":true,"valueName":"search_term_string"}}],"inLanguage":"az"},{"@type":"Organization","@id":"https:\/\/www.meydan.tv\/az\/#organization","name":"Meydan TV","url":"https:\/\/www.meydan.tv\/az\/","logo":{"@type":"ImageObject","inLanguage":"az","@id":"https:\/\/www.meydan.tv\/az\/#\/schema\/logo\/image\/","url":"https:\/\/www.meydan.tv\/wp-content\/uploads\/2021\/07\/meydan-logo.svg","contentUrl":"https:\/\/www.meydan.tv\/wp-content\/uploads\/2021\/07\/meydan-logo.svg","width":195,"height":46,"caption":"Meydan TV"},"image":{"@id":"https:\/\/www.meydan.tv\/az\/#\/schema\/logo\/image\/"}},{"@type":"Person","@id":"https:\/\/www.meydan.tv\/az\/#\/schema\/person\/10d11eccf6da3662cf5fdab9806ea91a","name":"user-manager"}]}},"_links":{"self":[{"href":"https:\/\/www.meydan.tv\/az\/wp-json\/wp\/v2\/posts\/197960","targetHints":{"allow":["GET"]}}],"collection":[{"href":"https:\/\/www.meydan.tv\/az\/wp-json\/wp\/v2\/posts"}],"about":[{"href":"https:\/\/www.meydan.tv\/az\/wp-json\/wp\/v2\/types\/post"}],"author":[{"embeddable":true,"href":"https:\/\/www.meydan.tv\/az\/wp-json\/wp\/v2\/users\/11"}],"replies":[{"embeddable":true,"href":"https:\/\/www.meydan.tv\/az\/wp-json\/wp\/v2\/comments?post=197960"}],"version-history":[{"count":0,"href":"https:\/\/www.meydan.tv\/az\/wp-json\/wp\/v2\/posts\/197960\/revisions"}],"wp:featuredmedia":[{"embeddable":true,"href":"https:\/\/www.meydan.tv\/az\/wp-json\/wp\/v2\/media\/127067"}],"wp:attachment":[{"href":"https:\/\/www.meydan.tv\/az\/wp-json\/wp\/v2\/media?parent=197960"}],"wp:term":[{"taxonomy":"category","embeddable":true,"href":"https:\/\/www.meydan.tv\/az\/wp-json\/wp\/v2\/categories?post=197960"},{"taxonomy":"post_tag","embeddable":true,"href":"https:\/\/www.meydan.tv\/az\/wp-json\/wp\/v2\/tags?post=197960"}],"curies":[{"name":"wp","href":"https:\/\/api.w.org\/{rel}","templated":true}]}}