{"id":197947,"date":"2019-11-15T05:18:36","date_gmt":"2019-11-15T05:18:36","guid":{"rendered":"https:\/\/www.meydan.tv\/article\/minlerle-feal-muxalifetci-tbiliside-etiraz-edir\/"},"modified":"2019-11-15T05:18:36","modified_gmt":"2019-11-15T05:18:36","slug":"minlerle-feal-muxalifetci-tbiliside-etiraz-edir","status":"publish","type":"post","link":"https:\/\/www.meydan.tv\/az\/article\/minlerle-feal-muxalifetci-tbiliside-etiraz-edir\/","title":{"rendered":"Minl\u0259rl\u0259 f\u0259al, m\u00fcxalif\u0259t\u00e7i Tbilisid\u0259 etiraz edir"},"content":{"rendered":"<p>\n  <i><br \/>\n    G\u00fcrc\u00fcl\u0259r se\u00e7ki islahatlar\u0131n\u0131n r\u0259dd olunmas\u0131ndan q\u0259z\u0259bl\u0259nibl\u0259r<br \/>\n  <\/i>\n<\/p>\n<p>\n  Minl\u0259rl\u0259 insan G\u00fcrc\u00fcstan paytaxt\u0131n\u0131n m\u0259rk\u0259zind\u0259 parlamentin bu yay etiraz\u00e7\u0131lar t\u0259r\u0259find\u0259n t\u0259l\u0259b olunan se\u00e7ki islahat\u0131n\u0131 r\u0259dd etm\u0259sind\u0259n sonra q\u0259z\u0259bl\u0259rini ifad\u0259 etm\u0259k \u00fc\u00e7\u00fcn etiraz edirl\u0259r, &#8211; RFE\/RL x\u0259b\u0259r verir.\n<\/p>\n<p>\n  Proporsional se\u00e7ki sistemin\u0259 ke\u00e7idl\u0259 ba\u011fl\u0131 konstitusiya d\u0259yi\u015fikliyi noyabr\u0131n 14-d\u0259 birinci oxunu\u015fda r\u0259dd edilib. Bel\u0259 ki, se\u00e7ki sistemini d\u0259st\u0259kl\u0259y\u0259n s\u0259sl\u0259rin say\u0131 t\u0259l\u0259b olunan minimuma \u00e7ata bilm\u0259yib.\n<\/p>\n<p>\n  Ard\u0131ndan m\u00fcxalif\u0259t t\u0259r\u0259fdarlar\u0131 v\u0259 f\u0259allar Tbilisid\u0259ki parlament binas\u0131n\u0131n qar\u015f\u0131s\u0131na topla\u015faraq h\u00f6kum\u0259tin istefas\u0131n\u0131 t\u0259l\u0259b edibl\u0259r. Onlar \u015f\u0259h\u0259rin \u0259sas magistral yolunda n\u0259qliyyat\u0131n h\u0259r\u0259k\u0259tini ba\u011flay\u0131blar.\n<\/p>\n<p>\n  Se\u00e7ki sistemini 2020-ci ild\u0259n etibar\u0259n qar\u0131\u015f\u0131q sistemd\u0259n proporsional sistem\u0259 ke\u00e7irm\u0259k iyun v\u0259 iyul aylar\u0131nda Tbilisid\u0259 h\u0259ft\u0259l\u0259rl\u0259 mitinq ke\u00e7ir\u0259n minl\u0259rl\u0259 n\u00fcmayi\u015f\u00e7inin t\u0259l\u0259bl\u0259rind\u0259n biri olub.\n<\/p>\n<p>\n  \u00c7evik polis m\u0259murlar\u0131 parlament\u0259 basq\u0131n etm\u0259y\u0259 \u00e7al\u0131\u015fan q\u0259z\u0259bli k\u00fctl\u0259ni geri qaytarmaq \u00fc\u00e7\u00fcn rezin g\u00fcll\u0259l\u0259r v\u0259 su toplar\u0131ndan istifad\u0259 edib. 240-dan \u00e7ox insan yaralan\u0131b.\n<\/p>\n<p>\n  G\u00fcrc\u00fc Arzusu Partiyas\u0131n\u0131n lideri, maqnat Bidzina \u0130vani\u015fvili partiyan\u0131n se\u00e7ki qaydalar\u0131n\u0131 d\u0259yi\u015fm\u0259y\u0259 haz\u0131r oldu\u011funu a\u00e7\u0131qlay\u0131b.\n<\/p>\n<p>\n  Ancaq qanun layih\u0259sin\u0259 yaln\u0131z 101 mill\u0259t v\u0259kili s\u0259s verib, onun ke\u00e7m\u0259si \u00fc\u00e7\u00fcn \u0259n az 113 s\u0259s t\u0259l\u0259b olunur.\n<\/p>\n<p>\n  Parlamentin spikeri Ar\u00e7il (Archil) Talakvadze iclasdan sonra 2020-ci il parlament se\u00e7kil\u0259rinin qar\u0131\u015f\u0131q sistem alt\u0131nda ke\u00e7iril\u0259c\u0259yini s\u00f6yl\u0259yib.\n<\/p>\n<p>\n  G\u00fcrc\u00fcstan parlamentinin \u00fczvl\u0259ri, o c\u00fcml\u0259d\u0259n qanun layih\u0259sin\u0259 s\u0259s ver\u0259n spiker m\u00fcavini Tamar Xango\u015fvili hakim \u201cG\u00fcrc\u00fc Arzusu\u201d koalisiyas\u0131ndan istefa verib, dig\u0259r partiyalar k\u00fc\u00e7\u0259 etirazlar\u0131na \u00e7a\u011f\u0131r\u0131\u015f edib.<\/p>\n","protected":false},"excerpt":{"rendered":"<p>Se\u00e7ki sistemini 2020-ci ild\u0259n etibar\u0259n qar\u0131\u015f\u0131q sistemd\u0259n proporsional sistem\u0259 ke\u00e7irm\u0259k iyun v\u0259 iyul aylar\u0131nda Tbilisid\u0259 h\u0259ft\u0259l\u0259rl\u0259 mitinq ke\u00e7ir\u0259n minl\u0259rl\u0259 n\u00fcmayi\u015f\u00e7inin t\u0259l\u0259bl\u0259rind\u0259n biri olub.<\/p>\n","protected":false},"author":11,"featured_media":133089,"comment_status":"closed","ping_status":"open","sticky":false,"template":"","format":"standard","meta":{"_acf_changed":false,"_sitemap_exclude":false,"_sitemap_priority":"","_sitemap_frequency":"","footnotes":""},"categories":[64],"tags":[],"class_list":["post-197947","post","type-post","status-publish","format-standard","has-post-thumbnail","hentry","category-dunya","infinite-scroll-item","generate-columns","tablet-grid-50","mobile-grid-100","grid-parent","grid-33","no-featured-image-padding"],"acf":[],"yoast_head":"<!-- This site is optimized with the Yoast SEO plugin v27.5 - https:\/\/yoast.com\/product\/yoast-seo-wordpress\/ -->\n<title>Minl\u0259rl\u0259 f\u0259al, m\u00fcxalif\u0259t\u00e7i Tbilisid\u0259 etiraz edir - MEYDAN.TV<\/title>\n<meta name=\"robots\" content=\"index, follow, max-snippet:-1, max-image-preview:large, max-video-preview:-1\" \/>\n<link rel=\"canonical\" href=\"https:\/\/www.meydan.tv\/az\/article\/minlerle-feal-muxalifetci-tbiliside-etiraz-edir\/\" \/>\n<meta property=\"og:locale\" content=\"az_AZ\" \/>\n<meta property=\"og:type\" content=\"article\" \/>\n<meta property=\"og:title\" content=\"Minl\u0259rl\u0259 f\u0259al, m\u00fcxalif\u0259t\u00e7i Tbilisid\u0259 etiraz edir - MEYDAN.TV\" \/>\n<meta property=\"og:description\" content=\"Se\u00e7ki sistemini 2020-ci ild\u0259n etibar\u0259n qar\u0131\u015f\u0131q sistemd\u0259n proporsional sistem\u0259 ke\u00e7irm\u0259k iyun v\u0259 iyul aylar\u0131nda Tbilisid\u0259 h\u0259ft\u0259l\u0259rl\u0259 mitinq ke\u00e7ir\u0259n minl\u0259rl\u0259 n\u00fcmayi\u015f\u00e7inin t\u0259l\u0259bl\u0259rind\u0259n biri olub.\" \/>\n<meta property=\"og:url\" content=\"https:\/\/www.meydan.tv\/az\/article\/minlerle-feal-muxalifetci-tbiliside-etiraz-edir\/\" \/>\n<meta property=\"og:site_name\" content=\"MEYDAN.TV\" \/>\n<meta property=\"article:published_time\" content=\"2019-11-15T05:18:36+00:00\" \/>\n<meta property=\"og:image\" content=\"https:\/\/www.meydan.tv\/wp-content\/uploads\/pic_31ae540503daf572b336c4131eb8b87f.jpg\" \/>\n\t<meta property=\"og:image:width\" content=\"720\" \/>\n\t<meta property=\"og:image:height\" content=\"480\" \/>\n\t<meta property=\"og:image:type\" content=\"image\/jpeg\" \/>\n<meta name=\"author\" content=\"user-manager\" \/>\n<meta name=\"twitter:card\" content=\"summary_large_image\" \/>\n<script type=\"application\/ld+json\" class=\"yoast-schema-graph\">{\"@context\":\"https:\\\/\\\/schema.org\",\"@graph\":[{\"@type\":\"Article\",\"@id\":\"https:\\\/\\\/www.meydan.tv\\\/az\\\/article\\\/minlerle-feal-muxalifetci-tbiliside-etiraz-edir\\\/#article\",\"isPartOf\":{\"@id\":\"https:\\\/\\\/www.meydan.tv\\\/az\\\/article\\\/minlerle-feal-muxalifetci-tbiliside-etiraz-edir\\\/\"},\"author\":{\"name\":\"user-manager\",\"@id\":\"https:\\\/\\\/www.meydan.tv\\\/az\\\/#\\\/schema\\\/person\\\/10d11eccf6da3662cf5fdab9806ea91a\"},\"headline\":\"Minl\u0259rl\u0259 f\u0259al, m\u00fcxalif\u0259t\u00e7i Tbilisid\u0259 etiraz edir\",\"datePublished\":\"2019-11-15T05:18:36+00:00\",\"mainEntityOfPage\":{\"@id\":\"https:\\\/\\\/www.meydan.tv\\\/az\\\/article\\\/minlerle-feal-muxalifetci-tbiliside-etiraz-edir\\\/\"},\"wordCount\":373,\"publisher\":{\"@id\":\"https:\\\/\\\/www.meydan.tv\\\/az\\\/#organization\"},\"image\":{\"@id\":\"https:\\\/\\\/www.meydan.tv\\\/az\\\/article\\\/minlerle-feal-muxalifetci-tbiliside-etiraz-edir\\\/#primaryimage\"},\"thumbnailUrl\":\"https:\\\/\\\/www.meydan.tv\\\/wp-content\\\/uploads\\\/pic_31ae540503daf572b336c4131eb8b87f.jpg\",\"articleSection\":[\"D\u00fcnya\"],\"inLanguage\":\"az\"},{\"@type\":\"WebPage\",\"@id\":\"https:\\\/\\\/www.meydan.tv\\\/az\\\/article\\\/minlerle-feal-muxalifetci-tbiliside-etiraz-edir\\\/\",\"url\":\"https:\\\/\\\/www.meydan.tv\\\/az\\\/article\\\/minlerle-feal-muxalifetci-tbiliside-etiraz-edir\\\/\",\"name\":\"Minl\u0259rl\u0259 f\u0259al, m\u00fcxalif\u0259t\u00e7i Tbilisid\u0259 etiraz edir - MEYDAN.TV\",\"isPartOf\":{\"@id\":\"https:\\\/\\\/www.meydan.tv\\\/az\\\/#website\"},\"primaryImageOfPage\":{\"@id\":\"https:\\\/\\\/www.meydan.tv\\\/az\\\/article\\\/minlerle-feal-muxalifetci-tbiliside-etiraz-edir\\\/#primaryimage\"},\"image\":{\"@id\":\"https:\\\/\\\/www.meydan.tv\\\/az\\\/article\\\/minlerle-feal-muxalifetci-tbiliside-etiraz-edir\\\/#primaryimage\"},\"thumbnailUrl\":\"https:\\\/\\\/www.meydan.tv\\\/wp-content\\\/uploads\\\/pic_31ae540503daf572b336c4131eb8b87f.jpg\",\"datePublished\":\"2019-11-15T05:18:36+00:00\",\"breadcrumb\":{\"@id\":\"https:\\\/\\\/www.meydan.tv\\\/az\\\/article\\\/minlerle-feal-muxalifetci-tbiliside-etiraz-edir\\\/#breadcrumb\"},\"inLanguage\":\"az\",\"potentialAction\":[{\"@type\":\"ReadAction\",\"target\":[\"https:\\\/\\\/www.meydan.tv\\\/az\\\/article\\\/minlerle-feal-muxalifetci-tbiliside-etiraz-edir\\\/\"]}]},{\"@type\":\"ImageObject\",\"inLanguage\":\"az\",\"@id\":\"https:\\\/\\\/www.meydan.tv\\\/az\\\/article\\\/minlerle-feal-muxalifetci-tbiliside-etiraz-edir\\\/#primaryimage\",\"url\":\"https:\\\/\\\/www.meydan.tv\\\/wp-content\\\/uploads\\\/pic_31ae540503daf572b336c4131eb8b87f.jpg\",\"contentUrl\":\"https:\\\/\\\/www.meydan.tv\\\/wp-content\\\/uploads\\\/pic_31ae540503daf572b336c4131eb8b87f.jpg\",\"width\":720,\"height\":480,\"caption\":\"Source: Foto: Rio-Novosti\"},{\"@type\":\"BreadcrumbList\",\"@id\":\"https:\\\/\\\/www.meydan.tv\\\/az\\\/article\\\/minlerle-feal-muxalifetci-tbiliside-etiraz-edir\\\/#breadcrumb\",\"itemListElement\":[{\"@type\":\"ListItem\",\"position\":1,\"name\":\"Ana s\u0259hif\u0259\",\"item\":\"https:\\\/\\\/www.meydan.tv\\\/az\\\/\"},{\"@type\":\"ListItem\",\"position\":2,\"name\":\"D\u00fcnya\",\"item\":\"https:\\\/\\\/www.meydan.tv\\\/az\\\/section\\\/dunya\\\/\"},{\"@type\":\"ListItem\",\"position\":3,\"name\":\"Minl\u0259rl\u0259 f\u0259al, m\u00fcxalif\u0259t\u00e7i Tbilisid\u0259 etiraz edir\"}]},{\"@type\":\"WebSite\",\"@id\":\"https:\\\/\\\/www.meydan.tv\\\/az\\\/#website\",\"url\":\"https:\\\/\\\/www.meydan.tv\\\/az\\\/\",\"name\":\"MEYDAN.TV\",\"description\":\"Meydan TV Az\u0259rbaycan\u0131n media m\u0259kan\u0131ndak\u0131 alternativ s\u0259sidir\",\"publisher\":{\"@id\":\"https:\\\/\\\/www.meydan.tv\\\/az\\\/#organization\"},\"potentialAction\":[{\"@type\":\"SearchAction\",\"target\":{\"@type\":\"EntryPoint\",\"urlTemplate\":\"https:\\\/\\\/www.meydan.tv\\\/az\\\/?s={search_term_string}\"},\"query-input\":{\"@type\":\"PropertyValueSpecification\",\"valueRequired\":true,\"valueName\":\"search_term_string\"}}],\"inLanguage\":\"az\"},{\"@type\":\"Organization\",\"@id\":\"https:\\\/\\\/www.meydan.tv\\\/az\\\/#organization\",\"name\":\"Meydan TV\",\"url\":\"https:\\\/\\\/www.meydan.tv\\\/az\\\/\",\"logo\":{\"@type\":\"ImageObject\",\"inLanguage\":\"az\",\"@id\":\"https:\\\/\\\/www.meydan.tv\\\/az\\\/#\\\/schema\\\/logo\\\/image\\\/\",\"url\":\"https:\\\/\\\/www.meydan.tv\\\/wp-content\\\/uploads\\\/2021\\\/07\\\/meydan-logo.svg\",\"contentUrl\":\"https:\\\/\\\/www.meydan.tv\\\/wp-content\\\/uploads\\\/2021\\\/07\\\/meydan-logo.svg\",\"width\":195,\"height\":46,\"caption\":\"Meydan TV\"},\"image\":{\"@id\":\"https:\\\/\\\/www.meydan.tv\\\/az\\\/#\\\/schema\\\/logo\\\/image\\\/\"}},{\"@type\":\"Person\",\"@id\":\"https:\\\/\\\/www.meydan.tv\\\/az\\\/#\\\/schema\\\/person\\\/10d11eccf6da3662cf5fdab9806ea91a\",\"name\":\"user-manager\"}]}<\/script>\n<!-- \/ Yoast SEO plugin. -->","yoast_head_json":{"title":"Minl\u0259rl\u0259 f\u0259al, m\u00fcxalif\u0259t\u00e7i Tbilisid\u0259 etiraz edir - MEYDAN.TV","robots":{"index":"index","follow":"follow","max-snippet":"max-snippet:-1","max-image-preview":"max-image-preview:large","max-video-preview":"max-video-preview:-1"},"canonical":"https:\/\/www.meydan.tv\/az\/article\/minlerle-feal-muxalifetci-tbiliside-etiraz-edir\/","og_locale":"az_AZ","og_type":"article","og_title":"Minl\u0259rl\u0259 f\u0259al, m\u00fcxalif\u0259t\u00e7i Tbilisid\u0259 etiraz edir - MEYDAN.TV","og_description":"Se\u00e7ki sistemini 2020-ci ild\u0259n etibar\u0259n qar\u0131\u015f\u0131q sistemd\u0259n proporsional sistem\u0259 ke\u00e7irm\u0259k iyun v\u0259 iyul aylar\u0131nda Tbilisid\u0259 h\u0259ft\u0259l\u0259rl\u0259 mitinq ke\u00e7ir\u0259n minl\u0259rl\u0259 n\u00fcmayi\u015f\u00e7inin t\u0259l\u0259bl\u0259rind\u0259n biri olub.","og_url":"https:\/\/www.meydan.tv\/az\/article\/minlerle-feal-muxalifetci-tbiliside-etiraz-edir\/","og_site_name":"MEYDAN.TV","article_published_time":"2019-11-15T05:18:36+00:00","og_image":[{"width":720,"height":480,"url":"https:\/\/www.meydan.tv\/wp-content\/uploads\/pic_31ae540503daf572b336c4131eb8b87f.jpg","type":"image\/jpeg"}],"author":"user-manager","twitter_card":"summary_large_image","schema":{"@context":"https:\/\/schema.org","@graph":[{"@type":"Article","@id":"https:\/\/www.meydan.tv\/az\/article\/minlerle-feal-muxalifetci-tbiliside-etiraz-edir\/#article","isPartOf":{"@id":"https:\/\/www.meydan.tv\/az\/article\/minlerle-feal-muxalifetci-tbiliside-etiraz-edir\/"},"author":{"name":"user-manager","@id":"https:\/\/www.meydan.tv\/az\/#\/schema\/person\/10d11eccf6da3662cf5fdab9806ea91a"},"headline":"Minl\u0259rl\u0259 f\u0259al, m\u00fcxalif\u0259t\u00e7i Tbilisid\u0259 etiraz edir","datePublished":"2019-11-15T05:18:36+00:00","mainEntityOfPage":{"@id":"https:\/\/www.meydan.tv\/az\/article\/minlerle-feal-muxalifetci-tbiliside-etiraz-edir\/"},"wordCount":373,"publisher":{"@id":"https:\/\/www.meydan.tv\/az\/#organization"},"image":{"@id":"https:\/\/www.meydan.tv\/az\/article\/minlerle-feal-muxalifetci-tbiliside-etiraz-edir\/#primaryimage"},"thumbnailUrl":"https:\/\/www.meydan.tv\/wp-content\/uploads\/pic_31ae540503daf572b336c4131eb8b87f.jpg","articleSection":["D\u00fcnya"],"inLanguage":"az"},{"@type":"WebPage","@id":"https:\/\/www.meydan.tv\/az\/article\/minlerle-feal-muxalifetci-tbiliside-etiraz-edir\/","url":"https:\/\/www.meydan.tv\/az\/article\/minlerle-feal-muxalifetci-tbiliside-etiraz-edir\/","name":"Minl\u0259rl\u0259 f\u0259al, m\u00fcxalif\u0259t\u00e7i Tbilisid\u0259 etiraz edir - MEYDAN.TV","isPartOf":{"@id":"https:\/\/www.meydan.tv\/az\/#website"},"primaryImageOfPage":{"@id":"https:\/\/www.meydan.tv\/az\/article\/minlerle-feal-muxalifetci-tbiliside-etiraz-edir\/#primaryimage"},"image":{"@id":"https:\/\/www.meydan.tv\/az\/article\/minlerle-feal-muxalifetci-tbiliside-etiraz-edir\/#primaryimage"},"thumbnailUrl":"https:\/\/www.meydan.tv\/wp-content\/uploads\/pic_31ae540503daf572b336c4131eb8b87f.jpg","datePublished":"2019-11-15T05:18:36+00:00","breadcrumb":{"@id":"https:\/\/www.meydan.tv\/az\/article\/minlerle-feal-muxalifetci-tbiliside-etiraz-edir\/#breadcrumb"},"inLanguage":"az","potentialAction":[{"@type":"ReadAction","target":["https:\/\/www.meydan.tv\/az\/article\/minlerle-feal-muxalifetci-tbiliside-etiraz-edir\/"]}]},{"@type":"ImageObject","inLanguage":"az","@id":"https:\/\/www.meydan.tv\/az\/article\/minlerle-feal-muxalifetci-tbiliside-etiraz-edir\/#primaryimage","url":"https:\/\/www.meydan.tv\/wp-content\/uploads\/pic_31ae540503daf572b336c4131eb8b87f.jpg","contentUrl":"https:\/\/www.meydan.tv\/wp-content\/uploads\/pic_31ae540503daf572b336c4131eb8b87f.jpg","width":720,"height":480,"caption":"Source: Foto: Rio-Novosti"},{"@type":"BreadcrumbList","@id":"https:\/\/www.meydan.tv\/az\/article\/minlerle-feal-muxalifetci-tbiliside-etiraz-edir\/#breadcrumb","itemListElement":[{"@type":"ListItem","position":1,"name":"Ana s\u0259hif\u0259","item":"https:\/\/www.meydan.tv\/az\/"},{"@type":"ListItem","position":2,"name":"D\u00fcnya","item":"https:\/\/www.meydan.tv\/az\/section\/dunya\/"},{"@type":"ListItem","position":3,"name":"Minl\u0259rl\u0259 f\u0259al, m\u00fcxalif\u0259t\u00e7i Tbilisid\u0259 etiraz edir"}]},{"@type":"WebSite","@id":"https:\/\/www.meydan.tv\/az\/#website","url":"https:\/\/www.meydan.tv\/az\/","name":"MEYDAN.TV","description":"Meydan TV Az\u0259rbaycan\u0131n media m\u0259kan\u0131ndak\u0131 alternativ s\u0259sidir","publisher":{"@id":"https:\/\/www.meydan.tv\/az\/#organization"},"potentialAction":[{"@type":"SearchAction","target":{"@type":"EntryPoint","urlTemplate":"https:\/\/www.meydan.tv\/az\/?s={search_term_string}"},"query-input":{"@type":"PropertyValueSpecification","valueRequired":true,"valueName":"search_term_string"}}],"inLanguage":"az"},{"@type":"Organization","@id":"https:\/\/www.meydan.tv\/az\/#organization","name":"Meydan TV","url":"https:\/\/www.meydan.tv\/az\/","logo":{"@type":"ImageObject","inLanguage":"az","@id":"https:\/\/www.meydan.tv\/az\/#\/schema\/logo\/image\/","url":"https:\/\/www.meydan.tv\/wp-content\/uploads\/2021\/07\/meydan-logo.svg","contentUrl":"https:\/\/www.meydan.tv\/wp-content\/uploads\/2021\/07\/meydan-logo.svg","width":195,"height":46,"caption":"Meydan TV"},"image":{"@id":"https:\/\/www.meydan.tv\/az\/#\/schema\/logo\/image\/"}},{"@type":"Person","@id":"https:\/\/www.meydan.tv\/az\/#\/schema\/person\/10d11eccf6da3662cf5fdab9806ea91a","name":"user-manager"}]}},"_links":{"self":[{"href":"https:\/\/www.meydan.tv\/az\/wp-json\/wp\/v2\/posts\/197947","targetHints":{"allow":["GET"]}}],"collection":[{"href":"https:\/\/www.meydan.tv\/az\/wp-json\/wp\/v2\/posts"}],"about":[{"href":"https:\/\/www.meydan.tv\/az\/wp-json\/wp\/v2\/types\/post"}],"author":[{"embeddable":true,"href":"https:\/\/www.meydan.tv\/az\/wp-json\/wp\/v2\/users\/11"}],"replies":[{"embeddable":true,"href":"https:\/\/www.meydan.tv\/az\/wp-json\/wp\/v2\/comments?post=197947"}],"version-history":[{"count":0,"href":"https:\/\/www.meydan.tv\/az\/wp-json\/wp\/v2\/posts\/197947\/revisions"}],"wp:featuredmedia":[{"embeddable":true,"href":"https:\/\/www.meydan.tv\/az\/wp-json\/wp\/v2\/media\/133089"}],"wp:attachment":[{"href":"https:\/\/www.meydan.tv\/az\/wp-json\/wp\/v2\/media?parent=197947"}],"wp:term":[{"taxonomy":"category","embeddable":true,"href":"https:\/\/www.meydan.tv\/az\/wp-json\/wp\/v2\/categories?post=197947"},{"taxonomy":"post_tag","embeddable":true,"href":"https:\/\/www.meydan.tv\/az\/wp-json\/wp\/v2\/tags?post=197947"}],"curies":[{"name":"wp","href":"https:\/\/api.w.org\/{rel}","templated":true}]}}