{"id":197946,"date":"2019-11-14T21:34:56","date_gmt":"2019-11-14T21:34:56","guid":{"rendered":"https:\/\/www.meydan.tv\/article\/turkiye-britaniya-vetendasi-olan-isid-cihadcisini-deport-edib\/"},"modified":"2019-11-14T21:34:56","modified_gmt":"2019-11-14T21:34:56","slug":"turkiye-britaniya-vetendasi-olan-isid-cihadcisini-deport-edib","status":"publish","type":"post","link":"https:\/\/www.meydan.tv\/az\/article\/turkiye-britaniya-vetendasi-olan-isid-cihadcisini-deport-edib\/","title":{"rendered":"T\u00fcrkiy\u0259 Britaniya v\u0259t\u0259nda\u015f\u0131 olan \u0130\u015e\u0130D cihad\u00e7\u0131s\u0131n\u0131 deport edib"},"content":{"rendered":"<p>\n  Antiterror polisi Hitrou hava liman\u0131nda bir ingilis v\u0259t\u0259nda\u015f\u0131n\u0131 h\u0259bs edib. \u201cGuardian\u201d x\u0259b\u0259r verir ki, \u0130ngilt\u0259r\u0259 bu add\u0131m\u0131 T\u00fcrkiy\u0259 \u0130slam D\u00f6vl\u0259ti \u015f\u00fcbh\u0259lisini Birl\u0259\u015fmi\u015f Krall\u0131\u011fa s\u00fcrg\u00fcn etdiyini dedikd\u0259n sonra at\u0131b.\n<\/p>\n<p>\n  Metropolitan polisinin terrorla m\u00fcbariz\u0259 komandanl\u0131\u011f\u0131 deyib ki, 26 ya\u015fl\u0131 ingilis v\u0259t\u0259nda\u015f\u0131 Hitrou havaliman\u0131na g\u0259ldiyi zaman terror aktlar\u0131 t\u00f6r\u0259tm\u0259kd\u0259 \u015f\u00fcbh\u0259li bilin\u0259r\u0259k saxlan\u0131l\u0131b. Qeyd edilib ki, nam\u0259lum \u015f\u00fcbh\u0259li polis n\u0259zar\u0259tind\u0259dir v\u0259 h\u0259bsinin s\u0259b\u0259bi Suriya il\u0259 ba\u011fl\u0131d\u0131r.\n<\/p>\n<p>\n  Hadis\u0259 il\u0259 ba\u011fl\u0131 ba\u015fqa bir t\u0259f\u0259rr\u00fcat a\u00e7\u0131qlanmay\u0131b. T\u00fcrkiy\u0259 c\u00fcm\u0259 ax\u015fam\u0131 g\u00fcn\u00fc bildirib ki, ingilis v\u0259t\u0259nda\u015f\u0131 t\u00fcrk h\u0259bsxanalar\u0131nda saxlan\u0131lan s\u0259kkiz xarici \u0130\u015e\u0130D \u015f\u00fcbh\u0259lil\u0259ri aras\u0131nda olub.\n<\/p>\n<p>\n  T\u0259hl\u00fck\u0259sizlik m\u0259nb\u0259l\u0259ri \u201cGuardian\u201da bildirib ki, \u015f\u00fcbh\u0259li b\u00f6y\u00fck bir \u0130\u015e\u0130D fiquru olmay\u0131b v\u0259 b\u00f6lg\u0259y\u0259 bu yax\u0131nlarda s\u0259f\u0259r edib.\n<\/p>\n<p>\n  T\u00fcrkiy\u0259d\u0259 ne\u00e7\u0259 Britaniya v\u0259t\u0259nda\u015f\u0131n\u0131n saxland\u0131\u011f\u0131 bilinmir. \u0130ndiy\u0259d\u0259k yaln\u0131z birinin ad\u0131 a\u00e7\u0131qlan\u0131b. Bu \u015f\u0259xs 35 ya\u015fl\u0131 \u0130\u015e\u0130D \u00fczv\u00fc Aine Devis olub. O, Suriyada girovlar\u0131n ba\u015f\u0131n\u0131 k\u0259sm\u0259kl\u0259 m\u0259\u015f\u011ful olub. Haz\u0131rda o, T\u00fcrkiy\u0259 h\u0259bsxanas\u0131ndad\u0131r v\u0259 o, 7.5 il m\u00fcdd\u0259t\u0259 c\u0259zaya m\u0259hkum edilib.\n<\/p>\n<p>\n  \u0130kinci \u015f\u0259xs 23 ya\u015fl\u0131 \u015eabazz Suleman fevral ay\u0131nda suriyal\u0131 \u00fcsyan\u00e7\u0131 saxlanma m\u0259nt\u0259q\u0259sind\u0259n azad edilib. Ona qar\u015f\u0131 ir\u0259li s\u00fcr\u00fcl\u0259n ittihamlar yerli m\u00fcxalif\u0259tin idar\u0259 etdiyi m\u0259hk\u0259m\u0259 t\u0259r\u0259find\u0259n qald\u0131r\u0131ld\u0131qdan sonra Suleman T\u00fcrkiy\u0259y\u0259 getm\u0259k ist\u0259yini bildirmi\u015fdi. Onun haz\u0131rda harada oldu\u011fu bilinmir.\n<\/p>\n<p>\n  Britaniya diplomatlar\u0131 bu h\u0259ft\u0259nin \u0259vv\u0259lind\u0259 demi\u015fdi ki, T\u00fcrkiy\u0259d\u0259n he\u00e7 bir m\u0259hbus g\u00f6zl\u0259mirl\u0259r.\n<\/p>\n<p>\n  \u0130mmiqrasiya v\u0259 t\u0259hl\u00fck\u0259sizlikd\u0259n m\u0259sul nazirlik ayr\u0131-ayr\u0131 hadis\u0259l\u0259r\u0259 m\u00fcnasib\u0259t bildirm\u0259m\u0259sin\u0259 baxmayaraq, qeyd edib ki, onun davaml\u0131 siyas\u0259ti odur ki, \u0130ngilt\u0259r\u0259y\u0259 Suriya v\u0259 ya \u0130raqdak\u0131 konfliktl\u0259rd\u0259n qay\u0131dan h\u0259r bir \u0130ngilt\u0259r\u0259 v\u0259t\u0259nda\u015f\u0131n\u0131n polis t\u0259r\u0259find\u0259n ara\u015fd\u0131r\u0131lmas\u0131 g\u00f6zl\u0259nil\u0259ndir v\u0259 o, m\u00fchakim\u0259 olunmal\u0131d\u0131r.\n<\/p>\n<p>\n  Ke\u00e7\u0259n ay Suriyan\u0131n k\u00fcrdl\u0259rin \u0259lind\u0259 olan hiss\u0259l\u0259rind\u0259 \u0259l\u0259 ke\u00e7mi\u015f 287 \u0259sirl\u0259 birlikd\u0259 T\u00fcrkiy\u0259d\u0259 1200-\u0259 yax\u0131n \u0259cn\u0259bi saxlan\u0131l\u0131r.\n<\/p>\n<p>\n  900-\u0259 yax\u0131n ingilisin Suriya v\u0259 \u0130raqda \u0130\u015e\u0130D u\u011frunda d\u00f6y\u00fc\u015fm\u0259k \u00fc\u00e7\u00fcn getdiyi g\u00fcman edilir. Onlar\u0131n yar\u0131s\u0131 art\u0131q \u0130ngilt\u0259r\u0259y\u0259 qay\u0131d\u0131b, geri qay\u0131danlar\u0131n bir hiss\u0259si aktiv n\u0259zar\u0259t alt\u0131ndad\u0131r. Qalanlar\u0131n ya \u00f6ld\u00fcr\u00fcld\u00fcy\u00fc, ya h\u0259bsd\u0259 oldu\u011fu bildirilir.\n<\/p>\n<p>\n  Ankara uzun m\u00fcdd\u0259tdir Avropa m\u00fctt\u0259fiql\u0259rind\u0259n v\u0259t\u0259nda\u015flar\u0131n\u0131 \u00f6lk\u0259l\u0259rin\u0259 buraxmaqdan imtina etdikl\u0259rin\u0259 g\u00f6r\u0259 \u015fikay\u0259t\u00e7idir. T\u00fcrkiy\u0259 r\u0259smil\u0259ri Ankaran\u0131n terror qrupla\u015fmas\u0131 hesab etdiyi k\u00fcrd silahl\u0131lar\u0131na qar\u015f\u0131 Suriyan\u0131n \u015fimal\u0131nda ba\u015flatd\u0131\u011f\u0131 h\u00fccumla \u0259laq\u0259dar beyn\u0259lxalq q\u0131na\u011fa m\u0259ruz qald\u0131qdan sonra xarici cihad\u00e7\u0131lar\u0131 \u00f6lk\u0259d\u0259n qovmaq q\u0259rar\u0131n\u0131 h\u0259yata ke\u00e7irm\u0259y\u0259 ba\u015flay\u0131b.\n<\/p>\n<p>\n  Bu h\u0259ft\u0259nin \u0259vv\u0259lind\u0259 jurnalistl\u0259r\u0259 m\u00fcsahib\u0259 ver\u0259n T\u00fcrkiy\u0259 prezidenti R\u0259c\u0259b Tayyib \u018frdo\u011fan h\u0259bsd\u0259 olan b\u00fct\u00fcn xarici h\u0259rb\u00e7il\u0259ri buraxaraq Avropaya g\u00f6nd\u0259r\u0259c\u0259yini bildirib.\n<\/p>\n<p>\n  Bir \u0130ngilt\u0259r\u0259 v\u0259t\u0259nda\u015f\u0131 v\u0259 \u0259n az\u0131 yeddi Almaniya, habel\u0259 Fransa, Danimarka v\u0259 Hollandiya v\u0259t\u0259nda\u015flar\u0131n\u0131n bug\u00fcn\u0259 q\u0259d\u0259r T\u00fcrkiy\u0259d\u0259n deportasiya edildiyi g\u00fcman edilir.<\/p>\n","protected":false},"excerpt":{"rendered":"<p>Qeyd edilib ki, nam\u0259lum \u015f\u00fcbh\u0259li polis n\u0259zar\u0259tind\u0259dir v\u0259 h\u0259bsinin s\u0259b\u0259bi Suriya il\u0259 ba\u011fl\u0131d\u0131r<\/p>\n","protected":false},"author":11,"featured_media":133092,"comment_status":"closed","ping_status":"open","sticky":false,"template":"","format":"standard","meta":{"_acf_changed":false,"_sitemap_exclude":false,"_sitemap_priority":"","_sitemap_frequency":"","footnotes":""},"categories":[64],"tags":[],"class_list":["post-197946","post","type-post","status-publish","format-standard","has-post-thumbnail","hentry","category-dunya","infinite-scroll-item","generate-columns","tablet-grid-50","mobile-grid-100","grid-parent","grid-33","no-featured-image-padding"],"acf":[],"yoast_head":"<!-- This site is optimized with the Yoast SEO plugin v27.5 - https:\/\/yoast.com\/product\/yoast-seo-wordpress\/ -->\n<title>T\u00fcrkiy\u0259 Britaniya v\u0259t\u0259nda\u015f\u0131 olan \u0130\u015e\u0130D cihad\u00e7\u0131s\u0131n\u0131 deport edib - MEYDAN.TV<\/title>\n<meta name=\"robots\" content=\"index, follow, max-snippet:-1, max-image-preview:large, max-video-preview:-1\" \/>\n<link rel=\"canonical\" href=\"https:\/\/www.meydan.tv\/az\/article\/turkiye-britaniya-vetendasi-olan-isid-cihadcisini-deport-edib\/\" \/>\n<meta property=\"og:locale\" content=\"az_AZ\" \/>\n<meta property=\"og:type\" content=\"article\" \/>\n<meta property=\"og:title\" content=\"T\u00fcrkiy\u0259 Britaniya v\u0259t\u0259nda\u015f\u0131 olan \u0130\u015e\u0130D cihad\u00e7\u0131s\u0131n\u0131 deport edib - MEYDAN.TV\" \/>\n<meta property=\"og:description\" content=\"Qeyd edilib ki, nam\u0259lum \u015f\u00fcbh\u0259li polis n\u0259zar\u0259tind\u0259dir v\u0259 h\u0259bsinin s\u0259b\u0259bi Suriya il\u0259 ba\u011fl\u0131d\u0131r\" \/>\n<meta property=\"og:url\" content=\"https:\/\/www.meydan.tv\/az\/article\/turkiye-britaniya-vetendasi-olan-isid-cihadcisini-deport-edib\/\" \/>\n<meta property=\"og:site_name\" content=\"MEYDAN.TV\" \/>\n<meta property=\"article:published_time\" content=\"2019-11-14T21:34:56+00:00\" \/>\n<meta property=\"og:image\" content=\"https:\/\/www.meydan.tv\/wp-content\/uploads\/files-syria-conflict-103548.jpg\" \/>\n\t<meta property=\"og:image:width\" content=\"780\" \/>\n\t<meta property=\"og:image:height\" content=\"520\" \/>\n\t<meta property=\"og:image:type\" content=\"image\/jpeg\" \/>\n<meta name=\"author\" content=\"user-manager\" \/>\n<meta name=\"twitter:card\" content=\"summary_large_image\" \/>\n<script type=\"application\/ld+json\" class=\"yoast-schema-graph\">{\"@context\":\"https:\\\/\\\/schema.org\",\"@graph\":[{\"@type\":\"Article\",\"@id\":\"https:\\\/\\\/www.meydan.tv\\\/az\\\/article\\\/turkiye-britaniya-vetendasi-olan-isid-cihadcisini-deport-edib\\\/#article\",\"isPartOf\":{\"@id\":\"https:\\\/\\\/www.meydan.tv\\\/az\\\/article\\\/turkiye-britaniya-vetendasi-olan-isid-cihadcisini-deport-edib\\\/\"},\"author\":{\"name\":\"user-manager\",\"@id\":\"https:\\\/\\\/www.meydan.tv\\\/az\\\/#\\\/schema\\\/person\\\/10d11eccf6da3662cf5fdab9806ea91a\"},\"headline\":\"T\u00fcrkiy\u0259 Britaniya v\u0259t\u0259nda\u015f\u0131 olan \u0130\u015e\u0130D cihad\u00e7\u0131s\u0131n\u0131 deport edib\",\"datePublished\":\"2019-11-14T21:34:56+00:00\",\"mainEntityOfPage\":{\"@id\":\"https:\\\/\\\/www.meydan.tv\\\/az\\\/article\\\/turkiye-britaniya-vetendasi-olan-isid-cihadcisini-deport-edib\\\/\"},\"wordCount\":665,\"publisher\":{\"@id\":\"https:\\\/\\\/www.meydan.tv\\\/az\\\/#organization\"},\"image\":{\"@id\":\"https:\\\/\\\/www.meydan.tv\\\/az\\\/article\\\/turkiye-britaniya-vetendasi-olan-isid-cihadcisini-deport-edib\\\/#primaryimage\"},\"thumbnailUrl\":\"https:\\\/\\\/www.meydan.tv\\\/wp-content\\\/uploads\\\/files-syria-conflict-103548.jpg\",\"articleSection\":[\"D\u00fcnya\"],\"inLanguage\":\"az\"},{\"@type\":\"WebPage\",\"@id\":\"https:\\\/\\\/www.meydan.tv\\\/az\\\/article\\\/turkiye-britaniya-vetendasi-olan-isid-cihadcisini-deport-edib\\\/\",\"url\":\"https:\\\/\\\/www.meydan.tv\\\/az\\\/article\\\/turkiye-britaniya-vetendasi-olan-isid-cihadcisini-deport-edib\\\/\",\"name\":\"T\u00fcrkiy\u0259 Britaniya v\u0259t\u0259nda\u015f\u0131 olan \u0130\u015e\u0130D cihad\u00e7\u0131s\u0131n\u0131 deport edib - MEYDAN.TV\",\"isPartOf\":{\"@id\":\"https:\\\/\\\/www.meydan.tv\\\/az\\\/#website\"},\"primaryImageOfPage\":{\"@id\":\"https:\\\/\\\/www.meydan.tv\\\/az\\\/article\\\/turkiye-britaniya-vetendasi-olan-isid-cihadcisini-deport-edib\\\/#primaryimage\"},\"image\":{\"@id\":\"https:\\\/\\\/www.meydan.tv\\\/az\\\/article\\\/turkiye-britaniya-vetendasi-olan-isid-cihadcisini-deport-edib\\\/#primaryimage\"},\"thumbnailUrl\":\"https:\\\/\\\/www.meydan.tv\\\/wp-content\\\/uploads\\\/files-syria-conflict-103548.jpg\",\"datePublished\":\"2019-11-14T21:34:56+00:00\",\"breadcrumb\":{\"@id\":\"https:\\\/\\\/www.meydan.tv\\\/az\\\/article\\\/turkiye-britaniya-vetendasi-olan-isid-cihadcisini-deport-edib\\\/#breadcrumb\"},\"inLanguage\":\"az\",\"potentialAction\":[{\"@type\":\"ReadAction\",\"target\":[\"https:\\\/\\\/www.meydan.tv\\\/az\\\/article\\\/turkiye-britaniya-vetendasi-olan-isid-cihadcisini-deport-edib\\\/\"]}]},{\"@type\":\"ImageObject\",\"inLanguage\":\"az\",\"@id\":\"https:\\\/\\\/www.meydan.tv\\\/az\\\/article\\\/turkiye-britaniya-vetendasi-olan-isid-cihadcisini-deport-edib\\\/#primaryimage\",\"url\":\"https:\\\/\\\/www.meydan.tv\\\/wp-content\\\/uploads\\\/files-syria-conflict-103548.jpg\",\"contentUrl\":\"https:\\\/\\\/www.meydan.tv\\\/wp-content\\\/uploads\\\/files-syria-conflict-103548.jpg\",\"width\":780,\"height\":520,\"caption\":\"Source: Meydan TV\"},{\"@type\":\"BreadcrumbList\",\"@id\":\"https:\\\/\\\/www.meydan.tv\\\/az\\\/article\\\/turkiye-britaniya-vetendasi-olan-isid-cihadcisini-deport-edib\\\/#breadcrumb\",\"itemListElement\":[{\"@type\":\"ListItem\",\"position\":1,\"name\":\"Ana s\u0259hif\u0259\",\"item\":\"https:\\\/\\\/www.meydan.tv\\\/az\\\/\"},{\"@type\":\"ListItem\",\"position\":2,\"name\":\"D\u00fcnya\",\"item\":\"https:\\\/\\\/www.meydan.tv\\\/az\\\/section\\\/dunya\\\/\"},{\"@type\":\"ListItem\",\"position\":3,\"name\":\"T\u00fcrkiy\u0259 Britaniya v\u0259t\u0259nda\u015f\u0131 olan \u0130\u015e\u0130D cihad\u00e7\u0131s\u0131n\u0131 deport edib\"}]},{\"@type\":\"WebSite\",\"@id\":\"https:\\\/\\\/www.meydan.tv\\\/az\\\/#website\",\"url\":\"https:\\\/\\\/www.meydan.tv\\\/az\\\/\",\"name\":\"MEYDAN.TV\",\"description\":\"Meydan TV Az\u0259rbaycan\u0131n media m\u0259kan\u0131ndak\u0131 alternativ s\u0259sidir\",\"publisher\":{\"@id\":\"https:\\\/\\\/www.meydan.tv\\\/az\\\/#organization\"},\"potentialAction\":[{\"@type\":\"SearchAction\",\"target\":{\"@type\":\"EntryPoint\",\"urlTemplate\":\"https:\\\/\\\/www.meydan.tv\\\/az\\\/?s={search_term_string}\"},\"query-input\":{\"@type\":\"PropertyValueSpecification\",\"valueRequired\":true,\"valueName\":\"search_term_string\"}}],\"inLanguage\":\"az\"},{\"@type\":\"Organization\",\"@id\":\"https:\\\/\\\/www.meydan.tv\\\/az\\\/#organization\",\"name\":\"Meydan TV\",\"url\":\"https:\\\/\\\/www.meydan.tv\\\/az\\\/\",\"logo\":{\"@type\":\"ImageObject\",\"inLanguage\":\"az\",\"@id\":\"https:\\\/\\\/www.meydan.tv\\\/az\\\/#\\\/schema\\\/logo\\\/image\\\/\",\"url\":\"https:\\\/\\\/www.meydan.tv\\\/wp-content\\\/uploads\\\/2021\\\/07\\\/meydan-logo.svg\",\"contentUrl\":\"https:\\\/\\\/www.meydan.tv\\\/wp-content\\\/uploads\\\/2021\\\/07\\\/meydan-logo.svg\",\"width\":195,\"height\":46,\"caption\":\"Meydan TV\"},\"image\":{\"@id\":\"https:\\\/\\\/www.meydan.tv\\\/az\\\/#\\\/schema\\\/logo\\\/image\\\/\"}},{\"@type\":\"Person\",\"@id\":\"https:\\\/\\\/www.meydan.tv\\\/az\\\/#\\\/schema\\\/person\\\/10d11eccf6da3662cf5fdab9806ea91a\",\"name\":\"user-manager\"}]}<\/script>\n<!-- \/ Yoast SEO plugin. -->","yoast_head_json":{"title":"T\u00fcrkiy\u0259 Britaniya v\u0259t\u0259nda\u015f\u0131 olan \u0130\u015e\u0130D cihad\u00e7\u0131s\u0131n\u0131 deport edib - MEYDAN.TV","robots":{"index":"index","follow":"follow","max-snippet":"max-snippet:-1","max-image-preview":"max-image-preview:large","max-video-preview":"max-video-preview:-1"},"canonical":"https:\/\/www.meydan.tv\/az\/article\/turkiye-britaniya-vetendasi-olan-isid-cihadcisini-deport-edib\/","og_locale":"az_AZ","og_type":"article","og_title":"T\u00fcrkiy\u0259 Britaniya v\u0259t\u0259nda\u015f\u0131 olan \u0130\u015e\u0130D cihad\u00e7\u0131s\u0131n\u0131 deport edib - MEYDAN.TV","og_description":"Qeyd edilib ki, nam\u0259lum \u015f\u00fcbh\u0259li polis n\u0259zar\u0259tind\u0259dir v\u0259 h\u0259bsinin s\u0259b\u0259bi Suriya il\u0259 ba\u011fl\u0131d\u0131r","og_url":"https:\/\/www.meydan.tv\/az\/article\/turkiye-britaniya-vetendasi-olan-isid-cihadcisini-deport-edib\/","og_site_name":"MEYDAN.TV","article_published_time":"2019-11-14T21:34:56+00:00","og_image":[{"width":780,"height":520,"url":"https:\/\/www.meydan.tv\/wp-content\/uploads\/files-syria-conflict-103548.jpg","type":"image\/jpeg"}],"author":"user-manager","twitter_card":"summary_large_image","schema":{"@context":"https:\/\/schema.org","@graph":[{"@type":"Article","@id":"https:\/\/www.meydan.tv\/az\/article\/turkiye-britaniya-vetendasi-olan-isid-cihadcisini-deport-edib\/#article","isPartOf":{"@id":"https:\/\/www.meydan.tv\/az\/article\/turkiye-britaniya-vetendasi-olan-isid-cihadcisini-deport-edib\/"},"author":{"name":"user-manager","@id":"https:\/\/www.meydan.tv\/az\/#\/schema\/person\/10d11eccf6da3662cf5fdab9806ea91a"},"headline":"T\u00fcrkiy\u0259 Britaniya v\u0259t\u0259nda\u015f\u0131 olan \u0130\u015e\u0130D cihad\u00e7\u0131s\u0131n\u0131 deport edib","datePublished":"2019-11-14T21:34:56+00:00","mainEntityOfPage":{"@id":"https:\/\/www.meydan.tv\/az\/article\/turkiye-britaniya-vetendasi-olan-isid-cihadcisini-deport-edib\/"},"wordCount":665,"publisher":{"@id":"https:\/\/www.meydan.tv\/az\/#organization"},"image":{"@id":"https:\/\/www.meydan.tv\/az\/article\/turkiye-britaniya-vetendasi-olan-isid-cihadcisini-deport-edib\/#primaryimage"},"thumbnailUrl":"https:\/\/www.meydan.tv\/wp-content\/uploads\/files-syria-conflict-103548.jpg","articleSection":["D\u00fcnya"],"inLanguage":"az"},{"@type":"WebPage","@id":"https:\/\/www.meydan.tv\/az\/article\/turkiye-britaniya-vetendasi-olan-isid-cihadcisini-deport-edib\/","url":"https:\/\/www.meydan.tv\/az\/article\/turkiye-britaniya-vetendasi-olan-isid-cihadcisini-deport-edib\/","name":"T\u00fcrkiy\u0259 Britaniya v\u0259t\u0259nda\u015f\u0131 olan \u0130\u015e\u0130D cihad\u00e7\u0131s\u0131n\u0131 deport edib - MEYDAN.TV","isPartOf":{"@id":"https:\/\/www.meydan.tv\/az\/#website"},"primaryImageOfPage":{"@id":"https:\/\/www.meydan.tv\/az\/article\/turkiye-britaniya-vetendasi-olan-isid-cihadcisini-deport-edib\/#primaryimage"},"image":{"@id":"https:\/\/www.meydan.tv\/az\/article\/turkiye-britaniya-vetendasi-olan-isid-cihadcisini-deport-edib\/#primaryimage"},"thumbnailUrl":"https:\/\/www.meydan.tv\/wp-content\/uploads\/files-syria-conflict-103548.jpg","datePublished":"2019-11-14T21:34:56+00:00","breadcrumb":{"@id":"https:\/\/www.meydan.tv\/az\/article\/turkiye-britaniya-vetendasi-olan-isid-cihadcisini-deport-edib\/#breadcrumb"},"inLanguage":"az","potentialAction":[{"@type":"ReadAction","target":["https:\/\/www.meydan.tv\/az\/article\/turkiye-britaniya-vetendasi-olan-isid-cihadcisini-deport-edib\/"]}]},{"@type":"ImageObject","inLanguage":"az","@id":"https:\/\/www.meydan.tv\/az\/article\/turkiye-britaniya-vetendasi-olan-isid-cihadcisini-deport-edib\/#primaryimage","url":"https:\/\/www.meydan.tv\/wp-content\/uploads\/files-syria-conflict-103548.jpg","contentUrl":"https:\/\/www.meydan.tv\/wp-content\/uploads\/files-syria-conflict-103548.jpg","width":780,"height":520,"caption":"Source: Meydan TV"},{"@type":"BreadcrumbList","@id":"https:\/\/www.meydan.tv\/az\/article\/turkiye-britaniya-vetendasi-olan-isid-cihadcisini-deport-edib\/#breadcrumb","itemListElement":[{"@type":"ListItem","position":1,"name":"Ana s\u0259hif\u0259","item":"https:\/\/www.meydan.tv\/az\/"},{"@type":"ListItem","position":2,"name":"D\u00fcnya","item":"https:\/\/www.meydan.tv\/az\/section\/dunya\/"},{"@type":"ListItem","position":3,"name":"T\u00fcrkiy\u0259 Britaniya v\u0259t\u0259nda\u015f\u0131 olan \u0130\u015e\u0130D cihad\u00e7\u0131s\u0131n\u0131 deport edib"}]},{"@type":"WebSite","@id":"https:\/\/www.meydan.tv\/az\/#website","url":"https:\/\/www.meydan.tv\/az\/","name":"MEYDAN.TV","description":"Meydan TV Az\u0259rbaycan\u0131n media m\u0259kan\u0131ndak\u0131 alternativ s\u0259sidir","publisher":{"@id":"https:\/\/www.meydan.tv\/az\/#organization"},"potentialAction":[{"@type":"SearchAction","target":{"@type":"EntryPoint","urlTemplate":"https:\/\/www.meydan.tv\/az\/?s={search_term_string}"},"query-input":{"@type":"PropertyValueSpecification","valueRequired":true,"valueName":"search_term_string"}}],"inLanguage":"az"},{"@type":"Organization","@id":"https:\/\/www.meydan.tv\/az\/#organization","name":"Meydan TV","url":"https:\/\/www.meydan.tv\/az\/","logo":{"@type":"ImageObject","inLanguage":"az","@id":"https:\/\/www.meydan.tv\/az\/#\/schema\/logo\/image\/","url":"https:\/\/www.meydan.tv\/wp-content\/uploads\/2021\/07\/meydan-logo.svg","contentUrl":"https:\/\/www.meydan.tv\/wp-content\/uploads\/2021\/07\/meydan-logo.svg","width":195,"height":46,"caption":"Meydan TV"},"image":{"@id":"https:\/\/www.meydan.tv\/az\/#\/schema\/logo\/image\/"}},{"@type":"Person","@id":"https:\/\/www.meydan.tv\/az\/#\/schema\/person\/10d11eccf6da3662cf5fdab9806ea91a","name":"user-manager"}]}},"_links":{"self":[{"href":"https:\/\/www.meydan.tv\/az\/wp-json\/wp\/v2\/posts\/197946","targetHints":{"allow":["GET"]}}],"collection":[{"href":"https:\/\/www.meydan.tv\/az\/wp-json\/wp\/v2\/posts"}],"about":[{"href":"https:\/\/www.meydan.tv\/az\/wp-json\/wp\/v2\/types\/post"}],"author":[{"embeddable":true,"href":"https:\/\/www.meydan.tv\/az\/wp-json\/wp\/v2\/users\/11"}],"replies":[{"embeddable":true,"href":"https:\/\/www.meydan.tv\/az\/wp-json\/wp\/v2\/comments?post=197946"}],"version-history":[{"count":0,"href":"https:\/\/www.meydan.tv\/az\/wp-json\/wp\/v2\/posts\/197946\/revisions"}],"wp:featuredmedia":[{"embeddable":true,"href":"https:\/\/www.meydan.tv\/az\/wp-json\/wp\/v2\/media\/133092"}],"wp:attachment":[{"href":"https:\/\/www.meydan.tv\/az\/wp-json\/wp\/v2\/media?parent=197946"}],"wp:term":[{"taxonomy":"category","embeddable":true,"href":"https:\/\/www.meydan.tv\/az\/wp-json\/wp\/v2\/categories?post=197946"},{"taxonomy":"post_tag","embeddable":true,"href":"https:\/\/www.meydan.tv\/az\/wp-json\/wp\/v2\/tags?post=197946"}],"curies":[{"name":"wp","href":"https:\/\/api.w.org\/{rel}","templated":true}]}}