{"id":197926,"date":"2019-11-13T16:02:40","date_gmt":"2019-11-13T16:02:40","guid":{"rendered":"https:\/\/www.meydan.tv\/article\/boliviya-senatinin-rehberi-muveqqeti-prezident-olub\/"},"modified":"2019-11-13T16:02:40","modified_gmt":"2019-11-13T16:02:40","slug":"boliviya-senatinin-rehberi-muveqqeti-prezident-olub","status":"publish","type":"post","link":"https:\/\/www.meydan.tv\/az\/article\/boliviya-senatinin-rehberi-muveqqeti-prezident-olub\/","title":{"rendered":"Boliviya senat\u0131n\u0131n r\u0259hb\u0259ri m\u00fcv\u0259qq\u0259ti prezident olub"},"content":{"rendered":"<p>\n  <i><br \/>\n    Moralesin istefas\u0131ndan sonra 30-d\u0259k h\u00f6kum\u0259t r\u0259smisinin h\u0259bs edildiyi bildirilir<br \/>\n  <\/i>\n<\/p>\n<p>\n  Boliviya Senat\u0131n\u0131n r\u0259hb\u0259ri Jeanine Anez \u00e7\u0259r\u015f\u0259nb\u0259 ax\u015fam\u0131 m\u00fcv\u0259qq\u0259ti prezident v\u0259zif\u0259sini icra etm\u0259y\u0259 ba\u015flay\u0131b. \u201cReuters\u201d x\u0259b\u0259r verir ki, ke\u00e7mi\u015f lider Evo Morales istefa verdikd\u0259n sonra \u00fcz tutdu\u011fu Meksikada siyasi m\u00fcbariz\u0259sini davam etdir\u0259c\u0259yin\u0259 s\u00f6z verib.\n<\/p>\n<p>\n  52 ya\u015fl\u0131 Anezi r\u0259smi olaraq t\u0259yin etm\u0259k \u00fc\u00e7\u00fcn x\u00fcsusi parlament iclas\u0131 planla\u015fd\u0131r\u0131l\u0131b, lakin Moralesin sol\u00e7u MAS partiyas\u0131ndan olan deputatlar parlamentin iclas\u0131n\u0131 boykot ed\u0259r\u0259k onu qeyri-qanuni adland\u0131r\u0131b.\n<\/p>\n<p>\n  \u201cPrezidentin v\u0259 vitse-prezidentin yoxlu\u011fundan \u00f6nc\u0259 &#8230; Senatorlar Palatas\u0131n\u0131n prezidenti olaraq m\u0259n d\u0259rhal prezidentliyi konstitusiya qurulu\u015funda n\u0259z\u0259rd\u0259 tutuldu\u011fu kimi q\u0259bul edir\u0259m\u201d, &#8211; Moralesin sa\u011f r\u0259qibi Anez deyib.\n<\/p>\n<p>\n  Bu add\u0131m\u0131n paytaxt La Pazda v\u0259 dig\u0259r \u015f\u0259h\u0259rl\u0259rd\u0259 i\u011fti\u015fa\u015flar\u0131 t\u0259\u015fviq ed\u0259c\u0259yi b\u0259lli deyil. \u00c7\u0259r\u015f\u0259nb\u0259 ax\u015fam\u0131 yay\u0131mlanan videog\u00f6r\u00fcnt\u00fcl\u0259rd\u0259 polisl\u0259rin Cochabamba \u015f\u0259h\u0259rind\u0259 Morales t\u0259r\u0259fdarlar\u0131na v\u0259 v\u0259t\u0259nda\u015f m\u00fcharib\u0259sin\u0259 \u00e7a\u011f\u0131ran maskal\u0131 etiraz\u00e7\u0131lara qar\u015f\u0131 m\u00fcbariz\u0259 apard\u0131\u011f\u0131 n\u00fcmayi\u015f olunur.\n<\/p>\n<p>\n  Moralesin partiyas\u0131ndan olan bir senator \u00e7\u0259r\u015f\u0259nb\u0259 ax\u015fam\u0131 g\u00fcn\u00fc etiraz aksiyalar\u0131na \u00e7a\u011f\u0131r\u0131\u015f edib.\n<\/p>\n<p>\n  Va\u015finqtonda Tramp administrasiyas\u0131n\u0131n y\u00fcks\u0259k v\u0259zif\u0259li n\u00fcmay\u0259nd\u0259si deyib: \u201cMoralesin getm\u0259si h\u0259qiq\u0259t\u0259n Boliviyadak\u0131 v\u0259ziyy\u0259ti sakitl\u0259\u015fdirm\u0259k \u00fc\u00e7\u00fcn m\u00fcsb\u0259t add\u0131md\u0131r\u201d.\n<\/p>\n<p>\n  Qurum r\u0259smisi deyib ki, Meksika AB\u015e-a Morales\u0259 s\u0131\u011f\u0131nacaq t\u0259klif etm\u0259k niyy\u0259tind\u0259 oldu\u011funu bildirib v\u0259 Va\u015finqton da qar\u015f\u0131l\u0131\u011f\u0131nda laz\u0131m olarsa logistika il\u0259 ba\u011fl\u0131 k\u00f6m\u0259k t\u0259klif edib.\n<\/p>\n<p>\n  Meksikan\u0131n Xarici i\u015fl\u0259r naziri Marsel Ebrard is\u0259 deyib ki, Meksika AB\u015e il\u0259 s\u0131\u011f\u0131nacaq m\u0259s\u0259l\u0259sini m\u00fczakir\u0259 etm\u0259yib.\n<\/p>\n<p>\n  AB\u015e D\u00f6vl\u0259t Departamenti \u00e7\u0259r\u015f\u0259nb\u0259 ax\u015fam\u0131 g\u00fcn\u00fc AB\u015e h\u00f6kum\u0259t i\u015f\u00e7il\u0259rinin ail\u0259 \u00fczvl\u0259rin\u0259 i\u011fti\u015fa\u015flar s\u0259b\u0259biyl\u0259 Boliviyan\u0131 t\u0259rk etm\u0259l\u0259rini \u0259mr edib v\u0259 Amerika v\u0259t\u0259nda\u015flar\u0131na Boliviyaya getm\u0259m\u0259l\u0259ri m\u00f6vzusunda x\u0259b\u0259rdarl\u0131q edib.\n<\/p>\n<p>\n  Moralesin istefas\u0131 Amerika D\u00f6vl\u0259tl\u0259ri T\u0259\u015fkilat\u0131 (OAS) 20 oktyabr se\u00e7kil\u0259ri zaman\u0131 ciddi qanun pozuntular\u0131na yer verildiyini bildirdikd\u0259n sonra ba\u015f verib. Onun siyasi m\u00fctt\u0259fiql\u0259ri bu hadis\u0259d\u0259n sonra h\u00f6kum\u0259td\u0259n ayr\u0131l\u0131b v\u0259 ordu onu istefaya \u00e7a\u011f\u0131r\u0131b.\n<\/p>\n<p>\n  B\u00f6lg\u0259d\u0259 Lat\u0131n Amerikal\u0131 sol\u00e7ular dal\u011fas\u0131n\u0131n \u0259n uzun\u00f6m\u00fcrl\u00fc lideri olan Morales bazar g\u00fcn\u00fc t\u0259hl\u00fck\u0259sizlik q\u00fcvv\u0259l\u0259rinin t\u0259zyiqi il\u0259 m\u00fcbahis\u0259li se\u00e7kiy\u0259 g\u00f6r\u0259 ba\u015flayan v\u0259 davam ed\u0259n etiraz aksiyalar\u0131 n\u0259tic\u0259sind\u0259 istefa verib.\n<\/p>\n<p>\n  Morales Anezin onu \u0259v\u0259zl\u0259m\u0259k add\u0131m\u0131n\u0131 \u201ctarixd\u0259ki \u0259n hiyl\u0259g\u0259r v\u0259 f\u0259lak\u0259tli \u00e7evrili\u015f\u201d adland\u0131r\u0131b. \u00c7\u0259r\u015f\u0259nb\u0259 ax\u015fam\u0131 o, s\u0131\u011f\u0131nacaq almaq \u00fc\u00e7\u00fcn g\u0259ldiyi Meksikaya h\u0259yat\u0131n\u0131 xilas etdiyi \u00fc\u00e7\u00fcn t\u0259\u015f\u0259kk\u00fcr edib v\u0259 qeyd edib ki, r\u0259qibl\u0259ri onu devirib.\n<\/p>\n<p>\n  \u201cYa\u015fad\u0131\u011f\u0131m m\u00fcdd\u0259tc\u0259 biz siyas\u0259td\u0259 qalaca\u011f\u0131q. Ya\u015fad\u0131\u011f\u0131m m\u00fcdd\u0259tc\u0259 m\u00fcbariz\u0259 davam ed\u0259c\u0259k\u201d,- Morales Mexikoda t\u0259yyar\u0259d\u0259n endikd\u0259n sonra jurnalistl\u0259r\u0259 deyib. O, Ebrard t\u0259r\u0259find\u0259n qar\u015f\u0131lan\u0131b.\n<\/p>\n<p>\n  Meksika r\u0259smil\u0259ri t\u0259hl\u00fck\u0259sizlik probleml\u0259rin\u0259 \u0259saslanaraq onun harada qalaca\u011f\u0131n\u0131 dem\u0259yibl\u0259r.\n<\/p>\n<p>\n  \u00c7\u0259r\u015f\u0259nb\u0259 ax\u015fam\u0131 g\u00fcn\u00fc Anez boliviyal\u0131lar\u0131 bir araya g\u0259lm\u0259y\u0259 \u00e7a\u011f\u0131r\u0131b.\n<\/p>\n<p>\n  \u201cBiz demokratik tariximizin \u0259n qaranl\u0131q epizodlar\u0131ndan do\u011furuq\u201d, &#8211; Anez deyib: \u201cZ\u0259r\u0259r vuran v\u0259 ya h\u0259r hans\u0131 cinay\u0259t t\u00f6r\u0259d\u0259nl\u0259r\u0259: Allah v\u0259 \u0259dal\u0259t sizi m\u00fchakim\u0259 ed\u0259c\u0259kdir\u201d.\n<\/p>\n<p>\n  Boliviyan\u0131n Ba\u015f Prokurorlu\u011fundan veril\u0259n m\u0259lumata g\u00f6r\u0259, Moralesin istefas\u0131ndan sonra 30-dan \u00e7ox se\u00e7ki r\u0259smisi h\u0259bs olunub.<\/p>\n","protected":false},"excerpt":{"rendered":"<p>Moralesin istefas\u0131ndan sonra 30-d\u0259k h\u00f6kum\u0259t r\u0259smisinin h\u0259bs edildiyi bildirilir<\/p>\n","protected":false},"author":11,"featured_media":133032,"comment_status":"closed","ping_status":"open","sticky":false,"template":"","format":"standard","meta":{"_acf_changed":false,"_sitemap_exclude":false,"_sitemap_priority":"","_sitemap_frequency":"","footnotes":""},"categories":[64],"tags":[],"class_list":["post-197926","post","type-post","status-publish","format-standard","has-post-thumbnail","hentry","category-dunya","infinite-scroll-item","generate-columns","tablet-grid-50","mobile-grid-100","grid-parent","grid-33","no-featured-image-padding"],"acf":[],"yoast_head":"<!-- This site is optimized with the Yoast SEO plugin v27.5 - https:\/\/yoast.com\/product\/yoast-seo-wordpress\/ -->\n<title>Boliviya senat\u0131n\u0131n r\u0259hb\u0259ri m\u00fcv\u0259qq\u0259ti prezident olub - MEYDAN.TV<\/title>\n<meta name=\"robots\" content=\"index, follow, max-snippet:-1, max-image-preview:large, max-video-preview:-1\" \/>\n<link rel=\"canonical\" href=\"https:\/\/www.meydan.tv\/az\/article\/boliviya-senatinin-rehberi-muveqqeti-prezident-olub\/\" \/>\n<meta property=\"og:locale\" content=\"az_AZ\" \/>\n<meta property=\"og:type\" content=\"article\" \/>\n<meta property=\"og:title\" content=\"Boliviya senat\u0131n\u0131n r\u0259hb\u0259ri m\u00fcv\u0259qq\u0259ti prezident olub - MEYDAN.TV\" \/>\n<meta property=\"og:description\" content=\"Moralesin istefas\u0131ndan sonra 30-d\u0259k h\u00f6kum\u0259t r\u0259smisinin h\u0259bs edildiyi bildirilir\" \/>\n<meta property=\"og:url\" content=\"https:\/\/www.meydan.tv\/az\/article\/boliviya-senatinin-rehberi-muveqqeti-prezident-olub\/\" \/>\n<meta property=\"og:site_name\" content=\"MEYDAN.TV\" \/>\n<meta property=\"article:published_time\" content=\"2019-11-13T16:02:40+00:00\" \/>\n<meta property=\"og:image\" content=\"https:\/\/www.meydan.tv\/wp-content\/uploads\/jeanine-anez.jpg\" \/>\n\t<meta property=\"og:image:width\" content=\"1920\" \/>\n\t<meta property=\"og:image:height\" content=\"1080\" \/>\n\t<meta property=\"og:image:type\" content=\"image\/jpeg\" \/>\n<meta name=\"author\" content=\"user-manager\" \/>\n<meta name=\"twitter:card\" content=\"summary_large_image\" \/>\n<script type=\"application\/ld+json\" class=\"yoast-schema-graph\">{\"@context\":\"https:\\\/\\\/schema.org\",\"@graph\":[{\"@type\":\"Article\",\"@id\":\"https:\\\/\\\/www.meydan.tv\\\/az\\\/article\\\/boliviya-senatinin-rehberi-muveqqeti-prezident-olub\\\/#article\",\"isPartOf\":{\"@id\":\"https:\\\/\\\/www.meydan.tv\\\/az\\\/article\\\/boliviya-senatinin-rehberi-muveqqeti-prezident-olub\\\/\"},\"author\":{\"name\":\"user-manager\",\"@id\":\"https:\\\/\\\/www.meydan.tv\\\/az\\\/#\\\/schema\\\/person\\\/10d11eccf6da3662cf5fdab9806ea91a\"},\"headline\":\"Boliviya senat\u0131n\u0131n r\u0259hb\u0259ri m\u00fcv\u0259qq\u0259ti prezident olub\",\"datePublished\":\"2019-11-13T16:02:40+00:00\",\"mainEntityOfPage\":{\"@id\":\"https:\\\/\\\/www.meydan.tv\\\/az\\\/article\\\/boliviya-senatinin-rehberi-muveqqeti-prezident-olub\\\/\"},\"wordCount\":706,\"publisher\":{\"@id\":\"https:\\\/\\\/www.meydan.tv\\\/az\\\/#organization\"},\"image\":{\"@id\":\"https:\\\/\\\/www.meydan.tv\\\/az\\\/article\\\/boliviya-senatinin-rehberi-muveqqeti-prezident-olub\\\/#primaryimage\"},\"thumbnailUrl\":\"https:\\\/\\\/www.meydan.tv\\\/wp-content\\\/uploads\\\/jeanine-anez.jpg\",\"articleSection\":[\"D\u00fcnya\"],\"inLanguage\":\"az\"},{\"@type\":\"WebPage\",\"@id\":\"https:\\\/\\\/www.meydan.tv\\\/az\\\/article\\\/boliviya-senatinin-rehberi-muveqqeti-prezident-olub\\\/\",\"url\":\"https:\\\/\\\/www.meydan.tv\\\/az\\\/article\\\/boliviya-senatinin-rehberi-muveqqeti-prezident-olub\\\/\",\"name\":\"Boliviya senat\u0131n\u0131n r\u0259hb\u0259ri m\u00fcv\u0259qq\u0259ti prezident olub - MEYDAN.TV\",\"isPartOf\":{\"@id\":\"https:\\\/\\\/www.meydan.tv\\\/az\\\/#website\"},\"primaryImageOfPage\":{\"@id\":\"https:\\\/\\\/www.meydan.tv\\\/az\\\/article\\\/boliviya-senatinin-rehberi-muveqqeti-prezident-olub\\\/#primaryimage\"},\"image\":{\"@id\":\"https:\\\/\\\/www.meydan.tv\\\/az\\\/article\\\/boliviya-senatinin-rehberi-muveqqeti-prezident-olub\\\/#primaryimage\"},\"thumbnailUrl\":\"https:\\\/\\\/www.meydan.tv\\\/wp-content\\\/uploads\\\/jeanine-anez.jpg\",\"datePublished\":\"2019-11-13T16:02:40+00:00\",\"breadcrumb\":{\"@id\":\"https:\\\/\\\/www.meydan.tv\\\/az\\\/article\\\/boliviya-senatinin-rehberi-muveqqeti-prezident-olub\\\/#breadcrumb\"},\"inLanguage\":\"az\",\"potentialAction\":[{\"@type\":\"ReadAction\",\"target\":[\"https:\\\/\\\/www.meydan.tv\\\/az\\\/article\\\/boliviya-senatinin-rehberi-muveqqeti-prezident-olub\\\/\"]}]},{\"@type\":\"ImageObject\",\"inLanguage\":\"az\",\"@id\":\"https:\\\/\\\/www.meydan.tv\\\/az\\\/article\\\/boliviya-senatinin-rehberi-muveqqeti-prezident-olub\\\/#primaryimage\",\"url\":\"https:\\\/\\\/www.meydan.tv\\\/wp-content\\\/uploads\\\/jeanine-anez.jpg\",\"contentUrl\":\"https:\\\/\\\/www.meydan.tv\\\/wp-content\\\/uploads\\\/jeanine-anez.jpg\",\"width\":1920,\"height\":1080,\"caption\":\"Source: google\"},{\"@type\":\"BreadcrumbList\",\"@id\":\"https:\\\/\\\/www.meydan.tv\\\/az\\\/article\\\/boliviya-senatinin-rehberi-muveqqeti-prezident-olub\\\/#breadcrumb\",\"itemListElement\":[{\"@type\":\"ListItem\",\"position\":1,\"name\":\"Ana s\u0259hif\u0259\",\"item\":\"https:\\\/\\\/www.meydan.tv\\\/az\\\/\"},{\"@type\":\"ListItem\",\"position\":2,\"name\":\"D\u00fcnya\",\"item\":\"https:\\\/\\\/www.meydan.tv\\\/az\\\/section\\\/dunya\\\/\"},{\"@type\":\"ListItem\",\"position\":3,\"name\":\"Boliviya senat\u0131n\u0131n r\u0259hb\u0259ri m\u00fcv\u0259qq\u0259ti prezident olub\"}]},{\"@type\":\"WebSite\",\"@id\":\"https:\\\/\\\/www.meydan.tv\\\/az\\\/#website\",\"url\":\"https:\\\/\\\/www.meydan.tv\\\/az\\\/\",\"name\":\"MEYDAN.TV\",\"description\":\"Meydan TV Az\u0259rbaycan\u0131n media m\u0259kan\u0131ndak\u0131 alternativ s\u0259sidir\",\"publisher\":{\"@id\":\"https:\\\/\\\/www.meydan.tv\\\/az\\\/#organization\"},\"potentialAction\":[{\"@type\":\"SearchAction\",\"target\":{\"@type\":\"EntryPoint\",\"urlTemplate\":\"https:\\\/\\\/www.meydan.tv\\\/az\\\/?s={search_term_string}\"},\"query-input\":{\"@type\":\"PropertyValueSpecification\",\"valueRequired\":true,\"valueName\":\"search_term_string\"}}],\"inLanguage\":\"az\"},{\"@type\":\"Organization\",\"@id\":\"https:\\\/\\\/www.meydan.tv\\\/az\\\/#organization\",\"name\":\"Meydan TV\",\"url\":\"https:\\\/\\\/www.meydan.tv\\\/az\\\/\",\"logo\":{\"@type\":\"ImageObject\",\"inLanguage\":\"az\",\"@id\":\"https:\\\/\\\/www.meydan.tv\\\/az\\\/#\\\/schema\\\/logo\\\/image\\\/\",\"url\":\"https:\\\/\\\/www.meydan.tv\\\/wp-content\\\/uploads\\\/2021\\\/07\\\/meydan-logo.svg\",\"contentUrl\":\"https:\\\/\\\/www.meydan.tv\\\/wp-content\\\/uploads\\\/2021\\\/07\\\/meydan-logo.svg\",\"width\":195,\"height\":46,\"caption\":\"Meydan TV\"},\"image\":{\"@id\":\"https:\\\/\\\/www.meydan.tv\\\/az\\\/#\\\/schema\\\/logo\\\/image\\\/\"}},{\"@type\":\"Person\",\"@id\":\"https:\\\/\\\/www.meydan.tv\\\/az\\\/#\\\/schema\\\/person\\\/10d11eccf6da3662cf5fdab9806ea91a\",\"name\":\"user-manager\"}]}<\/script>\n<!-- \/ Yoast SEO plugin. -->","yoast_head_json":{"title":"Boliviya senat\u0131n\u0131n r\u0259hb\u0259ri m\u00fcv\u0259qq\u0259ti prezident olub - MEYDAN.TV","robots":{"index":"index","follow":"follow","max-snippet":"max-snippet:-1","max-image-preview":"max-image-preview:large","max-video-preview":"max-video-preview:-1"},"canonical":"https:\/\/www.meydan.tv\/az\/article\/boliviya-senatinin-rehberi-muveqqeti-prezident-olub\/","og_locale":"az_AZ","og_type":"article","og_title":"Boliviya senat\u0131n\u0131n r\u0259hb\u0259ri m\u00fcv\u0259qq\u0259ti prezident olub - MEYDAN.TV","og_description":"Moralesin istefas\u0131ndan sonra 30-d\u0259k h\u00f6kum\u0259t r\u0259smisinin h\u0259bs edildiyi bildirilir","og_url":"https:\/\/www.meydan.tv\/az\/article\/boliviya-senatinin-rehberi-muveqqeti-prezident-olub\/","og_site_name":"MEYDAN.TV","article_published_time":"2019-11-13T16:02:40+00:00","og_image":[{"width":1920,"height":1080,"url":"https:\/\/www.meydan.tv\/wp-content\/uploads\/jeanine-anez.jpg","type":"image\/jpeg"}],"author":"user-manager","twitter_card":"summary_large_image","schema":{"@context":"https:\/\/schema.org","@graph":[{"@type":"Article","@id":"https:\/\/www.meydan.tv\/az\/article\/boliviya-senatinin-rehberi-muveqqeti-prezident-olub\/#article","isPartOf":{"@id":"https:\/\/www.meydan.tv\/az\/article\/boliviya-senatinin-rehberi-muveqqeti-prezident-olub\/"},"author":{"name":"user-manager","@id":"https:\/\/www.meydan.tv\/az\/#\/schema\/person\/10d11eccf6da3662cf5fdab9806ea91a"},"headline":"Boliviya senat\u0131n\u0131n r\u0259hb\u0259ri m\u00fcv\u0259qq\u0259ti prezident olub","datePublished":"2019-11-13T16:02:40+00:00","mainEntityOfPage":{"@id":"https:\/\/www.meydan.tv\/az\/article\/boliviya-senatinin-rehberi-muveqqeti-prezident-olub\/"},"wordCount":706,"publisher":{"@id":"https:\/\/www.meydan.tv\/az\/#organization"},"image":{"@id":"https:\/\/www.meydan.tv\/az\/article\/boliviya-senatinin-rehberi-muveqqeti-prezident-olub\/#primaryimage"},"thumbnailUrl":"https:\/\/www.meydan.tv\/wp-content\/uploads\/jeanine-anez.jpg","articleSection":["D\u00fcnya"],"inLanguage":"az"},{"@type":"WebPage","@id":"https:\/\/www.meydan.tv\/az\/article\/boliviya-senatinin-rehberi-muveqqeti-prezident-olub\/","url":"https:\/\/www.meydan.tv\/az\/article\/boliviya-senatinin-rehberi-muveqqeti-prezident-olub\/","name":"Boliviya senat\u0131n\u0131n r\u0259hb\u0259ri m\u00fcv\u0259qq\u0259ti prezident olub - MEYDAN.TV","isPartOf":{"@id":"https:\/\/www.meydan.tv\/az\/#website"},"primaryImageOfPage":{"@id":"https:\/\/www.meydan.tv\/az\/article\/boliviya-senatinin-rehberi-muveqqeti-prezident-olub\/#primaryimage"},"image":{"@id":"https:\/\/www.meydan.tv\/az\/article\/boliviya-senatinin-rehberi-muveqqeti-prezident-olub\/#primaryimage"},"thumbnailUrl":"https:\/\/www.meydan.tv\/wp-content\/uploads\/jeanine-anez.jpg","datePublished":"2019-11-13T16:02:40+00:00","breadcrumb":{"@id":"https:\/\/www.meydan.tv\/az\/article\/boliviya-senatinin-rehberi-muveqqeti-prezident-olub\/#breadcrumb"},"inLanguage":"az","potentialAction":[{"@type":"ReadAction","target":["https:\/\/www.meydan.tv\/az\/article\/boliviya-senatinin-rehberi-muveqqeti-prezident-olub\/"]}]},{"@type":"ImageObject","inLanguage":"az","@id":"https:\/\/www.meydan.tv\/az\/article\/boliviya-senatinin-rehberi-muveqqeti-prezident-olub\/#primaryimage","url":"https:\/\/www.meydan.tv\/wp-content\/uploads\/jeanine-anez.jpg","contentUrl":"https:\/\/www.meydan.tv\/wp-content\/uploads\/jeanine-anez.jpg","width":1920,"height":1080,"caption":"Source: google"},{"@type":"BreadcrumbList","@id":"https:\/\/www.meydan.tv\/az\/article\/boliviya-senatinin-rehberi-muveqqeti-prezident-olub\/#breadcrumb","itemListElement":[{"@type":"ListItem","position":1,"name":"Ana s\u0259hif\u0259","item":"https:\/\/www.meydan.tv\/az\/"},{"@type":"ListItem","position":2,"name":"D\u00fcnya","item":"https:\/\/www.meydan.tv\/az\/section\/dunya\/"},{"@type":"ListItem","position":3,"name":"Boliviya senat\u0131n\u0131n r\u0259hb\u0259ri m\u00fcv\u0259qq\u0259ti prezident olub"}]},{"@type":"WebSite","@id":"https:\/\/www.meydan.tv\/az\/#website","url":"https:\/\/www.meydan.tv\/az\/","name":"MEYDAN.TV","description":"Meydan TV Az\u0259rbaycan\u0131n media m\u0259kan\u0131ndak\u0131 alternativ s\u0259sidir","publisher":{"@id":"https:\/\/www.meydan.tv\/az\/#organization"},"potentialAction":[{"@type":"SearchAction","target":{"@type":"EntryPoint","urlTemplate":"https:\/\/www.meydan.tv\/az\/?s={search_term_string}"},"query-input":{"@type":"PropertyValueSpecification","valueRequired":true,"valueName":"search_term_string"}}],"inLanguage":"az"},{"@type":"Organization","@id":"https:\/\/www.meydan.tv\/az\/#organization","name":"Meydan TV","url":"https:\/\/www.meydan.tv\/az\/","logo":{"@type":"ImageObject","inLanguage":"az","@id":"https:\/\/www.meydan.tv\/az\/#\/schema\/logo\/image\/","url":"https:\/\/www.meydan.tv\/wp-content\/uploads\/2021\/07\/meydan-logo.svg","contentUrl":"https:\/\/www.meydan.tv\/wp-content\/uploads\/2021\/07\/meydan-logo.svg","width":195,"height":46,"caption":"Meydan TV"},"image":{"@id":"https:\/\/www.meydan.tv\/az\/#\/schema\/logo\/image\/"}},{"@type":"Person","@id":"https:\/\/www.meydan.tv\/az\/#\/schema\/person\/10d11eccf6da3662cf5fdab9806ea91a","name":"user-manager"}]}},"_links":{"self":[{"href":"https:\/\/www.meydan.tv\/az\/wp-json\/wp\/v2\/posts\/197926","targetHints":{"allow":["GET"]}}],"collection":[{"href":"https:\/\/www.meydan.tv\/az\/wp-json\/wp\/v2\/posts"}],"about":[{"href":"https:\/\/www.meydan.tv\/az\/wp-json\/wp\/v2\/types\/post"}],"author":[{"embeddable":true,"href":"https:\/\/www.meydan.tv\/az\/wp-json\/wp\/v2\/users\/11"}],"replies":[{"embeddable":true,"href":"https:\/\/www.meydan.tv\/az\/wp-json\/wp\/v2\/comments?post=197926"}],"version-history":[{"count":0,"href":"https:\/\/www.meydan.tv\/az\/wp-json\/wp\/v2\/posts\/197926\/revisions"}],"wp:featuredmedia":[{"embeddable":true,"href":"https:\/\/www.meydan.tv\/az\/wp-json\/wp\/v2\/media\/133032"}],"wp:attachment":[{"href":"https:\/\/www.meydan.tv\/az\/wp-json\/wp\/v2\/media?parent=197926"}],"wp:term":[{"taxonomy":"category","embeddable":true,"href":"https:\/\/www.meydan.tv\/az\/wp-json\/wp\/v2\/categories?post=197926"},{"taxonomy":"post_tag","embeddable":true,"href":"https:\/\/www.meydan.tv\/az\/wp-json\/wp\/v2\/tags?post=197926"}],"curies":[{"name":"wp","href":"https:\/\/api.w.org\/{rel}","templated":true}]}}