{"id":197924,"date":"2019-11-13T16:11:33","date_gmt":"2019-11-13T16:11:33","guid":{"rendered":"https:\/\/www.meydan.tv\/article\/lukasenko-avropa-birliyi-ile-daha-yaxin-munasibetler-qurmaq-isteyir\/"},"modified":"2019-11-13T16:11:33","modified_gmt":"2019-11-13T16:11:33","slug":"lukasenko-avropa-birliyi-ile-daha-yaxin-munasibetler-qurmaq-isteyir","status":"publish","type":"post","link":"https:\/\/www.meydan.tv\/az\/article\/lukasenko-avropa-birliyi-ile-daha-yaxin-munasibetler-qurmaq-isteyir\/","title":{"rendered":"Luka\u015fenko Avropa Birliyi il\u0259 daha yax\u0131n m\u00fcnasib\u0259tl\u0259r qurmaq ist\u0259yir"},"content":{"rendered":"<p>\n  <i><br \/>\n    \u201cBelarus s\u00fclh v\u0259 t\u0259hl\u00fck\u0259sizlik i\u00e7ind\u0259 birisinin dinc\u0259l\u0259 bil\u0259c\u0259yi \u00f6lk\u0259dir\u201d<br \/>\n  <\/i>\n<\/p>\n<p>\n  Avstriyada s\u0259f\u0259rd\u0259 olan Belarus prezidenti Aleksandr Luka\u015fenko \u00f6lk\u0259d\u0259ki insan haqlar\u0131 v\u0259ziyy\u0259tin\u0259 toxunub, Avropa Birliyi il\u0259 daha yax\u0131n m\u00fcnasib\u0259tl\u0259r yaratmaqda maraql\u0131 oldu\u011funu vur\u011fulay\u0131b.\n<\/p>\n<p>\n  Noyabr\u0131n 12-d\u0259 Vyanada Avstriya prezidenti Aleksander Van der Bellen il\u0259 birg\u0259 m\u0259tbuat konfrans\u0131nda \u00e7\u0131x\u0131\u015f ed\u0259n Luka\u015fenko ilk d\u0259f\u0259dir ki, \u00fc\u00e7 ild\u0259n sonra bir Avropa Birliyi \u00f6lk\u0259sin\u0259 s\u0259f\u0259r edir. \u00dc\u00e7 il \u0259vv\u0259l Belarus prezidenti \u0130taliyaya s\u0259f\u0259r etmi\u015fdi.\n<\/p>\n<p>\n  Belarusu uzun ill\u0259rdir idar\u0259 ed\u0259n avtoritar prezidentin t\u0259nqid\u00e7il\u0259ri deyirl\u0259r ki, onun h\u00f6kum\u0259ti m\u00fcxalif v\u0259 m\u00fcst\u0259qil mediaya d\u00f6z\u00fcml\u00fc deyil.\n<\/p>\n<p>\n  Belarus \u00f6lk\u0259d\u0259ki z\u0259if insan haqlar\u0131 durumuna v\u0259 \u0259dal\u0259tli se\u00e7kil\u0259rin ke\u00e7irilm\u0259sin\u0259 qoyulan mane\u0259l\u0259r\u0259 g\u00f6r\u0259 AB\u015e-\u0131n v\u0259 Avropa \u0130ttifaq\u0131n\u0131n sanksiyalar\u0131n\u0131n h\u0259d\u0259fi olub. Ancaq bu yax\u0131nlarda h\u0259r iki t\u0259r\u0259f h\u0259m Belarusu, h\u0259m d\u0259 Q\u0259rb \u00f6lk\u0259d\u0259 Rusiyan\u0131n t\u0259sirini azaltmaq \u00fc\u00e7\u00fcn \u0259laq\u0259l\u0259rin geni\u015fl\u0259ndirilm\u0259sin\u0259 q\u0259rar verib.\n<\/p>\n<p>\n  Rusiya Belarusun \u0259n b\u00f6y\u00fck ticar\u0259t t\u0259r\u0259fda\u015f\u0131d\u0131r v\u0259 ki\u00e7ik qon\u015fusunun iqtisadiyyat\u0131n\u0131 ucuz enerji il\u0259 inki\u015faf etdirir.\n<\/p>\n<p>\n  M\u0259tbuat konfrans\u0131 zaman\u0131 Luka\u015fenko Avstriyan\u0131 Belarus \u00fc\u00e7\u00fcn m\u00fch\u00fcm siyasi v\u0259 i\u015f orta\u011f\u0131 olaraq xarakteriz\u0259 edib v\u0259 deyib ki, Vyana onun \u00f6lk\u0259si il\u0259 28 \u00fczvl\u00fc blok aras\u0131ndak\u0131 \u0259laq\u0259l\u0259rin normalla\u015fmas\u0131na k\u00f6m\u0259k ed\u0259 bil\u0259r.\n<\/p>\n<p>\n  Belarusdak\u0131 insan haqlar\u0131 il\u0259 \u0259laq\u0259dar suala cavab\u0131nda o deyib: \u201cBelarus s\u00fclh v\u0259 t\u0259hl\u00fck\u0259sizlik i\u00e7ind\u0259 birisinin dinc\u0259l\u0259 bil\u0259c\u0259yi \u00f6lk\u0259dir\u201d.\n<\/p>\n<p>\n  O, belaruslular\u0131n ya\u015famaq, \u00f6lk\u0259d\u0259 v\u0259 xaricd\u0259 i\u015fl\u0259m\u0259k v\u0259 pulsuz t\u0259hsil h\u00fcququndan istifad\u0259 etdiyini d\u0259 qeyd edib.\n<\/p>\n<p>\n  Ke\u00e7\u0259n il Belarusa s\u0259f\u0259r ed\u0259n Van der Bellen deyib ki, o, Minsk il\u0259 Avropa \u0130ttifaq\u0131 aras\u0131nda \u201cm\u00fc\u0259yy\u0259n yax\u0131nla\u015fma\u201d g\u00f6r\u00fcr, eyni zamanda o, Belarusda edam c\u0259zas\u0131na q\u0259ti \u015f\u0259kild\u0259 qar\u015f\u0131 oldu\u011funu bildirib.\n<\/p>\n<p>\n  Luka\u015fenko \u00f6l\u00fcm h\u00f6km\u00fcn\u00fcn 1996-c\u0131 il referendumunda t\u0259sdiql\u0259ndiyini deyib.\n<\/p>\n<p>\n  \u0130ll\u0259rdir Avropa \u0130ttifaq\u0131 Belarusu \u00f6l\u00fcm h\u00f6km\u00fcn\u0259 moratorium elan etm\u0259k \u00fc\u00e7\u00fcn dig\u0259r \u00f6lk\u0259l\u0259r\u0259 qo\u015fulma\u011fa \u00e7a\u011f\u0131r\u0131b.\n<\/p>\n<p>\n  H\u00fcquq t\u0259\u015fkilatlar\u0131n\u0131n m\u0259lumat\u0131na g\u00f6r\u0259, 1991-ci ild\u0259 Sovet \u0130ttifaq\u0131n\u0131n da\u011f\u0131lmas\u0131ndan sonra m\u00fcst\u0259qillik qazanm\u0131\u015f Belarusda o zamandan etibar\u0259n 400-\u0259 yax\u0131n insan edam c\u0259zas\u0131na m\u0259hkum edilib.<\/p>\n","protected":false},"excerpt":{"rendered":"<p>\u201cBelarus s\u00fclh v\u0259 t\u0259hl\u00fck\u0259sizlik i\u00e7ind\u0259 birisinin dinc\u0259l\u0259 bil\u0259c\u0259yi \u00f6lk\u0259dir\u201d<\/p>\n","protected":false},"author":11,"featured_media":133035,"comment_status":"closed","ping_status":"open","sticky":false,"template":"","format":"standard","meta":{"_acf_changed":false,"_sitemap_exclude":false,"_sitemap_priority":"","_sitemap_frequency":"","footnotes":""},"categories":[64],"tags":[],"class_list":["post-197924","post","type-post","status-publish","format-standard","has-post-thumbnail","hentry","category-dunya","infinite-scroll-item","generate-columns","tablet-grid-50","mobile-grid-100","grid-parent","grid-33","no-featured-image-padding"],"acf":[],"yoast_head":"<!-- This site is optimized with the Yoast SEO plugin v27.5 - https:\/\/yoast.com\/product\/yoast-seo-wordpress\/ -->\n<title>Luka\u015fenko Avropa Birliyi il\u0259 daha yax\u0131n m\u00fcnasib\u0259tl\u0259r qurmaq ist\u0259yir - MEYDAN.TV<\/title>\n<meta name=\"robots\" content=\"index, follow, max-snippet:-1, max-image-preview:large, max-video-preview:-1\" \/>\n<link rel=\"canonical\" href=\"https:\/\/www.meydan.tv\/az\/article\/lukasenko-avropa-birliyi-ile-daha-yaxin-munasibetler-qurmaq-isteyir\/\" \/>\n<meta property=\"og:locale\" content=\"az_AZ\" \/>\n<meta property=\"og:type\" content=\"article\" \/>\n<meta property=\"og:title\" content=\"Luka\u015fenko Avropa Birliyi il\u0259 daha yax\u0131n m\u00fcnasib\u0259tl\u0259r qurmaq ist\u0259yir - MEYDAN.TV\" \/>\n<meta property=\"og:description\" content=\"\u201cBelarus s\u00fclh v\u0259 t\u0259hl\u00fck\u0259sizlik i\u00e7ind\u0259 birisinin dinc\u0259l\u0259 bil\u0259c\u0259yi \u00f6lk\u0259dir\u201d\" \/>\n<meta property=\"og:url\" content=\"https:\/\/www.meydan.tv\/az\/article\/lukasenko-avropa-birliyi-ile-daha-yaxin-munasibetler-qurmaq-isteyir\/\" \/>\n<meta property=\"og:site_name\" content=\"MEYDAN.TV\" \/>\n<meta property=\"article:published_time\" content=\"2019-11-13T16:11:33+00:00\" \/>\n<meta property=\"og:image\" content=\"https:\/\/www.meydan.tv\/wp-content\/uploads\/f5860d881d674f969c095cc9bfc0ff1f.jpg\" \/>\n\t<meta property=\"og:image:width\" content=\"1360\" \/>\n\t<meta property=\"og:image:height\" content=\"765\" \/>\n\t<meta property=\"og:image:type\" content=\"image\/jpeg\" \/>\n<meta name=\"author\" content=\"user-manager\" \/>\n<meta name=\"twitter:card\" content=\"summary_large_image\" \/>\n<script type=\"application\/ld+json\" class=\"yoast-schema-graph\">{\"@context\":\"https:\\\/\\\/schema.org\",\"@graph\":[{\"@type\":\"Article\",\"@id\":\"https:\\\/\\\/www.meydan.tv\\\/az\\\/article\\\/lukasenko-avropa-birliyi-ile-daha-yaxin-munasibetler-qurmaq-isteyir\\\/#article\",\"isPartOf\":{\"@id\":\"https:\\\/\\\/www.meydan.tv\\\/az\\\/article\\\/lukasenko-avropa-birliyi-ile-daha-yaxin-munasibetler-qurmaq-isteyir\\\/\"},\"author\":{\"name\":\"user-manager\",\"@id\":\"https:\\\/\\\/www.meydan.tv\\\/az\\\/#\\\/schema\\\/person\\\/10d11eccf6da3662cf5fdab9806ea91a\"},\"headline\":\"Luka\u015fenko Avropa Birliyi il\u0259 daha yax\u0131n m\u00fcnasib\u0259tl\u0259r qurmaq ist\u0259yir\",\"datePublished\":\"2019-11-13T16:11:33+00:00\",\"mainEntityOfPage\":{\"@id\":\"https:\\\/\\\/www.meydan.tv\\\/az\\\/article\\\/lukasenko-avropa-birliyi-ile-daha-yaxin-munasibetler-qurmaq-isteyir\\\/\"},\"wordCount\":473,\"publisher\":{\"@id\":\"https:\\\/\\\/www.meydan.tv\\\/az\\\/#organization\"},\"image\":{\"@id\":\"https:\\\/\\\/www.meydan.tv\\\/az\\\/article\\\/lukasenko-avropa-birliyi-ile-daha-yaxin-munasibetler-qurmaq-isteyir\\\/#primaryimage\"},\"thumbnailUrl\":\"https:\\\/\\\/www.meydan.tv\\\/wp-content\\\/uploads\\\/f5860d881d674f969c095cc9bfc0ff1f.jpg\",\"articleSection\":[\"D\u00fcnya\"],\"inLanguage\":\"az\"},{\"@type\":\"WebPage\",\"@id\":\"https:\\\/\\\/www.meydan.tv\\\/az\\\/article\\\/lukasenko-avropa-birliyi-ile-daha-yaxin-munasibetler-qurmaq-isteyir\\\/\",\"url\":\"https:\\\/\\\/www.meydan.tv\\\/az\\\/article\\\/lukasenko-avropa-birliyi-ile-daha-yaxin-munasibetler-qurmaq-isteyir\\\/\",\"name\":\"Luka\u015fenko Avropa Birliyi il\u0259 daha yax\u0131n m\u00fcnasib\u0259tl\u0259r qurmaq ist\u0259yir - MEYDAN.TV\",\"isPartOf\":{\"@id\":\"https:\\\/\\\/www.meydan.tv\\\/az\\\/#website\"},\"primaryImageOfPage\":{\"@id\":\"https:\\\/\\\/www.meydan.tv\\\/az\\\/article\\\/lukasenko-avropa-birliyi-ile-daha-yaxin-munasibetler-qurmaq-isteyir\\\/#primaryimage\"},\"image\":{\"@id\":\"https:\\\/\\\/www.meydan.tv\\\/az\\\/article\\\/lukasenko-avropa-birliyi-ile-daha-yaxin-munasibetler-qurmaq-isteyir\\\/#primaryimage\"},\"thumbnailUrl\":\"https:\\\/\\\/www.meydan.tv\\\/wp-content\\\/uploads\\\/f5860d881d674f969c095cc9bfc0ff1f.jpg\",\"datePublished\":\"2019-11-13T16:11:33+00:00\",\"breadcrumb\":{\"@id\":\"https:\\\/\\\/www.meydan.tv\\\/az\\\/article\\\/lukasenko-avropa-birliyi-ile-daha-yaxin-munasibetler-qurmaq-isteyir\\\/#breadcrumb\"},\"inLanguage\":\"az\",\"potentialAction\":[{\"@type\":\"ReadAction\",\"target\":[\"https:\\\/\\\/www.meydan.tv\\\/az\\\/article\\\/lukasenko-avropa-birliyi-ile-daha-yaxin-munasibetler-qurmaq-isteyir\\\/\"]}]},{\"@type\":\"ImageObject\",\"inLanguage\":\"az\",\"@id\":\"https:\\\/\\\/www.meydan.tv\\\/az\\\/article\\\/lukasenko-avropa-birliyi-ile-daha-yaxin-munasibetler-qurmaq-isteyir\\\/#primaryimage\",\"url\":\"https:\\\/\\\/www.meydan.tv\\\/wp-content\\\/uploads\\\/f5860d881d674f969c095cc9bfc0ff1f.jpg\",\"contentUrl\":\"https:\\\/\\\/www.meydan.tv\\\/wp-content\\\/uploads\\\/f5860d881d674f969c095cc9bfc0ff1f.jpg\",\"width\":1360,\"height\":765,\"caption\":\"Source: Meydan TV\"},{\"@type\":\"BreadcrumbList\",\"@id\":\"https:\\\/\\\/www.meydan.tv\\\/az\\\/article\\\/lukasenko-avropa-birliyi-ile-daha-yaxin-munasibetler-qurmaq-isteyir\\\/#breadcrumb\",\"itemListElement\":[{\"@type\":\"ListItem\",\"position\":1,\"name\":\"Ana s\u0259hif\u0259\",\"item\":\"https:\\\/\\\/www.meydan.tv\\\/az\\\/\"},{\"@type\":\"ListItem\",\"position\":2,\"name\":\"D\u00fcnya\",\"item\":\"https:\\\/\\\/www.meydan.tv\\\/az\\\/section\\\/dunya\\\/\"},{\"@type\":\"ListItem\",\"position\":3,\"name\":\"Luka\u015fenko Avropa Birliyi il\u0259 daha yax\u0131n m\u00fcnasib\u0259tl\u0259r qurmaq ist\u0259yir\"}]},{\"@type\":\"WebSite\",\"@id\":\"https:\\\/\\\/www.meydan.tv\\\/az\\\/#website\",\"url\":\"https:\\\/\\\/www.meydan.tv\\\/az\\\/\",\"name\":\"MEYDAN.TV\",\"description\":\"Meydan TV Az\u0259rbaycan\u0131n media m\u0259kan\u0131ndak\u0131 alternativ s\u0259sidir\",\"publisher\":{\"@id\":\"https:\\\/\\\/www.meydan.tv\\\/az\\\/#organization\"},\"potentialAction\":[{\"@type\":\"SearchAction\",\"target\":{\"@type\":\"EntryPoint\",\"urlTemplate\":\"https:\\\/\\\/www.meydan.tv\\\/az\\\/?s={search_term_string}\"},\"query-input\":{\"@type\":\"PropertyValueSpecification\",\"valueRequired\":true,\"valueName\":\"search_term_string\"}}],\"inLanguage\":\"az\"},{\"@type\":\"Organization\",\"@id\":\"https:\\\/\\\/www.meydan.tv\\\/az\\\/#organization\",\"name\":\"Meydan TV\",\"url\":\"https:\\\/\\\/www.meydan.tv\\\/az\\\/\",\"logo\":{\"@type\":\"ImageObject\",\"inLanguage\":\"az\",\"@id\":\"https:\\\/\\\/www.meydan.tv\\\/az\\\/#\\\/schema\\\/logo\\\/image\\\/\",\"url\":\"https:\\\/\\\/www.meydan.tv\\\/wp-content\\\/uploads\\\/2021\\\/07\\\/meydan-logo.svg\",\"contentUrl\":\"https:\\\/\\\/www.meydan.tv\\\/wp-content\\\/uploads\\\/2021\\\/07\\\/meydan-logo.svg\",\"width\":195,\"height\":46,\"caption\":\"Meydan TV\"},\"image\":{\"@id\":\"https:\\\/\\\/www.meydan.tv\\\/az\\\/#\\\/schema\\\/logo\\\/image\\\/\"}},{\"@type\":\"Person\",\"@id\":\"https:\\\/\\\/www.meydan.tv\\\/az\\\/#\\\/schema\\\/person\\\/10d11eccf6da3662cf5fdab9806ea91a\",\"name\":\"user-manager\"}]}<\/script>\n<!-- \/ Yoast SEO plugin. -->","yoast_head_json":{"title":"Luka\u015fenko Avropa Birliyi il\u0259 daha yax\u0131n m\u00fcnasib\u0259tl\u0259r qurmaq ist\u0259yir - MEYDAN.TV","robots":{"index":"index","follow":"follow","max-snippet":"max-snippet:-1","max-image-preview":"max-image-preview:large","max-video-preview":"max-video-preview:-1"},"canonical":"https:\/\/www.meydan.tv\/az\/article\/lukasenko-avropa-birliyi-ile-daha-yaxin-munasibetler-qurmaq-isteyir\/","og_locale":"az_AZ","og_type":"article","og_title":"Luka\u015fenko Avropa Birliyi il\u0259 daha yax\u0131n m\u00fcnasib\u0259tl\u0259r qurmaq ist\u0259yir - MEYDAN.TV","og_description":"\u201cBelarus s\u00fclh v\u0259 t\u0259hl\u00fck\u0259sizlik i\u00e7ind\u0259 birisinin dinc\u0259l\u0259 bil\u0259c\u0259yi \u00f6lk\u0259dir\u201d","og_url":"https:\/\/www.meydan.tv\/az\/article\/lukasenko-avropa-birliyi-ile-daha-yaxin-munasibetler-qurmaq-isteyir\/","og_site_name":"MEYDAN.TV","article_published_time":"2019-11-13T16:11:33+00:00","og_image":[{"width":1360,"height":765,"url":"https:\/\/www.meydan.tv\/wp-content\/uploads\/f5860d881d674f969c095cc9bfc0ff1f.jpg","type":"image\/jpeg"}],"author":"user-manager","twitter_card":"summary_large_image","schema":{"@context":"https:\/\/schema.org","@graph":[{"@type":"Article","@id":"https:\/\/www.meydan.tv\/az\/article\/lukasenko-avropa-birliyi-ile-daha-yaxin-munasibetler-qurmaq-isteyir\/#article","isPartOf":{"@id":"https:\/\/www.meydan.tv\/az\/article\/lukasenko-avropa-birliyi-ile-daha-yaxin-munasibetler-qurmaq-isteyir\/"},"author":{"name":"user-manager","@id":"https:\/\/www.meydan.tv\/az\/#\/schema\/person\/10d11eccf6da3662cf5fdab9806ea91a"},"headline":"Luka\u015fenko Avropa Birliyi il\u0259 daha yax\u0131n m\u00fcnasib\u0259tl\u0259r qurmaq ist\u0259yir","datePublished":"2019-11-13T16:11:33+00:00","mainEntityOfPage":{"@id":"https:\/\/www.meydan.tv\/az\/article\/lukasenko-avropa-birliyi-ile-daha-yaxin-munasibetler-qurmaq-isteyir\/"},"wordCount":473,"publisher":{"@id":"https:\/\/www.meydan.tv\/az\/#organization"},"image":{"@id":"https:\/\/www.meydan.tv\/az\/article\/lukasenko-avropa-birliyi-ile-daha-yaxin-munasibetler-qurmaq-isteyir\/#primaryimage"},"thumbnailUrl":"https:\/\/www.meydan.tv\/wp-content\/uploads\/f5860d881d674f969c095cc9bfc0ff1f.jpg","articleSection":["D\u00fcnya"],"inLanguage":"az"},{"@type":"WebPage","@id":"https:\/\/www.meydan.tv\/az\/article\/lukasenko-avropa-birliyi-ile-daha-yaxin-munasibetler-qurmaq-isteyir\/","url":"https:\/\/www.meydan.tv\/az\/article\/lukasenko-avropa-birliyi-ile-daha-yaxin-munasibetler-qurmaq-isteyir\/","name":"Luka\u015fenko Avropa Birliyi il\u0259 daha yax\u0131n m\u00fcnasib\u0259tl\u0259r qurmaq ist\u0259yir - MEYDAN.TV","isPartOf":{"@id":"https:\/\/www.meydan.tv\/az\/#website"},"primaryImageOfPage":{"@id":"https:\/\/www.meydan.tv\/az\/article\/lukasenko-avropa-birliyi-ile-daha-yaxin-munasibetler-qurmaq-isteyir\/#primaryimage"},"image":{"@id":"https:\/\/www.meydan.tv\/az\/article\/lukasenko-avropa-birliyi-ile-daha-yaxin-munasibetler-qurmaq-isteyir\/#primaryimage"},"thumbnailUrl":"https:\/\/www.meydan.tv\/wp-content\/uploads\/f5860d881d674f969c095cc9bfc0ff1f.jpg","datePublished":"2019-11-13T16:11:33+00:00","breadcrumb":{"@id":"https:\/\/www.meydan.tv\/az\/article\/lukasenko-avropa-birliyi-ile-daha-yaxin-munasibetler-qurmaq-isteyir\/#breadcrumb"},"inLanguage":"az","potentialAction":[{"@type":"ReadAction","target":["https:\/\/www.meydan.tv\/az\/article\/lukasenko-avropa-birliyi-ile-daha-yaxin-munasibetler-qurmaq-isteyir\/"]}]},{"@type":"ImageObject","inLanguage":"az","@id":"https:\/\/www.meydan.tv\/az\/article\/lukasenko-avropa-birliyi-ile-daha-yaxin-munasibetler-qurmaq-isteyir\/#primaryimage","url":"https:\/\/www.meydan.tv\/wp-content\/uploads\/f5860d881d674f969c095cc9bfc0ff1f.jpg","contentUrl":"https:\/\/www.meydan.tv\/wp-content\/uploads\/f5860d881d674f969c095cc9bfc0ff1f.jpg","width":1360,"height":765,"caption":"Source: Meydan TV"},{"@type":"BreadcrumbList","@id":"https:\/\/www.meydan.tv\/az\/article\/lukasenko-avropa-birliyi-ile-daha-yaxin-munasibetler-qurmaq-isteyir\/#breadcrumb","itemListElement":[{"@type":"ListItem","position":1,"name":"Ana s\u0259hif\u0259","item":"https:\/\/www.meydan.tv\/az\/"},{"@type":"ListItem","position":2,"name":"D\u00fcnya","item":"https:\/\/www.meydan.tv\/az\/section\/dunya\/"},{"@type":"ListItem","position":3,"name":"Luka\u015fenko Avropa Birliyi il\u0259 daha yax\u0131n m\u00fcnasib\u0259tl\u0259r qurmaq ist\u0259yir"}]},{"@type":"WebSite","@id":"https:\/\/www.meydan.tv\/az\/#website","url":"https:\/\/www.meydan.tv\/az\/","name":"MEYDAN.TV","description":"Meydan TV Az\u0259rbaycan\u0131n media m\u0259kan\u0131ndak\u0131 alternativ s\u0259sidir","publisher":{"@id":"https:\/\/www.meydan.tv\/az\/#organization"},"potentialAction":[{"@type":"SearchAction","target":{"@type":"EntryPoint","urlTemplate":"https:\/\/www.meydan.tv\/az\/?s={search_term_string}"},"query-input":{"@type":"PropertyValueSpecification","valueRequired":true,"valueName":"search_term_string"}}],"inLanguage":"az"},{"@type":"Organization","@id":"https:\/\/www.meydan.tv\/az\/#organization","name":"Meydan TV","url":"https:\/\/www.meydan.tv\/az\/","logo":{"@type":"ImageObject","inLanguage":"az","@id":"https:\/\/www.meydan.tv\/az\/#\/schema\/logo\/image\/","url":"https:\/\/www.meydan.tv\/wp-content\/uploads\/2021\/07\/meydan-logo.svg","contentUrl":"https:\/\/www.meydan.tv\/wp-content\/uploads\/2021\/07\/meydan-logo.svg","width":195,"height":46,"caption":"Meydan TV"},"image":{"@id":"https:\/\/www.meydan.tv\/az\/#\/schema\/logo\/image\/"}},{"@type":"Person","@id":"https:\/\/www.meydan.tv\/az\/#\/schema\/person\/10d11eccf6da3662cf5fdab9806ea91a","name":"user-manager"}]}},"_links":{"self":[{"href":"https:\/\/www.meydan.tv\/az\/wp-json\/wp\/v2\/posts\/197924","targetHints":{"allow":["GET"]}}],"collection":[{"href":"https:\/\/www.meydan.tv\/az\/wp-json\/wp\/v2\/posts"}],"about":[{"href":"https:\/\/www.meydan.tv\/az\/wp-json\/wp\/v2\/types\/post"}],"author":[{"embeddable":true,"href":"https:\/\/www.meydan.tv\/az\/wp-json\/wp\/v2\/users\/11"}],"replies":[{"embeddable":true,"href":"https:\/\/www.meydan.tv\/az\/wp-json\/wp\/v2\/comments?post=197924"}],"version-history":[{"count":0,"href":"https:\/\/www.meydan.tv\/az\/wp-json\/wp\/v2\/posts\/197924\/revisions"}],"wp:featuredmedia":[{"embeddable":true,"href":"https:\/\/www.meydan.tv\/az\/wp-json\/wp\/v2\/media\/133035"}],"wp:attachment":[{"href":"https:\/\/www.meydan.tv\/az\/wp-json\/wp\/v2\/media?parent=197924"}],"wp:term":[{"taxonomy":"category","embeddable":true,"href":"https:\/\/www.meydan.tv\/az\/wp-json\/wp\/v2\/categories?post=197924"},{"taxonomy":"post_tag","embeddable":true,"href":"https:\/\/www.meydan.tv\/az\/wp-json\/wp\/v2\/tags?post=197924"}],"curies":[{"name":"wp","href":"https:\/\/api.w.org\/{rel}","templated":true}]}}