{"id":197922,"date":"2019-11-13T15:23:36","date_gmt":"2019-11-13T15:23:36","guid":{"rendered":"https:\/\/www.meydan.tv\/article\/israilin-hava-hucumu-neticesinde-9-mulki-qezzali-olub\/"},"modified":"2019-11-13T15:23:36","modified_gmt":"2019-11-13T15:23:36","slug":"israilin-hava-hucumu-neticesinde-9-mulki-qezzali-olub","status":"publish","type":"post","link":"https:\/\/www.meydan.tv\/az\/article\/israilin-hava-hucumu-neticesinde-9-mulki-qezzali-olub\/","title":{"rendered":"\u0130srailin hava h\u00fccumu n\u0259tic\u0259sind\u0259 9 m\u00fclki q\u0259zzal\u0131 \u00f6l\u00fcb"},"content":{"rendered":"<p>\n  <i><br \/>\n    Qar\u015f\u0131durman\u0131n ba\u015flad\u0131\u011f\u0131 son 2 g\u00fcnd\u0259 \u00f6l\u0259nl\u0259rin say\u0131 19 olub<br \/>\n  <\/i>\n<\/p>\n<p>\n  \u0130srailin hava h\u00fccumlar\u0131 n\u0259tic\u0259sind\u0259 \u00e7\u0259r\u015f\u0259nb\u0259 g\u00fcn\u00fc Q\u0259zzada doqquz f\u0259l\u0259stinli q\u0259tl\u0259 yetirilib,- \u201cReuters\u201d x\u0259b\u0259r verir. Tibb i\u015f\u00e7il\u0259ri deyib ki, \u0130srailin \u0130slam\u00e7\u0131 Cihad komandirini \u00f6ld\u00fcrm\u0259k \u00fc\u00e7\u00fcn ba\u015flatd\u0131\u011f\u0131 h\u00fccumdan bu yana iki g\u00fcnd\u00fcr davam ed\u0259n qar\u015f\u0131durmada 19 f\u0259l\u0259stinli h\u0259lak olub.\n<\/p>\n<p>\n  S\u0259h\u0259r tezd\u0259n Q\u0259zza silahl\u0131lar\u0131 \u0130srail\u0259 raket at\u0131b v\u0259 \u0130srail h\u0259rbi q\u00fcvv\u0259l\u0259ri d\u0259 havadan at\u0259\u015f edib.\n<\/p>\n<p>\n  Q\u0259zza \u015f\u0259h\u0259rind\u0259 \u00f6ld\u00fcr\u00fcl\u0259n alt\u0131 n\u0259f\u0259rin c\u0259s\u0259dl\u0259ri taksil\u0259rd\u0259 v\u0259 t\u0259cili yard\u0131m ma\u015f\u0131nlar\u0131nda Shifa x\u0259st\u0259xanas\u0131na g\u0259tirilib. Tibb i\u015f\u00e7il\u0259ri v\u0259 \u015fahidl\u0259r \u00f6ld\u00fcr\u00fcl\u0259nl\u0259rin \u0259halinin s\u0131x oldu\u011fu m\u0259h\u0259ll\u0259l\u0259rd\u0259 ya\u015fayan m\u00fclki v\u0259t\u0259nda\u015flar oldu\u011funu deyir.\n<\/p>\n<p>\n  \u00d6ld\u00fcr\u00fcl\u0259nl\u0259rin ail\u0259 \u00fczvl\u0259ri bildiribl\u0259r ki, ata v\u0259 o\u011flu \u00f6ld\u00fcr\u00fcl\u0259rk\u0259n dig\u0259r o\u011ful da a\u011f\u0131r yaralanaraq x\u0259st\u0259xanaya yerl\u0259\u015fdirilib.\n<\/p>\n<p>\n  \u201cOnlar ba\u015flatd\u0131lar bunu, biz m\u00fcharib\u0259 ist\u0259m\u0259dik\u201d, &#8211; \u00f6ld\u00fcr\u00fcl\u0259nl\u0259rd\u0259n birinin qohumu deyib.\n<\/p>\n<p>\n  \u0130srail ordusu \u00e7\u0259r\u015f\u0259nb\u0259 g\u00fcn\u00fc Q\u0259zza zola\u011f\u0131nda \u0130slam\u00e7\u0131 Cihad h\u0259d\u0259fl\u0259rin\u0259 h\u00fccumu b\u0259rpa etdiyini bildirib. Hava z\u0259rb\u0259l\u0259ri \u0259n az\u0131 \u00fc\u00e7 raket atma qrupu t\u0259r\u0259find\u0259n h\u0259yata ke\u00e7irilib, &#8211; h\u0259rbi s\u00f6zc\u00fc deyib.\n<\/p>\n<p>\n  \u0130slam\u00e7\u0131 Cihad s\u0259h\u0259r saatlar\u0131nda Q\u0259zza \u015f\u0259h\u0259rinin c\u0259nubundak\u0131 ayr\u0131-ayr\u0131 h\u00fccumlarda iki h\u0259rb\u00e7isinin \u00f6ld\u00fcr\u00fcld\u00fcy\u00fcn\u00fc t\u0259sdiql\u0259yib. Tibb i\u015f\u00e7il\u0259ri daha sonra ba\u015fqa bir adam\u0131n motosikletd\u0259 hava z\u0259rb\u0259si n\u0259tic\u0259sind\u0259 \u00f6ld\u00fcr\u00fcld\u00fcy\u00fcn\u00fc deyib.\n<\/p>\n<p>\n  Aylard\u0131r davam ed\u0259n sava\u015f\u0131n \u0259n a\u011f\u0131r qar\u015f\u0131durmas\u0131 \u00e7\u0259r\u015f\u0259nb\u0259 ax\u015fam\u0131 \u0130srailin \u0130rana d\u0259st\u0259k ver\u0259n \u0130slam\u00e7\u0131 Cihad silahl\u0131 qrupla\u015fmas\u0131n\u0131n y\u00fcks\u0259k r\u00fctb\u0259li komandiri \u018fbu \u018fl-Attan\u0131 \u00f6ld\u00fcrd\u00fckd\u0259n sonra ba\u015flay\u0131b.\n<\/p>\n<p>\n  Atta v\u0259 h\u0259yat yolda\u015f\u0131n\u0131n \u00f6ld\u00fcr\u00fclm\u0259sin\u0259 cavab olaraq \u0130slam\u00e7\u0131 Cihad \u00e7\u0259r\u015f\u0259nb\u0259 ax\u015fam\u0131 \u0130srail\u0259 200 raket at\u0131b.\n<\/p>\n<p>\n  Diplomatlar\u0131n sakitliyi b\u0259rpa etm\u0259k c\u0259hdl\u0259rin\u0259 baxmayaraq, \u0130slam\u00e7\u0131 Cihad r\u0259smisi \u201cReuters\u201d-\u0259 verdiyi a\u00e7\u0131qlamada qeyd edib ki, qrup vasit\u0259\u00e7il\u0259r\u0259 qisas h\u00fccumlar\u0131n\u0131 davam etdirm\u0259k niyy\u0259tind\u0259dir.\n<\/p>\n<p>\n  \u201cS\u00fclh\u00fc b\u0259rpa etm\u0259k c\u0259hdl\u0259ri n\u0259tic\u0259 verm\u0259di. \u0130slam\u00e7\u0131 Cihad sionist d\u00fc\u015fm\u0259nin sui-q\u0259sd siyas\u0259tin\u0259 cavab verm\u0259yin vaxt\u0131 \u00e7atd\u0131\u011f\u0131n\u0131 g\u00f6rd\u00fc\u201c,- ad\u0131n\u0131n a\u00e7\u0131qlanmas\u0131n\u0131 ist\u0259m\u0259y\u0259n r\u0259smi bildirib.\n<\/p>\n<p>\n  \u201cD\u00fc\u015fm\u0259n \u00f6z a\u011f\u0131ls\u0131zl\u0131\u011f\u0131n\u0131n c\u0259zas\u0131n\u0131 \u00f6d\u0259y\u0259c\u0259k v\u0259 biz bu t\u0259cav\u00fcz\u0259 b\u00fct\u00fcn g\u00fcc\u00fcm\u00fczl\u0259 qar\u015f\u0131 \u00e7\u0131xaca\u011f\u0131q\u201d.\n<\/p>\n<p>\n  Q\u0259zzaya n\u0259zar\u0259t ed\u0259n daha b\u00f6y\u00fck \u0130slam\u00e7\u0131 qrup olan H\u018fMAS-\u0131n qar\u015f\u0131durmaya daxil olmas\u0131na dair h\u0259l\u0259lik bir i\u015far\u0259 yoxdur. H\u0259mas v\u0259 \u0130srail 2008-2014-c\u00fc ill\u0259r aras\u0131nda ba\u015f vermi\u015f \u00fc\u00e7 m\u00fcharib\u0259d\u0259n sonra son be\u015f ild\u0259 \u0259vv\u0259lki intensivl\u0259\u015fm\u0259ni l\u0259\u011fv etm\u0259yi v\u0259 geni\u015fmiqyasl\u0131 qar\u015f\u0131durman\u0131n ba\u015f verm\u0259sinin qar\u015f\u0131s\u0131n\u0131 alma\u011f\u0131 bacar\u0131blar.<\/p>\n","protected":false},"excerpt":{"rendered":"<p>Qar\u015f\u0131durman\u0131n ba\u015flad\u0131\u011f\u0131 son 2 g\u00fcnd\u0259 \u00f6l\u0259nl\u0259rin say\u0131 19 olub<\/p>\n","protected":false},"author":11,"featured_media":133026,"comment_status":"closed","ping_status":"open","sticky":false,"template":"","format":"standard","meta":{"_acf_changed":false,"_sitemap_exclude":false,"_sitemap_priority":"","_sitemap_frequency":"","footnotes":""},"categories":[64],"tags":[],"class_list":["post-197922","post","type-post","status-publish","format-standard","has-post-thumbnail","hentry","category-dunya","infinite-scroll-item","generate-columns","tablet-grid-50","mobile-grid-100","grid-parent","grid-33","no-featured-image-padding"],"acf":[],"yoast_head":"<!-- This site is optimized with the Yoast SEO plugin v27.5 - https:\/\/yoast.com\/product\/yoast-seo-wordpress\/ -->\n<title>\u0130srailin hava h\u00fccumu n\u0259tic\u0259sind\u0259 9 m\u00fclki q\u0259zzal\u0131 \u00f6l\u00fcb - MEYDAN.TV<\/title>\n<meta name=\"robots\" content=\"index, follow, max-snippet:-1, max-image-preview:large, max-video-preview:-1\" \/>\n<link rel=\"canonical\" href=\"https:\/\/www.meydan.tv\/az\/article\/israilin-hava-hucumu-neticesinde-9-mulki-qezzali-olub\/\" \/>\n<meta property=\"og:locale\" content=\"az_AZ\" \/>\n<meta property=\"og:type\" content=\"article\" \/>\n<meta property=\"og:title\" content=\"\u0130srailin hava h\u00fccumu n\u0259tic\u0259sind\u0259 9 m\u00fclki q\u0259zzal\u0131 \u00f6l\u00fcb - MEYDAN.TV\" \/>\n<meta property=\"og:description\" content=\"Qar\u015f\u0131durman\u0131n ba\u015flad\u0131\u011f\u0131 son 2 g\u00fcnd\u0259 \u00f6l\u0259nl\u0259rin say\u0131 19 olub\" \/>\n<meta property=\"og:url\" content=\"https:\/\/www.meydan.tv\/az\/article\/israilin-hava-hucumu-neticesinde-9-mulki-qezzali-olub\/\" \/>\n<meta property=\"og:site_name\" content=\"MEYDAN.TV\" \/>\n<meta property=\"article:published_time\" content=\"2019-11-13T15:23:36+00:00\" \/>\n<meta property=\"og:image\" content=\"https:\/\/www.meydan.tv\/wp-content\/uploads\/ap19316327689790.jpg\" \/>\n\t<meta property=\"og:image:width\" content=\"2560\" \/>\n\t<meta property=\"og:image:height\" content=\"1440\" \/>\n\t<meta property=\"og:image:type\" content=\"image\/jpeg\" \/>\n<meta name=\"author\" content=\"user-manager\" \/>\n<meta name=\"twitter:card\" content=\"summary_large_image\" \/>\n<script type=\"application\/ld+json\" class=\"yoast-schema-graph\">{\"@context\":\"https:\\\/\\\/schema.org\",\"@graph\":[{\"@type\":\"Article\",\"@id\":\"https:\\\/\\\/www.meydan.tv\\\/az\\\/article\\\/israilin-hava-hucumu-neticesinde-9-mulki-qezzali-olub\\\/#article\",\"isPartOf\":{\"@id\":\"https:\\\/\\\/www.meydan.tv\\\/az\\\/article\\\/israilin-hava-hucumu-neticesinde-9-mulki-qezzali-olub\\\/\"},\"author\":{\"name\":\"user-manager\",\"@id\":\"https:\\\/\\\/www.meydan.tv\\\/az\\\/#\\\/schema\\\/person\\\/10d11eccf6da3662cf5fdab9806ea91a\"},\"headline\":\"\u0130srailin hava h\u00fccumu n\u0259tic\u0259sind\u0259 9 m\u00fclki q\u0259zzal\u0131 \u00f6l\u00fcb\",\"datePublished\":\"2019-11-13T15:23:36+00:00\",\"mainEntityOfPage\":{\"@id\":\"https:\\\/\\\/www.meydan.tv\\\/az\\\/article\\\/israilin-hava-hucumu-neticesinde-9-mulki-qezzali-olub\\\/\"},\"wordCount\":590,\"publisher\":{\"@id\":\"https:\\\/\\\/www.meydan.tv\\\/az\\\/#organization\"},\"image\":{\"@id\":\"https:\\\/\\\/www.meydan.tv\\\/az\\\/article\\\/israilin-hava-hucumu-neticesinde-9-mulki-qezzali-olub\\\/#primaryimage\"},\"thumbnailUrl\":\"https:\\\/\\\/www.meydan.tv\\\/wp-content\\\/uploads\\\/ap19316327689790.jpg\",\"articleSection\":[\"D\u00fcnya\"],\"inLanguage\":\"az\"},{\"@type\":\"WebPage\",\"@id\":\"https:\\\/\\\/www.meydan.tv\\\/az\\\/article\\\/israilin-hava-hucumu-neticesinde-9-mulki-qezzali-olub\\\/\",\"url\":\"https:\\\/\\\/www.meydan.tv\\\/az\\\/article\\\/israilin-hava-hucumu-neticesinde-9-mulki-qezzali-olub\\\/\",\"name\":\"\u0130srailin hava h\u00fccumu n\u0259tic\u0259sind\u0259 9 m\u00fclki q\u0259zzal\u0131 \u00f6l\u00fcb - MEYDAN.TV\",\"isPartOf\":{\"@id\":\"https:\\\/\\\/www.meydan.tv\\\/az\\\/#website\"},\"primaryImageOfPage\":{\"@id\":\"https:\\\/\\\/www.meydan.tv\\\/az\\\/article\\\/israilin-hava-hucumu-neticesinde-9-mulki-qezzali-olub\\\/#primaryimage\"},\"image\":{\"@id\":\"https:\\\/\\\/www.meydan.tv\\\/az\\\/article\\\/israilin-hava-hucumu-neticesinde-9-mulki-qezzali-olub\\\/#primaryimage\"},\"thumbnailUrl\":\"https:\\\/\\\/www.meydan.tv\\\/wp-content\\\/uploads\\\/ap19316327689790.jpg\",\"datePublished\":\"2019-11-13T15:23:36+00:00\",\"breadcrumb\":{\"@id\":\"https:\\\/\\\/www.meydan.tv\\\/az\\\/article\\\/israilin-hava-hucumu-neticesinde-9-mulki-qezzali-olub\\\/#breadcrumb\"},\"inLanguage\":\"az\",\"potentialAction\":[{\"@type\":\"ReadAction\",\"target\":[\"https:\\\/\\\/www.meydan.tv\\\/az\\\/article\\\/israilin-hava-hucumu-neticesinde-9-mulki-qezzali-olub\\\/\"]}]},{\"@type\":\"ImageObject\",\"inLanguage\":\"az\",\"@id\":\"https:\\\/\\\/www.meydan.tv\\\/az\\\/article\\\/israilin-hava-hucumu-neticesinde-9-mulki-qezzali-olub\\\/#primaryimage\",\"url\":\"https:\\\/\\\/www.meydan.tv\\\/wp-content\\\/uploads\\\/ap19316327689790.jpg\",\"contentUrl\":\"https:\\\/\\\/www.meydan.tv\\\/wp-content\\\/uploads\\\/ap19316327689790.jpg\",\"width\":2560,\"height\":1440,\"caption\":\"Source: google\"},{\"@type\":\"BreadcrumbList\",\"@id\":\"https:\\\/\\\/www.meydan.tv\\\/az\\\/article\\\/israilin-hava-hucumu-neticesinde-9-mulki-qezzali-olub\\\/#breadcrumb\",\"itemListElement\":[{\"@type\":\"ListItem\",\"position\":1,\"name\":\"Ana s\u0259hif\u0259\",\"item\":\"https:\\\/\\\/www.meydan.tv\\\/az\\\/\"},{\"@type\":\"ListItem\",\"position\":2,\"name\":\"D\u00fcnya\",\"item\":\"https:\\\/\\\/www.meydan.tv\\\/az\\\/section\\\/dunya\\\/\"},{\"@type\":\"ListItem\",\"position\":3,\"name\":\"\u0130srailin hava h\u00fccumu n\u0259tic\u0259sind\u0259 9 m\u00fclki q\u0259zzal\u0131 \u00f6l\u00fcb\"}]},{\"@type\":\"WebSite\",\"@id\":\"https:\\\/\\\/www.meydan.tv\\\/az\\\/#website\",\"url\":\"https:\\\/\\\/www.meydan.tv\\\/az\\\/\",\"name\":\"MEYDAN.TV\",\"description\":\"Meydan TV Az\u0259rbaycan\u0131n media m\u0259kan\u0131ndak\u0131 alternativ s\u0259sidir\",\"publisher\":{\"@id\":\"https:\\\/\\\/www.meydan.tv\\\/az\\\/#organization\"},\"potentialAction\":[{\"@type\":\"SearchAction\",\"target\":{\"@type\":\"EntryPoint\",\"urlTemplate\":\"https:\\\/\\\/www.meydan.tv\\\/az\\\/?s={search_term_string}\"},\"query-input\":{\"@type\":\"PropertyValueSpecification\",\"valueRequired\":true,\"valueName\":\"search_term_string\"}}],\"inLanguage\":\"az\"},{\"@type\":\"Organization\",\"@id\":\"https:\\\/\\\/www.meydan.tv\\\/az\\\/#organization\",\"name\":\"Meydan TV\",\"url\":\"https:\\\/\\\/www.meydan.tv\\\/az\\\/\",\"logo\":{\"@type\":\"ImageObject\",\"inLanguage\":\"az\",\"@id\":\"https:\\\/\\\/www.meydan.tv\\\/az\\\/#\\\/schema\\\/logo\\\/image\\\/\",\"url\":\"https:\\\/\\\/www.meydan.tv\\\/wp-content\\\/uploads\\\/2021\\\/07\\\/meydan-logo.svg\",\"contentUrl\":\"https:\\\/\\\/www.meydan.tv\\\/wp-content\\\/uploads\\\/2021\\\/07\\\/meydan-logo.svg\",\"width\":195,\"height\":46,\"caption\":\"Meydan TV\"},\"image\":{\"@id\":\"https:\\\/\\\/www.meydan.tv\\\/az\\\/#\\\/schema\\\/logo\\\/image\\\/\"}},{\"@type\":\"Person\",\"@id\":\"https:\\\/\\\/www.meydan.tv\\\/az\\\/#\\\/schema\\\/person\\\/10d11eccf6da3662cf5fdab9806ea91a\",\"name\":\"user-manager\"}]}<\/script>\n<!-- \/ Yoast SEO plugin. -->","yoast_head_json":{"title":"\u0130srailin hava h\u00fccumu n\u0259tic\u0259sind\u0259 9 m\u00fclki q\u0259zzal\u0131 \u00f6l\u00fcb - MEYDAN.TV","robots":{"index":"index","follow":"follow","max-snippet":"max-snippet:-1","max-image-preview":"max-image-preview:large","max-video-preview":"max-video-preview:-1"},"canonical":"https:\/\/www.meydan.tv\/az\/article\/israilin-hava-hucumu-neticesinde-9-mulki-qezzali-olub\/","og_locale":"az_AZ","og_type":"article","og_title":"\u0130srailin hava h\u00fccumu n\u0259tic\u0259sind\u0259 9 m\u00fclki q\u0259zzal\u0131 \u00f6l\u00fcb - MEYDAN.TV","og_description":"Qar\u015f\u0131durman\u0131n ba\u015flad\u0131\u011f\u0131 son 2 g\u00fcnd\u0259 \u00f6l\u0259nl\u0259rin say\u0131 19 olub","og_url":"https:\/\/www.meydan.tv\/az\/article\/israilin-hava-hucumu-neticesinde-9-mulki-qezzali-olub\/","og_site_name":"MEYDAN.TV","article_published_time":"2019-11-13T15:23:36+00:00","og_image":[{"width":2560,"height":1440,"url":"https:\/\/www.meydan.tv\/wp-content\/uploads\/ap19316327689790.jpg","type":"image\/jpeg"}],"author":"user-manager","twitter_card":"summary_large_image","schema":{"@context":"https:\/\/schema.org","@graph":[{"@type":"Article","@id":"https:\/\/www.meydan.tv\/az\/article\/israilin-hava-hucumu-neticesinde-9-mulki-qezzali-olub\/#article","isPartOf":{"@id":"https:\/\/www.meydan.tv\/az\/article\/israilin-hava-hucumu-neticesinde-9-mulki-qezzali-olub\/"},"author":{"name":"user-manager","@id":"https:\/\/www.meydan.tv\/az\/#\/schema\/person\/10d11eccf6da3662cf5fdab9806ea91a"},"headline":"\u0130srailin hava h\u00fccumu n\u0259tic\u0259sind\u0259 9 m\u00fclki q\u0259zzal\u0131 \u00f6l\u00fcb","datePublished":"2019-11-13T15:23:36+00:00","mainEntityOfPage":{"@id":"https:\/\/www.meydan.tv\/az\/article\/israilin-hava-hucumu-neticesinde-9-mulki-qezzali-olub\/"},"wordCount":590,"publisher":{"@id":"https:\/\/www.meydan.tv\/az\/#organization"},"image":{"@id":"https:\/\/www.meydan.tv\/az\/article\/israilin-hava-hucumu-neticesinde-9-mulki-qezzali-olub\/#primaryimage"},"thumbnailUrl":"https:\/\/www.meydan.tv\/wp-content\/uploads\/ap19316327689790.jpg","articleSection":["D\u00fcnya"],"inLanguage":"az"},{"@type":"WebPage","@id":"https:\/\/www.meydan.tv\/az\/article\/israilin-hava-hucumu-neticesinde-9-mulki-qezzali-olub\/","url":"https:\/\/www.meydan.tv\/az\/article\/israilin-hava-hucumu-neticesinde-9-mulki-qezzali-olub\/","name":"\u0130srailin hava h\u00fccumu n\u0259tic\u0259sind\u0259 9 m\u00fclki q\u0259zzal\u0131 \u00f6l\u00fcb - MEYDAN.TV","isPartOf":{"@id":"https:\/\/www.meydan.tv\/az\/#website"},"primaryImageOfPage":{"@id":"https:\/\/www.meydan.tv\/az\/article\/israilin-hava-hucumu-neticesinde-9-mulki-qezzali-olub\/#primaryimage"},"image":{"@id":"https:\/\/www.meydan.tv\/az\/article\/israilin-hava-hucumu-neticesinde-9-mulki-qezzali-olub\/#primaryimage"},"thumbnailUrl":"https:\/\/www.meydan.tv\/wp-content\/uploads\/ap19316327689790.jpg","datePublished":"2019-11-13T15:23:36+00:00","breadcrumb":{"@id":"https:\/\/www.meydan.tv\/az\/article\/israilin-hava-hucumu-neticesinde-9-mulki-qezzali-olub\/#breadcrumb"},"inLanguage":"az","potentialAction":[{"@type":"ReadAction","target":["https:\/\/www.meydan.tv\/az\/article\/israilin-hava-hucumu-neticesinde-9-mulki-qezzali-olub\/"]}]},{"@type":"ImageObject","inLanguage":"az","@id":"https:\/\/www.meydan.tv\/az\/article\/israilin-hava-hucumu-neticesinde-9-mulki-qezzali-olub\/#primaryimage","url":"https:\/\/www.meydan.tv\/wp-content\/uploads\/ap19316327689790.jpg","contentUrl":"https:\/\/www.meydan.tv\/wp-content\/uploads\/ap19316327689790.jpg","width":2560,"height":1440,"caption":"Source: google"},{"@type":"BreadcrumbList","@id":"https:\/\/www.meydan.tv\/az\/article\/israilin-hava-hucumu-neticesinde-9-mulki-qezzali-olub\/#breadcrumb","itemListElement":[{"@type":"ListItem","position":1,"name":"Ana s\u0259hif\u0259","item":"https:\/\/www.meydan.tv\/az\/"},{"@type":"ListItem","position":2,"name":"D\u00fcnya","item":"https:\/\/www.meydan.tv\/az\/section\/dunya\/"},{"@type":"ListItem","position":3,"name":"\u0130srailin hava h\u00fccumu n\u0259tic\u0259sind\u0259 9 m\u00fclki q\u0259zzal\u0131 \u00f6l\u00fcb"}]},{"@type":"WebSite","@id":"https:\/\/www.meydan.tv\/az\/#website","url":"https:\/\/www.meydan.tv\/az\/","name":"MEYDAN.TV","description":"Meydan TV Az\u0259rbaycan\u0131n media m\u0259kan\u0131ndak\u0131 alternativ s\u0259sidir","publisher":{"@id":"https:\/\/www.meydan.tv\/az\/#organization"},"potentialAction":[{"@type":"SearchAction","target":{"@type":"EntryPoint","urlTemplate":"https:\/\/www.meydan.tv\/az\/?s={search_term_string}"},"query-input":{"@type":"PropertyValueSpecification","valueRequired":true,"valueName":"search_term_string"}}],"inLanguage":"az"},{"@type":"Organization","@id":"https:\/\/www.meydan.tv\/az\/#organization","name":"Meydan TV","url":"https:\/\/www.meydan.tv\/az\/","logo":{"@type":"ImageObject","inLanguage":"az","@id":"https:\/\/www.meydan.tv\/az\/#\/schema\/logo\/image\/","url":"https:\/\/www.meydan.tv\/wp-content\/uploads\/2021\/07\/meydan-logo.svg","contentUrl":"https:\/\/www.meydan.tv\/wp-content\/uploads\/2021\/07\/meydan-logo.svg","width":195,"height":46,"caption":"Meydan TV"},"image":{"@id":"https:\/\/www.meydan.tv\/az\/#\/schema\/logo\/image\/"}},{"@type":"Person","@id":"https:\/\/www.meydan.tv\/az\/#\/schema\/person\/10d11eccf6da3662cf5fdab9806ea91a","name":"user-manager"}]}},"_links":{"self":[{"href":"https:\/\/www.meydan.tv\/az\/wp-json\/wp\/v2\/posts\/197922","targetHints":{"allow":["GET"]}}],"collection":[{"href":"https:\/\/www.meydan.tv\/az\/wp-json\/wp\/v2\/posts"}],"about":[{"href":"https:\/\/www.meydan.tv\/az\/wp-json\/wp\/v2\/types\/post"}],"author":[{"embeddable":true,"href":"https:\/\/www.meydan.tv\/az\/wp-json\/wp\/v2\/users\/11"}],"replies":[{"embeddable":true,"href":"https:\/\/www.meydan.tv\/az\/wp-json\/wp\/v2\/comments?post=197922"}],"version-history":[{"count":0,"href":"https:\/\/www.meydan.tv\/az\/wp-json\/wp\/v2\/posts\/197922\/revisions"}],"wp:featuredmedia":[{"embeddable":true,"href":"https:\/\/www.meydan.tv\/az\/wp-json\/wp\/v2\/media\/133026"}],"wp:attachment":[{"href":"https:\/\/www.meydan.tv\/az\/wp-json\/wp\/v2\/media?parent=197922"}],"wp:term":[{"taxonomy":"category","embeddable":true,"href":"https:\/\/www.meydan.tv\/az\/wp-json\/wp\/v2\/categories?post=197922"},{"taxonomy":"post_tag","embeddable":true,"href":"https:\/\/www.meydan.tv\/az\/wp-json\/wp\/v2\/tags?post=197922"}],"curies":[{"name":"wp","href":"https:\/\/api.w.org\/{rel}","templated":true}]}}