{"id":197914,"date":"2019-11-13T12:49:27","date_gmt":"2019-11-13T12:49:27","guid":{"rendered":"https:\/\/www.meydan.tv\/article\/qarabag-elili-budur-veten-ugrunda-sehid-olmagin-elil-qalmagin-qarsiligi\/"},"modified":"2019-11-13T12:49:27","modified_gmt":"2019-11-13T12:49:27","slug":"qarabag-elili-budur-veten-ugrunda-sehid-olmagin-elil-qalmagin-qarsiligi","status":"publish","type":"post","link":"https:\/\/www.meydan.tv\/az\/article\/qarabag-elili-budur-veten-ugrunda-sehid-olmagin-elil-qalmagin-qarsiligi\/","title":{"rendered":"Qaraba\u011f \u0259lili: Budur v\u0259t\u0259n u\u011frunda \u015f\u0259hid olma\u011f\u0131n, \u0259lil qalma\u011f\u0131n qar\u015f\u0131l\u0131\u011f\u0131?"},"content":{"rendered":"<p>\n  <i><br \/>\n    M\u0259hbus Umudov \u00f6lk\u0259 r\u0259hb\u0259rliyin\u0259 m\u00fcraci\u0259t etdi<br \/>\n  <\/i>\n<\/p>\n<p>\n  \u201c52 ya\u015fl\u0131 bac\u0131m G\u00fclrux Umudova anadang\u0259lm\u0259 ruhi \u0259s\u0259b x\u0259st\u0259sidir. N\u0259 nitq qabiliyy\u0259ti, n\u0259 d\u0259 \u00f6z\u00fcn\u00fcidar\u0259 bacar\u0131\u011f\u0131 var. Birinci qrup \u0259lildir, ancaq s\u0259n\u0259dd\u0259 2-ci qrup kimi gedir. Valideynl\u0259rimin onu g\u0259zdirm\u0259diyi yer qalmay\u0131b, sa\u011falm\u0131r. \u0130ll\u0259rdir bel\u0259dir, sa\u011falmayacaq da. \u018flilliyini 2-ci qrupdan 1-\u0259 ke\u00e7irm\u0259k \u00fc\u00e7\u00fcn deyirl\u0259r, g\u0259r\u0259k Ma\u015fta\u011fadak\u0131 1 aayl\u0131 Respublika Psixiatriya Klinikas\u0131nda 6 ay yats\u0131n. Bu adam bizd\u0259n ayr\u0131 qala bilmir, orda \u00f6l\u0259r deyir\u0259m, dinl\u0259mirl\u0259r\u201d.\n<\/p>\n<p>\n  Ucar\u0131n M\u00fcs\u00fcsl\u00fc k\u0259ndinin sakini, ikinci qrup Qaraba\u011f \u0259lili M\u0259hbus Umudov bel\u0259 deyir. Bildirir ki, bac\u0131s\u0131 g\u00f6z\u00fcn\u00fc a\u00e7andan onunla ya\u015fay\u0131r v\u0259 adic\u0259 b\u00f6y\u00fck qarda\u015f\u0131gil\u0259 ged\u0259nd\u0259 1 saat oturmur, isterika ke\u00e7irir, kriz\u0259 girir, qaytar\u0131rlar geriy\u0259. O, he\u00e7 c\u00fcr Ma\u015fta\u011fadak\u0131 klinikada ya\u015faya bilm\u0259z:\n<\/p>\n<p>\n  \u201c\u0130ll\u0259rdir bax\u0131r\u0131q, faktiki 1-ci qrup \u0259lildir. Bu adam d\u00fcz\u0259lm\u0259y\u0259c\u0259k, ham\u0131 da \u00e7ox yax\u015f\u0131 bilir. Ona laz\u0131mi qrupu verm\u0259k \u00fc\u00e7\u00fcn \u00f6ld\u00fcrm\u0259li deyilik ki. N\u0259tic\u0259d\u0259, ald\u0131\u011f\u0131 a\u015fa\u011f\u0131 pensiya he\u00e7 n\u0259yin\u0259 \u00e7atm\u0131r. \u00dcst\u0259lik, \u00f6z\u00fcn\u00fc idar\u0259 ed\u0259 bilm\u0259diyi \u00fc\u00e7\u00fcn dig\u0259r 58 ya\u015fl\u0131 b\u00f6yr\u0259k x\u0259st\u0259si olan bac\u0131m bax\u0131r ona. H\u0259min bac\u0131m da h\u0259yat yolda\u015f\u0131n\u0131 itir\u0259nd\u0259n sonra m\u0259niml\u0259 ya\u015fay\u0131r. V\u0259 ona x\u0259st\u0259liyi olan birin\u0259 baxd\u0131\u011f\u0131 \u00fc\u00e7\u00fcn bir q\u0259pik d\u0259 \u00f6d\u0259nmir. Pensiya ya\u015f\u0131na da h\u0259l\u0259 var. Bu q\u0259d\u0259r insana m\u0259nim baxma\u011f\u0131m \u00e7ox \u00e7\u0259tindir\u201d.\n<\/p>\n<p>\n  M\u0259hbus Umudov deyir ki, 2-ci qrup \u0259lilliyi olan biri kimi ald\u0131\u011f\u0131 130 manat pensiya \u00f6z\u00fcn\u0259 yetmir, qald\u0131, onunla 5 n\u0259f\u0259rlik ail\u0259sini v\u0259 2 bac\u0131s\u0131n\u0131 doland\u0131rs\u0131n:\n<\/p>\n<p>\n  \u201c\u018fm\u0259k qabiliyy\u0259tim d\u0259 m\u0259hduddur, i\u015fl\u0259y\u0259 bilmir\u0259m. D\u00fcn\u0259n\u0259 q\u0259d\u0259r \u015f\u0259hid qarda\u015f\u0131m\u0131n q\u0131zlar\u0131 da m\u0259niml\u0259 ya\u015fay\u0131rd\u0131. Ail\u0259 qurub, k\u00f6\u00e7d\u00fcl\u0259r. \u00c7\u0259tindir, art\u0131q bacarmaq olmur. Deyir\u0259m, ev ist\u0259mirik, bar\u0131 Qaraba\u011f qazisi kimi ma\u015f\u0131n verin. \u00c7ox yox, el\u0259 x\u0259st\u0259 bac\u0131lar\u0131m\u0131 h\u0259kim\u0259 apar\u0131b-g\u0259tirm\u0259k \u00fc\u00e7\u00fcn. Deyirl\u0259r, s\u0259n\u0259 d\u00fc\u015fm\u00fcr. Bac\u0131ma haqq\u0131 olan qrupu verm\u0259k \u00fc\u00e7\u00fcn ona \u0259zab verm\u0259yimizi ist\u0259yirl\u0259r, m\u0259n\u0259 avtomobil, ev d\u00fc\u015fm\u00fcr, b\u0259s biz d\u00f6vl\u0259tin hans\u0131 imtiyazlar\u0131ndan yararlana bil\u0259rik? Biz\u0259 n\u0259 d\u00fc\u015f\u00fcr?\u201d\n<\/p>\n<p>\n  M\u0259hbus Umudov deyir ki, Qaraba\u011f m\u00fcharib\u0259sind\u0259 h\u0259lak olmu\u015f qarda\u015f\u0131n\u0131n u\u015faqlar\u0131na da onlar bax\u0131b:\n<\/p>\n<p>\n  \u201cC\u0259mi 3 d\u0259f\u0259 yard\u0131m edibl\u0259r. B\u00f6y\u00fck q\u0131z\u0131 k\u00f6\u00e7\u0259nd\u0259 icra hakimiyy\u0259ti 300 manat yard\u0131m edib. Bir d\u0259f\u0259 2 \u00e7olpa g\u00f6nd\u0259rib. Novruz bayramlar\u0131ndan birind\u0259 d\u0259 ba\u011flama g\u0259tirmi\u015fdil\u0259r, v\u0259ssalam. Budur v\u0259t\u0259n u\u011frunda \u015f\u0259hid olma\u011f\u0131n, \u0259lil qalma\u011f\u0131n qar\u015f\u0131l\u0131\u011f\u0131? \u0130mkan\u0131m\u0131z olsa, he\u00e7 n\u0259 t\u0259l\u0259b etm\u0259rik. Yoxdur, s\u00fcr\u00fcn\u00fcr\u00fck ax\u0131\u201d.\n<\/p>\n<p>\n  M\u0259hbus Umudov deyir ki, anas\u0131n\u0131 yeni itirib. H\u0259min g\u00fcnd\u0259n \u0259qli geriliyi olan bac\u0131s\u0131 qal\u0131b havada:\n<\/p>\n<p>\n  \u201c\u018fvv\u0259l onun pulu anam\u0131n kart\u0131na k\u00f6\u00e7\u00fcrd\u00fc. \u0130ndi deyirl\u0259r, g\u0259lsin, \u00f6z ad\u0131na kart a\u00e7d\u0131rs\u0131n. Bu adam dan\u0131\u015fa bilmir, gedib n\u0259 desin? Olmayacaq \u015fey ist\u0259yirl\u0259r. Budur, son 15 g\u00fcnd\u0259 2 d\u0259f\u0259 Ucara, bir d\u0259f\u0259 Z\u0259rdaba, bir d\u0259f\u0259 d\u0259 K\u00fcrd\u0259mir\u0259 aparm\u0131\u015fam. H\u0259r d\u0259f\u0259 d\u0259 30 manata yax\u0131n x\u0259rcim \u00e7\u0131x\u0131b. Ald\u0131\u011f\u0131 da 160 manatd\u0131r. Ham\u0131s\u0131 yollarda x\u0259rcl\u0259ndi\u201d.\n<\/p>\n<p>\n  M\u0259hbus Umudov Prezident \u0130lham \u018fliyev\u0259, Birinci vitse-prezident Mehriban \u018fliyevaya m\u00fcraci\u0259t edir. Onlardan bac\u0131s\u0131na haqq\u0131 olan \u0259lillik d\u0259r\u0259c\u0259sinin verilm\u0259si \u00fc\u00e7\u00fcn g\u00f6st\u0259ri\u015f verm\u0259l\u0259rini xahi\u015f edir:\n<\/p>\n<p>\n  \u201cBir d\u0259 b\u00fct\u00fcn Qaraba\u011f m\u00fcharib\u0259sind\u0259 \u0259lil olanlara verildiyi kimi, m\u0259ni d\u0259 avtomobill\u0259 t\u0259min edin. Evd\u0259 3 x\u0259st\u0259 var. M\u0259n onlar\u0131 h\u0259kim\u0259 apar\u0131b-g\u0259tir\u0259 bilmir\u0259m, \u00e7\u0259tindir\u201d.\n<\/p>\n<p>\n  Meydan TV Ucar Rayon M\u0259rk\u0259zi X\u0259st\u0259xanas\u0131n\u0131n ba\u015f h\u0259kimi il\u0259 \u0259laq\u0259 saxlaya bilm\u0259yib. Ancaq x\u0259st\u0259xanadan bildiribl\u0259r ki, \u0259lillik d\u0259r\u0259c\u0259sinin d\u0259yi\u015film\u0259sind\u0259n \u00f6tr\u00fc x\u00fcsusi komissiyadan ke\u00e7m\u0259lidir. Bunlar ham\u0131s\u0131 ail\u0259y\u0259 izah edilib:\n<\/p>\n<p>\n  \u201cH\u0259kim \u00f6zba\u015f\u0131na q\u0259rar ver\u0259 bilm\u0259z. T\u0259bii, 1-ci qrup \u0259lilliyin m\u00fc\u0259yy\u0259n edilm\u0259si \u00fc\u00e7\u00fcn x\u0259st\u0259 g\u0259r\u0259k m\u00fcayin\u0259l\u0259rd\u0259 ke\u00e7sin. B\u0259zi hallarda hans\u0131sa klinikada m\u00fcalic\u0259si laz\u0131m g\u0259l\u0259 bil\u0259r. V\u0259t\u0259nda\u015flar da \u00f6z \u00f6hd\u0259l\u0259rin\u0259 d\u00fc\u015f\u0259ni etm\u0259lidirl\u0259r\u201d.<\/p>\n","protected":false},"excerpt":{"rendered":"<p>M\u0259hbus Umudov deyir ki, 2-ci qrup \u0259lilliyi olan biri kimi ald\u0131\u011f\u0131 130 manat pensiya \u00f6z\u00fcn\u0259 yetmir, qald\u0131, onunla 5 n\u0259f\u0259rlik ail\u0259sini v\u0259 2 bac\u0131s\u0131n\u0131 doland\u0131rs\u0131n:<\/p>\n","protected":false},"author":11,"featured_media":133020,"comment_status":"closed","ping_status":"open","sticky":false,"template":"","format":"standard","meta":{"_acf_changed":false,"_sitemap_exclude":false,"_sitemap_priority":"","_sitemap_frequency":"","footnotes":""},"categories":[60],"tags":[],"class_list":["post-197914","post","type-post","status-publish","format-standard","has-post-thumbnail","hentry","category-bolge","infinite-scroll-item","generate-columns","tablet-grid-50","mobile-grid-100","grid-parent","grid-33","no-featured-image-padding"],"acf":[],"yoast_head":"<!-- This site is optimized with the Yoast SEO plugin v27.5 - https:\/\/yoast.com\/product\/yoast-seo-wordpress\/ -->\n<title>Qaraba\u011f \u0259lili: Budur v\u0259t\u0259n u\u011frunda \u015f\u0259hid olma\u011f\u0131n, \u0259lil qalma\u011f\u0131n qar\u015f\u0131l\u0131\u011f\u0131? - MEYDAN.TV<\/title>\n<meta name=\"robots\" content=\"index, follow, max-snippet:-1, max-image-preview:large, max-video-preview:-1\" \/>\n<link rel=\"canonical\" href=\"https:\/\/www.meydan.tv\/az\/article\/qarabag-elili-budur-veten-ugrunda-sehid-olmagin-elil-qalmagin-qarsiligi\/\" \/>\n<meta property=\"og:locale\" content=\"az_AZ\" \/>\n<meta property=\"og:type\" content=\"article\" \/>\n<meta property=\"og:title\" content=\"Qaraba\u011f \u0259lili: Budur v\u0259t\u0259n u\u011frunda \u015f\u0259hid olma\u011f\u0131n, \u0259lil qalma\u011f\u0131n qar\u015f\u0131l\u0131\u011f\u0131? - MEYDAN.TV\" \/>\n<meta property=\"og:description\" content=\"M\u0259hbus Umudov deyir ki, 2-ci qrup \u0259lilliyi olan biri kimi ald\u0131\u011f\u0131 130 manat pensiya \u00f6z\u00fcn\u0259 yetmir, qald\u0131, onunla 5 n\u0259f\u0259rlik ail\u0259sini v\u0259 2 bac\u0131s\u0131n\u0131 doland\u0131rs\u0131n:\" \/>\n<meta property=\"og:url\" content=\"https:\/\/www.meydan.tv\/az\/article\/qarabag-elili-budur-veten-ugrunda-sehid-olmagin-elil-qalmagin-qarsiligi\/\" \/>\n<meta property=\"og:site_name\" content=\"MEYDAN.TV\" \/>\n<meta property=\"article:published_time\" content=\"2019-11-13T12:49:27+00:00\" \/>\n<meta property=\"og:image\" content=\"https:\/\/www.meydan.tv\/wp-content\/uploads\/image_from_ios_1_iiltz2f-scaled.jpg\" \/>\n\t<meta property=\"og:image:width\" content=\"2560\" \/>\n\t<meta property=\"og:image:height\" content=\"1920\" \/>\n\t<meta property=\"og:image:type\" content=\"image\/jpeg\" \/>\n<meta name=\"author\" content=\"user-manager\" \/>\n<meta name=\"twitter:card\" content=\"summary_large_image\" \/>\n<script type=\"application\/ld+json\" class=\"yoast-schema-graph\">{\"@context\":\"https:\\\/\\\/schema.org\",\"@graph\":[{\"@type\":\"Article\",\"@id\":\"https:\\\/\\\/www.meydan.tv\\\/az\\\/article\\\/qarabag-elili-budur-veten-ugrunda-sehid-olmagin-elil-qalmagin-qarsiligi\\\/#article\",\"isPartOf\":{\"@id\":\"https:\\\/\\\/www.meydan.tv\\\/az\\\/article\\\/qarabag-elili-budur-veten-ugrunda-sehid-olmagin-elil-qalmagin-qarsiligi\\\/\"},\"author\":{\"name\":\"user-manager\",\"@id\":\"https:\\\/\\\/www.meydan.tv\\\/az\\\/#\\\/schema\\\/person\\\/10d11eccf6da3662cf5fdab9806ea91a\"},\"headline\":\"Qaraba\u011f \u0259lili: Budur v\u0259t\u0259n u\u011frunda \u015f\u0259hid olma\u011f\u0131n, \u0259lil qalma\u011f\u0131n qar\u015f\u0131l\u0131\u011f\u0131?\",\"datePublished\":\"2019-11-13T12:49:27+00:00\",\"mainEntityOfPage\":{\"@id\":\"https:\\\/\\\/www.meydan.tv\\\/az\\\/article\\\/qarabag-elili-budur-veten-ugrunda-sehid-olmagin-elil-qalmagin-qarsiligi\\\/\"},\"wordCount\":828,\"publisher\":{\"@id\":\"https:\\\/\\\/www.meydan.tv\\\/az\\\/#organization\"},\"image\":{\"@id\":\"https:\\\/\\\/www.meydan.tv\\\/az\\\/article\\\/qarabag-elili-budur-veten-ugrunda-sehid-olmagin-elil-qalmagin-qarsiligi\\\/#primaryimage\"},\"thumbnailUrl\":\"https:\\\/\\\/www.meydan.tv\\\/wp-content\\\/uploads\\\/image_from_ios_1_iiltz2f-scaled.jpg\",\"articleSection\":[\"B\u00f6lg\u0259\"],\"inLanguage\":\"az\"},{\"@type\":\"WebPage\",\"@id\":\"https:\\\/\\\/www.meydan.tv\\\/az\\\/article\\\/qarabag-elili-budur-veten-ugrunda-sehid-olmagin-elil-qalmagin-qarsiligi\\\/\",\"url\":\"https:\\\/\\\/www.meydan.tv\\\/az\\\/article\\\/qarabag-elili-budur-veten-ugrunda-sehid-olmagin-elil-qalmagin-qarsiligi\\\/\",\"name\":\"Qaraba\u011f \u0259lili: Budur v\u0259t\u0259n u\u011frunda \u015f\u0259hid olma\u011f\u0131n, \u0259lil qalma\u011f\u0131n qar\u015f\u0131l\u0131\u011f\u0131? - MEYDAN.TV\",\"isPartOf\":{\"@id\":\"https:\\\/\\\/www.meydan.tv\\\/az\\\/#website\"},\"primaryImageOfPage\":{\"@id\":\"https:\\\/\\\/www.meydan.tv\\\/az\\\/article\\\/qarabag-elili-budur-veten-ugrunda-sehid-olmagin-elil-qalmagin-qarsiligi\\\/#primaryimage\"},\"image\":{\"@id\":\"https:\\\/\\\/www.meydan.tv\\\/az\\\/article\\\/qarabag-elili-budur-veten-ugrunda-sehid-olmagin-elil-qalmagin-qarsiligi\\\/#primaryimage\"},\"thumbnailUrl\":\"https:\\\/\\\/www.meydan.tv\\\/wp-content\\\/uploads\\\/image_from_ios_1_iiltz2f-scaled.jpg\",\"datePublished\":\"2019-11-13T12:49:27+00:00\",\"breadcrumb\":{\"@id\":\"https:\\\/\\\/www.meydan.tv\\\/az\\\/article\\\/qarabag-elili-budur-veten-ugrunda-sehid-olmagin-elil-qalmagin-qarsiligi\\\/#breadcrumb\"},\"inLanguage\":\"az\",\"potentialAction\":[{\"@type\":\"ReadAction\",\"target\":[\"https:\\\/\\\/www.meydan.tv\\\/az\\\/article\\\/qarabag-elili-budur-veten-ugrunda-sehid-olmagin-elil-qalmagin-qarsiligi\\\/\"]}]},{\"@type\":\"ImageObject\",\"inLanguage\":\"az\",\"@id\":\"https:\\\/\\\/www.meydan.tv\\\/az\\\/article\\\/qarabag-elili-budur-veten-ugrunda-sehid-olmagin-elil-qalmagin-qarsiligi\\\/#primaryimage\",\"url\":\"https:\\\/\\\/www.meydan.tv\\\/wp-content\\\/uploads\\\/image_from_ios_1_iiltz2f-scaled.jpg\",\"contentUrl\":\"https:\\\/\\\/www.meydan.tv\\\/wp-content\\\/uploads\\\/image_from_ios_1_iiltz2f-scaled.jpg\",\"width\":2560,\"height\":1920,\"caption\":\"Source: Specify Source\"},{\"@type\":\"BreadcrumbList\",\"@id\":\"https:\\\/\\\/www.meydan.tv\\\/az\\\/article\\\/qarabag-elili-budur-veten-ugrunda-sehid-olmagin-elil-qalmagin-qarsiligi\\\/#breadcrumb\",\"itemListElement\":[{\"@type\":\"ListItem\",\"position\":1,\"name\":\"Ana s\u0259hif\u0259\",\"item\":\"https:\\\/\\\/www.meydan.tv\\\/az\\\/\"},{\"@type\":\"ListItem\",\"position\":2,\"name\":\"B\u00f6lg\u0259\",\"item\":\"https:\\\/\\\/www.meydan.tv\\\/az\\\/section\\\/bolge\\\/\"},{\"@type\":\"ListItem\",\"position\":3,\"name\":\"Qaraba\u011f \u0259lili: Budur v\u0259t\u0259n u\u011frunda \u015f\u0259hid olma\u011f\u0131n, \u0259lil qalma\u011f\u0131n qar\u015f\u0131l\u0131\u011f\u0131?\"}]},{\"@type\":\"WebSite\",\"@id\":\"https:\\\/\\\/www.meydan.tv\\\/az\\\/#website\",\"url\":\"https:\\\/\\\/www.meydan.tv\\\/az\\\/\",\"name\":\"MEYDAN.TV\",\"description\":\"Meydan TV Az\u0259rbaycan\u0131n media m\u0259kan\u0131ndak\u0131 alternativ s\u0259sidir\",\"publisher\":{\"@id\":\"https:\\\/\\\/www.meydan.tv\\\/az\\\/#organization\"},\"potentialAction\":[{\"@type\":\"SearchAction\",\"target\":{\"@type\":\"EntryPoint\",\"urlTemplate\":\"https:\\\/\\\/www.meydan.tv\\\/az\\\/?s={search_term_string}\"},\"query-input\":{\"@type\":\"PropertyValueSpecification\",\"valueRequired\":true,\"valueName\":\"search_term_string\"}}],\"inLanguage\":\"az\"},{\"@type\":\"Organization\",\"@id\":\"https:\\\/\\\/www.meydan.tv\\\/az\\\/#organization\",\"name\":\"Meydan TV\",\"url\":\"https:\\\/\\\/www.meydan.tv\\\/az\\\/\",\"logo\":{\"@type\":\"ImageObject\",\"inLanguage\":\"az\",\"@id\":\"https:\\\/\\\/www.meydan.tv\\\/az\\\/#\\\/schema\\\/logo\\\/image\\\/\",\"url\":\"https:\\\/\\\/www.meydan.tv\\\/wp-content\\\/uploads\\\/2021\\\/07\\\/meydan-logo.svg\",\"contentUrl\":\"https:\\\/\\\/www.meydan.tv\\\/wp-content\\\/uploads\\\/2021\\\/07\\\/meydan-logo.svg\",\"width\":195,\"height\":46,\"caption\":\"Meydan TV\"},\"image\":{\"@id\":\"https:\\\/\\\/www.meydan.tv\\\/az\\\/#\\\/schema\\\/logo\\\/image\\\/\"}},{\"@type\":\"Person\",\"@id\":\"https:\\\/\\\/www.meydan.tv\\\/az\\\/#\\\/schema\\\/person\\\/10d11eccf6da3662cf5fdab9806ea91a\",\"name\":\"user-manager\"}]}<\/script>\n<!-- \/ Yoast SEO plugin. -->","yoast_head_json":{"title":"Qaraba\u011f \u0259lili: Budur v\u0259t\u0259n u\u011frunda \u015f\u0259hid olma\u011f\u0131n, \u0259lil qalma\u011f\u0131n qar\u015f\u0131l\u0131\u011f\u0131? - MEYDAN.TV","robots":{"index":"index","follow":"follow","max-snippet":"max-snippet:-1","max-image-preview":"max-image-preview:large","max-video-preview":"max-video-preview:-1"},"canonical":"https:\/\/www.meydan.tv\/az\/article\/qarabag-elili-budur-veten-ugrunda-sehid-olmagin-elil-qalmagin-qarsiligi\/","og_locale":"az_AZ","og_type":"article","og_title":"Qaraba\u011f \u0259lili: Budur v\u0259t\u0259n u\u011frunda \u015f\u0259hid olma\u011f\u0131n, \u0259lil qalma\u011f\u0131n qar\u015f\u0131l\u0131\u011f\u0131? - MEYDAN.TV","og_description":"M\u0259hbus Umudov deyir ki, 2-ci qrup \u0259lilliyi olan biri kimi ald\u0131\u011f\u0131 130 manat pensiya \u00f6z\u00fcn\u0259 yetmir, qald\u0131, onunla 5 n\u0259f\u0259rlik ail\u0259sini v\u0259 2 bac\u0131s\u0131n\u0131 doland\u0131rs\u0131n:","og_url":"https:\/\/www.meydan.tv\/az\/article\/qarabag-elili-budur-veten-ugrunda-sehid-olmagin-elil-qalmagin-qarsiligi\/","og_site_name":"MEYDAN.TV","article_published_time":"2019-11-13T12:49:27+00:00","og_image":[{"width":2560,"height":1920,"url":"https:\/\/www.meydan.tv\/wp-content\/uploads\/image_from_ios_1_iiltz2f-scaled.jpg","type":"image\/jpeg"}],"author":"user-manager","twitter_card":"summary_large_image","schema":{"@context":"https:\/\/schema.org","@graph":[{"@type":"Article","@id":"https:\/\/www.meydan.tv\/az\/article\/qarabag-elili-budur-veten-ugrunda-sehid-olmagin-elil-qalmagin-qarsiligi\/#article","isPartOf":{"@id":"https:\/\/www.meydan.tv\/az\/article\/qarabag-elili-budur-veten-ugrunda-sehid-olmagin-elil-qalmagin-qarsiligi\/"},"author":{"name":"user-manager","@id":"https:\/\/www.meydan.tv\/az\/#\/schema\/person\/10d11eccf6da3662cf5fdab9806ea91a"},"headline":"Qaraba\u011f \u0259lili: Budur v\u0259t\u0259n u\u011frunda \u015f\u0259hid olma\u011f\u0131n, \u0259lil qalma\u011f\u0131n qar\u015f\u0131l\u0131\u011f\u0131?","datePublished":"2019-11-13T12:49:27+00:00","mainEntityOfPage":{"@id":"https:\/\/www.meydan.tv\/az\/article\/qarabag-elili-budur-veten-ugrunda-sehid-olmagin-elil-qalmagin-qarsiligi\/"},"wordCount":828,"publisher":{"@id":"https:\/\/www.meydan.tv\/az\/#organization"},"image":{"@id":"https:\/\/www.meydan.tv\/az\/article\/qarabag-elili-budur-veten-ugrunda-sehid-olmagin-elil-qalmagin-qarsiligi\/#primaryimage"},"thumbnailUrl":"https:\/\/www.meydan.tv\/wp-content\/uploads\/image_from_ios_1_iiltz2f-scaled.jpg","articleSection":["B\u00f6lg\u0259"],"inLanguage":"az"},{"@type":"WebPage","@id":"https:\/\/www.meydan.tv\/az\/article\/qarabag-elili-budur-veten-ugrunda-sehid-olmagin-elil-qalmagin-qarsiligi\/","url":"https:\/\/www.meydan.tv\/az\/article\/qarabag-elili-budur-veten-ugrunda-sehid-olmagin-elil-qalmagin-qarsiligi\/","name":"Qaraba\u011f \u0259lili: Budur v\u0259t\u0259n u\u011frunda \u015f\u0259hid olma\u011f\u0131n, \u0259lil qalma\u011f\u0131n qar\u015f\u0131l\u0131\u011f\u0131? - MEYDAN.TV","isPartOf":{"@id":"https:\/\/www.meydan.tv\/az\/#website"},"primaryImageOfPage":{"@id":"https:\/\/www.meydan.tv\/az\/article\/qarabag-elili-budur-veten-ugrunda-sehid-olmagin-elil-qalmagin-qarsiligi\/#primaryimage"},"image":{"@id":"https:\/\/www.meydan.tv\/az\/article\/qarabag-elili-budur-veten-ugrunda-sehid-olmagin-elil-qalmagin-qarsiligi\/#primaryimage"},"thumbnailUrl":"https:\/\/www.meydan.tv\/wp-content\/uploads\/image_from_ios_1_iiltz2f-scaled.jpg","datePublished":"2019-11-13T12:49:27+00:00","breadcrumb":{"@id":"https:\/\/www.meydan.tv\/az\/article\/qarabag-elili-budur-veten-ugrunda-sehid-olmagin-elil-qalmagin-qarsiligi\/#breadcrumb"},"inLanguage":"az","potentialAction":[{"@type":"ReadAction","target":["https:\/\/www.meydan.tv\/az\/article\/qarabag-elili-budur-veten-ugrunda-sehid-olmagin-elil-qalmagin-qarsiligi\/"]}]},{"@type":"ImageObject","inLanguage":"az","@id":"https:\/\/www.meydan.tv\/az\/article\/qarabag-elili-budur-veten-ugrunda-sehid-olmagin-elil-qalmagin-qarsiligi\/#primaryimage","url":"https:\/\/www.meydan.tv\/wp-content\/uploads\/image_from_ios_1_iiltz2f-scaled.jpg","contentUrl":"https:\/\/www.meydan.tv\/wp-content\/uploads\/image_from_ios_1_iiltz2f-scaled.jpg","width":2560,"height":1920,"caption":"Source: Specify Source"},{"@type":"BreadcrumbList","@id":"https:\/\/www.meydan.tv\/az\/article\/qarabag-elili-budur-veten-ugrunda-sehid-olmagin-elil-qalmagin-qarsiligi\/#breadcrumb","itemListElement":[{"@type":"ListItem","position":1,"name":"Ana s\u0259hif\u0259","item":"https:\/\/www.meydan.tv\/az\/"},{"@type":"ListItem","position":2,"name":"B\u00f6lg\u0259","item":"https:\/\/www.meydan.tv\/az\/section\/bolge\/"},{"@type":"ListItem","position":3,"name":"Qaraba\u011f \u0259lili: Budur v\u0259t\u0259n u\u011frunda \u015f\u0259hid olma\u011f\u0131n, \u0259lil qalma\u011f\u0131n qar\u015f\u0131l\u0131\u011f\u0131?"}]},{"@type":"WebSite","@id":"https:\/\/www.meydan.tv\/az\/#website","url":"https:\/\/www.meydan.tv\/az\/","name":"MEYDAN.TV","description":"Meydan TV Az\u0259rbaycan\u0131n media m\u0259kan\u0131ndak\u0131 alternativ s\u0259sidir","publisher":{"@id":"https:\/\/www.meydan.tv\/az\/#organization"},"potentialAction":[{"@type":"SearchAction","target":{"@type":"EntryPoint","urlTemplate":"https:\/\/www.meydan.tv\/az\/?s={search_term_string}"},"query-input":{"@type":"PropertyValueSpecification","valueRequired":true,"valueName":"search_term_string"}}],"inLanguage":"az"},{"@type":"Organization","@id":"https:\/\/www.meydan.tv\/az\/#organization","name":"Meydan TV","url":"https:\/\/www.meydan.tv\/az\/","logo":{"@type":"ImageObject","inLanguage":"az","@id":"https:\/\/www.meydan.tv\/az\/#\/schema\/logo\/image\/","url":"https:\/\/www.meydan.tv\/wp-content\/uploads\/2021\/07\/meydan-logo.svg","contentUrl":"https:\/\/www.meydan.tv\/wp-content\/uploads\/2021\/07\/meydan-logo.svg","width":195,"height":46,"caption":"Meydan TV"},"image":{"@id":"https:\/\/www.meydan.tv\/az\/#\/schema\/logo\/image\/"}},{"@type":"Person","@id":"https:\/\/www.meydan.tv\/az\/#\/schema\/person\/10d11eccf6da3662cf5fdab9806ea91a","name":"user-manager"}]}},"_links":{"self":[{"href":"https:\/\/www.meydan.tv\/az\/wp-json\/wp\/v2\/posts\/197914","targetHints":{"allow":["GET"]}}],"collection":[{"href":"https:\/\/www.meydan.tv\/az\/wp-json\/wp\/v2\/posts"}],"about":[{"href":"https:\/\/www.meydan.tv\/az\/wp-json\/wp\/v2\/types\/post"}],"author":[{"embeddable":true,"href":"https:\/\/www.meydan.tv\/az\/wp-json\/wp\/v2\/users\/11"}],"replies":[{"embeddable":true,"href":"https:\/\/www.meydan.tv\/az\/wp-json\/wp\/v2\/comments?post=197914"}],"version-history":[{"count":0,"href":"https:\/\/www.meydan.tv\/az\/wp-json\/wp\/v2\/posts\/197914\/revisions"}],"wp:featuredmedia":[{"embeddable":true,"href":"https:\/\/www.meydan.tv\/az\/wp-json\/wp\/v2\/media\/133020"}],"wp:attachment":[{"href":"https:\/\/www.meydan.tv\/az\/wp-json\/wp\/v2\/media?parent=197914"}],"wp:term":[{"taxonomy":"category","embeddable":true,"href":"https:\/\/www.meydan.tv\/az\/wp-json\/wp\/v2\/categories?post=197914"},{"taxonomy":"post_tag","embeddable":true,"href":"https:\/\/www.meydan.tv\/az\/wp-json\/wp\/v2\/tags?post=197914"}],"curies":[{"name":"wp","href":"https:\/\/api.w.org\/{rel}","templated":true}]}}