{"id":197908,"date":"2019-11-13T10:48:43","date_gmt":"2019-11-13T10:48:43","guid":{"rendered":"https:\/\/www.meydan.tv\/article\/feministler-polanskinin-yeni-filminin-numayisine-mane-olub\/"},"modified":"2019-11-13T10:48:43","modified_gmt":"2019-11-13T10:48:43","slug":"feministler-polanskinin-yeni-filminin-numayisine-mane-olub","status":"publish","type":"post","link":"https:\/\/www.meydan.tv\/az\/article\/feministler-polanskinin-yeni-filminin-numayisine-mane-olub\/","title":{"rendered":"Feministl\u0259r Polanskinin yeni filminin n\u00fcmayi\u015fin\u0259 mane olub"},"content":{"rendered":"<p>\n  <i><br \/>\n    F\u0259allar afi\u015falar\u0131 c\u0131r\u0131b v\u0259 filmi boykot etm\u0259y\u0259 \u00e7a\u011f\u0131r\u0131blar<br \/>\n  <\/i>\n<\/p>\n<p>\n  Pol\u015fa \u0259silli rejissor Roman Polanskinin film karyeras\u0131 n\u0259 q\u0259d\u0259r u\u011furludursa, \u015f\u0259xsi h\u0259yat\u0131 bir o q\u0259d\u0259r ke\u015fm\u0259ke\u015flidir.\n<\/p>\n<p>\n  X\u00fcsusil\u0259, son ill\u0259rd\u0259 cinsi istismarda g\u00fcnahland\u0131r\u0131lmas\u0131 onu \u0259n \u00e7ox m\u00fczakir\u0259 edil\u0259n \u015f\u0259xs\u0259 \u00e7evirib.\n<\/p>\n<p>\n  \u00d6t\u0259n g\u00fcn Paris kinoteatrlar\u0131ndan birind\u0259 Polanskinin yeni \u201cJ&#x27;accuse\u201d filminin ilk n\u00fcmayi\u015fi t\u0259xir\u0259 sal\u0131n\u0131b.\n<\/p>\n<p>\n  \u201c\u0420\u0418\u0410<br \/>\n  <a href=\"https:\/\/ria.ru\/20191113\/1560869128.html\"><br \/>\n    \u041d\u043e\u0432\u043e\u0441\u0442\u0438<br \/>\n  <\/a><br \/>\n  \u201d n\u00fcmayi\u015f\u0259 feministl\u0259rin mane oldu\u011funu yaz\u0131r.\n<\/p>\n<p>\n  Kinoteatr\u0131n qar\u015f\u0131s\u0131na topla\u015fan q\u0131rxa yax\u0131n f\u0259al giri\u015fi ba\u011flay\u0131b, afi\u015falar\u0131 \u00e7\u0131r\u0131b v\u0259 adamlar\u0131 rejissorun filmini boykot etm\u0259y\u0259 \u00e7a\u011f\u0131r\u0131blar.\n<\/p>\n<p>\n  Boykota bu il noyabr\u0131n 8-d\u0259 \u201cParisien\u201d q\u0259zetind\u0259 ke\u00e7mi\u015f aktrisa v\u0259 maniken Valentin Monyenin 1975-ci ild\u0259 18 ya\u015f\u0131nda olark\u0259n Polanski t\u0259r\u0259find\u0259n d\u00f6y\u00fcl\u0259r\u0259k zorlanmas\u0131 iddias\u0131 s\u0259b\u0259b olub. Rejissor \u00f6z\u00fc is\u0259 deyil\u0259nl\u0259ri inkar edir.\n<\/p>\n<p>\n  Roman Polanski bundan \u00f6nc\u0259 d\u0259 zorlanmada ittiham olunub.\n<\/p>\n<p>\n  Samanta Qeymer ba\u015f\u0131na g\u0259l\u0259nl\u0259rl\u0259 ba\u011fl\u0131 \u201cMoi, Samantha, 13 ans, viol\u00e9e parRoman Polanski\u201d (\u201cM\u0259n, Samanta, 13 ya\u015f\u0131ndayam, Roman Polanski m\u0259ni zorlad\u0131\u201d) adl\u0131 kitab yazm\u0131\u015fd\u0131.\n<\/p>\n<p>\n  Rejissor Samanta Qeymeri 1977-ci ild\u0259 13 ya\u015f\u0131nda olark\u0259n zorlad\u0131\u011f\u0131n\u0131 etiraf etmi\u015fdi.\n<\/p>\n<p>\n  Zorlama hadis\u0259si m\u0259\u015fhur aktyor Cek Nikolsonun evind\u0259 foto seans zaman\u0131 ba\u015f verib. O zaman m\u0259\u015fhur rejissor Roman Polanskinin 43, Samanta Qeymerin is\u0259 13 ya\u015f\u0131 olub. M\u0259lum hadis\u0259d\u0259n sonra 42 g\u00fcn h\u0259bsd\u0259 yatan Roman Polanski qeyri-qanuni cinsi \u0259laq\u0259y\u0259 girm\u0259kd\u0259 ittiham olunub. Bundan sonra rejissor AB\u015e-dan qa\u00e7\u0131b v\u0259 uzun m\u00fcdd\u0259t Amerika m\u0259hk\u0259m\u0259sin\u0259 t\u0259slim olmay\u0131b.\n<\/p>\n<p>\n  Bu hadis\u0259d\u0259n sonra Amerika Kinoakademiyas\u0131n\u0131n r\u0259hb\u0259rliyi rejissoru akademiya \u00fczvl\u00fcy\u00fcnd\u0259n \u00e7\u0131xar\u0131b.\n<\/p>\n<p>\n  Kventin Tarantionun \u00e7\u0259kdiyi \u201cBir d\u0259f\u0259 Hollivudda\u201d (2019) filminin ssenarisi d\u0259 Polanskinin tragik h\u0259yat\u0131ndan g\u00f6t\u00fcr\u00fcl\u00fcb.\n<\/p>\n<p>\n  Roman Polanskinin 2002-ci ild\u0259 \u00f6z h\u0259yat\u0131n\u0131n motivl\u0259rind\u0259n istifad\u0259 ed\u0259r\u0259k \u00e7\u0259kdiyi \u201cPiano\u00e7u\u201d filmi is\u0259 \u00fc\u00e7 \u201cOskar\u201d, iki \u201cBAFTA\u201d v\u0259 \u201cPalm Dor\u201d m\u00fckafatlar\u0131n\u0131 qazan\u0131b.\n<\/p>\n<p>\n  Zorlamaya g\u00f6r\u0259 Amerikaya giri\u015fin\u0259 qada\u011fa qoyuldu\u011fu \u00fc\u00e7\u00fcn \u201c\u018fn yax\u015f\u0131 rejissor\u201d m\u00fckafat\u0131n\u0131 onun \u0259v\u0259zin\u0259 aktyor Harrison Ford al\u0131b.<\/p>\n","protected":false},"excerpt":{"rendered":"<p>F\u0259allar afi\u015falar\u0131 c\u0131r\u0131b v\u0259 filmi boykot etm\u0259y\u0259 \u00e7a\u011f\u0131r\u0131blar<\/p>\n","protected":false},"author":11,"featured_media":133005,"comment_status":"closed","ping_status":"open","sticky":false,"template":"","format":"standard","meta":{"_acf_changed":false,"_sitemap_exclude":false,"_sitemap_priority":"","_sitemap_frequency":"","footnotes":""},"categories":[64],"tags":[],"class_list":["post-197908","post","type-post","status-publish","format-standard","has-post-thumbnail","hentry","category-dunya","infinite-scroll-item","generate-columns","tablet-grid-50","mobile-grid-100","grid-parent","grid-33","no-featured-image-padding"],"acf":[],"yoast_head":"<!-- This site is optimized with the Yoast SEO plugin v27.5 - https:\/\/yoast.com\/product\/yoast-seo-wordpress\/ -->\n<title>Feministl\u0259r Polanskinin yeni filminin n\u00fcmayi\u015fin\u0259 mane olub - MEYDAN.TV<\/title>\n<meta name=\"robots\" content=\"index, follow, max-snippet:-1, max-image-preview:large, max-video-preview:-1\" \/>\n<link rel=\"canonical\" href=\"https:\/\/www.meydan.tv\/az\/article\/feministler-polanskinin-yeni-filminin-numayisine-mane-olub\/\" \/>\n<meta property=\"og:locale\" content=\"az_AZ\" \/>\n<meta property=\"og:type\" content=\"article\" \/>\n<meta property=\"og:title\" content=\"Feministl\u0259r Polanskinin yeni filminin n\u00fcmayi\u015fin\u0259 mane olub - MEYDAN.TV\" \/>\n<meta property=\"og:description\" content=\"F\u0259allar afi\u015falar\u0131 c\u0131r\u0131b v\u0259 filmi boykot etm\u0259y\u0259 \u00e7a\u011f\u0131r\u0131blar\" \/>\n<meta property=\"og:url\" content=\"https:\/\/www.meydan.tv\/az\/article\/feministler-polanskinin-yeni-filminin-numayisine-mane-olub\/\" \/>\n<meta property=\"og:site_name\" content=\"MEYDAN.TV\" \/>\n<meta property=\"article:published_time\" content=\"2019-11-13T10:48:43+00:00\" \/>\n<meta property=\"og:image\" content=\"https:\/\/www.meydan.tv\/wp-content\/uploads\/085dc92a-a2ee-4634-875c-126abd2a6b8b.jpeg\" \/>\n\t<meta property=\"og:image:width\" content=\"1190\" \/>\n\t<meta property=\"og:image:height\" content=\"669\" \/>\n\t<meta property=\"og:image:type\" content=\"image\/jpeg\" \/>\n<meta name=\"author\" content=\"user-manager\" \/>\n<meta name=\"twitter:card\" content=\"summary_large_image\" \/>\n<script type=\"application\/ld+json\" class=\"yoast-schema-graph\">{\"@context\":\"https:\\\/\\\/schema.org\",\"@graph\":[{\"@type\":\"Article\",\"@id\":\"https:\\\/\\\/www.meydan.tv\\\/az\\\/article\\\/feministler-polanskinin-yeni-filminin-numayisine-mane-olub\\\/#article\",\"isPartOf\":{\"@id\":\"https:\\\/\\\/www.meydan.tv\\\/az\\\/article\\\/feministler-polanskinin-yeni-filminin-numayisine-mane-olub\\\/\"},\"author\":{\"name\":\"user-manager\",\"@id\":\"https:\\\/\\\/www.meydan.tv\\\/az\\\/#\\\/schema\\\/person\\\/10d11eccf6da3662cf5fdab9806ea91a\"},\"headline\":\"Feministl\u0259r Polanskinin yeni filminin n\u00fcmayi\u015fin\u0259 mane olub\",\"datePublished\":\"2019-11-13T10:48:43+00:00\",\"mainEntityOfPage\":{\"@id\":\"https:\\\/\\\/www.meydan.tv\\\/az\\\/article\\\/feministler-polanskinin-yeni-filminin-numayisine-mane-olub\\\/\"},\"wordCount\":476,\"publisher\":{\"@id\":\"https:\\\/\\\/www.meydan.tv\\\/az\\\/#organization\"},\"image\":{\"@id\":\"https:\\\/\\\/www.meydan.tv\\\/az\\\/article\\\/feministler-polanskinin-yeni-filminin-numayisine-mane-olub\\\/#primaryimage\"},\"thumbnailUrl\":\"https:\\\/\\\/www.meydan.tv\\\/wp-content\\\/uploads\\\/085dc92a-a2ee-4634-875c-126abd2a6b8b.jpeg\",\"articleSection\":[\"D\u00fcnya\"],\"inLanguage\":\"az\"},{\"@type\":\"WebPage\",\"@id\":\"https:\\\/\\\/www.meydan.tv\\\/az\\\/article\\\/feministler-polanskinin-yeni-filminin-numayisine-mane-olub\\\/\",\"url\":\"https:\\\/\\\/www.meydan.tv\\\/az\\\/article\\\/feministler-polanskinin-yeni-filminin-numayisine-mane-olub\\\/\",\"name\":\"Feministl\u0259r Polanskinin yeni filminin n\u00fcmayi\u015fin\u0259 mane olub - MEYDAN.TV\",\"isPartOf\":{\"@id\":\"https:\\\/\\\/www.meydan.tv\\\/az\\\/#website\"},\"primaryImageOfPage\":{\"@id\":\"https:\\\/\\\/www.meydan.tv\\\/az\\\/article\\\/feministler-polanskinin-yeni-filminin-numayisine-mane-olub\\\/#primaryimage\"},\"image\":{\"@id\":\"https:\\\/\\\/www.meydan.tv\\\/az\\\/article\\\/feministler-polanskinin-yeni-filminin-numayisine-mane-olub\\\/#primaryimage\"},\"thumbnailUrl\":\"https:\\\/\\\/www.meydan.tv\\\/wp-content\\\/uploads\\\/085dc92a-a2ee-4634-875c-126abd2a6b8b.jpeg\",\"datePublished\":\"2019-11-13T10:48:43+00:00\",\"breadcrumb\":{\"@id\":\"https:\\\/\\\/www.meydan.tv\\\/az\\\/article\\\/feministler-polanskinin-yeni-filminin-numayisine-mane-olub\\\/#breadcrumb\"},\"inLanguage\":\"az\",\"potentialAction\":[{\"@type\":\"ReadAction\",\"target\":[\"https:\\\/\\\/www.meydan.tv\\\/az\\\/article\\\/feministler-polanskinin-yeni-filminin-numayisine-mane-olub\\\/\"]}]},{\"@type\":\"ImageObject\",\"inLanguage\":\"az\",\"@id\":\"https:\\\/\\\/www.meydan.tv\\\/az\\\/article\\\/feministler-polanskinin-yeni-filminin-numayisine-mane-olub\\\/#primaryimage\",\"url\":\"https:\\\/\\\/www.meydan.tv\\\/wp-content\\\/uploads\\\/085dc92a-a2ee-4634-875c-126abd2a6b8b.jpeg\",\"contentUrl\":\"https:\\\/\\\/www.meydan.tv\\\/wp-content\\\/uploads\\\/085dc92a-a2ee-4634-875c-126abd2a6b8b.jpeg\",\"width\":1190,\"height\":669,\"caption\":\"Source: A\"},{\"@type\":\"BreadcrumbList\",\"@id\":\"https:\\\/\\\/www.meydan.tv\\\/az\\\/article\\\/feministler-polanskinin-yeni-filminin-numayisine-mane-olub\\\/#breadcrumb\",\"itemListElement\":[{\"@type\":\"ListItem\",\"position\":1,\"name\":\"Ana s\u0259hif\u0259\",\"item\":\"https:\\\/\\\/www.meydan.tv\\\/az\\\/\"},{\"@type\":\"ListItem\",\"position\":2,\"name\":\"D\u00fcnya\",\"item\":\"https:\\\/\\\/www.meydan.tv\\\/az\\\/section\\\/dunya\\\/\"},{\"@type\":\"ListItem\",\"position\":3,\"name\":\"Feministl\u0259r Polanskinin yeni filminin n\u00fcmayi\u015fin\u0259 mane olub\"}]},{\"@type\":\"WebSite\",\"@id\":\"https:\\\/\\\/www.meydan.tv\\\/az\\\/#website\",\"url\":\"https:\\\/\\\/www.meydan.tv\\\/az\\\/\",\"name\":\"MEYDAN.TV\",\"description\":\"Meydan TV Az\u0259rbaycan\u0131n media m\u0259kan\u0131ndak\u0131 alternativ s\u0259sidir\",\"publisher\":{\"@id\":\"https:\\\/\\\/www.meydan.tv\\\/az\\\/#organization\"},\"potentialAction\":[{\"@type\":\"SearchAction\",\"target\":{\"@type\":\"EntryPoint\",\"urlTemplate\":\"https:\\\/\\\/www.meydan.tv\\\/az\\\/?s={search_term_string}\"},\"query-input\":{\"@type\":\"PropertyValueSpecification\",\"valueRequired\":true,\"valueName\":\"search_term_string\"}}],\"inLanguage\":\"az\"},{\"@type\":\"Organization\",\"@id\":\"https:\\\/\\\/www.meydan.tv\\\/az\\\/#organization\",\"name\":\"Meydan TV\",\"url\":\"https:\\\/\\\/www.meydan.tv\\\/az\\\/\",\"logo\":{\"@type\":\"ImageObject\",\"inLanguage\":\"az\",\"@id\":\"https:\\\/\\\/www.meydan.tv\\\/az\\\/#\\\/schema\\\/logo\\\/image\\\/\",\"url\":\"https:\\\/\\\/www.meydan.tv\\\/wp-content\\\/uploads\\\/2021\\\/07\\\/meydan-logo.svg\",\"contentUrl\":\"https:\\\/\\\/www.meydan.tv\\\/wp-content\\\/uploads\\\/2021\\\/07\\\/meydan-logo.svg\",\"width\":195,\"height\":46,\"caption\":\"Meydan TV\"},\"image\":{\"@id\":\"https:\\\/\\\/www.meydan.tv\\\/az\\\/#\\\/schema\\\/logo\\\/image\\\/\"}},{\"@type\":\"Person\",\"@id\":\"https:\\\/\\\/www.meydan.tv\\\/az\\\/#\\\/schema\\\/person\\\/10d11eccf6da3662cf5fdab9806ea91a\",\"name\":\"user-manager\"}]}<\/script>\n<!-- \/ Yoast SEO plugin. -->","yoast_head_json":{"title":"Feministl\u0259r Polanskinin yeni filminin n\u00fcmayi\u015fin\u0259 mane olub - MEYDAN.TV","robots":{"index":"index","follow":"follow","max-snippet":"max-snippet:-1","max-image-preview":"max-image-preview:large","max-video-preview":"max-video-preview:-1"},"canonical":"https:\/\/www.meydan.tv\/az\/article\/feministler-polanskinin-yeni-filminin-numayisine-mane-olub\/","og_locale":"az_AZ","og_type":"article","og_title":"Feministl\u0259r Polanskinin yeni filminin n\u00fcmayi\u015fin\u0259 mane olub - MEYDAN.TV","og_description":"F\u0259allar afi\u015falar\u0131 c\u0131r\u0131b v\u0259 filmi boykot etm\u0259y\u0259 \u00e7a\u011f\u0131r\u0131blar","og_url":"https:\/\/www.meydan.tv\/az\/article\/feministler-polanskinin-yeni-filminin-numayisine-mane-olub\/","og_site_name":"MEYDAN.TV","article_published_time":"2019-11-13T10:48:43+00:00","og_image":[{"width":1190,"height":669,"url":"https:\/\/www.meydan.tv\/wp-content\/uploads\/085dc92a-a2ee-4634-875c-126abd2a6b8b.jpeg","type":"image\/jpeg"}],"author":"user-manager","twitter_card":"summary_large_image","schema":{"@context":"https:\/\/schema.org","@graph":[{"@type":"Article","@id":"https:\/\/www.meydan.tv\/az\/article\/feministler-polanskinin-yeni-filminin-numayisine-mane-olub\/#article","isPartOf":{"@id":"https:\/\/www.meydan.tv\/az\/article\/feministler-polanskinin-yeni-filminin-numayisine-mane-olub\/"},"author":{"name":"user-manager","@id":"https:\/\/www.meydan.tv\/az\/#\/schema\/person\/10d11eccf6da3662cf5fdab9806ea91a"},"headline":"Feministl\u0259r Polanskinin yeni filminin n\u00fcmayi\u015fin\u0259 mane olub","datePublished":"2019-11-13T10:48:43+00:00","mainEntityOfPage":{"@id":"https:\/\/www.meydan.tv\/az\/article\/feministler-polanskinin-yeni-filminin-numayisine-mane-olub\/"},"wordCount":476,"publisher":{"@id":"https:\/\/www.meydan.tv\/az\/#organization"},"image":{"@id":"https:\/\/www.meydan.tv\/az\/article\/feministler-polanskinin-yeni-filminin-numayisine-mane-olub\/#primaryimage"},"thumbnailUrl":"https:\/\/www.meydan.tv\/wp-content\/uploads\/085dc92a-a2ee-4634-875c-126abd2a6b8b.jpeg","articleSection":["D\u00fcnya"],"inLanguage":"az"},{"@type":"WebPage","@id":"https:\/\/www.meydan.tv\/az\/article\/feministler-polanskinin-yeni-filminin-numayisine-mane-olub\/","url":"https:\/\/www.meydan.tv\/az\/article\/feministler-polanskinin-yeni-filminin-numayisine-mane-olub\/","name":"Feministl\u0259r Polanskinin yeni filminin n\u00fcmayi\u015fin\u0259 mane olub - MEYDAN.TV","isPartOf":{"@id":"https:\/\/www.meydan.tv\/az\/#website"},"primaryImageOfPage":{"@id":"https:\/\/www.meydan.tv\/az\/article\/feministler-polanskinin-yeni-filminin-numayisine-mane-olub\/#primaryimage"},"image":{"@id":"https:\/\/www.meydan.tv\/az\/article\/feministler-polanskinin-yeni-filminin-numayisine-mane-olub\/#primaryimage"},"thumbnailUrl":"https:\/\/www.meydan.tv\/wp-content\/uploads\/085dc92a-a2ee-4634-875c-126abd2a6b8b.jpeg","datePublished":"2019-11-13T10:48:43+00:00","breadcrumb":{"@id":"https:\/\/www.meydan.tv\/az\/article\/feministler-polanskinin-yeni-filminin-numayisine-mane-olub\/#breadcrumb"},"inLanguage":"az","potentialAction":[{"@type":"ReadAction","target":["https:\/\/www.meydan.tv\/az\/article\/feministler-polanskinin-yeni-filminin-numayisine-mane-olub\/"]}]},{"@type":"ImageObject","inLanguage":"az","@id":"https:\/\/www.meydan.tv\/az\/article\/feministler-polanskinin-yeni-filminin-numayisine-mane-olub\/#primaryimage","url":"https:\/\/www.meydan.tv\/wp-content\/uploads\/085dc92a-a2ee-4634-875c-126abd2a6b8b.jpeg","contentUrl":"https:\/\/www.meydan.tv\/wp-content\/uploads\/085dc92a-a2ee-4634-875c-126abd2a6b8b.jpeg","width":1190,"height":669,"caption":"Source: A"},{"@type":"BreadcrumbList","@id":"https:\/\/www.meydan.tv\/az\/article\/feministler-polanskinin-yeni-filminin-numayisine-mane-olub\/#breadcrumb","itemListElement":[{"@type":"ListItem","position":1,"name":"Ana s\u0259hif\u0259","item":"https:\/\/www.meydan.tv\/az\/"},{"@type":"ListItem","position":2,"name":"D\u00fcnya","item":"https:\/\/www.meydan.tv\/az\/section\/dunya\/"},{"@type":"ListItem","position":3,"name":"Feministl\u0259r Polanskinin yeni filminin n\u00fcmayi\u015fin\u0259 mane olub"}]},{"@type":"WebSite","@id":"https:\/\/www.meydan.tv\/az\/#website","url":"https:\/\/www.meydan.tv\/az\/","name":"MEYDAN.TV","description":"Meydan TV Az\u0259rbaycan\u0131n media m\u0259kan\u0131ndak\u0131 alternativ s\u0259sidir","publisher":{"@id":"https:\/\/www.meydan.tv\/az\/#organization"},"potentialAction":[{"@type":"SearchAction","target":{"@type":"EntryPoint","urlTemplate":"https:\/\/www.meydan.tv\/az\/?s={search_term_string}"},"query-input":{"@type":"PropertyValueSpecification","valueRequired":true,"valueName":"search_term_string"}}],"inLanguage":"az"},{"@type":"Organization","@id":"https:\/\/www.meydan.tv\/az\/#organization","name":"Meydan TV","url":"https:\/\/www.meydan.tv\/az\/","logo":{"@type":"ImageObject","inLanguage":"az","@id":"https:\/\/www.meydan.tv\/az\/#\/schema\/logo\/image\/","url":"https:\/\/www.meydan.tv\/wp-content\/uploads\/2021\/07\/meydan-logo.svg","contentUrl":"https:\/\/www.meydan.tv\/wp-content\/uploads\/2021\/07\/meydan-logo.svg","width":195,"height":46,"caption":"Meydan TV"},"image":{"@id":"https:\/\/www.meydan.tv\/az\/#\/schema\/logo\/image\/"}},{"@type":"Person","@id":"https:\/\/www.meydan.tv\/az\/#\/schema\/person\/10d11eccf6da3662cf5fdab9806ea91a","name":"user-manager"}]}},"_links":{"self":[{"href":"https:\/\/www.meydan.tv\/az\/wp-json\/wp\/v2\/posts\/197908","targetHints":{"allow":["GET"]}}],"collection":[{"href":"https:\/\/www.meydan.tv\/az\/wp-json\/wp\/v2\/posts"}],"about":[{"href":"https:\/\/www.meydan.tv\/az\/wp-json\/wp\/v2\/types\/post"}],"author":[{"embeddable":true,"href":"https:\/\/www.meydan.tv\/az\/wp-json\/wp\/v2\/users\/11"}],"replies":[{"embeddable":true,"href":"https:\/\/www.meydan.tv\/az\/wp-json\/wp\/v2\/comments?post=197908"}],"version-history":[{"count":0,"href":"https:\/\/www.meydan.tv\/az\/wp-json\/wp\/v2\/posts\/197908\/revisions"}],"wp:featuredmedia":[{"embeddable":true,"href":"https:\/\/www.meydan.tv\/az\/wp-json\/wp\/v2\/media\/133005"}],"wp:attachment":[{"href":"https:\/\/www.meydan.tv\/az\/wp-json\/wp\/v2\/media?parent=197908"}],"wp:term":[{"taxonomy":"category","embeddable":true,"href":"https:\/\/www.meydan.tv\/az\/wp-json\/wp\/v2\/categories?post=197908"},{"taxonomy":"post_tag","embeddable":true,"href":"https:\/\/www.meydan.tv\/az\/wp-json\/wp\/v2\/tags?post=197908"}],"curies":[{"name":"wp","href":"https:\/\/api.w.org\/{rel}","templated":true}]}}