{"id":197901,"date":"2019-11-13T05:17:58","date_gmt":"2019-11-13T05:17:58","guid":{"rendered":"https:\/\/www.meydan.tv\/article\/boliviya-prezidenti-meksikadan-siginacaq-almaq-isteyir\/"},"modified":"2019-11-13T05:17:58","modified_gmt":"2019-11-13T05:17:58","slug":"boliviya-prezidenti-meksikadan-siginacaq-almaq-isteyir","status":"publish","type":"post","link":"https:\/\/www.meydan.tv\/az\/article\/boliviya-prezidenti-meksikadan-siginacaq-almaq-isteyir\/","title":{"rendered":"Boliviya prezidenti Meksikadan s\u0131\u011f\u0131nacaq almaq ist\u0259yir"},"content":{"rendered":"<p>\n  <i><br \/>\n    \u00d6lk\u0259 lider axtar\u0131\u015f\u0131ndad\u0131r<br \/>\n  <\/i>\n<\/p>\n<p>\n  Boliviyan\u0131n ke\u00e7mi\u015f lideri Evo Morales \u00e7\u0259r\u015f\u0259nb\u0259 ax\u015fam\u0131 s\u0131\u011f\u0131nacaq almaq \u00fc\u00e7\u00fcn Meksikaya u\u00e7ub. \u201cReuters\u201d x\u0259b\u0259r verir ki, uzun m\u00fcdd\u0259t hakimiyy\u0259td\u0259 olan sol\u00e7u liderin istefas\u0131ndan sonra t\u0259hl\u00fck\u0259sizlik q\u00fcvv\u0259l\u0259ri \u00f6lk\u0259d\u0259 davam ed\u0259n qar\u0131\u015f\u0131ql\u0131\u011f\u0131n qar\u015f\u0131s\u0131n\u0131 alma\u011fa \u00e7al\u0131\u015fark\u0259n mill\u0259t v\u0259kill\u0259ri Moralesi m\u00fcv\u0259qq\u0259ti \u0259v\u0259z ed\u0259c\u0259k birini axtar\u0131r.\n<\/p>\n<p>\n  M\u00fcbahis\u0259li oktyabr se\u00e7kisi il\u0259 \u0259laq\u0259dar h\u0259ft\u0259l\u0259rl\u0259 davam ed\u0259n etirazlardan sonra v\u0259zif\u0259sind\u0259n istefa ver\u0259n Morales Meksika H\u0259rbi Hava Q\u00fcvv\u0259l\u0259rin\u0259 m\u0259xsus t\u0259yyar\u0259yl\u0259 Chimore \u015f\u0259h\u0259rind\u0259n u\u00e7ub. Chimore \u015f\u0259h\u0259rind\u0259 Boliviyan\u0131n ilk yerli prezidentinin 14 illik hakimiyy\u0259tinin da\u011f\u0131lmas\u0131yla geri \u00e7\u0259kilib.\n<\/p>\n<p>\n  T\u0259yyar\u0259 yerli vaxtla s\u0259h\u0259r saat 9-da Meksikaya u\u00e7mazdan \u0259vv\u0259l yanacaq doldurmaq \u00fc\u00e7\u00fcn Paraqvayda dayan\u0131b.\n<\/p>\n<p>\n  \u201cOnun h\u0259yat\u0131 v\u0259 b\u00fct\u00f6vl\u00fcy\u00fc t\u0259hl\u00fck\u0259sizdir\u201d dey\u0259, \u201cTwitter\u201dd\u0259 Meksikan\u0131n Xarici i\u015fl\u0259r naziri Marselo Ebrard yaz\u0131b. O v\u0259 onun sol\u00e7u h\u00f6kum\u0259ti Moralesin d\u00f6vl\u0259t \u00e7evrili\u015fi il\u0259 ba\u011fl\u0131 ittihamlar\u0131n\u0131 d\u0259st\u0259kl\u0259yib.\n<\/p>\n<p>\n  Ebrard Meksikan\u0131n q\u0131rm\u0131z\u0131, a\u011f v\u0259 ya\u015f\u0131l bayraqlar\u0131n\u0131 quca\u011f\u0131na alaraq t\u0259b\u0259ss\u00fcm etm\u0259y\u0259n \u00fcz ifad\u0259si il\u0259 t\u0259k oturan Moralesin \u015f\u0259klini tvit edib.\n<\/p>\n<p>\n  Boliviyan\u0131n y\u00fcks\u0259k da\u011fl\u0131q paytaxt\u0131 La Pazda yollar h\u0259l\u0259 d\u0259 ba\u011fl\u0131d\u0131r. \u018fsg\u0259rl\u0259r v\u0259 polisl\u0259r Moralesin istefas\u0131ndan sonra ortaya \u00e7\u0131xan r\u0259qib siyasi qruplar aras\u0131nda ba\u015f ver\u0259n qar\u015f\u0131durmalar\u0131n qar\u015f\u0131s\u0131n\u0131 almaq \u00fc\u00e7\u00fcn gec\u0259 yar\u0131s\u0131nad\u0259k ke\u015fik \u00e7\u0259kirl\u0259r.\n<\/p>\n<p>\n  Xarizmatik, 60 ya\u015fl\u0131 ke\u00e7mi\u015f fermer 2006-c\u0131 ild\u0259 hakimiyy\u0259ti qazanark\u0259n kas\u0131blar t\u0259r\u0259find\u0259n sevilirdi, lakin d\u00f6rd\u00fcnc\u00fc d\u0259f\u0259 hakimiyy\u0259t\u0259 iddial\u0131yk\u0259n boliviyal\u0131lar t\u0259r\u0259find\u0259n q\u0259bul edilm\u0259di.\n<\/p>\n<p>\n  \u00c7\u0259r\u015f\u0259nb\u0259 ax\u015fam\u0131 g\u00fcn\u00fc mill\u0259t v\u0259kill\u0259rinin Moralesin istefas\u0131n\u0131 r\u0259smi \u015f\u0259kild\u0259 q\u0259bul etm\u0259k v\u0259 yeni se\u00e7ki\u00f6nc\u0259si m\u00fcv\u0259qq\u0259ti r\u0259hb\u0259rliy\u0259 q\u0259rar verm\u0259k \u00fc\u00e7\u00fcn bir araya g\u0259lm\u0259si g\u00f6zl\u0259nilir.\n<\/p>\n<p>\n  Bazar g\u00fcn\u00fc Amerika D\u00f6vl\u0259tl\u0259ri T\u0259\u015fkilat\u0131 (OAS) oktyabrda s\u0259sverm\u0259 zaman\u0131 ba\u015f ver\u0259n qanun pozuntular\u0131 il\u0259 \u0259laq\u0259dar hesabat t\u0259qdim etdikd\u0259n sonra h\u00f6kum\u0259t da\u011f\u0131l\u0131b. Hadis\u0259 hakim partiya m\u00fctt\u0259fiql\u0259rinin aralanmas\u0131na s\u0259b\u0259b olub v\u0259 ordu Moralesin getm\u0259sini t\u0259l\u0259b edib.\n<\/p>\n<p>\n  Moralesin m\u00fcavini, h\u00f6kum\u0259t v\u0259 parlamentd\u0259ki bir \u00e7ox m\u00fctt\u0259fiqi d\u0259 h\u00f6kum\u0259td\u0259n ayr\u0131l\u0131b. M\u00fcxalif siyas\u0259t\u00e7i v\u0259 senat\u0131n ikinci vitse-prezidenti Janin Anez (Jeanine Anez) m\u00fcv\u0259qq\u0259ti olaraq \u00f6lk\u0259nin \u0259n y\u00fcks\u0259k v\u0259zif\u0259sini tuta bil\u0259r.\n<\/p>\n<p>\n  Boliviya v\u0259 Lat\u0131n Amerikas\u0131 Moralesin s\u00fcqutu il\u0259 bir-birind\u0259n ayr\u0131l\u0131b. Bir t\u0259r\u0259fd\u0259 bir \u201cdiktatorun\u201d d\u00fc\u015fm\u0259sind\u0259n sevin\u0259nl\u0259r dayanark\u0259n, dig\u0259r t\u0259r\u0259fd\u0259 Boliviyan\u0131n kapitalist elitas\u0131n\u0131 geri qaytarmaqda maraql\u0131 olan \u00e7evrili\u015f\u0259 etiraz ed\u0259n Morales t\u0259r\u0259fdarlar\u0131 durur.\n<\/p>\n<p>\n  Moralesin m\u00fcdafi\u0259 naziri Xavyer (Javier) Zavaleta da \u00e7\u0259r\u015f\u0259nb\u0259 ax\u015fam\u0131 istefa ver\u0259r\u0259k se\u00e7ki lideri Carlos Mesa v\u0259 etiraz\u00e7\u0131lar\u0131n lideri Luis Fernando Camachonu zorak\u0131l\u0131qdan \u00e7\u0259kinm\u0259y\u0259 \u00e7a\u011f\u0131r\u0131b.\n<\/p>\n<p>\n  Morales b\u00f6lg\u0259nin \u0259n kas\u0131b \u00f6lk\u0259l\u0259rind\u0259n birind\u0259 davaml\u0131 iqtisadi y\u00fcks\u0259li\u015f\u0259 nail oldu v\u0259 uzun ill\u0259r \u00e7oxpopulyar idi. Lakin Moralesin ona daha bir d\u00f6vl\u0259t ba\u015f\u00e7\u0131l\u0131\u011f\u0131 m\u00fcdd\u0259tini t\u0259min ed\u0259c\u0259k 2016-c\u0131 il referendumuna \u00e7a\u011f\u0131r\u0131\u015f\u0131 xalq aras\u0131nda avtokratiya ittihamlar\u0131na s\u0259b\u0259b oldu.\n<\/p>\n<p>\n  Onun getm\u0259si Lat\u0131n Amerikas\u0131nda, o c\u00fcml\u0259d\u0259n Ekvador v\u0259 \u00c7ilid\u0259 etiraz dal\u011fas\u0131na t\u0259kan verib.\n<\/p>\n<p>\n  Meksika prezidenti Andres Manuel Lopez Obrador Moralesi insanlar\u0131n h\u0259yat\u0131n\u0131 t\u0259hl\u00fck\u0259y\u0259 atmadan istefa etm\u0259sini t\u0259qdir edib.<\/p>\n","protected":false},"excerpt":{"rendered":"<p>\u018fsg\u0259rl\u0259r v\u0259 polisl\u0259r Moralesin istefas\u0131ndan sonra ortaya \u00e7\u0131xan r\u0259qib siyasi qruplar aras\u0131nda ba\u015f ver\u0259n qar\u015f\u0131durmalar\u0131n qar\u015f\u0131s\u0131n\u0131 almaq \u00fc\u00e7\u00fcn gec\u0259 yar\u0131s\u0131nad\u0259k ke\u015fik \u00e7\u0259kirl\u0259r.<\/p>\n","protected":false},"author":11,"featured_media":132996,"comment_status":"closed","ping_status":"open","sticky":false,"template":"","format":"standard","meta":{"_acf_changed":false,"_sitemap_exclude":false,"_sitemap_priority":"","_sitemap_frequency":"","footnotes":""},"categories":[64],"tags":[],"class_list":["post-197901","post","type-post","status-publish","format-standard","has-post-thumbnail","hentry","category-dunya","infinite-scroll-item","generate-columns","tablet-grid-50","mobile-grid-100","grid-parent","grid-33","no-featured-image-padding"],"acf":[],"yoast_head":"<!-- This site is optimized with the Yoast SEO plugin v27.5 - https:\/\/yoast.com\/product\/yoast-seo-wordpress\/ -->\n<title>Boliviya prezidenti Meksikadan s\u0131\u011f\u0131nacaq almaq ist\u0259yir - MEYDAN.TV<\/title>\n<meta name=\"robots\" content=\"index, follow, max-snippet:-1, max-image-preview:large, max-video-preview:-1\" \/>\n<link rel=\"canonical\" href=\"https:\/\/www.meydan.tv\/az\/article\/boliviya-prezidenti-meksikadan-siginacaq-almaq-isteyir\/\" \/>\n<meta property=\"og:locale\" content=\"az_AZ\" \/>\n<meta property=\"og:type\" content=\"article\" \/>\n<meta property=\"og:title\" content=\"Boliviya prezidenti Meksikadan s\u0131\u011f\u0131nacaq almaq ist\u0259yir - MEYDAN.TV\" \/>\n<meta property=\"og:description\" content=\"\u018fsg\u0259rl\u0259r v\u0259 polisl\u0259r Moralesin istefas\u0131ndan sonra ortaya \u00e7\u0131xan r\u0259qib siyasi qruplar aras\u0131nda ba\u015f ver\u0259n qar\u015f\u0131durmalar\u0131n qar\u015f\u0131s\u0131n\u0131 almaq \u00fc\u00e7\u00fcn gec\u0259 yar\u0131s\u0131nad\u0259k ke\u015fik \u00e7\u0259kirl\u0259r.\" \/>\n<meta property=\"og:url\" content=\"https:\/\/www.meydan.tv\/az\/article\/boliviya-prezidenti-meksikadan-siginacaq-almaq-isteyir\/\" \/>\n<meta property=\"og:site_name\" content=\"MEYDAN.TV\" \/>\n<meta property=\"article:published_time\" content=\"2019-11-13T05:17:58+00:00\" \/>\n<meta property=\"og:image\" content=\"https:\/\/www.meydan.tv\/wp-content\/uploads\/15734488074894968975dc8ec6729ac0.jpg\" \/>\n\t<meta property=\"og:image:width\" content=\"1229\" \/>\n\t<meta property=\"og:image:height\" content=\"804\" \/>\n\t<meta property=\"og:image:type\" content=\"image\/jpeg\" \/>\n<meta name=\"author\" content=\"user-manager\" \/>\n<meta name=\"twitter:card\" content=\"summary_large_image\" \/>\n<script type=\"application\/ld+json\" class=\"yoast-schema-graph\">{\"@context\":\"https:\\\/\\\/schema.org\",\"@graph\":[{\"@type\":\"Article\",\"@id\":\"https:\\\/\\\/www.meydan.tv\\\/az\\\/article\\\/boliviya-prezidenti-meksikadan-siginacaq-almaq-isteyir\\\/#article\",\"isPartOf\":{\"@id\":\"https:\\\/\\\/www.meydan.tv\\\/az\\\/article\\\/boliviya-prezidenti-meksikadan-siginacaq-almaq-isteyir\\\/\"},\"author\":{\"name\":\"user-manager\",\"@id\":\"https:\\\/\\\/www.meydan.tv\\\/az\\\/#\\\/schema\\\/person\\\/10d11eccf6da3662cf5fdab9806ea91a\"},\"headline\":\"Boliviya prezidenti Meksikadan s\u0131\u011f\u0131nacaq almaq ist\u0259yir\",\"datePublished\":\"2019-11-13T05:17:58+00:00\",\"mainEntityOfPage\":{\"@id\":\"https:\\\/\\\/www.meydan.tv\\\/az\\\/article\\\/boliviya-prezidenti-meksikadan-siginacaq-almaq-isteyir\\\/\"},\"wordCount\":701,\"publisher\":{\"@id\":\"https:\\\/\\\/www.meydan.tv\\\/az\\\/#organization\"},\"image\":{\"@id\":\"https:\\\/\\\/www.meydan.tv\\\/az\\\/article\\\/boliviya-prezidenti-meksikadan-siginacaq-almaq-isteyir\\\/#primaryimage\"},\"thumbnailUrl\":\"https:\\\/\\\/www.meydan.tv\\\/wp-content\\\/uploads\\\/15734488074894968975dc8ec6729ac0.jpg\",\"articleSection\":[\"D\u00fcnya\"],\"inLanguage\":\"az\"},{\"@type\":\"WebPage\",\"@id\":\"https:\\\/\\\/www.meydan.tv\\\/az\\\/article\\\/boliviya-prezidenti-meksikadan-siginacaq-almaq-isteyir\\\/\",\"url\":\"https:\\\/\\\/www.meydan.tv\\\/az\\\/article\\\/boliviya-prezidenti-meksikadan-siginacaq-almaq-isteyir\\\/\",\"name\":\"Boliviya prezidenti Meksikadan s\u0131\u011f\u0131nacaq almaq ist\u0259yir - MEYDAN.TV\",\"isPartOf\":{\"@id\":\"https:\\\/\\\/www.meydan.tv\\\/az\\\/#website\"},\"primaryImageOfPage\":{\"@id\":\"https:\\\/\\\/www.meydan.tv\\\/az\\\/article\\\/boliviya-prezidenti-meksikadan-siginacaq-almaq-isteyir\\\/#primaryimage\"},\"image\":{\"@id\":\"https:\\\/\\\/www.meydan.tv\\\/az\\\/article\\\/boliviya-prezidenti-meksikadan-siginacaq-almaq-isteyir\\\/#primaryimage\"},\"thumbnailUrl\":\"https:\\\/\\\/www.meydan.tv\\\/wp-content\\\/uploads\\\/15734488074894968975dc8ec6729ac0.jpg\",\"datePublished\":\"2019-11-13T05:17:58+00:00\",\"breadcrumb\":{\"@id\":\"https:\\\/\\\/www.meydan.tv\\\/az\\\/article\\\/boliviya-prezidenti-meksikadan-siginacaq-almaq-isteyir\\\/#breadcrumb\"},\"inLanguage\":\"az\",\"potentialAction\":[{\"@type\":\"ReadAction\",\"target\":[\"https:\\\/\\\/www.meydan.tv\\\/az\\\/article\\\/boliviya-prezidenti-meksikadan-siginacaq-almaq-isteyir\\\/\"]}]},{\"@type\":\"ImageObject\",\"inLanguage\":\"az\",\"@id\":\"https:\\\/\\\/www.meydan.tv\\\/az\\\/article\\\/boliviya-prezidenti-meksikadan-siginacaq-almaq-isteyir\\\/#primaryimage\",\"url\":\"https:\\\/\\\/www.meydan.tv\\\/wp-content\\\/uploads\\\/15734488074894968975dc8ec6729ac0.jpg\",\"contentUrl\":\"https:\\\/\\\/www.meydan.tv\\\/wp-content\\\/uploads\\\/15734488074894968975dc8ec6729ac0.jpg\",\"width\":1229,\"height\":804,\"caption\":\"Source: Foto: arxiv\"},{\"@type\":\"BreadcrumbList\",\"@id\":\"https:\\\/\\\/www.meydan.tv\\\/az\\\/article\\\/boliviya-prezidenti-meksikadan-siginacaq-almaq-isteyir\\\/#breadcrumb\",\"itemListElement\":[{\"@type\":\"ListItem\",\"position\":1,\"name\":\"Ana s\u0259hif\u0259\",\"item\":\"https:\\\/\\\/www.meydan.tv\\\/az\\\/\"},{\"@type\":\"ListItem\",\"position\":2,\"name\":\"D\u00fcnya\",\"item\":\"https:\\\/\\\/www.meydan.tv\\\/az\\\/section\\\/dunya\\\/\"},{\"@type\":\"ListItem\",\"position\":3,\"name\":\"Boliviya prezidenti Meksikadan s\u0131\u011f\u0131nacaq almaq ist\u0259yir\"}]},{\"@type\":\"WebSite\",\"@id\":\"https:\\\/\\\/www.meydan.tv\\\/az\\\/#website\",\"url\":\"https:\\\/\\\/www.meydan.tv\\\/az\\\/\",\"name\":\"MEYDAN.TV\",\"description\":\"Meydan TV Az\u0259rbaycan\u0131n media m\u0259kan\u0131ndak\u0131 alternativ s\u0259sidir\",\"publisher\":{\"@id\":\"https:\\\/\\\/www.meydan.tv\\\/az\\\/#organization\"},\"potentialAction\":[{\"@type\":\"SearchAction\",\"target\":{\"@type\":\"EntryPoint\",\"urlTemplate\":\"https:\\\/\\\/www.meydan.tv\\\/az\\\/?s={search_term_string}\"},\"query-input\":{\"@type\":\"PropertyValueSpecification\",\"valueRequired\":true,\"valueName\":\"search_term_string\"}}],\"inLanguage\":\"az\"},{\"@type\":\"Organization\",\"@id\":\"https:\\\/\\\/www.meydan.tv\\\/az\\\/#organization\",\"name\":\"Meydan TV\",\"url\":\"https:\\\/\\\/www.meydan.tv\\\/az\\\/\",\"logo\":{\"@type\":\"ImageObject\",\"inLanguage\":\"az\",\"@id\":\"https:\\\/\\\/www.meydan.tv\\\/az\\\/#\\\/schema\\\/logo\\\/image\\\/\",\"url\":\"https:\\\/\\\/www.meydan.tv\\\/wp-content\\\/uploads\\\/2021\\\/07\\\/meydan-logo.svg\",\"contentUrl\":\"https:\\\/\\\/www.meydan.tv\\\/wp-content\\\/uploads\\\/2021\\\/07\\\/meydan-logo.svg\",\"width\":195,\"height\":46,\"caption\":\"Meydan TV\"},\"image\":{\"@id\":\"https:\\\/\\\/www.meydan.tv\\\/az\\\/#\\\/schema\\\/logo\\\/image\\\/\"}},{\"@type\":\"Person\",\"@id\":\"https:\\\/\\\/www.meydan.tv\\\/az\\\/#\\\/schema\\\/person\\\/10d11eccf6da3662cf5fdab9806ea91a\",\"name\":\"user-manager\"}]}<\/script>\n<!-- \/ Yoast SEO plugin. -->","yoast_head_json":{"title":"Boliviya prezidenti Meksikadan s\u0131\u011f\u0131nacaq almaq ist\u0259yir - MEYDAN.TV","robots":{"index":"index","follow":"follow","max-snippet":"max-snippet:-1","max-image-preview":"max-image-preview:large","max-video-preview":"max-video-preview:-1"},"canonical":"https:\/\/www.meydan.tv\/az\/article\/boliviya-prezidenti-meksikadan-siginacaq-almaq-isteyir\/","og_locale":"az_AZ","og_type":"article","og_title":"Boliviya prezidenti Meksikadan s\u0131\u011f\u0131nacaq almaq ist\u0259yir - MEYDAN.TV","og_description":"\u018fsg\u0259rl\u0259r v\u0259 polisl\u0259r Moralesin istefas\u0131ndan sonra ortaya \u00e7\u0131xan r\u0259qib siyasi qruplar aras\u0131nda ba\u015f ver\u0259n qar\u015f\u0131durmalar\u0131n qar\u015f\u0131s\u0131n\u0131 almaq \u00fc\u00e7\u00fcn gec\u0259 yar\u0131s\u0131nad\u0259k ke\u015fik \u00e7\u0259kirl\u0259r.","og_url":"https:\/\/www.meydan.tv\/az\/article\/boliviya-prezidenti-meksikadan-siginacaq-almaq-isteyir\/","og_site_name":"MEYDAN.TV","article_published_time":"2019-11-13T05:17:58+00:00","og_image":[{"width":1229,"height":804,"url":"https:\/\/www.meydan.tv\/wp-content\/uploads\/15734488074894968975dc8ec6729ac0.jpg","type":"image\/jpeg"}],"author":"user-manager","twitter_card":"summary_large_image","schema":{"@context":"https:\/\/schema.org","@graph":[{"@type":"Article","@id":"https:\/\/www.meydan.tv\/az\/article\/boliviya-prezidenti-meksikadan-siginacaq-almaq-isteyir\/#article","isPartOf":{"@id":"https:\/\/www.meydan.tv\/az\/article\/boliviya-prezidenti-meksikadan-siginacaq-almaq-isteyir\/"},"author":{"name":"user-manager","@id":"https:\/\/www.meydan.tv\/az\/#\/schema\/person\/10d11eccf6da3662cf5fdab9806ea91a"},"headline":"Boliviya prezidenti Meksikadan s\u0131\u011f\u0131nacaq almaq ist\u0259yir","datePublished":"2019-11-13T05:17:58+00:00","mainEntityOfPage":{"@id":"https:\/\/www.meydan.tv\/az\/article\/boliviya-prezidenti-meksikadan-siginacaq-almaq-isteyir\/"},"wordCount":701,"publisher":{"@id":"https:\/\/www.meydan.tv\/az\/#organization"},"image":{"@id":"https:\/\/www.meydan.tv\/az\/article\/boliviya-prezidenti-meksikadan-siginacaq-almaq-isteyir\/#primaryimage"},"thumbnailUrl":"https:\/\/www.meydan.tv\/wp-content\/uploads\/15734488074894968975dc8ec6729ac0.jpg","articleSection":["D\u00fcnya"],"inLanguage":"az"},{"@type":"WebPage","@id":"https:\/\/www.meydan.tv\/az\/article\/boliviya-prezidenti-meksikadan-siginacaq-almaq-isteyir\/","url":"https:\/\/www.meydan.tv\/az\/article\/boliviya-prezidenti-meksikadan-siginacaq-almaq-isteyir\/","name":"Boliviya prezidenti Meksikadan s\u0131\u011f\u0131nacaq almaq ist\u0259yir - MEYDAN.TV","isPartOf":{"@id":"https:\/\/www.meydan.tv\/az\/#website"},"primaryImageOfPage":{"@id":"https:\/\/www.meydan.tv\/az\/article\/boliviya-prezidenti-meksikadan-siginacaq-almaq-isteyir\/#primaryimage"},"image":{"@id":"https:\/\/www.meydan.tv\/az\/article\/boliviya-prezidenti-meksikadan-siginacaq-almaq-isteyir\/#primaryimage"},"thumbnailUrl":"https:\/\/www.meydan.tv\/wp-content\/uploads\/15734488074894968975dc8ec6729ac0.jpg","datePublished":"2019-11-13T05:17:58+00:00","breadcrumb":{"@id":"https:\/\/www.meydan.tv\/az\/article\/boliviya-prezidenti-meksikadan-siginacaq-almaq-isteyir\/#breadcrumb"},"inLanguage":"az","potentialAction":[{"@type":"ReadAction","target":["https:\/\/www.meydan.tv\/az\/article\/boliviya-prezidenti-meksikadan-siginacaq-almaq-isteyir\/"]}]},{"@type":"ImageObject","inLanguage":"az","@id":"https:\/\/www.meydan.tv\/az\/article\/boliviya-prezidenti-meksikadan-siginacaq-almaq-isteyir\/#primaryimage","url":"https:\/\/www.meydan.tv\/wp-content\/uploads\/15734488074894968975dc8ec6729ac0.jpg","contentUrl":"https:\/\/www.meydan.tv\/wp-content\/uploads\/15734488074894968975dc8ec6729ac0.jpg","width":1229,"height":804,"caption":"Source: Foto: arxiv"},{"@type":"BreadcrumbList","@id":"https:\/\/www.meydan.tv\/az\/article\/boliviya-prezidenti-meksikadan-siginacaq-almaq-isteyir\/#breadcrumb","itemListElement":[{"@type":"ListItem","position":1,"name":"Ana s\u0259hif\u0259","item":"https:\/\/www.meydan.tv\/az\/"},{"@type":"ListItem","position":2,"name":"D\u00fcnya","item":"https:\/\/www.meydan.tv\/az\/section\/dunya\/"},{"@type":"ListItem","position":3,"name":"Boliviya prezidenti Meksikadan s\u0131\u011f\u0131nacaq almaq ist\u0259yir"}]},{"@type":"WebSite","@id":"https:\/\/www.meydan.tv\/az\/#website","url":"https:\/\/www.meydan.tv\/az\/","name":"MEYDAN.TV","description":"Meydan TV Az\u0259rbaycan\u0131n media m\u0259kan\u0131ndak\u0131 alternativ s\u0259sidir","publisher":{"@id":"https:\/\/www.meydan.tv\/az\/#organization"},"potentialAction":[{"@type":"SearchAction","target":{"@type":"EntryPoint","urlTemplate":"https:\/\/www.meydan.tv\/az\/?s={search_term_string}"},"query-input":{"@type":"PropertyValueSpecification","valueRequired":true,"valueName":"search_term_string"}}],"inLanguage":"az"},{"@type":"Organization","@id":"https:\/\/www.meydan.tv\/az\/#organization","name":"Meydan TV","url":"https:\/\/www.meydan.tv\/az\/","logo":{"@type":"ImageObject","inLanguage":"az","@id":"https:\/\/www.meydan.tv\/az\/#\/schema\/logo\/image\/","url":"https:\/\/www.meydan.tv\/wp-content\/uploads\/2021\/07\/meydan-logo.svg","contentUrl":"https:\/\/www.meydan.tv\/wp-content\/uploads\/2021\/07\/meydan-logo.svg","width":195,"height":46,"caption":"Meydan TV"},"image":{"@id":"https:\/\/www.meydan.tv\/az\/#\/schema\/logo\/image\/"}},{"@type":"Person","@id":"https:\/\/www.meydan.tv\/az\/#\/schema\/person\/10d11eccf6da3662cf5fdab9806ea91a","name":"user-manager"}]}},"_links":{"self":[{"href":"https:\/\/www.meydan.tv\/az\/wp-json\/wp\/v2\/posts\/197901","targetHints":{"allow":["GET"]}}],"collection":[{"href":"https:\/\/www.meydan.tv\/az\/wp-json\/wp\/v2\/posts"}],"about":[{"href":"https:\/\/www.meydan.tv\/az\/wp-json\/wp\/v2\/types\/post"}],"author":[{"embeddable":true,"href":"https:\/\/www.meydan.tv\/az\/wp-json\/wp\/v2\/users\/11"}],"replies":[{"embeddable":true,"href":"https:\/\/www.meydan.tv\/az\/wp-json\/wp\/v2\/comments?post=197901"}],"version-history":[{"count":0,"href":"https:\/\/www.meydan.tv\/az\/wp-json\/wp\/v2\/posts\/197901\/revisions"}],"wp:featuredmedia":[{"embeddable":true,"href":"https:\/\/www.meydan.tv\/az\/wp-json\/wp\/v2\/media\/132996"}],"wp:attachment":[{"href":"https:\/\/www.meydan.tv\/az\/wp-json\/wp\/v2\/media?parent=197901"}],"wp:term":[{"taxonomy":"category","embeddable":true,"href":"https:\/\/www.meydan.tv\/az\/wp-json\/wp\/v2\/categories?post=197901"},{"taxonomy":"post_tag","embeddable":true,"href":"https:\/\/www.meydan.tv\/az\/wp-json\/wp\/v2\/tags?post=197901"}],"curies":[{"name":"wp","href":"https:\/\/api.w.org\/{rel}","templated":true}]}}