{"id":197892,"date":"2019-11-12T17:09:05","date_gmt":"2019-11-12T17:09:05","guid":{"rendered":"https:\/\/www.meydan.tv\/article\/mingecevirli-sahibkar-icra-bascisi-fealiyyetime-qesden-engeller-yaradir\/"},"modified":"2019-11-12T17:09:05","modified_gmt":"2019-11-12T17:09:05","slug":"mingecevirli-sahibkar-icra-bascisi-fealiyyetime-qesden-engeller-yaradir","status":"publish","type":"post","link":"https:\/\/www.meydan.tv\/az\/article\/mingecevirli-sahibkar-icra-bascisi-fealiyyetime-qesden-engeller-yaradir\/","title":{"rendered":"Ming\u0259\u00e7evirli sahibkar: \u0130cra ba\u015f\u00e7\u0131s\u0131 f\u0259aliyy\u0259tim\u0259 q\u0259sd\u0259n \u0259ng\u0259ll\u0259r yarad\u0131r"},"content":{"rendered":"<p>\n  <i><br \/>\n    \u018fli Muradov deyir, \u015f\u0259h\u0259rd\u0259 sahibkarl\u0131q f\u0259aliyy\u0259til\u0259 yaln\u0131z ba\u015f\u00e7\u0131n\u0131n yax\u0131nlar\u0131 rahat m\u0259\u015f\u011ful ola bilir<br \/>\n  <\/i>\n<\/p>\n<p>\n  \u201cMarket\u0259 girib, kassan\u0131n qar\u015f\u0131s\u0131nda n\u00f6vb\u0259d\u0259 dayan\u0131b, \u015f\u0259kil \u00e7\u0259kdirib sosial \u015f\u0259b\u0259k\u0259l\u0259rd\u0259 yaymaqla deyil, s\u0259mimiyy\u0259t ba\u015fqa \u015feydir. Bizim ba\u015f\u00e7\u0131 \u00f6z\u00fcn\u00fc ictimaiyy\u0259t\u0259 sad\u0259, s\u0259mimi birisi kimi s\u0131r\u0131ma\u011fa c\u0259hd edir, ger\u00e7\u0259kd\u0259 is\u0259 sad\u0259 insanlara z\u00fclm el\u0259yir, arxas\u0131nda m\u0259mur olmayan, r\u00fc\u015fv\u0259t verm\u0259y\u0259n m\u0259nim kimi sahibkar\u0131n son n\u0259f\u0259sini k\u0259sm\u0259k \u00fc\u00e7\u00fcn \u0259lind\u0259n g\u0259l\u0259ni ard\u0131na qoymur\u201d.\n<\/p>\n<p>\n  Ming\u0259\u00e7evir sakini \u018fli Muradov ki\u00e7ik sahibkard\u0131r. \u0130n\u015faat materiallar\u0131n\u0131n sat\u0131\u015f\u0131yla m\u0259\u015f\u011ful olur. \u015e\u0259h\u0259rin Azdress q\u0259s\u0259b\u0259sind\u0259 sah\u0259si 150 kvadratmetr olan in\u015faat materiallar\u0131 ma\u011fazas\u0131 var. Meydan TV-y\u0259 dan\u0131\u015f\u0131r ki, yerli icra hakimiyy\u0259ti ona i\u015fl\u0259m\u0259y\u0259 imkan vermir. Qurumun r\u0259hb\u0259rliyi h\u0259r d\u0259f\u0259 m\u00fcxt\u0259lif b\u0259han\u0259l\u0259rl\u0259 sahibkarl\u0131q f\u0259aliyy\u0259tin\u0259 mane olma\u011fa \u00e7al\u0131\u015f\u0131r.\n<\/p>\n<p>\n  <b><br \/>\n    \u201cQanun t\u0259kc\u0259 sad\u0259 xalqa h\u0259r \u015feyi qada\u011fan edir\u201d<br \/>\n  <\/b>\n<\/p>\n<p>\n  \u201c10 g\u00fcnd\u0259n \u00e7oxdur ki, yerli polis ma\u011fazaya g\u0259lir, ma\u011fazan\u0131n qar\u015f\u0131s\u0131na y\u0131\u011fd\u0131\u011f\u0131m 8 kis\u0259 sementi oradan y\u0131\u011f\u0131\u015fd\u0131rma\u011f\u0131m\u0131 t\u0259l\u0259b edir. \u015f\u0259xs\u0259n icra ba\u015f\u00e7\u0131s\u0131n\u0131n t\u0259l\u0259bi var ki, mallar\u0131 i\u00e7\u0259ri y\u0131\u011fasan. Deyir\u0259m, sa\u011f\u0131mdak\u0131, solumdak\u0131 ma\u011fazalar\u0131n qar\u015f\u0131s\u0131na toplanan mallar m\u0259nim ma\u011fazam\u0131n qasr\u015f\u0131s\u0131ndak\u0131ndan iki d\u0259f\u0259 \u00e7oxdur. Qanun ham\u0131 \u00fc\u00e7\u00fcn qanundur, niy\u0259 yaln\u0131z m\u0259nd\u0259n t\u0259l\u0259b olunur? Deyirl\u0259r, filan ma\u011faza filank\u0259sindir, ba\u015f\u00e7\u0131 tap\u015f\u0131r\u0131b ki, d\u0259ym\u0259yin, filan ma\u011faza filank\u0259sin o\u011flunundur, ba\u015f\u00e7\u0131n\u0131n tap\u015f\u0131r\u0131\u011f\u0131 var, o ma\u011faza da toxunulmazd\u0131r. Bir s\u00f6zl\u0259, kimin ba\u015f\u00e7\u0131yla yax\u0131nl\u0131\u011f\u0131 varsa, ist\u0259s\u0259, mallar\u0131n\u0131 apar\u0131b icra hakimiyy\u0259tinin binas\u0131n\u0131n qar\u015f\u0131s\u0131na da y\u0131\u011fa bil\u0259r, bel\u0259 m\u0259s\u0259l\u0259l\u0259rd\u0259 qanun birc\u0259 sad\u0259 xalqa h\u0259r \u015feyi qada\u011fan edir\u201d, &#8211; \u018fli Muradov deyir.\n<\/p>\n<figure class=\"wp-block-image size-large\">\n  <img decoding=\"async\" src=\"https:\/\/www.meydan.tv\/az\/image_from_ios-3-jpg-27\/\" alt=\"image_from_ios (3).jpg\" class=\"wp-image-132870\"\/><figcaption>\n    Qanun ham\u0131 \u00fc\u00e7\u00fcn qanundur, niy\u0259 yaln\u0131z m\u0259nd\u0259n t\u0259l\u0259b olunur?<br \/>\n  <\/figcaption><\/figure>\n<p>\n  <b><br \/>\n    \u201cAz qala h\u0259r g\u00fcn icra ba\u015f\u00e7\u0131s\u0131 \u00fcz\u0259rim\u0259 polis g\u00f6nd\u0259rir\u201d<br \/>\n  <\/b>\n<\/p>\n<p>\n  \u018fli Muradov deyir, onun ma\u011fazas\u0131 \u015f\u0259h\u0259r m\u0259rk\u0259zind\u0259n k\u0259nardad\u0131r. \u00dcst\u0259lik, o, \u00f6z x\u0259rci il\u0259 ma\u011fazan\u0131n \u0259traf\u0131n\u0131 abad edib:\n<\/p>\n<p>\n  \u201cVaxtil\u0259 3 min manat x\u0259rcl\u0259yib ma\u011fazan\u0131n yerl\u0259\u015fdiyi \u0259razini abad el\u0259mi\u015f\u0259m, avtomobill\u0259r \u00fc\u00e7\u00fcn park yeri d\u00fcz\u0259ltmi\u015f\u0259m, k\u00fc\u00e7\u0259y\u0259 tamet d\u00f6\u015f\u0259tdirmi\u015f\u0259m, projektorlar qurdurmu\u015fam, \u0259traf\u0131 kamerala\u015fd\u0131rm\u0131\u015fam, g\u0259tirib ma\u011fazam\u0131n qar\u015f\u0131s\u0131nda iki bankomat qura\u015fd\u0131r\u0131blar. \u018fv\u0259zind\u0259 h\u00f6kum\u0259t sahibkar kimi m\u0259nim\u00e7\u00fcn n\u0259 etdi? Devalvasiyalar \u00fcz\u00fcnd\u0259n banklara onqat borcland\u0131m, \u0259sas borcu \u00f6d\u0259s\u0259m d\u0259, faizl\u0259r g\u0259lib 42 min manata \u00e7at\u0131b, bank\u0131n t\u0259l\u0259bi il\u0259 m\u0259hk\u0259m\u0259 evimi h\u0259rraca \u00e7\u0131xar\u0131b, h\u0259r \u015feyini itirmi\u015f adamam. Ma\u011faza m\u0259nim son n\u0259f\u0259slik yerimdir, onu da qapatmaq \u00fc\u00e7\u00fcn ba\u015f\u00e7\u0131 \u0259lind\u0259n g\u0259l\u0259ni edir. 40 ya\u015f\u0131m var, indiy\u0259d\u0259k polis qap\u0131s\u0131 tan\u0131mam\u0131\u015fam, ancaq az qala h\u0259r g\u00fcn ba\u015f\u00e7\u0131 polisi \u00fcz\u0259rim\u0259 g\u00f6nd\u0259rir, m\u0259ni c\u0259rim\u0259l\u0259rl\u0259 h\u0259d\u0259l\u0259yir\u201d.\n<\/p>\n<p>\n  <b><br \/>\n    \u201cSahibkarlar\u0131 borcland\u0131r\u0131b \u00e7\u00f6kd\u00fcr\u00fcbl\u0259r, yen\u0259 \u0259l \u00e7\u0259kmirl\u0259r\u201d<br \/>\n  <\/b>\n<\/p>\n<p>\n  Sahibkar deyir, bir ne\u00e7\u0259 g\u00fcn \u0259vv\u0259l 80 manat c\u0259rim\u0259l\u0259ns\u0259 d\u0259, mallar\u0131 ma\u011fazan\u0131n qar\u015f\u0131s\u0131ndan y\u0131\u011f\u0131\u015fd\u0131rmay\u0131b:\n<\/p>\n<p>\n  \u201c\u0130tirdiyimi itirmi\u015f\u0259m, evi-e\u015fiyi \u0259lind\u0259n \u00e7\u0131xm\u0131\u015f adamam. 8 kis\u0259 sementl\u0259 z\u0259r\u0259r\u0259 d\u00fc\u015fm\u0259r\u0259m, od vurub yand\u0131raram, i\u015f onda deyil, m\u0259ni q\u0259z\u0259bl\u0259ndir\u0259n odur ki, ax\u0131 niy\u0259 qon\u015fuluqdak\u0131 ma\u011fazan\u0131n sahibind\u0259n d\u0259 qanun t\u0259l\u0259b olunmur? M\u0259nim ma\u011fazam \u015f\u0259h\u0259rd\u0259n xeyli k\u0259narda, bir q\u0259s\u0259b\u0259d\u0259 yerl\u0259\u015fir. Ancaq m\u0259n siz\u0259 icra hakimiyy\u0259tinin burnunun ucundak\u0131 ma\u011fazalar\u0131n fotolar\u0131n\u0131 \u00e7\u0259kib g\u00f6nd\u0259rmi\u015f\u0259m, hans\u0131 ki, ba\u015f\u00e7\u0131 h\u0259min ma\u011fazalar\u0131n qar\u015f\u0131s\u0131ndan h\u0259r g\u00fcn o t\u0259r\u0259f-bu t\u0259r\u0259f\u0259 \u00f6t\u00fcb ke\u00e7ir v\u0259 birc\u0259 d\u0259f\u0259 d\u0259 demir ki, mallar\u0131 ma\u011fazan\u0131n qar\u015f\u0131s\u0131ndan y\u0131\u011f\u0131\u015fd\u0131r\u0131n. Niy\u0259 m\u0259nd\u0259n qanun t\u0259l\u0259b olunur, icra hakimiyy\u0259tinin h\u0259nd\u0259v\u0259rind\u0259ki ma\u011fazalar\u0131n sahibl\u0259rind\u0259n yox? \u00c7\u00fcnki o ma\u011fazalar \u00f6zl\u0259rinindir. Ming\u0259\u00e7evird\u0259 bir qar\u0131\u015f torpaq saxlamay\u0131blar. Bizim q\u0259s\u0259b\u0259d\u0259 futbol meydan\u00e7alar\u0131na q\u0259d\u0259r h\u0259r yeri sat\u0131blar. K\u00fcr \u00e7ay\u0131n\u0131n \u00fcst\u00fcnd\u0259 obyektl\u0259r a\u00e7\u0131blar. Evimin sa\u011f\u0131, solu, arxas\u0131, qar\u015f\u0131s\u0131 piv\u0259xanad\u0131r, \u00e7ayxanad\u0131r, \u201cTopaz\u201dd\u0131r, ham\u0131s\u0131 ba\u015f\u00e7\u0131ya hesab ver\u0259n obyektl\u0259rdir. Ming\u0259\u00e7evird\u0259 g\u0259nclik m\u0259hv edilib, ham\u0131s\u0131 da m\u0259murlar\u0131n \u0259li il\u0259 m\u0259hv edilib. M\u0259nim kimi arxas\u0131z, \u00f6z g\u00fcc\u00fcn\u0259 ayaqda qalma\u011fa \u00e7al\u0131\u015fan sahibkarlar\u0131 borcland\u0131r\u0131b \u00e7\u00f6kd\u00fcr\u00fcbl\u0259r, daha n\u0259 ist\u0259yirl\u0259r bizd\u0259n?\u201d\n<\/p>\n<figure class=\"wp-block-image size-large\">\n  <img decoding=\"async\" src=\"https:\/\/www.meydan.tv\/az\/image_from_ios-6-jpg-51\/\" alt=\"image_from_ios (6).jpg\" class=\"wp-image-132876\"\/><figcaption>\n    \u018fli Muradov: Evimin sa\u011f\u0131, solu, arxas\u0131, qar\u015f\u0131s\u0131 piv\u0259xanad\u0131r, \u00e7ayxanad\u0131r, \u201cTopaz\u201dd\u0131r, ham\u0131s\u0131 ba\u015f\u00e7\u0131ya hesab ver\u0259n obyektl\u0259rdir.<br \/>\n  <\/figcaption><\/figure>\n<p>\n  <b><br \/>\n    R\u0259smi qurum: \u201cHam\u0131 qanuna tabedir\u201d<br \/>\n  <\/b>\n<\/p>\n<p>\n  \u018fli Muradov deyir, ma\u011fazan\u0131n sah\u0259si sat\u0131\u015fa \u00e7\u0131xard\u0131\u011f\u0131\u0131 in\u015faat materiallar\u0131n\u0131 y\u0131\u011fma\u011fa yetmir. Bununla bel\u0259, \u0259g\u0259r dig\u0259r ma\u011fazalardan da eyni t\u0259l\u0259bl\u0259r edils\u0259, o, sat\u0131\u015fa \u00e7\u0131xard\u0131\u011f\u0131 m\u0259hsullar\u0131 saxlama\u011fa yer axtarar. Sahibkar\u0131n dem\u0259sin\u0259 g\u00f6r\u0259, vaxtil\u0259 bu ma\u011fazan\u0131 qurmaq \u00fc\u00e7\u00fcn bankdan g\u00f6t\u00fcrd\u00fcy\u00fc kreditd\u0259n h\u0259l\u0259 d\u0259 yaxas\u0131n\u0131 qurtara bilm\u0259yib.\n<\/p>\n<p>\n  Ming\u0259\u00e7evir \u015e\u0259h\u0259r \u0130cra Hakimiyy\u0259tind\u0259n bildirilib ki, \u015f\u0259h\u0259rd\u0259 k\u00fc\u00e7\u0259 ticar\u0259tin\u0259 g\u00f6r\u0259 vaxta\u015f\u0131r\u0131 reydl\u0259r ke\u00e7irilir v\u0259 qanuni t\u0259dbirl\u0259r g\u00f6r\u00fcl\u00fcr. Bel\u0259 hallar a\u015fkar edildikc\u0259, sahibkarlar \u0130nzibati X\u0259talar M\u0259c\u0259ll\u0259sinin (\u0130XM) m\u00fcvafiq madd\u0259siyl\u0259 c\u0259rim\u0259l\u0259nir. \u015e\u0259h\u0259rin Azdress q\u0259s\u0259b\u0259sind\u0259ki Nax\u00e7\u0131van k\u00fc\u00e7\u0259sind\u0259 f\u0259aliyy\u0259t g\u00f6st\u0259r\u0259n \u201c\u018fli \u0130n\u015faat\u201d in\u015faat materiallar\u0131 ma\u011fazas\u0131n\u0131n sahibi \u018fli Muradov \u0130XM-nin 453-c\u00fc madd\u0259sin\u0259 \u0259sas\u0259n, i80 manat c\u0259rim\u0259l\u0259nib. Sahibkara x\u0259b\u0259rdarl\u0131q olunub:\n<\/p>\n<p>\n  \u201cBu m\u0259s\u0259l\u0259d\u0259 ayr\u0131-se\u00e7kilik yoxdur. Ham\u0131 qanuna tabedir. Reydl\u0259r davam edir, reydl\u0259rd\u0259 yerli polis d\u0259 i\u015ftirak edir\u201d.\n<\/p>\n<figure class=\"wp-block-image size-large\">\n  <img decoding=\"async\" src=\"https:\/\/www.meydan.tv\/az\/image_from_ios-2-jpg-60\/\" alt=\"image_from_ios (2).jpg\" class=\"wp-image-132882\"\/><figcaption>\n    \u018fli Muradov deyir ki, ma\u011fazan\u0131n sah\u0259si sat\u0131\u015fa \u00e7\u0131xard\u0131\u011f\u0131\u0131 in\u015faat materiallar\u0131n\u0131 y\u0131\u011fma\u011fa yetmir.<br \/>\n  <\/figcaption><\/figure>\n","protected":false},"excerpt":{"rendered":"<p>\u0130tirdiyimi itirmi\u015f\u0259m, evi-e\u015fiyi \u0259lind\u0259n \u00e7\u0131xm\u0131\u015f adamam<\/p>\n","protected":false},"author":11,"featured_media":132987,"comment_status":"closed","ping_status":"open","sticky":false,"template":"","format":"standard","meta":{"_acf_changed":false,"_sitemap_exclude":false,"_sitemap_priority":"","_sitemap_frequency":"","footnotes":""},"categories":[60],"tags":[],"class_list":["post-197892","post","type-post","status-publish","format-standard","has-post-thumbnail","hentry","category-bolge","infinite-scroll-item","generate-columns","tablet-grid-50","mobile-grid-100","grid-parent","grid-33","no-featured-image-padding"],"acf":[],"yoast_head":"<!-- This site is optimized with the Yoast SEO plugin v27.5 - https:\/\/yoast.com\/product\/yoast-seo-wordpress\/ -->\n<title>Ming\u0259\u00e7evirli sahibkar: \u0130cra ba\u015f\u00e7\u0131s\u0131 f\u0259aliyy\u0259tim\u0259 q\u0259sd\u0259n \u0259ng\u0259ll\u0259r yarad\u0131r - MEYDAN.TV<\/title>\n<meta name=\"robots\" content=\"index, follow, max-snippet:-1, max-image-preview:large, max-video-preview:-1\" \/>\n<link rel=\"canonical\" href=\"https:\/\/www.meydan.tv\/az\/article\/mingecevirli-sahibkar-icra-bascisi-fealiyyetime-qesden-engeller-yaradir\/\" \/>\n<meta property=\"og:locale\" content=\"az_AZ\" \/>\n<meta property=\"og:type\" content=\"article\" \/>\n<meta property=\"og:title\" content=\"Ming\u0259\u00e7evirli sahibkar: \u0130cra ba\u015f\u00e7\u0131s\u0131 f\u0259aliyy\u0259tim\u0259 q\u0259sd\u0259n \u0259ng\u0259ll\u0259r yarad\u0131r - MEYDAN.TV\" \/>\n<meta property=\"og:description\" content=\"\u0130tirdiyimi itirmi\u015f\u0259m, evi-e\u015fiyi \u0259lind\u0259n \u00e7\u0131xm\u0131\u015f adamam\" \/>\n<meta property=\"og:url\" content=\"https:\/\/www.meydan.tv\/az\/article\/mingecevirli-sahibkar-icra-bascisi-fealiyyetime-qesden-engeller-yaradir\/\" \/>\n<meta property=\"og:site_name\" content=\"MEYDAN.TV\" \/>\n<meta property=\"article:published_time\" content=\"2019-11-12T17:09:05+00:00\" \/>\n<meta property=\"og:image\" content=\"https:\/\/www.meydan.tv\/wp-content\/uploads\/photo_2019-11-12_17-08-35.jpg\" \/>\n\t<meta property=\"og:image:width\" content=\"1280\" \/>\n\t<meta property=\"og:image:height\" content=\"605\" \/>\n\t<meta property=\"og:image:type\" content=\"image\/jpeg\" \/>\n<meta name=\"author\" content=\"user-manager\" \/>\n<meta name=\"twitter:card\" content=\"summary_large_image\" \/>\n<script type=\"application\/ld+json\" class=\"yoast-schema-graph\">{\"@context\":\"https:\\\/\\\/schema.org\",\"@graph\":[{\"@type\":\"Article\",\"@id\":\"https:\\\/\\\/www.meydan.tv\\\/az\\\/article\\\/mingecevirli-sahibkar-icra-bascisi-fealiyyetime-qesden-engeller-yaradir\\\/#article\",\"isPartOf\":{\"@id\":\"https:\\\/\\\/www.meydan.tv\\\/az\\\/article\\\/mingecevirli-sahibkar-icra-bascisi-fealiyyetime-qesden-engeller-yaradir\\\/\"},\"author\":{\"name\":\"user-manager\",\"@id\":\"https:\\\/\\\/www.meydan.tv\\\/az\\\/#\\\/schema\\\/person\\\/10d11eccf6da3662cf5fdab9806ea91a\"},\"headline\":\"Ming\u0259\u00e7evirli sahibkar: \u0130cra ba\u015f\u00e7\u0131s\u0131 f\u0259aliyy\u0259tim\u0259 q\u0259sd\u0259n \u0259ng\u0259ll\u0259r yarad\u0131r\",\"datePublished\":\"2019-11-12T17:09:05+00:00\",\"mainEntityOfPage\":{\"@id\":\"https:\\\/\\\/www.meydan.tv\\\/az\\\/article\\\/mingecevirli-sahibkar-icra-bascisi-fealiyyetime-qesden-engeller-yaradir\\\/\"},\"wordCount\":1155,\"publisher\":{\"@id\":\"https:\\\/\\\/www.meydan.tv\\\/az\\\/#organization\"},\"image\":{\"@id\":\"https:\\\/\\\/www.meydan.tv\\\/az\\\/article\\\/mingecevirli-sahibkar-icra-bascisi-fealiyyetime-qesden-engeller-yaradir\\\/#primaryimage\"},\"thumbnailUrl\":\"https:\\\/\\\/www.meydan.tv\\\/wp-content\\\/uploads\\\/photo_2019-11-12_17-08-35.jpg\",\"articleSection\":[\"B\u00f6lg\u0259\"],\"inLanguage\":\"az\"},{\"@type\":\"WebPage\",\"@id\":\"https:\\\/\\\/www.meydan.tv\\\/az\\\/article\\\/mingecevirli-sahibkar-icra-bascisi-fealiyyetime-qesden-engeller-yaradir\\\/\",\"url\":\"https:\\\/\\\/www.meydan.tv\\\/az\\\/article\\\/mingecevirli-sahibkar-icra-bascisi-fealiyyetime-qesden-engeller-yaradir\\\/\",\"name\":\"Ming\u0259\u00e7evirli sahibkar: \u0130cra ba\u015f\u00e7\u0131s\u0131 f\u0259aliyy\u0259tim\u0259 q\u0259sd\u0259n \u0259ng\u0259ll\u0259r yarad\u0131r - MEYDAN.TV\",\"isPartOf\":{\"@id\":\"https:\\\/\\\/www.meydan.tv\\\/az\\\/#website\"},\"primaryImageOfPage\":{\"@id\":\"https:\\\/\\\/www.meydan.tv\\\/az\\\/article\\\/mingecevirli-sahibkar-icra-bascisi-fealiyyetime-qesden-engeller-yaradir\\\/#primaryimage\"},\"image\":{\"@id\":\"https:\\\/\\\/www.meydan.tv\\\/az\\\/article\\\/mingecevirli-sahibkar-icra-bascisi-fealiyyetime-qesden-engeller-yaradir\\\/#primaryimage\"},\"thumbnailUrl\":\"https:\\\/\\\/www.meydan.tv\\\/wp-content\\\/uploads\\\/photo_2019-11-12_17-08-35.jpg\",\"datePublished\":\"2019-11-12T17:09:05+00:00\",\"breadcrumb\":{\"@id\":\"https:\\\/\\\/www.meydan.tv\\\/az\\\/article\\\/mingecevirli-sahibkar-icra-bascisi-fealiyyetime-qesden-engeller-yaradir\\\/#breadcrumb\"},\"inLanguage\":\"az\",\"potentialAction\":[{\"@type\":\"ReadAction\",\"target\":[\"https:\\\/\\\/www.meydan.tv\\\/az\\\/article\\\/mingecevirli-sahibkar-icra-bascisi-fealiyyetime-qesden-engeller-yaradir\\\/\"]}]},{\"@type\":\"ImageObject\",\"inLanguage\":\"az\",\"@id\":\"https:\\\/\\\/www.meydan.tv\\\/az\\\/article\\\/mingecevirli-sahibkar-icra-bascisi-fealiyyetime-qesden-engeller-yaradir\\\/#primaryimage\",\"url\":\"https:\\\/\\\/www.meydan.tv\\\/wp-content\\\/uploads\\\/photo_2019-11-12_17-08-35.jpg\",\"contentUrl\":\"https:\\\/\\\/www.meydan.tv\\\/wp-content\\\/uploads\\\/photo_2019-11-12_17-08-35.jpg\",\"width\":1280,\"height\":605,\"caption\":\"Source: Meydan TV\"},{\"@type\":\"BreadcrumbList\",\"@id\":\"https:\\\/\\\/www.meydan.tv\\\/az\\\/article\\\/mingecevirli-sahibkar-icra-bascisi-fealiyyetime-qesden-engeller-yaradir\\\/#breadcrumb\",\"itemListElement\":[{\"@type\":\"ListItem\",\"position\":1,\"name\":\"Ana s\u0259hif\u0259\",\"item\":\"https:\\\/\\\/www.meydan.tv\\\/az\\\/\"},{\"@type\":\"ListItem\",\"position\":2,\"name\":\"B\u00f6lg\u0259\",\"item\":\"https:\\\/\\\/www.meydan.tv\\\/az\\\/section\\\/bolge\\\/\"},{\"@type\":\"ListItem\",\"position\":3,\"name\":\"Ming\u0259\u00e7evirli sahibkar: \u0130cra ba\u015f\u00e7\u0131s\u0131 f\u0259aliyy\u0259tim\u0259 q\u0259sd\u0259n \u0259ng\u0259ll\u0259r yarad\u0131r\"}]},{\"@type\":\"WebSite\",\"@id\":\"https:\\\/\\\/www.meydan.tv\\\/az\\\/#website\",\"url\":\"https:\\\/\\\/www.meydan.tv\\\/az\\\/\",\"name\":\"MEYDAN.TV\",\"description\":\"Meydan TV Az\u0259rbaycan\u0131n media m\u0259kan\u0131ndak\u0131 alternativ s\u0259sidir\",\"publisher\":{\"@id\":\"https:\\\/\\\/www.meydan.tv\\\/az\\\/#organization\"},\"potentialAction\":[{\"@type\":\"SearchAction\",\"target\":{\"@type\":\"EntryPoint\",\"urlTemplate\":\"https:\\\/\\\/www.meydan.tv\\\/az\\\/?s={search_term_string}\"},\"query-input\":{\"@type\":\"PropertyValueSpecification\",\"valueRequired\":true,\"valueName\":\"search_term_string\"}}],\"inLanguage\":\"az\"},{\"@type\":\"Organization\",\"@id\":\"https:\\\/\\\/www.meydan.tv\\\/az\\\/#organization\",\"name\":\"Meydan TV\",\"url\":\"https:\\\/\\\/www.meydan.tv\\\/az\\\/\",\"logo\":{\"@type\":\"ImageObject\",\"inLanguage\":\"az\",\"@id\":\"https:\\\/\\\/www.meydan.tv\\\/az\\\/#\\\/schema\\\/logo\\\/image\\\/\",\"url\":\"https:\\\/\\\/www.meydan.tv\\\/wp-content\\\/uploads\\\/2021\\\/07\\\/meydan-logo.svg\",\"contentUrl\":\"https:\\\/\\\/www.meydan.tv\\\/wp-content\\\/uploads\\\/2021\\\/07\\\/meydan-logo.svg\",\"width\":195,\"height\":46,\"caption\":\"Meydan TV\"},\"image\":{\"@id\":\"https:\\\/\\\/www.meydan.tv\\\/az\\\/#\\\/schema\\\/logo\\\/image\\\/\"}},{\"@type\":\"Person\",\"@id\":\"https:\\\/\\\/www.meydan.tv\\\/az\\\/#\\\/schema\\\/person\\\/10d11eccf6da3662cf5fdab9806ea91a\",\"name\":\"user-manager\"}]}<\/script>\n<!-- \/ Yoast SEO plugin. -->","yoast_head_json":{"title":"Ming\u0259\u00e7evirli sahibkar: \u0130cra ba\u015f\u00e7\u0131s\u0131 f\u0259aliyy\u0259tim\u0259 q\u0259sd\u0259n \u0259ng\u0259ll\u0259r yarad\u0131r - MEYDAN.TV","robots":{"index":"index","follow":"follow","max-snippet":"max-snippet:-1","max-image-preview":"max-image-preview:large","max-video-preview":"max-video-preview:-1"},"canonical":"https:\/\/www.meydan.tv\/az\/article\/mingecevirli-sahibkar-icra-bascisi-fealiyyetime-qesden-engeller-yaradir\/","og_locale":"az_AZ","og_type":"article","og_title":"Ming\u0259\u00e7evirli sahibkar: \u0130cra ba\u015f\u00e7\u0131s\u0131 f\u0259aliyy\u0259tim\u0259 q\u0259sd\u0259n \u0259ng\u0259ll\u0259r yarad\u0131r - MEYDAN.TV","og_description":"\u0130tirdiyimi itirmi\u015f\u0259m, evi-e\u015fiyi \u0259lind\u0259n \u00e7\u0131xm\u0131\u015f adamam","og_url":"https:\/\/www.meydan.tv\/az\/article\/mingecevirli-sahibkar-icra-bascisi-fealiyyetime-qesden-engeller-yaradir\/","og_site_name":"MEYDAN.TV","article_published_time":"2019-11-12T17:09:05+00:00","og_image":[{"width":1280,"height":605,"url":"https:\/\/www.meydan.tv\/wp-content\/uploads\/photo_2019-11-12_17-08-35.jpg","type":"image\/jpeg"}],"author":"user-manager","twitter_card":"summary_large_image","schema":{"@context":"https:\/\/schema.org","@graph":[{"@type":"Article","@id":"https:\/\/www.meydan.tv\/az\/article\/mingecevirli-sahibkar-icra-bascisi-fealiyyetime-qesden-engeller-yaradir\/#article","isPartOf":{"@id":"https:\/\/www.meydan.tv\/az\/article\/mingecevirli-sahibkar-icra-bascisi-fealiyyetime-qesden-engeller-yaradir\/"},"author":{"name":"user-manager","@id":"https:\/\/www.meydan.tv\/az\/#\/schema\/person\/10d11eccf6da3662cf5fdab9806ea91a"},"headline":"Ming\u0259\u00e7evirli sahibkar: \u0130cra ba\u015f\u00e7\u0131s\u0131 f\u0259aliyy\u0259tim\u0259 q\u0259sd\u0259n \u0259ng\u0259ll\u0259r yarad\u0131r","datePublished":"2019-11-12T17:09:05+00:00","mainEntityOfPage":{"@id":"https:\/\/www.meydan.tv\/az\/article\/mingecevirli-sahibkar-icra-bascisi-fealiyyetime-qesden-engeller-yaradir\/"},"wordCount":1155,"publisher":{"@id":"https:\/\/www.meydan.tv\/az\/#organization"},"image":{"@id":"https:\/\/www.meydan.tv\/az\/article\/mingecevirli-sahibkar-icra-bascisi-fealiyyetime-qesden-engeller-yaradir\/#primaryimage"},"thumbnailUrl":"https:\/\/www.meydan.tv\/wp-content\/uploads\/photo_2019-11-12_17-08-35.jpg","articleSection":["B\u00f6lg\u0259"],"inLanguage":"az"},{"@type":"WebPage","@id":"https:\/\/www.meydan.tv\/az\/article\/mingecevirli-sahibkar-icra-bascisi-fealiyyetime-qesden-engeller-yaradir\/","url":"https:\/\/www.meydan.tv\/az\/article\/mingecevirli-sahibkar-icra-bascisi-fealiyyetime-qesden-engeller-yaradir\/","name":"Ming\u0259\u00e7evirli sahibkar: \u0130cra ba\u015f\u00e7\u0131s\u0131 f\u0259aliyy\u0259tim\u0259 q\u0259sd\u0259n \u0259ng\u0259ll\u0259r yarad\u0131r - MEYDAN.TV","isPartOf":{"@id":"https:\/\/www.meydan.tv\/az\/#website"},"primaryImageOfPage":{"@id":"https:\/\/www.meydan.tv\/az\/article\/mingecevirli-sahibkar-icra-bascisi-fealiyyetime-qesden-engeller-yaradir\/#primaryimage"},"image":{"@id":"https:\/\/www.meydan.tv\/az\/article\/mingecevirli-sahibkar-icra-bascisi-fealiyyetime-qesden-engeller-yaradir\/#primaryimage"},"thumbnailUrl":"https:\/\/www.meydan.tv\/wp-content\/uploads\/photo_2019-11-12_17-08-35.jpg","datePublished":"2019-11-12T17:09:05+00:00","breadcrumb":{"@id":"https:\/\/www.meydan.tv\/az\/article\/mingecevirli-sahibkar-icra-bascisi-fealiyyetime-qesden-engeller-yaradir\/#breadcrumb"},"inLanguage":"az","potentialAction":[{"@type":"ReadAction","target":["https:\/\/www.meydan.tv\/az\/article\/mingecevirli-sahibkar-icra-bascisi-fealiyyetime-qesden-engeller-yaradir\/"]}]},{"@type":"ImageObject","inLanguage":"az","@id":"https:\/\/www.meydan.tv\/az\/article\/mingecevirli-sahibkar-icra-bascisi-fealiyyetime-qesden-engeller-yaradir\/#primaryimage","url":"https:\/\/www.meydan.tv\/wp-content\/uploads\/photo_2019-11-12_17-08-35.jpg","contentUrl":"https:\/\/www.meydan.tv\/wp-content\/uploads\/photo_2019-11-12_17-08-35.jpg","width":1280,"height":605,"caption":"Source: Meydan TV"},{"@type":"BreadcrumbList","@id":"https:\/\/www.meydan.tv\/az\/article\/mingecevirli-sahibkar-icra-bascisi-fealiyyetime-qesden-engeller-yaradir\/#breadcrumb","itemListElement":[{"@type":"ListItem","position":1,"name":"Ana s\u0259hif\u0259","item":"https:\/\/www.meydan.tv\/az\/"},{"@type":"ListItem","position":2,"name":"B\u00f6lg\u0259","item":"https:\/\/www.meydan.tv\/az\/section\/bolge\/"},{"@type":"ListItem","position":3,"name":"Ming\u0259\u00e7evirli sahibkar: \u0130cra ba\u015f\u00e7\u0131s\u0131 f\u0259aliyy\u0259tim\u0259 q\u0259sd\u0259n \u0259ng\u0259ll\u0259r yarad\u0131r"}]},{"@type":"WebSite","@id":"https:\/\/www.meydan.tv\/az\/#website","url":"https:\/\/www.meydan.tv\/az\/","name":"MEYDAN.TV","description":"Meydan TV Az\u0259rbaycan\u0131n media m\u0259kan\u0131ndak\u0131 alternativ s\u0259sidir","publisher":{"@id":"https:\/\/www.meydan.tv\/az\/#organization"},"potentialAction":[{"@type":"SearchAction","target":{"@type":"EntryPoint","urlTemplate":"https:\/\/www.meydan.tv\/az\/?s={search_term_string}"},"query-input":{"@type":"PropertyValueSpecification","valueRequired":true,"valueName":"search_term_string"}}],"inLanguage":"az"},{"@type":"Organization","@id":"https:\/\/www.meydan.tv\/az\/#organization","name":"Meydan TV","url":"https:\/\/www.meydan.tv\/az\/","logo":{"@type":"ImageObject","inLanguage":"az","@id":"https:\/\/www.meydan.tv\/az\/#\/schema\/logo\/image\/","url":"https:\/\/www.meydan.tv\/wp-content\/uploads\/2021\/07\/meydan-logo.svg","contentUrl":"https:\/\/www.meydan.tv\/wp-content\/uploads\/2021\/07\/meydan-logo.svg","width":195,"height":46,"caption":"Meydan TV"},"image":{"@id":"https:\/\/www.meydan.tv\/az\/#\/schema\/logo\/image\/"}},{"@type":"Person","@id":"https:\/\/www.meydan.tv\/az\/#\/schema\/person\/10d11eccf6da3662cf5fdab9806ea91a","name":"user-manager"}]}},"_links":{"self":[{"href":"https:\/\/www.meydan.tv\/az\/wp-json\/wp\/v2\/posts\/197892","targetHints":{"allow":["GET"]}}],"collection":[{"href":"https:\/\/www.meydan.tv\/az\/wp-json\/wp\/v2\/posts"}],"about":[{"href":"https:\/\/www.meydan.tv\/az\/wp-json\/wp\/v2\/types\/post"}],"author":[{"embeddable":true,"href":"https:\/\/www.meydan.tv\/az\/wp-json\/wp\/v2\/users\/11"}],"replies":[{"embeddable":true,"href":"https:\/\/www.meydan.tv\/az\/wp-json\/wp\/v2\/comments?post=197892"}],"version-history":[{"count":0,"href":"https:\/\/www.meydan.tv\/az\/wp-json\/wp\/v2\/posts\/197892\/revisions"}],"wp:featuredmedia":[{"embeddable":true,"href":"https:\/\/www.meydan.tv\/az\/wp-json\/wp\/v2\/media\/132987"}],"wp:attachment":[{"href":"https:\/\/www.meydan.tv\/az\/wp-json\/wp\/v2\/media?parent=197892"}],"wp:term":[{"taxonomy":"category","embeddable":true,"href":"https:\/\/www.meydan.tv\/az\/wp-json\/wp\/v2\/categories?post=197892"},{"taxonomy":"post_tag","embeddable":true,"href":"https:\/\/www.meydan.tv\/az\/wp-json\/wp\/v2\/tags?post=197892"}],"curies":[{"name":"wp","href":"https:\/\/api.w.org\/{rel}","templated":true}]}}