{"id":197886,"date":"2019-11-12T13:17:47","date_gmt":"2019-11-12T13:17:47","guid":{"rendered":"https:\/\/www.meydan.tv\/article\/zaqatalada-azersu-boyuk-meblegde-borc-yazir-amma-qebz-vermir\/"},"modified":"2019-11-12T13:17:47","modified_gmt":"2019-11-12T13:17:47","slug":"zaqatalada-azersu-boyuk-meblegde-borc-yazir-amma-qebz-vermir","status":"publish","type":"post","link":"https:\/\/www.meydan.tv\/az\/article\/zaqatalada-azersu-boyuk-meblegde-borc-yazir-amma-qebz-vermir\/","title":{"rendered":"Zaqatalada: \u201cAz\u0259rsu\u201d b\u00f6y\u00fck m\u0259bl\u0259\u011fd\u0259 borc yaz\u0131r, amma q\u0259bz vermir"},"content":{"rendered":"<p>\n  <i><br \/>\n    \u201cKomissiya ad\u0131ndan g\u0259l\u0259n m\u0259n\u0259 deyir: \u201cYax\u015f\u0131 o\u011flan yerind\u0259c\u0259 \u00e7\u0131xar\u0131b 200 manat\u0131 \u00f6d\u0259y\u0259r\u201d\u201d<br \/>\n  <\/i>\n<\/p>\n<p>\n  Zaqatalan\u0131n 28 May k\u00fc\u00e7\u0259sind\u0259 yerl\u0259\u015f\u0259n bina 79-un sakinl\u0259rinin \u015fikay\u0259ti var. Onlar \u201cAz\u0259rsu\u201d ASC-nin sakinl\u0259r\u0259 dem\u0259mi\u015f, \u00f6zba\u015f\u0131na evl\u0259r\u0259 say\u011fac qura\u015fd\u0131rd\u0131\u011f\u0131n\u0131, \u00fcst\u0259lik, h\u0259min say\u011faclara ist\u0259dikl\u0259ri q\u0259d\u0259r borc yazd\u0131\u011f\u0131n\u0131 s\u00f6yl\u0259yirl\u0259r.\n<\/p>\n<p>\n  Sakinl\u0259rd\u0259n Samir \u0130sg\u0259nd\u0259rov deyir ki, onlara 150-300 manataras\u0131 borc yaz\u0131l\u0131b v\u0259 bu borcla ba\u011fl\u0131 onlara he\u00e7 kim q\u0259bz t\u0259qdim edilmir. El\u0259c\u0259 deyilir ki, filan q\u0259d\u0259r borcunuz var. \u00d6d\u0259m\u0259d\u0259n imtina ed\u0259n sakinl\u0259rin is\u0259 suyu k\u0259silir:\n<\/p>\n<p>\n  \u201cEvl\u0259rd\u0259 qoca, u\u015faq var. Su el\u0259 \u015feydir ki, onsuz bir g\u00fcn d\u0259 ya\u015famaq olmaz. Ham\u0131m\u0131z azt\u0259minatl\u0131 ail\u0259l\u0259rik. Hardan alaq bir g\u00fcn\u00fcn i\u00e7ind\u0259 300 manata q\u0259d\u0259r pulu? Deyirik, b\u0259lk\u0259 hiss\u0259-hiss\u0259 \u00f6d\u0259y\u0259k, ona da raz\u0131 deyill\u0259r. \u0130ndi biz n\u0259 ed\u0259k, bilmirik\u201d.\n<\/p>\n<p>\n  Sakinl\u0259r deyirl\u0259r ki, say\u011fac\u0131 2 ay \u00f6nc\u0259 qoyublar, amma h\u0259min vaxt he\u00e7 bir sakinin qap\u0131s\u0131 d\u00f6y\u00fclm\u0259yib. S\u0259h\u0259r durublar ki, h\u0259y\u0259tl\u0259rd\u0259 say\u011fac var. H\u0259tta hans\u0131 say\u011fac\u0131n hans\u0131 qon\u015fuya aid oldu\u011funu m\u00fc\u0259yy\u0259nl\u0259\u015fdirm\u0259k \u00fc\u00e7\u00fcn x\u0259tl\u0259ri izl\u0259m\u0259li olublar:\n<\/p>\n<p>\n  \u201cHalbuki say\u011fac qoyulmas\u0131 bir ne\u00e7\u0259 sakinin i\u015ftirak\u0131 il\u0259 h\u0259yata ke\u00e7irilm\u0259lidir. Bunu etm\u0259yibl\u0259r. Azm\u0131\u015f kimi 2 ay \u0259rzind\u0259 he\u00e7 kimin qap\u0131s\u0131 d\u00f6y\u00fclm\u0259yib. Bu aylar \u0259rzind\u0259 he\u00e7 kim\u0259 borc bildiri\u015fi verilm\u0259yib. Bird\u0259n-bir\u0259 g\u0259libl\u0259r ki, kiminin 150, kiminin 200, kiminin d\u0259 300 borcu var. Deyirik, yax\u015f\u0131, \u00f6d\u0259y\u0259rik, biz\u0259 q\u0259bz verin. Deyirl\u0259r: \u201cq\u0259bz yoxdur\u201d. Biz d\u0259 inanm\u0131r\u0131q, deyirik, \u00f6d\u0259m\u0259y\u0259c\u0259yik. Bu zaman da suyumuzu k\u0259sirl\u0259r. Hara m\u00fcraci\u0259t ed\u0259c\u0259yimizi bilmirik\u201d, \u2013 sakinl\u0259r deyir.\n<\/p>\n<figure class=\"wp-block-image size-large\">\n  <img decoding=\"async\" src=\"https:\/\/www.meydan.tv\/az\/image_from_ios-1-jpg-61\/\" alt=\"image_from_ios (1).jpg\" class=\"wp-image-132951\"\/><figcaption>\n    Samir \u0130sg\u0259nd\u0259rov<br \/>\n  <\/figcaption><\/figure>\n<p>\n  Samir \u0130sg\u0259nd\u0259rovun s\u00f6zl\u0259rin\u0259 g\u00f6r\u0259, bir ne\u00e7\u0259 g\u00fcn \u00f6nc\u0259 qara cip avtomobili il\u0259 bir ne\u00e7\u0259 n\u0259f\u0259r g\u0259lib. Onlardan t\u0259cili borclar\u0131n \u00f6d\u0259nm\u0259sini t\u0259l\u0259b edibl\u0259r. Yen\u0259 q\u0259bzi sual ed\u0259nd\u0259, \u201cyoxdur\u201d, &#8211; cavab\u0131n\u0131 veribl\u0259r:\n<\/p>\n<p>\n  \u201cG\u0259l\u0259nl\u0259r O\u011fuzdan g\u0259ldikl\u0259rini, komissiya olduqlar\u0131n\u0131 iddia edirdil\u0259r. Komissiya v\u0259t\u0259nda\u015f\u0131n \u00fcst\u00fcn\u0259 niy\u0259 g\u0259lir? Getsin \u201cAz\u0259rsu\u201dnu yoxlas\u0131n. M\u0259n onlara niy\u0259 inanmal\u0131yam? Eynil\u0259 qon\u015fular da m\u0259nim kimi. \u0130nanm\u0131r\u0131q. G\u0259l\u0259n m\u0259n\u0259 deyir: \u201cYax\u015f\u0131 o\u011flan yerind\u0259c\u0259 \u00e7\u0131xar\u0131b 200 manat\u0131 \u00f6d\u0259y\u0259r\u201d. Bunun yax\u015f\u0131 o\u011flan olub-olmama\u011fa n\u0259 aidiyyat\u0131 var? Etdikl\u0259ri qanunsuzluqdur, mentalitet, n\u0259 bilim, bo\u015f-bo\u015f s\u00f6hb\u0259tl\u0259rl\u0259 \u00f6rt-basd\u0131r etm\u0259y\u0259 \u00e7al\u0131\u015f\u0131rlar. D\u00fc\u015f\u00fcn\u00fcrl\u0259r ki, h\u0259, bel\u0259 des\u0259k, \u00e7\u0131xar\u0131b \u00f6d\u0259y\u0259r. D\u00f6vl\u0259t i\u015f\u00e7isi bel\u0259 c\u00fcml\u0259 qurma\u011fa utanm\u0131r?\u201d\n<\/p>\n<p>\n  Sakinl\u0259r deyirl\u0259r ki, onlara n\u0259 zamansa q\u0259bz t\u0259qdim edilm\u0259y\u0259n\u0259c\u0259n bir q\u0259pik d\u0259 \u00f6d\u0259m\u0259y\u0259c\u0259kl\u0259r:\n<\/p>\n<p>\n  \u201cNormalda aybaay yaz\u0131lmal\u0131 olan q\u0259bz niy\u0259 bird\u0259n -bir\u0259 g\u0259lm\u0259lidir? Gizli say\u011fac qoyublar, indi d\u0259 ist\u0259dikl\u0259ri r\u0259q\u0259mi oxuyurlar. \u00dcst\u0259lik, say\u011fac qura\u015fd\u0131r\u0131landan sonra da \u00fcst\u00fcnd\u0259 m\u00fc\u0259yy\u0259n r\u0259q\u0259ml\u0259r var idi. Biz buradan Prezident \u0130lham \u018fliyev\u0259 m\u00fcraci\u0259t edirik. Bildirm\u0259k ist\u0259yirik ki, b\u00f6lg\u0259l\u0259rd\u0259 insanlar\u0131n ba\u015f\u0131na bax bel\u0259 oyun a\u00e7\u0131rlar. Bu problemin aradan qald\u0131r\u0131lmas\u0131na g\u00f6st\u0259ri\u015f versin\u201d, &#8211; Zaqatalan\u0131n 28 May k\u00fc\u00e7\u0259sinin sakinl\u0259ri bel\u0259 deyirl\u0259r.\n<\/p>\n<figure class=\"wp-block-image size-large\">\n  <img decoding=\"async\" src=\"https:\/\/www.meydan.tv\/az\/image_from_ios-2-jpg-63\/\" alt=\"image_from_ios (2).jpg\" class=\"wp-image-132954\"\/><figcaption>\n    su say\u011fac\u0131<br \/>\n  <\/figcaption><\/figure>\n<p>\n  \u201cAz\u0259rsu\u201d ASC-nin Zaqatala su-kanal sah\u0259sind\u0259n Meydan TV-y\u0259 deyibl\u0259r ki, onlar sakinl\u0259rin bu \u015fikay\u0259tini qeyd\u0259 ald\u0131qlar\u0131n\u0131, probleml\u0259 maraqlanacaqlar\u0131n\u0131 s\u00f6yl\u0259yibl\u0259r.\n<\/p>\n<p>\n  \u201cAz\u0259rsu\u201dnu ASC-nin \u201cqaynar x\u0259tti\u201dnd\u0259n is\u0259 bildiribl\u0259r ki, h\u0259min m\u0259h\u0259ll\u0259d\u0259ki say\u011faclar n\u0259 zaman qoyulub dey\u0259 bilm\u0259zl\u0259r. Ancaq abonent kodlar\u0131 yeni a\u00e7\u0131l\u0131b v\u0259 sistemd\u0259n bel\u0259 g\u00f6r\u00fcn\u00fcr ki, deyildiyi q\u0259d\u0259r borclar\u0131 yoxdur.\n<\/p>\n<p>\n  Sakinl\u0259r deyirl\u0259r ki, bel\u0259 olan halda az qala h\u0259r h\u0259ft\u0259 qap\u0131lar\u0131na g\u0259l\u0259n v\u0259 \u00f6zl\u0259rini \u201cAz\u0259rsu\u201d i\u015f\u00e7il\u0259ri kimi tan\u0131dan h\u0259min insanlar onlardan n\u0259 ist\u0259yir?\n<\/p>\n<p>\n  \u201cAzm\u0131\u015f kimi ist\u0259dikl\u0259ri vaxt suyumuzu da k\u0259sib gedirl\u0259r. H\u0259r yoldan ke\u00e7\u0259nin bunu etm\u0259k h\u00fcququ varm\u0131? Hara bax\u0131r \u201cAz\u0259rsu\u201dnun r\u0259hb\u0259rliyi?\u201d\n<\/p>\n<figure class=\"wp-block-image size-large\">\n  <img decoding=\"async\" src=\"https:\/\/www.meydan.tv\/az\/sayqac-jpg\/\" alt=\"sayqac.jpg\" class=\"wp-image-132963\"\/><figcaption>\n    su say\u011fac\u0131<br \/>\n  <\/figcaption><\/figure>\n","protected":false},"excerpt":{"rendered":"<p>\u201cAz\u0259rsu\u201dnu ASC-nin \u201cqaynar x\u0259tti\u201dnd\u0259n is\u0259 bildiribl\u0259r ki, h\u0259min m\u0259h\u0259ll\u0259d\u0259ki say\u011faclar n\u0259 zaman qoyulub dey\u0259 bilm\u0259zl\u0259r.<\/p>\n","protected":false},"author":11,"featured_media":48625,"comment_status":"closed","ping_status":"open","sticky":false,"template":"","format":"standard","meta":{"_acf_changed":false,"_sitemap_exclude":false,"_sitemap_priority":"","_sitemap_frequency":"","footnotes":""},"categories":[60],"tags":[],"class_list":["post-197886","post","type-post","status-publish","format-standard","has-post-thumbnail","hentry","category-bolge","infinite-scroll-item","generate-columns","tablet-grid-50","mobile-grid-100","grid-parent","grid-33","no-featured-image-padding"],"acf":[],"yoast_head":"<!-- This site is optimized with the Yoast SEO plugin v27.5 - https:\/\/yoast.com\/product\/yoast-seo-wordpress\/ -->\n<title>Zaqatalada: \u201cAz\u0259rsu\u201d b\u00f6y\u00fck m\u0259bl\u0259\u011fd\u0259 borc yaz\u0131r, amma q\u0259bz vermir - MEYDAN.TV<\/title>\n<meta name=\"robots\" content=\"index, follow, max-snippet:-1, max-image-preview:large, max-video-preview:-1\" \/>\n<link rel=\"canonical\" href=\"https:\/\/www.meydan.tv\/az\/article\/zaqatalada-azersu-boyuk-meblegde-borc-yazir-amma-qebz-vermir\/\" \/>\n<meta property=\"og:locale\" content=\"az_AZ\" \/>\n<meta property=\"og:type\" content=\"article\" \/>\n<meta property=\"og:title\" content=\"Zaqatalada: \u201cAz\u0259rsu\u201d b\u00f6y\u00fck m\u0259bl\u0259\u011fd\u0259 borc yaz\u0131r, amma q\u0259bz vermir - MEYDAN.TV\" \/>\n<meta property=\"og:description\" content=\"\u201cAz\u0259rsu\u201dnu ASC-nin \u201cqaynar x\u0259tti\u201dnd\u0259n is\u0259 bildiribl\u0259r ki, h\u0259min m\u0259h\u0259ll\u0259d\u0259ki say\u011faclar n\u0259 zaman qoyulub dey\u0259 bilm\u0259zl\u0259r.\" \/>\n<meta property=\"og:url\" content=\"https:\/\/www.meydan.tv\/az\/article\/zaqatalada-azersu-boyuk-meblegde-borc-yazir-amma-qebz-vermir\/\" \/>\n<meta property=\"og:site_name\" content=\"MEYDAN.TV\" \/>\n<meta property=\"article:published_time\" content=\"2019-11-12T13:17:47+00:00\" \/>\n<meta property=\"og:image\" content=\"https:\/\/www.meydan.tv\/wp-content\/uploads\/18257.jpg\" \/>\n\t<meta property=\"og:image:width\" content=\"688\" \/>\n\t<meta property=\"og:image:height\" content=\"500\" \/>\n\t<meta property=\"og:image:type\" content=\"image\/jpeg\" \/>\n<meta name=\"author\" content=\"user-manager\" \/>\n<meta name=\"twitter:card\" content=\"summary_large_image\" \/>\n<script type=\"application\/ld+json\" class=\"yoast-schema-graph\">{\"@context\":\"https:\\\/\\\/schema.org\",\"@graph\":[{\"@type\":\"Article\",\"@id\":\"https:\\\/\\\/www.meydan.tv\\\/az\\\/article\\\/zaqatalada-azersu-boyuk-meblegde-borc-yazir-amma-qebz-vermir\\\/#article\",\"isPartOf\":{\"@id\":\"https:\\\/\\\/www.meydan.tv\\\/az\\\/article\\\/zaqatalada-azersu-boyuk-meblegde-borc-yazir-amma-qebz-vermir\\\/\"},\"author\":{\"name\":\"user-manager\",\"@id\":\"https:\\\/\\\/www.meydan.tv\\\/az\\\/#\\\/schema\\\/person\\\/10d11eccf6da3662cf5fdab9806ea91a\"},\"headline\":\"Zaqatalada: \u201cAz\u0259rsu\u201d b\u00f6y\u00fck m\u0259bl\u0259\u011fd\u0259 borc yaz\u0131r, amma q\u0259bz vermir\",\"datePublished\":\"2019-11-12T13:17:47+00:00\",\"mainEntityOfPage\":{\"@id\":\"https:\\\/\\\/www.meydan.tv\\\/az\\\/article\\\/zaqatalada-azersu-boyuk-meblegde-borc-yazir-amma-qebz-vermir\\\/\"},\"wordCount\":805,\"publisher\":{\"@id\":\"https:\\\/\\\/www.meydan.tv\\\/az\\\/#organization\"},\"image\":{\"@id\":\"https:\\\/\\\/www.meydan.tv\\\/az\\\/article\\\/zaqatalada-azersu-boyuk-meblegde-borc-yazir-amma-qebz-vermir\\\/#primaryimage\"},\"thumbnailUrl\":\"https:\\\/\\\/www.meydan.tv\\\/wp-content\\\/uploads\\\/18257.jpg\",\"articleSection\":[\"B\u00f6lg\u0259\"],\"inLanguage\":\"az\"},{\"@type\":\"WebPage\",\"@id\":\"https:\\\/\\\/www.meydan.tv\\\/az\\\/article\\\/zaqatalada-azersu-boyuk-meblegde-borc-yazir-amma-qebz-vermir\\\/\",\"url\":\"https:\\\/\\\/www.meydan.tv\\\/az\\\/article\\\/zaqatalada-azersu-boyuk-meblegde-borc-yazir-amma-qebz-vermir\\\/\",\"name\":\"Zaqatalada: \u201cAz\u0259rsu\u201d b\u00f6y\u00fck m\u0259bl\u0259\u011fd\u0259 borc yaz\u0131r, amma q\u0259bz vermir - MEYDAN.TV\",\"isPartOf\":{\"@id\":\"https:\\\/\\\/www.meydan.tv\\\/az\\\/#website\"},\"primaryImageOfPage\":{\"@id\":\"https:\\\/\\\/www.meydan.tv\\\/az\\\/article\\\/zaqatalada-azersu-boyuk-meblegde-borc-yazir-amma-qebz-vermir\\\/#primaryimage\"},\"image\":{\"@id\":\"https:\\\/\\\/www.meydan.tv\\\/az\\\/article\\\/zaqatalada-azersu-boyuk-meblegde-borc-yazir-amma-qebz-vermir\\\/#primaryimage\"},\"thumbnailUrl\":\"https:\\\/\\\/www.meydan.tv\\\/wp-content\\\/uploads\\\/18257.jpg\",\"datePublished\":\"2019-11-12T13:17:47+00:00\",\"breadcrumb\":{\"@id\":\"https:\\\/\\\/www.meydan.tv\\\/az\\\/article\\\/zaqatalada-azersu-boyuk-meblegde-borc-yazir-amma-qebz-vermir\\\/#breadcrumb\"},\"inLanguage\":\"az\",\"potentialAction\":[{\"@type\":\"ReadAction\",\"target\":[\"https:\\\/\\\/www.meydan.tv\\\/az\\\/article\\\/zaqatalada-azersu-boyuk-meblegde-borc-yazir-amma-qebz-vermir\\\/\"]}]},{\"@type\":\"ImageObject\",\"inLanguage\":\"az\",\"@id\":\"https:\\\/\\\/www.meydan.tv\\\/az\\\/article\\\/zaqatalada-azersu-boyuk-meblegde-borc-yazir-amma-qebz-vermir\\\/#primaryimage\",\"url\":\"https:\\\/\\\/www.meydan.tv\\\/wp-content\\\/uploads\\\/18257.jpg\",\"contentUrl\":\"https:\\\/\\\/www.meydan.tv\\\/wp-content\\\/uploads\\\/18257.jpg\",\"width\":688,\"height\":500,\"caption\":\"Source:\"},{\"@type\":\"BreadcrumbList\",\"@id\":\"https:\\\/\\\/www.meydan.tv\\\/az\\\/article\\\/zaqatalada-azersu-boyuk-meblegde-borc-yazir-amma-qebz-vermir\\\/#breadcrumb\",\"itemListElement\":[{\"@type\":\"ListItem\",\"position\":1,\"name\":\"Ana s\u0259hif\u0259\",\"item\":\"https:\\\/\\\/www.meydan.tv\\\/az\\\/\"},{\"@type\":\"ListItem\",\"position\":2,\"name\":\"B\u00f6lg\u0259\",\"item\":\"https:\\\/\\\/www.meydan.tv\\\/az\\\/section\\\/bolge\\\/\"},{\"@type\":\"ListItem\",\"position\":3,\"name\":\"Zaqatalada: \u201cAz\u0259rsu\u201d b\u00f6y\u00fck m\u0259bl\u0259\u011fd\u0259 borc yaz\u0131r, amma q\u0259bz vermir\"}]},{\"@type\":\"WebSite\",\"@id\":\"https:\\\/\\\/www.meydan.tv\\\/az\\\/#website\",\"url\":\"https:\\\/\\\/www.meydan.tv\\\/az\\\/\",\"name\":\"MEYDAN.TV\",\"description\":\"Meydan TV Az\u0259rbaycan\u0131n media m\u0259kan\u0131ndak\u0131 alternativ s\u0259sidir\",\"publisher\":{\"@id\":\"https:\\\/\\\/www.meydan.tv\\\/az\\\/#organization\"},\"potentialAction\":[{\"@type\":\"SearchAction\",\"target\":{\"@type\":\"EntryPoint\",\"urlTemplate\":\"https:\\\/\\\/www.meydan.tv\\\/az\\\/?s={search_term_string}\"},\"query-input\":{\"@type\":\"PropertyValueSpecification\",\"valueRequired\":true,\"valueName\":\"search_term_string\"}}],\"inLanguage\":\"az\"},{\"@type\":\"Organization\",\"@id\":\"https:\\\/\\\/www.meydan.tv\\\/az\\\/#organization\",\"name\":\"Meydan TV\",\"url\":\"https:\\\/\\\/www.meydan.tv\\\/az\\\/\",\"logo\":{\"@type\":\"ImageObject\",\"inLanguage\":\"az\",\"@id\":\"https:\\\/\\\/www.meydan.tv\\\/az\\\/#\\\/schema\\\/logo\\\/image\\\/\",\"url\":\"https:\\\/\\\/www.meydan.tv\\\/wp-content\\\/uploads\\\/2021\\\/07\\\/meydan-logo.svg\",\"contentUrl\":\"https:\\\/\\\/www.meydan.tv\\\/wp-content\\\/uploads\\\/2021\\\/07\\\/meydan-logo.svg\",\"width\":195,\"height\":46,\"caption\":\"Meydan TV\"},\"image\":{\"@id\":\"https:\\\/\\\/www.meydan.tv\\\/az\\\/#\\\/schema\\\/logo\\\/image\\\/\"}},{\"@type\":\"Person\",\"@id\":\"https:\\\/\\\/www.meydan.tv\\\/az\\\/#\\\/schema\\\/person\\\/10d11eccf6da3662cf5fdab9806ea91a\",\"name\":\"user-manager\"}]}<\/script>\n<!-- \/ Yoast SEO plugin. -->","yoast_head_json":{"title":"Zaqatalada: \u201cAz\u0259rsu\u201d b\u00f6y\u00fck m\u0259bl\u0259\u011fd\u0259 borc yaz\u0131r, amma q\u0259bz vermir - MEYDAN.TV","robots":{"index":"index","follow":"follow","max-snippet":"max-snippet:-1","max-image-preview":"max-image-preview:large","max-video-preview":"max-video-preview:-1"},"canonical":"https:\/\/www.meydan.tv\/az\/article\/zaqatalada-azersu-boyuk-meblegde-borc-yazir-amma-qebz-vermir\/","og_locale":"az_AZ","og_type":"article","og_title":"Zaqatalada: \u201cAz\u0259rsu\u201d b\u00f6y\u00fck m\u0259bl\u0259\u011fd\u0259 borc yaz\u0131r, amma q\u0259bz vermir - MEYDAN.TV","og_description":"\u201cAz\u0259rsu\u201dnu ASC-nin \u201cqaynar x\u0259tti\u201dnd\u0259n is\u0259 bildiribl\u0259r ki, h\u0259min m\u0259h\u0259ll\u0259d\u0259ki say\u011faclar n\u0259 zaman qoyulub dey\u0259 bilm\u0259zl\u0259r.","og_url":"https:\/\/www.meydan.tv\/az\/article\/zaqatalada-azersu-boyuk-meblegde-borc-yazir-amma-qebz-vermir\/","og_site_name":"MEYDAN.TV","article_published_time":"2019-11-12T13:17:47+00:00","og_image":[{"width":688,"height":500,"url":"https:\/\/www.meydan.tv\/wp-content\/uploads\/18257.jpg","type":"image\/jpeg"}],"author":"user-manager","twitter_card":"summary_large_image","schema":{"@context":"https:\/\/schema.org","@graph":[{"@type":"Article","@id":"https:\/\/www.meydan.tv\/az\/article\/zaqatalada-azersu-boyuk-meblegde-borc-yazir-amma-qebz-vermir\/#article","isPartOf":{"@id":"https:\/\/www.meydan.tv\/az\/article\/zaqatalada-azersu-boyuk-meblegde-borc-yazir-amma-qebz-vermir\/"},"author":{"name":"user-manager","@id":"https:\/\/www.meydan.tv\/az\/#\/schema\/person\/10d11eccf6da3662cf5fdab9806ea91a"},"headline":"Zaqatalada: \u201cAz\u0259rsu\u201d b\u00f6y\u00fck m\u0259bl\u0259\u011fd\u0259 borc yaz\u0131r, amma q\u0259bz vermir","datePublished":"2019-11-12T13:17:47+00:00","mainEntityOfPage":{"@id":"https:\/\/www.meydan.tv\/az\/article\/zaqatalada-azersu-boyuk-meblegde-borc-yazir-amma-qebz-vermir\/"},"wordCount":805,"publisher":{"@id":"https:\/\/www.meydan.tv\/az\/#organization"},"image":{"@id":"https:\/\/www.meydan.tv\/az\/article\/zaqatalada-azersu-boyuk-meblegde-borc-yazir-amma-qebz-vermir\/#primaryimage"},"thumbnailUrl":"https:\/\/www.meydan.tv\/wp-content\/uploads\/18257.jpg","articleSection":["B\u00f6lg\u0259"],"inLanguage":"az"},{"@type":"WebPage","@id":"https:\/\/www.meydan.tv\/az\/article\/zaqatalada-azersu-boyuk-meblegde-borc-yazir-amma-qebz-vermir\/","url":"https:\/\/www.meydan.tv\/az\/article\/zaqatalada-azersu-boyuk-meblegde-borc-yazir-amma-qebz-vermir\/","name":"Zaqatalada: \u201cAz\u0259rsu\u201d b\u00f6y\u00fck m\u0259bl\u0259\u011fd\u0259 borc yaz\u0131r, amma q\u0259bz vermir - MEYDAN.TV","isPartOf":{"@id":"https:\/\/www.meydan.tv\/az\/#website"},"primaryImageOfPage":{"@id":"https:\/\/www.meydan.tv\/az\/article\/zaqatalada-azersu-boyuk-meblegde-borc-yazir-amma-qebz-vermir\/#primaryimage"},"image":{"@id":"https:\/\/www.meydan.tv\/az\/article\/zaqatalada-azersu-boyuk-meblegde-borc-yazir-amma-qebz-vermir\/#primaryimage"},"thumbnailUrl":"https:\/\/www.meydan.tv\/wp-content\/uploads\/18257.jpg","datePublished":"2019-11-12T13:17:47+00:00","breadcrumb":{"@id":"https:\/\/www.meydan.tv\/az\/article\/zaqatalada-azersu-boyuk-meblegde-borc-yazir-amma-qebz-vermir\/#breadcrumb"},"inLanguage":"az","potentialAction":[{"@type":"ReadAction","target":["https:\/\/www.meydan.tv\/az\/article\/zaqatalada-azersu-boyuk-meblegde-borc-yazir-amma-qebz-vermir\/"]}]},{"@type":"ImageObject","inLanguage":"az","@id":"https:\/\/www.meydan.tv\/az\/article\/zaqatalada-azersu-boyuk-meblegde-borc-yazir-amma-qebz-vermir\/#primaryimage","url":"https:\/\/www.meydan.tv\/wp-content\/uploads\/18257.jpg","contentUrl":"https:\/\/www.meydan.tv\/wp-content\/uploads\/18257.jpg","width":688,"height":500,"caption":"Source:"},{"@type":"BreadcrumbList","@id":"https:\/\/www.meydan.tv\/az\/article\/zaqatalada-azersu-boyuk-meblegde-borc-yazir-amma-qebz-vermir\/#breadcrumb","itemListElement":[{"@type":"ListItem","position":1,"name":"Ana s\u0259hif\u0259","item":"https:\/\/www.meydan.tv\/az\/"},{"@type":"ListItem","position":2,"name":"B\u00f6lg\u0259","item":"https:\/\/www.meydan.tv\/az\/section\/bolge\/"},{"@type":"ListItem","position":3,"name":"Zaqatalada: \u201cAz\u0259rsu\u201d b\u00f6y\u00fck m\u0259bl\u0259\u011fd\u0259 borc yaz\u0131r, amma q\u0259bz vermir"}]},{"@type":"WebSite","@id":"https:\/\/www.meydan.tv\/az\/#website","url":"https:\/\/www.meydan.tv\/az\/","name":"MEYDAN.TV","description":"Meydan TV Az\u0259rbaycan\u0131n media m\u0259kan\u0131ndak\u0131 alternativ s\u0259sidir","publisher":{"@id":"https:\/\/www.meydan.tv\/az\/#organization"},"potentialAction":[{"@type":"SearchAction","target":{"@type":"EntryPoint","urlTemplate":"https:\/\/www.meydan.tv\/az\/?s={search_term_string}"},"query-input":{"@type":"PropertyValueSpecification","valueRequired":true,"valueName":"search_term_string"}}],"inLanguage":"az"},{"@type":"Organization","@id":"https:\/\/www.meydan.tv\/az\/#organization","name":"Meydan TV","url":"https:\/\/www.meydan.tv\/az\/","logo":{"@type":"ImageObject","inLanguage":"az","@id":"https:\/\/www.meydan.tv\/az\/#\/schema\/logo\/image\/","url":"https:\/\/www.meydan.tv\/wp-content\/uploads\/2021\/07\/meydan-logo.svg","contentUrl":"https:\/\/www.meydan.tv\/wp-content\/uploads\/2021\/07\/meydan-logo.svg","width":195,"height":46,"caption":"Meydan TV"},"image":{"@id":"https:\/\/www.meydan.tv\/az\/#\/schema\/logo\/image\/"}},{"@type":"Person","@id":"https:\/\/www.meydan.tv\/az\/#\/schema\/person\/10d11eccf6da3662cf5fdab9806ea91a","name":"user-manager"}]}},"_links":{"self":[{"href":"https:\/\/www.meydan.tv\/az\/wp-json\/wp\/v2\/posts\/197886","targetHints":{"allow":["GET"]}}],"collection":[{"href":"https:\/\/www.meydan.tv\/az\/wp-json\/wp\/v2\/posts"}],"about":[{"href":"https:\/\/www.meydan.tv\/az\/wp-json\/wp\/v2\/types\/post"}],"author":[{"embeddable":true,"href":"https:\/\/www.meydan.tv\/az\/wp-json\/wp\/v2\/users\/11"}],"replies":[{"embeddable":true,"href":"https:\/\/www.meydan.tv\/az\/wp-json\/wp\/v2\/comments?post=197886"}],"version-history":[{"count":0,"href":"https:\/\/www.meydan.tv\/az\/wp-json\/wp\/v2\/posts\/197886\/revisions"}],"wp:featuredmedia":[{"embeddable":true,"href":"https:\/\/www.meydan.tv\/az\/wp-json\/wp\/v2\/media\/48625"}],"wp:attachment":[{"href":"https:\/\/www.meydan.tv\/az\/wp-json\/wp\/v2\/media?parent=197886"}],"wp:term":[{"taxonomy":"category","embeddable":true,"href":"https:\/\/www.meydan.tv\/az\/wp-json\/wp\/v2\/categories?post=197886"},{"taxonomy":"post_tag","embeddable":true,"href":"https:\/\/www.meydan.tv\/az\/wp-json\/wp\/v2\/tags?post=197886"}],"curies":[{"name":"wp","href":"https:\/\/api.w.org\/{rel}","templated":true}]}}