{"id":197881,"date":"2019-11-12T11:17:50","date_gmt":"2019-11-12T11:17:50","guid":{"rendered":"https:\/\/www.meydan.tv\/article\/azforelde-barmaqlarini-itiren-genc-hereketli-el-protezi-teleb-edir\/"},"modified":"2019-11-12T11:17:50","modified_gmt":"2019-11-12T11:17:50","slug":"azforelde-barmaqlarini-itiren-genc-hereketli-el-protezi-teleb-edir","status":"publish","type":"post","link":"https:\/\/www.meydan.tv\/az\/article\/azforelde-barmaqlarini-itiren-genc-hereketli-el-protezi-teleb-edir\/","title":{"rendered":"\u201cAzforel\u201dd\u0259 barmaqlar\u0131n\u0131 itir\u0259n g\u0259nc h\u0259r\u0259k\u0259tli \u0259l protezi t\u0259l\u0259b edir"},"content":{"rendered":"<p>\n  <i><br \/>\n    \u201c\u0130cra ba\u015f\u00e7\u0131s\u0131n\u0131n o\u011flu dedi ki, he\u00e7 yer\u0259 x\u0259b\u0259r verm\u0259\u201d<br \/>\n  <\/i>\n<\/p>\n<p>\n  \u201c1 ildir ki, i\u015fl\u0259diyim bal\u0131q zavodunda sol bil\u0259yimi itirmi\u015f\u0259m, \u00f6m\u00fcrl\u00fck \u0259lil qalm\u0131\u015fam. M\u00fc\u0259ssis\u0259 n\u0259 kompensasiya \u00f6d\u0259yir, n\u0259 d\u0259 v\u0259ziyy\u0259timl\u0259 maraqlan\u0131r. M\u00fc\u0259ssis\u0259nin sahibi rayonumuzun icra ba\u015f\u00e7\u0131s\u0131n\u0131n o\u011fludur. O da x\u0259st\u0259xanada oldu\u011fum ilk g\u00fcnl\u0259r g\u0259lib-getdi, dedi, he\u00e7 yer\u0259 x\u0259b\u0259r el\u0259m\u0259, n\u0259 laz\u0131md\u0131rsa, ed\u0259c\u0259yik. Ancaq t\u0259l\u0259b etdiyim h\u0259r\u0259k\u0259tli protez bil\u0259yi t\u0259\u015fkil etmir. Halbuki, \u00f6z\u00fc s\u00f6z vermi\u015fdi ki, protez bil\u0259k d\u00fcz\u0259ltdir\u0259c\u0259k. \u0130ndi deyir, \u00e7ox bahad\u0131r, ucuzlu protez ist\u0259yirs\u0259ns\u0259, ed\u0259k, m\u0259n d\u0259 raz\u0131la\u015fm\u0131ram\u201d.\n<\/p>\n<p>\n  \u015e\u0259mkir rayonunun \u018fliyaqublu k\u0259nd sakini, 27 ya\u015fl\u0131 \u015eahmar Qurbanov 2015-ci ild\u0259 D\u00f6vl\u0259t Aqrar Universitetinin baytarl\u0131q v\u0259 zoom\u00fch\u0259ndislik fak\u00fclt\u0259sini bitirib. Meydan TV-y\u0259 dan\u0131\u015f\u0131r ki, 2017-ci ilin may\u0131nda rayonun Seyf\u0259li k\u0259ndind\u0259 yeni qurulmaqda olan \u201cAzfarel\u201d bal\u0131qart\u0131rma m\u00fc\u0259ssis\u0259sind\u0259 i\u015f\u0259 ba\u015flay\u0131b. \u018fvv\u0259l zavodun qurulmas\u0131nda f\u0259hl\u0259lik edib, zavod i\u015f\u0259 ba\u015flayanda \u00f6z ixtisas\u0131 \u00fczr\u0259 m\u00fct\u0259x\u0259ssis kimi i\u015fin\u0259 davam edib. Ancaq bir ne\u00e7\u0259 aydan sonra m\u00fc\u0259ssis\u0259nin direktoru Mahir Abbasov ona m\u00fc\u0259ssis\u0259nin yem istehsal\u0131 sexind\u0259 x\u0131rda bal\u0131qlar \u00fc\u00e7\u00fcn yem haz\u0131rlama\u011f\u0131 tap\u015f\u0131r\u0131b. \u015eahmar Qurbanov yem haz\u0131rlayark\u0259n bilgisizlik \u00fcz\u00fcnd\u0259n iri elektrik \u0259t ma\u015f\u0131n\u0131 il\u0259 na\u015f\u0131 davranark\u0259n sol bil\u0259yi ma\u015f\u0131n\u0131n i\u00e7ind\u0259 qalaraq barmaqlar\u0131n\u0131n ham\u0131s\u0131 dibind\u0259n do\u011fran\u0131b.\n<\/p>\n<p>\n  <b><br \/>\n    \u201cBa\u015f\u00e7\u0131n\u0131n o\u011flu dedi, direktor dey\u0259n olacaq\u201d<br \/>\n  <\/b>\n<\/p>\n<p>\n  \u015eahmar Qurbanov ba\u015f\u0131na g\u0259l\u0259nl\u0259rd\u0259n dan\u0131\u015f\u0131r:\n<\/p>\n<p>\n  \u201cM\u0259nim i\u015fim bal\u0131qlar\u0131n saxlanma yerl\u0259rinin t\u0259mizliyini, yeml\u0259rinin standarta uy\u011fun olub-olmamas\u0131na n\u0259zar\u0259t etm\u0259k, x\u0259st\u0259 bal\u0131qlar\u0131 m\u00fc\u0259yy\u0259n edib \u00fcmumi bal\u0131qlardan ay\u0131rmaq, x\u0259st\u0259 bal\u0131qlar\u0131n x\u00fcsusi yeml\u0259nm\u0259sini n\u0259zar\u0259td\u0259 saxlamaqdan ibar\u0259t idi. \u0130lk aylarda i\u015f\u0259 ba\u015flayanda m\u00fcqavil\u0259 ba\u011flanmam\u0131\u015fd\u0131, zavodun i\u015fi qurulurdu, m\u0259n d\u0259 g\u0259l\u0259c\u0259kd\u0259 i\u015f\u0259 g\u00f6t\u00fcr\u00fcl\u0259c\u0259k dig\u0259r rayon sakinl\u0259ri kimi m\u00fc\u0259ssis\u0259d\u0259 apar\u0131lan in\u015faat v\u0259 dig\u0259r i\u015fl\u0259rd\u0259 \u00e7al\u0131\u015f\u0131rd\u0131m.\n<\/p>\n<p>\n  M\u00fc\u0259ssis\u0259nin qurulmas\u0131 ba\u015fa \u00e7atd\u0131, a\u00e7\u0131l\u0131\u015f\u0131 oldu v\u0259 i\u015f ba\u015flayanda m\u00fcqavil\u0259 ba\u011flanmas\u0131n\u0131 t\u0259l\u0259b etdim. T\u0259xmin\u0259n 6 ay m\u00fcqavil\u0259siz i\u015fl\u0259dim, 2018-ci il aprelin 2-d\u0259 m\u0259niml\u0259 m\u00fcqavil\u0259 ba\u011fland\u0131. M\u00fcqavil\u0259d\u0259 maa\u015f\u0131m 276 manat qeyd olunmu\u015fdu, ger\u00e7\u0259kd\u0259 is\u0259 470 manat \u00f6d\u0259nilirdi. H\u0259min vaxtdan 276 manata qol \u00e7\u0259kib 470 manat alma\u011fa ba\u015flad\u0131m. \u0130\u015fimin \u00f6hd\u0259sind\u0259n yax\u015f\u0131 g\u0259lirdim, \u00f6zl\u0259ri d\u0259 m\u0259ni yax\u015f\u0131 i\u015f\u00e7i kimi t\u0259rifl\u0259yirdil\u0259r. Ancaq h\u0259min ilin yay\u0131nda m\u00fc\u0259ssis\u0259nin direktoru Mahir Abbasov dedi ki, s\u0259n burda 470 manat maa\u015f al\u0131rsan, i\u015fins\u0259 y\u00fcng\u00fcld\u00fcr, s\u0259ni yem haz\u0131rlama sexin\u0259 ke\u00e7irdir\u0259m, get, orda i\u015fl\u0259. Etiraz etdim, bir ne\u00e7\u0259 g\u00fcn i\u015f\u0259 getm\u0259dim. Z\u0259ng vurub i\u015f\u0259 \u00e7a\u011f\u0131rd\u0131, dedi, g\u0259l, q\u0131sa m\u00fcdd\u0259t yem\u00e7\u0259k\u0259n i\u015f\u00e7il\u0259r\u0259 k\u00f6m\u0259k el\u0259, sonra \u00f6z sah\u0259n\u0259 qay\u0131darsan. Etiraz el\u0259dim, icra ba\u015f\u00e7\u0131s\u0131 Alimpa\u015fa M\u0259mm\u0259dovun o\u011fluna \u2013 m\u00fc\u0259ssis\u0259nin sahibi Adil M\u0259mm\u0259dova z\u0259ng vurub \u015fikay\u0259t etdim. Dedi, Mahir m\u00fc\u0259llim n\u0259 deyirs\u0259, o da olmal\u0131d\u0131r. Deyirs\u0259 \u201cyem\u00e7\u0259k\u0259n sex\u0259 ke\u00e7m\u0259lis\u0259n, dem\u0259li, ora ke\u00e7m\u0259lis\u0259n\u201d. \u0130\u015fsiz qalaca\u011f\u0131m\u0131 d\u00fc\u015f\u00fcn\u00fcb m\u0259cburiyy\u0259td\u0259n raz\u0131la\u015fd\u0131m\u201d.\n<\/p>\n<figure class=\"wp-block-image size-large\">\n  <img decoding=\"async\" src=\"https:\/\/www.meydan.tv\/az\/image_from_ios-4-jpg-78\/\" alt=\"image_from_ios (4).jpg\" class=\"wp-image-132912\"\/><figcaption>\n    \u015eahmar Qurbanov<br \/>\n  <\/figcaption><\/figure>\n<p>\n  <b><br \/>\n    \u018ft\u00e7\u0259k\u0259n ma\u015f\u0131n barmaqlar\u0131n\u0131 do\u011fray\u0131b<br \/>\n  <\/b>\n<\/p>\n<p>\n  \u015eahmar Qurbanov m\u00fcqavil\u0259d\u0259 \u00f6z ixtisas\u0131 \u00fczr\u0259 i\u015f\u00e7i kimi qeyd olunsa da, \u00f6t\u0259n ilin yay\u0131ndan i\u015fin\u0259 bal\u0131q yemi istehsal\u0131 sexind\u0259 davam edib. \u00d6t\u0259n il noyabr\u0131n 19-da n\u00f6vb\u0259ti d\u0259f\u0259 iri elektrik \u0259t ma\u015f\u0131n\u0131nda yem \u00e7\u0259k\u0259rk\u0259n sol bil\u0259yi ma\u015f\u0131n\u0131n i\u00e7ind\u0259 qal\u0131b, ma\u015f\u0131n barmaqlar\u0131n\u0131 do\u011fray\u0131b:\n<\/p>\n<p>\n  \u201c\u0130\u015f yolda\u015flar\u0131mdan birinin ma\u015f\u0131n\u0131yla m\u0259ni \u015e\u0259mkirin m\u0259rk\u0259zi x\u0259st\u0259xanas\u0131na apard\u0131lar. X\u0259st\u0259xana v\u0259ziyy\u0259timin a\u011f\u0131r oldu\u011funu bildirib q\u0259bul el\u0259m\u0259di. Oradan G\u0259nc\u0259d\u0259ki 3 sayl\u0131 x\u0259st\u0259xanaya g\u00f6t\u00fcr\u00fcld\u00fcm. Dekabr\u0131n 12-d\u0259k orada qald\u0131m. X\u0259st\u0259xanada qald\u0131\u011f\u0131m m\u00fcdd\u0259td\u0259 Alimpa\u015fa M\u0259mm\u0259dovun o\u011flu Adil m\u00fc\u0259llim yan\u0131ma g\u0259ldi, dedi, he\u00e7 yer\u0259 x\u0259b\u0259r el\u0259m\u0259, n\u0259 laz\u0131md\u0131rsa, s\u0259nin \u00fc\u00e7\u00fcn ed\u0259c\u0259yik. El\u0259 x\u0259st\u0259xanada oldu\u011fum vaxt Mahir m\u00fc\u0259llim g\u0259tirib m\u0259n\u0259 maa\u015f kart\u0131m\u0131 verdi, dedi, kart sistemin\u0259 ke\u00e7mi\u015fik, i\u00e7ind\u0259 276 manat vard\u0131. \u018flb\u0259\u0259l d\u0259 200 manat verdi. Dedi, ba\u015f\u00e7\u0131 da, o\u011flu da n\u0259 k\u00f6m\u0259k laz\u0131md\u0131rsa, ed\u0259c\u0259kl\u0259r s\u0259n\u0259&#8230;\u201d\n<\/p>\n<p>\n  \u015eahmar Qurbanov deyir, x\u0259st\u0259xanadan \u00e7\u0131xandan iki g\u00fcn sonra m\u00fc\u0259ssis\u0259 r\u0259hb\u0259rliyind\u0259n ona z\u0259ng g\u0259lib, bildirilib ki, bil\u0259yini protezl\u0259\u015fdirm\u0259k \u00fc\u00e7\u00fcn Bak\u0131ya getm\u0259k laz\u0131md\u0131r.\n<\/p>\n<p>\n  <b><br \/>\n    \u201cDedil\u0259r, protez\u0259 \u00f6d\u0259m\u0259y\u0259 70 min dollar\u0131m\u0131z yoxdur\u201d<br \/>\n  <\/b>\n<\/p>\n<p>\n  \u201cBirlikd\u0259 Bak\u0131ya g\u0259ldik, Protez Ortopedik B\u0259rpa M\u0259rk\u0259zind\u0259n dedil\u0259r ki, onlarda h\u0259r\u0259k\u0259tli protez yoxdur, xaricd\u0259n sifari\u015fl\u0259 g\u0259tirilir, bunun \u00fc\u00e7\u00fcn is\u0259 S\u0259hiyy\u0259 Nazilriyinin icaz\u0259si olmal\u0131d\u0131r. Qiym\u0259ti d\u0259 t\u0259xmin\u0259n 70 min dollarad\u0131r. M\u00fc\u0259ssis\u0259 r\u0259hb\u0259rliyi \u0259vv\u0259l raz\u0131la\u015fm\u0131\u015fd\u0131. M\u0259rk\u0259zd\u0259n dedil\u0259r ki, protez yara sa\u011falandan sonra &#8211; \u0259n tezi iki aya qoyula bil\u0259r. Qay\u0131td\u0131q \u015e\u0259mkir\u0259, o vaxtdan da n\u0259 q\u0259d\u0259r z\u0259ng etdims\u0259, n\u0259 m\u00fc\u0259ssis\u0259nin direktoru Mahir Abbasov, n\u0259 d\u0259 m\u00fc\u0259ssis\u0259nin sahibi Adil M\u0259mm\u0259dov z\u0259ngl\u0259rim\u0259 cavab verdi. Sonra da x\u0259b\u0259r g\u00f6nd\u0259rdil\u0259r ki, h\u0259r\u0259k\u0259tli protezin bel\u0259 baha oldu\u011funu bilmirdik, ist\u0259yirs\u0259ns\u0259, 2-3 min manatl\u0131q h\u0259r\u0259k\u0259tsiz, sad\u0259 protez d\u00fcz\u0259ltdir\u0259k\u201d, &#8211; \u015eahmar Qurbanov deyir.\n<\/p>\n<p>\n  \u201cAzfarel\u201d MMC-d\u0259n bildirilib ki, m\u00fc\u0259ssis\u0259nin ba\u015fqa sah\u0259sind\u0259 \u00e7al\u0131\u015fan \u015eahmar Qurbanov bal\u0131qyeti\u015fdirm\u0259 sexin\u0259 \u00f6zba\u015f\u0131na girib v\u0259 elektrik \u0259t ma\u015f\u0131n\u0131n\u0131 i\u015f\u0259 salark\u0259n barmaqlar\u0131 k\u0259silib. Sexin n\u0259zar\u0259tsiz qalmas\u0131na g\u00f6r\u0259 m\u00fc\u0259ssis\u0259nin bal\u0131qyeti\u015fdirm\u0259 zonas\u0131n\u0131n m\u00fcdiri \u0130lham H\u00fcseynov c\u0259zaland\u0131r\u0131laraq i\u015fd\u0259n \u00e7\u0131xar\u0131l\u0131b, haz\u0131rda is\u0259 \u015e\u0259mkir Rayon M\u0259hk\u0259m\u0259sind\u0259 m\u0259hk\u0259m\u0259si davam edir. M\u00fc\u0259ssis\u0259 r\u0259hb\u0259rliyi \u015eahmar Qurbanovun \u0259linin protezl\u0259\u015fdirilm\u0259sini t\u0259klif ets\u0259 d\u0259, o, imtina edib. \u015eahmar Qurbanova \u00f6m\u00fcrl\u00fck kompensasiya k\u0259silib-k\u0259silm\u0259y\u0259c\u0259yi is\u0259 m\u0259hk\u0259m\u0259d\u0259n sonra m\u0259lum olacaq.\n<\/p>\n<figure class=\"wp-block-image size-large\">\n  <img decoding=\"async\" src=\"https:\/\/www.meydan.tv\/az\/image_from_ios-3-jpg-28\/\" alt=\"image_from_ios (3).jpg\" class=\"wp-image-132908\"\/><figcaption>\n    H\u0259kimin cavab m\u0259ktubu<br \/>\n  <\/figcaption><\/figure>\n<p>\n  Haz\u0131rda m\u0259hk\u0259m\u0259 qar\u015f\u0131s\u0131nda dayanan \u0130lham H\u00fcseynov h\u0259bs alt\u0131nda saxlan\u0131lm\u0131r, istintaq zaman\u0131 ondan he\u00e7 yer\u0259 getm\u0259m\u0259k bar\u0259d\u0259 iltizam al\u0131n\u0131b. O, Cinay\u0259t M\u0259c\u0259ll\u0259sinin 162.1-ci (\u018fm\u0259k m\u00fchafiz\u0259si qaydalar\u0131n\u0131 pozma n\u0259tic\u0259sind\u0259 sa\u011flaml\u0131\u011fa a\u011f\u0131r z\u0259r\u0259r vurma) madd\u0259sil\u0259 t\u0259qsirl\u0259ndirilir. O, istintaqa verdiyi ifad\u0259sind\u0259 bildirib ki, \u015eahmar Qurbanovu ba\u015fqa sexin i\u015f\u00e7isi kimi tan\u0131y\u0131b. Hadis\u0259 zaman\u0131 bal\u0131qyeti\u015fdirm\u0259 v\u0259t\u0259g\u0259sind\u0259 olark\u0259n i\u015f\u00e7il\u0259rd\u0259n biri onunla \u0259laq\u0259 saxlayaraq \u015eahmar\u0131n ba\u015f\u0131na g\u0259l\u0259nl\u0259r bar\u0259d\u0259 m\u0259lumat verib.\n<\/p>\n<p>\n  <b><br \/>\n    M\u0259hk\u0259m\u0259 sor\u011fu g\u00f6nd\u0259rib<br \/>\n  <\/b>\n<\/p>\n<p>\n  M\u0259hk\u0259m\u0259 bu il oktyabr\u0131n 30-da Protez Ortopedik B\u0259rpa M\u0259rk\u0259zin\u0259 sor\u011fu g\u00f6nd\u0259rib. M\u0259hk\u0259m\u0259 M\u0259rk\u0259zd\u0259n \u015eahmar Qurbanova g\u0259l\u0259c\u0259kd\u0259 t\u0259tbiq olunacaq bionik \u0259l protezinin, silikon kosmetik \u0259l protezinin v\u0259 mexaniki \u0259l protezinin ayr\u0131-ayr\u0131l\u0131qda qiym\u0259tl\u0259ri il\u0259 ba\u011fl\u0131 m\u0259lumat verm\u0259sini ist\u0259yib. M\u0259rk\u0259z noyabr\u0131n 20-d\u0259k m\u0259hk\u0259m\u0259nin sor\u011fusunu cavabland\u0131rmal\u0131d\u0131r.\n<\/p>\n<p>\n  H\u00fcquq\u015f\u00fcnas Namiz\u0259d S\u0259f\u0259rov deyir, \u015eahmar Qurbanov \u00f6m\u00fcrl\u00fck kompensasiya il\u0259 ba\u011fl\u0131 m\u00fc\u0259ssis\u0259y\u0259 m\u00fclki qaydada ayr\u0131ca iddia qald\u0131rmal\u0131d\u0131r.\n<\/p>\n<p>\n  \u201cAzfarel\u201d MMC-nin \u201cAzfarel\u201d bal\u0131qyeti\u015fdirm\u0259 m\u00fc\u0259ssis\u0259si \u015e\u0259mkir\u00e7ay su anbar\u0131n\u0131n sahilind\u0259 &#8211; 6 hektar \u0259razid\u0259 yerl\u0259\u015fir. M\u00fc\u0259ssis\u0259nin qurulmas\u0131 43 milyon manata ba\u015fa g\u0259lib. M\u00fc\u0259ssis\u0259 \u015e\u0259kmir Rayon \u0130cra Hakimiyy\u0259tinin ba\u015f\u00e7\u0131s\u0131 Alimpa\u015fa M\u0259mm\u0259dovun o\u011flu Alim Pa\u015fayev\u0259 m\u0259xsusdur. M\u00fc\u0259ssis\u0259 istifad\u0259y\u0259 veril\u0259rk\u0259n ba\u015f\u00e7\u0131 \u201cAzfarel\u201di Qafqaz\u0131n \u0259n b\u00f6y\u00fck bal\u0131qyeti\u015fdirm\u0259 m\u00fc\u0259ssis\u0259si adland\u0131r\u0131b.\n<\/p>\n<figure class=\"wp-block-image size-large\">\n  <img decoding=\"async\" src=\"https:\/\/www.meydan.tv\/az\/image_from_ios-2-jpg-61\/\" alt=\"image_from_ios (2).jpg\" class=\"wp-image-132915\"\/><figcaption>\n    h\u0259kimin cavab\u0131<br \/>\n  <\/figcaption><\/figure>\n","protected":false},"excerpt":{"rendered":"<p>Haz\u0131rda m\u0259hk\u0259m\u0259 qar\u015f\u0131s\u0131nda dayanan \u0130lham H\u00fcseynov h\u0259bs alt\u0131nda saxlan\u0131lm\u0131r, istintaq zaman\u0131 ondan he\u00e7 yer\u0259 getm\u0259m\u0259k bar\u0259d\u0259 iltizam al\u0131n\u0131b.<\/p>\n","protected":false},"author":11,"featured_media":132906,"comment_status":"closed","ping_status":"open","sticky":false,"template":"","format":"standard","meta":{"_acf_changed":false,"_sitemap_exclude":false,"_sitemap_priority":"","_sitemap_frequency":"","footnotes":""},"categories":[60],"tags":[],"class_list":["post-197881","post","type-post","status-publish","format-standard","has-post-thumbnail","hentry","category-bolge","infinite-scroll-item","generate-columns","tablet-grid-50","mobile-grid-100","grid-parent","grid-33","no-featured-image-padding"],"acf":[],"yoast_head":"<!-- This site is optimized with the Yoast SEO plugin v27.5 - https:\/\/yoast.com\/product\/yoast-seo-wordpress\/ -->\n<title>\u201cAzforel\u201dd\u0259 barmaqlar\u0131n\u0131 itir\u0259n g\u0259nc h\u0259r\u0259k\u0259tli \u0259l protezi t\u0259l\u0259b edir - MEYDAN.TV<\/title>\n<meta name=\"robots\" content=\"index, follow, max-snippet:-1, max-image-preview:large, max-video-preview:-1\" \/>\n<link rel=\"canonical\" href=\"https:\/\/www.meydan.tv\/az\/article\/azforelde-barmaqlarini-itiren-genc-hereketli-el-protezi-teleb-edir\/\" \/>\n<meta property=\"og:locale\" content=\"az_AZ\" \/>\n<meta property=\"og:type\" content=\"article\" \/>\n<meta property=\"og:title\" content=\"\u201cAzforel\u201dd\u0259 barmaqlar\u0131n\u0131 itir\u0259n g\u0259nc h\u0259r\u0259k\u0259tli \u0259l protezi t\u0259l\u0259b edir - MEYDAN.TV\" \/>\n<meta property=\"og:description\" content=\"Haz\u0131rda m\u0259hk\u0259m\u0259 qar\u015f\u0131s\u0131nda dayanan \u0130lham H\u00fcseynov h\u0259bs alt\u0131nda saxlan\u0131lm\u0131r, istintaq zaman\u0131 ondan he\u00e7 yer\u0259 getm\u0259m\u0259k bar\u0259d\u0259 iltizam al\u0131n\u0131b.\" \/>\n<meta property=\"og:url\" content=\"https:\/\/www.meydan.tv\/az\/article\/azforelde-barmaqlarini-itiren-genc-hereketli-el-protezi-teleb-edir\/\" \/>\n<meta property=\"og:site_name\" content=\"MEYDAN.TV\" \/>\n<meta property=\"article:published_time\" content=\"2019-11-12T11:17:50+00:00\" \/>\n<meta property=\"og:image\" content=\"https:\/\/www.meydan.tv\/wp-content\/uploads\/image_from_ios_1_zovrmup.jpg\" \/>\n\t<meta property=\"og:image:width\" content=\"640\" \/>\n\t<meta property=\"og:image:height\" content=\"635\" \/>\n\t<meta property=\"og:image:type\" content=\"image\/jpeg\" \/>\n<meta name=\"author\" content=\"user-manager\" \/>\n<meta name=\"twitter:card\" content=\"summary_large_image\" \/>\n<script type=\"application\/ld+json\" class=\"yoast-schema-graph\">{\"@context\":\"https:\\\/\\\/schema.org\",\"@graph\":[{\"@type\":\"Article\",\"@id\":\"https:\\\/\\\/www.meydan.tv\\\/az\\\/article\\\/azforelde-barmaqlarini-itiren-genc-hereketli-el-protezi-teleb-edir\\\/#article\",\"isPartOf\":{\"@id\":\"https:\\\/\\\/www.meydan.tv\\\/az\\\/article\\\/azforelde-barmaqlarini-itiren-genc-hereketli-el-protezi-teleb-edir\\\/\"},\"author\":{\"name\":\"user-manager\",\"@id\":\"https:\\\/\\\/www.meydan.tv\\\/az\\\/#\\\/schema\\\/person\\\/10d11eccf6da3662cf5fdab9806ea91a\"},\"headline\":\"\u201cAzforel\u201dd\u0259 barmaqlar\u0131n\u0131 itir\u0259n g\u0259nc h\u0259r\u0259k\u0259tli \u0259l protezi t\u0259l\u0259b edir\",\"datePublished\":\"2019-11-12T11:17:50+00:00\",\"mainEntityOfPage\":{\"@id\":\"https:\\\/\\\/www.meydan.tv\\\/az\\\/article\\\/azforelde-barmaqlarini-itiren-genc-hereketli-el-protezi-teleb-edir\\\/\"},\"wordCount\":1536,\"publisher\":{\"@id\":\"https:\\\/\\\/www.meydan.tv\\\/az\\\/#organization\"},\"image\":{\"@id\":\"https:\\\/\\\/www.meydan.tv\\\/az\\\/article\\\/azforelde-barmaqlarini-itiren-genc-hereketli-el-protezi-teleb-edir\\\/#primaryimage\"},\"thumbnailUrl\":\"https:\\\/\\\/www.meydan.tv\\\/wp-content\\\/uploads\\\/image_from_ios_1_zovrmup.jpg\",\"articleSection\":[\"B\u00f6lg\u0259\"],\"inLanguage\":\"az\"},{\"@type\":\"WebPage\",\"@id\":\"https:\\\/\\\/www.meydan.tv\\\/az\\\/article\\\/azforelde-barmaqlarini-itiren-genc-hereketli-el-protezi-teleb-edir\\\/\",\"url\":\"https:\\\/\\\/www.meydan.tv\\\/az\\\/article\\\/azforelde-barmaqlarini-itiren-genc-hereketli-el-protezi-teleb-edir\\\/\",\"name\":\"\u201cAzforel\u201dd\u0259 barmaqlar\u0131n\u0131 itir\u0259n g\u0259nc h\u0259r\u0259k\u0259tli \u0259l protezi t\u0259l\u0259b edir - MEYDAN.TV\",\"isPartOf\":{\"@id\":\"https:\\\/\\\/www.meydan.tv\\\/az\\\/#website\"},\"primaryImageOfPage\":{\"@id\":\"https:\\\/\\\/www.meydan.tv\\\/az\\\/article\\\/azforelde-barmaqlarini-itiren-genc-hereketli-el-protezi-teleb-edir\\\/#primaryimage\"},\"image\":{\"@id\":\"https:\\\/\\\/www.meydan.tv\\\/az\\\/article\\\/azforelde-barmaqlarini-itiren-genc-hereketli-el-protezi-teleb-edir\\\/#primaryimage\"},\"thumbnailUrl\":\"https:\\\/\\\/www.meydan.tv\\\/wp-content\\\/uploads\\\/image_from_ios_1_zovrmup.jpg\",\"datePublished\":\"2019-11-12T11:17:50+00:00\",\"breadcrumb\":{\"@id\":\"https:\\\/\\\/www.meydan.tv\\\/az\\\/article\\\/azforelde-barmaqlarini-itiren-genc-hereketli-el-protezi-teleb-edir\\\/#breadcrumb\"},\"inLanguage\":\"az\",\"potentialAction\":[{\"@type\":\"ReadAction\",\"target\":[\"https:\\\/\\\/www.meydan.tv\\\/az\\\/article\\\/azforelde-barmaqlarini-itiren-genc-hereketli-el-protezi-teleb-edir\\\/\"]}]},{\"@type\":\"ImageObject\",\"inLanguage\":\"az\",\"@id\":\"https:\\\/\\\/www.meydan.tv\\\/az\\\/article\\\/azforelde-barmaqlarini-itiren-genc-hereketli-el-protezi-teleb-edir\\\/#primaryimage\",\"url\":\"https:\\\/\\\/www.meydan.tv\\\/wp-content\\\/uploads\\\/image_from_ios_1_zovrmup.jpg\",\"contentUrl\":\"https:\\\/\\\/www.meydan.tv\\\/wp-content\\\/uploads\\\/image_from_ios_1_zovrmup.jpg\",\"width\":640,\"height\":635,\"caption\":\"Source: Specify Source\"},{\"@type\":\"BreadcrumbList\",\"@id\":\"https:\\\/\\\/www.meydan.tv\\\/az\\\/article\\\/azforelde-barmaqlarini-itiren-genc-hereketli-el-protezi-teleb-edir\\\/#breadcrumb\",\"itemListElement\":[{\"@type\":\"ListItem\",\"position\":1,\"name\":\"Ana s\u0259hif\u0259\",\"item\":\"https:\\\/\\\/www.meydan.tv\\\/az\\\/\"},{\"@type\":\"ListItem\",\"position\":2,\"name\":\"B\u00f6lg\u0259\",\"item\":\"https:\\\/\\\/www.meydan.tv\\\/az\\\/section\\\/bolge\\\/\"},{\"@type\":\"ListItem\",\"position\":3,\"name\":\"\u201cAzforel\u201dd\u0259 barmaqlar\u0131n\u0131 itir\u0259n g\u0259nc h\u0259r\u0259k\u0259tli \u0259l protezi t\u0259l\u0259b edir\"}]},{\"@type\":\"WebSite\",\"@id\":\"https:\\\/\\\/www.meydan.tv\\\/az\\\/#website\",\"url\":\"https:\\\/\\\/www.meydan.tv\\\/az\\\/\",\"name\":\"MEYDAN.TV\",\"description\":\"Meydan TV Az\u0259rbaycan\u0131n media m\u0259kan\u0131ndak\u0131 alternativ s\u0259sidir\",\"publisher\":{\"@id\":\"https:\\\/\\\/www.meydan.tv\\\/az\\\/#organization\"},\"potentialAction\":[{\"@type\":\"SearchAction\",\"target\":{\"@type\":\"EntryPoint\",\"urlTemplate\":\"https:\\\/\\\/www.meydan.tv\\\/az\\\/?s={search_term_string}\"},\"query-input\":{\"@type\":\"PropertyValueSpecification\",\"valueRequired\":true,\"valueName\":\"search_term_string\"}}],\"inLanguage\":\"az\"},{\"@type\":\"Organization\",\"@id\":\"https:\\\/\\\/www.meydan.tv\\\/az\\\/#organization\",\"name\":\"Meydan TV\",\"url\":\"https:\\\/\\\/www.meydan.tv\\\/az\\\/\",\"logo\":{\"@type\":\"ImageObject\",\"inLanguage\":\"az\",\"@id\":\"https:\\\/\\\/www.meydan.tv\\\/az\\\/#\\\/schema\\\/logo\\\/image\\\/\",\"url\":\"https:\\\/\\\/www.meydan.tv\\\/wp-content\\\/uploads\\\/2021\\\/07\\\/meydan-logo.svg\",\"contentUrl\":\"https:\\\/\\\/www.meydan.tv\\\/wp-content\\\/uploads\\\/2021\\\/07\\\/meydan-logo.svg\",\"width\":195,\"height\":46,\"caption\":\"Meydan TV\"},\"image\":{\"@id\":\"https:\\\/\\\/www.meydan.tv\\\/az\\\/#\\\/schema\\\/logo\\\/image\\\/\"}},{\"@type\":\"Person\",\"@id\":\"https:\\\/\\\/www.meydan.tv\\\/az\\\/#\\\/schema\\\/person\\\/10d11eccf6da3662cf5fdab9806ea91a\",\"name\":\"user-manager\"}]}<\/script>\n<!-- \/ Yoast SEO plugin. -->","yoast_head_json":{"title":"\u201cAzforel\u201dd\u0259 barmaqlar\u0131n\u0131 itir\u0259n g\u0259nc h\u0259r\u0259k\u0259tli \u0259l protezi t\u0259l\u0259b edir - MEYDAN.TV","robots":{"index":"index","follow":"follow","max-snippet":"max-snippet:-1","max-image-preview":"max-image-preview:large","max-video-preview":"max-video-preview:-1"},"canonical":"https:\/\/www.meydan.tv\/az\/article\/azforelde-barmaqlarini-itiren-genc-hereketli-el-protezi-teleb-edir\/","og_locale":"az_AZ","og_type":"article","og_title":"\u201cAzforel\u201dd\u0259 barmaqlar\u0131n\u0131 itir\u0259n g\u0259nc h\u0259r\u0259k\u0259tli \u0259l protezi t\u0259l\u0259b edir - MEYDAN.TV","og_description":"Haz\u0131rda m\u0259hk\u0259m\u0259 qar\u015f\u0131s\u0131nda dayanan \u0130lham H\u00fcseynov h\u0259bs alt\u0131nda saxlan\u0131lm\u0131r, istintaq zaman\u0131 ondan he\u00e7 yer\u0259 getm\u0259m\u0259k bar\u0259d\u0259 iltizam al\u0131n\u0131b.","og_url":"https:\/\/www.meydan.tv\/az\/article\/azforelde-barmaqlarini-itiren-genc-hereketli-el-protezi-teleb-edir\/","og_site_name":"MEYDAN.TV","article_published_time":"2019-11-12T11:17:50+00:00","og_image":[{"width":640,"height":635,"url":"https:\/\/www.meydan.tv\/wp-content\/uploads\/image_from_ios_1_zovrmup.jpg","type":"image\/jpeg"}],"author":"user-manager","twitter_card":"summary_large_image","schema":{"@context":"https:\/\/schema.org","@graph":[{"@type":"Article","@id":"https:\/\/www.meydan.tv\/az\/article\/azforelde-barmaqlarini-itiren-genc-hereketli-el-protezi-teleb-edir\/#article","isPartOf":{"@id":"https:\/\/www.meydan.tv\/az\/article\/azforelde-barmaqlarini-itiren-genc-hereketli-el-protezi-teleb-edir\/"},"author":{"name":"user-manager","@id":"https:\/\/www.meydan.tv\/az\/#\/schema\/person\/10d11eccf6da3662cf5fdab9806ea91a"},"headline":"\u201cAzforel\u201dd\u0259 barmaqlar\u0131n\u0131 itir\u0259n g\u0259nc h\u0259r\u0259k\u0259tli \u0259l protezi t\u0259l\u0259b edir","datePublished":"2019-11-12T11:17:50+00:00","mainEntityOfPage":{"@id":"https:\/\/www.meydan.tv\/az\/article\/azforelde-barmaqlarini-itiren-genc-hereketli-el-protezi-teleb-edir\/"},"wordCount":1536,"publisher":{"@id":"https:\/\/www.meydan.tv\/az\/#organization"},"image":{"@id":"https:\/\/www.meydan.tv\/az\/article\/azforelde-barmaqlarini-itiren-genc-hereketli-el-protezi-teleb-edir\/#primaryimage"},"thumbnailUrl":"https:\/\/www.meydan.tv\/wp-content\/uploads\/image_from_ios_1_zovrmup.jpg","articleSection":["B\u00f6lg\u0259"],"inLanguage":"az"},{"@type":"WebPage","@id":"https:\/\/www.meydan.tv\/az\/article\/azforelde-barmaqlarini-itiren-genc-hereketli-el-protezi-teleb-edir\/","url":"https:\/\/www.meydan.tv\/az\/article\/azforelde-barmaqlarini-itiren-genc-hereketli-el-protezi-teleb-edir\/","name":"\u201cAzforel\u201dd\u0259 barmaqlar\u0131n\u0131 itir\u0259n g\u0259nc h\u0259r\u0259k\u0259tli \u0259l protezi t\u0259l\u0259b edir - MEYDAN.TV","isPartOf":{"@id":"https:\/\/www.meydan.tv\/az\/#website"},"primaryImageOfPage":{"@id":"https:\/\/www.meydan.tv\/az\/article\/azforelde-barmaqlarini-itiren-genc-hereketli-el-protezi-teleb-edir\/#primaryimage"},"image":{"@id":"https:\/\/www.meydan.tv\/az\/article\/azforelde-barmaqlarini-itiren-genc-hereketli-el-protezi-teleb-edir\/#primaryimage"},"thumbnailUrl":"https:\/\/www.meydan.tv\/wp-content\/uploads\/image_from_ios_1_zovrmup.jpg","datePublished":"2019-11-12T11:17:50+00:00","breadcrumb":{"@id":"https:\/\/www.meydan.tv\/az\/article\/azforelde-barmaqlarini-itiren-genc-hereketli-el-protezi-teleb-edir\/#breadcrumb"},"inLanguage":"az","potentialAction":[{"@type":"ReadAction","target":["https:\/\/www.meydan.tv\/az\/article\/azforelde-barmaqlarini-itiren-genc-hereketli-el-protezi-teleb-edir\/"]}]},{"@type":"ImageObject","inLanguage":"az","@id":"https:\/\/www.meydan.tv\/az\/article\/azforelde-barmaqlarini-itiren-genc-hereketli-el-protezi-teleb-edir\/#primaryimage","url":"https:\/\/www.meydan.tv\/wp-content\/uploads\/image_from_ios_1_zovrmup.jpg","contentUrl":"https:\/\/www.meydan.tv\/wp-content\/uploads\/image_from_ios_1_zovrmup.jpg","width":640,"height":635,"caption":"Source: Specify Source"},{"@type":"BreadcrumbList","@id":"https:\/\/www.meydan.tv\/az\/article\/azforelde-barmaqlarini-itiren-genc-hereketli-el-protezi-teleb-edir\/#breadcrumb","itemListElement":[{"@type":"ListItem","position":1,"name":"Ana s\u0259hif\u0259","item":"https:\/\/www.meydan.tv\/az\/"},{"@type":"ListItem","position":2,"name":"B\u00f6lg\u0259","item":"https:\/\/www.meydan.tv\/az\/section\/bolge\/"},{"@type":"ListItem","position":3,"name":"\u201cAzforel\u201dd\u0259 barmaqlar\u0131n\u0131 itir\u0259n g\u0259nc h\u0259r\u0259k\u0259tli \u0259l protezi t\u0259l\u0259b edir"}]},{"@type":"WebSite","@id":"https:\/\/www.meydan.tv\/az\/#website","url":"https:\/\/www.meydan.tv\/az\/","name":"MEYDAN.TV","description":"Meydan TV Az\u0259rbaycan\u0131n media m\u0259kan\u0131ndak\u0131 alternativ s\u0259sidir","publisher":{"@id":"https:\/\/www.meydan.tv\/az\/#organization"},"potentialAction":[{"@type":"SearchAction","target":{"@type":"EntryPoint","urlTemplate":"https:\/\/www.meydan.tv\/az\/?s={search_term_string}"},"query-input":{"@type":"PropertyValueSpecification","valueRequired":true,"valueName":"search_term_string"}}],"inLanguage":"az"},{"@type":"Organization","@id":"https:\/\/www.meydan.tv\/az\/#organization","name":"Meydan TV","url":"https:\/\/www.meydan.tv\/az\/","logo":{"@type":"ImageObject","inLanguage":"az","@id":"https:\/\/www.meydan.tv\/az\/#\/schema\/logo\/image\/","url":"https:\/\/www.meydan.tv\/wp-content\/uploads\/2021\/07\/meydan-logo.svg","contentUrl":"https:\/\/www.meydan.tv\/wp-content\/uploads\/2021\/07\/meydan-logo.svg","width":195,"height":46,"caption":"Meydan TV"},"image":{"@id":"https:\/\/www.meydan.tv\/az\/#\/schema\/logo\/image\/"}},{"@type":"Person","@id":"https:\/\/www.meydan.tv\/az\/#\/schema\/person\/10d11eccf6da3662cf5fdab9806ea91a","name":"user-manager"}]}},"_links":{"self":[{"href":"https:\/\/www.meydan.tv\/az\/wp-json\/wp\/v2\/posts\/197881","targetHints":{"allow":["GET"]}}],"collection":[{"href":"https:\/\/www.meydan.tv\/az\/wp-json\/wp\/v2\/posts"}],"about":[{"href":"https:\/\/www.meydan.tv\/az\/wp-json\/wp\/v2\/types\/post"}],"author":[{"embeddable":true,"href":"https:\/\/www.meydan.tv\/az\/wp-json\/wp\/v2\/users\/11"}],"replies":[{"embeddable":true,"href":"https:\/\/www.meydan.tv\/az\/wp-json\/wp\/v2\/comments?post=197881"}],"version-history":[{"count":0,"href":"https:\/\/www.meydan.tv\/az\/wp-json\/wp\/v2\/posts\/197881\/revisions"}],"wp:featuredmedia":[{"embeddable":true,"href":"https:\/\/www.meydan.tv\/az\/wp-json\/wp\/v2\/media\/132906"}],"wp:attachment":[{"href":"https:\/\/www.meydan.tv\/az\/wp-json\/wp\/v2\/media?parent=197881"}],"wp:term":[{"taxonomy":"category","embeddable":true,"href":"https:\/\/www.meydan.tv\/az\/wp-json\/wp\/v2\/categories?post=197881"},{"taxonomy":"post_tag","embeddable":true,"href":"https:\/\/www.meydan.tv\/az\/wp-json\/wp\/v2\/tags?post=197881"}],"curies":[{"name":"wp","href":"https:\/\/api.w.org\/{rel}","templated":true}]}}