{"id":197864,"date":"2019-11-09T02:18:26","date_gmt":"2019-11-09T02:18:26","guid":{"rendered":"https:\/\/www.meydan.tv\/article\/iraqda-etirazlarda-10-nefer-oldurulub\/"},"modified":"2019-11-09T02:18:26","modified_gmt":"2019-11-09T02:18:26","slug":"iraqda-etirazlarda-10-nefer-oldurulub","status":"publish","type":"post","link":"https:\/\/www.meydan.tv\/az\/article\/iraqda-etirazlarda-10-nefer-oldurulub\/","title":{"rendered":"\u0130raqda etirazlarda 10 n\u0259f\u0259r \u00f6ld\u00fcr\u00fcl\u00fcb"},"content":{"rendered":"<p>\n  <i><br \/>\n    T\u0259hl\u00fck\u0259sizlik q\u00fcvv\u0259l\u0259ri Ba\u011fdad\u0131n m\u0259rk\u0259zind\u0259ki \u015euhada K\u00f6rp\u00fcs\u00fc yax\u0131nl\u0131\u011f\u0131nda etiraz\u00e7\u0131lara at\u0259\u015f ed\u0259r\u0259k 35 n\u0259f\u0259ri yaralay\u0131b<br \/>\n  <\/i>\n<\/p>\n<p>\n  Ba\u011fdadda \u0130raq t\u0259hl\u00fck\u0259sizlik q\u00fcvv\u0259l\u0259ri t\u0259r\u0259find\u0259n \u0259n az\u0131 alt\u0131 n\u0259f\u0259r, B\u0259sr\u0259d\u0259 is\u0259 h\u00f6kum\u0259t \u0259leyhin\u0259 etirazlarda 4 n\u0259f\u0259r \u00f6ld\u00fcr\u00fcl\u00fcb, &#8211; RFE\/RL x\u0259b\u0259r verir.\n<\/p>\n<p>\n  Noyabr\u0131n 7-d\u0259 polis v\u0259 tibbi m\u0259nb\u0259l\u0259r bildirib ki, qar\u015f\u0131durmalarda onlarla insan yaralan\u0131b, etiraz\u00e7\u0131lar siyasi elitan\u0131 istefaya m\u0259cbur etm\u0259k \u00fc\u00e7\u00fcn c\u0259hdl\u0259rini h\u0259r \u00f6t\u0259n g\u00fcn art\u0131r\u0131rlar.\n<\/p>\n<p>\n  T\u0259hl\u00fck\u0259sizlik q\u00fcvv\u0259l\u0259ri Ba\u011fdad\u0131n m\u0259rk\u0259zind\u0259ki \u015euhada K\u00f6rp\u00fcs\u00fc yax\u0131nl\u0131\u011f\u0131nda etiraz\u00e7\u0131lara at\u0259\u015f ed\u0259r\u0259k 35 n\u0259f\u0259ri yaralay\u0131b.\n<\/p>\n<p>\n  N\u00fcmayi\u015f\u00e7il\u0259r D\u0259cl\u0259 \u00e7ay\u0131n\u0131n q\u0259rb sahilin\u0259 aparan iki k\u00f6rp\u00fc yax\u0131nl\u0131\u011f\u0131ndak\u0131 mane\u0259l\u0259ri aradan qald\u0131rma\u011fa \u00e7al\u0131\u015f\u0131b. Bu yol h\u00f6kum\u0259t binalar\u0131 v\u0259 xarici s\u0259firlikl\u0259rin yerl\u0259\u015fdiyi Ya\u015f\u0131l Zonaya apar\u0131r. Etiraz\u00e7\u0131lar\u0131n qar\u015f\u0131s\u0131 t\u0259hl\u00fck\u0259sizlik q\u00fcvv\u0259l\u0259ri t\u0259r\u0259find\u0259n al\u0131n\u0131b, onlara \u0259raziy\u0259 girm\u0259y\u0259 imkan verilm\u0259yib.\n<\/p>\n<p>\n  \u00d6lk\u0259nin neft s\u0259nayesinin m\u0259rk\u0259zi olan B\u0259sr\u0259d\u0259 g\u00fcnl\u0259rl\u0259 bir \u0259razid\u0259 topla\u015f\u0131b oturan v\u0259 dinc n\u00fcmayi\u015f ed\u0259n insanlara qar\u015f\u0131 odlu silahdan istifad\u0259 edilib. \u018fn az\u0131 d\u00f6rd n\u0259f\u0259r h\u0259lak olub.\n<\/p>\n<p>\n  \u0130raq\u0131n c\u0259nubunda, o c\u00fcml\u0259d\u0259n Umm Qasr liman\u0131nda ba\u015f ver\u0259n toqqu\u015fmalar \u00f6lk\u0259nin iqtisadiyyat\u0131n\u0131 daha da pozma\u011fa davam edir.\n<\/p>\n<p>\n  Umm Qasr \u0130raq iqtisadiyyat\u0131 \u00fc\u00e7\u00fcn vacib olan tax\u0131l, bitki ya\u011flar\u0131 v\u0259 \u015f\u0259k\u0259rin idxal\u0131n\u0131n b\u00f6y\u00fck hiss\u0259sini q\u0259bul edir.\n<\/p>\n<p>\n  Davam ed\u0259n etirazlar 2017-ci ild\u0259 \u0130\u015e\u0130D silahl\u0131 qrupunun m\u0259\u011flubiyy\u0259tind\u0259n sonra yaranm\u0131\u015f s\u0259ssizliyi pozan ilk \u0259n b\u00f6y\u00fck n\u00fcmayi\u015fdir v\u0259 \u0130raq h\u00f6kum\u0259ti bu etirazl\u0131 dayand\u0131rmaqda acizdir.\n<\/p>\n<p>\n  \u018fsas\u0259n silahs\u0131z etiraz\u00e7\u0131lara qar\u015f\u0131 h\u00f6kum\u0259tin \u0259m\u0259liyyat\u0131 oktyabr\u0131n 1-d\u0259n b\u0259ri 260-dan \u00e7ox insan\u0131n \u00f6l\u00fcm\u00fcn\u0259 s\u0259b\u0259b olub.\n<\/p>\n<p>\n  N\u00fcmayi\u015f\u00e7il\u0259r i\u015f yerl\u0259rinin olmamas\u0131ndan, elektrik v\u0259 t\u0259miz su \u00e7at\u0131\u015fmazl\u0131\u011f\u0131ndan, t\u0259hsil v\u0259 s\u0259hiyy\u0259 xidm\u0259tinin z\u0259ifliyind\u0259n, \u00fcmumiyy\u0259tl\u0259 korrupsiyadan \u015fikay\u0259t edirl\u0259r.<\/p>\n","protected":false},"excerpt":{"rendered":"<p>Davam ed\u0259n etirazlar 2017-ci ild\u0259 \u0130\u015e\u0130D silahl\u0131 qrupunun m\u0259\u011flubiyy\u0259tind\u0259n sonra yaranm\u0131\u015f s\u0259ssizliyi pozan ilk \u0259n b\u00f6y\u00fck n\u00fcmayi\u015fdir v\u0259 \u0130raq h\u00f6kum\u0259ti bu etirazl\u0131 dayand\u0131rmaqda acizdir.<\/p>\n","protected":false},"author":11,"featured_media":132852,"comment_status":"closed","ping_status":"open","sticky":false,"template":"","format":"standard","meta":{"_acf_changed":false,"_sitemap_exclude":false,"_sitemap_priority":"","_sitemap_frequency":"","footnotes":""},"categories":[64],"tags":[],"class_list":["post-197864","post","type-post","status-publish","format-standard","has-post-thumbnail","hentry","category-dunya","infinite-scroll-item","generate-columns","tablet-grid-50","mobile-grid-100","grid-parent","grid-33","no-featured-image-padding"],"acf":[],"yoast_head":"<!-- This site is optimized with the Yoast SEO plugin v27.5 - https:\/\/yoast.com\/product\/yoast-seo-wordpress\/ -->\n<title>\u0130raqda etirazlarda 10 n\u0259f\u0259r \u00f6ld\u00fcr\u00fcl\u00fcb - MEYDAN.TV<\/title>\n<meta name=\"robots\" content=\"index, follow, max-snippet:-1, max-image-preview:large, max-video-preview:-1\" \/>\n<link rel=\"canonical\" href=\"https:\/\/www.meydan.tv\/az\/article\/iraqda-etirazlarda-10-nefer-oldurulub\/\" \/>\n<meta property=\"og:locale\" content=\"az_AZ\" \/>\n<meta property=\"og:type\" content=\"article\" \/>\n<meta property=\"og:title\" content=\"\u0130raqda etirazlarda 10 n\u0259f\u0259r \u00f6ld\u00fcr\u00fcl\u00fcb - MEYDAN.TV\" \/>\n<meta property=\"og:description\" content=\"Davam ed\u0259n etirazlar 2017-ci ild\u0259 \u0130\u015e\u0130D silahl\u0131 qrupunun m\u0259\u011flubiyy\u0259tind\u0259n sonra yaranm\u0131\u015f s\u0259ssizliyi pozan ilk \u0259n b\u00f6y\u00fck n\u00fcmayi\u015fdir v\u0259 \u0130raq h\u00f6kum\u0259ti bu etirazl\u0131 dayand\u0131rmaqda acizdir.\" \/>\n<meta property=\"og:url\" content=\"https:\/\/www.meydan.tv\/az\/article\/iraqda-etirazlarda-10-nefer-oldurulub\/\" \/>\n<meta property=\"og:site_name\" content=\"MEYDAN.TV\" \/>\n<meta property=\"article:published_time\" content=\"2019-11-09T02:18:26+00:00\" \/>\n<meta property=\"og:image\" content=\"https:\/\/www.meydan.tv\/wp-content\/uploads\/1507978357_originalsfas.jpg\" \/>\n\t<meta property=\"og:image:width\" content=\"1600\" \/>\n\t<meta property=\"og:image:height\" content=\"800\" \/>\n\t<meta property=\"og:image:type\" content=\"image\/jpeg\" \/>\n<meta name=\"author\" content=\"user-manager\" \/>\n<meta name=\"twitter:card\" content=\"summary_large_image\" \/>\n<script type=\"application\/ld+json\" class=\"yoast-schema-graph\">{\"@context\":\"https:\\\/\\\/schema.org\",\"@graph\":[{\"@type\":\"Article\",\"@id\":\"https:\\\/\\\/www.meydan.tv\\\/az\\\/article\\\/iraqda-etirazlarda-10-nefer-oldurulub\\\/#article\",\"isPartOf\":{\"@id\":\"https:\\\/\\\/www.meydan.tv\\\/az\\\/article\\\/iraqda-etirazlarda-10-nefer-oldurulub\\\/\"},\"author\":{\"name\":\"user-manager\",\"@id\":\"https:\\\/\\\/www.meydan.tv\\\/az\\\/#\\\/schema\\\/person\\\/10d11eccf6da3662cf5fdab9806ea91a\"},\"headline\":\"\u0130raqda etirazlarda 10 n\u0259f\u0259r \u00f6ld\u00fcr\u00fcl\u00fcb\",\"datePublished\":\"2019-11-09T02:18:26+00:00\",\"mainEntityOfPage\":{\"@id\":\"https:\\\/\\\/www.meydan.tv\\\/az\\\/article\\\/iraqda-etirazlarda-10-nefer-oldurulub\\\/\"},\"wordCount\":427,\"publisher\":{\"@id\":\"https:\\\/\\\/www.meydan.tv\\\/az\\\/#organization\"},\"image\":{\"@id\":\"https:\\\/\\\/www.meydan.tv\\\/az\\\/article\\\/iraqda-etirazlarda-10-nefer-oldurulub\\\/#primaryimage\"},\"thumbnailUrl\":\"https:\\\/\\\/www.meydan.tv\\\/wp-content\\\/uploads\\\/1507978357_originalsfas.jpg\",\"articleSection\":[\"D\u00fcnya\"],\"inLanguage\":\"az\"},{\"@type\":\"WebPage\",\"@id\":\"https:\\\/\\\/www.meydan.tv\\\/az\\\/article\\\/iraqda-etirazlarda-10-nefer-oldurulub\\\/\",\"url\":\"https:\\\/\\\/www.meydan.tv\\\/az\\\/article\\\/iraqda-etirazlarda-10-nefer-oldurulub\\\/\",\"name\":\"\u0130raqda etirazlarda 10 n\u0259f\u0259r \u00f6ld\u00fcr\u00fcl\u00fcb - MEYDAN.TV\",\"isPartOf\":{\"@id\":\"https:\\\/\\\/www.meydan.tv\\\/az\\\/#website\"},\"primaryImageOfPage\":{\"@id\":\"https:\\\/\\\/www.meydan.tv\\\/az\\\/article\\\/iraqda-etirazlarda-10-nefer-oldurulub\\\/#primaryimage\"},\"image\":{\"@id\":\"https:\\\/\\\/www.meydan.tv\\\/az\\\/article\\\/iraqda-etirazlarda-10-nefer-oldurulub\\\/#primaryimage\"},\"thumbnailUrl\":\"https:\\\/\\\/www.meydan.tv\\\/wp-content\\\/uploads\\\/1507978357_originalsfas.jpg\",\"datePublished\":\"2019-11-09T02:18:26+00:00\",\"breadcrumb\":{\"@id\":\"https:\\\/\\\/www.meydan.tv\\\/az\\\/article\\\/iraqda-etirazlarda-10-nefer-oldurulub\\\/#breadcrumb\"},\"inLanguage\":\"az\",\"potentialAction\":[{\"@type\":\"ReadAction\",\"target\":[\"https:\\\/\\\/www.meydan.tv\\\/az\\\/article\\\/iraqda-etirazlarda-10-nefer-oldurulub\\\/\"]}]},{\"@type\":\"ImageObject\",\"inLanguage\":\"az\",\"@id\":\"https:\\\/\\\/www.meydan.tv\\\/az\\\/article\\\/iraqda-etirazlarda-10-nefer-oldurulub\\\/#primaryimage\",\"url\":\"https:\\\/\\\/www.meydan.tv\\\/wp-content\\\/uploads\\\/1507978357_originalsfas.jpg\",\"contentUrl\":\"https:\\\/\\\/www.meydan.tv\\\/wp-content\\\/uploads\\\/1507978357_originalsfas.jpg\",\"width\":1600,\"height\":800,\"caption\":\"Source: Foto: arxiv\"},{\"@type\":\"BreadcrumbList\",\"@id\":\"https:\\\/\\\/www.meydan.tv\\\/az\\\/article\\\/iraqda-etirazlarda-10-nefer-oldurulub\\\/#breadcrumb\",\"itemListElement\":[{\"@type\":\"ListItem\",\"position\":1,\"name\":\"Ana s\u0259hif\u0259\",\"item\":\"https:\\\/\\\/www.meydan.tv\\\/az\\\/\"},{\"@type\":\"ListItem\",\"position\":2,\"name\":\"D\u00fcnya\",\"item\":\"https:\\\/\\\/www.meydan.tv\\\/az\\\/section\\\/dunya\\\/\"},{\"@type\":\"ListItem\",\"position\":3,\"name\":\"\u0130raqda etirazlarda 10 n\u0259f\u0259r \u00f6ld\u00fcr\u00fcl\u00fcb\"}]},{\"@type\":\"WebSite\",\"@id\":\"https:\\\/\\\/www.meydan.tv\\\/az\\\/#website\",\"url\":\"https:\\\/\\\/www.meydan.tv\\\/az\\\/\",\"name\":\"MEYDAN.TV\",\"description\":\"Meydan TV Az\u0259rbaycan\u0131n media m\u0259kan\u0131ndak\u0131 alternativ s\u0259sidir\",\"publisher\":{\"@id\":\"https:\\\/\\\/www.meydan.tv\\\/az\\\/#organization\"},\"potentialAction\":[{\"@type\":\"SearchAction\",\"target\":{\"@type\":\"EntryPoint\",\"urlTemplate\":\"https:\\\/\\\/www.meydan.tv\\\/az\\\/?s={search_term_string}\"},\"query-input\":{\"@type\":\"PropertyValueSpecification\",\"valueRequired\":true,\"valueName\":\"search_term_string\"}}],\"inLanguage\":\"az\"},{\"@type\":\"Organization\",\"@id\":\"https:\\\/\\\/www.meydan.tv\\\/az\\\/#organization\",\"name\":\"Meydan TV\",\"url\":\"https:\\\/\\\/www.meydan.tv\\\/az\\\/\",\"logo\":{\"@type\":\"ImageObject\",\"inLanguage\":\"az\",\"@id\":\"https:\\\/\\\/www.meydan.tv\\\/az\\\/#\\\/schema\\\/logo\\\/image\\\/\",\"url\":\"https:\\\/\\\/www.meydan.tv\\\/wp-content\\\/uploads\\\/2021\\\/07\\\/meydan-logo.svg\",\"contentUrl\":\"https:\\\/\\\/www.meydan.tv\\\/wp-content\\\/uploads\\\/2021\\\/07\\\/meydan-logo.svg\",\"width\":195,\"height\":46,\"caption\":\"Meydan TV\"},\"image\":{\"@id\":\"https:\\\/\\\/www.meydan.tv\\\/az\\\/#\\\/schema\\\/logo\\\/image\\\/\"}},{\"@type\":\"Person\",\"@id\":\"https:\\\/\\\/www.meydan.tv\\\/az\\\/#\\\/schema\\\/person\\\/10d11eccf6da3662cf5fdab9806ea91a\",\"name\":\"user-manager\"}]}<\/script>\n<!-- \/ Yoast SEO plugin. -->","yoast_head_json":{"title":"\u0130raqda etirazlarda 10 n\u0259f\u0259r \u00f6ld\u00fcr\u00fcl\u00fcb - MEYDAN.TV","robots":{"index":"index","follow":"follow","max-snippet":"max-snippet:-1","max-image-preview":"max-image-preview:large","max-video-preview":"max-video-preview:-1"},"canonical":"https:\/\/www.meydan.tv\/az\/article\/iraqda-etirazlarda-10-nefer-oldurulub\/","og_locale":"az_AZ","og_type":"article","og_title":"\u0130raqda etirazlarda 10 n\u0259f\u0259r \u00f6ld\u00fcr\u00fcl\u00fcb - MEYDAN.TV","og_description":"Davam ed\u0259n etirazlar 2017-ci ild\u0259 \u0130\u015e\u0130D silahl\u0131 qrupunun m\u0259\u011flubiyy\u0259tind\u0259n sonra yaranm\u0131\u015f s\u0259ssizliyi pozan ilk \u0259n b\u00f6y\u00fck n\u00fcmayi\u015fdir v\u0259 \u0130raq h\u00f6kum\u0259ti bu etirazl\u0131 dayand\u0131rmaqda acizdir.","og_url":"https:\/\/www.meydan.tv\/az\/article\/iraqda-etirazlarda-10-nefer-oldurulub\/","og_site_name":"MEYDAN.TV","article_published_time":"2019-11-09T02:18:26+00:00","og_image":[{"width":1600,"height":800,"url":"https:\/\/www.meydan.tv\/wp-content\/uploads\/1507978357_originalsfas.jpg","type":"image\/jpeg"}],"author":"user-manager","twitter_card":"summary_large_image","schema":{"@context":"https:\/\/schema.org","@graph":[{"@type":"Article","@id":"https:\/\/www.meydan.tv\/az\/article\/iraqda-etirazlarda-10-nefer-oldurulub\/#article","isPartOf":{"@id":"https:\/\/www.meydan.tv\/az\/article\/iraqda-etirazlarda-10-nefer-oldurulub\/"},"author":{"name":"user-manager","@id":"https:\/\/www.meydan.tv\/az\/#\/schema\/person\/10d11eccf6da3662cf5fdab9806ea91a"},"headline":"\u0130raqda etirazlarda 10 n\u0259f\u0259r \u00f6ld\u00fcr\u00fcl\u00fcb","datePublished":"2019-11-09T02:18:26+00:00","mainEntityOfPage":{"@id":"https:\/\/www.meydan.tv\/az\/article\/iraqda-etirazlarda-10-nefer-oldurulub\/"},"wordCount":427,"publisher":{"@id":"https:\/\/www.meydan.tv\/az\/#organization"},"image":{"@id":"https:\/\/www.meydan.tv\/az\/article\/iraqda-etirazlarda-10-nefer-oldurulub\/#primaryimage"},"thumbnailUrl":"https:\/\/www.meydan.tv\/wp-content\/uploads\/1507978357_originalsfas.jpg","articleSection":["D\u00fcnya"],"inLanguage":"az"},{"@type":"WebPage","@id":"https:\/\/www.meydan.tv\/az\/article\/iraqda-etirazlarda-10-nefer-oldurulub\/","url":"https:\/\/www.meydan.tv\/az\/article\/iraqda-etirazlarda-10-nefer-oldurulub\/","name":"\u0130raqda etirazlarda 10 n\u0259f\u0259r \u00f6ld\u00fcr\u00fcl\u00fcb - MEYDAN.TV","isPartOf":{"@id":"https:\/\/www.meydan.tv\/az\/#website"},"primaryImageOfPage":{"@id":"https:\/\/www.meydan.tv\/az\/article\/iraqda-etirazlarda-10-nefer-oldurulub\/#primaryimage"},"image":{"@id":"https:\/\/www.meydan.tv\/az\/article\/iraqda-etirazlarda-10-nefer-oldurulub\/#primaryimage"},"thumbnailUrl":"https:\/\/www.meydan.tv\/wp-content\/uploads\/1507978357_originalsfas.jpg","datePublished":"2019-11-09T02:18:26+00:00","breadcrumb":{"@id":"https:\/\/www.meydan.tv\/az\/article\/iraqda-etirazlarda-10-nefer-oldurulub\/#breadcrumb"},"inLanguage":"az","potentialAction":[{"@type":"ReadAction","target":["https:\/\/www.meydan.tv\/az\/article\/iraqda-etirazlarda-10-nefer-oldurulub\/"]}]},{"@type":"ImageObject","inLanguage":"az","@id":"https:\/\/www.meydan.tv\/az\/article\/iraqda-etirazlarda-10-nefer-oldurulub\/#primaryimage","url":"https:\/\/www.meydan.tv\/wp-content\/uploads\/1507978357_originalsfas.jpg","contentUrl":"https:\/\/www.meydan.tv\/wp-content\/uploads\/1507978357_originalsfas.jpg","width":1600,"height":800,"caption":"Source: Foto: arxiv"},{"@type":"BreadcrumbList","@id":"https:\/\/www.meydan.tv\/az\/article\/iraqda-etirazlarda-10-nefer-oldurulub\/#breadcrumb","itemListElement":[{"@type":"ListItem","position":1,"name":"Ana s\u0259hif\u0259","item":"https:\/\/www.meydan.tv\/az\/"},{"@type":"ListItem","position":2,"name":"D\u00fcnya","item":"https:\/\/www.meydan.tv\/az\/section\/dunya\/"},{"@type":"ListItem","position":3,"name":"\u0130raqda etirazlarda 10 n\u0259f\u0259r \u00f6ld\u00fcr\u00fcl\u00fcb"}]},{"@type":"WebSite","@id":"https:\/\/www.meydan.tv\/az\/#website","url":"https:\/\/www.meydan.tv\/az\/","name":"MEYDAN.TV","description":"Meydan TV Az\u0259rbaycan\u0131n media m\u0259kan\u0131ndak\u0131 alternativ s\u0259sidir","publisher":{"@id":"https:\/\/www.meydan.tv\/az\/#organization"},"potentialAction":[{"@type":"SearchAction","target":{"@type":"EntryPoint","urlTemplate":"https:\/\/www.meydan.tv\/az\/?s={search_term_string}"},"query-input":{"@type":"PropertyValueSpecification","valueRequired":true,"valueName":"search_term_string"}}],"inLanguage":"az"},{"@type":"Organization","@id":"https:\/\/www.meydan.tv\/az\/#organization","name":"Meydan TV","url":"https:\/\/www.meydan.tv\/az\/","logo":{"@type":"ImageObject","inLanguage":"az","@id":"https:\/\/www.meydan.tv\/az\/#\/schema\/logo\/image\/","url":"https:\/\/www.meydan.tv\/wp-content\/uploads\/2021\/07\/meydan-logo.svg","contentUrl":"https:\/\/www.meydan.tv\/wp-content\/uploads\/2021\/07\/meydan-logo.svg","width":195,"height":46,"caption":"Meydan TV"},"image":{"@id":"https:\/\/www.meydan.tv\/az\/#\/schema\/logo\/image\/"}},{"@type":"Person","@id":"https:\/\/www.meydan.tv\/az\/#\/schema\/person\/10d11eccf6da3662cf5fdab9806ea91a","name":"user-manager"}]}},"_links":{"self":[{"href":"https:\/\/www.meydan.tv\/az\/wp-json\/wp\/v2\/posts\/197864","targetHints":{"allow":["GET"]}}],"collection":[{"href":"https:\/\/www.meydan.tv\/az\/wp-json\/wp\/v2\/posts"}],"about":[{"href":"https:\/\/www.meydan.tv\/az\/wp-json\/wp\/v2\/types\/post"}],"author":[{"embeddable":true,"href":"https:\/\/www.meydan.tv\/az\/wp-json\/wp\/v2\/users\/11"}],"replies":[{"embeddable":true,"href":"https:\/\/www.meydan.tv\/az\/wp-json\/wp\/v2\/comments?post=197864"}],"version-history":[{"count":0,"href":"https:\/\/www.meydan.tv\/az\/wp-json\/wp\/v2\/posts\/197864\/revisions"}],"wp:featuredmedia":[{"embeddable":true,"href":"https:\/\/www.meydan.tv\/az\/wp-json\/wp\/v2\/media\/132852"}],"wp:attachment":[{"href":"https:\/\/www.meydan.tv\/az\/wp-json\/wp\/v2\/media?parent=197864"}],"wp:term":[{"taxonomy":"category","embeddable":true,"href":"https:\/\/www.meydan.tv\/az\/wp-json\/wp\/v2\/categories?post=197864"},{"taxonomy":"post_tag","embeddable":true,"href":"https:\/\/www.meydan.tv\/az\/wp-json\/wp\/v2\/tags?post=197864"}],"curies":[{"name":"wp","href":"https:\/\/api.w.org\/{rel}","templated":true}]}}