{"id":197859,"date":"2019-11-08T14:15:36","date_gmt":"2019-11-08T14:15:36","guid":{"rendered":"https:\/\/www.meydan.tv\/article\/alman-medeninde-partlama-bas-verib\/"},"modified":"2019-11-08T14:15:36","modified_gmt":"2019-11-08T14:15:36","slug":"alman-medeninde-partlama-bas-verib","status":"publish","type":"post","link":"https:\/\/www.meydan.tv\/az\/article\/alman-medeninde-partlama-bas-verib\/","title":{"rendered":"Alman m\u0259d\u0259nind\u0259 partlama ba\u015f verib"},"content":{"rendered":"<p>\n  <i><br \/>\n    700 metrlik d\u0259rinlikd\u0259 qalan insanlar xilas olunub<br \/>\n  <\/i>\n<\/p>\n<p>\n  Almaniyan\u0131n \u015f\u0259rqind\u0259 yerl\u0259\u015f\u0259n m\u0259d\u0259nd\u0259 partlay\u0131\u015f ba\u015f verib. Noyabr\u0131n 8-d\u0259 ba\u015f vermi\u015f partlay\u0131\u015f\u0131n ard\u0131ndan m\u0259d\u0259nin t\u0259xmin\u0259n 30-a yax\u0131n hey\u0259ti 700 metr d\u0259rinlikd\u0259 t\u0131xan\u0131b qald\u0131qdan sonra xilas edilibl\u0259r, &#8211; \u201cReuters\u201d x\u0259b\u0259r verir.\n<\/p>\n<p>\n  Yerli televiziya MDR x\u0259b\u0259r verir ki, yan\u011f\u0131ns\u00f6nd\u00fcr\u0259nl\u0259r xilasetm\u0259 \u0259m\u0259liyyat\u0131 apar\u0131blar. Q\u0131sa m\u00fcdd\u0259t sonra yerli polis \u201ctwitter\u201d hesab\u0131nda qeyd edib: \u201cB\u00fct\u00fcn \u015f\u0259xsi hey\u0259t xilas edilib\u201d.\n<\/p>\n<p>\n  \u201cMitteldeutsche Zeitung\u201d sayt\u0131n\u0131n m\u0259lumat\u0131na g\u00f6r\u0259, m\u0259d\u0259n i\u015f\u00e7il\u0259rind\u0259n biri a\u011f\u0131r yaralan\u0131b.\n<\/p>\n<p>\n  Yeralt\u0131nda olan hey\u0259t Berlind\u0259n t\u0259qrib\u0259n 150 km c\u0259nub-q\u0259rbd\u0259 yerl\u0259\u015f\u0259n Toy\u00e7entaldak\u0131 (Teutschenthal) m\u0259d\u0259ninin t\u0259hl\u00fck\u0259siz hiss\u0259sin\u0259 s\u0131\u011f\u0131naraq oksigenl\u0259 t\u0259min olunublar.\n<\/p>\n<p>\n  Da\u011f-m\u0259d\u0259n idar\u0259si deyib ki, yerin alt\u0131nda qalm\u0131\u015f i\u015f\u00e7il\u0259rin toxunulmaz qalm\u0131\u015f quyu vasit\u0259sil\u0259 \u00e7\u0131xar\u0131lmas\u0131 m\u00fcmk\u00fcn olub.\n<\/p>\n<p>\n  Halle \u015f\u0259h\u0259rinin yax\u0131nl\u0131\u011f\u0131nda yerl\u0259\u015f\u0259n m\u0259d\u0259n 1982-ci ild\u0259 ba\u011flan\u0131b, lakin ba\u015fqa yerl\u0259rd\u0259n g\u0259l\u0259n m\u0259d\u0259n tullant\u0131lar\u0131n\u0131n toplanmas\u0131 \u00fc\u00e7\u00fcn istifad\u0259 edilir. Sah\u0259d\u0259 100-\u0259 yax\u0131n insan i\u015fl\u0259yir.\n<\/p>\n<p>\n  Ke\u00e7\u0259n ay Halle \u015f\u0259h\u0259rind\u0259 iki n\u0259f\u0259r sinaqoqun yax\u0131nl\u0131\u011f\u0131nda ba\u015f vermi\u015f antisemitik h\u00fccum n\u0259tic\u0259sind\u0259 \u00f6ld\u00fcr\u00fclm\u00fc\u015fd\u00fc.<\/p>\n","protected":false},"excerpt":{"rendered":"<p>Da\u011f-m\u0259d\u0259n idar\u0259si deyib ki, yerin alt\u0131nda qalm\u0131\u015f i\u015f\u00e7il\u0259rin toxunulmaz qalm\u0131\u015f quyu vasit\u0259sil\u0259 \u00e7\u0131xar\u0131lmas\u0131 m\u00fcmk\u00fcn olub.<\/p>\n","protected":false},"author":11,"featured_media":132831,"comment_status":"closed","ping_status":"open","sticky":false,"template":"","format":"standard","meta":{"_acf_changed":false,"_sitemap_exclude":false,"_sitemap_priority":"","_sitemap_frequency":"","footnotes":""},"categories":[64],"tags":[],"class_list":["post-197859","post","type-post","status-publish","format-standard","has-post-thumbnail","hentry","category-dunya","infinite-scroll-item","generate-columns","tablet-grid-50","mobile-grid-100","grid-parent","grid-33","no-featured-image-padding"],"acf":[],"yoast_head":"<!-- This site is optimized with the Yoast SEO plugin v27.5 - https:\/\/yoast.com\/product\/yoast-seo-wordpress\/ -->\n<title>Alman m\u0259d\u0259nind\u0259 partlama ba\u015f verib - MEYDAN.TV<\/title>\n<meta name=\"robots\" content=\"index, follow, max-snippet:-1, max-image-preview:large, max-video-preview:-1\" \/>\n<link rel=\"canonical\" href=\"https:\/\/www.meydan.tv\/az\/article\/alman-medeninde-partlama-bas-verib\/\" \/>\n<meta property=\"og:locale\" content=\"az_AZ\" \/>\n<meta property=\"og:type\" content=\"article\" \/>\n<meta property=\"og:title\" content=\"Alman m\u0259d\u0259nind\u0259 partlama ba\u015f verib - MEYDAN.TV\" \/>\n<meta property=\"og:description\" content=\"Da\u011f-m\u0259d\u0259n idar\u0259si deyib ki, yerin alt\u0131nda qalm\u0131\u015f i\u015f\u00e7il\u0259rin toxunulmaz qalm\u0131\u015f quyu vasit\u0259sil\u0259 \u00e7\u0131xar\u0131lmas\u0131 m\u00fcmk\u00fcn olub.\" \/>\n<meta property=\"og:url\" content=\"https:\/\/www.meydan.tv\/az\/article\/alman-medeninde-partlama-bas-verib\/\" \/>\n<meta property=\"og:site_name\" content=\"MEYDAN.TV\" \/>\n<meta property=\"article:published_time\" content=\"2019-11-08T14:15:36+00:00\" \/>\n<meta property=\"og:image\" content=\"https:\/\/www.meydan.tv\/wp-content\/uploads\/b-bergleute-verlassen-den-schacht-der-grube-in-teutschenthal-081119.jpg\" \/>\n\t<meta property=\"og:image:width\" content=\"962\" \/>\n\t<meta property=\"og:image:height\" content=\"480\" \/>\n\t<meta property=\"og:image:type\" content=\"image\/jpeg\" \/>\n<meta name=\"author\" content=\"user-manager\" \/>\n<meta name=\"twitter:card\" content=\"summary_large_image\" \/>\n<script type=\"application\/ld+json\" class=\"yoast-schema-graph\">{\"@context\":\"https:\\\/\\\/schema.org\",\"@graph\":[{\"@type\":\"Article\",\"@id\":\"https:\\\/\\\/www.meydan.tv\\\/az\\\/article\\\/alman-medeninde-partlama-bas-verib\\\/#article\",\"isPartOf\":{\"@id\":\"https:\\\/\\\/www.meydan.tv\\\/az\\\/article\\\/alman-medeninde-partlama-bas-verib\\\/\"},\"author\":{\"name\":\"user-manager\",\"@id\":\"https:\\\/\\\/www.meydan.tv\\\/az\\\/#\\\/schema\\\/person\\\/10d11eccf6da3662cf5fdab9806ea91a\"},\"headline\":\"Alman m\u0259d\u0259nind\u0259 partlama ba\u015f verib\",\"datePublished\":\"2019-11-08T14:15:36+00:00\",\"mainEntityOfPage\":{\"@id\":\"https:\\\/\\\/www.meydan.tv\\\/az\\\/article\\\/alman-medeninde-partlama-bas-verib\\\/\"},\"wordCount\":256,\"publisher\":{\"@id\":\"https:\\\/\\\/www.meydan.tv\\\/az\\\/#organization\"},\"image\":{\"@id\":\"https:\\\/\\\/www.meydan.tv\\\/az\\\/article\\\/alman-medeninde-partlama-bas-verib\\\/#primaryimage\"},\"thumbnailUrl\":\"https:\\\/\\\/www.meydan.tv\\\/wp-content\\\/uploads\\\/b-bergleute-verlassen-den-schacht-der-grube-in-teutschenthal-081119.jpg\",\"articleSection\":[\"D\u00fcnya\"],\"inLanguage\":\"az\"},{\"@type\":\"WebPage\",\"@id\":\"https:\\\/\\\/www.meydan.tv\\\/az\\\/article\\\/alman-medeninde-partlama-bas-verib\\\/\",\"url\":\"https:\\\/\\\/www.meydan.tv\\\/az\\\/article\\\/alman-medeninde-partlama-bas-verib\\\/\",\"name\":\"Alman m\u0259d\u0259nind\u0259 partlama ba\u015f verib - MEYDAN.TV\",\"isPartOf\":{\"@id\":\"https:\\\/\\\/www.meydan.tv\\\/az\\\/#website\"},\"primaryImageOfPage\":{\"@id\":\"https:\\\/\\\/www.meydan.tv\\\/az\\\/article\\\/alman-medeninde-partlama-bas-verib\\\/#primaryimage\"},\"image\":{\"@id\":\"https:\\\/\\\/www.meydan.tv\\\/az\\\/article\\\/alman-medeninde-partlama-bas-verib\\\/#primaryimage\"},\"thumbnailUrl\":\"https:\\\/\\\/www.meydan.tv\\\/wp-content\\\/uploads\\\/b-bergleute-verlassen-den-schacht-der-grube-in-teutschenthal-081119.jpg\",\"datePublished\":\"2019-11-08T14:15:36+00:00\",\"breadcrumb\":{\"@id\":\"https:\\\/\\\/www.meydan.tv\\\/az\\\/article\\\/alman-medeninde-partlama-bas-verib\\\/#breadcrumb\"},\"inLanguage\":\"az\",\"potentialAction\":[{\"@type\":\"ReadAction\",\"target\":[\"https:\\\/\\\/www.meydan.tv\\\/az\\\/article\\\/alman-medeninde-partlama-bas-verib\\\/\"]}]},{\"@type\":\"ImageObject\",\"inLanguage\":\"az\",\"@id\":\"https:\\\/\\\/www.meydan.tv\\\/az\\\/article\\\/alman-medeninde-partlama-bas-verib\\\/#primaryimage\",\"url\":\"https:\\\/\\\/www.meydan.tv\\\/wp-content\\\/uploads\\\/b-bergleute-verlassen-den-schacht-der-grube-in-teutschenthal-081119.jpg\",\"contentUrl\":\"https:\\\/\\\/www.meydan.tv\\\/wp-content\\\/uploads\\\/b-bergleute-verlassen-den-schacht-der-grube-in-teutschenthal-081119.jpg\",\"width\":962,\"height\":480,\"caption\":\"Source: Specify Source\"},{\"@type\":\"BreadcrumbList\",\"@id\":\"https:\\\/\\\/www.meydan.tv\\\/az\\\/article\\\/alman-medeninde-partlama-bas-verib\\\/#breadcrumb\",\"itemListElement\":[{\"@type\":\"ListItem\",\"position\":1,\"name\":\"Ana s\u0259hif\u0259\",\"item\":\"https:\\\/\\\/www.meydan.tv\\\/az\\\/\"},{\"@type\":\"ListItem\",\"position\":2,\"name\":\"D\u00fcnya\",\"item\":\"https:\\\/\\\/www.meydan.tv\\\/az\\\/section\\\/dunya\\\/\"},{\"@type\":\"ListItem\",\"position\":3,\"name\":\"Alman m\u0259d\u0259nind\u0259 partlama ba\u015f verib\"}]},{\"@type\":\"WebSite\",\"@id\":\"https:\\\/\\\/www.meydan.tv\\\/az\\\/#website\",\"url\":\"https:\\\/\\\/www.meydan.tv\\\/az\\\/\",\"name\":\"MEYDAN.TV\",\"description\":\"Meydan TV Az\u0259rbaycan\u0131n media m\u0259kan\u0131ndak\u0131 alternativ s\u0259sidir\",\"publisher\":{\"@id\":\"https:\\\/\\\/www.meydan.tv\\\/az\\\/#organization\"},\"potentialAction\":[{\"@type\":\"SearchAction\",\"target\":{\"@type\":\"EntryPoint\",\"urlTemplate\":\"https:\\\/\\\/www.meydan.tv\\\/az\\\/?s={search_term_string}\"},\"query-input\":{\"@type\":\"PropertyValueSpecification\",\"valueRequired\":true,\"valueName\":\"search_term_string\"}}],\"inLanguage\":\"az\"},{\"@type\":\"Organization\",\"@id\":\"https:\\\/\\\/www.meydan.tv\\\/az\\\/#organization\",\"name\":\"Meydan TV\",\"url\":\"https:\\\/\\\/www.meydan.tv\\\/az\\\/\",\"logo\":{\"@type\":\"ImageObject\",\"inLanguage\":\"az\",\"@id\":\"https:\\\/\\\/www.meydan.tv\\\/az\\\/#\\\/schema\\\/logo\\\/image\\\/\",\"url\":\"https:\\\/\\\/www.meydan.tv\\\/wp-content\\\/uploads\\\/2021\\\/07\\\/meydan-logo.svg\",\"contentUrl\":\"https:\\\/\\\/www.meydan.tv\\\/wp-content\\\/uploads\\\/2021\\\/07\\\/meydan-logo.svg\",\"width\":195,\"height\":46,\"caption\":\"Meydan TV\"},\"image\":{\"@id\":\"https:\\\/\\\/www.meydan.tv\\\/az\\\/#\\\/schema\\\/logo\\\/image\\\/\"}},{\"@type\":\"Person\",\"@id\":\"https:\\\/\\\/www.meydan.tv\\\/az\\\/#\\\/schema\\\/person\\\/10d11eccf6da3662cf5fdab9806ea91a\",\"name\":\"user-manager\"}]}<\/script>\n<!-- \/ Yoast SEO plugin. -->","yoast_head_json":{"title":"Alman m\u0259d\u0259nind\u0259 partlama ba\u015f verib - MEYDAN.TV","robots":{"index":"index","follow":"follow","max-snippet":"max-snippet:-1","max-image-preview":"max-image-preview:large","max-video-preview":"max-video-preview:-1"},"canonical":"https:\/\/www.meydan.tv\/az\/article\/alman-medeninde-partlama-bas-verib\/","og_locale":"az_AZ","og_type":"article","og_title":"Alman m\u0259d\u0259nind\u0259 partlama ba\u015f verib - MEYDAN.TV","og_description":"Da\u011f-m\u0259d\u0259n idar\u0259si deyib ki, yerin alt\u0131nda qalm\u0131\u015f i\u015f\u00e7il\u0259rin toxunulmaz qalm\u0131\u015f quyu vasit\u0259sil\u0259 \u00e7\u0131xar\u0131lmas\u0131 m\u00fcmk\u00fcn olub.","og_url":"https:\/\/www.meydan.tv\/az\/article\/alman-medeninde-partlama-bas-verib\/","og_site_name":"MEYDAN.TV","article_published_time":"2019-11-08T14:15:36+00:00","og_image":[{"width":962,"height":480,"url":"https:\/\/www.meydan.tv\/wp-content\/uploads\/b-bergleute-verlassen-den-schacht-der-grube-in-teutschenthal-081119.jpg","type":"image\/jpeg"}],"author":"user-manager","twitter_card":"summary_large_image","schema":{"@context":"https:\/\/schema.org","@graph":[{"@type":"Article","@id":"https:\/\/www.meydan.tv\/az\/article\/alman-medeninde-partlama-bas-verib\/#article","isPartOf":{"@id":"https:\/\/www.meydan.tv\/az\/article\/alman-medeninde-partlama-bas-verib\/"},"author":{"name":"user-manager","@id":"https:\/\/www.meydan.tv\/az\/#\/schema\/person\/10d11eccf6da3662cf5fdab9806ea91a"},"headline":"Alman m\u0259d\u0259nind\u0259 partlama ba\u015f verib","datePublished":"2019-11-08T14:15:36+00:00","mainEntityOfPage":{"@id":"https:\/\/www.meydan.tv\/az\/article\/alman-medeninde-partlama-bas-verib\/"},"wordCount":256,"publisher":{"@id":"https:\/\/www.meydan.tv\/az\/#organization"},"image":{"@id":"https:\/\/www.meydan.tv\/az\/article\/alman-medeninde-partlama-bas-verib\/#primaryimage"},"thumbnailUrl":"https:\/\/www.meydan.tv\/wp-content\/uploads\/b-bergleute-verlassen-den-schacht-der-grube-in-teutschenthal-081119.jpg","articleSection":["D\u00fcnya"],"inLanguage":"az"},{"@type":"WebPage","@id":"https:\/\/www.meydan.tv\/az\/article\/alman-medeninde-partlama-bas-verib\/","url":"https:\/\/www.meydan.tv\/az\/article\/alman-medeninde-partlama-bas-verib\/","name":"Alman m\u0259d\u0259nind\u0259 partlama ba\u015f verib - MEYDAN.TV","isPartOf":{"@id":"https:\/\/www.meydan.tv\/az\/#website"},"primaryImageOfPage":{"@id":"https:\/\/www.meydan.tv\/az\/article\/alman-medeninde-partlama-bas-verib\/#primaryimage"},"image":{"@id":"https:\/\/www.meydan.tv\/az\/article\/alman-medeninde-partlama-bas-verib\/#primaryimage"},"thumbnailUrl":"https:\/\/www.meydan.tv\/wp-content\/uploads\/b-bergleute-verlassen-den-schacht-der-grube-in-teutschenthal-081119.jpg","datePublished":"2019-11-08T14:15:36+00:00","breadcrumb":{"@id":"https:\/\/www.meydan.tv\/az\/article\/alman-medeninde-partlama-bas-verib\/#breadcrumb"},"inLanguage":"az","potentialAction":[{"@type":"ReadAction","target":["https:\/\/www.meydan.tv\/az\/article\/alman-medeninde-partlama-bas-verib\/"]}]},{"@type":"ImageObject","inLanguage":"az","@id":"https:\/\/www.meydan.tv\/az\/article\/alman-medeninde-partlama-bas-verib\/#primaryimage","url":"https:\/\/www.meydan.tv\/wp-content\/uploads\/b-bergleute-verlassen-den-schacht-der-grube-in-teutschenthal-081119.jpg","contentUrl":"https:\/\/www.meydan.tv\/wp-content\/uploads\/b-bergleute-verlassen-den-schacht-der-grube-in-teutschenthal-081119.jpg","width":962,"height":480,"caption":"Source: Specify Source"},{"@type":"BreadcrumbList","@id":"https:\/\/www.meydan.tv\/az\/article\/alman-medeninde-partlama-bas-verib\/#breadcrumb","itemListElement":[{"@type":"ListItem","position":1,"name":"Ana s\u0259hif\u0259","item":"https:\/\/www.meydan.tv\/az\/"},{"@type":"ListItem","position":2,"name":"D\u00fcnya","item":"https:\/\/www.meydan.tv\/az\/section\/dunya\/"},{"@type":"ListItem","position":3,"name":"Alman m\u0259d\u0259nind\u0259 partlama ba\u015f verib"}]},{"@type":"WebSite","@id":"https:\/\/www.meydan.tv\/az\/#website","url":"https:\/\/www.meydan.tv\/az\/","name":"MEYDAN.TV","description":"Meydan TV Az\u0259rbaycan\u0131n media m\u0259kan\u0131ndak\u0131 alternativ s\u0259sidir","publisher":{"@id":"https:\/\/www.meydan.tv\/az\/#organization"},"potentialAction":[{"@type":"SearchAction","target":{"@type":"EntryPoint","urlTemplate":"https:\/\/www.meydan.tv\/az\/?s={search_term_string}"},"query-input":{"@type":"PropertyValueSpecification","valueRequired":true,"valueName":"search_term_string"}}],"inLanguage":"az"},{"@type":"Organization","@id":"https:\/\/www.meydan.tv\/az\/#organization","name":"Meydan TV","url":"https:\/\/www.meydan.tv\/az\/","logo":{"@type":"ImageObject","inLanguage":"az","@id":"https:\/\/www.meydan.tv\/az\/#\/schema\/logo\/image\/","url":"https:\/\/www.meydan.tv\/wp-content\/uploads\/2021\/07\/meydan-logo.svg","contentUrl":"https:\/\/www.meydan.tv\/wp-content\/uploads\/2021\/07\/meydan-logo.svg","width":195,"height":46,"caption":"Meydan TV"},"image":{"@id":"https:\/\/www.meydan.tv\/az\/#\/schema\/logo\/image\/"}},{"@type":"Person","@id":"https:\/\/www.meydan.tv\/az\/#\/schema\/person\/10d11eccf6da3662cf5fdab9806ea91a","name":"user-manager"}]}},"_links":{"self":[{"href":"https:\/\/www.meydan.tv\/az\/wp-json\/wp\/v2\/posts\/197859","targetHints":{"allow":["GET"]}}],"collection":[{"href":"https:\/\/www.meydan.tv\/az\/wp-json\/wp\/v2\/posts"}],"about":[{"href":"https:\/\/www.meydan.tv\/az\/wp-json\/wp\/v2\/types\/post"}],"author":[{"embeddable":true,"href":"https:\/\/www.meydan.tv\/az\/wp-json\/wp\/v2\/users\/11"}],"replies":[{"embeddable":true,"href":"https:\/\/www.meydan.tv\/az\/wp-json\/wp\/v2\/comments?post=197859"}],"version-history":[{"count":0,"href":"https:\/\/www.meydan.tv\/az\/wp-json\/wp\/v2\/posts\/197859\/revisions"}],"wp:featuredmedia":[{"embeddable":true,"href":"https:\/\/www.meydan.tv\/az\/wp-json\/wp\/v2\/media\/132831"}],"wp:attachment":[{"href":"https:\/\/www.meydan.tv\/az\/wp-json\/wp\/v2\/media?parent=197859"}],"wp:term":[{"taxonomy":"category","embeddable":true,"href":"https:\/\/www.meydan.tv\/az\/wp-json\/wp\/v2\/categories?post=197859"},{"taxonomy":"post_tag","embeddable":true,"href":"https:\/\/www.meydan.tv\/az\/wp-json\/wp\/v2\/tags?post=197859"}],"curies":[{"name":"wp","href":"https:\/\/api.w.org\/{rel}","templated":true}]}}