{"id":197854,"date":"2019-11-08T13:12:12","date_gmt":"2019-11-08T13:12:12","guid":{"rendered":"https:\/\/www.meydan.tv\/article\/bunun-adi-sagaltmaq-deyil-muveqqeti-yola-vermekdir\/"},"modified":"2019-11-08T13:12:12","modified_gmt":"2019-11-08T13:12:12","slug":"bunun-adi-sagaltmaq-deyil-muveqqeti-yola-vermekdir","status":"publish","type":"post","link":"https:\/\/www.meydan.tv\/az\/article\/bunun-adi-sagaltmaq-deyil-muveqqeti-yola-vermekdir\/","title":{"rendered":"\u201cBunun ad\u0131 sa\u011faltmaq deyil, m\u00fcv\u0259qq\u0259ti yola verm\u0259kdir\u201d"},"content":{"rendered":"<p>\n  <i><br \/>\n    Hepatitd\u0259n \u0259ziyy\u0259t \u00e7\u0259k\u0259n bac\u0131-qarda\u015f imkans\u0131zl\u0131qdan m\u00fcalic\u0259 oluna bilm\u0259dikl\u0259rini deyirl\u0259r<br \/>\n  <\/i>\n<\/p>\n<p>\n  Xocav\u0259ndd\u0259 do\u011fulan X\u0259qani Quliyev i\u015f\u011faldan sonra Beyl\u0259qandak\u0131 eyniadl\u0131 q\u0259s\u0259b\u0259y\u0259 s\u0131\u011f\u0131n\u0131b. H\u0259l\u0259 do\u011fma yerl\u0259rd\u0259 ya\u015fayark\u0259n poliomielit (sinir sisteminin z\u0259d\u0259l\u0259nm\u0259si, \u0259z\u0259l\u0259l\u0259rin iflicin\u0259 s\u0259b\u0259b olan) x\u0259st\u0259liyin\u0259 tutulub. X\u0259st\u0259lik onun h\u0259r\u0259k\u0259t imkanlar\u0131n\u0131 iflic edib. \u00dcst\u0259lik, iki il \u0259vv\u0259l onda hepatit B v\u0259 D a\u015fkar olunub.\n<\/p>\n<p>\n  <b><br \/>\n    \u201cH\u0259mi\u015f\u0259 \u0259ziyy\u0259t \u00e7\u0259kmi\u015f\u0259m\u201d<br \/>\n  <\/b>\n<\/p>\n<p>\n  X\u0259qaninin dediyin\u0259 g\u00f6r\u0259, u\u015faql\u0131qda peyv\u0259nd iyn\u0259sinin d\u00fczg\u00fcn vurulmamas\u0131 \u00fcz\u00fcnd\u0259n poliomielit yaran\u0131b. \u0130ndi \u0259san\u0131n k\u00f6m\u0259yil\u0259, \u00e7ox \u00e7\u0259tinlikl\u0259 yeriyir. \u0130ll\u0259rl\u0259 5 sayl\u0131 \u015e\u0259h\u0259r Klinik X\u0259st\u0259xanas\u0131nda, Respublika \u018flill\u0259rin B\u0259rpa M\u0259rk\u0259zind\u0259 m\u00fcalic\u0259 al\u0131b. Amma b\u00fct\u00fcn m\u00fcalic\u0259 kurslar\u0131 m\u00fcv\u0259qq\u0259ti xarakter da\u015f\u0131y\u0131b, onu sa\u011faltmay\u0131b. X\u0259qani is\u0259, n\u0259hay\u0259t, normal h\u0259yat s\u00fcrm\u0259k ist\u0259yir.\n<\/p>\n<p>\n  \u201cH\u0259mi\u015f\u0259 \u0259ziyy\u0259t \u00e7\u0259kmi\u015f\u0259m. S\u0131x\u0131nt\u0131larla ya\u015fam\u0131\u015f\u0131q. Atam \u00c7ernob\u0131l \u0259lili idi. Doqquz il \u0259vv\u0259l v\u0259fat etdi. Anam biziml\u0259 ya\u015fay\u0131r. O da x\u0259st\u0259di\u201d, &#8211; X\u0259qani dan\u0131\u015f\u0131r.\n<\/p>\n<p>\n  \u0130ndi hepatit X\u0259qanini daha \u00e7ox qay\u011f\u0131land\u0131r\u0131r. \u00c7\u00fcnki qaraciy\u0259r problemi sirroza \u00e7evril\u0259 bil\u0259r. X\u0259qani deyir ki, bu iki ild\u0259 \u00f6l\u00fcm t\u0259hl\u00fck\u0259si sa\u00e7an x\u0259st\u0259likd\u0259n yaxa qurtarmaq \u00fc\u00e7\u00fcn \u00e7ox \u00e7al\u0131\u015f\u0131b.\n<\/p>\n<p>\n  \u201c\u0130ki d\u0259f\u0259 \u201cSema\u015fko\u201dda yatm\u0131\u015fam. H\u0259tta \u0130rana da getmi\u015fdim. He\u00e7 orda da tam m\u00fcalic\u0259y\u0259 s\u00f6z verm\u0259dil\u0259r\u201d, &#8211; X\u0259qani Quliyev t\u0259\u0259ss\u00fcfl\u0259 bildirir.\n<\/p>\n<p>\n  Onunla s\u00f6hb\u0259td\u0259 m\u0259lum olur ki, bayaqdan yan\u0131nda sakitc\u0259 \u0259yl\u0259\u015fmi\u015f bac\u0131s\u0131 \u018fntiq\u0259 d\u0259 \u00fc\u00e7 il \u0259vv\u0259l hepatit\u0259 yoluxub&#8230;\n<\/p>\n<p>\n  <b><br \/>\n    \u201c\u0130randan 250 manata d\u0259rman al\u0131r\u0131q\u201d<br \/>\n  <\/b>\n<\/p>\n<p>\n  \u018fntiq\u0259 Quliyevan\u0131n s\u00f6zl\u0259rin\u0259 g\u00f6r\u0259, x\u0259st\u0259lik haqda xeyli m\u0259lumat alma\u011fa \u00e7al\u0131\u015f\u0131b. O, hepatit D-nin Az\u0259rbaycanda m\u00fcalic\u0259sinin olmad\u0131\u011f\u0131n\u0131 bildirir. Ona g\u00f6r\u0259 d\u0259 h\u0259r ikisi T\u00fcrkiy\u0259y\u0259 getm\u0259lidir:\n<\/p>\n<p>\n  \u201cSema\u015fko\u201ddan (1 sayl\u0131 Tibbi Klinik M\u0259rk\u0259z-red) t\u0259z\u0259c\u0259 \u00e7\u0131xm\u0131\u015fam. Anam \u00f6z\u00fc x\u0259st\u0259 adamd\u0131, amma pensiyas\u0131n\u0131 \u00f6z\u00fcn\u0259 yox, m\u0259n\u0259 s\u0259rf el\u0259yir. Hepatit normal h\u0259yat s\u00fcrm\u0259y\u0259 imkan vermir. Hu\u015fsuz olursan, iki saat \u0259vv\u0259l n\u0259 el\u0259diyini xat\u0131rlam\u0131rsan. Bunun \u00fc\u00e7\u00fcn iyn\u0259 vurdurmal\u0131 oluruq. \u0130randan 250 manata d\u0259rman al\u0131r\u0131q. Oran\u0131n d\u0259rmanlar\u0131 da sanki narkotik t\u0259rkiblidi. Adam\u0131 keyidir. B\u00fct\u00fcn g\u00fcn\u00fc yat\u0131rsan\u201d.\n<\/p>\n<p>\n  \u018fntiq\u0259 Quliyeva h\u0259yat yolda\u015f\u0131ndan ayr\u0131l\u0131b, \u00fc\u00e7 \u00f6vlad\u0131n\u0131 t\u0259k b\u00f6y\u00fctm\u0259k m\u0259cburiyy\u0259tind\u0259 qal\u0131b. Deyir ki, qohum-\u0259qr\u0259ba olmasayd\u0131, indiy\u0259 q\u0259d\u0259r sa\u011f qalmazd\u0131:\n<\/p>\n<p>\n  \u201cBac\u0131mgild\u0259 qal\u0131b m\u00fcalic\u0259 al\u0131ram. 180 manat maa\u015fa xadim\u0259 i\u015fl\u0259yirdim. Amma x\u0259st\u0259liy\u0259 g\u00f6r\u0259 alt\u0131 ayd\u0131 b\u00fclletend\u0259y\u0259m. N\u0259 q\u0259d\u0259r a\u011f\u0131r v\u0259ziyy\u0259td\u0259 oldu\u011fumu s\u00f6zl\u0259 ifad\u0259 el\u0259m\u0259k m\u00fcmk\u00fcn deyil\u201d.\n<\/p>\n<p>\n  <b><br \/>\n    \u201cAdamlar\u0131n v\u0259ziyy\u0259ti o q\u0259d\u0259r pisl\u0259\u015fib ki, he\u00e7 k\u00f6m\u0259k el\u0259y\u0259 bilmirl\u0259r\u201d<br \/>\n  <\/b>\n<\/p>\n<p>\n  Bac\u0131s\u0131na qulaq asd\u0131qca, X\u0259qani sanki bir az da k\u0259d\u0259rl\u0259nir. \u00d6z\u00fc 30 ya\u015f\u0131nda probleml\u0259rin i\u00e7ind\u0259 bo\u011fulur. \u0130ki \u00f6vlad\u0131 da m\u0259kt\u0259b\u0259 gedir. Deyir ki, birinci qrup \u0259lil kimi ald\u0131\u011f\u0131 pulun ham\u0131s\u0131n\u0131 u\u015faqlara x\u0259rcl\u0259yir, m\u00fcalic\u0259y\u0259 he\u00e7 n\u0259 qalm\u0131r:\n<\/p>\n<p>\n  \u201c\u018fvv\u0259ll\u0259r adamlar bank hesab\u0131na az-\u00e7ox pul k\u00f6\u00e7\u00fcr\u00fcrd\u00fc. \u0130ndi v\u0259ziyy\u0259t o q\u0259d\u0259r pisl\u0259\u015fib ki, he\u00e7 k\u00f6m\u0259k el\u0259y\u0259 bilmirl\u0259r. H\u0259min pullar\u0131n hesab\u0131na m\u00fcalic\u0259 kursu da g\u00f6t\u00fcrm\u00fc\u015fd\u00fcm. H\u0259tta \u0130rana da bu k\u00f6m\u0259k say\u0259sind\u0259 getmi\u015fdim. \u0130ndi h\u0259r hans\u0131 m\u00fcalic\u0259 el\u0259tdir\u0259 bilmir\u0259m\u201d.\n<\/p>\n<p>\n  X\u0259qaninin dediyin\u0259 g\u00f6r\u0259, hepatitin m\u00fcalic\u0259si T\u00fcrkiy\u0259d\u0259 m\u00fcmk\u00fcnd\u00fcr, amma bunun \u00fc\u00e7\u00fcn 55 min dollara ehtiyac var. \u00d6lk\u0259d\u0259 m\u00fcraci\u0259t etm\u0259diyi yer qalmay\u0131b. Heyd\u0259r \u018fliyev Fonduna yazandan sonra Beyl\u0259qan Rayon M\u0259rk\u0259zi X\u0259st\u0259xanas\u0131ndan z\u0259ng vurublar:\n<\/p>\n<p>\n  \u201cOrda h\u0259kim dedi ki, ancaq iyn\u0259 vura bil\u0259r\u0259m. Bunun ad\u0131 sa\u011faltmaq deyil, m\u00fcv\u0259qq\u0259ti yola verm\u0259kdir\u201d.<\/p>\n","protected":false},"excerpt":{"rendered":"<p>\u0130ndi hepatit X\u0259qanini daha \u00e7ox qay\u011f\u0131land\u0131r\u0131r<\/p>\n","protected":false},"author":11,"featured_media":132819,"comment_status":"closed","ping_status":"open","sticky":false,"template":"","format":"standard","meta":{"_acf_changed":false,"_sitemap_exclude":false,"_sitemap_priority":"","_sitemap_frequency":"","footnotes":""},"categories":[60],"tags":[],"class_list":["post-197854","post","type-post","status-publish","format-standard","has-post-thumbnail","hentry","category-bolge","infinite-scroll-item","generate-columns","tablet-grid-50","mobile-grid-100","grid-parent","grid-33","no-featured-image-padding"],"acf":[],"yoast_head":"<!-- This site is optimized with the Yoast SEO plugin v27.5 - https:\/\/yoast.com\/product\/yoast-seo-wordpress\/ -->\n<title>\u201cBunun ad\u0131 sa\u011faltmaq deyil, m\u00fcv\u0259qq\u0259ti yola verm\u0259kdir\u201d - MEYDAN.TV<\/title>\n<meta name=\"robots\" content=\"index, follow, max-snippet:-1, max-image-preview:large, max-video-preview:-1\" \/>\n<link rel=\"canonical\" href=\"https:\/\/www.meydan.tv\/az\/article\/bunun-adi-sagaltmaq-deyil-muveqqeti-yola-vermekdir\/\" \/>\n<meta property=\"og:locale\" content=\"az_AZ\" \/>\n<meta property=\"og:type\" content=\"article\" \/>\n<meta property=\"og:title\" content=\"\u201cBunun ad\u0131 sa\u011faltmaq deyil, m\u00fcv\u0259qq\u0259ti yola verm\u0259kdir\u201d - MEYDAN.TV\" \/>\n<meta property=\"og:description\" content=\"\u0130ndi hepatit X\u0259qanini daha \u00e7ox qay\u011f\u0131land\u0131r\u0131r\" \/>\n<meta property=\"og:url\" content=\"https:\/\/www.meydan.tv\/az\/article\/bunun-adi-sagaltmaq-deyil-muveqqeti-yola-vermekdir\/\" \/>\n<meta property=\"og:site_name\" content=\"MEYDAN.TV\" \/>\n<meta property=\"article:published_time\" content=\"2019-11-08T13:12:12+00:00\" \/>\n<meta property=\"og:image\" content=\"https:\/\/www.meydan.tv\/wp-content\/uploads\/image_from_ios_yldht4l.png\" \/>\n\t<meta property=\"og:image:width\" content=\"1000\" \/>\n\t<meta property=\"og:image:height\" content=\"555\" \/>\n\t<meta property=\"og:image:type\" content=\"image\/png\" \/>\n<meta name=\"author\" content=\"user-manager\" \/>\n<meta name=\"twitter:card\" content=\"summary_large_image\" \/>\n<script type=\"application\/ld+json\" class=\"yoast-schema-graph\">{\"@context\":\"https:\\\/\\\/schema.org\",\"@graph\":[{\"@type\":\"Article\",\"@id\":\"https:\\\/\\\/www.meydan.tv\\\/az\\\/article\\\/bunun-adi-sagaltmaq-deyil-muveqqeti-yola-vermekdir\\\/#article\",\"isPartOf\":{\"@id\":\"https:\\\/\\\/www.meydan.tv\\\/az\\\/article\\\/bunun-adi-sagaltmaq-deyil-muveqqeti-yola-vermekdir\\\/\"},\"author\":{\"name\":\"user-manager\",\"@id\":\"https:\\\/\\\/www.meydan.tv\\\/az\\\/#\\\/schema\\\/person\\\/10d11eccf6da3662cf5fdab9806ea91a\"},\"headline\":\"\u201cBunun ad\u0131 sa\u011faltmaq deyil, m\u00fcv\u0259qq\u0259ti yola verm\u0259kdir\u201d\",\"datePublished\":\"2019-11-08T13:12:12+00:00\",\"mainEntityOfPage\":{\"@id\":\"https:\\\/\\\/www.meydan.tv\\\/az\\\/article\\\/bunun-adi-sagaltmaq-deyil-muveqqeti-yola-vermekdir\\\/\"},\"wordCount\":772,\"publisher\":{\"@id\":\"https:\\\/\\\/www.meydan.tv\\\/az\\\/#organization\"},\"image\":{\"@id\":\"https:\\\/\\\/www.meydan.tv\\\/az\\\/article\\\/bunun-adi-sagaltmaq-deyil-muveqqeti-yola-vermekdir\\\/#primaryimage\"},\"thumbnailUrl\":\"https:\\\/\\\/www.meydan.tv\\\/wp-content\\\/uploads\\\/image_from_ios_yldht4l.png\",\"articleSection\":[\"B\u00f6lg\u0259\"],\"inLanguage\":\"az\"},{\"@type\":\"WebPage\",\"@id\":\"https:\\\/\\\/www.meydan.tv\\\/az\\\/article\\\/bunun-adi-sagaltmaq-deyil-muveqqeti-yola-vermekdir\\\/\",\"url\":\"https:\\\/\\\/www.meydan.tv\\\/az\\\/article\\\/bunun-adi-sagaltmaq-deyil-muveqqeti-yola-vermekdir\\\/\",\"name\":\"\u201cBunun ad\u0131 sa\u011faltmaq deyil, m\u00fcv\u0259qq\u0259ti yola verm\u0259kdir\u201d - MEYDAN.TV\",\"isPartOf\":{\"@id\":\"https:\\\/\\\/www.meydan.tv\\\/az\\\/#website\"},\"primaryImageOfPage\":{\"@id\":\"https:\\\/\\\/www.meydan.tv\\\/az\\\/article\\\/bunun-adi-sagaltmaq-deyil-muveqqeti-yola-vermekdir\\\/#primaryimage\"},\"image\":{\"@id\":\"https:\\\/\\\/www.meydan.tv\\\/az\\\/article\\\/bunun-adi-sagaltmaq-deyil-muveqqeti-yola-vermekdir\\\/#primaryimage\"},\"thumbnailUrl\":\"https:\\\/\\\/www.meydan.tv\\\/wp-content\\\/uploads\\\/image_from_ios_yldht4l.png\",\"datePublished\":\"2019-11-08T13:12:12+00:00\",\"breadcrumb\":{\"@id\":\"https:\\\/\\\/www.meydan.tv\\\/az\\\/article\\\/bunun-adi-sagaltmaq-deyil-muveqqeti-yola-vermekdir\\\/#breadcrumb\"},\"inLanguage\":\"az\",\"potentialAction\":[{\"@type\":\"ReadAction\",\"target\":[\"https:\\\/\\\/www.meydan.tv\\\/az\\\/article\\\/bunun-adi-sagaltmaq-deyil-muveqqeti-yola-vermekdir\\\/\"]}]},{\"@type\":\"ImageObject\",\"inLanguage\":\"az\",\"@id\":\"https:\\\/\\\/www.meydan.tv\\\/az\\\/article\\\/bunun-adi-sagaltmaq-deyil-muveqqeti-yola-vermekdir\\\/#primaryimage\",\"url\":\"https:\\\/\\\/www.meydan.tv\\\/wp-content\\\/uploads\\\/image_from_ios_yldht4l.png\",\"contentUrl\":\"https:\\\/\\\/www.meydan.tv\\\/wp-content\\\/uploads\\\/image_from_ios_yldht4l.png\",\"width\":1000,\"height\":555,\"caption\":\"Source: Specify Source\"},{\"@type\":\"BreadcrumbList\",\"@id\":\"https:\\\/\\\/www.meydan.tv\\\/az\\\/article\\\/bunun-adi-sagaltmaq-deyil-muveqqeti-yola-vermekdir\\\/#breadcrumb\",\"itemListElement\":[{\"@type\":\"ListItem\",\"position\":1,\"name\":\"Ana s\u0259hif\u0259\",\"item\":\"https:\\\/\\\/www.meydan.tv\\\/az\\\/\"},{\"@type\":\"ListItem\",\"position\":2,\"name\":\"B\u00f6lg\u0259\",\"item\":\"https:\\\/\\\/www.meydan.tv\\\/az\\\/section\\\/bolge\\\/\"},{\"@type\":\"ListItem\",\"position\":3,\"name\":\"\u201cBunun ad\u0131 sa\u011faltmaq deyil, m\u00fcv\u0259qq\u0259ti yola verm\u0259kdir\u201d\"}]},{\"@type\":\"WebSite\",\"@id\":\"https:\\\/\\\/www.meydan.tv\\\/az\\\/#website\",\"url\":\"https:\\\/\\\/www.meydan.tv\\\/az\\\/\",\"name\":\"MEYDAN.TV\",\"description\":\"Meydan TV Az\u0259rbaycan\u0131n media m\u0259kan\u0131ndak\u0131 alternativ s\u0259sidir\",\"publisher\":{\"@id\":\"https:\\\/\\\/www.meydan.tv\\\/az\\\/#organization\"},\"potentialAction\":[{\"@type\":\"SearchAction\",\"target\":{\"@type\":\"EntryPoint\",\"urlTemplate\":\"https:\\\/\\\/www.meydan.tv\\\/az\\\/?s={search_term_string}\"},\"query-input\":{\"@type\":\"PropertyValueSpecification\",\"valueRequired\":true,\"valueName\":\"search_term_string\"}}],\"inLanguage\":\"az\"},{\"@type\":\"Organization\",\"@id\":\"https:\\\/\\\/www.meydan.tv\\\/az\\\/#organization\",\"name\":\"Meydan TV\",\"url\":\"https:\\\/\\\/www.meydan.tv\\\/az\\\/\",\"logo\":{\"@type\":\"ImageObject\",\"inLanguage\":\"az\",\"@id\":\"https:\\\/\\\/www.meydan.tv\\\/az\\\/#\\\/schema\\\/logo\\\/image\\\/\",\"url\":\"https:\\\/\\\/www.meydan.tv\\\/wp-content\\\/uploads\\\/2021\\\/07\\\/meydan-logo.svg\",\"contentUrl\":\"https:\\\/\\\/www.meydan.tv\\\/wp-content\\\/uploads\\\/2021\\\/07\\\/meydan-logo.svg\",\"width\":195,\"height\":46,\"caption\":\"Meydan TV\"},\"image\":{\"@id\":\"https:\\\/\\\/www.meydan.tv\\\/az\\\/#\\\/schema\\\/logo\\\/image\\\/\"}},{\"@type\":\"Person\",\"@id\":\"https:\\\/\\\/www.meydan.tv\\\/az\\\/#\\\/schema\\\/person\\\/10d11eccf6da3662cf5fdab9806ea91a\",\"name\":\"user-manager\"}]}<\/script>\n<!-- \/ Yoast SEO plugin. -->","yoast_head_json":{"title":"\u201cBunun ad\u0131 sa\u011faltmaq deyil, m\u00fcv\u0259qq\u0259ti yola verm\u0259kdir\u201d - MEYDAN.TV","robots":{"index":"index","follow":"follow","max-snippet":"max-snippet:-1","max-image-preview":"max-image-preview:large","max-video-preview":"max-video-preview:-1"},"canonical":"https:\/\/www.meydan.tv\/az\/article\/bunun-adi-sagaltmaq-deyil-muveqqeti-yola-vermekdir\/","og_locale":"az_AZ","og_type":"article","og_title":"\u201cBunun ad\u0131 sa\u011faltmaq deyil, m\u00fcv\u0259qq\u0259ti yola verm\u0259kdir\u201d - MEYDAN.TV","og_description":"\u0130ndi hepatit X\u0259qanini daha \u00e7ox qay\u011f\u0131land\u0131r\u0131r","og_url":"https:\/\/www.meydan.tv\/az\/article\/bunun-adi-sagaltmaq-deyil-muveqqeti-yola-vermekdir\/","og_site_name":"MEYDAN.TV","article_published_time":"2019-11-08T13:12:12+00:00","og_image":[{"width":1000,"height":555,"url":"https:\/\/www.meydan.tv\/wp-content\/uploads\/image_from_ios_yldht4l.png","type":"image\/png"}],"author":"user-manager","twitter_card":"summary_large_image","schema":{"@context":"https:\/\/schema.org","@graph":[{"@type":"Article","@id":"https:\/\/www.meydan.tv\/az\/article\/bunun-adi-sagaltmaq-deyil-muveqqeti-yola-vermekdir\/#article","isPartOf":{"@id":"https:\/\/www.meydan.tv\/az\/article\/bunun-adi-sagaltmaq-deyil-muveqqeti-yola-vermekdir\/"},"author":{"name":"user-manager","@id":"https:\/\/www.meydan.tv\/az\/#\/schema\/person\/10d11eccf6da3662cf5fdab9806ea91a"},"headline":"\u201cBunun ad\u0131 sa\u011faltmaq deyil, m\u00fcv\u0259qq\u0259ti yola verm\u0259kdir\u201d","datePublished":"2019-11-08T13:12:12+00:00","mainEntityOfPage":{"@id":"https:\/\/www.meydan.tv\/az\/article\/bunun-adi-sagaltmaq-deyil-muveqqeti-yola-vermekdir\/"},"wordCount":772,"publisher":{"@id":"https:\/\/www.meydan.tv\/az\/#organization"},"image":{"@id":"https:\/\/www.meydan.tv\/az\/article\/bunun-adi-sagaltmaq-deyil-muveqqeti-yola-vermekdir\/#primaryimage"},"thumbnailUrl":"https:\/\/www.meydan.tv\/wp-content\/uploads\/image_from_ios_yldht4l.png","articleSection":["B\u00f6lg\u0259"],"inLanguage":"az"},{"@type":"WebPage","@id":"https:\/\/www.meydan.tv\/az\/article\/bunun-adi-sagaltmaq-deyil-muveqqeti-yola-vermekdir\/","url":"https:\/\/www.meydan.tv\/az\/article\/bunun-adi-sagaltmaq-deyil-muveqqeti-yola-vermekdir\/","name":"\u201cBunun ad\u0131 sa\u011faltmaq deyil, m\u00fcv\u0259qq\u0259ti yola verm\u0259kdir\u201d - MEYDAN.TV","isPartOf":{"@id":"https:\/\/www.meydan.tv\/az\/#website"},"primaryImageOfPage":{"@id":"https:\/\/www.meydan.tv\/az\/article\/bunun-adi-sagaltmaq-deyil-muveqqeti-yola-vermekdir\/#primaryimage"},"image":{"@id":"https:\/\/www.meydan.tv\/az\/article\/bunun-adi-sagaltmaq-deyil-muveqqeti-yola-vermekdir\/#primaryimage"},"thumbnailUrl":"https:\/\/www.meydan.tv\/wp-content\/uploads\/image_from_ios_yldht4l.png","datePublished":"2019-11-08T13:12:12+00:00","breadcrumb":{"@id":"https:\/\/www.meydan.tv\/az\/article\/bunun-adi-sagaltmaq-deyil-muveqqeti-yola-vermekdir\/#breadcrumb"},"inLanguage":"az","potentialAction":[{"@type":"ReadAction","target":["https:\/\/www.meydan.tv\/az\/article\/bunun-adi-sagaltmaq-deyil-muveqqeti-yola-vermekdir\/"]}]},{"@type":"ImageObject","inLanguage":"az","@id":"https:\/\/www.meydan.tv\/az\/article\/bunun-adi-sagaltmaq-deyil-muveqqeti-yola-vermekdir\/#primaryimage","url":"https:\/\/www.meydan.tv\/wp-content\/uploads\/image_from_ios_yldht4l.png","contentUrl":"https:\/\/www.meydan.tv\/wp-content\/uploads\/image_from_ios_yldht4l.png","width":1000,"height":555,"caption":"Source: Specify Source"},{"@type":"BreadcrumbList","@id":"https:\/\/www.meydan.tv\/az\/article\/bunun-adi-sagaltmaq-deyil-muveqqeti-yola-vermekdir\/#breadcrumb","itemListElement":[{"@type":"ListItem","position":1,"name":"Ana s\u0259hif\u0259","item":"https:\/\/www.meydan.tv\/az\/"},{"@type":"ListItem","position":2,"name":"B\u00f6lg\u0259","item":"https:\/\/www.meydan.tv\/az\/section\/bolge\/"},{"@type":"ListItem","position":3,"name":"\u201cBunun ad\u0131 sa\u011faltmaq deyil, m\u00fcv\u0259qq\u0259ti yola verm\u0259kdir\u201d"}]},{"@type":"WebSite","@id":"https:\/\/www.meydan.tv\/az\/#website","url":"https:\/\/www.meydan.tv\/az\/","name":"MEYDAN.TV","description":"Meydan TV Az\u0259rbaycan\u0131n media m\u0259kan\u0131ndak\u0131 alternativ s\u0259sidir","publisher":{"@id":"https:\/\/www.meydan.tv\/az\/#organization"},"potentialAction":[{"@type":"SearchAction","target":{"@type":"EntryPoint","urlTemplate":"https:\/\/www.meydan.tv\/az\/?s={search_term_string}"},"query-input":{"@type":"PropertyValueSpecification","valueRequired":true,"valueName":"search_term_string"}}],"inLanguage":"az"},{"@type":"Organization","@id":"https:\/\/www.meydan.tv\/az\/#organization","name":"Meydan TV","url":"https:\/\/www.meydan.tv\/az\/","logo":{"@type":"ImageObject","inLanguage":"az","@id":"https:\/\/www.meydan.tv\/az\/#\/schema\/logo\/image\/","url":"https:\/\/www.meydan.tv\/wp-content\/uploads\/2021\/07\/meydan-logo.svg","contentUrl":"https:\/\/www.meydan.tv\/wp-content\/uploads\/2021\/07\/meydan-logo.svg","width":195,"height":46,"caption":"Meydan TV"},"image":{"@id":"https:\/\/www.meydan.tv\/az\/#\/schema\/logo\/image\/"}},{"@type":"Person","@id":"https:\/\/www.meydan.tv\/az\/#\/schema\/person\/10d11eccf6da3662cf5fdab9806ea91a","name":"user-manager"}]}},"_links":{"self":[{"href":"https:\/\/www.meydan.tv\/az\/wp-json\/wp\/v2\/posts\/197854","targetHints":{"allow":["GET"]}}],"collection":[{"href":"https:\/\/www.meydan.tv\/az\/wp-json\/wp\/v2\/posts"}],"about":[{"href":"https:\/\/www.meydan.tv\/az\/wp-json\/wp\/v2\/types\/post"}],"author":[{"embeddable":true,"href":"https:\/\/www.meydan.tv\/az\/wp-json\/wp\/v2\/users\/11"}],"replies":[{"embeddable":true,"href":"https:\/\/www.meydan.tv\/az\/wp-json\/wp\/v2\/comments?post=197854"}],"version-history":[{"count":0,"href":"https:\/\/www.meydan.tv\/az\/wp-json\/wp\/v2\/posts\/197854\/revisions"}],"wp:featuredmedia":[{"embeddable":true,"href":"https:\/\/www.meydan.tv\/az\/wp-json\/wp\/v2\/media\/132819"}],"wp:attachment":[{"href":"https:\/\/www.meydan.tv\/az\/wp-json\/wp\/v2\/media?parent=197854"}],"wp:term":[{"taxonomy":"category","embeddable":true,"href":"https:\/\/www.meydan.tv\/az\/wp-json\/wp\/v2\/categories?post=197854"},{"taxonomy":"post_tag","embeddable":true,"href":"https:\/\/www.meydan.tv\/az\/wp-json\/wp\/v2\/tags?post=197854"}],"curies":[{"name":"wp","href":"https:\/\/api.w.org\/{rel}","templated":true}]}}