{"id":197847,"date":"2019-11-07T20:57:40","date_gmt":"2019-11-07T20:57:40","guid":{"rendered":"https:\/\/www.meydan.tv\/article\/qarabag-kiprde-meglub-oldu\/"},"modified":"2019-11-07T20:57:40","modified_gmt":"2019-11-07T20:57:40","slug":"qarabag-kiprde-meglub-oldu","status":"publish","type":"post","link":"https:\/\/www.meydan.tv\/az\/article\/qarabag-kiprde-meglub-oldu\/","title":{"rendered":"\u201cQaraba\u011f\u201d Kiprd\u0259 m\u0259\u011flub oldu"},"content":{"rendered":"<p>\n  Avropa Liqas\u0131n\u0131n qrup m\u0259rh\u0259l\u0259sinin 4-c\u00fc turunda Az\u0259rbaycan \u00e7empionu \u201cQaraba\u011f\u201d klubu Kiprd\u0259 yerli \u201cAPOEL\u201d komandas\u0131na 1:2 hesab\u0131 il\u0259 m\u0259\u011flub oldu.\n<\/p>\n<p>\n  Oyun Az\u0259rbaycan \u00e7empionu \u00fc\u00e7\u00fcn yax\u015f\u0131 ba\u015flad\u0131. Art\u0131q 10-cu d\u0259qiq\u0259d\u0259 Dani Kintanan\u0131n vurdu\u011fu k\u00fcnc z\u0259rb\u0259sind\u0259n sonra Maksim Medvedev ba\u015fla topu qap\u0131ya g\u00f6nd\u0259rdi.\n<\/p>\n<p>\n  Oyunun ikinci hiss\u0259sind\u0259 \u201cQaraba\u011f\u201d futbol\u00e7ular\u0131n\u0131n \u00fc\u00e7 ard\u0131c\u0131l real qol v\u0259ziyy\u0259ti yaratmas\u0131na baxmayaraq, ikinci qol kiprlil\u0259rin qap\u0131s\u0131ndan ke\u00e7m\u0259di. Meydan sahibl\u0259rinin qap\u0131\u00e7\u0131s\u0131 h\u0259r \u00fc\u00e7 v\u0259ziyy\u0259td\u0259 komandas\u0131n\u0131 xilas etdi. Bunun \u0259v\u0259zind\u0259 \u201cAPOEL\u201d 59-cu d\u0259qiq\u0259d\u0259 Souza, 88-ci d\u0259qiq\u0259d\u0259 Efremin d\u0259qiq z\u0259rb\u0259l\u0259ri il\u0259 oyunu \u00f6z xeyrin\u0259 ba\u015fa vura bildi.\n<\/p>\n<p>\n  D\u00f6rd turdan sonra qrupda birinci yerd\u0259 12 xalla \u0130spaniyan\u0131n \u201cSevilya\u201d klubu q\u0259rarla\u015f\u0131b. \u201cQaraba\u011f\u201d v\u0259 \u201cAPOEL\u201din 4 xallar\u0131 var. L\u00fcksemburqun \u201cD\u00fcdelanj\u201d klubu 3 xalla sonuncu yerd\u0259dir.\n<\/p>\n<p>\n  \u201cPley-off\u201d m\u0259rh\u0259l\u0259sin\u0259 d\u00fc\u015fm\u0259k \u00fc\u00e7\u00fcn qrupda \u0259n az\u0131 ikinci yeri tutmaq laz\u0131md\u0131r. Son iki turda Az\u0259rbaycan \u00e7empionu \u201cD\u00fcdelanj\u201d v\u0259 \u201cSevilya\u201d klublar\u0131 il\u0259 g\u00f6r\u00fc\u015f\u0259c\u0259k.<\/p>\n","protected":false},"excerpt":{"rendered":"<p>Az\u0259rbaycan \u00e7empionu q\u0259l\u0259b\u0259ni \u0259ld\u0259n verdi<\/p>\n","protected":false},"author":11,"featured_media":132792,"comment_status":"closed","ping_status":"open","sticky":false,"template":"","format":"standard","meta":{"_acf_changed":false,"_sitemap_exclude":false,"_sitemap_priority":"","_sitemap_frequency":"","footnotes":""},"categories":[62],"tags":[],"class_list":["post-197847","post","type-post","status-publish","format-standard","has-post-thumbnail","hentry","category-sosial","infinite-scroll-item","generate-columns","tablet-grid-50","mobile-grid-100","grid-parent","grid-33","no-featured-image-padding"],"acf":[],"yoast_head":"<!-- This site is optimized with the Yoast SEO plugin v27.4 - https:\/\/yoast.com\/product\/yoast-seo-wordpress\/ -->\n<title>\u201cQaraba\u011f\u201d Kiprd\u0259 m\u0259\u011flub oldu - MEYDAN.TV<\/title>\n<meta name=\"robots\" content=\"index, follow, max-snippet:-1, max-image-preview:large, max-video-preview:-1\" \/>\n<link rel=\"canonical\" href=\"https:\/\/www.meydan.tv\/az\/article\/qarabag-kiprde-meglub-oldu\/\" \/>\n<meta property=\"og:locale\" content=\"az_AZ\" \/>\n<meta property=\"og:type\" content=\"article\" \/>\n<meta property=\"og:title\" content=\"\u201cQaraba\u011f\u201d Kiprd\u0259 m\u0259\u011flub oldu - MEYDAN.TV\" \/>\n<meta property=\"og:description\" content=\"Az\u0259rbaycan \u00e7empionu q\u0259l\u0259b\u0259ni \u0259ld\u0259n verdi\" \/>\n<meta property=\"og:url\" content=\"https:\/\/www.meydan.tv\/az\/article\/qarabag-kiprde-meglub-oldu\/\" \/>\n<meta property=\"og:site_name\" content=\"MEYDAN.TV\" \/>\n<meta property=\"article:published_time\" content=\"2019-11-07T20:57:40+00:00\" \/>\n<meta property=\"og:image\" content=\"https:\/\/www.meydan.tv\/wp-content\/uploads\/copy_of_untitled_design_4_0fsskox.png\" \/>\n\t<meta property=\"og:image:width\" content=\"1280\" \/>\n\t<meta property=\"og:image:height\" content=\"720\" \/>\n\t<meta property=\"og:image:type\" content=\"image\/png\" \/>\n<meta name=\"author\" content=\"user-manager\" \/>\n<meta name=\"twitter:card\" content=\"summary_large_image\" \/>\n<script type=\"application\/ld+json\" class=\"yoast-schema-graph\">{\"@context\":\"https:\\\/\\\/schema.org\",\"@graph\":[{\"@type\":\"Article\",\"@id\":\"https:\\\/\\\/www.meydan.tv\\\/az\\\/article\\\/qarabag-kiprde-meglub-oldu\\\/#article\",\"isPartOf\":{\"@id\":\"https:\\\/\\\/www.meydan.tv\\\/az\\\/article\\\/qarabag-kiprde-meglub-oldu\\\/\"},\"author\":{\"name\":\"user-manager\",\"@id\":\"https:\\\/\\\/www.meydan.tv\\\/az\\\/#\\\/schema\\\/person\\\/10d11eccf6da3662cf5fdab9806ea91a\"},\"headline\":\"\u201cQaraba\u011f\u201d Kiprd\u0259 m\u0259\u011flub oldu\",\"datePublished\":\"2019-11-07T20:57:40+00:00\",\"mainEntityOfPage\":{\"@id\":\"https:\\\/\\\/www.meydan.tv\\\/az\\\/article\\\/qarabag-kiprde-meglub-oldu\\\/\"},\"wordCount\":203,\"publisher\":{\"@id\":\"https:\\\/\\\/www.meydan.tv\\\/az\\\/#organization\"},\"image\":{\"@id\":\"https:\\\/\\\/www.meydan.tv\\\/az\\\/article\\\/qarabag-kiprde-meglub-oldu\\\/#primaryimage\"},\"thumbnailUrl\":\"https:\\\/\\\/www.meydan.tv\\\/wp-content\\\/uploads\\\/copy_of_untitled_design_4_0fsskox.png\",\"articleSection\":[\"Sosial\"],\"inLanguage\":\"az\"},{\"@type\":\"WebPage\",\"@id\":\"https:\\\/\\\/www.meydan.tv\\\/az\\\/article\\\/qarabag-kiprde-meglub-oldu\\\/\",\"url\":\"https:\\\/\\\/www.meydan.tv\\\/az\\\/article\\\/qarabag-kiprde-meglub-oldu\\\/\",\"name\":\"\u201cQaraba\u011f\u201d Kiprd\u0259 m\u0259\u011flub oldu - MEYDAN.TV\",\"isPartOf\":{\"@id\":\"https:\\\/\\\/www.meydan.tv\\\/az\\\/#website\"},\"primaryImageOfPage\":{\"@id\":\"https:\\\/\\\/www.meydan.tv\\\/az\\\/article\\\/qarabag-kiprde-meglub-oldu\\\/#primaryimage\"},\"image\":{\"@id\":\"https:\\\/\\\/www.meydan.tv\\\/az\\\/article\\\/qarabag-kiprde-meglub-oldu\\\/#primaryimage\"},\"thumbnailUrl\":\"https:\\\/\\\/www.meydan.tv\\\/wp-content\\\/uploads\\\/copy_of_untitled_design_4_0fsskox.png\",\"datePublished\":\"2019-11-07T20:57:40+00:00\",\"breadcrumb\":{\"@id\":\"https:\\\/\\\/www.meydan.tv\\\/az\\\/article\\\/qarabag-kiprde-meglub-oldu\\\/#breadcrumb\"},\"inLanguage\":\"az\",\"potentialAction\":[{\"@type\":\"ReadAction\",\"target\":[\"https:\\\/\\\/www.meydan.tv\\\/az\\\/article\\\/qarabag-kiprde-meglub-oldu\\\/\"]}]},{\"@type\":\"ImageObject\",\"inLanguage\":\"az\",\"@id\":\"https:\\\/\\\/www.meydan.tv\\\/az\\\/article\\\/qarabag-kiprde-meglub-oldu\\\/#primaryimage\",\"url\":\"https:\\\/\\\/www.meydan.tv\\\/wp-content\\\/uploads\\\/copy_of_untitled_design_4_0fsskox.png\",\"contentUrl\":\"https:\\\/\\\/www.meydan.tv\\\/wp-content\\\/uploads\\\/copy_of_untitled_design_4_0fsskox.png\",\"width\":1280,\"height\":720,\"caption\":\"Source: Google\"},{\"@type\":\"BreadcrumbList\",\"@id\":\"https:\\\/\\\/www.meydan.tv\\\/az\\\/article\\\/qarabag-kiprde-meglub-oldu\\\/#breadcrumb\",\"itemListElement\":[{\"@type\":\"ListItem\",\"position\":1,\"name\":\"Ana s\u0259hif\u0259\",\"item\":\"https:\\\/\\\/www.meydan.tv\\\/az\\\/\"},{\"@type\":\"ListItem\",\"position\":2,\"name\":\"Sosial\",\"item\":\"https:\\\/\\\/www.meydan.tv\\\/az\\\/section\\\/sosial\\\/\"},{\"@type\":\"ListItem\",\"position\":3,\"name\":\"\u201cQaraba\u011f\u201d Kiprd\u0259 m\u0259\u011flub oldu\"}]},{\"@type\":\"WebSite\",\"@id\":\"https:\\\/\\\/www.meydan.tv\\\/az\\\/#website\",\"url\":\"https:\\\/\\\/www.meydan.tv\\\/az\\\/\",\"name\":\"MEYDAN.TV\",\"description\":\"Meydan TV Az\u0259rbaycan\u0131n media m\u0259kan\u0131ndak\u0131 alternativ s\u0259sidir\",\"publisher\":{\"@id\":\"https:\\\/\\\/www.meydan.tv\\\/az\\\/#organization\"},\"potentialAction\":[{\"@type\":\"SearchAction\",\"target\":{\"@type\":\"EntryPoint\",\"urlTemplate\":\"https:\\\/\\\/www.meydan.tv\\\/az\\\/?s={search_term_string}\"},\"query-input\":{\"@type\":\"PropertyValueSpecification\",\"valueRequired\":true,\"valueName\":\"search_term_string\"}}],\"inLanguage\":\"az\"},{\"@type\":\"Organization\",\"@id\":\"https:\\\/\\\/www.meydan.tv\\\/az\\\/#organization\",\"name\":\"Meydan TV\",\"url\":\"https:\\\/\\\/www.meydan.tv\\\/az\\\/\",\"logo\":{\"@type\":\"ImageObject\",\"inLanguage\":\"az\",\"@id\":\"https:\\\/\\\/www.meydan.tv\\\/az\\\/#\\\/schema\\\/logo\\\/image\\\/\",\"url\":\"https:\\\/\\\/www.meydan.tv\\\/wp-content\\\/uploads\\\/2021\\\/07\\\/meydan-logo.svg\",\"contentUrl\":\"https:\\\/\\\/www.meydan.tv\\\/wp-content\\\/uploads\\\/2021\\\/07\\\/meydan-logo.svg\",\"width\":195,\"height\":46,\"caption\":\"Meydan TV\"},\"image\":{\"@id\":\"https:\\\/\\\/www.meydan.tv\\\/az\\\/#\\\/schema\\\/logo\\\/image\\\/\"}},{\"@type\":\"Person\",\"@id\":\"https:\\\/\\\/www.meydan.tv\\\/az\\\/#\\\/schema\\\/person\\\/10d11eccf6da3662cf5fdab9806ea91a\",\"name\":\"user-manager\"}]}<\/script>\n<!-- \/ Yoast SEO plugin. -->","yoast_head_json":{"title":"\u201cQaraba\u011f\u201d Kiprd\u0259 m\u0259\u011flub oldu - MEYDAN.TV","robots":{"index":"index","follow":"follow","max-snippet":"max-snippet:-1","max-image-preview":"max-image-preview:large","max-video-preview":"max-video-preview:-1"},"canonical":"https:\/\/www.meydan.tv\/az\/article\/qarabag-kiprde-meglub-oldu\/","og_locale":"az_AZ","og_type":"article","og_title":"\u201cQaraba\u011f\u201d Kiprd\u0259 m\u0259\u011flub oldu - MEYDAN.TV","og_description":"Az\u0259rbaycan \u00e7empionu q\u0259l\u0259b\u0259ni \u0259ld\u0259n verdi","og_url":"https:\/\/www.meydan.tv\/az\/article\/qarabag-kiprde-meglub-oldu\/","og_site_name":"MEYDAN.TV","article_published_time":"2019-11-07T20:57:40+00:00","og_image":[{"width":1280,"height":720,"url":"https:\/\/www.meydan.tv\/wp-content\/uploads\/copy_of_untitled_design_4_0fsskox.png","type":"image\/png"}],"author":"user-manager","twitter_card":"summary_large_image","schema":{"@context":"https:\/\/schema.org","@graph":[{"@type":"Article","@id":"https:\/\/www.meydan.tv\/az\/article\/qarabag-kiprde-meglub-oldu\/#article","isPartOf":{"@id":"https:\/\/www.meydan.tv\/az\/article\/qarabag-kiprde-meglub-oldu\/"},"author":{"name":"user-manager","@id":"https:\/\/www.meydan.tv\/az\/#\/schema\/person\/10d11eccf6da3662cf5fdab9806ea91a"},"headline":"\u201cQaraba\u011f\u201d Kiprd\u0259 m\u0259\u011flub oldu","datePublished":"2019-11-07T20:57:40+00:00","mainEntityOfPage":{"@id":"https:\/\/www.meydan.tv\/az\/article\/qarabag-kiprde-meglub-oldu\/"},"wordCount":203,"publisher":{"@id":"https:\/\/www.meydan.tv\/az\/#organization"},"image":{"@id":"https:\/\/www.meydan.tv\/az\/article\/qarabag-kiprde-meglub-oldu\/#primaryimage"},"thumbnailUrl":"https:\/\/www.meydan.tv\/wp-content\/uploads\/copy_of_untitled_design_4_0fsskox.png","articleSection":["Sosial"],"inLanguage":"az"},{"@type":"WebPage","@id":"https:\/\/www.meydan.tv\/az\/article\/qarabag-kiprde-meglub-oldu\/","url":"https:\/\/www.meydan.tv\/az\/article\/qarabag-kiprde-meglub-oldu\/","name":"\u201cQaraba\u011f\u201d Kiprd\u0259 m\u0259\u011flub oldu - MEYDAN.TV","isPartOf":{"@id":"https:\/\/www.meydan.tv\/az\/#website"},"primaryImageOfPage":{"@id":"https:\/\/www.meydan.tv\/az\/article\/qarabag-kiprde-meglub-oldu\/#primaryimage"},"image":{"@id":"https:\/\/www.meydan.tv\/az\/article\/qarabag-kiprde-meglub-oldu\/#primaryimage"},"thumbnailUrl":"https:\/\/www.meydan.tv\/wp-content\/uploads\/copy_of_untitled_design_4_0fsskox.png","datePublished":"2019-11-07T20:57:40+00:00","breadcrumb":{"@id":"https:\/\/www.meydan.tv\/az\/article\/qarabag-kiprde-meglub-oldu\/#breadcrumb"},"inLanguage":"az","potentialAction":[{"@type":"ReadAction","target":["https:\/\/www.meydan.tv\/az\/article\/qarabag-kiprde-meglub-oldu\/"]}]},{"@type":"ImageObject","inLanguage":"az","@id":"https:\/\/www.meydan.tv\/az\/article\/qarabag-kiprde-meglub-oldu\/#primaryimage","url":"https:\/\/www.meydan.tv\/wp-content\/uploads\/copy_of_untitled_design_4_0fsskox.png","contentUrl":"https:\/\/www.meydan.tv\/wp-content\/uploads\/copy_of_untitled_design_4_0fsskox.png","width":1280,"height":720,"caption":"Source: Google"},{"@type":"BreadcrumbList","@id":"https:\/\/www.meydan.tv\/az\/article\/qarabag-kiprde-meglub-oldu\/#breadcrumb","itemListElement":[{"@type":"ListItem","position":1,"name":"Ana s\u0259hif\u0259","item":"https:\/\/www.meydan.tv\/az\/"},{"@type":"ListItem","position":2,"name":"Sosial","item":"https:\/\/www.meydan.tv\/az\/section\/sosial\/"},{"@type":"ListItem","position":3,"name":"\u201cQaraba\u011f\u201d Kiprd\u0259 m\u0259\u011flub oldu"}]},{"@type":"WebSite","@id":"https:\/\/www.meydan.tv\/az\/#website","url":"https:\/\/www.meydan.tv\/az\/","name":"MEYDAN.TV","description":"Meydan TV Az\u0259rbaycan\u0131n media m\u0259kan\u0131ndak\u0131 alternativ s\u0259sidir","publisher":{"@id":"https:\/\/www.meydan.tv\/az\/#organization"},"potentialAction":[{"@type":"SearchAction","target":{"@type":"EntryPoint","urlTemplate":"https:\/\/www.meydan.tv\/az\/?s={search_term_string}"},"query-input":{"@type":"PropertyValueSpecification","valueRequired":true,"valueName":"search_term_string"}}],"inLanguage":"az"},{"@type":"Organization","@id":"https:\/\/www.meydan.tv\/az\/#organization","name":"Meydan TV","url":"https:\/\/www.meydan.tv\/az\/","logo":{"@type":"ImageObject","inLanguage":"az","@id":"https:\/\/www.meydan.tv\/az\/#\/schema\/logo\/image\/","url":"https:\/\/www.meydan.tv\/wp-content\/uploads\/2021\/07\/meydan-logo.svg","contentUrl":"https:\/\/www.meydan.tv\/wp-content\/uploads\/2021\/07\/meydan-logo.svg","width":195,"height":46,"caption":"Meydan TV"},"image":{"@id":"https:\/\/www.meydan.tv\/az\/#\/schema\/logo\/image\/"}},{"@type":"Person","@id":"https:\/\/www.meydan.tv\/az\/#\/schema\/person\/10d11eccf6da3662cf5fdab9806ea91a","name":"user-manager"}]}},"_links":{"self":[{"href":"https:\/\/www.meydan.tv\/az\/wp-json\/wp\/v2\/posts\/197847","targetHints":{"allow":["GET"]}}],"collection":[{"href":"https:\/\/www.meydan.tv\/az\/wp-json\/wp\/v2\/posts"}],"about":[{"href":"https:\/\/www.meydan.tv\/az\/wp-json\/wp\/v2\/types\/post"}],"author":[{"embeddable":true,"href":"https:\/\/www.meydan.tv\/az\/wp-json\/wp\/v2\/users\/11"}],"replies":[{"embeddable":true,"href":"https:\/\/www.meydan.tv\/az\/wp-json\/wp\/v2\/comments?post=197847"}],"version-history":[{"count":0,"href":"https:\/\/www.meydan.tv\/az\/wp-json\/wp\/v2\/posts\/197847\/revisions"}],"wp:featuredmedia":[{"embeddable":true,"href":"https:\/\/www.meydan.tv\/az\/wp-json\/wp\/v2\/media\/132792"}],"wp:attachment":[{"href":"https:\/\/www.meydan.tv\/az\/wp-json\/wp\/v2\/media?parent=197847"}],"wp:term":[{"taxonomy":"category","embeddable":true,"href":"https:\/\/www.meydan.tv\/az\/wp-json\/wp\/v2\/categories?post=197847"},{"taxonomy":"post_tag","embeddable":true,"href":"https:\/\/www.meydan.tv\/az\/wp-json\/wp\/v2\/tags?post=197847"}],"curies":[{"name":"wp","href":"https:\/\/api.w.org\/{rel}","templated":true}]}}