{"id":197846,"date":"2019-11-07T19:45:35","date_gmt":"2019-11-07T19:45:35","guid":{"rendered":"https:\/\/www.meydan.tv\/article\/xalcacilar-ayliq-ne-qeder-qazana-biler\/"},"modified":"2019-11-07T19:45:35","modified_gmt":"2019-11-07T19:45:35","slug":"xalcacilar-ayliq-ne-qeder-qazana-biler","status":"publish","type":"post","link":"https:\/\/www.meydan.tv\/az\/article\/xalcacilar-ayliq-ne-qeder-qazana-biler\/","title":{"rendered":"Xal\u00e7a\u00e7\u0131lar ayl\u0131q n\u0259 q\u0259d\u0259r qazana bil\u0259r?"},"content":{"rendered":"<p>\n  Bir xal\u00e7a\u00e7\u0131 \u0259n az\u0131 1 ay yar\u0131m vaxt \u0259rzind\u0259 evin\u0259 250 manatdan \u00e7ox maa\u015f aparmaq g\u00fcc\u00fcnd\u0259 deyil.\n<\/p>\n<p>\n  \u201c<br \/>\n  <a href=\"https:\/\/mikroskopmedia.com\/2019\/11\/06\/bir-xalcaci-250-manati-%C9%99slind%C9%99-nec%C9%99-mudd%C9%99td%C9%99-qazanir-izah-edirik\/\"><br \/>\n    Mikroskopmedia<br \/>\n  <\/a><br \/>\n  \u201d sayt\u0131 apard\u0131\u011f\u0131 ara\u015fd\u0131rma n\u0259tic\u0259sind\u0259 bu q\u0259na\u0259t\u0259 g\u0259lib.\n<\/p>\n<p>\n  Bir ne\u00e7\u0259 g\u00fcn \u0259vv\u0259l prezident \u0130lham \u018fliyev \u201cAz\u0259rxal\u00e7a\u201dn\u0131n Q\u0259b\u0259l\u0259 filial\u0131n\u0131n a\u00e7\u0131l\u0131\u015f m\u0259rasimind\u0259 i\u015ftirak edib. Qurumun \u0130dar\u0259 Hey\u0259tinin s\u0259dri Vidadi Muradov bu zaman prezid\u0259nt\u0259 deyib ki, onlar toxunan h\u0259r xal\u00e7aya g\u00f6r\u0259 250 manat maa\u015f al\u0131r. Toxunan xal\u00e7a n\u0259 q\u0259d\u0259r \u00e7ox olsa, maa\u015f da o q\u0259d\u0259r \u00e7ox ola bil\u0259r.\n<\/p>\n<blockquote><p>\n  \u00c7al\u0131\u015f\u0131n \u0259rl\u0259rinizd\u0259n az as\u0131l\u0131 olas\u0131n\u0131z\n<\/p><\/blockquote>\n<p>\n  Ara\u015fd\u0131rma zaman\u0131 is\u0259 m\u0259lum olub ki, fiziki olaraq bir xal\u00e7an\u0131n toxunma\u011f\u0131na minimum bir ay yar\u0131m, iki ay vaxt laz\u0131m olur. Xal\u00e7a toxuyanlar deyibl\u0259r ki, 1 kv metr xal\u00e7an\u0131n toxunmas\u0131na 1 ay yar\u0131m vaxt gedir. Bir ay \u0259rzind\u0259 is\u0259 ancaq seyr\u0259k xal\u00e7an\u0131 toxuyub \u00e7atd\u0131rmaq olar, bundan tez is\u0259 m\u00fcmk\u00fcn deyil.\n<\/p>\n<p>\n  Bundan ba\u015fqa, xal\u00e7a sat\u0131\u015f\u0131 il\u0259 m\u0259\u015f\u011ful olanlar deyib ki, turistl\u0259r onlardan xal\u00e7a alandan sonra onu m\u00fctl\u0259q \u015f\u0259kild\u0259 Xal\u00e7a Muzeyind\u0259 qeydiyyatdan ke\u00e7irm\u0259lidirl\u0259r v\u0259 onun \u00fc\u00e7\u00fcn sertifikat almal\u0131d\u0131rlar. Sertifikat imkan verir ki, onlar h\u0259min xal\u00e7an\u0131 h\u0259r hans\u0131 bir problem olmadan \u00f6lk\u0259d\u0259n k\u0259nara \u00e7\u0131xara bilsinl\u0259r.\n<\/p>\n<p>\n  Az\u0259rbaycan Xal\u00e7a Muzeyinin q\u0259dim xal\u00e7alara \u015f\u0259had\u0259tnam\u0259 verdiyini t\u0259sdiql\u0259yib.\n<\/p>\n<figure class=\"wp-block-image size-large\">\n  <img decoding=\"async\" src=\"https:\/\/www.meydan.tv\/az\/05_-e1573054028619-jpg\/\" alt=\"05_-e1573054028619.jpg\" class=\"wp-image-132774\"\/><figcaption>\n    \u0130lham \u018fliyev xal\u00e7a\u00e7\u0131 qad\u0131nlarla g\u00f6r\u00fc\u015f\u00fcr<br \/>\n  <\/figcaption><\/figure>\n<p>\n  Sertifikat iki qiym\u0259t\u0259dir:\n<\/p>\n<p>\n  Bir g\u00fcn \u0259rzind\u0259 veril\u0259n sertifikat \u2013 45 AZN\n<\/p>\n<p>\n  7 g\u00fcn \u0259rzind\u0259 veril\u0259n sertifikat \u2013 25 AZN\n<\/p>\n<p>\n  Xal\u00e7a satanlar bu qaydan\u0131n onlar\u0131n i\u015fin\u0259 ciddi t\u0259sir etdiyini ,sat\u0131\u015f\u0131n k\u0259skin azalmas\u0131na s\u0259b\u0259b oldu\u011funu deyibl\u0259r. Onlar\u0131n fikrinc\u0259, h\u0259r turistin yet\u0259rinc\u0259 zaman\u0131 v\u0259 h\u0259v\u0259si olmaya bil\u0259r ki, ald\u0131\u011f\u0131 m\u0259hsulu qeydiyyatdan ke\u00e7irtsin.\n<\/p>\n<p>\n  \u201cAz\u0259rxal\u00e7a\u201d is\u0259 deyib ki, bu qurum ancaq \u00f6z m\u0259hsullar\u0131na cavabdehdir v\u0259 \u00f6z m\u0259hsullar\u0131na sertifikat verir. Az\u0259rbaycan xal\u00e7alar\u0131n\u0131n xarici bazarda qiym\u0259ti is\u0259 646 manatla 2,040 manat aras\u0131nda d\u0259yi\u015fir.\n<\/p>\n<p>\n  \u0130\u00e7\u0259ri\u015f\u0259h\u0259rd\u0259ki sat\u0131c\u0131lar xal\u00e7alardan ki\u00e7ik \u00f6l\u00e7\u00fcl\u00fc olanlar 150-200 manata , b\u00f6y\u00fck \u00f6l\u00e7\u00fcl\u00fc olanlar is\u0259 400-500 manata satd\u0131qlar\u0131n\u0131 deyibl\u0259r.<\/p>\n","protected":false},"excerpt":{"rendered":"<p>Bir xal\u00e7a\u00e7\u0131 \u0259n az\u0131 1 ay yar\u0131m vaxt \u0259rzind\u0259 evin\u0259 250 manatdan \u00e7ox maa\u015f aparmaq g\u00fcc\u00fcnd\u0259 deyil.<\/p>\n","protected":false},"author":11,"featured_media":132768,"comment_status":"closed","ping_status":"open","sticky":false,"template":"","format":"standard","meta":{"_acf_changed":false,"_sitemap_exclude":false,"_sitemap_priority":"","_sitemap_frequency":"","footnotes":""},"categories":[62],"tags":[],"class_list":["post-197846","post","type-post","status-publish","format-standard","has-post-thumbnail","hentry","category-sosial","infinite-scroll-item","generate-columns","tablet-grid-50","mobile-grid-100","grid-parent","grid-33","no-featured-image-padding"],"acf":[],"yoast_head":"<!-- This site is optimized with the Yoast SEO plugin v27.4 - https:\/\/yoast.com\/product\/yoast-seo-wordpress\/ -->\n<title>Xal\u00e7a\u00e7\u0131lar ayl\u0131q n\u0259 q\u0259d\u0259r qazana bil\u0259r? - MEYDAN.TV<\/title>\n<meta name=\"robots\" content=\"index, follow, max-snippet:-1, max-image-preview:large, max-video-preview:-1\" \/>\n<link rel=\"canonical\" href=\"https:\/\/www.meydan.tv\/az\/article\/xalcacilar-ayliq-ne-qeder-qazana-biler\/\" \/>\n<meta property=\"og:locale\" content=\"az_AZ\" \/>\n<meta property=\"og:type\" content=\"article\" \/>\n<meta property=\"og:title\" content=\"Xal\u00e7a\u00e7\u0131lar ayl\u0131q n\u0259 q\u0259d\u0259r qazana bil\u0259r? - MEYDAN.TV\" \/>\n<meta property=\"og:description\" content=\"Bir xal\u00e7a\u00e7\u0131 \u0259n az\u0131 1 ay yar\u0131m vaxt \u0259rzind\u0259 evin\u0259 250 manatdan \u00e7ox maa\u015f aparmaq g\u00fcc\u00fcnd\u0259 deyil.\" \/>\n<meta property=\"og:url\" content=\"https:\/\/www.meydan.tv\/az\/article\/xalcacilar-ayliq-ne-qeder-qazana-biler\/\" \/>\n<meta property=\"og:site_name\" content=\"MEYDAN.TV\" \/>\n<meta property=\"article:published_time\" content=\"2019-11-07T19:45:35+00:00\" \/>\n<meta property=\"og:image\" content=\"https:\/\/www.meydan.tv\/wp-content\/uploads\/xalcaciliq-president-az-e1573053906390.jpg\" \/>\n\t<meta property=\"og:image:width\" content=\"1467\" \/>\n\t<meta property=\"og:image:height\" content=\"983\" \/>\n\t<meta property=\"og:image:type\" content=\"image\/jpeg\" \/>\n<meta name=\"author\" content=\"user-manager\" \/>\n<meta name=\"twitter:card\" content=\"summary_large_image\" \/>\n<script type=\"application\/ld+json\" class=\"yoast-schema-graph\">{\"@context\":\"https:\\\/\\\/schema.org\",\"@graph\":[{\"@type\":\"Article\",\"@id\":\"https:\\\/\\\/www.meydan.tv\\\/az\\\/article\\\/xalcacilar-ayliq-ne-qeder-qazana-biler\\\/#article\",\"isPartOf\":{\"@id\":\"https:\\\/\\\/www.meydan.tv\\\/az\\\/article\\\/xalcacilar-ayliq-ne-qeder-qazana-biler\\\/\"},\"author\":{\"name\":\"user-manager\",\"@id\":\"https:\\\/\\\/www.meydan.tv\\\/az\\\/#\\\/schema\\\/person\\\/10d11eccf6da3662cf5fdab9806ea91a\"},\"headline\":\"Xal\u00e7a\u00e7\u0131lar ayl\u0131q n\u0259 q\u0259d\u0259r qazana bil\u0259r?\",\"datePublished\":\"2019-11-07T19:45:35+00:00\",\"mainEntityOfPage\":{\"@id\":\"https:\\\/\\\/www.meydan.tv\\\/az\\\/article\\\/xalcacilar-ayliq-ne-qeder-qazana-biler\\\/\"},\"wordCount\":420,\"publisher\":{\"@id\":\"https:\\\/\\\/www.meydan.tv\\\/az\\\/#organization\"},\"image\":{\"@id\":\"https:\\\/\\\/www.meydan.tv\\\/az\\\/article\\\/xalcacilar-ayliq-ne-qeder-qazana-biler\\\/#primaryimage\"},\"thumbnailUrl\":\"https:\\\/\\\/www.meydan.tv\\\/wp-content\\\/uploads\\\/xalcaciliq-president-az-e1573053906390.jpg\",\"articleSection\":[\"Sosial\"],\"inLanguage\":\"az\"},{\"@type\":\"WebPage\",\"@id\":\"https:\\\/\\\/www.meydan.tv\\\/az\\\/article\\\/xalcacilar-ayliq-ne-qeder-qazana-biler\\\/\",\"url\":\"https:\\\/\\\/www.meydan.tv\\\/az\\\/article\\\/xalcacilar-ayliq-ne-qeder-qazana-biler\\\/\",\"name\":\"Xal\u00e7a\u00e7\u0131lar ayl\u0131q n\u0259 q\u0259d\u0259r qazana bil\u0259r? - MEYDAN.TV\",\"isPartOf\":{\"@id\":\"https:\\\/\\\/www.meydan.tv\\\/az\\\/#website\"},\"primaryImageOfPage\":{\"@id\":\"https:\\\/\\\/www.meydan.tv\\\/az\\\/article\\\/xalcacilar-ayliq-ne-qeder-qazana-biler\\\/#primaryimage\"},\"image\":{\"@id\":\"https:\\\/\\\/www.meydan.tv\\\/az\\\/article\\\/xalcacilar-ayliq-ne-qeder-qazana-biler\\\/#primaryimage\"},\"thumbnailUrl\":\"https:\\\/\\\/www.meydan.tv\\\/wp-content\\\/uploads\\\/xalcaciliq-president-az-e1573053906390.jpg\",\"datePublished\":\"2019-11-07T19:45:35+00:00\",\"breadcrumb\":{\"@id\":\"https:\\\/\\\/www.meydan.tv\\\/az\\\/article\\\/xalcacilar-ayliq-ne-qeder-qazana-biler\\\/#breadcrumb\"},\"inLanguage\":\"az\",\"potentialAction\":[{\"@type\":\"ReadAction\",\"target\":[\"https:\\\/\\\/www.meydan.tv\\\/az\\\/article\\\/xalcacilar-ayliq-ne-qeder-qazana-biler\\\/\"]}]},{\"@type\":\"ImageObject\",\"inLanguage\":\"az\",\"@id\":\"https:\\\/\\\/www.meydan.tv\\\/az\\\/article\\\/xalcacilar-ayliq-ne-qeder-qazana-biler\\\/#primaryimage\",\"url\":\"https:\\\/\\\/www.meydan.tv\\\/wp-content\\\/uploads\\\/xalcaciliq-president-az-e1573053906390.jpg\",\"contentUrl\":\"https:\\\/\\\/www.meydan.tv\\\/wp-content\\\/uploads\\\/xalcaciliq-president-az-e1573053906390.jpg\",\"width\":1467,\"height\":983,\"caption\":\"Source: Prezident.az\"},{\"@type\":\"BreadcrumbList\",\"@id\":\"https:\\\/\\\/www.meydan.tv\\\/az\\\/article\\\/xalcacilar-ayliq-ne-qeder-qazana-biler\\\/#breadcrumb\",\"itemListElement\":[{\"@type\":\"ListItem\",\"position\":1,\"name\":\"Ana s\u0259hif\u0259\",\"item\":\"https:\\\/\\\/www.meydan.tv\\\/az\\\/\"},{\"@type\":\"ListItem\",\"position\":2,\"name\":\"Sosial\",\"item\":\"https:\\\/\\\/www.meydan.tv\\\/az\\\/section\\\/sosial\\\/\"},{\"@type\":\"ListItem\",\"position\":3,\"name\":\"Xal\u00e7a\u00e7\u0131lar ayl\u0131q n\u0259 q\u0259d\u0259r qazana bil\u0259r?\"}]},{\"@type\":\"WebSite\",\"@id\":\"https:\\\/\\\/www.meydan.tv\\\/az\\\/#website\",\"url\":\"https:\\\/\\\/www.meydan.tv\\\/az\\\/\",\"name\":\"MEYDAN.TV\",\"description\":\"Meydan TV Az\u0259rbaycan\u0131n media m\u0259kan\u0131ndak\u0131 alternativ s\u0259sidir\",\"publisher\":{\"@id\":\"https:\\\/\\\/www.meydan.tv\\\/az\\\/#organization\"},\"potentialAction\":[{\"@type\":\"SearchAction\",\"target\":{\"@type\":\"EntryPoint\",\"urlTemplate\":\"https:\\\/\\\/www.meydan.tv\\\/az\\\/?s={search_term_string}\"},\"query-input\":{\"@type\":\"PropertyValueSpecification\",\"valueRequired\":true,\"valueName\":\"search_term_string\"}}],\"inLanguage\":\"az\"},{\"@type\":\"Organization\",\"@id\":\"https:\\\/\\\/www.meydan.tv\\\/az\\\/#organization\",\"name\":\"Meydan TV\",\"url\":\"https:\\\/\\\/www.meydan.tv\\\/az\\\/\",\"logo\":{\"@type\":\"ImageObject\",\"inLanguage\":\"az\",\"@id\":\"https:\\\/\\\/www.meydan.tv\\\/az\\\/#\\\/schema\\\/logo\\\/image\\\/\",\"url\":\"https:\\\/\\\/www.meydan.tv\\\/wp-content\\\/uploads\\\/2021\\\/07\\\/meydan-logo.svg\",\"contentUrl\":\"https:\\\/\\\/www.meydan.tv\\\/wp-content\\\/uploads\\\/2021\\\/07\\\/meydan-logo.svg\",\"width\":195,\"height\":46,\"caption\":\"Meydan TV\"},\"image\":{\"@id\":\"https:\\\/\\\/www.meydan.tv\\\/az\\\/#\\\/schema\\\/logo\\\/image\\\/\"}},{\"@type\":\"Person\",\"@id\":\"https:\\\/\\\/www.meydan.tv\\\/az\\\/#\\\/schema\\\/person\\\/10d11eccf6da3662cf5fdab9806ea91a\",\"name\":\"user-manager\"}]}<\/script>\n<!-- \/ Yoast SEO plugin. -->","yoast_head_json":{"title":"Xal\u00e7a\u00e7\u0131lar ayl\u0131q n\u0259 q\u0259d\u0259r qazana bil\u0259r? - MEYDAN.TV","robots":{"index":"index","follow":"follow","max-snippet":"max-snippet:-1","max-image-preview":"max-image-preview:large","max-video-preview":"max-video-preview:-1"},"canonical":"https:\/\/www.meydan.tv\/az\/article\/xalcacilar-ayliq-ne-qeder-qazana-biler\/","og_locale":"az_AZ","og_type":"article","og_title":"Xal\u00e7a\u00e7\u0131lar ayl\u0131q n\u0259 q\u0259d\u0259r qazana bil\u0259r? - MEYDAN.TV","og_description":"Bir xal\u00e7a\u00e7\u0131 \u0259n az\u0131 1 ay yar\u0131m vaxt \u0259rzind\u0259 evin\u0259 250 manatdan \u00e7ox maa\u015f aparmaq g\u00fcc\u00fcnd\u0259 deyil.","og_url":"https:\/\/www.meydan.tv\/az\/article\/xalcacilar-ayliq-ne-qeder-qazana-biler\/","og_site_name":"MEYDAN.TV","article_published_time":"2019-11-07T19:45:35+00:00","og_image":[{"width":1467,"height":983,"url":"https:\/\/www.meydan.tv\/wp-content\/uploads\/xalcaciliq-president-az-e1573053906390.jpg","type":"image\/jpeg"}],"author":"user-manager","twitter_card":"summary_large_image","schema":{"@context":"https:\/\/schema.org","@graph":[{"@type":"Article","@id":"https:\/\/www.meydan.tv\/az\/article\/xalcacilar-ayliq-ne-qeder-qazana-biler\/#article","isPartOf":{"@id":"https:\/\/www.meydan.tv\/az\/article\/xalcacilar-ayliq-ne-qeder-qazana-biler\/"},"author":{"name":"user-manager","@id":"https:\/\/www.meydan.tv\/az\/#\/schema\/person\/10d11eccf6da3662cf5fdab9806ea91a"},"headline":"Xal\u00e7a\u00e7\u0131lar ayl\u0131q n\u0259 q\u0259d\u0259r qazana bil\u0259r?","datePublished":"2019-11-07T19:45:35+00:00","mainEntityOfPage":{"@id":"https:\/\/www.meydan.tv\/az\/article\/xalcacilar-ayliq-ne-qeder-qazana-biler\/"},"wordCount":420,"publisher":{"@id":"https:\/\/www.meydan.tv\/az\/#organization"},"image":{"@id":"https:\/\/www.meydan.tv\/az\/article\/xalcacilar-ayliq-ne-qeder-qazana-biler\/#primaryimage"},"thumbnailUrl":"https:\/\/www.meydan.tv\/wp-content\/uploads\/xalcaciliq-president-az-e1573053906390.jpg","articleSection":["Sosial"],"inLanguage":"az"},{"@type":"WebPage","@id":"https:\/\/www.meydan.tv\/az\/article\/xalcacilar-ayliq-ne-qeder-qazana-biler\/","url":"https:\/\/www.meydan.tv\/az\/article\/xalcacilar-ayliq-ne-qeder-qazana-biler\/","name":"Xal\u00e7a\u00e7\u0131lar ayl\u0131q n\u0259 q\u0259d\u0259r qazana bil\u0259r? - MEYDAN.TV","isPartOf":{"@id":"https:\/\/www.meydan.tv\/az\/#website"},"primaryImageOfPage":{"@id":"https:\/\/www.meydan.tv\/az\/article\/xalcacilar-ayliq-ne-qeder-qazana-biler\/#primaryimage"},"image":{"@id":"https:\/\/www.meydan.tv\/az\/article\/xalcacilar-ayliq-ne-qeder-qazana-biler\/#primaryimage"},"thumbnailUrl":"https:\/\/www.meydan.tv\/wp-content\/uploads\/xalcaciliq-president-az-e1573053906390.jpg","datePublished":"2019-11-07T19:45:35+00:00","breadcrumb":{"@id":"https:\/\/www.meydan.tv\/az\/article\/xalcacilar-ayliq-ne-qeder-qazana-biler\/#breadcrumb"},"inLanguage":"az","potentialAction":[{"@type":"ReadAction","target":["https:\/\/www.meydan.tv\/az\/article\/xalcacilar-ayliq-ne-qeder-qazana-biler\/"]}]},{"@type":"ImageObject","inLanguage":"az","@id":"https:\/\/www.meydan.tv\/az\/article\/xalcacilar-ayliq-ne-qeder-qazana-biler\/#primaryimage","url":"https:\/\/www.meydan.tv\/wp-content\/uploads\/xalcaciliq-president-az-e1573053906390.jpg","contentUrl":"https:\/\/www.meydan.tv\/wp-content\/uploads\/xalcaciliq-president-az-e1573053906390.jpg","width":1467,"height":983,"caption":"Source: Prezident.az"},{"@type":"BreadcrumbList","@id":"https:\/\/www.meydan.tv\/az\/article\/xalcacilar-ayliq-ne-qeder-qazana-biler\/#breadcrumb","itemListElement":[{"@type":"ListItem","position":1,"name":"Ana s\u0259hif\u0259","item":"https:\/\/www.meydan.tv\/az\/"},{"@type":"ListItem","position":2,"name":"Sosial","item":"https:\/\/www.meydan.tv\/az\/section\/sosial\/"},{"@type":"ListItem","position":3,"name":"Xal\u00e7a\u00e7\u0131lar ayl\u0131q n\u0259 q\u0259d\u0259r qazana bil\u0259r?"}]},{"@type":"WebSite","@id":"https:\/\/www.meydan.tv\/az\/#website","url":"https:\/\/www.meydan.tv\/az\/","name":"MEYDAN.TV","description":"Meydan TV Az\u0259rbaycan\u0131n media m\u0259kan\u0131ndak\u0131 alternativ s\u0259sidir","publisher":{"@id":"https:\/\/www.meydan.tv\/az\/#organization"},"potentialAction":[{"@type":"SearchAction","target":{"@type":"EntryPoint","urlTemplate":"https:\/\/www.meydan.tv\/az\/?s={search_term_string}"},"query-input":{"@type":"PropertyValueSpecification","valueRequired":true,"valueName":"search_term_string"}}],"inLanguage":"az"},{"@type":"Organization","@id":"https:\/\/www.meydan.tv\/az\/#organization","name":"Meydan TV","url":"https:\/\/www.meydan.tv\/az\/","logo":{"@type":"ImageObject","inLanguage":"az","@id":"https:\/\/www.meydan.tv\/az\/#\/schema\/logo\/image\/","url":"https:\/\/www.meydan.tv\/wp-content\/uploads\/2021\/07\/meydan-logo.svg","contentUrl":"https:\/\/www.meydan.tv\/wp-content\/uploads\/2021\/07\/meydan-logo.svg","width":195,"height":46,"caption":"Meydan TV"},"image":{"@id":"https:\/\/www.meydan.tv\/az\/#\/schema\/logo\/image\/"}},{"@type":"Person","@id":"https:\/\/www.meydan.tv\/az\/#\/schema\/person\/10d11eccf6da3662cf5fdab9806ea91a","name":"user-manager"}]}},"_links":{"self":[{"href":"https:\/\/www.meydan.tv\/az\/wp-json\/wp\/v2\/posts\/197846","targetHints":{"allow":["GET"]}}],"collection":[{"href":"https:\/\/www.meydan.tv\/az\/wp-json\/wp\/v2\/posts"}],"about":[{"href":"https:\/\/www.meydan.tv\/az\/wp-json\/wp\/v2\/types\/post"}],"author":[{"embeddable":true,"href":"https:\/\/www.meydan.tv\/az\/wp-json\/wp\/v2\/users\/11"}],"replies":[{"embeddable":true,"href":"https:\/\/www.meydan.tv\/az\/wp-json\/wp\/v2\/comments?post=197846"}],"version-history":[{"count":0,"href":"https:\/\/www.meydan.tv\/az\/wp-json\/wp\/v2\/posts\/197846\/revisions"}],"wp:featuredmedia":[{"embeddable":true,"href":"https:\/\/www.meydan.tv\/az\/wp-json\/wp\/v2\/media\/132768"}],"wp:attachment":[{"href":"https:\/\/www.meydan.tv\/az\/wp-json\/wp\/v2\/media?parent=197846"}],"wp:term":[{"taxonomy":"category","embeddable":true,"href":"https:\/\/www.meydan.tv\/az\/wp-json\/wp\/v2\/categories?post=197846"},{"taxonomy":"post_tag","embeddable":true,"href":"https:\/\/www.meydan.tv\/az\/wp-json\/wp\/v2\/tags?post=197846"}],"curies":[{"name":"wp","href":"https:\/\/api.w.org\/{rel}","templated":true}]}}