{"id":197844,"date":"2019-11-07T19:18:01","date_gmt":"2019-11-07T19:18:01","guid":{"rendered":"https:\/\/www.meydan.tv\/article\/cili-polis-memurlari-molotov-kokteyli-ile-atese-verilib\/"},"modified":"2019-11-07T19:18:01","modified_gmt":"2019-11-07T19:18:01","slug":"cili-polis-memurlari-molotov-kokteyli-ile-atese-verilib","status":"publish","type":"post","link":"https:\/\/www.meydan.tv\/az\/article\/cili-polis-memurlari-molotov-kokteyli-ile-atese-verilib\/","title":{"rendered":"\u00c7ili polis m\u0259murlar\u0131 \u201cMolotov kokteyli\u201d il\u0259 at\u0259\u015f\u0259 verilib"},"content":{"rendered":"<p>\n  M\u0259rk\u0259zi Santyaqoda etirazlar\u0131 da\u011f\u0131tma\u011fa \u00e7al\u0131\u015fan iki polis alovlar i\u00e7ind\u0259 qal\u0131b, \u201cReuters\u201d x\u0259b\u0259r verir.\n<\/p>\n<p>\n  \u00c7ilid\u0259 mitinql\u0259r iki h\u0259ft\u0259 \u0259vv\u0259l ictimai n\u0259qliyyatda gedi\u015f-g\u0259li\u015fl\u0259 \u0259laq\u0259dar yaranm\u0131\u015f art\u0131mlara etiraz olaraq ba\u015flay\u0131b. Mitinql\u0259r daha sonra Lat\u0131n Amerikas\u0131n\u0131n \u0259n z\u0259ngin xalqlar\u0131ndan olan \u00c7ilid\u0259 b\u0259rab\u0259rsizliy\u0259 etiraz olaraq geni\u015f v\u00fcs\u0259t al\u0131b.\n<\/p>\n<p>\n  Polis aksiya i\u015ftirak\u00e7\u0131lar\u0131na qar\u015f\u0131 g\u00f6zya\u015fard\u0131c\u0131 qaz v\u0259 su topu istifad\u0259 ed\u0259rk\u0259n, polis istiqam\u0259tind\u0259 at\u0131lan bir ne\u00e7\u0259 \u201cMolotov kokteyli\u201d polisl\u0259r\u0259 d\u0259yib v\u0259 iki polis alovlar i\u00e7ind\u0259 qal\u0131b. Onlara h\u0259mkarlar\u0131 k\u00f6m\u0259k edib. Yan\u011f\u0131ns\u00f6nd\u00fcr\u00fcc\u00fcd\u0259n istifad\u0259 edilib.\n<\/p>\n<p>\n  Polisd\u0259n veril\u0259n m\u0259lumata g\u00f6r\u0259, iki qad\u0131n polis, biri 25 ya\u015fl\u0131 Mar\u00eda Jos\u00e9 Hern\u00e1ndez Torres v\u0259 dig\u0259ri 20 ya\u015fl\u0131 Abigail Catalina Aburto Cardenas ciddi x\u0259sar\u0259t al\u0131blar v\u0259 x\u0259st\u0259xanaya yerl\u0259\u015fdirilibl\u0259r.\n<\/p>\n<p>\n  \u201cBir polis m\u0259murunun Molotovla at\u0259\u015f\u0259 verildiyini v\u0259 qrupunun yan\u011f\u0131n\u0131 s\u00f6nd\u00fcrm\u0259y\u0259 \u00e7al\u0131\u015fd\u0131\u011f\u0131n\u0131 g\u00f6rd\u00fcm\u201d,- \u201cReuters\u201din fotom\u00fcxbiri Jose Silva deyib.\n<\/p>\n<p>\n  Hadis\u0259 yerinin yax\u0131nl\u0131\u011f\u0131ndak\u0131 damdan hadis\u0259l\u0259ri s\u0259n\u0259dl\u0259\u015fdir\u0259n v\u0259 \u00c7ilid\u0259 ya\u015fayan \u201cReuters\u201d fotoqraf\u0131 \u0130van Alvarado deyib ki, alovla s\u00fcr\u0259tl\u0259 yay\u0131l\u0131rd\u0131 v\u0259 polis m\u0259murlar\u0131 yan\u011f\u0131n\u0131 \u0259ll\u0259ri il\u0259 s\u00f6nd\u00fcrm\u0259y\u0259 \u00e7al\u0131\u015f\u0131rd\u0131lar.\n<\/p>\n<p>\n  \u00c7ilinin Daxili i\u015fl\u0259r naziri Gonzalo Blumel bazar ert\u0259si ax\u015fam qad\u0131nlar\u0131 x\u0259st\u0259xanada ziyar\u0259t edib v\u0259 h\u00fccumu &quot;zorak\u0131l\u0131q &#8230; v\u0259t\u0259nda\u015flar\u0131n qanuni t\u0259l\u0259bl\u0259ri il\u0259 he\u00e7 bir \u0259laq\u0259si olmayan akt&quot; adland\u0131r\u0131b.\n<\/p>\n<p>\n  \u201cBu, h\u0259mv\u0259t\u0259nl\u0259rimizin t\u0259hl\u00fck\u0259sizliyini qorumaq \u00fc\u00e7\u00fcn \u00e7al\u0131\u015fan iki polis m\u0259muruna qar\u015f\u0131 qorxaqcas\u0131na edilmi\u015f t\u0259cav\u00fczd\u00fcr\u201d,- o deyib.\n<\/p>\n<p>\n  Meksikada m\u0259skunla\u015fm\u0131\u015f v\u0259 Santyaqoda da hadis\u0259 yerind\u0259 olan fotoqraf Henry Romero deyib ki, hadis\u0259 polisin d\u0259rhal reaksiyas\u0131na s\u0259b\u0259b olub:\n<\/p>\n<p>\n  \u201cO andan i\u015fl\u0259r g\u00fccl\u0259ndi, polis \u00e7oxlu qaz v\u0259 rezin g\u00fcll\u0259l\u0259rd\u0259n istifad\u0259 etm\u0259y\u0259 ba\u015flad\u0131, t\u0259krar at\u0259\u015fin s\u0259s-k\u00fcy\u00fc y\u00fcks\u0259ldi\u201d.\n<\/p>\n<p>\n  Ad\u0131n\u0131n \u00e7\u0259kilm\u0259m\u0259sini xahi\u015f ed\u0259n bir polis m\u0259muru deyib ki, meydandak\u0131 zabitl\u0259r \u0259vv\u0259lc\u0259 su toplar\u0131, sonra g\u00f6zya\u015fard\u0131c\u0131 qazdan istifad\u0259 ed\u0259r\u0259k standart \u0259m\u0259liyyat qaydalar\u0131na \u0259m\u0259l edibl\u0259r. O, rezin g\u00fcll\u0259l\u0259rd\u0259n \u201cqa\u00e7\u0131lmaz t\u0259hl\u00fck\u0259\u201d hallar\u0131nda istifad\u0259 edildiyini s\u00f6yl\u0259yib. \u201c\u0130ctimai asayi\u015f\u0259 n\u0259zar\u0259t \u00e7ox m\u00fcr\u0259kk\u0259b olub\u201d,- o deyib.\n<\/p>\n<p>\n  \u201cReuters\u201d iki polis \u0259m\u0259kda\u015f\u0131n\u0131n ail\u0259l\u0259ri il\u0259 \u0259laq\u0259 saxlaya bilm\u0259yib. Onlar\u0131n m\u00fcalic\u0259 olundu\u011fu x\u0259st\u0259xana is\u0259 \u015f\u0259rh verm\u0259kd\u0259n imtina edib.\n<\/p>\n<p>\n  \u0130nsan h\u00fcquqlar\u0131 qruplar\u0131na g\u00f6r\u0259, yaralanm\u0131\u015f iki qad\u0131n m\u0259mur son iki h\u0259ft\u0259 \u0259rzind\u0259 n\u00fcmayi\u015fl\u0259rd\u0259 yaralanan 800 polis \u0259m\u0259kda\u015f\u0131 aras\u0131nda, x\u0259st\u0259xanaya yerl\u0259\u015fdiril\u0259n 1650 etiraz\u00e7\u0131 aras\u0131nda yer al\u0131r.<\/p>\n","protected":false},"excerpt":{"rendered":"<p>H\u0259r iki qad\u0131n polis x\u0259st\u0259xanaya yerl\u0259\u015fdirilib<\/p>\n","protected":false},"author":11,"featured_media":132786,"comment_status":"closed","ping_status":"open","sticky":false,"template":"","format":"standard","meta":{"_acf_changed":false,"_sitemap_exclude":false,"_sitemap_priority":"","_sitemap_frequency":"","footnotes":""},"categories":[64],"tags":[],"class_list":["post-197844","post","type-post","status-publish","format-standard","has-post-thumbnail","hentry","category-dunya","infinite-scroll-item","generate-columns","tablet-grid-50","mobile-grid-100","grid-parent","grid-33","no-featured-image-padding"],"acf":[],"yoast_head":"<!-- This site is optimized with the Yoast SEO plugin v27.5 - https:\/\/yoast.com\/product\/yoast-seo-wordpress\/ -->\n<title>\u00c7ili polis m\u0259murlar\u0131 \u201cMolotov kokteyli\u201d il\u0259 at\u0259\u015f\u0259 verilib - MEYDAN.TV<\/title>\n<meta name=\"robots\" content=\"index, follow, max-snippet:-1, max-image-preview:large, max-video-preview:-1\" \/>\n<link rel=\"canonical\" href=\"https:\/\/www.meydan.tv\/az\/article\/cili-polis-memurlari-molotov-kokteyli-ile-atese-verilib\/\" \/>\n<meta property=\"og:locale\" content=\"az_AZ\" \/>\n<meta property=\"og:type\" content=\"article\" \/>\n<meta property=\"og:title\" content=\"\u00c7ili polis m\u0259murlar\u0131 \u201cMolotov kokteyli\u201d il\u0259 at\u0259\u015f\u0259 verilib - MEYDAN.TV\" \/>\n<meta property=\"og:description\" content=\"H\u0259r iki qad\u0131n polis x\u0259st\u0259xanaya yerl\u0259\u015fdirilib\" \/>\n<meta property=\"og:url\" content=\"https:\/\/www.meydan.tv\/az\/article\/cili-polis-memurlari-molotov-kokteyli-ile-atese-verilib\/\" \/>\n<meta property=\"og:site_name\" content=\"MEYDAN.TV\" \/>\n<meta property=\"article:published_time\" content=\"2019-11-07T19:18:01+00:00\" \/>\n<meta property=\"og:image\" content=\"https:\/\/www.meydan.tv\/wp-content\/uploads\/chilean-police-set-fire-03-rt-jef-191106_hpembed_18x13_992.jpg\" \/>\n\t<meta property=\"og:image:width\" content=\"992\" \/>\n\t<meta property=\"og:image:height\" content=\"718\" \/>\n\t<meta property=\"og:image:type\" content=\"image\/jpeg\" \/>\n<meta name=\"author\" content=\"user-manager\" \/>\n<meta name=\"twitter:card\" content=\"summary_large_image\" \/>\n<script type=\"application\/ld+json\" class=\"yoast-schema-graph\">{\"@context\":\"https:\\\/\\\/schema.org\",\"@graph\":[{\"@type\":\"Article\",\"@id\":\"https:\\\/\\\/www.meydan.tv\\\/az\\\/article\\\/cili-polis-memurlari-molotov-kokteyli-ile-atese-verilib\\\/#article\",\"isPartOf\":{\"@id\":\"https:\\\/\\\/www.meydan.tv\\\/az\\\/article\\\/cili-polis-memurlari-molotov-kokteyli-ile-atese-verilib\\\/\"},\"author\":{\"name\":\"user-manager\",\"@id\":\"https:\\\/\\\/www.meydan.tv\\\/az\\\/#\\\/schema\\\/person\\\/10d11eccf6da3662cf5fdab9806ea91a\"},\"headline\":\"\u00c7ili polis m\u0259murlar\u0131 \u201cMolotov kokteyli\u201d il\u0259 at\u0259\u015f\u0259 verilib\",\"datePublished\":\"2019-11-07T19:18:01+00:00\",\"mainEntityOfPage\":{\"@id\":\"https:\\\/\\\/www.meydan.tv\\\/az\\\/article\\\/cili-polis-memurlari-molotov-kokteyli-ile-atese-verilib\\\/\"},\"wordCount\":539,\"publisher\":{\"@id\":\"https:\\\/\\\/www.meydan.tv\\\/az\\\/#organization\"},\"image\":{\"@id\":\"https:\\\/\\\/www.meydan.tv\\\/az\\\/article\\\/cili-polis-memurlari-molotov-kokteyli-ile-atese-verilib\\\/#primaryimage\"},\"thumbnailUrl\":\"https:\\\/\\\/www.meydan.tv\\\/wp-content\\\/uploads\\\/chilean-police-set-fire-03-rt-jef-191106_hpembed_18x13_992.jpg\",\"articleSection\":[\"D\u00fcnya\"],\"inLanguage\":\"az\"},{\"@type\":\"WebPage\",\"@id\":\"https:\\\/\\\/www.meydan.tv\\\/az\\\/article\\\/cili-polis-memurlari-molotov-kokteyli-ile-atese-verilib\\\/\",\"url\":\"https:\\\/\\\/www.meydan.tv\\\/az\\\/article\\\/cili-polis-memurlari-molotov-kokteyli-ile-atese-verilib\\\/\",\"name\":\"\u00c7ili polis m\u0259murlar\u0131 \u201cMolotov kokteyli\u201d il\u0259 at\u0259\u015f\u0259 verilib - MEYDAN.TV\",\"isPartOf\":{\"@id\":\"https:\\\/\\\/www.meydan.tv\\\/az\\\/#website\"},\"primaryImageOfPage\":{\"@id\":\"https:\\\/\\\/www.meydan.tv\\\/az\\\/article\\\/cili-polis-memurlari-molotov-kokteyli-ile-atese-verilib\\\/#primaryimage\"},\"image\":{\"@id\":\"https:\\\/\\\/www.meydan.tv\\\/az\\\/article\\\/cili-polis-memurlari-molotov-kokteyli-ile-atese-verilib\\\/#primaryimage\"},\"thumbnailUrl\":\"https:\\\/\\\/www.meydan.tv\\\/wp-content\\\/uploads\\\/chilean-police-set-fire-03-rt-jef-191106_hpembed_18x13_992.jpg\",\"datePublished\":\"2019-11-07T19:18:01+00:00\",\"breadcrumb\":{\"@id\":\"https:\\\/\\\/www.meydan.tv\\\/az\\\/article\\\/cili-polis-memurlari-molotov-kokteyli-ile-atese-verilib\\\/#breadcrumb\"},\"inLanguage\":\"az\",\"potentialAction\":[{\"@type\":\"ReadAction\",\"target\":[\"https:\\\/\\\/www.meydan.tv\\\/az\\\/article\\\/cili-polis-memurlari-molotov-kokteyli-ile-atese-verilib\\\/\"]}]},{\"@type\":\"ImageObject\",\"inLanguage\":\"az\",\"@id\":\"https:\\\/\\\/www.meydan.tv\\\/az\\\/article\\\/cili-polis-memurlari-molotov-kokteyli-ile-atese-verilib\\\/#primaryimage\",\"url\":\"https:\\\/\\\/www.meydan.tv\\\/wp-content\\\/uploads\\\/chilean-police-set-fire-03-rt-jef-191106_hpembed_18x13_992.jpg\",\"contentUrl\":\"https:\\\/\\\/www.meydan.tv\\\/wp-content\\\/uploads\\\/chilean-police-set-fire-03-rt-jef-191106_hpembed_18x13_992.jpg\",\"width\":992,\"height\":718,\"caption\":\"Source: ABC News\"},{\"@type\":\"BreadcrumbList\",\"@id\":\"https:\\\/\\\/www.meydan.tv\\\/az\\\/article\\\/cili-polis-memurlari-molotov-kokteyli-ile-atese-verilib\\\/#breadcrumb\",\"itemListElement\":[{\"@type\":\"ListItem\",\"position\":1,\"name\":\"Ana s\u0259hif\u0259\",\"item\":\"https:\\\/\\\/www.meydan.tv\\\/az\\\/\"},{\"@type\":\"ListItem\",\"position\":2,\"name\":\"D\u00fcnya\",\"item\":\"https:\\\/\\\/www.meydan.tv\\\/az\\\/section\\\/dunya\\\/\"},{\"@type\":\"ListItem\",\"position\":3,\"name\":\"\u00c7ili polis m\u0259murlar\u0131 \u201cMolotov kokteyli\u201d il\u0259 at\u0259\u015f\u0259 verilib\"}]},{\"@type\":\"WebSite\",\"@id\":\"https:\\\/\\\/www.meydan.tv\\\/az\\\/#website\",\"url\":\"https:\\\/\\\/www.meydan.tv\\\/az\\\/\",\"name\":\"MEYDAN.TV\",\"description\":\"Meydan TV Az\u0259rbaycan\u0131n media m\u0259kan\u0131ndak\u0131 alternativ s\u0259sidir\",\"publisher\":{\"@id\":\"https:\\\/\\\/www.meydan.tv\\\/az\\\/#organization\"},\"potentialAction\":[{\"@type\":\"SearchAction\",\"target\":{\"@type\":\"EntryPoint\",\"urlTemplate\":\"https:\\\/\\\/www.meydan.tv\\\/az\\\/?s={search_term_string}\"},\"query-input\":{\"@type\":\"PropertyValueSpecification\",\"valueRequired\":true,\"valueName\":\"search_term_string\"}}],\"inLanguage\":\"az\"},{\"@type\":\"Organization\",\"@id\":\"https:\\\/\\\/www.meydan.tv\\\/az\\\/#organization\",\"name\":\"Meydan TV\",\"url\":\"https:\\\/\\\/www.meydan.tv\\\/az\\\/\",\"logo\":{\"@type\":\"ImageObject\",\"inLanguage\":\"az\",\"@id\":\"https:\\\/\\\/www.meydan.tv\\\/az\\\/#\\\/schema\\\/logo\\\/image\\\/\",\"url\":\"https:\\\/\\\/www.meydan.tv\\\/wp-content\\\/uploads\\\/2021\\\/07\\\/meydan-logo.svg\",\"contentUrl\":\"https:\\\/\\\/www.meydan.tv\\\/wp-content\\\/uploads\\\/2021\\\/07\\\/meydan-logo.svg\",\"width\":195,\"height\":46,\"caption\":\"Meydan TV\"},\"image\":{\"@id\":\"https:\\\/\\\/www.meydan.tv\\\/az\\\/#\\\/schema\\\/logo\\\/image\\\/\"}},{\"@type\":\"Person\",\"@id\":\"https:\\\/\\\/www.meydan.tv\\\/az\\\/#\\\/schema\\\/person\\\/10d11eccf6da3662cf5fdab9806ea91a\",\"name\":\"user-manager\"}]}<\/script>\n<!-- \/ Yoast SEO plugin. -->","yoast_head_json":{"title":"\u00c7ili polis m\u0259murlar\u0131 \u201cMolotov kokteyli\u201d il\u0259 at\u0259\u015f\u0259 verilib - MEYDAN.TV","robots":{"index":"index","follow":"follow","max-snippet":"max-snippet:-1","max-image-preview":"max-image-preview:large","max-video-preview":"max-video-preview:-1"},"canonical":"https:\/\/www.meydan.tv\/az\/article\/cili-polis-memurlari-molotov-kokteyli-ile-atese-verilib\/","og_locale":"az_AZ","og_type":"article","og_title":"\u00c7ili polis m\u0259murlar\u0131 \u201cMolotov kokteyli\u201d il\u0259 at\u0259\u015f\u0259 verilib - MEYDAN.TV","og_description":"H\u0259r iki qad\u0131n polis x\u0259st\u0259xanaya yerl\u0259\u015fdirilib","og_url":"https:\/\/www.meydan.tv\/az\/article\/cili-polis-memurlari-molotov-kokteyli-ile-atese-verilib\/","og_site_name":"MEYDAN.TV","article_published_time":"2019-11-07T19:18:01+00:00","og_image":[{"width":992,"height":718,"url":"https:\/\/www.meydan.tv\/wp-content\/uploads\/chilean-police-set-fire-03-rt-jef-191106_hpembed_18x13_992.jpg","type":"image\/jpeg"}],"author":"user-manager","twitter_card":"summary_large_image","schema":{"@context":"https:\/\/schema.org","@graph":[{"@type":"Article","@id":"https:\/\/www.meydan.tv\/az\/article\/cili-polis-memurlari-molotov-kokteyli-ile-atese-verilib\/#article","isPartOf":{"@id":"https:\/\/www.meydan.tv\/az\/article\/cili-polis-memurlari-molotov-kokteyli-ile-atese-verilib\/"},"author":{"name":"user-manager","@id":"https:\/\/www.meydan.tv\/az\/#\/schema\/person\/10d11eccf6da3662cf5fdab9806ea91a"},"headline":"\u00c7ili polis m\u0259murlar\u0131 \u201cMolotov kokteyli\u201d il\u0259 at\u0259\u015f\u0259 verilib","datePublished":"2019-11-07T19:18:01+00:00","mainEntityOfPage":{"@id":"https:\/\/www.meydan.tv\/az\/article\/cili-polis-memurlari-molotov-kokteyli-ile-atese-verilib\/"},"wordCount":539,"publisher":{"@id":"https:\/\/www.meydan.tv\/az\/#organization"},"image":{"@id":"https:\/\/www.meydan.tv\/az\/article\/cili-polis-memurlari-molotov-kokteyli-ile-atese-verilib\/#primaryimage"},"thumbnailUrl":"https:\/\/www.meydan.tv\/wp-content\/uploads\/chilean-police-set-fire-03-rt-jef-191106_hpembed_18x13_992.jpg","articleSection":["D\u00fcnya"],"inLanguage":"az"},{"@type":"WebPage","@id":"https:\/\/www.meydan.tv\/az\/article\/cili-polis-memurlari-molotov-kokteyli-ile-atese-verilib\/","url":"https:\/\/www.meydan.tv\/az\/article\/cili-polis-memurlari-molotov-kokteyli-ile-atese-verilib\/","name":"\u00c7ili polis m\u0259murlar\u0131 \u201cMolotov kokteyli\u201d il\u0259 at\u0259\u015f\u0259 verilib - MEYDAN.TV","isPartOf":{"@id":"https:\/\/www.meydan.tv\/az\/#website"},"primaryImageOfPage":{"@id":"https:\/\/www.meydan.tv\/az\/article\/cili-polis-memurlari-molotov-kokteyli-ile-atese-verilib\/#primaryimage"},"image":{"@id":"https:\/\/www.meydan.tv\/az\/article\/cili-polis-memurlari-molotov-kokteyli-ile-atese-verilib\/#primaryimage"},"thumbnailUrl":"https:\/\/www.meydan.tv\/wp-content\/uploads\/chilean-police-set-fire-03-rt-jef-191106_hpembed_18x13_992.jpg","datePublished":"2019-11-07T19:18:01+00:00","breadcrumb":{"@id":"https:\/\/www.meydan.tv\/az\/article\/cili-polis-memurlari-molotov-kokteyli-ile-atese-verilib\/#breadcrumb"},"inLanguage":"az","potentialAction":[{"@type":"ReadAction","target":["https:\/\/www.meydan.tv\/az\/article\/cili-polis-memurlari-molotov-kokteyli-ile-atese-verilib\/"]}]},{"@type":"ImageObject","inLanguage":"az","@id":"https:\/\/www.meydan.tv\/az\/article\/cili-polis-memurlari-molotov-kokteyli-ile-atese-verilib\/#primaryimage","url":"https:\/\/www.meydan.tv\/wp-content\/uploads\/chilean-police-set-fire-03-rt-jef-191106_hpembed_18x13_992.jpg","contentUrl":"https:\/\/www.meydan.tv\/wp-content\/uploads\/chilean-police-set-fire-03-rt-jef-191106_hpembed_18x13_992.jpg","width":992,"height":718,"caption":"Source: ABC News"},{"@type":"BreadcrumbList","@id":"https:\/\/www.meydan.tv\/az\/article\/cili-polis-memurlari-molotov-kokteyli-ile-atese-verilib\/#breadcrumb","itemListElement":[{"@type":"ListItem","position":1,"name":"Ana s\u0259hif\u0259","item":"https:\/\/www.meydan.tv\/az\/"},{"@type":"ListItem","position":2,"name":"D\u00fcnya","item":"https:\/\/www.meydan.tv\/az\/section\/dunya\/"},{"@type":"ListItem","position":3,"name":"\u00c7ili polis m\u0259murlar\u0131 \u201cMolotov kokteyli\u201d il\u0259 at\u0259\u015f\u0259 verilib"}]},{"@type":"WebSite","@id":"https:\/\/www.meydan.tv\/az\/#website","url":"https:\/\/www.meydan.tv\/az\/","name":"MEYDAN.TV","description":"Meydan TV Az\u0259rbaycan\u0131n media m\u0259kan\u0131ndak\u0131 alternativ s\u0259sidir","publisher":{"@id":"https:\/\/www.meydan.tv\/az\/#organization"},"potentialAction":[{"@type":"SearchAction","target":{"@type":"EntryPoint","urlTemplate":"https:\/\/www.meydan.tv\/az\/?s={search_term_string}"},"query-input":{"@type":"PropertyValueSpecification","valueRequired":true,"valueName":"search_term_string"}}],"inLanguage":"az"},{"@type":"Organization","@id":"https:\/\/www.meydan.tv\/az\/#organization","name":"Meydan TV","url":"https:\/\/www.meydan.tv\/az\/","logo":{"@type":"ImageObject","inLanguage":"az","@id":"https:\/\/www.meydan.tv\/az\/#\/schema\/logo\/image\/","url":"https:\/\/www.meydan.tv\/wp-content\/uploads\/2021\/07\/meydan-logo.svg","contentUrl":"https:\/\/www.meydan.tv\/wp-content\/uploads\/2021\/07\/meydan-logo.svg","width":195,"height":46,"caption":"Meydan TV"},"image":{"@id":"https:\/\/www.meydan.tv\/az\/#\/schema\/logo\/image\/"}},{"@type":"Person","@id":"https:\/\/www.meydan.tv\/az\/#\/schema\/person\/10d11eccf6da3662cf5fdab9806ea91a","name":"user-manager"}]}},"_links":{"self":[{"href":"https:\/\/www.meydan.tv\/az\/wp-json\/wp\/v2\/posts\/197844","targetHints":{"allow":["GET"]}}],"collection":[{"href":"https:\/\/www.meydan.tv\/az\/wp-json\/wp\/v2\/posts"}],"about":[{"href":"https:\/\/www.meydan.tv\/az\/wp-json\/wp\/v2\/types\/post"}],"author":[{"embeddable":true,"href":"https:\/\/www.meydan.tv\/az\/wp-json\/wp\/v2\/users\/11"}],"replies":[{"embeddable":true,"href":"https:\/\/www.meydan.tv\/az\/wp-json\/wp\/v2\/comments?post=197844"}],"version-history":[{"count":0,"href":"https:\/\/www.meydan.tv\/az\/wp-json\/wp\/v2\/posts\/197844\/revisions"}],"wp:featuredmedia":[{"embeddable":true,"href":"https:\/\/www.meydan.tv\/az\/wp-json\/wp\/v2\/media\/132786"}],"wp:attachment":[{"href":"https:\/\/www.meydan.tv\/az\/wp-json\/wp\/v2\/media?parent=197844"}],"wp:term":[{"taxonomy":"category","embeddable":true,"href":"https:\/\/www.meydan.tv\/az\/wp-json\/wp\/v2\/categories?post=197844"},{"taxonomy":"post_tag","embeddable":true,"href":"https:\/\/www.meydan.tv\/az\/wp-json\/wp\/v2\/tags?post=197844"}],"curies":[{"name":"wp","href":"https:\/\/api.w.org\/{rel}","templated":true}]}}