{"id":197843,"date":"2019-11-07T19:14:52","date_gmt":"2019-11-07T19:14:52","guid":{"rendered":"https:\/\/www.meydan.tv\/article\/dovlet-departamenti-turkiyeye-qarsi-sanksiyalara-qarsi-cixir\/"},"modified":"2019-11-07T19:14:52","modified_gmt":"2019-11-07T19:14:52","slug":"dovlet-departamenti-turkiyeye-qarsi-sanksiyalara-qarsi-cixir","status":"publish","type":"post","link":"https:\/\/www.meydan.tv\/az\/article\/dovlet-departamenti-turkiyeye-qarsi-sanksiyalara-qarsi-cixir\/","title":{"rendered":"D\u00f6vl\u0259t Departamenti T\u00fcrkiy\u0259y\u0259 qar\u015f\u0131 sanksiyalara qar\u015f\u0131 \u00e7\u0131x\u0131r"},"content":{"rendered":"<p>\n  <i><br \/>\n    Tramp administrasiyas\u0131 \u201cerm\u0259ni soyq\u0131r\u0131m\u0131\u201d il\u0259 ba\u011fl\u0131 q\u0259tnam\u0259y\u0259 d\u0259 qar\u015f\u0131d\u0131r<br \/>\n  <\/i>\n<\/p>\n<p>\n  Tramp administrasiyas\u0131 N\u00fcmay\u0259nd\u0259l\u0259r Palatas\u0131 t\u0259r\u0259find\u0259n ke\u00e7\u0259n h\u0259ft\u0259 q\u0259bul edilmi\u015f T\u00fcrkiy\u0259y\u0259 qar\u015f\u0131 sanksiyalara, h\u0259m\u00e7inin \u201cerm\u0259ni soyq\u0131r\u0131m\u0131\u201d il\u0259 ba\u011fl\u0131 q\u0259tnam\u0259y\u0259 qar\u015f\u0131 \u00e7\u0131x\u0131b, &#8211; \u201cBloomberg\u201d x\u0259b\u0259r verir.\n<\/p>\n<p>\n  D\u00f6vl\u0259t Departamentinin y\u00fcks\u0259k r\u0259smisi bildirib ki, h\u0259r iki t\u0259\u015f\u0259bb\u00fcs \u0259sas NATO m\u00fctt\u0259fiqi il\u0259 \u0259laq\u0259l\u0259ri g\u0259rginl\u0259\u015fdir\u0259 bil\u0259r.\n<\/p>\n<p>\n  Administrasiya T\u00fcrkiy\u0259nin Suriyan\u0131n \u015fimal\u0131nda ba\u015flatd\u0131\u011f\u0131 h\u0259rbi \u0259m\u0259liyyatlara cavab olaraq ke\u00e7\u0259n h\u0259ft\u0259 parlamentin 403-16 s\u0259s \u00e7oxlu\u011fuyla q\u0259bul etdiyi sanksiyalardan narahat oldu\u011funu qeyd edib v\u0259 bildirib ki, qanunverici orqan\u0131n bu q\u0259rar\u0131 Va\u015finqtonun \u0259ll\u0259rini qandallay\u0131r, AB\u015e-\u0131n T\u00fcrkiy\u0259nin b\u00f6lg\u0259d\u0259ki f\u0259aliyy\u0259tl\u0259rin\u0259 qar\u015f\u0131 h\u0259r\u0259k\u0259t\u0259 ke\u00e7m\u0259sinin qar\u015f\u0131s\u0131n\u0131 al\u0131r.\n<\/p>\n<p>\n  Ad\u0131n\u0131n qeyd edilm\u0259sini ist\u0259m\u0259y\u0259n administrasiyan\u0131n r\u0259smisi Tramp\u0131n q\u0259tnam\u0259ni veto edib-etm\u0259y\u0259c\u0259yi haqda he\u00e7 bir r\u0259y bildirm\u0259yib.\n<\/p>\n<p>\n  T\u00fcrkiy\u0259y\u0259 qar\u015f\u0131 q\u0259bul edilmi\u015f sanksiya y\u00fcks\u0259k Ankara r\u0259smil\u0259rin\u0259 AB\u015e-a daxil olma\u011f\u0131 qada\u011fan ed\u0259c\u0259k. Bu q\u0259rar h\u0259m\u00e7inin AB\u015e silahlar\u0131n\u0131n Suriyada T\u00fcrkiy\u0259nin istifad\u0259sin\u0259 verilm\u0259sinin qar\u015f\u0131s\u0131n\u0131 alacaq v\u0259 Pentaqon, el\u0259c\u0259 d\u0259 D\u00f6vl\u0259t Departamentind\u0259n \u0130slam D\u00f6vl\u0259tinin (\u0130\u015e\u0130D) dir\u00e7\u0259li\u015finin qar\u015f\u0131s\u0131n\u0131 almaq \u00fc\u00e7\u00fcn planlar t\u0259qdim etm\u0259sini t\u0259l\u0259b ed\u0259c\u0259k.\n<\/p>\n<p>\n  Palatan\u0131n Xarici i\u015fl\u0259r s\u0259dri, o c\u00fcml\u0259d\u0259n New York demokrat\u0131, Eliot Engel deyib ki, Tramp \u018frdo\u011fana \u015fimali Suriyada h\u0259rbi \u0259m\u0259liyyatlara ba\u015flamaq \u00fc\u00e7\u00fcn ya\u015f\u0131l i\u015f\u0131q yand\u0131r\u0131b v\u0259 bunun n\u0259tic\u0259sind\u0259 bizim b\u00f6lg\u0259d\u0259 \u0130slam D\u00f6vl\u0259tin\u0259 qar\u015f\u0131 t\u0259r\u0259fda\u015f\u0131m\u0131z olan Suriyal\u0131 k\u00fcrdl\u0259r \u00f6ld\u00fcr\u00fcl\u00fcb.\n<\/p>\n<p>\n  Administrasiya Tramp\u0131n AB\u015e q\u00fcvv\u0259l\u0259rini geri \u00e7\u0259km\u0259si il\u0259 Ankaraya Suriyaya h\u00fccum x\u0259b\u0259rdarl\u0131\u011f\u0131 verdiyini t\u0259kzib edib.\n<\/p>\n<p>\n  El\u0259 h\u0259min g\u00fcn N\u00fcmay\u0259nd\u0259l\u0259r Palatas\u0131 sanksiya layih\u0259sini q\u0259bul edib. Q\u0259tnam\u0259 h\u0259m\u00e7inin T\u00fcrkiy\u0259 C\u00fcmhuriyy\u0259tinin s\u0259l\u0259fi olan Osmanl\u0131 imperiyas\u0131 t\u0259r\u0259find\u0259n ke\u00e7\u0259n \u0259srin \u0259vv\u0259ll\u0259rind\u0259 1,5 milyon erm\u0259ninin \u00f6ld\u00fcr\u00fclm\u0259sini pisl\u0259yib. Ankara q\u0259tnam\u0259y\u0259 \u015fidd\u0259tl\u0259 qar\u015f\u0131 \u00e7\u0131x\u0131b v\u0259 AB\u015e s\u0259firi Devid Satterfild\u0259 (David Satterfield) x\u0259b\u0259rdarl\u0131q edilib.\n<\/p>\n<p>\n  Administrasiya r\u0259smisinin s\u00f6zl\u0259rin\u0259 g\u00f6r\u0259, palatan\u0131n Suriyan\u0131 i\u015f\u011fal etm\u0259si il\u0259 \u0259laq\u0259dar T\u00fcrkiy\u0259ni q\u0131nad\u0131\u011f\u0131 kimi, soyq\u0131r\u0131m q\u0259tnam\u0259sinin q\u0259bul edilm\u0259si d\u0259 vaxts\u0131z q\u0259rard\u0131r v\u0259 prinsipial deyil. O qeyd edib ki, bu q\u0259rar c\u0259za kimi q\u0259bul edil\u0259 bil\u0259r.\n<\/p>\n<p>\n  Tramp administrasiyas\u0131 \u0259vv\u0259ll\u0259r bu tip t\u0259\u015f\u0259bb\u00fcsl\u0259r bar\u0259d\u0259 a\u00e7\u0131qlama verm\u0259yib. Ke\u00e7mi\u015f AB\u015e r\u0259hb\u0259rlikl\u0259ri is\u0259 soyq\u0131r\u0131m q\u0259tnam\u0259l\u0259rinin bar\u0131\u015f\u0131\u011fa mane olaca\u011f\u0131n\u0131 iddia ed\u0259r\u0259k, buna qar\u015f\u0131 ehtiyatl\u0131 davran\u0131blar. T\u00fcrkiy\u0259 ill\u0259rdir bu c\u00fcr q\u0259tnam\u0259l\u0259rin q\u0259bulunun m\u00fcnasib\u0259tl\u0259rin pozulmas\u0131na s\u0259b\u0259b ola bil\u0259c\u0259yi il\u0259 ba\u011fl\u0131 x\u0259b\u0259rdarl\u0131q edir.\n<\/p>\n<p>\n  Administrasiya r\u0259smisi deyib ki, AB\u015e-\u0131n m\u00f6vqeyi d\u0259yi\u015fm\u0259yib v\u0259 o, Osmanl\u0131 imperiyas\u0131n\u0131n da\u011f\u0131lmas\u0131na do\u011fru zaman k\u0259simind\u0259 deportasiya edilmi\u015f v\u0259 \u00f6ld\u00fcr\u00fclm\u00fc\u015f 1,5 milyon erm\u0259ninin xatir\u0259sini yad etm\u0259y\u0259 davam edir. R\u0259sminin s\u00f6zl\u0259rin\u0259 g\u00f6r\u0259, AB\u015e 20-ci \u0259srin \u0259n pis k\u00fctl\u0259vi v\u0259h\u015filikl\u0259rind\u0259n biri olan \u201cMeds Yeeghern\u201di xat\u0131rlay\u0131r v\u0259 Erm\u0259nistan\u0131n v\u0259 T\u00fcrkiy\u0259nin \u00f6z tarixl\u0259ri il\u0259 hesabla\u015fmaq s\u0259yl\u0259rini d\u0259st\u0259kl\u0259yir.<\/p>\n","protected":false},"excerpt":{"rendered":"<p>T\u00fcrkiy\u0259y\u0259 qar\u015f\u0131 q\u0259bul edilmi\u015f sanksiya y\u00fcks\u0259k Ankara r\u0259smil\u0259rin\u0259 AB\u015e-a daxil olma\u011f\u0131 qada\u011fan ed\u0259c\u0259k.<\/p>\n","protected":false},"author":11,"featured_media":97918,"comment_status":"closed","ping_status":"open","sticky":false,"template":"","format":"standard","meta":{"_acf_changed":false,"_sitemap_exclude":false,"_sitemap_priority":"","_sitemap_frequency":"","footnotes":""},"categories":[64],"tags":[],"class_list":["post-197843","post","type-post","status-publish","format-standard","has-post-thumbnail","hentry","category-dunya","infinite-scroll-item","generate-columns","tablet-grid-50","mobile-grid-100","grid-parent","grid-33","no-featured-image-padding"],"acf":[],"yoast_head":"<!-- This site is optimized with the Yoast SEO plugin v27.5 - https:\/\/yoast.com\/product\/yoast-seo-wordpress\/ -->\n<title>D\u00f6vl\u0259t Departamenti T\u00fcrkiy\u0259y\u0259 qar\u015f\u0131 sanksiyalara qar\u015f\u0131 \u00e7\u0131x\u0131r - MEYDAN.TV<\/title>\n<meta name=\"robots\" content=\"index, follow, max-snippet:-1, max-image-preview:large, max-video-preview:-1\" \/>\n<link rel=\"canonical\" href=\"https:\/\/www.meydan.tv\/az\/article\/dovlet-departamenti-turkiyeye-qarsi-sanksiyalara-qarsi-cixir\/\" \/>\n<meta property=\"og:locale\" content=\"az_AZ\" \/>\n<meta property=\"og:type\" content=\"article\" \/>\n<meta property=\"og:title\" content=\"D\u00f6vl\u0259t Departamenti T\u00fcrkiy\u0259y\u0259 qar\u015f\u0131 sanksiyalara qar\u015f\u0131 \u00e7\u0131x\u0131r - MEYDAN.TV\" \/>\n<meta property=\"og:description\" content=\"T\u00fcrkiy\u0259y\u0259 qar\u015f\u0131 q\u0259bul edilmi\u015f sanksiya y\u00fcks\u0259k Ankara r\u0259smil\u0259rin\u0259 AB\u015e-a daxil olma\u011f\u0131 qada\u011fan ed\u0259c\u0259k.\" \/>\n<meta property=\"og:url\" content=\"https:\/\/www.meydan.tv\/az\/article\/dovlet-departamenti-turkiyeye-qarsi-sanksiyalara-qarsi-cixir\/\" \/>\n<meta property=\"og:site_name\" content=\"MEYDAN.TV\" \/>\n<meta property=\"article:published_time\" content=\"2019-11-07T19:14:52+00:00\" \/>\n<meta property=\"og:image\" content=\"https:\/\/www.meydan.tv\/wp-content\/uploads\/38700.jpg\" \/>\n\t<meta property=\"og:image:width\" content=\"630\" \/>\n\t<meta property=\"og:image:height\" content=\"354\" \/>\n\t<meta property=\"og:image:type\" content=\"image\/jpeg\" \/>\n<meta name=\"author\" content=\"user-manager\" \/>\n<meta name=\"twitter:card\" content=\"summary_large_image\" \/>\n<script type=\"application\/ld+json\" class=\"yoast-schema-graph\">{\"@context\":\"https:\\\/\\\/schema.org\",\"@graph\":[{\"@type\":\"Article\",\"@id\":\"https:\\\/\\\/www.meydan.tv\\\/az\\\/article\\\/dovlet-departamenti-turkiyeye-qarsi-sanksiyalara-qarsi-cixir\\\/#article\",\"isPartOf\":{\"@id\":\"https:\\\/\\\/www.meydan.tv\\\/az\\\/article\\\/dovlet-departamenti-turkiyeye-qarsi-sanksiyalara-qarsi-cixir\\\/\"},\"author\":{\"name\":\"user-manager\",\"@id\":\"https:\\\/\\\/www.meydan.tv\\\/az\\\/#\\\/schema\\\/person\\\/10d11eccf6da3662cf5fdab9806ea91a\"},\"headline\":\"D\u00f6vl\u0259t Departamenti T\u00fcrkiy\u0259y\u0259 qar\u015f\u0131 sanksiyalara qar\u015f\u0131 \u00e7\u0131x\u0131r\",\"datePublished\":\"2019-11-07T19:14:52+00:00\",\"mainEntityOfPage\":{\"@id\":\"https:\\\/\\\/www.meydan.tv\\\/az\\\/article\\\/dovlet-departamenti-turkiyeye-qarsi-sanksiyalara-qarsi-cixir\\\/\"},\"wordCount\":690,\"publisher\":{\"@id\":\"https:\\\/\\\/www.meydan.tv\\\/az\\\/#organization\"},\"image\":{\"@id\":\"https:\\\/\\\/www.meydan.tv\\\/az\\\/article\\\/dovlet-departamenti-turkiyeye-qarsi-sanksiyalara-qarsi-cixir\\\/#primaryimage\"},\"thumbnailUrl\":\"https:\\\/\\\/www.meydan.tv\\\/wp-content\\\/uploads\\\/38700.jpg\",\"articleSection\":[\"D\u00fcnya\"],\"inLanguage\":\"az\"},{\"@type\":\"WebPage\",\"@id\":\"https:\\\/\\\/www.meydan.tv\\\/az\\\/article\\\/dovlet-departamenti-turkiyeye-qarsi-sanksiyalara-qarsi-cixir\\\/\",\"url\":\"https:\\\/\\\/www.meydan.tv\\\/az\\\/article\\\/dovlet-departamenti-turkiyeye-qarsi-sanksiyalara-qarsi-cixir\\\/\",\"name\":\"D\u00f6vl\u0259t Departamenti T\u00fcrkiy\u0259y\u0259 qar\u015f\u0131 sanksiyalara qar\u015f\u0131 \u00e7\u0131x\u0131r - MEYDAN.TV\",\"isPartOf\":{\"@id\":\"https:\\\/\\\/www.meydan.tv\\\/az\\\/#website\"},\"primaryImageOfPage\":{\"@id\":\"https:\\\/\\\/www.meydan.tv\\\/az\\\/article\\\/dovlet-departamenti-turkiyeye-qarsi-sanksiyalara-qarsi-cixir\\\/#primaryimage\"},\"image\":{\"@id\":\"https:\\\/\\\/www.meydan.tv\\\/az\\\/article\\\/dovlet-departamenti-turkiyeye-qarsi-sanksiyalara-qarsi-cixir\\\/#primaryimage\"},\"thumbnailUrl\":\"https:\\\/\\\/www.meydan.tv\\\/wp-content\\\/uploads\\\/38700.jpg\",\"datePublished\":\"2019-11-07T19:14:52+00:00\",\"breadcrumb\":{\"@id\":\"https:\\\/\\\/www.meydan.tv\\\/az\\\/article\\\/dovlet-departamenti-turkiyeye-qarsi-sanksiyalara-qarsi-cixir\\\/#breadcrumb\"},\"inLanguage\":\"az\",\"potentialAction\":[{\"@type\":\"ReadAction\",\"target\":[\"https:\\\/\\\/www.meydan.tv\\\/az\\\/article\\\/dovlet-departamenti-turkiyeye-qarsi-sanksiyalara-qarsi-cixir\\\/\"]}]},{\"@type\":\"ImageObject\",\"inLanguage\":\"az\",\"@id\":\"https:\\\/\\\/www.meydan.tv\\\/az\\\/article\\\/dovlet-departamenti-turkiyeye-qarsi-sanksiyalara-qarsi-cixir\\\/#primaryimage\",\"url\":\"https:\\\/\\\/www.meydan.tv\\\/wp-content\\\/uploads\\\/38700.jpg\",\"contentUrl\":\"https:\\\/\\\/www.meydan.tv\\\/wp-content\\\/uploads\\\/38700.jpg\",\"width\":630,\"height\":354,\"caption\":\"AB\u015e D\u00f6vl\u0259t Departamenti\"},{\"@type\":\"BreadcrumbList\",\"@id\":\"https:\\\/\\\/www.meydan.tv\\\/az\\\/article\\\/dovlet-departamenti-turkiyeye-qarsi-sanksiyalara-qarsi-cixir\\\/#breadcrumb\",\"itemListElement\":[{\"@type\":\"ListItem\",\"position\":1,\"name\":\"Ana s\u0259hif\u0259\",\"item\":\"https:\\\/\\\/www.meydan.tv\\\/az\\\/\"},{\"@type\":\"ListItem\",\"position\":2,\"name\":\"D\u00fcnya\",\"item\":\"https:\\\/\\\/www.meydan.tv\\\/az\\\/section\\\/dunya\\\/\"},{\"@type\":\"ListItem\",\"position\":3,\"name\":\"D\u00f6vl\u0259t Departamenti T\u00fcrkiy\u0259y\u0259 qar\u015f\u0131 sanksiyalara qar\u015f\u0131 \u00e7\u0131x\u0131r\"}]},{\"@type\":\"WebSite\",\"@id\":\"https:\\\/\\\/www.meydan.tv\\\/az\\\/#website\",\"url\":\"https:\\\/\\\/www.meydan.tv\\\/az\\\/\",\"name\":\"MEYDAN.TV\",\"description\":\"Meydan TV Az\u0259rbaycan\u0131n media m\u0259kan\u0131ndak\u0131 alternativ s\u0259sidir\",\"publisher\":{\"@id\":\"https:\\\/\\\/www.meydan.tv\\\/az\\\/#organization\"},\"potentialAction\":[{\"@type\":\"SearchAction\",\"target\":{\"@type\":\"EntryPoint\",\"urlTemplate\":\"https:\\\/\\\/www.meydan.tv\\\/az\\\/?s={search_term_string}\"},\"query-input\":{\"@type\":\"PropertyValueSpecification\",\"valueRequired\":true,\"valueName\":\"search_term_string\"}}],\"inLanguage\":\"az\"},{\"@type\":\"Organization\",\"@id\":\"https:\\\/\\\/www.meydan.tv\\\/az\\\/#organization\",\"name\":\"Meydan TV\",\"url\":\"https:\\\/\\\/www.meydan.tv\\\/az\\\/\",\"logo\":{\"@type\":\"ImageObject\",\"inLanguage\":\"az\",\"@id\":\"https:\\\/\\\/www.meydan.tv\\\/az\\\/#\\\/schema\\\/logo\\\/image\\\/\",\"url\":\"https:\\\/\\\/www.meydan.tv\\\/wp-content\\\/uploads\\\/2021\\\/07\\\/meydan-logo.svg\",\"contentUrl\":\"https:\\\/\\\/www.meydan.tv\\\/wp-content\\\/uploads\\\/2021\\\/07\\\/meydan-logo.svg\",\"width\":195,\"height\":46,\"caption\":\"Meydan TV\"},\"image\":{\"@id\":\"https:\\\/\\\/www.meydan.tv\\\/az\\\/#\\\/schema\\\/logo\\\/image\\\/\"}},{\"@type\":\"Person\",\"@id\":\"https:\\\/\\\/www.meydan.tv\\\/az\\\/#\\\/schema\\\/person\\\/10d11eccf6da3662cf5fdab9806ea91a\",\"name\":\"user-manager\"}]}<\/script>\n<!-- \/ Yoast SEO plugin. -->","yoast_head_json":{"title":"D\u00f6vl\u0259t Departamenti T\u00fcrkiy\u0259y\u0259 qar\u015f\u0131 sanksiyalara qar\u015f\u0131 \u00e7\u0131x\u0131r - MEYDAN.TV","robots":{"index":"index","follow":"follow","max-snippet":"max-snippet:-1","max-image-preview":"max-image-preview:large","max-video-preview":"max-video-preview:-1"},"canonical":"https:\/\/www.meydan.tv\/az\/article\/dovlet-departamenti-turkiyeye-qarsi-sanksiyalara-qarsi-cixir\/","og_locale":"az_AZ","og_type":"article","og_title":"D\u00f6vl\u0259t Departamenti T\u00fcrkiy\u0259y\u0259 qar\u015f\u0131 sanksiyalara qar\u015f\u0131 \u00e7\u0131x\u0131r - MEYDAN.TV","og_description":"T\u00fcrkiy\u0259y\u0259 qar\u015f\u0131 q\u0259bul edilmi\u015f sanksiya y\u00fcks\u0259k Ankara r\u0259smil\u0259rin\u0259 AB\u015e-a daxil olma\u011f\u0131 qada\u011fan ed\u0259c\u0259k.","og_url":"https:\/\/www.meydan.tv\/az\/article\/dovlet-departamenti-turkiyeye-qarsi-sanksiyalara-qarsi-cixir\/","og_site_name":"MEYDAN.TV","article_published_time":"2019-11-07T19:14:52+00:00","og_image":[{"width":630,"height":354,"url":"https:\/\/www.meydan.tv\/wp-content\/uploads\/38700.jpg","type":"image\/jpeg"}],"author":"user-manager","twitter_card":"summary_large_image","schema":{"@context":"https:\/\/schema.org","@graph":[{"@type":"Article","@id":"https:\/\/www.meydan.tv\/az\/article\/dovlet-departamenti-turkiyeye-qarsi-sanksiyalara-qarsi-cixir\/#article","isPartOf":{"@id":"https:\/\/www.meydan.tv\/az\/article\/dovlet-departamenti-turkiyeye-qarsi-sanksiyalara-qarsi-cixir\/"},"author":{"name":"user-manager","@id":"https:\/\/www.meydan.tv\/az\/#\/schema\/person\/10d11eccf6da3662cf5fdab9806ea91a"},"headline":"D\u00f6vl\u0259t Departamenti T\u00fcrkiy\u0259y\u0259 qar\u015f\u0131 sanksiyalara qar\u015f\u0131 \u00e7\u0131x\u0131r","datePublished":"2019-11-07T19:14:52+00:00","mainEntityOfPage":{"@id":"https:\/\/www.meydan.tv\/az\/article\/dovlet-departamenti-turkiyeye-qarsi-sanksiyalara-qarsi-cixir\/"},"wordCount":690,"publisher":{"@id":"https:\/\/www.meydan.tv\/az\/#organization"},"image":{"@id":"https:\/\/www.meydan.tv\/az\/article\/dovlet-departamenti-turkiyeye-qarsi-sanksiyalara-qarsi-cixir\/#primaryimage"},"thumbnailUrl":"https:\/\/www.meydan.tv\/wp-content\/uploads\/38700.jpg","articleSection":["D\u00fcnya"],"inLanguage":"az"},{"@type":"WebPage","@id":"https:\/\/www.meydan.tv\/az\/article\/dovlet-departamenti-turkiyeye-qarsi-sanksiyalara-qarsi-cixir\/","url":"https:\/\/www.meydan.tv\/az\/article\/dovlet-departamenti-turkiyeye-qarsi-sanksiyalara-qarsi-cixir\/","name":"D\u00f6vl\u0259t Departamenti T\u00fcrkiy\u0259y\u0259 qar\u015f\u0131 sanksiyalara qar\u015f\u0131 \u00e7\u0131x\u0131r - MEYDAN.TV","isPartOf":{"@id":"https:\/\/www.meydan.tv\/az\/#website"},"primaryImageOfPage":{"@id":"https:\/\/www.meydan.tv\/az\/article\/dovlet-departamenti-turkiyeye-qarsi-sanksiyalara-qarsi-cixir\/#primaryimage"},"image":{"@id":"https:\/\/www.meydan.tv\/az\/article\/dovlet-departamenti-turkiyeye-qarsi-sanksiyalara-qarsi-cixir\/#primaryimage"},"thumbnailUrl":"https:\/\/www.meydan.tv\/wp-content\/uploads\/38700.jpg","datePublished":"2019-11-07T19:14:52+00:00","breadcrumb":{"@id":"https:\/\/www.meydan.tv\/az\/article\/dovlet-departamenti-turkiyeye-qarsi-sanksiyalara-qarsi-cixir\/#breadcrumb"},"inLanguage":"az","potentialAction":[{"@type":"ReadAction","target":["https:\/\/www.meydan.tv\/az\/article\/dovlet-departamenti-turkiyeye-qarsi-sanksiyalara-qarsi-cixir\/"]}]},{"@type":"ImageObject","inLanguage":"az","@id":"https:\/\/www.meydan.tv\/az\/article\/dovlet-departamenti-turkiyeye-qarsi-sanksiyalara-qarsi-cixir\/#primaryimage","url":"https:\/\/www.meydan.tv\/wp-content\/uploads\/38700.jpg","contentUrl":"https:\/\/www.meydan.tv\/wp-content\/uploads\/38700.jpg","width":630,"height":354,"caption":"AB\u015e D\u00f6vl\u0259t Departamenti"},{"@type":"BreadcrumbList","@id":"https:\/\/www.meydan.tv\/az\/article\/dovlet-departamenti-turkiyeye-qarsi-sanksiyalara-qarsi-cixir\/#breadcrumb","itemListElement":[{"@type":"ListItem","position":1,"name":"Ana s\u0259hif\u0259","item":"https:\/\/www.meydan.tv\/az\/"},{"@type":"ListItem","position":2,"name":"D\u00fcnya","item":"https:\/\/www.meydan.tv\/az\/section\/dunya\/"},{"@type":"ListItem","position":3,"name":"D\u00f6vl\u0259t Departamenti T\u00fcrkiy\u0259y\u0259 qar\u015f\u0131 sanksiyalara qar\u015f\u0131 \u00e7\u0131x\u0131r"}]},{"@type":"WebSite","@id":"https:\/\/www.meydan.tv\/az\/#website","url":"https:\/\/www.meydan.tv\/az\/","name":"MEYDAN.TV","description":"Meydan TV Az\u0259rbaycan\u0131n media m\u0259kan\u0131ndak\u0131 alternativ s\u0259sidir","publisher":{"@id":"https:\/\/www.meydan.tv\/az\/#organization"},"potentialAction":[{"@type":"SearchAction","target":{"@type":"EntryPoint","urlTemplate":"https:\/\/www.meydan.tv\/az\/?s={search_term_string}"},"query-input":{"@type":"PropertyValueSpecification","valueRequired":true,"valueName":"search_term_string"}}],"inLanguage":"az"},{"@type":"Organization","@id":"https:\/\/www.meydan.tv\/az\/#organization","name":"Meydan TV","url":"https:\/\/www.meydan.tv\/az\/","logo":{"@type":"ImageObject","inLanguage":"az","@id":"https:\/\/www.meydan.tv\/az\/#\/schema\/logo\/image\/","url":"https:\/\/www.meydan.tv\/wp-content\/uploads\/2021\/07\/meydan-logo.svg","contentUrl":"https:\/\/www.meydan.tv\/wp-content\/uploads\/2021\/07\/meydan-logo.svg","width":195,"height":46,"caption":"Meydan TV"},"image":{"@id":"https:\/\/www.meydan.tv\/az\/#\/schema\/logo\/image\/"}},{"@type":"Person","@id":"https:\/\/www.meydan.tv\/az\/#\/schema\/person\/10d11eccf6da3662cf5fdab9806ea91a","name":"user-manager"}]}},"_links":{"self":[{"href":"https:\/\/www.meydan.tv\/az\/wp-json\/wp\/v2\/posts\/197843","targetHints":{"allow":["GET"]}}],"collection":[{"href":"https:\/\/www.meydan.tv\/az\/wp-json\/wp\/v2\/posts"}],"about":[{"href":"https:\/\/www.meydan.tv\/az\/wp-json\/wp\/v2\/types\/post"}],"author":[{"embeddable":true,"href":"https:\/\/www.meydan.tv\/az\/wp-json\/wp\/v2\/users\/11"}],"replies":[{"embeddable":true,"href":"https:\/\/www.meydan.tv\/az\/wp-json\/wp\/v2\/comments?post=197843"}],"version-history":[{"count":0,"href":"https:\/\/www.meydan.tv\/az\/wp-json\/wp\/v2\/posts\/197843\/revisions"}],"wp:featuredmedia":[{"embeddable":true,"href":"https:\/\/www.meydan.tv\/az\/wp-json\/wp\/v2\/media\/97918"}],"wp:attachment":[{"href":"https:\/\/www.meydan.tv\/az\/wp-json\/wp\/v2\/media?parent=197843"}],"wp:term":[{"taxonomy":"category","embeddable":true,"href":"https:\/\/www.meydan.tv\/az\/wp-json\/wp\/v2\/categories?post=197843"},{"taxonomy":"post_tag","embeddable":true,"href":"https:\/\/www.meydan.tv\/az\/wp-json\/wp\/v2\/tags?post=197843"}],"curies":[{"name":"wp","href":"https:\/\/api.w.org\/{rel}","templated":true}]}}