{"id":197821,"date":"2019-11-06T18:35:28","date_gmt":"2019-11-06T18:35:28","guid":{"rendered":"https:\/\/www.meydan.tv\/article\/sorgu-olkede-neyin-deyismeyini-isteyerdiniz\/"},"modified":"2019-11-06T18:35:28","modified_gmt":"2019-11-06T18:35:28","slug":"sorgu-olkede-neyin-deyismeyini-isteyerdiniz","status":"publish","type":"post","link":"https:\/\/www.meydan.tv\/az\/article\/sorgu-olkede-neyin-deyismeyini-isteyerdiniz\/","title":{"rendered":"SOR\u011eU: \u00d6lk\u0259d\u0259 n\u0259yin d\u0259yi\u015fm\u0259yini ist\u0259y\u0259rdiniz?"},"content":{"rendered":"<figure class=\"wp-block-embed is-type-video is-provider-youtube wp-block-embed-youtube wp-embed-aspect-16-9 wp-has-aspect-ratio\">\n<div class=\"wp-block-embed__wrapper\">\n    <iframe\ttitle=\"SOR\u011eU: \u00d6lk\u0259d\u0259 n\u0259yin d\u0259yi\u015fm\u0259yini ist\u0259y\u0259rdiniz?\" width=\"1200\" height=\"675\" data-src=\"https:\/\/www.youtube.com\/embed\/wmeeBsXSaMA\"\tframeborder=\"0\"\tallow=\"accelerometer; autoplay; clipboard-write; encrypted-media; gyroscope; picture-in-picture\" allowfullscreen src=\"data:image\/svg+xml;base64,PHN2ZyB3aWR0aD0iMSIgaGVpZ2h0PSIxIiB4bWxucz0iaHR0cDovL3d3dy53My5vcmcvMjAwMC9zdmciPjwvc3ZnPg==\" class=\"lazyload\" data-load-mode=\"1\"><\/iframe>\n  <\/div><figcaption>\n    SOR\u011eU: \u00d6lk\u0259d\u0259 n\u0259yin d\u0259yi\u015fm\u0259yini ist\u0259y\u0259rdiniz?<br \/>\n  <\/figcaption><\/figure>\n<p>\n  Son g\u00fcnl\u0259r Az\u0259rbaycan hakimiyy\u0259tind\u0259 kadr d\u0259yi\u015fiklikl\u0259ri apar\u0131l\u0131r. V\u0259zif\u0259lil\u0259r \u00f6z postlar\u0131ndan ya istefa verir, ya da \u00f6lk\u0259 ba\u015f\u00e7\u0131s\u0131 \u0130lham \u018fliyev onlar\u0131 yeni \u015f\u0259xsl\u0259rl\u0259 \u0259v\u0259zl\u0259yir. Meydan TV olaraq Bak\u0131 sakinl\u0259rind\u0259n soru\u015fduq ki, onlar \u00f6lk\u0259d\u0259 n\u0259yin d\u0259yi\u015fm\u0259yini ist\u0259yirl\u0259r?<\/p>\n","protected":false},"excerpt":{"rendered":"<p>Meydan Tv Bak\u0131 sakinl\u0259ri aras\u0131nda sor\u011fu ke\u00e7irib<\/p>\n","protected":false},"author":11,"featured_media":132720,"comment_status":"closed","ping_status":"open","sticky":false,"template":"","format":"standard","meta":{"_acf_changed":false,"_sitemap_exclude":false,"_sitemap_priority":"","_sitemap_frequency":"","footnotes":""},"categories":[62],"tags":[],"class_list":["post-197821","post","type-post","status-publish","format-standard","has-post-thumbnail","hentry","category-sosial","infinite-scroll-item","generate-columns","tablet-grid-50","mobile-grid-100","grid-parent","grid-33","no-featured-image-padding"],"acf":[],"yoast_head":"<!-- This site is optimized with the Yoast SEO plugin v27.4 - https:\/\/yoast.com\/product\/yoast-seo-wordpress\/ -->\n<title>SOR\u011eU: \u00d6lk\u0259d\u0259 n\u0259yin d\u0259yi\u015fm\u0259yini ist\u0259y\u0259rdiniz? - MEYDAN.TV<\/title>\n<meta name=\"robots\" content=\"index, follow, max-snippet:-1, max-image-preview:large, max-video-preview:-1\" \/>\n<link rel=\"canonical\" href=\"https:\/\/www.meydan.tv\/az\/article\/sorgu-olkede-neyin-deyismeyini-isteyerdiniz\/\" \/>\n<meta property=\"og:locale\" content=\"az_AZ\" \/>\n<meta property=\"og:type\" content=\"article\" \/>\n<meta property=\"og:title\" content=\"SOR\u011eU: \u00d6lk\u0259d\u0259 n\u0259yin d\u0259yi\u015fm\u0259yini ist\u0259y\u0259rdiniz? - MEYDAN.TV\" \/>\n<meta property=\"og:description\" content=\"Meydan Tv Bak\u0131 sakinl\u0259ri aras\u0131nda sor\u011fu ke\u00e7irib\" \/>\n<meta property=\"og:url\" content=\"https:\/\/www.meydan.tv\/az\/article\/sorgu-olkede-neyin-deyismeyini-isteyerdiniz\/\" \/>\n<meta property=\"og:site_name\" content=\"MEYDAN.TV\" \/>\n<meta property=\"article:published_time\" content=\"2019-11-06T18:35:28+00:00\" \/>\n<meta property=\"og:image\" content=\"https:\/\/www.meydan.tv\/wp-content\/uploads\/screenshot_147.png\" \/>\n\t<meta property=\"og:image:width\" content=\"955\" \/>\n\t<meta property=\"og:image:height\" content=\"540\" \/>\n\t<meta property=\"og:image:type\" content=\"image\/png\" \/>\n<meta name=\"author\" content=\"user-manager\" \/>\n<meta name=\"twitter:card\" content=\"summary_large_image\" \/>\n<script type=\"application\/ld+json\" class=\"yoast-schema-graph\">{\"@context\":\"https:\\\/\\\/schema.org\",\"@graph\":[{\"@type\":\"Article\",\"@id\":\"https:\\\/\\\/www.meydan.tv\\\/az\\\/article\\\/sorgu-olkede-neyin-deyismeyini-isteyerdiniz\\\/#article\",\"isPartOf\":{\"@id\":\"https:\\\/\\\/www.meydan.tv\\\/az\\\/article\\\/sorgu-olkede-neyin-deyismeyini-isteyerdiniz\\\/\"},\"author\":{\"name\":\"user-manager\",\"@id\":\"https:\\\/\\\/www.meydan.tv\\\/az\\\/#\\\/schema\\\/person\\\/10d11eccf6da3662cf5fdab9806ea91a\"},\"headline\":\"SOR\u011eU: \u00d6lk\u0259d\u0259 n\u0259yin d\u0259yi\u015fm\u0259yini ist\u0259y\u0259rdiniz?\",\"datePublished\":\"2019-11-06T18:35:28+00:00\",\"mainEntityOfPage\":{\"@id\":\"https:\\\/\\\/www.meydan.tv\\\/az\\\/article\\\/sorgu-olkede-neyin-deyismeyini-isteyerdiniz\\\/\"},\"wordCount\":88,\"publisher\":{\"@id\":\"https:\\\/\\\/www.meydan.tv\\\/az\\\/#organization\"},\"image\":{\"@id\":\"https:\\\/\\\/www.meydan.tv\\\/az\\\/article\\\/sorgu-olkede-neyin-deyismeyini-isteyerdiniz\\\/#primaryimage\"},\"thumbnailUrl\":\"https:\\\/\\\/www.meydan.tv\\\/wp-content\\\/uploads\\\/screenshot_147.png\",\"articleSection\":[\"Sosial\"],\"inLanguage\":\"az\"},{\"@type\":\"WebPage\",\"@id\":\"https:\\\/\\\/www.meydan.tv\\\/az\\\/article\\\/sorgu-olkede-neyin-deyismeyini-isteyerdiniz\\\/\",\"url\":\"https:\\\/\\\/www.meydan.tv\\\/az\\\/article\\\/sorgu-olkede-neyin-deyismeyini-isteyerdiniz\\\/\",\"name\":\"SOR\u011eU: \u00d6lk\u0259d\u0259 n\u0259yin d\u0259yi\u015fm\u0259yini ist\u0259y\u0259rdiniz? - MEYDAN.TV\",\"isPartOf\":{\"@id\":\"https:\\\/\\\/www.meydan.tv\\\/az\\\/#website\"},\"primaryImageOfPage\":{\"@id\":\"https:\\\/\\\/www.meydan.tv\\\/az\\\/article\\\/sorgu-olkede-neyin-deyismeyini-isteyerdiniz\\\/#primaryimage\"},\"image\":{\"@id\":\"https:\\\/\\\/www.meydan.tv\\\/az\\\/article\\\/sorgu-olkede-neyin-deyismeyini-isteyerdiniz\\\/#primaryimage\"},\"thumbnailUrl\":\"https:\\\/\\\/www.meydan.tv\\\/wp-content\\\/uploads\\\/screenshot_147.png\",\"datePublished\":\"2019-11-06T18:35:28+00:00\",\"breadcrumb\":{\"@id\":\"https:\\\/\\\/www.meydan.tv\\\/az\\\/article\\\/sorgu-olkede-neyin-deyismeyini-isteyerdiniz\\\/#breadcrumb\"},\"inLanguage\":\"az\",\"potentialAction\":[{\"@type\":\"ReadAction\",\"target\":[\"https:\\\/\\\/www.meydan.tv\\\/az\\\/article\\\/sorgu-olkede-neyin-deyismeyini-isteyerdiniz\\\/\"]}]},{\"@type\":\"ImageObject\",\"inLanguage\":\"az\",\"@id\":\"https:\\\/\\\/www.meydan.tv\\\/az\\\/article\\\/sorgu-olkede-neyin-deyismeyini-isteyerdiniz\\\/#primaryimage\",\"url\":\"https:\\\/\\\/www.meydan.tv\\\/wp-content\\\/uploads\\\/screenshot_147.png\",\"contentUrl\":\"https:\\\/\\\/www.meydan.tv\\\/wp-content\\\/uploads\\\/screenshot_147.png\",\"width\":955,\"height\":540,\"caption\":\"Source: Meydan TV\"},{\"@type\":\"BreadcrumbList\",\"@id\":\"https:\\\/\\\/www.meydan.tv\\\/az\\\/article\\\/sorgu-olkede-neyin-deyismeyini-isteyerdiniz\\\/#breadcrumb\",\"itemListElement\":[{\"@type\":\"ListItem\",\"position\":1,\"name\":\"Ana s\u0259hif\u0259\",\"item\":\"https:\\\/\\\/www.meydan.tv\\\/az\\\/\"},{\"@type\":\"ListItem\",\"position\":2,\"name\":\"Sosial\",\"item\":\"https:\\\/\\\/www.meydan.tv\\\/az\\\/section\\\/sosial\\\/\"},{\"@type\":\"ListItem\",\"position\":3,\"name\":\"SOR\u011eU: \u00d6lk\u0259d\u0259 n\u0259yin d\u0259yi\u015fm\u0259yini ist\u0259y\u0259rdiniz?\"}]},{\"@type\":\"WebSite\",\"@id\":\"https:\\\/\\\/www.meydan.tv\\\/az\\\/#website\",\"url\":\"https:\\\/\\\/www.meydan.tv\\\/az\\\/\",\"name\":\"MEYDAN.TV\",\"description\":\"Meydan TV Az\u0259rbaycan\u0131n media m\u0259kan\u0131ndak\u0131 alternativ s\u0259sidir\",\"publisher\":{\"@id\":\"https:\\\/\\\/www.meydan.tv\\\/az\\\/#organization\"},\"potentialAction\":[{\"@type\":\"SearchAction\",\"target\":{\"@type\":\"EntryPoint\",\"urlTemplate\":\"https:\\\/\\\/www.meydan.tv\\\/az\\\/?s={search_term_string}\"},\"query-input\":{\"@type\":\"PropertyValueSpecification\",\"valueRequired\":true,\"valueName\":\"search_term_string\"}}],\"inLanguage\":\"az\"},{\"@type\":\"Organization\",\"@id\":\"https:\\\/\\\/www.meydan.tv\\\/az\\\/#organization\",\"name\":\"Meydan TV\",\"url\":\"https:\\\/\\\/www.meydan.tv\\\/az\\\/\",\"logo\":{\"@type\":\"ImageObject\",\"inLanguage\":\"az\",\"@id\":\"https:\\\/\\\/www.meydan.tv\\\/az\\\/#\\\/schema\\\/logo\\\/image\\\/\",\"url\":\"https:\\\/\\\/www.meydan.tv\\\/wp-content\\\/uploads\\\/2021\\\/07\\\/meydan-logo.svg\",\"contentUrl\":\"https:\\\/\\\/www.meydan.tv\\\/wp-content\\\/uploads\\\/2021\\\/07\\\/meydan-logo.svg\",\"width\":195,\"height\":46,\"caption\":\"Meydan TV\"},\"image\":{\"@id\":\"https:\\\/\\\/www.meydan.tv\\\/az\\\/#\\\/schema\\\/logo\\\/image\\\/\"}},{\"@type\":\"Person\",\"@id\":\"https:\\\/\\\/www.meydan.tv\\\/az\\\/#\\\/schema\\\/person\\\/10d11eccf6da3662cf5fdab9806ea91a\",\"name\":\"user-manager\"}]}<\/script>\n<!-- \/ Yoast SEO plugin. -->","yoast_head_json":{"title":"SOR\u011eU: \u00d6lk\u0259d\u0259 n\u0259yin d\u0259yi\u015fm\u0259yini ist\u0259y\u0259rdiniz? - MEYDAN.TV","robots":{"index":"index","follow":"follow","max-snippet":"max-snippet:-1","max-image-preview":"max-image-preview:large","max-video-preview":"max-video-preview:-1"},"canonical":"https:\/\/www.meydan.tv\/az\/article\/sorgu-olkede-neyin-deyismeyini-isteyerdiniz\/","og_locale":"az_AZ","og_type":"article","og_title":"SOR\u011eU: \u00d6lk\u0259d\u0259 n\u0259yin d\u0259yi\u015fm\u0259yini ist\u0259y\u0259rdiniz? - MEYDAN.TV","og_description":"Meydan Tv Bak\u0131 sakinl\u0259ri aras\u0131nda sor\u011fu ke\u00e7irib","og_url":"https:\/\/www.meydan.tv\/az\/article\/sorgu-olkede-neyin-deyismeyini-isteyerdiniz\/","og_site_name":"MEYDAN.TV","article_published_time":"2019-11-06T18:35:28+00:00","og_image":[{"width":955,"height":540,"url":"https:\/\/www.meydan.tv\/wp-content\/uploads\/screenshot_147.png","type":"image\/png"}],"author":"user-manager","twitter_card":"summary_large_image","schema":{"@context":"https:\/\/schema.org","@graph":[{"@type":"Article","@id":"https:\/\/www.meydan.tv\/az\/article\/sorgu-olkede-neyin-deyismeyini-isteyerdiniz\/#article","isPartOf":{"@id":"https:\/\/www.meydan.tv\/az\/article\/sorgu-olkede-neyin-deyismeyini-isteyerdiniz\/"},"author":{"name":"user-manager","@id":"https:\/\/www.meydan.tv\/az\/#\/schema\/person\/10d11eccf6da3662cf5fdab9806ea91a"},"headline":"SOR\u011eU: \u00d6lk\u0259d\u0259 n\u0259yin d\u0259yi\u015fm\u0259yini ist\u0259y\u0259rdiniz?","datePublished":"2019-11-06T18:35:28+00:00","mainEntityOfPage":{"@id":"https:\/\/www.meydan.tv\/az\/article\/sorgu-olkede-neyin-deyismeyini-isteyerdiniz\/"},"wordCount":88,"publisher":{"@id":"https:\/\/www.meydan.tv\/az\/#organization"},"image":{"@id":"https:\/\/www.meydan.tv\/az\/article\/sorgu-olkede-neyin-deyismeyini-isteyerdiniz\/#primaryimage"},"thumbnailUrl":"https:\/\/www.meydan.tv\/wp-content\/uploads\/screenshot_147.png","articleSection":["Sosial"],"inLanguage":"az"},{"@type":"WebPage","@id":"https:\/\/www.meydan.tv\/az\/article\/sorgu-olkede-neyin-deyismeyini-isteyerdiniz\/","url":"https:\/\/www.meydan.tv\/az\/article\/sorgu-olkede-neyin-deyismeyini-isteyerdiniz\/","name":"SOR\u011eU: \u00d6lk\u0259d\u0259 n\u0259yin d\u0259yi\u015fm\u0259yini ist\u0259y\u0259rdiniz? - MEYDAN.TV","isPartOf":{"@id":"https:\/\/www.meydan.tv\/az\/#website"},"primaryImageOfPage":{"@id":"https:\/\/www.meydan.tv\/az\/article\/sorgu-olkede-neyin-deyismeyini-isteyerdiniz\/#primaryimage"},"image":{"@id":"https:\/\/www.meydan.tv\/az\/article\/sorgu-olkede-neyin-deyismeyini-isteyerdiniz\/#primaryimage"},"thumbnailUrl":"https:\/\/www.meydan.tv\/wp-content\/uploads\/screenshot_147.png","datePublished":"2019-11-06T18:35:28+00:00","breadcrumb":{"@id":"https:\/\/www.meydan.tv\/az\/article\/sorgu-olkede-neyin-deyismeyini-isteyerdiniz\/#breadcrumb"},"inLanguage":"az","potentialAction":[{"@type":"ReadAction","target":["https:\/\/www.meydan.tv\/az\/article\/sorgu-olkede-neyin-deyismeyini-isteyerdiniz\/"]}]},{"@type":"ImageObject","inLanguage":"az","@id":"https:\/\/www.meydan.tv\/az\/article\/sorgu-olkede-neyin-deyismeyini-isteyerdiniz\/#primaryimage","url":"https:\/\/www.meydan.tv\/wp-content\/uploads\/screenshot_147.png","contentUrl":"https:\/\/www.meydan.tv\/wp-content\/uploads\/screenshot_147.png","width":955,"height":540,"caption":"Source: Meydan TV"},{"@type":"BreadcrumbList","@id":"https:\/\/www.meydan.tv\/az\/article\/sorgu-olkede-neyin-deyismeyini-isteyerdiniz\/#breadcrumb","itemListElement":[{"@type":"ListItem","position":1,"name":"Ana s\u0259hif\u0259","item":"https:\/\/www.meydan.tv\/az\/"},{"@type":"ListItem","position":2,"name":"Sosial","item":"https:\/\/www.meydan.tv\/az\/section\/sosial\/"},{"@type":"ListItem","position":3,"name":"SOR\u011eU: \u00d6lk\u0259d\u0259 n\u0259yin d\u0259yi\u015fm\u0259yini ist\u0259y\u0259rdiniz?"}]},{"@type":"WebSite","@id":"https:\/\/www.meydan.tv\/az\/#website","url":"https:\/\/www.meydan.tv\/az\/","name":"MEYDAN.TV","description":"Meydan TV Az\u0259rbaycan\u0131n media m\u0259kan\u0131ndak\u0131 alternativ s\u0259sidir","publisher":{"@id":"https:\/\/www.meydan.tv\/az\/#organization"},"potentialAction":[{"@type":"SearchAction","target":{"@type":"EntryPoint","urlTemplate":"https:\/\/www.meydan.tv\/az\/?s={search_term_string}"},"query-input":{"@type":"PropertyValueSpecification","valueRequired":true,"valueName":"search_term_string"}}],"inLanguage":"az"},{"@type":"Organization","@id":"https:\/\/www.meydan.tv\/az\/#organization","name":"Meydan TV","url":"https:\/\/www.meydan.tv\/az\/","logo":{"@type":"ImageObject","inLanguage":"az","@id":"https:\/\/www.meydan.tv\/az\/#\/schema\/logo\/image\/","url":"https:\/\/www.meydan.tv\/wp-content\/uploads\/2021\/07\/meydan-logo.svg","contentUrl":"https:\/\/www.meydan.tv\/wp-content\/uploads\/2021\/07\/meydan-logo.svg","width":195,"height":46,"caption":"Meydan TV"},"image":{"@id":"https:\/\/www.meydan.tv\/az\/#\/schema\/logo\/image\/"}},{"@type":"Person","@id":"https:\/\/www.meydan.tv\/az\/#\/schema\/person\/10d11eccf6da3662cf5fdab9806ea91a","name":"user-manager"}]}},"_links":{"self":[{"href":"https:\/\/www.meydan.tv\/az\/wp-json\/wp\/v2\/posts\/197821","targetHints":{"allow":["GET"]}}],"collection":[{"href":"https:\/\/www.meydan.tv\/az\/wp-json\/wp\/v2\/posts"}],"about":[{"href":"https:\/\/www.meydan.tv\/az\/wp-json\/wp\/v2\/types\/post"}],"author":[{"embeddable":true,"href":"https:\/\/www.meydan.tv\/az\/wp-json\/wp\/v2\/users\/11"}],"replies":[{"embeddable":true,"href":"https:\/\/www.meydan.tv\/az\/wp-json\/wp\/v2\/comments?post=197821"}],"version-history":[{"count":0,"href":"https:\/\/www.meydan.tv\/az\/wp-json\/wp\/v2\/posts\/197821\/revisions"}],"wp:featuredmedia":[{"embeddable":true,"href":"https:\/\/www.meydan.tv\/az\/wp-json\/wp\/v2\/media\/132720"}],"wp:attachment":[{"href":"https:\/\/www.meydan.tv\/az\/wp-json\/wp\/v2\/media?parent=197821"}],"wp:term":[{"taxonomy":"category","embeddable":true,"href":"https:\/\/www.meydan.tv\/az\/wp-json\/wp\/v2\/categories?post=197821"},{"taxonomy":"post_tag","embeddable":true,"href":"https:\/\/www.meydan.tv\/az\/wp-json\/wp\/v2\/tags?post=197821"}],"curies":[{"name":"wp","href":"https:\/\/api.w.org\/{rel}","templated":true}]}}