{"id":197811,"date":"2019-11-06T10:36:58","date_gmt":"2019-11-06T10:36:58","guid":{"rendered":"https:\/\/www.meydan.tv\/article\/azerbaycanda-ingilis-dilini-bilme-seviyyesi-cox-asagidir\/"},"modified":"2019-11-06T10:36:58","modified_gmt":"2019-11-06T10:36:58","slug":"azerbaycanda-ingilis-dilini-bilme-seviyyesi-cox-asagidir","status":"publish","type":"post","link":"https:\/\/www.meydan.tv\/az\/article\/azerbaycanda-ingilis-dilini-bilme-seviyyesi-cox-asagidir\/","title":{"rendered":"\u201cAz\u0259rbaycanda ingilis dilini bilm\u0259 s\u0259viyy\u0259si \u00e7ox a\u015fa\u011f\u0131d\u0131r\u201d"},"content":{"rendered":"<p>\n  <i><br \/>\n    \u0130ngilis dilind\u0259 \u0259n yax\u015f\u0131 dan\u0131\u015fanlar Niderland v\u0259t\u0259nda\u015flar\u0131d\u0131r<br \/>\n  <\/i>\n<\/p>\n<p>\n  Az\u0259rbaycanda ingilis dilini bilm\u0259 s\u0259viyy\u0259si \u00e7ox a\u015fa\u011f\u0131d\u0131r (very low) v\u0259 \u00f6lk\u0259 d\u00fcnya reytinqind\u0259 85-ci yerd\u0259 q\u0259rarla\u015f\u0131b.\n<\/p>\n<p>\n  \u201cReport\u201d sayt\u0131n\u0131n m\u0259lumat\u0131na g\u00f6r\u0259, bu bar\u0259d\u0259 \u201c<br \/>\n  <a href=\"https:\/\/www.ef.com\/wwen\/epi\/\"><br \/>\n    The English Proficiency Index<br \/>\n  <\/a><br \/>\n  \u201din (EPI) 2019-cu ilin yekunlar\u0131 \u00fczr\u0259 hesabat\u0131nda bildirilib.\n<\/p>\n<p>\n  Hesabat xarici dill\u0259rin t\u0259drisi \u00fczr\u0259 qlobal \u015firk\u0259t olan \u201cEducation First\u201d (EF) il\u0259 birlikd\u0259 haz\u0131rlan\u0131b v\u0259 100 \u00f6lk\u0259ni \u0259hat\u0259 edir. Reytinq siyah\u0131s\u0131 h\u0259r \u00f6lk\u0259d\u0259 ki\u015fil\u0259r v\u0259 qad\u0131nlar aras\u0131nda apar\u0131lan sor\u011fular\u0131n n\u0259tic\u0259l\u0259rin\u0259 \u0259saslan\u0131r.\n<\/p>\n<p>\n  Sor\u011fuda i\u015ftirak ed\u0259n az\u0259rbaycanl\u0131 ki\u015fil\u0259rin 45,89%-nin, qad\u0131nlar\u0131n is\u0259 46,29%-nin ingilis dilind\u0259 dan\u0131\u015fd\u0131\u011f\u0131 m\u0259lum olub.\n<\/p>\n<p>\n  D\u00fcnyada ingilis dilind\u0259 \u0259n yax\u015f\u0131 dan\u0131\u015fanlar Niderland v\u0259t\u0259nda\u015flar\u0131d\u0131r.\n<\/p>\n<p>\n  Siyah\u0131da \u0130sve\u00e7 ikinci, Norve\u00e7 is\u0259 \u00fc\u00e7\u00fcnc\u00fc yeri tutub.\n<\/p>\n<p>\n  \u0130ngilis dilind\u0259 \u00e7ox yax\u015f\u0131 (very high) dan\u0131\u015f\u0131lan \u00f6lk\u0259l\u0259r aras\u0131nda Danimarka, Sinqapur, C\u0259nubi Afrika, Finlandiya, Avstriya, L\u00fcksemburq v\u0259 Almaniya var.\n<\/p>\n<p>\n  Qon\u015fu \u00f6lk\u0259l\u0259rd\u0259n Rusiya ingilis dilini a\u015fa\u011f\u0131 (low) s\u0259viyy\u0259d\u0259 bil\u0259n \u00f6lk\u0259l\u0259r kateqoriyas\u0131na d\u00fc\u015f\u0259r\u0259k 48-ci yeri tutub. G\u00fcrc\u00fcstan v\u0259 \u0130ran da bu kateqoriyadad\u0131r v\u0259 m\u00fcvafiq olaraq 56-c\u0131 v\u0259 69-cu olublar.\n<\/p>\n<p>\n  T\u00fcrkiy\u0259 d\u0259 Az\u0259rbaycan kimi ingilis dilini \u00e7ox a\u015fa\u011f\u0131 (very low) s\u0259viyy\u0259d\u0259 bil\u0259n \u00f6lk\u0259l\u0259r s\u0131ras\u0131ndad\u0131r v\u0259 siyah\u0131da 79-cu yerd\u0259 q\u0259rarla\u015f\u0131b.\n<\/p>\n<p>\n  \u018fn a\u015fa\u011f\u0131 g\u00f6st\u0259ricil\u0259r S\u0259udiyy\u0259 \u018fr\u0259bistan\u0131 v\u0259 Q\u0131r\u011f\u0131z\u0131standa qeyd\u0259 al\u0131n\u0131b. Reytinqd\u0259 sonuncu yeri Liviya tutub.<\/p>\n","protected":false},"excerpt":{"rendered":"<p>D\u00fcnyada ingilis dilind\u0259 \u0259n yax\u015f\u0131 dan\u0131\u015fanlar Niderland v\u0259t\u0259nda\u015flar\u0131d\u0131r.<\/p>\n","protected":false},"author":11,"featured_media":132705,"comment_status":"closed","ping_status":"open","sticky":false,"template":"","format":"standard","meta":{"_acf_changed":false,"_sitemap_exclude":false,"_sitemap_priority":"","_sitemap_frequency":"","footnotes":""},"categories":[62],"tags":[],"class_list":["post-197811","post","type-post","status-publish","format-standard","has-post-thumbnail","hentry","category-sosial","infinite-scroll-item","generate-columns","tablet-grid-50","mobile-grid-100","grid-parent","grid-33","no-featured-image-padding"],"acf":[],"yoast_head":"<!-- This site is optimized with the Yoast SEO plugin v27.4 - https:\/\/yoast.com\/product\/yoast-seo-wordpress\/ -->\n<title>\u201cAz\u0259rbaycanda ingilis dilini bilm\u0259 s\u0259viyy\u0259si \u00e7ox a\u015fa\u011f\u0131d\u0131r\u201d - MEYDAN.TV<\/title>\n<meta name=\"robots\" content=\"index, follow, max-snippet:-1, max-image-preview:large, max-video-preview:-1\" \/>\n<link rel=\"canonical\" href=\"https:\/\/www.meydan.tv\/az\/article\/azerbaycanda-ingilis-dilini-bilme-seviyyesi-cox-asagidir\/\" \/>\n<meta property=\"og:locale\" content=\"az_AZ\" \/>\n<meta property=\"og:type\" content=\"article\" \/>\n<meta property=\"og:title\" content=\"\u201cAz\u0259rbaycanda ingilis dilini bilm\u0259 s\u0259viyy\u0259si \u00e7ox a\u015fa\u011f\u0131d\u0131r\u201d - MEYDAN.TV\" \/>\n<meta property=\"og:description\" content=\"D\u00fcnyada ingilis dilind\u0259 \u0259n yax\u015f\u0131 dan\u0131\u015fanlar Niderland v\u0259t\u0259nda\u015flar\u0131d\u0131r.\" \/>\n<meta property=\"og:url\" content=\"https:\/\/www.meydan.tv\/az\/article\/azerbaycanda-ingilis-dilini-bilme-seviyyesi-cox-asagidir\/\" \/>\n<meta property=\"og:site_name\" content=\"MEYDAN.TV\" \/>\n<meta property=\"article:published_time\" content=\"2019-11-06T10:36:58+00:00\" \/>\n<meta property=\"og:image\" content=\"https:\/\/www.meydan.tv\/wp-content\/uploads\/1477477844_beginning-eslhelpers.jpg\" \/>\n\t<meta property=\"og:image:width\" content=\"2550\" \/>\n\t<meta property=\"og:image:height\" content=\"1928\" \/>\n\t<meta property=\"og:image:type\" content=\"image\/jpeg\" \/>\n<meta name=\"author\" content=\"user-manager\" \/>\n<meta name=\"twitter:card\" content=\"summary_large_image\" \/>\n<script type=\"application\/ld+json\" class=\"yoast-schema-graph\">{\"@context\":\"https:\\\/\\\/schema.org\",\"@graph\":[{\"@type\":\"Article\",\"@id\":\"https:\\\/\\\/www.meydan.tv\\\/az\\\/article\\\/azerbaycanda-ingilis-dilini-bilme-seviyyesi-cox-asagidir\\\/#article\",\"isPartOf\":{\"@id\":\"https:\\\/\\\/www.meydan.tv\\\/az\\\/article\\\/azerbaycanda-ingilis-dilini-bilme-seviyyesi-cox-asagidir\\\/\"},\"author\":{\"name\":\"user-manager\",\"@id\":\"https:\\\/\\\/www.meydan.tv\\\/az\\\/#\\\/schema\\\/person\\\/10d11eccf6da3662cf5fdab9806ea91a\"},\"headline\":\"\u201cAz\u0259rbaycanda ingilis dilini bilm\u0259 s\u0259viyy\u0259si \u00e7ox a\u015fa\u011f\u0131d\u0131r\u201d\",\"datePublished\":\"2019-11-06T10:36:58+00:00\",\"mainEntityOfPage\":{\"@id\":\"https:\\\/\\\/www.meydan.tv\\\/az\\\/article\\\/azerbaycanda-ingilis-dilini-bilme-seviyyesi-cox-asagidir\\\/\"},\"wordCount\":302,\"publisher\":{\"@id\":\"https:\\\/\\\/www.meydan.tv\\\/az\\\/#organization\"},\"image\":{\"@id\":\"https:\\\/\\\/www.meydan.tv\\\/az\\\/article\\\/azerbaycanda-ingilis-dilini-bilme-seviyyesi-cox-asagidir\\\/#primaryimage\"},\"thumbnailUrl\":\"https:\\\/\\\/www.meydan.tv\\\/wp-content\\\/uploads\\\/1477477844_beginning-eslhelpers.jpg\",\"articleSection\":[\"Sosial\"],\"inLanguage\":\"az\"},{\"@type\":\"WebPage\",\"@id\":\"https:\\\/\\\/www.meydan.tv\\\/az\\\/article\\\/azerbaycanda-ingilis-dilini-bilme-seviyyesi-cox-asagidir\\\/\",\"url\":\"https:\\\/\\\/www.meydan.tv\\\/az\\\/article\\\/azerbaycanda-ingilis-dilini-bilme-seviyyesi-cox-asagidir\\\/\",\"name\":\"\u201cAz\u0259rbaycanda ingilis dilini bilm\u0259 s\u0259viyy\u0259si \u00e7ox a\u015fa\u011f\u0131d\u0131r\u201d - MEYDAN.TV\",\"isPartOf\":{\"@id\":\"https:\\\/\\\/www.meydan.tv\\\/az\\\/#website\"},\"primaryImageOfPage\":{\"@id\":\"https:\\\/\\\/www.meydan.tv\\\/az\\\/article\\\/azerbaycanda-ingilis-dilini-bilme-seviyyesi-cox-asagidir\\\/#primaryimage\"},\"image\":{\"@id\":\"https:\\\/\\\/www.meydan.tv\\\/az\\\/article\\\/azerbaycanda-ingilis-dilini-bilme-seviyyesi-cox-asagidir\\\/#primaryimage\"},\"thumbnailUrl\":\"https:\\\/\\\/www.meydan.tv\\\/wp-content\\\/uploads\\\/1477477844_beginning-eslhelpers.jpg\",\"datePublished\":\"2019-11-06T10:36:58+00:00\",\"breadcrumb\":{\"@id\":\"https:\\\/\\\/www.meydan.tv\\\/az\\\/article\\\/azerbaycanda-ingilis-dilini-bilme-seviyyesi-cox-asagidir\\\/#breadcrumb\"},\"inLanguage\":\"az\",\"potentialAction\":[{\"@type\":\"ReadAction\",\"target\":[\"https:\\\/\\\/www.meydan.tv\\\/az\\\/article\\\/azerbaycanda-ingilis-dilini-bilme-seviyyesi-cox-asagidir\\\/\"]}]},{\"@type\":\"ImageObject\",\"inLanguage\":\"az\",\"@id\":\"https:\\\/\\\/www.meydan.tv\\\/az\\\/article\\\/azerbaycanda-ingilis-dilini-bilme-seviyyesi-cox-asagidir\\\/#primaryimage\",\"url\":\"https:\\\/\\\/www.meydan.tv\\\/wp-content\\\/uploads\\\/1477477844_beginning-eslhelpers.jpg\",\"contentUrl\":\"https:\\\/\\\/www.meydan.tv\\\/wp-content\\\/uploads\\\/1477477844_beginning-eslhelpers.jpg\",\"width\":2550,\"height\":1928,\"caption\":\"Source: Foto: arxiv\"},{\"@type\":\"BreadcrumbList\",\"@id\":\"https:\\\/\\\/www.meydan.tv\\\/az\\\/article\\\/azerbaycanda-ingilis-dilini-bilme-seviyyesi-cox-asagidir\\\/#breadcrumb\",\"itemListElement\":[{\"@type\":\"ListItem\",\"position\":1,\"name\":\"Ana s\u0259hif\u0259\",\"item\":\"https:\\\/\\\/www.meydan.tv\\\/az\\\/\"},{\"@type\":\"ListItem\",\"position\":2,\"name\":\"Sosial\",\"item\":\"https:\\\/\\\/www.meydan.tv\\\/az\\\/section\\\/sosial\\\/\"},{\"@type\":\"ListItem\",\"position\":3,\"name\":\"\u201cAz\u0259rbaycanda ingilis dilini bilm\u0259 s\u0259viyy\u0259si \u00e7ox a\u015fa\u011f\u0131d\u0131r\u201d\"}]},{\"@type\":\"WebSite\",\"@id\":\"https:\\\/\\\/www.meydan.tv\\\/az\\\/#website\",\"url\":\"https:\\\/\\\/www.meydan.tv\\\/az\\\/\",\"name\":\"MEYDAN.TV\",\"description\":\"Meydan TV Az\u0259rbaycan\u0131n media m\u0259kan\u0131ndak\u0131 alternativ s\u0259sidir\",\"publisher\":{\"@id\":\"https:\\\/\\\/www.meydan.tv\\\/az\\\/#organization\"},\"potentialAction\":[{\"@type\":\"SearchAction\",\"target\":{\"@type\":\"EntryPoint\",\"urlTemplate\":\"https:\\\/\\\/www.meydan.tv\\\/az\\\/?s={search_term_string}\"},\"query-input\":{\"@type\":\"PropertyValueSpecification\",\"valueRequired\":true,\"valueName\":\"search_term_string\"}}],\"inLanguage\":\"az\"},{\"@type\":\"Organization\",\"@id\":\"https:\\\/\\\/www.meydan.tv\\\/az\\\/#organization\",\"name\":\"Meydan TV\",\"url\":\"https:\\\/\\\/www.meydan.tv\\\/az\\\/\",\"logo\":{\"@type\":\"ImageObject\",\"inLanguage\":\"az\",\"@id\":\"https:\\\/\\\/www.meydan.tv\\\/az\\\/#\\\/schema\\\/logo\\\/image\\\/\",\"url\":\"https:\\\/\\\/www.meydan.tv\\\/wp-content\\\/uploads\\\/2021\\\/07\\\/meydan-logo.svg\",\"contentUrl\":\"https:\\\/\\\/www.meydan.tv\\\/wp-content\\\/uploads\\\/2021\\\/07\\\/meydan-logo.svg\",\"width\":195,\"height\":46,\"caption\":\"Meydan TV\"},\"image\":{\"@id\":\"https:\\\/\\\/www.meydan.tv\\\/az\\\/#\\\/schema\\\/logo\\\/image\\\/\"}},{\"@type\":\"Person\",\"@id\":\"https:\\\/\\\/www.meydan.tv\\\/az\\\/#\\\/schema\\\/person\\\/10d11eccf6da3662cf5fdab9806ea91a\",\"name\":\"user-manager\"}]}<\/script>\n<!-- \/ Yoast SEO plugin. -->","yoast_head_json":{"title":"\u201cAz\u0259rbaycanda ingilis dilini bilm\u0259 s\u0259viyy\u0259si \u00e7ox a\u015fa\u011f\u0131d\u0131r\u201d - MEYDAN.TV","robots":{"index":"index","follow":"follow","max-snippet":"max-snippet:-1","max-image-preview":"max-image-preview:large","max-video-preview":"max-video-preview:-1"},"canonical":"https:\/\/www.meydan.tv\/az\/article\/azerbaycanda-ingilis-dilini-bilme-seviyyesi-cox-asagidir\/","og_locale":"az_AZ","og_type":"article","og_title":"\u201cAz\u0259rbaycanda ingilis dilini bilm\u0259 s\u0259viyy\u0259si \u00e7ox a\u015fa\u011f\u0131d\u0131r\u201d - MEYDAN.TV","og_description":"D\u00fcnyada ingilis dilind\u0259 \u0259n yax\u015f\u0131 dan\u0131\u015fanlar Niderland v\u0259t\u0259nda\u015flar\u0131d\u0131r.","og_url":"https:\/\/www.meydan.tv\/az\/article\/azerbaycanda-ingilis-dilini-bilme-seviyyesi-cox-asagidir\/","og_site_name":"MEYDAN.TV","article_published_time":"2019-11-06T10:36:58+00:00","og_image":[{"width":2550,"height":1928,"url":"https:\/\/www.meydan.tv\/wp-content\/uploads\/1477477844_beginning-eslhelpers.jpg","type":"image\/jpeg"}],"author":"user-manager","twitter_card":"summary_large_image","schema":{"@context":"https:\/\/schema.org","@graph":[{"@type":"Article","@id":"https:\/\/www.meydan.tv\/az\/article\/azerbaycanda-ingilis-dilini-bilme-seviyyesi-cox-asagidir\/#article","isPartOf":{"@id":"https:\/\/www.meydan.tv\/az\/article\/azerbaycanda-ingilis-dilini-bilme-seviyyesi-cox-asagidir\/"},"author":{"name":"user-manager","@id":"https:\/\/www.meydan.tv\/az\/#\/schema\/person\/10d11eccf6da3662cf5fdab9806ea91a"},"headline":"\u201cAz\u0259rbaycanda ingilis dilini bilm\u0259 s\u0259viyy\u0259si \u00e7ox a\u015fa\u011f\u0131d\u0131r\u201d","datePublished":"2019-11-06T10:36:58+00:00","mainEntityOfPage":{"@id":"https:\/\/www.meydan.tv\/az\/article\/azerbaycanda-ingilis-dilini-bilme-seviyyesi-cox-asagidir\/"},"wordCount":302,"publisher":{"@id":"https:\/\/www.meydan.tv\/az\/#organization"},"image":{"@id":"https:\/\/www.meydan.tv\/az\/article\/azerbaycanda-ingilis-dilini-bilme-seviyyesi-cox-asagidir\/#primaryimage"},"thumbnailUrl":"https:\/\/www.meydan.tv\/wp-content\/uploads\/1477477844_beginning-eslhelpers.jpg","articleSection":["Sosial"],"inLanguage":"az"},{"@type":"WebPage","@id":"https:\/\/www.meydan.tv\/az\/article\/azerbaycanda-ingilis-dilini-bilme-seviyyesi-cox-asagidir\/","url":"https:\/\/www.meydan.tv\/az\/article\/azerbaycanda-ingilis-dilini-bilme-seviyyesi-cox-asagidir\/","name":"\u201cAz\u0259rbaycanda ingilis dilini bilm\u0259 s\u0259viyy\u0259si \u00e7ox a\u015fa\u011f\u0131d\u0131r\u201d - MEYDAN.TV","isPartOf":{"@id":"https:\/\/www.meydan.tv\/az\/#website"},"primaryImageOfPage":{"@id":"https:\/\/www.meydan.tv\/az\/article\/azerbaycanda-ingilis-dilini-bilme-seviyyesi-cox-asagidir\/#primaryimage"},"image":{"@id":"https:\/\/www.meydan.tv\/az\/article\/azerbaycanda-ingilis-dilini-bilme-seviyyesi-cox-asagidir\/#primaryimage"},"thumbnailUrl":"https:\/\/www.meydan.tv\/wp-content\/uploads\/1477477844_beginning-eslhelpers.jpg","datePublished":"2019-11-06T10:36:58+00:00","breadcrumb":{"@id":"https:\/\/www.meydan.tv\/az\/article\/azerbaycanda-ingilis-dilini-bilme-seviyyesi-cox-asagidir\/#breadcrumb"},"inLanguage":"az","potentialAction":[{"@type":"ReadAction","target":["https:\/\/www.meydan.tv\/az\/article\/azerbaycanda-ingilis-dilini-bilme-seviyyesi-cox-asagidir\/"]}]},{"@type":"ImageObject","inLanguage":"az","@id":"https:\/\/www.meydan.tv\/az\/article\/azerbaycanda-ingilis-dilini-bilme-seviyyesi-cox-asagidir\/#primaryimage","url":"https:\/\/www.meydan.tv\/wp-content\/uploads\/1477477844_beginning-eslhelpers.jpg","contentUrl":"https:\/\/www.meydan.tv\/wp-content\/uploads\/1477477844_beginning-eslhelpers.jpg","width":2550,"height":1928,"caption":"Source: Foto: arxiv"},{"@type":"BreadcrumbList","@id":"https:\/\/www.meydan.tv\/az\/article\/azerbaycanda-ingilis-dilini-bilme-seviyyesi-cox-asagidir\/#breadcrumb","itemListElement":[{"@type":"ListItem","position":1,"name":"Ana s\u0259hif\u0259","item":"https:\/\/www.meydan.tv\/az\/"},{"@type":"ListItem","position":2,"name":"Sosial","item":"https:\/\/www.meydan.tv\/az\/section\/sosial\/"},{"@type":"ListItem","position":3,"name":"\u201cAz\u0259rbaycanda ingilis dilini bilm\u0259 s\u0259viyy\u0259si \u00e7ox a\u015fa\u011f\u0131d\u0131r\u201d"}]},{"@type":"WebSite","@id":"https:\/\/www.meydan.tv\/az\/#website","url":"https:\/\/www.meydan.tv\/az\/","name":"MEYDAN.TV","description":"Meydan TV Az\u0259rbaycan\u0131n media m\u0259kan\u0131ndak\u0131 alternativ s\u0259sidir","publisher":{"@id":"https:\/\/www.meydan.tv\/az\/#organization"},"potentialAction":[{"@type":"SearchAction","target":{"@type":"EntryPoint","urlTemplate":"https:\/\/www.meydan.tv\/az\/?s={search_term_string}"},"query-input":{"@type":"PropertyValueSpecification","valueRequired":true,"valueName":"search_term_string"}}],"inLanguage":"az"},{"@type":"Organization","@id":"https:\/\/www.meydan.tv\/az\/#organization","name":"Meydan TV","url":"https:\/\/www.meydan.tv\/az\/","logo":{"@type":"ImageObject","inLanguage":"az","@id":"https:\/\/www.meydan.tv\/az\/#\/schema\/logo\/image\/","url":"https:\/\/www.meydan.tv\/wp-content\/uploads\/2021\/07\/meydan-logo.svg","contentUrl":"https:\/\/www.meydan.tv\/wp-content\/uploads\/2021\/07\/meydan-logo.svg","width":195,"height":46,"caption":"Meydan TV"},"image":{"@id":"https:\/\/www.meydan.tv\/az\/#\/schema\/logo\/image\/"}},{"@type":"Person","@id":"https:\/\/www.meydan.tv\/az\/#\/schema\/person\/10d11eccf6da3662cf5fdab9806ea91a","name":"user-manager"}]}},"_links":{"self":[{"href":"https:\/\/www.meydan.tv\/az\/wp-json\/wp\/v2\/posts\/197811","targetHints":{"allow":["GET"]}}],"collection":[{"href":"https:\/\/www.meydan.tv\/az\/wp-json\/wp\/v2\/posts"}],"about":[{"href":"https:\/\/www.meydan.tv\/az\/wp-json\/wp\/v2\/types\/post"}],"author":[{"embeddable":true,"href":"https:\/\/www.meydan.tv\/az\/wp-json\/wp\/v2\/users\/11"}],"replies":[{"embeddable":true,"href":"https:\/\/www.meydan.tv\/az\/wp-json\/wp\/v2\/comments?post=197811"}],"version-history":[{"count":0,"href":"https:\/\/www.meydan.tv\/az\/wp-json\/wp\/v2\/posts\/197811\/revisions"}],"wp:featuredmedia":[{"embeddable":true,"href":"https:\/\/www.meydan.tv\/az\/wp-json\/wp\/v2\/media\/132705"}],"wp:attachment":[{"href":"https:\/\/www.meydan.tv\/az\/wp-json\/wp\/v2\/media?parent=197811"}],"wp:term":[{"taxonomy":"category","embeddable":true,"href":"https:\/\/www.meydan.tv\/az\/wp-json\/wp\/v2\/categories?post=197811"},{"taxonomy":"post_tag","embeddable":true,"href":"https:\/\/www.meydan.tv\/az\/wp-json\/wp\/v2\/tags?post=197811"}],"curies":[{"name":"wp","href":"https:\/\/api.w.org\/{rel}","templated":true}]}}