{"id":197806,"date":"2019-11-05T19:28:53","date_gmt":"2019-11-05T19:28:53","guid":{"rendered":"https:\/\/www.meydan.tv\/article\/erdogan-kurd-silahlilarinin-suriyanin-simalindan-cixmadigini-deyib\/"},"modified":"2019-11-05T19:28:53","modified_gmt":"2019-11-05T19:28:53","slug":"erdogan-kurd-silahlilarinin-suriyanin-simalindan-cixmadigini-deyib","status":"publish","type":"post","link":"https:\/\/www.meydan.tv\/az\/article\/erdogan-kurd-silahlilarinin-suriyanin-simalindan-cixmadigini-deyib\/","title":{"rendered":"\u018frdo\u011fan k\u00fcrd silahl\u0131lar\u0131n\u0131n Suriyan\u0131n \u015fimal\u0131ndan \u00e7\u0131xmad\u0131\u011f\u0131n\u0131 deyib"},"content":{"rendered":"<p>\n  <i><br \/>\n    Prezident \u00e7\u0131x\u0131\u015f ed\u0259rk\u0259n zirehli texnikalarla t\u00fcrk v\u0259 rus \u0259sg\u0259rl\u0259ri Suriyan\u0131n \u015fimal\u0131nda ikinci s\u0259rh\u0259d patrulunu h\u0259yata ke\u00e7irib<br \/>\n  <\/i>\n<\/p>\n<p>\n  T\u00fcrkiy\u0259 prezidenti R\u0259c\u0259b Tayyib \u018frdo\u011fan \u00e7\u0259r\u015f\u0259nb\u0259 ax\u015fam\u0131 deyib ki, K\u00fcrd YPG silahl\u0131lar\u0131 Suriyan\u0131n b\u0259zi s\u0259rh\u0259d b\u00f6lg\u0259l\u0259rind\u0259n geri \u00e7\u0259kilm\u0259yib v\u0259 AB\u015e-la aralar\u0131nda olan raz\u0131la\u015fmaya baxmayaraq, Va\u015finqtonun yen\u0259 d\u0259 qrupla birlikd\u0259 patrul i\u015fl\u0259ri apar\u0131r, &#8211; \u201cReuters\u201d x\u0259b\u0259r verir.\n<\/p>\n<p>\n  \u018frdo\u011fan \u00e7\u0131x\u0131\u015f ed\u0259rk\u0259n zirehli texnikalarla t\u00fcrk v\u0259 rus \u0259sg\u0259rl\u0259ri Suriyan\u0131n \u015fimal\u0131nda ikinci s\u0259rh\u0259d patrulunu h\u0259yata ke\u00e7irib. M\u0259qs\u0259d Kobani \u015f\u0259h\u0259ri yax\u0131nl\u0131\u011f\u0131nda m\u00f6vcud olan YPG silahl\u0131lar\u0131n\u0131 T\u00fcrkiy\u0259 s\u0259rh\u0259dind\u0259n 30 km uzaql\u0131\u011fa aparmaqd\u0131r.\n<\/p>\n<p>\n  T\u0259xmin\u0259n bir ay \u0259vv\u0259l T\u00fcrkiy\u0259 Suriyan\u0131n s\u0259rh\u0259d boyunca 120 km \u0259raziy\u0259 n\u0259zar\u0259ti \u0259l\u0259 ke\u00e7irm\u0259k m\u0259qs\u0259diyl\u0259 k\u00fcrd YPG d\u00f6y\u00fc\u015f\u00e7\u00fcl\u0259rin\u0259 qar\u015f\u0131 h\u00fccuma ba\u015flad\u0131.\n<\/p>\n<p>\n  Bundan sonra T\u00fcrkiy\u0259 AB\u015e v\u0259 Rusiya il\u0259 YPG-nin b\u00f6lg\u0259d\u0259 yaratma\u011f\u0131 planla\u015fd\u0131rd\u0131\u011f\u0131 \u201ct\u0259hl\u00fck\u0259siz zonadan\u201d \u00e7\u0131xmas\u0131 \u00fc\u00e7\u00fcn v\u0259 Ankaran\u0131n qrupa qar\u015f\u0131 h\u00fccumunu dayand\u0131rmas\u0131 \u00fc\u00e7\u00fcn iki ayr\u0131 raz\u0131la\u015fma \u0259ld\u0259 etdi.\n<\/p>\n<p>\n  Va\u015finqton v\u0259 Moskva d\u00f6y\u00fc\u015f\u00e7\u00fcl\u0259rin s\u0259rh\u0259d b\u00f6lg\u0259sini t\u0259rk etdiyini s\u00f6yl\u0259s\u0259 d\u0259, \u018frdo\u011fan bunun bel\u0259 olmad\u0131\u011f\u0131n\u0131 deyir.\n<\/p>\n<p>\n  \u201cBu \u0259razil\u0259r terror\u00e7ulardan t\u0259mizl\u0259nm\u0259yib. Terror\u00e7ular n\u0259 Tel Rifaat, n\u0259 d\u0259 Manbijd\u0259n \u00e7\u0131x\u0131b\u201d,- \u018frdo\u011fan bildirib.\n<\/p>\n<p>\n  Onlar h\u0259m\u00e7inin Ras al Ain \u015f\u0259h\u0259rinin \u015f\u0259rqind\u0259 qalmaqdad\u0131rlar, \u018frdo\u011fan parlamentd\u0259 \u00e7\u0131x\u0131\u015f\u0131 zaman\u0131 qeyd edib. O deyib ki, T\u00fcrkiy\u0259 sazi\u015fl\u0259r\u0259 o zaman \u0259m\u0259l ed\u0259c\u0259k ki, Va\u015finqton v\u0259 Moskva raz\u0131la\u015fmaya sadiq qalacaq.\n<\/p>\n<p>\n  Ankara YPG-ni 1984-c\u00fc ild\u0259n b\u0259ri T\u00fcrkiy\u0259nin c\u0259nub-\u015f\u0259rqind\u0259 \u00fcsyan qald\u0131ran silahl\u0131 PKK il\u0259 \u0259laq\u0259l\u0259rin\u0259 g\u00f6r\u0259 terror\u00e7u qrup hesab edir. AB\u015e-\u0131n \u0130slam D\u00f6vl\u0259tin\u0259 qar\u015f\u0131 m\u00fcbariz\u0259d\u0259 \u0259sas m\u00fctt\u0259fiqi olan YPG-y\u0259 verdiyi d\u0259st\u0259k T\u00fcrkiy\u0259ni h\u0259r zaman q\u0259z\u0259bl\u0259ndirib.\n<\/p>\n<p>\n  \u00c7\u0259r\u015f\u0259nb\u0259 ax\u015fam\u0131 g\u00fcn\u00fc \u201cMetropoll\u201d t\u0259r\u0259find\u0259n edil\u0259n ara\u015fd\u0131rma t\u00fcrkl\u0259rin \u00f6t\u0259n ay ba\u015flam\u0131\u015f Suriya \u0259m\u0259liyyat\u0131ndan sonra \u018frdo\u011fana d\u0259st\u0259yin artd\u0131\u011f\u0131n\u0131 g\u00f6st\u0259rib.<\/p>\n","protected":false},"excerpt":{"rendered":"<p>T\u0259xmin\u0259n bir ay \u0259vv\u0259l T\u00fcrkiy\u0259 Suriyan\u0131n s\u0259rh\u0259d boyunca 120 km \u0259raziy\u0259 n\u0259zar\u0259ti \u0259l\u0259 ke\u00e7irm\u0259k m\u0259qs\u0259diyl\u0259 k\u00fcrd YPG d\u00f6y\u00fc\u015f\u00e7\u00fcl\u0259rin\u0259 qar\u015f\u0131 h\u00fccuma ba\u015flad\u0131.<\/p>\n","protected":false},"author":11,"featured_media":119681,"comment_status":"closed","ping_status":"open","sticky":false,"template":"","format":"standard","meta":{"_acf_changed":false,"_sitemap_exclude":false,"_sitemap_priority":"","_sitemap_frequency":"","footnotes":""},"categories":[64],"tags":[],"class_list":["post-197806","post","type-post","status-publish","format-standard","has-post-thumbnail","hentry","category-dunya","infinite-scroll-item","generate-columns","tablet-grid-50","mobile-grid-100","grid-parent","grid-33","no-featured-image-padding"],"acf":[],"yoast_head":"<!-- This site is optimized with the Yoast SEO plugin v27.5 - https:\/\/yoast.com\/product\/yoast-seo-wordpress\/ -->\n<title>\u018frdo\u011fan k\u00fcrd silahl\u0131lar\u0131n\u0131n Suriyan\u0131n \u015fimal\u0131ndan \u00e7\u0131xmad\u0131\u011f\u0131n\u0131 deyib - MEYDAN.TV<\/title>\n<meta name=\"robots\" content=\"index, follow, max-snippet:-1, max-image-preview:large, max-video-preview:-1\" \/>\n<link rel=\"canonical\" href=\"https:\/\/www.meydan.tv\/az\/article\/erdogan-kurd-silahlilarinin-suriyanin-simalindan-cixmadigini-deyib\/\" \/>\n<meta property=\"og:locale\" content=\"az_AZ\" \/>\n<meta property=\"og:type\" content=\"article\" \/>\n<meta property=\"og:title\" content=\"\u018frdo\u011fan k\u00fcrd silahl\u0131lar\u0131n\u0131n Suriyan\u0131n \u015fimal\u0131ndan \u00e7\u0131xmad\u0131\u011f\u0131n\u0131 deyib - MEYDAN.TV\" \/>\n<meta property=\"og:description\" content=\"T\u0259xmin\u0259n bir ay \u0259vv\u0259l T\u00fcrkiy\u0259 Suriyan\u0131n s\u0259rh\u0259d boyunca 120 km \u0259raziy\u0259 n\u0259zar\u0259ti \u0259l\u0259 ke\u00e7irm\u0259k m\u0259qs\u0259diyl\u0259 k\u00fcrd YPG d\u00f6y\u00fc\u015f\u00e7\u00fcl\u0259rin\u0259 qar\u015f\u0131 h\u00fccuma ba\u015flad\u0131.\" \/>\n<meta property=\"og:url\" content=\"https:\/\/www.meydan.tv\/az\/article\/erdogan-kurd-silahlilarinin-suriyanin-simalindan-cixmadigini-deyib\/\" \/>\n<meta property=\"og:site_name\" content=\"MEYDAN.TV\" \/>\n<meta property=\"article:published_time\" content=\"2019-11-05T19:28:53+00:00\" \/>\n<meta property=\"og:image\" content=\"https:\/\/www.meydan.tv\/wp-content\/uploads\/download.jpeg\" \/>\n\t<meta property=\"og:image:width\" content=\"2290\" \/>\n\t<meta property=\"og:image:height\" content=\"1322\" \/>\n\t<meta property=\"og:image:type\" content=\"image\/jpeg\" \/>\n<meta name=\"author\" content=\"user-manager\" \/>\n<meta name=\"twitter:card\" content=\"summary_large_image\" \/>\n<script type=\"application\/ld+json\" class=\"yoast-schema-graph\">{\"@context\":\"https:\\\/\\\/schema.org\",\"@graph\":[{\"@type\":\"Article\",\"@id\":\"https:\\\/\\\/www.meydan.tv\\\/az\\\/article\\\/erdogan-kurd-silahlilarinin-suriyanin-simalindan-cixmadigini-deyib\\\/#article\",\"isPartOf\":{\"@id\":\"https:\\\/\\\/www.meydan.tv\\\/az\\\/article\\\/erdogan-kurd-silahlilarinin-suriyanin-simalindan-cixmadigini-deyib\\\/\"},\"author\":{\"name\":\"user-manager\",\"@id\":\"https:\\\/\\\/www.meydan.tv\\\/az\\\/#\\\/schema\\\/person\\\/10d11eccf6da3662cf5fdab9806ea91a\"},\"headline\":\"\u018frdo\u011fan k\u00fcrd silahl\u0131lar\u0131n\u0131n Suriyan\u0131n \u015fimal\u0131ndan \u00e7\u0131xmad\u0131\u011f\u0131n\u0131 deyib\",\"datePublished\":\"2019-11-05T19:28:53+00:00\",\"mainEntityOfPage\":{\"@id\":\"https:\\\/\\\/www.meydan.tv\\\/az\\\/article\\\/erdogan-kurd-silahlilarinin-suriyanin-simalindan-cixmadigini-deyib\\\/\"},\"wordCount\":434,\"publisher\":{\"@id\":\"https:\\\/\\\/www.meydan.tv\\\/az\\\/#organization\"},\"image\":{\"@id\":\"https:\\\/\\\/www.meydan.tv\\\/az\\\/article\\\/erdogan-kurd-silahlilarinin-suriyanin-simalindan-cixmadigini-deyib\\\/#primaryimage\"},\"thumbnailUrl\":\"https:\\\/\\\/www.meydan.tv\\\/wp-content\\\/uploads\\\/download.jpeg\",\"articleSection\":[\"D\u00fcnya\"],\"inLanguage\":\"az\"},{\"@type\":\"WebPage\",\"@id\":\"https:\\\/\\\/www.meydan.tv\\\/az\\\/article\\\/erdogan-kurd-silahlilarinin-suriyanin-simalindan-cixmadigini-deyib\\\/\",\"url\":\"https:\\\/\\\/www.meydan.tv\\\/az\\\/article\\\/erdogan-kurd-silahlilarinin-suriyanin-simalindan-cixmadigini-deyib\\\/\",\"name\":\"\u018frdo\u011fan k\u00fcrd silahl\u0131lar\u0131n\u0131n Suriyan\u0131n \u015fimal\u0131ndan \u00e7\u0131xmad\u0131\u011f\u0131n\u0131 deyib - MEYDAN.TV\",\"isPartOf\":{\"@id\":\"https:\\\/\\\/www.meydan.tv\\\/az\\\/#website\"},\"primaryImageOfPage\":{\"@id\":\"https:\\\/\\\/www.meydan.tv\\\/az\\\/article\\\/erdogan-kurd-silahlilarinin-suriyanin-simalindan-cixmadigini-deyib\\\/#primaryimage\"},\"image\":{\"@id\":\"https:\\\/\\\/www.meydan.tv\\\/az\\\/article\\\/erdogan-kurd-silahlilarinin-suriyanin-simalindan-cixmadigini-deyib\\\/#primaryimage\"},\"thumbnailUrl\":\"https:\\\/\\\/www.meydan.tv\\\/wp-content\\\/uploads\\\/download.jpeg\",\"datePublished\":\"2019-11-05T19:28:53+00:00\",\"breadcrumb\":{\"@id\":\"https:\\\/\\\/www.meydan.tv\\\/az\\\/article\\\/erdogan-kurd-silahlilarinin-suriyanin-simalindan-cixmadigini-deyib\\\/#breadcrumb\"},\"inLanguage\":\"az\",\"potentialAction\":[{\"@type\":\"ReadAction\",\"target\":[\"https:\\\/\\\/www.meydan.tv\\\/az\\\/article\\\/erdogan-kurd-silahlilarinin-suriyanin-simalindan-cixmadigini-deyib\\\/\"]}]},{\"@type\":\"ImageObject\",\"inLanguage\":\"az\",\"@id\":\"https:\\\/\\\/www.meydan.tv\\\/az\\\/article\\\/erdogan-kurd-silahlilarinin-suriyanin-simalindan-cixmadigini-deyib\\\/#primaryimage\",\"url\":\"https:\\\/\\\/www.meydan.tv\\\/wp-content\\\/uploads\\\/download.jpeg\",\"contentUrl\":\"https:\\\/\\\/www.meydan.tv\\\/wp-content\\\/uploads\\\/download.jpeg\",\"width\":2290,\"height\":1322,\"caption\":\"Source: Meydan TV\"},{\"@type\":\"BreadcrumbList\",\"@id\":\"https:\\\/\\\/www.meydan.tv\\\/az\\\/article\\\/erdogan-kurd-silahlilarinin-suriyanin-simalindan-cixmadigini-deyib\\\/#breadcrumb\",\"itemListElement\":[{\"@type\":\"ListItem\",\"position\":1,\"name\":\"Ana s\u0259hif\u0259\",\"item\":\"https:\\\/\\\/www.meydan.tv\\\/az\\\/\"},{\"@type\":\"ListItem\",\"position\":2,\"name\":\"D\u00fcnya\",\"item\":\"https:\\\/\\\/www.meydan.tv\\\/az\\\/section\\\/dunya\\\/\"},{\"@type\":\"ListItem\",\"position\":3,\"name\":\"\u018frdo\u011fan k\u00fcrd silahl\u0131lar\u0131n\u0131n Suriyan\u0131n \u015fimal\u0131ndan \u00e7\u0131xmad\u0131\u011f\u0131n\u0131 deyib\"}]},{\"@type\":\"WebSite\",\"@id\":\"https:\\\/\\\/www.meydan.tv\\\/az\\\/#website\",\"url\":\"https:\\\/\\\/www.meydan.tv\\\/az\\\/\",\"name\":\"MEYDAN.TV\",\"description\":\"Meydan TV Az\u0259rbaycan\u0131n media m\u0259kan\u0131ndak\u0131 alternativ s\u0259sidir\",\"publisher\":{\"@id\":\"https:\\\/\\\/www.meydan.tv\\\/az\\\/#organization\"},\"potentialAction\":[{\"@type\":\"SearchAction\",\"target\":{\"@type\":\"EntryPoint\",\"urlTemplate\":\"https:\\\/\\\/www.meydan.tv\\\/az\\\/?s={search_term_string}\"},\"query-input\":{\"@type\":\"PropertyValueSpecification\",\"valueRequired\":true,\"valueName\":\"search_term_string\"}}],\"inLanguage\":\"az\"},{\"@type\":\"Organization\",\"@id\":\"https:\\\/\\\/www.meydan.tv\\\/az\\\/#organization\",\"name\":\"Meydan TV\",\"url\":\"https:\\\/\\\/www.meydan.tv\\\/az\\\/\",\"logo\":{\"@type\":\"ImageObject\",\"inLanguage\":\"az\",\"@id\":\"https:\\\/\\\/www.meydan.tv\\\/az\\\/#\\\/schema\\\/logo\\\/image\\\/\",\"url\":\"https:\\\/\\\/www.meydan.tv\\\/wp-content\\\/uploads\\\/2021\\\/07\\\/meydan-logo.svg\",\"contentUrl\":\"https:\\\/\\\/www.meydan.tv\\\/wp-content\\\/uploads\\\/2021\\\/07\\\/meydan-logo.svg\",\"width\":195,\"height\":46,\"caption\":\"Meydan TV\"},\"image\":{\"@id\":\"https:\\\/\\\/www.meydan.tv\\\/az\\\/#\\\/schema\\\/logo\\\/image\\\/\"}},{\"@type\":\"Person\",\"@id\":\"https:\\\/\\\/www.meydan.tv\\\/az\\\/#\\\/schema\\\/person\\\/10d11eccf6da3662cf5fdab9806ea91a\",\"name\":\"user-manager\"}]}<\/script>\n<!-- \/ Yoast SEO plugin. -->","yoast_head_json":{"title":"\u018frdo\u011fan k\u00fcrd silahl\u0131lar\u0131n\u0131n Suriyan\u0131n \u015fimal\u0131ndan \u00e7\u0131xmad\u0131\u011f\u0131n\u0131 deyib - MEYDAN.TV","robots":{"index":"index","follow":"follow","max-snippet":"max-snippet:-1","max-image-preview":"max-image-preview:large","max-video-preview":"max-video-preview:-1"},"canonical":"https:\/\/www.meydan.tv\/az\/article\/erdogan-kurd-silahlilarinin-suriyanin-simalindan-cixmadigini-deyib\/","og_locale":"az_AZ","og_type":"article","og_title":"\u018frdo\u011fan k\u00fcrd silahl\u0131lar\u0131n\u0131n Suriyan\u0131n \u015fimal\u0131ndan \u00e7\u0131xmad\u0131\u011f\u0131n\u0131 deyib - MEYDAN.TV","og_description":"T\u0259xmin\u0259n bir ay \u0259vv\u0259l T\u00fcrkiy\u0259 Suriyan\u0131n s\u0259rh\u0259d boyunca 120 km \u0259raziy\u0259 n\u0259zar\u0259ti \u0259l\u0259 ke\u00e7irm\u0259k m\u0259qs\u0259diyl\u0259 k\u00fcrd YPG d\u00f6y\u00fc\u015f\u00e7\u00fcl\u0259rin\u0259 qar\u015f\u0131 h\u00fccuma ba\u015flad\u0131.","og_url":"https:\/\/www.meydan.tv\/az\/article\/erdogan-kurd-silahlilarinin-suriyanin-simalindan-cixmadigini-deyib\/","og_site_name":"MEYDAN.TV","article_published_time":"2019-11-05T19:28:53+00:00","og_image":[{"width":2290,"height":1322,"url":"https:\/\/www.meydan.tv\/wp-content\/uploads\/download.jpeg","type":"image\/jpeg"}],"author":"user-manager","twitter_card":"summary_large_image","schema":{"@context":"https:\/\/schema.org","@graph":[{"@type":"Article","@id":"https:\/\/www.meydan.tv\/az\/article\/erdogan-kurd-silahlilarinin-suriyanin-simalindan-cixmadigini-deyib\/#article","isPartOf":{"@id":"https:\/\/www.meydan.tv\/az\/article\/erdogan-kurd-silahlilarinin-suriyanin-simalindan-cixmadigini-deyib\/"},"author":{"name":"user-manager","@id":"https:\/\/www.meydan.tv\/az\/#\/schema\/person\/10d11eccf6da3662cf5fdab9806ea91a"},"headline":"\u018frdo\u011fan k\u00fcrd silahl\u0131lar\u0131n\u0131n Suriyan\u0131n \u015fimal\u0131ndan \u00e7\u0131xmad\u0131\u011f\u0131n\u0131 deyib","datePublished":"2019-11-05T19:28:53+00:00","mainEntityOfPage":{"@id":"https:\/\/www.meydan.tv\/az\/article\/erdogan-kurd-silahlilarinin-suriyanin-simalindan-cixmadigini-deyib\/"},"wordCount":434,"publisher":{"@id":"https:\/\/www.meydan.tv\/az\/#organization"},"image":{"@id":"https:\/\/www.meydan.tv\/az\/article\/erdogan-kurd-silahlilarinin-suriyanin-simalindan-cixmadigini-deyib\/#primaryimage"},"thumbnailUrl":"https:\/\/www.meydan.tv\/wp-content\/uploads\/download.jpeg","articleSection":["D\u00fcnya"],"inLanguage":"az"},{"@type":"WebPage","@id":"https:\/\/www.meydan.tv\/az\/article\/erdogan-kurd-silahlilarinin-suriyanin-simalindan-cixmadigini-deyib\/","url":"https:\/\/www.meydan.tv\/az\/article\/erdogan-kurd-silahlilarinin-suriyanin-simalindan-cixmadigini-deyib\/","name":"\u018frdo\u011fan k\u00fcrd silahl\u0131lar\u0131n\u0131n Suriyan\u0131n \u015fimal\u0131ndan \u00e7\u0131xmad\u0131\u011f\u0131n\u0131 deyib - MEYDAN.TV","isPartOf":{"@id":"https:\/\/www.meydan.tv\/az\/#website"},"primaryImageOfPage":{"@id":"https:\/\/www.meydan.tv\/az\/article\/erdogan-kurd-silahlilarinin-suriyanin-simalindan-cixmadigini-deyib\/#primaryimage"},"image":{"@id":"https:\/\/www.meydan.tv\/az\/article\/erdogan-kurd-silahlilarinin-suriyanin-simalindan-cixmadigini-deyib\/#primaryimage"},"thumbnailUrl":"https:\/\/www.meydan.tv\/wp-content\/uploads\/download.jpeg","datePublished":"2019-11-05T19:28:53+00:00","breadcrumb":{"@id":"https:\/\/www.meydan.tv\/az\/article\/erdogan-kurd-silahlilarinin-suriyanin-simalindan-cixmadigini-deyib\/#breadcrumb"},"inLanguage":"az","potentialAction":[{"@type":"ReadAction","target":["https:\/\/www.meydan.tv\/az\/article\/erdogan-kurd-silahlilarinin-suriyanin-simalindan-cixmadigini-deyib\/"]}]},{"@type":"ImageObject","inLanguage":"az","@id":"https:\/\/www.meydan.tv\/az\/article\/erdogan-kurd-silahlilarinin-suriyanin-simalindan-cixmadigini-deyib\/#primaryimage","url":"https:\/\/www.meydan.tv\/wp-content\/uploads\/download.jpeg","contentUrl":"https:\/\/www.meydan.tv\/wp-content\/uploads\/download.jpeg","width":2290,"height":1322,"caption":"Source: Meydan TV"},{"@type":"BreadcrumbList","@id":"https:\/\/www.meydan.tv\/az\/article\/erdogan-kurd-silahlilarinin-suriyanin-simalindan-cixmadigini-deyib\/#breadcrumb","itemListElement":[{"@type":"ListItem","position":1,"name":"Ana s\u0259hif\u0259","item":"https:\/\/www.meydan.tv\/az\/"},{"@type":"ListItem","position":2,"name":"D\u00fcnya","item":"https:\/\/www.meydan.tv\/az\/section\/dunya\/"},{"@type":"ListItem","position":3,"name":"\u018frdo\u011fan k\u00fcrd silahl\u0131lar\u0131n\u0131n Suriyan\u0131n \u015fimal\u0131ndan \u00e7\u0131xmad\u0131\u011f\u0131n\u0131 deyib"}]},{"@type":"WebSite","@id":"https:\/\/www.meydan.tv\/az\/#website","url":"https:\/\/www.meydan.tv\/az\/","name":"MEYDAN.TV","description":"Meydan TV Az\u0259rbaycan\u0131n media m\u0259kan\u0131ndak\u0131 alternativ s\u0259sidir","publisher":{"@id":"https:\/\/www.meydan.tv\/az\/#organization"},"potentialAction":[{"@type":"SearchAction","target":{"@type":"EntryPoint","urlTemplate":"https:\/\/www.meydan.tv\/az\/?s={search_term_string}"},"query-input":{"@type":"PropertyValueSpecification","valueRequired":true,"valueName":"search_term_string"}}],"inLanguage":"az"},{"@type":"Organization","@id":"https:\/\/www.meydan.tv\/az\/#organization","name":"Meydan TV","url":"https:\/\/www.meydan.tv\/az\/","logo":{"@type":"ImageObject","inLanguage":"az","@id":"https:\/\/www.meydan.tv\/az\/#\/schema\/logo\/image\/","url":"https:\/\/www.meydan.tv\/wp-content\/uploads\/2021\/07\/meydan-logo.svg","contentUrl":"https:\/\/www.meydan.tv\/wp-content\/uploads\/2021\/07\/meydan-logo.svg","width":195,"height":46,"caption":"Meydan TV"},"image":{"@id":"https:\/\/www.meydan.tv\/az\/#\/schema\/logo\/image\/"}},{"@type":"Person","@id":"https:\/\/www.meydan.tv\/az\/#\/schema\/person\/10d11eccf6da3662cf5fdab9806ea91a","name":"user-manager"}]}},"_links":{"self":[{"href":"https:\/\/www.meydan.tv\/az\/wp-json\/wp\/v2\/posts\/197806","targetHints":{"allow":["GET"]}}],"collection":[{"href":"https:\/\/www.meydan.tv\/az\/wp-json\/wp\/v2\/posts"}],"about":[{"href":"https:\/\/www.meydan.tv\/az\/wp-json\/wp\/v2\/types\/post"}],"author":[{"embeddable":true,"href":"https:\/\/www.meydan.tv\/az\/wp-json\/wp\/v2\/users\/11"}],"replies":[{"embeddable":true,"href":"https:\/\/www.meydan.tv\/az\/wp-json\/wp\/v2\/comments?post=197806"}],"version-history":[{"count":0,"href":"https:\/\/www.meydan.tv\/az\/wp-json\/wp\/v2\/posts\/197806\/revisions"}],"wp:featuredmedia":[{"embeddable":true,"href":"https:\/\/www.meydan.tv\/az\/wp-json\/wp\/v2\/media\/119681"}],"wp:attachment":[{"href":"https:\/\/www.meydan.tv\/az\/wp-json\/wp\/v2\/media?parent=197806"}],"wp:term":[{"taxonomy":"category","embeddable":true,"href":"https:\/\/www.meydan.tv\/az\/wp-json\/wp\/v2\/categories?post=197806"},{"taxonomy":"post_tag","embeddable":true,"href":"https:\/\/www.meydan.tv\/az\/wp-json\/wp\/v2\/tags?post=197806"}],"curies":[{"name":"wp","href":"https:\/\/api.w.org\/{rel}","templated":true}]}}