{"id":197805,"date":"2019-11-05T19:20:31","date_gmt":"2019-11-05T19:20:31","guid":{"rendered":"https:\/\/www.meydan.tv\/article\/leyboristler-consonun-brexit-planini-tetcerizme-donus-adlandirib\/"},"modified":"2019-11-05T19:20:31","modified_gmt":"2019-11-05T19:20:31","slug":"leyboristler-consonun-brexit-planini-tetcerizme-donus-adlandirib","status":"publish","type":"post","link":"https:\/\/www.meydan.tv\/az\/article\/leyboristler-consonun-brexit-planini-tetcerizme-donus-adlandirib\/","title":{"rendered":"Leyboristl\u0259r Consonun Brexit plan\u0131n\u0131 \u201cTet\u00e7erizm\u0259 d\u00f6n\u00fc\u015f\u201d adland\u0131r\u0131b"},"content":{"rendered":"<p>\n  <i><br \/>\n    &quot;Consonun m\u00fchafiz\u0259karlar\u0131 \u00fc\u00e7\u00fcn verilmi\u015f h\u0259r bir s\u0259s bizim NHS-y\u0259 x\u0259yan\u0259t etm\u0259k dem\u0259kdir&quot;<br \/>\n  <\/i>\n<\/p>\n<p>\n  \u0130ngilis m\u00fcxalif\u0259ti Ceremi Korbin (Jeremy Corbyn) \u00e7\u0259r\u015f\u0259nb\u0259 ax\u015fam\u0131 Ba\u015f nazir Boris Consonu t\u0259nqid edib. O, Consonu Brexiti Amerika tipli kapitalizmin daha s\u0259rt markas\u0131 olaraq g\u00fcnd\u0259m\u0259 g\u0259tir\u0259n Tet\u00e7erin t\u0259nziml\u0259m\u0259 siyas\u0259tini aktivl\u0259\u015fdirm\u0259kd\u0259 g\u00fcnahland\u0131r\u0131b, &#8211; \u201cReuters\u201d x\u0259b\u0259r verir.\n<\/p>\n<p>\n  \u0130ngilt\u0259r\u0259 dekabr\u0131n 12-d\u0259 h\u0259m \u00f6lk\u0259nin Avropa Birliyind\u0259n planl\u0131 \u015f\u0259kild\u0259 ayr\u0131lmas\u0131n\u0131n taleyini, h\u0259m d\u0259 d\u00fcnyan\u0131n be\u015finci b\u00f6y\u00fck iqtisadiyyat\u0131n\u0131n g\u0259l\u0259c\u0259yini h\u0259ll ed\u0259 bil\u0259c\u0259k Milad se\u00e7kisin\u0259 do\u011fru gedir.\n<\/p>\n<p>\n  70 ya\u015fl\u0131 sosialist Korbin Brexiti Troyan at\u0131 olaraq istifad\u0259 ed\u0259r\u0259k Birl\u0259\u015fmi\u015f Krall\u0131\u011f\u0131n qlobal kapital \u00fc\u00e7\u00fcn t\u0259nziml\u0259nm\u0259mi\u015f bir c\u0259nn\u0259t\u0259 \u00e7evrilm\u0259sini ist\u0259diyini qeyd ed\u0259n Consonu v\u0259 onun elitas\u0131n\u0131 devirm\u0259yi t\u0259klif edib.\n<\/p>\n<p>\n  M\u0259rhum Ba\u015f nazir Marqaret Tet\u00e7erin xatir\u0259sini yad ed\u0259n Korbin deyib ki, Conson AB\u015e Prezidenti Donald Tramp il\u0259 Milli Sa\u011flaml\u0131q Xidm\u0259tinin (NHS) hiss\u0259l\u0259rini satacaq ticar\u0259t m\u00fcqavil\u0259si ba\u011flamaq niyy\u0259tind\u0259dir.\n<\/p>\n<p>\n  \u201cBoris Consonun m\u00fchafiz\u0259karlar\u0131n\u0131n ist\u0259diyi \u015fey Brexiti Tet\u00e7erizmi qaytarmaq \u00fc\u00e7\u00fcn \u0259ld\u0259n verm\u0259kdir,\u201d &#8211; Korbin Harlovda d\u0259st\u0259k\u00e7il\u0259rin\u0259 deyib. Harlov 2016-c\u0131 il referendumunda AB-ni t\u0259rk etm\u0259yin lehin\u0259 s\u0259s verib. \u00d6lk\u0259 \u00fczr\u0259 Avropa Birliyini t\u0259rk etm\u0259k ist\u0259yi 52% -48% nisb\u0259tind\u0259 idi.\n<\/p>\n<p>\n  &quot;Consonun m\u00fchafiz\u0259karlar\u0131 \u00fc\u00e7\u00fcn verilmi\u015f h\u0259r bir s\u0259s bizim NHS-y\u0259 x\u0259yan\u0259t etm\u0259k dem\u0259kdir,&quot; &#8211; o deyib:\n<\/p>\n<p>\n  \u201cOnlar standartlarda v\u0259 qorunmalarda \u0259n a\u015fa\u011f\u0131 r\u0259qab\u0259ti d\u0259st\u0259kl\u0259yirl\u0259r. Bizim iqtisadiyyat\u0131 nec\u0259 idar\u0259 etm\u0259li oldu\u011fumuzu amerikan modelin\u0259 t\u0259r\u0259f y\u00f6n\u0259ltm\u0259k ist\u0259yirl\u0259r\u201d.\n<\/p>\n<p>\n  \u201cD\u0259mir ledi\u201d olaraq tan\u0131nan Tet\u00e7er Britaniya iqtisadiyyat\u0131n\u0131 s\u0259rb\u0259st bazar y\u00f6n\u00fcnd\u0259 k\u00f6kl\u00fc \u015f\u0259kild\u0259 d\u0259yi\u015fdirmi\u015fdi, lakin b\u0259zi se\u00e7icil\u0259r h\u0259mkarlar ittifaqlar\u0131n\u0131 da\u011f\u0131td\u0131\u011f\u0131 v\u0259 s\u0259naye sah\u0259l\u0259rini \u00f6z\u0259ll\u0259\u015fdirdiyi \u00fc\u00e7\u00fcn Tet\u00e7er\u0259 nifr\u0259t edirdi.\n<\/p>\n<p>\n  Conson d\u0259f\u0259l\u0259rl\u0259 NHS-nin dan\u0131\u015f\u0131qlar masas\u0131nda olmamal\u0131 oldu\u011funu s\u00f6yl\u0259yib. Onun \u0259n b\u00f6y\u00fck nazirl\u0259rind\u0259n biri Michael Gove Korbinin Amerika d\u0259rman \u015firk\u0259tl\u0259rinin NHS-nin hiss\u0259l\u0259rini \u0259ld\u0259 ed\u0259 bil\u0259c\u0259yin\u0259 dair dedikl\u0259rini \u201cbu, 52 ildir e\u015fitdiyim \u0259n g\u00fcl\u00fcnc c\u0259f\u0259ngiyyatd\u0131r\u201d- dey\u0259, xarakteriz\u0259 edib.\n<\/p>\n<p>\n  \u00d6t\u0259n h\u0259ft\u0259 \u0259vv\u0259lc\u0259d\u0259n h\u0259r \u015feyin ticar\u0259t dan\u0131\u015f\u0131qlar\u0131nda m\u00fczakir\u0259 olunaca\u011f\u0131n\u0131 s\u00f6yl\u0259y\u0259n Tramp leyboristl\u0259rin NHS-nin \u0259l\u0259 ke\u00e7iril\u0259c\u0259yi il\u0259 ba\u011fl\u0131 iddialar\u0131n\u0131 r\u0259dd edib.\n<\/p>\n<p>\n  Bir \u00e7ox y\u00fcks\u0259k s\u0259viyy\u0259li leyboristin Avropa Birliyini t\u0259rk etm\u0259sin\u0259 qar\u015f\u0131 q\u0259ti m\u00f6vqe tutmaq \u00e7a\u011f\u0131r\u0131\u015flar\u0131n\u0131 r\u0259dd etdikd\u0259n sonra Korbin siyas\u0259tini Consonun 31 oktyabr Brexit v\u0259dini yerin\u0259 yetirm\u0259m\u0259sin\u0259 v\u0259 m\u0259nzil \u00e7at\u0131\u015fmazl\u0131\u011f\u0131 kimi daxili probleml\u0259ri h\u0259ll etm\u0259y\u0259 y\u00f6nl\u0259ndirib.\n<\/p>\n<p>\n  R\u0259y sor\u011fular\u0131nda partiyas\u0131 m\u00fchafiz\u0259karlardan sonra g\u0259l\u0259n Korbin Avropa Birliyi il\u0259 m\u00fcnasib\u0259tl\u0259rini nec\u0259 h\u0259ll etm\u0259sind\u0259n as\u0131l\u0131 olmayaraq, Brexitin \u0130ngilt\u0259r\u0259nin nec\u0259 bir \u00f6lk\u0259y\u0259 \u00e7evir\u0259c\u0259yi il\u0259 ba\u011fl\u0131 m\u00fczakir\u0259l\u0259ri y\u00f6n\u0259ltm\u0259y\u0259 \u00e7al\u0131\u015f\u0131r.\n<\/p>\n<p>\n  Korbin se\u00e7il\u0259c\u0259yi t\u0259qdird\u0259 Avropa Birliyi il\u0259 yeni raz\u0131la\u015fma \u0259ld\u0259 ed\u0259c\u0259yini, \u0130ngilt\u0259r\u0259ni blokla iqtisadi bax\u0131mdan daha yax\u0131n tutaca\u011f\u0131n\u0131 v\u0259 i\u015f\u00e7il\u0259ri qorumaq \u00fc\u00e7\u00fcn daha \u00e7ox i\u015f g\u00f6r\u0259c\u0259yini deyib. O qeyd edib ki, daha sonra yeni bir referendum t\u0259\u015fkil ed\u0259r\u0259k Brexiti xalq\u0131n ixtiyar\u0131na ver\u0259c\u0259k.<\/p>\n","protected":false},"excerpt":{"rendered":"<p>&#8220;Consonun m\u00fchafiz\u0259karlar\u0131 \u00fc\u00e7\u00fcn verilmi\u015f h\u0259r bir s\u0259s bizim NHS-y\u0259 x\u0259yan\u0259t etm\u0259k dem\u0259kdir,&#8221; &#8211; o deyib<\/p>\n","protected":false},"author":11,"featured_media":132693,"comment_status":"closed","ping_status":"open","sticky":false,"template":"","format":"standard","meta":{"_acf_changed":false,"_sitemap_exclude":false,"_sitemap_priority":"","_sitemap_frequency":"","footnotes":""},"categories":[64],"tags":[],"class_list":["post-197805","post","type-post","status-publish","format-standard","has-post-thumbnail","hentry","category-dunya","infinite-scroll-item","generate-columns","tablet-grid-50","mobile-grid-100","grid-parent","grid-33","no-featured-image-padding"],"acf":[],"yoast_head":"<!-- This site is optimized with the Yoast SEO plugin v27.5 - https:\/\/yoast.com\/product\/yoast-seo-wordpress\/ -->\n<title>Leyboristl\u0259r Consonun Brexit plan\u0131n\u0131 \u201cTet\u00e7erizm\u0259 d\u00f6n\u00fc\u015f\u201d adland\u0131r\u0131b - MEYDAN.TV<\/title>\n<meta name=\"robots\" content=\"index, follow, max-snippet:-1, max-image-preview:large, max-video-preview:-1\" \/>\n<link rel=\"canonical\" href=\"https:\/\/www.meydan.tv\/az\/article\/leyboristler-consonun-brexit-planini-tetcerizme-donus-adlandirib\/\" \/>\n<meta property=\"og:locale\" content=\"az_AZ\" \/>\n<meta property=\"og:type\" content=\"article\" \/>\n<meta property=\"og:title\" content=\"Leyboristl\u0259r Consonun Brexit plan\u0131n\u0131 \u201cTet\u00e7erizm\u0259 d\u00f6n\u00fc\u015f\u201d adland\u0131r\u0131b - MEYDAN.TV\" \/>\n<meta property=\"og:description\" content=\"&quot;Consonun m\u00fchafiz\u0259karlar\u0131 \u00fc\u00e7\u00fcn verilmi\u015f h\u0259r bir s\u0259s bizim NHS-y\u0259 x\u0259yan\u0259t etm\u0259k dem\u0259kdir,&quot; - o deyib\" \/>\n<meta property=\"og:url\" content=\"https:\/\/www.meydan.tv\/az\/article\/leyboristler-consonun-brexit-planini-tetcerizme-donus-adlandirib\/\" \/>\n<meta property=\"og:site_name\" content=\"MEYDAN.TV\" \/>\n<meta property=\"article:published_time\" content=\"2019-11-05T19:20:31+00:00\" \/>\n<meta property=\"og:image\" content=\"https:\/\/www.meydan.tv\/wp-content\/uploads\/korbin.jpg\" \/>\n\t<meta property=\"og:image:width\" content=\"1762\" \/>\n\t<meta property=\"og:image:height\" content=\"1062\" \/>\n\t<meta property=\"og:image:type\" content=\"image\/jpeg\" \/>\n<meta name=\"author\" content=\"user-manager\" \/>\n<meta name=\"twitter:card\" content=\"summary_large_image\" \/>\n<script type=\"application\/ld+json\" class=\"yoast-schema-graph\">{\"@context\":\"https:\\\/\\\/schema.org\",\"@graph\":[{\"@type\":\"Article\",\"@id\":\"https:\\\/\\\/www.meydan.tv\\\/az\\\/article\\\/leyboristler-consonun-brexit-planini-tetcerizme-donus-adlandirib\\\/#article\",\"isPartOf\":{\"@id\":\"https:\\\/\\\/www.meydan.tv\\\/az\\\/article\\\/leyboristler-consonun-brexit-planini-tetcerizme-donus-adlandirib\\\/\"},\"author\":{\"name\":\"user-manager\",\"@id\":\"https:\\\/\\\/www.meydan.tv\\\/az\\\/#\\\/schema\\\/person\\\/10d11eccf6da3662cf5fdab9806ea91a\"},\"headline\":\"Leyboristl\u0259r Consonun Brexit plan\u0131n\u0131 \u201cTet\u00e7erizm\u0259 d\u00f6n\u00fc\u015f\u201d adland\u0131r\u0131b\",\"datePublished\":\"2019-11-05T19:20:31+00:00\",\"mainEntityOfPage\":{\"@id\":\"https:\\\/\\\/www.meydan.tv\\\/az\\\/article\\\/leyboristler-consonun-brexit-planini-tetcerizme-donus-adlandirib\\\/\"},\"wordCount\":674,\"publisher\":{\"@id\":\"https:\\\/\\\/www.meydan.tv\\\/az\\\/#organization\"},\"image\":{\"@id\":\"https:\\\/\\\/www.meydan.tv\\\/az\\\/article\\\/leyboristler-consonun-brexit-planini-tetcerizme-donus-adlandirib\\\/#primaryimage\"},\"thumbnailUrl\":\"https:\\\/\\\/www.meydan.tv\\\/wp-content\\\/uploads\\\/korbin.jpg\",\"articleSection\":[\"D\u00fcnya\"],\"inLanguage\":\"az\"},{\"@type\":\"WebPage\",\"@id\":\"https:\\\/\\\/www.meydan.tv\\\/az\\\/article\\\/leyboristler-consonun-brexit-planini-tetcerizme-donus-adlandirib\\\/\",\"url\":\"https:\\\/\\\/www.meydan.tv\\\/az\\\/article\\\/leyboristler-consonun-brexit-planini-tetcerizme-donus-adlandirib\\\/\",\"name\":\"Leyboristl\u0259r Consonun Brexit plan\u0131n\u0131 \u201cTet\u00e7erizm\u0259 d\u00f6n\u00fc\u015f\u201d adland\u0131r\u0131b - MEYDAN.TV\",\"isPartOf\":{\"@id\":\"https:\\\/\\\/www.meydan.tv\\\/az\\\/#website\"},\"primaryImageOfPage\":{\"@id\":\"https:\\\/\\\/www.meydan.tv\\\/az\\\/article\\\/leyboristler-consonun-brexit-planini-tetcerizme-donus-adlandirib\\\/#primaryimage\"},\"image\":{\"@id\":\"https:\\\/\\\/www.meydan.tv\\\/az\\\/article\\\/leyboristler-consonun-brexit-planini-tetcerizme-donus-adlandirib\\\/#primaryimage\"},\"thumbnailUrl\":\"https:\\\/\\\/www.meydan.tv\\\/wp-content\\\/uploads\\\/korbin.jpg\",\"datePublished\":\"2019-11-05T19:20:31+00:00\",\"breadcrumb\":{\"@id\":\"https:\\\/\\\/www.meydan.tv\\\/az\\\/article\\\/leyboristler-consonun-brexit-planini-tetcerizme-donus-adlandirib\\\/#breadcrumb\"},\"inLanguage\":\"az\",\"potentialAction\":[{\"@type\":\"ReadAction\",\"target\":[\"https:\\\/\\\/www.meydan.tv\\\/az\\\/article\\\/leyboristler-consonun-brexit-planini-tetcerizme-donus-adlandirib\\\/\"]}]},{\"@type\":\"ImageObject\",\"inLanguage\":\"az\",\"@id\":\"https:\\\/\\\/www.meydan.tv\\\/az\\\/article\\\/leyboristler-consonun-brexit-planini-tetcerizme-donus-adlandirib\\\/#primaryimage\",\"url\":\"https:\\\/\\\/www.meydan.tv\\\/wp-content\\\/uploads\\\/korbin.jpg\",\"contentUrl\":\"https:\\\/\\\/www.meydan.tv\\\/wp-content\\\/uploads\\\/korbin.jpg\",\"width\":1762,\"height\":1062,\"caption\":\"Source: Foto: arxiv\"},{\"@type\":\"BreadcrumbList\",\"@id\":\"https:\\\/\\\/www.meydan.tv\\\/az\\\/article\\\/leyboristler-consonun-brexit-planini-tetcerizme-donus-adlandirib\\\/#breadcrumb\",\"itemListElement\":[{\"@type\":\"ListItem\",\"position\":1,\"name\":\"Ana s\u0259hif\u0259\",\"item\":\"https:\\\/\\\/www.meydan.tv\\\/az\\\/\"},{\"@type\":\"ListItem\",\"position\":2,\"name\":\"D\u00fcnya\",\"item\":\"https:\\\/\\\/www.meydan.tv\\\/az\\\/section\\\/dunya\\\/\"},{\"@type\":\"ListItem\",\"position\":3,\"name\":\"Leyboristl\u0259r Consonun Brexit plan\u0131n\u0131 \u201cTet\u00e7erizm\u0259 d\u00f6n\u00fc\u015f\u201d adland\u0131r\u0131b\"}]},{\"@type\":\"WebSite\",\"@id\":\"https:\\\/\\\/www.meydan.tv\\\/az\\\/#website\",\"url\":\"https:\\\/\\\/www.meydan.tv\\\/az\\\/\",\"name\":\"MEYDAN.TV\",\"description\":\"Meydan TV Az\u0259rbaycan\u0131n media m\u0259kan\u0131ndak\u0131 alternativ s\u0259sidir\",\"publisher\":{\"@id\":\"https:\\\/\\\/www.meydan.tv\\\/az\\\/#organization\"},\"potentialAction\":[{\"@type\":\"SearchAction\",\"target\":{\"@type\":\"EntryPoint\",\"urlTemplate\":\"https:\\\/\\\/www.meydan.tv\\\/az\\\/?s={search_term_string}\"},\"query-input\":{\"@type\":\"PropertyValueSpecification\",\"valueRequired\":true,\"valueName\":\"search_term_string\"}}],\"inLanguage\":\"az\"},{\"@type\":\"Organization\",\"@id\":\"https:\\\/\\\/www.meydan.tv\\\/az\\\/#organization\",\"name\":\"Meydan TV\",\"url\":\"https:\\\/\\\/www.meydan.tv\\\/az\\\/\",\"logo\":{\"@type\":\"ImageObject\",\"inLanguage\":\"az\",\"@id\":\"https:\\\/\\\/www.meydan.tv\\\/az\\\/#\\\/schema\\\/logo\\\/image\\\/\",\"url\":\"https:\\\/\\\/www.meydan.tv\\\/wp-content\\\/uploads\\\/2021\\\/07\\\/meydan-logo.svg\",\"contentUrl\":\"https:\\\/\\\/www.meydan.tv\\\/wp-content\\\/uploads\\\/2021\\\/07\\\/meydan-logo.svg\",\"width\":195,\"height\":46,\"caption\":\"Meydan TV\"},\"image\":{\"@id\":\"https:\\\/\\\/www.meydan.tv\\\/az\\\/#\\\/schema\\\/logo\\\/image\\\/\"}},{\"@type\":\"Person\",\"@id\":\"https:\\\/\\\/www.meydan.tv\\\/az\\\/#\\\/schema\\\/person\\\/10d11eccf6da3662cf5fdab9806ea91a\",\"name\":\"user-manager\"}]}<\/script>\n<!-- \/ Yoast SEO plugin. -->","yoast_head_json":{"title":"Leyboristl\u0259r Consonun Brexit plan\u0131n\u0131 \u201cTet\u00e7erizm\u0259 d\u00f6n\u00fc\u015f\u201d adland\u0131r\u0131b - MEYDAN.TV","robots":{"index":"index","follow":"follow","max-snippet":"max-snippet:-1","max-image-preview":"max-image-preview:large","max-video-preview":"max-video-preview:-1"},"canonical":"https:\/\/www.meydan.tv\/az\/article\/leyboristler-consonun-brexit-planini-tetcerizme-donus-adlandirib\/","og_locale":"az_AZ","og_type":"article","og_title":"Leyboristl\u0259r Consonun Brexit plan\u0131n\u0131 \u201cTet\u00e7erizm\u0259 d\u00f6n\u00fc\u015f\u201d adland\u0131r\u0131b - MEYDAN.TV","og_description":"\"Consonun m\u00fchafiz\u0259karlar\u0131 \u00fc\u00e7\u00fcn verilmi\u015f h\u0259r bir s\u0259s bizim NHS-y\u0259 x\u0259yan\u0259t etm\u0259k dem\u0259kdir,\" - o deyib","og_url":"https:\/\/www.meydan.tv\/az\/article\/leyboristler-consonun-brexit-planini-tetcerizme-donus-adlandirib\/","og_site_name":"MEYDAN.TV","article_published_time":"2019-11-05T19:20:31+00:00","og_image":[{"width":1762,"height":1062,"url":"https:\/\/www.meydan.tv\/wp-content\/uploads\/korbin.jpg","type":"image\/jpeg"}],"author":"user-manager","twitter_card":"summary_large_image","schema":{"@context":"https:\/\/schema.org","@graph":[{"@type":"Article","@id":"https:\/\/www.meydan.tv\/az\/article\/leyboristler-consonun-brexit-planini-tetcerizme-donus-adlandirib\/#article","isPartOf":{"@id":"https:\/\/www.meydan.tv\/az\/article\/leyboristler-consonun-brexit-planini-tetcerizme-donus-adlandirib\/"},"author":{"name":"user-manager","@id":"https:\/\/www.meydan.tv\/az\/#\/schema\/person\/10d11eccf6da3662cf5fdab9806ea91a"},"headline":"Leyboristl\u0259r Consonun Brexit plan\u0131n\u0131 \u201cTet\u00e7erizm\u0259 d\u00f6n\u00fc\u015f\u201d adland\u0131r\u0131b","datePublished":"2019-11-05T19:20:31+00:00","mainEntityOfPage":{"@id":"https:\/\/www.meydan.tv\/az\/article\/leyboristler-consonun-brexit-planini-tetcerizme-donus-adlandirib\/"},"wordCount":674,"publisher":{"@id":"https:\/\/www.meydan.tv\/az\/#organization"},"image":{"@id":"https:\/\/www.meydan.tv\/az\/article\/leyboristler-consonun-brexit-planini-tetcerizme-donus-adlandirib\/#primaryimage"},"thumbnailUrl":"https:\/\/www.meydan.tv\/wp-content\/uploads\/korbin.jpg","articleSection":["D\u00fcnya"],"inLanguage":"az"},{"@type":"WebPage","@id":"https:\/\/www.meydan.tv\/az\/article\/leyboristler-consonun-brexit-planini-tetcerizme-donus-adlandirib\/","url":"https:\/\/www.meydan.tv\/az\/article\/leyboristler-consonun-brexit-planini-tetcerizme-donus-adlandirib\/","name":"Leyboristl\u0259r Consonun Brexit plan\u0131n\u0131 \u201cTet\u00e7erizm\u0259 d\u00f6n\u00fc\u015f\u201d adland\u0131r\u0131b - MEYDAN.TV","isPartOf":{"@id":"https:\/\/www.meydan.tv\/az\/#website"},"primaryImageOfPage":{"@id":"https:\/\/www.meydan.tv\/az\/article\/leyboristler-consonun-brexit-planini-tetcerizme-donus-adlandirib\/#primaryimage"},"image":{"@id":"https:\/\/www.meydan.tv\/az\/article\/leyboristler-consonun-brexit-planini-tetcerizme-donus-adlandirib\/#primaryimage"},"thumbnailUrl":"https:\/\/www.meydan.tv\/wp-content\/uploads\/korbin.jpg","datePublished":"2019-11-05T19:20:31+00:00","breadcrumb":{"@id":"https:\/\/www.meydan.tv\/az\/article\/leyboristler-consonun-brexit-planini-tetcerizme-donus-adlandirib\/#breadcrumb"},"inLanguage":"az","potentialAction":[{"@type":"ReadAction","target":["https:\/\/www.meydan.tv\/az\/article\/leyboristler-consonun-brexit-planini-tetcerizme-donus-adlandirib\/"]}]},{"@type":"ImageObject","inLanguage":"az","@id":"https:\/\/www.meydan.tv\/az\/article\/leyboristler-consonun-brexit-planini-tetcerizme-donus-adlandirib\/#primaryimage","url":"https:\/\/www.meydan.tv\/wp-content\/uploads\/korbin.jpg","contentUrl":"https:\/\/www.meydan.tv\/wp-content\/uploads\/korbin.jpg","width":1762,"height":1062,"caption":"Source: Foto: arxiv"},{"@type":"BreadcrumbList","@id":"https:\/\/www.meydan.tv\/az\/article\/leyboristler-consonun-brexit-planini-tetcerizme-donus-adlandirib\/#breadcrumb","itemListElement":[{"@type":"ListItem","position":1,"name":"Ana s\u0259hif\u0259","item":"https:\/\/www.meydan.tv\/az\/"},{"@type":"ListItem","position":2,"name":"D\u00fcnya","item":"https:\/\/www.meydan.tv\/az\/section\/dunya\/"},{"@type":"ListItem","position":3,"name":"Leyboristl\u0259r Consonun Brexit plan\u0131n\u0131 \u201cTet\u00e7erizm\u0259 d\u00f6n\u00fc\u015f\u201d adland\u0131r\u0131b"}]},{"@type":"WebSite","@id":"https:\/\/www.meydan.tv\/az\/#website","url":"https:\/\/www.meydan.tv\/az\/","name":"MEYDAN.TV","description":"Meydan TV Az\u0259rbaycan\u0131n media m\u0259kan\u0131ndak\u0131 alternativ s\u0259sidir","publisher":{"@id":"https:\/\/www.meydan.tv\/az\/#organization"},"potentialAction":[{"@type":"SearchAction","target":{"@type":"EntryPoint","urlTemplate":"https:\/\/www.meydan.tv\/az\/?s={search_term_string}"},"query-input":{"@type":"PropertyValueSpecification","valueRequired":true,"valueName":"search_term_string"}}],"inLanguage":"az"},{"@type":"Organization","@id":"https:\/\/www.meydan.tv\/az\/#organization","name":"Meydan TV","url":"https:\/\/www.meydan.tv\/az\/","logo":{"@type":"ImageObject","inLanguage":"az","@id":"https:\/\/www.meydan.tv\/az\/#\/schema\/logo\/image\/","url":"https:\/\/www.meydan.tv\/wp-content\/uploads\/2021\/07\/meydan-logo.svg","contentUrl":"https:\/\/www.meydan.tv\/wp-content\/uploads\/2021\/07\/meydan-logo.svg","width":195,"height":46,"caption":"Meydan TV"},"image":{"@id":"https:\/\/www.meydan.tv\/az\/#\/schema\/logo\/image\/"}},{"@type":"Person","@id":"https:\/\/www.meydan.tv\/az\/#\/schema\/person\/10d11eccf6da3662cf5fdab9806ea91a","name":"user-manager"}]}},"_links":{"self":[{"href":"https:\/\/www.meydan.tv\/az\/wp-json\/wp\/v2\/posts\/197805","targetHints":{"allow":["GET"]}}],"collection":[{"href":"https:\/\/www.meydan.tv\/az\/wp-json\/wp\/v2\/posts"}],"about":[{"href":"https:\/\/www.meydan.tv\/az\/wp-json\/wp\/v2\/types\/post"}],"author":[{"embeddable":true,"href":"https:\/\/www.meydan.tv\/az\/wp-json\/wp\/v2\/users\/11"}],"replies":[{"embeddable":true,"href":"https:\/\/www.meydan.tv\/az\/wp-json\/wp\/v2\/comments?post=197805"}],"version-history":[{"count":0,"href":"https:\/\/www.meydan.tv\/az\/wp-json\/wp\/v2\/posts\/197805\/revisions"}],"wp:featuredmedia":[{"embeddable":true,"href":"https:\/\/www.meydan.tv\/az\/wp-json\/wp\/v2\/media\/132693"}],"wp:attachment":[{"href":"https:\/\/www.meydan.tv\/az\/wp-json\/wp\/v2\/media?parent=197805"}],"wp:term":[{"taxonomy":"category","embeddable":true,"href":"https:\/\/www.meydan.tv\/az\/wp-json\/wp\/v2\/categories?post=197805"},{"taxonomy":"post_tag","embeddable":true,"href":"https:\/\/www.meydan.tv\/az\/wp-json\/wp\/v2\/tags?post=197805"}],"curies":[{"name":"wp","href":"https:\/\/api.w.org\/{rel}","templated":true}]}}