{"id":197792,"date":"2019-11-04T15:48:07","date_gmt":"2019-11-04T15:48:07","guid":{"rendered":"https:\/\/www.meydan.tv\/article\/ilham-eliyev-bir-cox-halda-heyetlerde-hundurmertebeli-evler-tikilirdi\/"},"modified":"2019-11-04T15:48:07","modified_gmt":"2019-11-04T15:48:07","slug":"ilham-eliyev-bir-cox-halda-heyetlerde-hundurmertebeli-evler-tikilirdi","status":"publish","type":"post","link":"https:\/\/www.meydan.tv\/az\/article\/ilham-eliyev-bir-cox-halda-heyetlerde-hundurmertebeli-evler-tikilirdi\/","title":{"rendered":"\u0130lham \u018fliyev: Bir \u00e7ox halda h\u0259y\u0259tl\u0259rd\u0259 h\u00fcnd\u00fcrm\u0259rt\u0259b\u0259li evl\u0259r tikilirdi"},"content":{"rendered":"<p>\n  <i><br \/>\n    \u201c\u015e\u0259h\u0259rsalma qaydalar\u0131 t\u0259tbiq olunmal\u0131d\u0131r\u201d<br \/>\n  <\/i>\n<\/p>\n<p>\n  Prezident<br \/>\n  <a href=\"https:\/\/azertag.az\/xeber\/Prezident_Ilham_Aliyev_Baki_Seher_Icra_Hakimiyyetinin_baschisini_qebul_edib__YENILANIB-1351203\"><br \/>\n    \u0130lham \u018fliyev<br \/>\n  <\/a><br \/>\n  noyabr\u0131n 4-d\u0259 Bak\u0131 \u015e\u0259h\u0259r \u0130cra Hakimiyy\u0259tinin ba\u015f\u00e7\u0131s\u0131 Eldar \u018fzizovu q\u0259bul edib.\n<\/p>\n<p>\n  Prezident \u0130lham \u018fliyev bir \u00e7ox binada, bloklarda v\u0259ziyy\u0259tin \u00fcr\u0259ka\u00e7an olmad\u0131\u011f\u0131n\u0131, lift t\u0259s\u0259rr\u00fcfat\u0131n\u0131n k\u00f6hn\u0259ldiyini qeyd ed\u0259r\u0259k bildirib ki, evl\u0259raras\u0131 h\u0259y\u0259tl\u0259r b\u0259zi hallarda z\u0259bt olunur v\u0259 ictimai istifad\u0259 \u00fc\u00e7\u00fcn yerl\u0259r yoxa \u00e7\u0131x\u0131r:\n<\/p>\n<p>\n  \u201cOna g\u00f6r\u0259 n\u00fcmun\u0259vi h\u0259y\u0259tl\u0259rin qurulmas\u0131 \u00e7ox b\u00f6y\u00fck m\u0259na da\u015f\u0131y\u0131r. Biz bu sah\u0259y\u0259 kompleks \u015f\u0259kild\u0259 yana\u015fmal\u0131y\u0131q. \u018flb\u0259tt\u0259 ki, h\u0259y\u0259tl\u0259r, ilk n\u00f6vb\u0259d\u0259, v\u0259t\u0259nda\u015flar \u00fc\u00e7\u00fcn rahat, i\u015f\u0131ql\u0131 olmal\u0131d\u0131r, t\u0259hl\u00fck\u0259sizlik bax\u0131m\u0131ndan t\u0259dbirl\u0259r g\u00f6r\u00fclm\u0259lidir. Bir \u00e7ox inki\u015faf etmi\u015f \u00f6lk\u0259l\u0259rin \u015f\u0259h\u0259rl\u0259rind\u0259 h\u0259y\u0259tl\u0259rd\u0259 t\u0259hl\u00fck\u0259sizlik kameralar\u0131 qoyulur. \u0130ndi Bak\u0131 \u015f\u0259h\u0259rind\u0259 bir \u00e7ox yerd\u0259 t\u0259hl\u00fck\u0259sizlik kameralar\u0131 qoyulub v\u0259 bu kameralar cinay\u0259tl\u0259ri a\u015fkar etm\u0259k v\u0259 cinay\u0259tkarlar\u0131 m\u0259suliyy\u0259t\u0259 c\u0259lb etm\u0259k \u00fc\u00e7\u00fcn b\u00f6y\u00fck rol oynay\u0131r. H\u0259y\u0259tl\u0259rd\u0259 d\u0259 t\u0259hl\u00fck\u0259sizlik kameralar\u0131 qoyulmal\u0131d\u0131r ki, t\u0259hl\u00fck\u0259sizlik t\u0259dbirl\u0259ri daha y\u00fcks\u0259k s\u0259viyy\u0259d\u0259 t\u0259min olunsun\u201d.\n<\/p>\n<p>\n  \u0130cra ba\u015f\u00e7\u0131s\u0131 Eldar \u018fzizov Bak\u0131 \u015f\u0259h\u0259rinin lift t\u0259s\u0259rr\u00fcfat\u0131n\u0131 inki\u015faf etdirm\u0259k \u00fc\u00e7\u00fcn 32 milyon manat v\u0259sait ayr\u0131ld\u0131\u011f\u0131n\u0131 xat\u0131rlad\u0131b:\n<\/p>\n<p>\n  \u201cBu sah\u0259d\u0259 Almaniyan\u0131n tan\u0131nm\u0131\u015f \u201cWittur\u201d \u015firk\u0259ti il\u0259 dan\u0131\u015f\u0131qlar apard\u0131q, m\u00fcqavil\u0259 ba\u011fland\u0131 v\u0259 bu g\u00fcn\u0259d\u0259k 430 lift Bak\u0131ya g\u0259tirilib. Onlardan 130-u art\u0131q istifad\u0259y\u0259 verilib. \u0130lin ax\u0131r\u0131nad\u0259k 581 lift qura\u015fd\u0131r\u0131lacaq. Amma yax\u0131n ill\u0259r \u00fc\u00e7\u00fcn proqnozlar\u0131m\u0131z bel\u0259dir ki, 2500-\u0259 q\u0259d\u0259r lift m\u0259rh\u0259l\u0259-m\u0259rh\u0259l\u0259 d\u0259yi\u015fdirilm\u0259lidir\u201d.\n<\/p>\n<p>\n  Prezident dam \u00f6rt\u00fckl\u0259rinin yenil\u0259nm\u0259si \u00fc\u00e7\u00fcn ehtiyat fondundan 10 milyon manat v\u0259sait ayr\u0131ld\u0131\u011f\u0131n\u0131 xat\u0131rladaraq qeyd edib ki, b\u00fct\u00fcn dam \u00f6rt\u00fckl\u0259rini bu v\u0259saitl\u0259 t\u0259mir etm\u0259k m\u00fcmk\u00fcn deyil. Eldar \u018fzizov Bak\u0131da 420 binan\u0131n dam \u00f6rt\u00fcy\u00fcn\u00fc t\u0259mir ed\u0259c\u0259kl\u0259rini bildirib:\n<\/p>\n<p>\n  \u201cBununla ba\u011fl\u0131 \u015firk\u0259tl\u0259rl\u0259 dan\u0131\u015f\u0131qlar apar\u0131l\u0131b, Sizin t\u0259l\u0259biniz \u00e7atd\u0131r\u0131l\u0131b ki, \u0259n keyfiyy\u0259tli materiallardan istifad\u0259 etm\u0259k vacibdir. Art\u0131q 150 damda i\u015fl\u0259r tamamlan\u0131b v\u0259 proses gedir. Noyabr\u0131n ortalar\u0131na q\u0259d\u0259r b\u00fct\u00fcn bu i\u015fi qurtarmaq niyy\u0259tind\u0259yik\u201d.\n<\/p>\n<p>\n  \u00d6lk\u0259 ba\u015f\u00e7\u0131s\u0131 t\u0259\u0259ss\u00fcfl\u0259nib ki, \u0259vv\u0259lki ill\u0259rd\u0259 b\u00fct\u00fcn \u015f\u0259h\u0259rsalma qaydalar\u0131 pozulurdu. M\u00f6vcud binalar\u0131n d\u00fcz \u00f6n\u00fcnd\u0259 yeni h\u00fcnd\u00fcrm\u0259rt\u0259b\u0259li binalar tikilirdi v\u0259 b\u0259zi d\u0131rnaqaras\u0131 sahibkarlar k\u00f6hn\u0259 binalarda ya\u015fayan v\u0259t\u0259nda\u015flar\u0131 G\u00fcn\u0259\u015f i\u015f\u0131\u011f\u0131ndan m\u0259hrum edirdil\u0259r. Bir \u00e7ox halda h\u0259y\u0259tl\u0259rd\u0259 evl\u0259rin tikintisi ba\u015f verirdi:\n<\/p>\n<p>\n  \u201c\u018fvv\u0259lki d\u00f6vrd\u0259 h\u0259tta b\u0259zi m\u0259kt\u0259bl\u0259rin h\u0259y\u0259tl\u0259rind\u0259 evl\u0259r tikilirdi. Sonra bu m\u0259s\u0259l\u0259y\u0259 son qoyuldu. Y\u0259ni, \u015f\u0259h\u0259rsalma qaydalar\u0131 t\u0259tbiq olunmal\u0131d\u0131r, burada yerli icra orqanlar\u0131 v\u0259 \u0259lb\u0259tt\u0259, D\u00f6vl\u0259t Arxitektura v\u0259 \u015e\u0259h\u0259rsalma Komit\u0259si \u00f6z i\u015fini y\u00fcks\u0259k s\u0259viyy\u0259d\u0259 qurmal\u0131d\u0131r ki, b\u00fct\u00fcn \u015f\u0259h\u0259rsalma normalar\u0131 t\u0259min edilsin. \u018flb\u0259tt\u0259 ki, rayon icra hakimiyy\u0259tl\u0259ri t\u0259r\u0259find\u0259n v\u0259t\u0259nda\u015flara diqq\u0259t y\u00fcks\u0259k s\u0259viyy\u0259d\u0259 olmal\u0131d\u0131r. B\u0259zi hallarda v\u0259t\u0259nda\u015flar incidilir, onlar\u0131n probleml\u0259rin\u0259 reaksiya verilmir. B\u0259zi hallarda v\u0259t\u0259nda\u015flardan qanunsuz olaraq m\u00fc\u0259yy\u0259n v\u0259sait t\u0259l\u0259b edilir, r\u00fc\u015fv\u0259txorluq hallar\u0131 ba\u015f verir. Bel\u0259 siqnallar biz\u0259 \u00e7at\u0131r v\u0259 rayon icra hakimiyy\u0259tl\u0259ri n\u0259tic\u0259 \u00e7\u0131xarmal\u0131d\u0131rlar. Xo\u015fag\u0259lm\u0259z hallara yol verilm\u0259m\u0259lidir, v\u0259t\u0259nda\u015flara maksimum diqq\u0259t g\u00f6st\u0259rilm\u0259lidir, rayon icra hakimiyy\u0259tl\u0259rinin n\u00fcmay\u0259nd\u0259l\u0259ri kabinetd\u0259 oturub ka\u011f\u0131zlara baxmaq yox, b\u00fct\u00fcn rayonlarda v\u0259t\u0259nda\u015flarla g\u00f6r\u00fc\u015fm\u0259lidirl\u0259r. M\u0259nim g\u00f6st\u0259ri\u015fiml\u0259 son vaxtlar bu proses bir q\u0259d\u0259r geni\u015f v\u00fcs\u0259t al\u0131b, amma laz\u0131mi s\u0259viyy\u0259d\u0259 deyil. M\u0259n\u0259 veril\u0259n m\u0259lumata g\u00f6r\u0259, b\u0259zi hallarda formal xarakter da\u015f\u0131y\u0131r, b\u0259zi hallarda v\u0259t\u0259nda\u015flar\u0131 narahat ed\u0259n probleml\u0259r\u0259 reaksiya verilmir. Bak\u0131 \u015f\u0259h\u0259rinin nadir, \u00f6z\u00fcn\u0259m\u0259xsus, tarixi memarl\u0131q simas\u0131 var. B\u0259zi hallarda tarixi binalar\u0131 s\u00f6k\u00fcrl\u0259r, onlar\u0131n yerind\u0259 eyb\u0259c\u0259r h\u00fcnd\u00fcrm\u0259rt\u0259b\u0259li binalar tikirl\u0259r. Buna yol verm\u0259k olmaz\u201d.<\/p>\n","protected":false},"excerpt":{"rendered":"<p>B\u0259zi hallarda tarixi binalar\u0131 s\u00f6k\u00fcrl\u0259r, onlar\u0131n yerind\u0259 eyb\u0259c\u0259r h\u00fcnd\u00fcrm\u0259rt\u0259b\u0259li binalar tikirl\u0259r.<\/p>\n","protected":false},"author":11,"featured_media":132690,"comment_status":"closed","ping_status":"open","sticky":false,"template":"","format":"standard","meta":{"_acf_changed":false,"_sitemap_exclude":false,"_sitemap_priority":"","_sitemap_frequency":"","footnotes":""},"categories":[62],"tags":[],"class_list":["post-197792","post","type-post","status-publish","format-standard","has-post-thumbnail","hentry","category-sosial","infinite-scroll-item","generate-columns","tablet-grid-50","mobile-grid-100","grid-parent","grid-33","no-featured-image-padding"],"acf":[],"yoast_head":"<!-- This site is optimized with the Yoast SEO plugin v27.4 - https:\/\/yoast.com\/product\/yoast-seo-wordpress\/ -->\n<title>\u0130lham \u018fliyev: Bir \u00e7ox halda h\u0259y\u0259tl\u0259rd\u0259 h\u00fcnd\u00fcrm\u0259rt\u0259b\u0259li evl\u0259r tikilirdi - MEYDAN.TV<\/title>\n<meta name=\"robots\" content=\"index, follow, max-snippet:-1, max-image-preview:large, max-video-preview:-1\" \/>\n<link rel=\"canonical\" href=\"https:\/\/www.meydan.tv\/az\/article\/ilham-eliyev-bir-cox-halda-heyetlerde-hundurmertebeli-evler-tikilirdi\/\" \/>\n<meta property=\"og:locale\" content=\"az_AZ\" \/>\n<meta property=\"og:type\" content=\"article\" \/>\n<meta property=\"og:title\" content=\"\u0130lham \u018fliyev: Bir \u00e7ox halda h\u0259y\u0259tl\u0259rd\u0259 h\u00fcnd\u00fcrm\u0259rt\u0259b\u0259li evl\u0259r tikilirdi - MEYDAN.TV\" \/>\n<meta property=\"og:description\" content=\"B\u0259zi hallarda tarixi binalar\u0131 s\u00f6k\u00fcrl\u0259r, onlar\u0131n yerind\u0259 eyb\u0259c\u0259r h\u00fcnd\u00fcrm\u0259rt\u0259b\u0259li binalar tikirl\u0259r.\" \/>\n<meta property=\"og:url\" content=\"https:\/\/www.meydan.tv\/az\/article\/ilham-eliyev-bir-cox-halda-heyetlerde-hundurmertebeli-evler-tikilirdi\/\" \/>\n<meta property=\"og:site_name\" content=\"MEYDAN.TV\" \/>\n<meta property=\"article:published_time\" content=\"2019-11-04T15:48:07+00:00\" \/>\n<meta property=\"og:image\" content=\"https:\/\/www.meydan.tv\/wp-content\/uploads\/15728689432001610833_1000x669.jpg\" \/>\n\t<meta property=\"og:image:width\" content=\"995\" \/>\n\t<meta property=\"og:image:height\" content=\"669\" \/>\n\t<meta property=\"og:image:type\" content=\"image\/jpeg\" \/>\n<meta name=\"author\" content=\"user-manager\" \/>\n<meta name=\"twitter:card\" content=\"summary_large_image\" \/>\n<script type=\"application\/ld+json\" class=\"yoast-schema-graph\">{\"@context\":\"https:\\\/\\\/schema.org\",\"@graph\":[{\"@type\":\"Article\",\"@id\":\"https:\\\/\\\/www.meydan.tv\\\/az\\\/article\\\/ilham-eliyev-bir-cox-halda-heyetlerde-hundurmertebeli-evler-tikilirdi\\\/#article\",\"isPartOf\":{\"@id\":\"https:\\\/\\\/www.meydan.tv\\\/az\\\/article\\\/ilham-eliyev-bir-cox-halda-heyetlerde-hundurmertebeli-evler-tikilirdi\\\/\"},\"author\":{\"name\":\"user-manager\",\"@id\":\"https:\\\/\\\/www.meydan.tv\\\/az\\\/#\\\/schema\\\/person\\\/10d11eccf6da3662cf5fdab9806ea91a\"},\"headline\":\"\u0130lham \u018fliyev: Bir \u00e7ox halda h\u0259y\u0259tl\u0259rd\u0259 h\u00fcnd\u00fcrm\u0259rt\u0259b\u0259li evl\u0259r tikilirdi\",\"datePublished\":\"2019-11-04T15:48:07+00:00\",\"mainEntityOfPage\":{\"@id\":\"https:\\\/\\\/www.meydan.tv\\\/az\\\/article\\\/ilham-eliyev-bir-cox-halda-heyetlerde-hundurmertebeli-evler-tikilirdi\\\/\"},\"wordCount\":847,\"publisher\":{\"@id\":\"https:\\\/\\\/www.meydan.tv\\\/az\\\/#organization\"},\"image\":{\"@id\":\"https:\\\/\\\/www.meydan.tv\\\/az\\\/article\\\/ilham-eliyev-bir-cox-halda-heyetlerde-hundurmertebeli-evler-tikilirdi\\\/#primaryimage\"},\"thumbnailUrl\":\"https:\\\/\\\/www.meydan.tv\\\/wp-content\\\/uploads\\\/15728689432001610833_1000x669.jpg\",\"articleSection\":[\"Sosial\"],\"inLanguage\":\"az\"},{\"@type\":\"WebPage\",\"@id\":\"https:\\\/\\\/www.meydan.tv\\\/az\\\/article\\\/ilham-eliyev-bir-cox-halda-heyetlerde-hundurmertebeli-evler-tikilirdi\\\/\",\"url\":\"https:\\\/\\\/www.meydan.tv\\\/az\\\/article\\\/ilham-eliyev-bir-cox-halda-heyetlerde-hundurmertebeli-evler-tikilirdi\\\/\",\"name\":\"\u0130lham \u018fliyev: Bir \u00e7ox halda h\u0259y\u0259tl\u0259rd\u0259 h\u00fcnd\u00fcrm\u0259rt\u0259b\u0259li evl\u0259r tikilirdi - MEYDAN.TV\",\"isPartOf\":{\"@id\":\"https:\\\/\\\/www.meydan.tv\\\/az\\\/#website\"},\"primaryImageOfPage\":{\"@id\":\"https:\\\/\\\/www.meydan.tv\\\/az\\\/article\\\/ilham-eliyev-bir-cox-halda-heyetlerde-hundurmertebeli-evler-tikilirdi\\\/#primaryimage\"},\"image\":{\"@id\":\"https:\\\/\\\/www.meydan.tv\\\/az\\\/article\\\/ilham-eliyev-bir-cox-halda-heyetlerde-hundurmertebeli-evler-tikilirdi\\\/#primaryimage\"},\"thumbnailUrl\":\"https:\\\/\\\/www.meydan.tv\\\/wp-content\\\/uploads\\\/15728689432001610833_1000x669.jpg\",\"datePublished\":\"2019-11-04T15:48:07+00:00\",\"breadcrumb\":{\"@id\":\"https:\\\/\\\/www.meydan.tv\\\/az\\\/article\\\/ilham-eliyev-bir-cox-halda-heyetlerde-hundurmertebeli-evler-tikilirdi\\\/#breadcrumb\"},\"inLanguage\":\"az\",\"potentialAction\":[{\"@type\":\"ReadAction\",\"target\":[\"https:\\\/\\\/www.meydan.tv\\\/az\\\/article\\\/ilham-eliyev-bir-cox-halda-heyetlerde-hundurmertebeli-evler-tikilirdi\\\/\"]}]},{\"@type\":\"ImageObject\",\"inLanguage\":\"az\",\"@id\":\"https:\\\/\\\/www.meydan.tv\\\/az\\\/article\\\/ilham-eliyev-bir-cox-halda-heyetlerde-hundurmertebeli-evler-tikilirdi\\\/#primaryimage\",\"url\":\"https:\\\/\\\/www.meydan.tv\\\/wp-content\\\/uploads\\\/15728689432001610833_1000x669.jpg\",\"contentUrl\":\"https:\\\/\\\/www.meydan.tv\\\/wp-content\\\/uploads\\\/15728689432001610833_1000x669.jpg\",\"width\":995,\"height\":669,\"caption\":\"Source: Foto: Az\u0259rtac\"},{\"@type\":\"BreadcrumbList\",\"@id\":\"https:\\\/\\\/www.meydan.tv\\\/az\\\/article\\\/ilham-eliyev-bir-cox-halda-heyetlerde-hundurmertebeli-evler-tikilirdi\\\/#breadcrumb\",\"itemListElement\":[{\"@type\":\"ListItem\",\"position\":1,\"name\":\"Ana s\u0259hif\u0259\",\"item\":\"https:\\\/\\\/www.meydan.tv\\\/az\\\/\"},{\"@type\":\"ListItem\",\"position\":2,\"name\":\"Sosial\",\"item\":\"https:\\\/\\\/www.meydan.tv\\\/az\\\/section\\\/sosial\\\/\"},{\"@type\":\"ListItem\",\"position\":3,\"name\":\"\u0130lham \u018fliyev: Bir \u00e7ox halda h\u0259y\u0259tl\u0259rd\u0259 h\u00fcnd\u00fcrm\u0259rt\u0259b\u0259li evl\u0259r tikilirdi\"}]},{\"@type\":\"WebSite\",\"@id\":\"https:\\\/\\\/www.meydan.tv\\\/az\\\/#website\",\"url\":\"https:\\\/\\\/www.meydan.tv\\\/az\\\/\",\"name\":\"MEYDAN.TV\",\"description\":\"Meydan TV Az\u0259rbaycan\u0131n media m\u0259kan\u0131ndak\u0131 alternativ s\u0259sidir\",\"publisher\":{\"@id\":\"https:\\\/\\\/www.meydan.tv\\\/az\\\/#organization\"},\"potentialAction\":[{\"@type\":\"SearchAction\",\"target\":{\"@type\":\"EntryPoint\",\"urlTemplate\":\"https:\\\/\\\/www.meydan.tv\\\/az\\\/?s={search_term_string}\"},\"query-input\":{\"@type\":\"PropertyValueSpecification\",\"valueRequired\":true,\"valueName\":\"search_term_string\"}}],\"inLanguage\":\"az\"},{\"@type\":\"Organization\",\"@id\":\"https:\\\/\\\/www.meydan.tv\\\/az\\\/#organization\",\"name\":\"Meydan TV\",\"url\":\"https:\\\/\\\/www.meydan.tv\\\/az\\\/\",\"logo\":{\"@type\":\"ImageObject\",\"inLanguage\":\"az\",\"@id\":\"https:\\\/\\\/www.meydan.tv\\\/az\\\/#\\\/schema\\\/logo\\\/image\\\/\",\"url\":\"https:\\\/\\\/www.meydan.tv\\\/wp-content\\\/uploads\\\/2021\\\/07\\\/meydan-logo.svg\",\"contentUrl\":\"https:\\\/\\\/www.meydan.tv\\\/wp-content\\\/uploads\\\/2021\\\/07\\\/meydan-logo.svg\",\"width\":195,\"height\":46,\"caption\":\"Meydan TV\"},\"image\":{\"@id\":\"https:\\\/\\\/www.meydan.tv\\\/az\\\/#\\\/schema\\\/logo\\\/image\\\/\"}},{\"@type\":\"Person\",\"@id\":\"https:\\\/\\\/www.meydan.tv\\\/az\\\/#\\\/schema\\\/person\\\/10d11eccf6da3662cf5fdab9806ea91a\",\"name\":\"user-manager\"}]}<\/script>\n<!-- \/ Yoast SEO plugin. -->","yoast_head_json":{"title":"\u0130lham \u018fliyev: Bir \u00e7ox halda h\u0259y\u0259tl\u0259rd\u0259 h\u00fcnd\u00fcrm\u0259rt\u0259b\u0259li evl\u0259r tikilirdi - MEYDAN.TV","robots":{"index":"index","follow":"follow","max-snippet":"max-snippet:-1","max-image-preview":"max-image-preview:large","max-video-preview":"max-video-preview:-1"},"canonical":"https:\/\/www.meydan.tv\/az\/article\/ilham-eliyev-bir-cox-halda-heyetlerde-hundurmertebeli-evler-tikilirdi\/","og_locale":"az_AZ","og_type":"article","og_title":"\u0130lham \u018fliyev: Bir \u00e7ox halda h\u0259y\u0259tl\u0259rd\u0259 h\u00fcnd\u00fcrm\u0259rt\u0259b\u0259li evl\u0259r tikilirdi - MEYDAN.TV","og_description":"B\u0259zi hallarda tarixi binalar\u0131 s\u00f6k\u00fcrl\u0259r, onlar\u0131n yerind\u0259 eyb\u0259c\u0259r h\u00fcnd\u00fcrm\u0259rt\u0259b\u0259li binalar tikirl\u0259r.","og_url":"https:\/\/www.meydan.tv\/az\/article\/ilham-eliyev-bir-cox-halda-heyetlerde-hundurmertebeli-evler-tikilirdi\/","og_site_name":"MEYDAN.TV","article_published_time":"2019-11-04T15:48:07+00:00","og_image":[{"width":995,"height":669,"url":"https:\/\/www.meydan.tv\/wp-content\/uploads\/15728689432001610833_1000x669.jpg","type":"image\/jpeg"}],"author":"user-manager","twitter_card":"summary_large_image","schema":{"@context":"https:\/\/schema.org","@graph":[{"@type":"Article","@id":"https:\/\/www.meydan.tv\/az\/article\/ilham-eliyev-bir-cox-halda-heyetlerde-hundurmertebeli-evler-tikilirdi\/#article","isPartOf":{"@id":"https:\/\/www.meydan.tv\/az\/article\/ilham-eliyev-bir-cox-halda-heyetlerde-hundurmertebeli-evler-tikilirdi\/"},"author":{"name":"user-manager","@id":"https:\/\/www.meydan.tv\/az\/#\/schema\/person\/10d11eccf6da3662cf5fdab9806ea91a"},"headline":"\u0130lham \u018fliyev: Bir \u00e7ox halda h\u0259y\u0259tl\u0259rd\u0259 h\u00fcnd\u00fcrm\u0259rt\u0259b\u0259li evl\u0259r tikilirdi","datePublished":"2019-11-04T15:48:07+00:00","mainEntityOfPage":{"@id":"https:\/\/www.meydan.tv\/az\/article\/ilham-eliyev-bir-cox-halda-heyetlerde-hundurmertebeli-evler-tikilirdi\/"},"wordCount":847,"publisher":{"@id":"https:\/\/www.meydan.tv\/az\/#organization"},"image":{"@id":"https:\/\/www.meydan.tv\/az\/article\/ilham-eliyev-bir-cox-halda-heyetlerde-hundurmertebeli-evler-tikilirdi\/#primaryimage"},"thumbnailUrl":"https:\/\/www.meydan.tv\/wp-content\/uploads\/15728689432001610833_1000x669.jpg","articleSection":["Sosial"],"inLanguage":"az"},{"@type":"WebPage","@id":"https:\/\/www.meydan.tv\/az\/article\/ilham-eliyev-bir-cox-halda-heyetlerde-hundurmertebeli-evler-tikilirdi\/","url":"https:\/\/www.meydan.tv\/az\/article\/ilham-eliyev-bir-cox-halda-heyetlerde-hundurmertebeli-evler-tikilirdi\/","name":"\u0130lham \u018fliyev: Bir \u00e7ox halda h\u0259y\u0259tl\u0259rd\u0259 h\u00fcnd\u00fcrm\u0259rt\u0259b\u0259li evl\u0259r tikilirdi - MEYDAN.TV","isPartOf":{"@id":"https:\/\/www.meydan.tv\/az\/#website"},"primaryImageOfPage":{"@id":"https:\/\/www.meydan.tv\/az\/article\/ilham-eliyev-bir-cox-halda-heyetlerde-hundurmertebeli-evler-tikilirdi\/#primaryimage"},"image":{"@id":"https:\/\/www.meydan.tv\/az\/article\/ilham-eliyev-bir-cox-halda-heyetlerde-hundurmertebeli-evler-tikilirdi\/#primaryimage"},"thumbnailUrl":"https:\/\/www.meydan.tv\/wp-content\/uploads\/15728689432001610833_1000x669.jpg","datePublished":"2019-11-04T15:48:07+00:00","breadcrumb":{"@id":"https:\/\/www.meydan.tv\/az\/article\/ilham-eliyev-bir-cox-halda-heyetlerde-hundurmertebeli-evler-tikilirdi\/#breadcrumb"},"inLanguage":"az","potentialAction":[{"@type":"ReadAction","target":["https:\/\/www.meydan.tv\/az\/article\/ilham-eliyev-bir-cox-halda-heyetlerde-hundurmertebeli-evler-tikilirdi\/"]}]},{"@type":"ImageObject","inLanguage":"az","@id":"https:\/\/www.meydan.tv\/az\/article\/ilham-eliyev-bir-cox-halda-heyetlerde-hundurmertebeli-evler-tikilirdi\/#primaryimage","url":"https:\/\/www.meydan.tv\/wp-content\/uploads\/15728689432001610833_1000x669.jpg","contentUrl":"https:\/\/www.meydan.tv\/wp-content\/uploads\/15728689432001610833_1000x669.jpg","width":995,"height":669,"caption":"Source: Foto: Az\u0259rtac"},{"@type":"BreadcrumbList","@id":"https:\/\/www.meydan.tv\/az\/article\/ilham-eliyev-bir-cox-halda-heyetlerde-hundurmertebeli-evler-tikilirdi\/#breadcrumb","itemListElement":[{"@type":"ListItem","position":1,"name":"Ana s\u0259hif\u0259","item":"https:\/\/www.meydan.tv\/az\/"},{"@type":"ListItem","position":2,"name":"Sosial","item":"https:\/\/www.meydan.tv\/az\/section\/sosial\/"},{"@type":"ListItem","position":3,"name":"\u0130lham \u018fliyev: Bir \u00e7ox halda h\u0259y\u0259tl\u0259rd\u0259 h\u00fcnd\u00fcrm\u0259rt\u0259b\u0259li evl\u0259r tikilirdi"}]},{"@type":"WebSite","@id":"https:\/\/www.meydan.tv\/az\/#website","url":"https:\/\/www.meydan.tv\/az\/","name":"MEYDAN.TV","description":"Meydan TV Az\u0259rbaycan\u0131n media m\u0259kan\u0131ndak\u0131 alternativ s\u0259sidir","publisher":{"@id":"https:\/\/www.meydan.tv\/az\/#organization"},"potentialAction":[{"@type":"SearchAction","target":{"@type":"EntryPoint","urlTemplate":"https:\/\/www.meydan.tv\/az\/?s={search_term_string}"},"query-input":{"@type":"PropertyValueSpecification","valueRequired":true,"valueName":"search_term_string"}}],"inLanguage":"az"},{"@type":"Organization","@id":"https:\/\/www.meydan.tv\/az\/#organization","name":"Meydan TV","url":"https:\/\/www.meydan.tv\/az\/","logo":{"@type":"ImageObject","inLanguage":"az","@id":"https:\/\/www.meydan.tv\/az\/#\/schema\/logo\/image\/","url":"https:\/\/www.meydan.tv\/wp-content\/uploads\/2021\/07\/meydan-logo.svg","contentUrl":"https:\/\/www.meydan.tv\/wp-content\/uploads\/2021\/07\/meydan-logo.svg","width":195,"height":46,"caption":"Meydan TV"},"image":{"@id":"https:\/\/www.meydan.tv\/az\/#\/schema\/logo\/image\/"}},{"@type":"Person","@id":"https:\/\/www.meydan.tv\/az\/#\/schema\/person\/10d11eccf6da3662cf5fdab9806ea91a","name":"user-manager"}]}},"_links":{"self":[{"href":"https:\/\/www.meydan.tv\/az\/wp-json\/wp\/v2\/posts\/197792","targetHints":{"allow":["GET"]}}],"collection":[{"href":"https:\/\/www.meydan.tv\/az\/wp-json\/wp\/v2\/posts"}],"about":[{"href":"https:\/\/www.meydan.tv\/az\/wp-json\/wp\/v2\/types\/post"}],"author":[{"embeddable":true,"href":"https:\/\/www.meydan.tv\/az\/wp-json\/wp\/v2\/users\/11"}],"replies":[{"embeddable":true,"href":"https:\/\/www.meydan.tv\/az\/wp-json\/wp\/v2\/comments?post=197792"}],"version-history":[{"count":0,"href":"https:\/\/www.meydan.tv\/az\/wp-json\/wp\/v2\/posts\/197792\/revisions"}],"wp:featuredmedia":[{"embeddable":true,"href":"https:\/\/www.meydan.tv\/az\/wp-json\/wp\/v2\/media\/132690"}],"wp:attachment":[{"href":"https:\/\/www.meydan.tv\/az\/wp-json\/wp\/v2\/media?parent=197792"}],"wp:term":[{"taxonomy":"category","embeddable":true,"href":"https:\/\/www.meydan.tv\/az\/wp-json\/wp\/v2\/categories?post=197792"},{"taxonomy":"post_tag","embeddable":true,"href":"https:\/\/www.meydan.tv\/az\/wp-json\/wp\/v2\/tags?post=197792"}],"curies":[{"name":"wp","href":"https:\/\/api.w.org\/{rel}","templated":true}]}}