{"id":197780,"date":"2019-11-03T12:01:44","date_gmt":"2019-11-03T12:01:44","guid":{"rendered":"https:\/\/www.meydan.tv\/article\/9-ildir-hamam-nedir-bilmirem-evin-icinde-yuyunuram\/"},"modified":"2019-11-03T12:01:44","modified_gmt":"2019-11-03T12:01:44","slug":"9-ildir-hamam-nedir-bilmirem-evin-icinde-yuyunuram","status":"publish","type":"post","link":"https:\/\/www.meydan.tv\/az\/article\/9-ildir-hamam-nedir-bilmirem-evin-icinde-yuyunuram\/","title":{"rendered":"\u201c9 ildir hamam n\u0259dir bilmir\u0259m, evin i\u00e7ind\u0259 yuyunuram\u201d"},"content":{"rendered":"<p>\n  <i><br \/>\n    Yataq x\u0259st\u0259si olan \u0130smay\u0131ll\u0131 sakini evsizlikd\u0259n \u0259ziyy\u0259t \u00e7\u0259kdiyini deyir<br \/>\n  <\/i>\n<\/p>\n<p>\n  31 ya\u015fl\u0131 \u0130smay\u0131ll\u0131 sakini Rasim \u015eahm\u0259mm\u0259dovun 1-ci qrup \u0259lilliyi var. H\u0259yat yolda\u015f\u0131 is\u0259 onkoloji x\u0259st\u0259likd\u0259n \u0259ziyy\u0259t \u00e7\u0259kir. Ail\u0259nin 10 ya\u015fl\u0131 \u00f6vlad\u0131 var v\u0259 bu g\u00fcn \u00e7ox \u00e7\u0259tin durumda ya\u015fad\u0131qlar\u0131n\u0131 s\u00f6yl\u0259yirl\u0259r. S\u0259b\u0259b h\u0259r ikisinin i\u015f qabiliyy\u0259tinin olmamas\u0131, \u00f6zl\u0259rini m\u0259nzill\u0259 t\u0259min ed\u0259 bilm\u0259m\u0259l\u0259ridir.\n<\/p>\n<p>\n  Rasim \u015eahm\u0259mm\u0259dov ail\u0259si il\u0259 birg\u0259 atas\u0131ndan qalan evd\u0259 m\u0259skunla\u015f\u0131b:\n<\/p>\n<p>\n  \u201cAd\u0259tl\u0259r\u0259 g\u00f6r\u0259, ata evi sonuncu, \u0259n ki\u00e7ik \u00f6vlada qalmal\u0131d\u0131r. Bizd\u0259 d\u0259 ki\u00e7ik qarda\u015f\u0131ma verilib. O, evl\u0259n\u0259nd\u0259n sonra biz bu evd\u0259n \u00e7\u0131xmal\u0131 idik. Amma v\u0259ziyy\u0259tim \u0259l verm\u0259di. 9 il \u0259vv\u0259l q\u0259za ke\u00e7irdim v\u0259 \u0259lil qald\u0131m. Sema\u015fko x\u0259st\u0259xanas\u0131nda (1 sayl\u0131 Kliniki Tibbi M\u0259rk\u0259zd\u0259-red) \u0259m\u0259liyyat oldum. S\u0259hv \u0259m\u0259liyyat n\u0259tic\u0259sind\u0259 n\u0259 dizim b\u00fck\u00fcl\u00fcr, n\u0259 d\u0259 belim qatlan\u0131r. Yerim\u0259yi qoyuram bir k\u0259nara, he\u00e7 otura da bilmir\u0259m\u201d.\n<\/p>\n<p>\n  Rasim \u015eahm\u0259mm\u0259dov 2010-cu ild\u0259 a\u011f\u0131r avomobil q\u0259zas\u0131 ke\u00e7irib. O vaxtacan \u0130smay\u0131ll\u0131-Bak\u0131 aras\u0131nda mikroavtobus s\u00fcr\u0259r\u0259k ail\u0259sini doland\u0131r\u0131rm\u0131\u015f. Q\u0259zadan sonra beli s\u0131n\u0131b. O vaxtdan b\u0259ri n\u0259 g\u0259z\u0259, n\u0259 otur bilir:\n<\/p>\n<p>\n  \u201cHe\u00e7 \u0259lil arabas\u0131nda da otura bilmir\u0259m. B\u00fct\u00fcn g\u00fcn\u00fc uzan\u0131l\u0131 v\u0259ziyy\u0259td\u0259y\u0259m. \u018fm\u0259liyyatla d\u00fcz\u0259l\u0259 bil\u0259r. Almaniyada, \u0130sraild\u0259, T\u00fcrkiy\u0259d\u0259 edirl\u0259r, ancaq bizim h\u0259kiml\u0259r boyunlar\u0131na g\u00f6t\u00fcrm\u00fcrl\u0259r. Deyirl\u0259r: \u201c\u0259limizd\u0259 \u00f6l\u0259rs\u0259n\u201d. Xaric\u0259 getm\u0259y\u0259 d\u0259 m\u0259nim imkan\u0131m \u00e7atm\u0131r. Bir ne\u00e7\u0259 d\u0259f\u0259 aidiyyat\u0131 qurumlara da yazd\u0131m, baxan olmad\u0131\u201d.\n<\/p>\n<p>\n  \u015eikay\u0259t\u00e7i deyir ki, n\u0259 ev, n\u0259 d\u0259 \u0259m\u0259liyyatla ba\u011fl\u0131 m\u00fcraci\u0259tin\u0259 baxan var. At\u0131q \u00fcmidini k\u0259sib:\n<\/p>\n<p>\n  \u201cH\u0259yat yolda\u015f\u0131ma y\u00fck\u0259m. O yaz\u0131q da 2015-ci ild\u0259n x\u0259r\u00e7\u0259ng x\u0259st\u0259liyind\u0259n \u0259ziyy\u0259t \u00e7\u0259kir. \u0130kimiz d\u0259 x\u0259st\u0259yik. Yolda\u015f\u0131m \u0259m\u0259liyyat olunub. Ayda bir d\u0259f\u0259 bir iyn\u0259si var, m\u00fctl\u0259q vurulmal\u0131d\u0131r. Bahad\u0131r, g\u00fccl\u0259 \u00e7atd\u0131r\u0131r\u0131q. \u00c7\u0259tindir, m\u00fcalic\u0259, ya\u015famaq&#8230; O\u011flumuzu \u00e7ox \u00e7\u0259tinlikl\u0259 m\u0259kt\u0259b\u0259 g\u00f6nd\u0259r\u0259 bilirik\u201d.\n<\/p>\n<p>\n  Rasim \u015eahm\u0259mm\u0259dov 2014-c\u00fc ild\u0259n ev n\u00f6vb\u0259sin\u0259 yaz\u0131l\u0131b. Deyir, 5 ildir h\u0259l\u0259 ona n\u00f6vb\u0259 g\u0259lib \u00e7atmay\u0131b:\n<\/p>\n<p>\n  \u201cYuxar\u0131lara yaz\u0131ram. Cavab g\u0259lir ki, yerli icra hakimiyy\u0259tin\u0259 m\u00fcac\u0259t etm\u0259liy\u0259m. Yerli icra hakimiyy\u0259ti d\u0259 ancaq bir s\u00f6z bilir: \u201cN\u0259 vaxtsa ev tikil\u0259rs\u0259, siz\u0259 d\u0259 veril\u0259c\u0259k\u201d. \u0130zah ed\u0259 bilmir\u0259m ki, haz\u0131rda pis durumdayam, indi laz\u0131md\u0131r. G\u00f6zl\u0259m\u0259k d\u0259 olmur. M\u0259n n\u0259 q\u0259d\u0259r ba\u015fqas\u0131n\u0131n evind\u0259 ya\u015famal\u0131yam? 9-10 ildir m\u0259n hamam n\u0259dir bilmir\u0259m, evin i\u00e7ind\u0259 yuyunmal\u0131 oluram. \u00c7\u00fcnki hamam h\u0259y\u0259td\u0259dir v\u0259 yolda\u015f\u0131m\u0131n g\u00fcc\u00fc \u00e7atm\u0131r m\u0259ni ora da\u015f\u0131ma\u011fa. Amma \u0259lilliyi olan insanlar \u00fc\u00e7\u00fcn tikil\u0259n evl\u0259rd\u0259 \u015f\u0259rait f\u0259rqli olur ax\u0131\u201d.\n<\/p>\n<p>\n  \u018fm\u0259k v\u0259 \u018fhalinin Sosial M\u00fcdafi\u0259si Nazirliyi deyir ki, onlar ancaq Qaraba\u011f d\u00f6y\u00fc\u015f\u00fcnd\u0259 \u0259lillik qazanm\u0131\u015f v\u0259 \u015f\u0259hid ail\u0259l\u0259rinin evl\u0259 t\u0259min olunmas\u0131 m\u0259s\u0259l\u0259sin\u0259 bax\u0131rlar. \u00dcmumi s\u0259b\u0259bd\u0259n \u0259lil olmu\u015f insanlara ancaq yerli icra hakimiyy\u0259tl\u0259ri ev ver\u0259 bil\u0259r.\n<\/p>\n<p>\n  \u0130smay\u0131ll\u0131 Rayon \u0130cra Hakimiyy\u0259ti ba\u015f\u00e7\u0131s\u0131n\u0131n birinci m\u00fcavini R\u00f6v\u015f\u0259n A\u011fayev is\u0259 deyir ki, haz\u0131rda yaln\u0131z Qaraba\u011f \u0259lill\u0259ri v\u0259 \u015f\u0259hid ail\u0259l\u0259ri m\u0259nzill\u0259 t\u0259min edilir. \u00dcmumi s\u0259b\u0259bd\u0259n \u0259lilliyi olanlar\u0131n evl\u0259 t\u0259min edilm\u0259si \u00fc\u00e7\u00fcn v\u0259sait ayr\u0131lm\u0131r. Onlar \u00fc\u00e7\u00fcn ya\u015fay\u0131\u015f evl\u0259ri tikilmir:\n<\/p>\n<p>\n  \u201cAncaq icra hakimiyy\u0259tinin imkanlar\u0131 daxilind\u0259 biz o ail\u0259y\u0259 h\u0259mi\u015f\u0259 k\u00f6m\u0259k olmu\u015fuq. \u00d6z\u00fc d\u0259 Rasim b\u0259yin h\u0259yat yolda\u015f\u0131 da onkoloji x\u0259st\u0259dir, bilirik. Bilmir\u0259m siz\u0259 deyib, dem\u0259yibl\u0259r, h\u0259tta biz onun evin\u0259 \u0259lil arabas\u0131n\u0131n rahat h\u0259r\u0259k\u0259t ed\u0259 bilm\u0259si \u00fc\u00e7\u00fcn panduslar da d\u00fcz\u0259ltmi\u015fik. Ail\u0259y\u0259 d\u0259 bir ne\u00e7\u0259 d\u0259f\u0259 maddi yard\u0131m g\u00f6st\u0259rmi\u015fik. Bu g\u00fcn bizim g\u00fcc\u00fcm\u00fcz \u00e7atan budur. Ev\u0259 ehtiyac\u0131 olanlar\u0131n qeydiyyat\u0131na da al\u0131n\u0131b. N\u0259 zaman \u0130smay\u0131ll\u0131 rayonunda o t\u0259yinatda bina tikils\u0259, h\u0259min ail\u0259nin d\u0259 m\u0259nzil m\u0259s\u0259l\u0259sin\u0259 bax\u0131lacaq\u201d.\n<\/p>\n<p>\n  R\u00f6v\u015f\u0259n A\u011fayev deyir ki, \u0130smay\u0131ll\u0131 rayonunda ev\u0259 ehtiyac\u0131 olan \u00e7ox insan var. Ham\u0131s\u0131n\u0131 qeydiyyata g\u00f6t\u00fcr\u00fcbl\u0259r:\n<\/p>\n<p>\n  \u201cO ail\u0259l\u0259rin ham\u0131s\u0131nda bir n\u0259f\u0259rd\u0259n art\u0131q adam\u0131n \u0259lilliyi var v\u0259 yaxud uzun xroniki x\u0259st\u0259likl\u0259rd\u0259n, onkoloji x\u0259st\u0259likl\u0259rd\u0259n \u0259ziyy\u0259t \u00e7\u0259kirl\u0259r. O adamlar\u0131 qeydiyyatda saxlam\u0131\u015f\u0131q. Ev olan kimi ham\u0131s\u0131n\u0131 t\u0259min ed\u0259c\u0259yik. Haz\u0131rda is\u0259 kimis\u0259 m\u0259nzill\u0259 t\u0259min etm\u0259k bizim imkan\u0131m\u0131z xaricind\u0259dir. Nazirliy\u0259 m\u00fcraci\u0259t edibl\u0259r. Nazirlik d\u0259 bildirib ki, rayon icra hakimiyy\u0259tin\u0259 m\u00fcraci\u0259t edin, sizi qeydiyyata als\u0131nlar. Biz d\u0259 bu i\u015fi g\u00f6rm\u00fc\u015f\u00fck. Bundan art\u0131\u011f\u0131 g\u0259lmir \u0259limizd\u0259n\u201d.\n<\/p>\n<p>\n  Rasim \u015eahm\u0259mm\u0259dov is\u0259 deyir ki, bundan sonra n\u0259 q\u0259d\u0259r ya\u015fayaca\u011f\u0131n\u0131 bilmir:\n<\/p>\n<p>\n  \u201c\u0130nsan b\u00fct\u00fcn g\u00fcn\u00fc n\u0259 q\u0259d\u0259r uzanar. He\u00e7 yer\u0259 \u00e7\u0131xa bilmir\u0259m, he\u00e7 n\u0259d\u0259n z\u00f6vq alm\u0131ram, \u00e7\u0259tindir. He\u00e7 oturub yem\u0259k d\u0259 yey\u0259 bilmir\u0259m. Bunlar da deyirl\u0259r ki, n\u0259 vaxtda ev tikil\u0259nd\u0259 siz\u0259 veril\u0259c\u0259k. Bu, n\u0259 zaman olacaq? M\u0259n n\u0259 vaxt normal \u015f\u0259raitli evd\u0259 ya\u015fayaca\u011fam?\u201d<\/p>\n","protected":false},"excerpt":{"rendered":"<p>Yataq x\u0259st\u0259si olan \u0130smay\u0131ll\u0131 sakini evsizlikd\u0259n \u0259ziyy\u0259t \u00e7\u0259kdiyini deyir<\/p>\n","protected":false},"author":11,"featured_media":132644,"comment_status":"closed","ping_status":"open","sticky":false,"template":"","format":"standard","meta":{"_acf_changed":false,"_sitemap_exclude":false,"_sitemap_priority":"","_sitemap_frequency":"","footnotes":""},"categories":[60],"tags":[],"class_list":["post-197780","post","type-post","status-publish","format-standard","has-post-thumbnail","hentry","category-bolge","infinite-scroll-item","generate-columns","tablet-grid-50","mobile-grid-100","grid-parent","grid-33","no-featured-image-padding"],"acf":[],"yoast_head":"<!-- This site is optimized with the Yoast SEO plugin v27.5 - https:\/\/yoast.com\/product\/yoast-seo-wordpress\/ -->\n<title>\u201c9 ildir hamam n\u0259dir bilmir\u0259m, evin i\u00e7ind\u0259 yuyunuram\u201d - MEYDAN.TV<\/title>\n<meta name=\"robots\" content=\"index, follow, max-snippet:-1, max-image-preview:large, max-video-preview:-1\" \/>\n<link rel=\"canonical\" href=\"https:\/\/www.meydan.tv\/az\/article\/9-ildir-hamam-nedir-bilmirem-evin-icinde-yuyunuram\/\" \/>\n<meta property=\"og:locale\" content=\"az_AZ\" \/>\n<meta property=\"og:type\" content=\"article\" \/>\n<meta property=\"og:title\" content=\"\u201c9 ildir hamam n\u0259dir bilmir\u0259m, evin i\u00e7ind\u0259 yuyunuram\u201d - MEYDAN.TV\" \/>\n<meta property=\"og:description\" content=\"Yataq x\u0259st\u0259si olan \u0130smay\u0131ll\u0131 sakini evsizlikd\u0259n \u0259ziyy\u0259t \u00e7\u0259kdiyini deyir\" \/>\n<meta property=\"og:url\" content=\"https:\/\/www.meydan.tv\/az\/article\/9-ildir-hamam-nedir-bilmirem-evin-icinde-yuyunuram\/\" \/>\n<meta property=\"og:site_name\" content=\"MEYDAN.TV\" \/>\n<meta property=\"article:published_time\" content=\"2019-11-03T12:01:44+00:00\" \/>\n<meta property=\"og:image\" content=\"https:\/\/www.meydan.tv\/wp-content\/uploads\/68935002-f72f-4d37-8883-d1da056efaec-scaled.jpeg\" \/>\n\t<meta property=\"og:image:width\" content=\"2560\" \/>\n\t<meta property=\"og:image:height\" content=\"1920\" \/>\n\t<meta property=\"og:image:type\" content=\"image\/jpeg\" \/>\n<meta name=\"author\" content=\"user-manager\" \/>\n<meta name=\"twitter:card\" content=\"summary_large_image\" \/>\n<script type=\"application\/ld+json\" class=\"yoast-schema-graph\">{\"@context\":\"https:\\\/\\\/schema.org\",\"@graph\":[{\"@type\":\"Article\",\"@id\":\"https:\\\/\\\/www.meydan.tv\\\/az\\\/article\\\/9-ildir-hamam-nedir-bilmirem-evin-icinde-yuyunuram\\\/#article\",\"isPartOf\":{\"@id\":\"https:\\\/\\\/www.meydan.tv\\\/az\\\/article\\\/9-ildir-hamam-nedir-bilmirem-evin-icinde-yuyunuram\\\/\"},\"author\":{\"name\":\"user-manager\",\"@id\":\"https:\\\/\\\/www.meydan.tv\\\/az\\\/#\\\/schema\\\/person\\\/10d11eccf6da3662cf5fdab9806ea91a\"},\"headline\":\"\u201c9 ildir hamam n\u0259dir bilmir\u0259m, evin i\u00e7ind\u0259 yuyunuram\u201d\",\"datePublished\":\"2019-11-03T12:01:44+00:00\",\"mainEntityOfPage\":{\"@id\":\"https:\\\/\\\/www.meydan.tv\\\/az\\\/article\\\/9-ildir-hamam-nedir-bilmirem-evin-icinde-yuyunuram\\\/\"},\"wordCount\":1005,\"publisher\":{\"@id\":\"https:\\\/\\\/www.meydan.tv\\\/az\\\/#organization\"},\"image\":{\"@id\":\"https:\\\/\\\/www.meydan.tv\\\/az\\\/article\\\/9-ildir-hamam-nedir-bilmirem-evin-icinde-yuyunuram\\\/#primaryimage\"},\"thumbnailUrl\":\"https:\\\/\\\/www.meydan.tv\\\/wp-content\\\/uploads\\\/68935002-f72f-4d37-8883-d1da056efaec-scaled.jpeg\",\"articleSection\":[\"B\u00f6lg\u0259\"],\"inLanguage\":\"az\"},{\"@type\":\"WebPage\",\"@id\":\"https:\\\/\\\/www.meydan.tv\\\/az\\\/article\\\/9-ildir-hamam-nedir-bilmirem-evin-icinde-yuyunuram\\\/\",\"url\":\"https:\\\/\\\/www.meydan.tv\\\/az\\\/article\\\/9-ildir-hamam-nedir-bilmirem-evin-icinde-yuyunuram\\\/\",\"name\":\"\u201c9 ildir hamam n\u0259dir bilmir\u0259m, evin i\u00e7ind\u0259 yuyunuram\u201d - MEYDAN.TV\",\"isPartOf\":{\"@id\":\"https:\\\/\\\/www.meydan.tv\\\/az\\\/#website\"},\"primaryImageOfPage\":{\"@id\":\"https:\\\/\\\/www.meydan.tv\\\/az\\\/article\\\/9-ildir-hamam-nedir-bilmirem-evin-icinde-yuyunuram\\\/#primaryimage\"},\"image\":{\"@id\":\"https:\\\/\\\/www.meydan.tv\\\/az\\\/article\\\/9-ildir-hamam-nedir-bilmirem-evin-icinde-yuyunuram\\\/#primaryimage\"},\"thumbnailUrl\":\"https:\\\/\\\/www.meydan.tv\\\/wp-content\\\/uploads\\\/68935002-f72f-4d37-8883-d1da056efaec-scaled.jpeg\",\"datePublished\":\"2019-11-03T12:01:44+00:00\",\"breadcrumb\":{\"@id\":\"https:\\\/\\\/www.meydan.tv\\\/az\\\/article\\\/9-ildir-hamam-nedir-bilmirem-evin-icinde-yuyunuram\\\/#breadcrumb\"},\"inLanguage\":\"az\",\"potentialAction\":[{\"@type\":\"ReadAction\",\"target\":[\"https:\\\/\\\/www.meydan.tv\\\/az\\\/article\\\/9-ildir-hamam-nedir-bilmirem-evin-icinde-yuyunuram\\\/\"]}]},{\"@type\":\"ImageObject\",\"inLanguage\":\"az\",\"@id\":\"https:\\\/\\\/www.meydan.tv\\\/az\\\/article\\\/9-ildir-hamam-nedir-bilmirem-evin-icinde-yuyunuram\\\/#primaryimage\",\"url\":\"https:\\\/\\\/www.meydan.tv\\\/wp-content\\\/uploads\\\/68935002-f72f-4d37-8883-d1da056efaec-scaled.jpeg\",\"contentUrl\":\"https:\\\/\\\/www.meydan.tv\\\/wp-content\\\/uploads\\\/68935002-f72f-4d37-8883-d1da056efaec-scaled.jpeg\",\"width\":2560,\"height\":1920,\"caption\":\"Source: Meydan Tv\"},{\"@type\":\"BreadcrumbList\",\"@id\":\"https:\\\/\\\/www.meydan.tv\\\/az\\\/article\\\/9-ildir-hamam-nedir-bilmirem-evin-icinde-yuyunuram\\\/#breadcrumb\",\"itemListElement\":[{\"@type\":\"ListItem\",\"position\":1,\"name\":\"Ana s\u0259hif\u0259\",\"item\":\"https:\\\/\\\/www.meydan.tv\\\/az\\\/\"},{\"@type\":\"ListItem\",\"position\":2,\"name\":\"B\u00f6lg\u0259\",\"item\":\"https:\\\/\\\/www.meydan.tv\\\/az\\\/section\\\/bolge\\\/\"},{\"@type\":\"ListItem\",\"position\":3,\"name\":\"\u201c9 ildir hamam n\u0259dir bilmir\u0259m, evin i\u00e7ind\u0259 yuyunuram\u201d\"}]},{\"@type\":\"WebSite\",\"@id\":\"https:\\\/\\\/www.meydan.tv\\\/az\\\/#website\",\"url\":\"https:\\\/\\\/www.meydan.tv\\\/az\\\/\",\"name\":\"MEYDAN.TV\",\"description\":\"Meydan TV Az\u0259rbaycan\u0131n media m\u0259kan\u0131ndak\u0131 alternativ s\u0259sidir\",\"publisher\":{\"@id\":\"https:\\\/\\\/www.meydan.tv\\\/az\\\/#organization\"},\"potentialAction\":[{\"@type\":\"SearchAction\",\"target\":{\"@type\":\"EntryPoint\",\"urlTemplate\":\"https:\\\/\\\/www.meydan.tv\\\/az\\\/?s={search_term_string}\"},\"query-input\":{\"@type\":\"PropertyValueSpecification\",\"valueRequired\":true,\"valueName\":\"search_term_string\"}}],\"inLanguage\":\"az\"},{\"@type\":\"Organization\",\"@id\":\"https:\\\/\\\/www.meydan.tv\\\/az\\\/#organization\",\"name\":\"Meydan TV\",\"url\":\"https:\\\/\\\/www.meydan.tv\\\/az\\\/\",\"logo\":{\"@type\":\"ImageObject\",\"inLanguage\":\"az\",\"@id\":\"https:\\\/\\\/www.meydan.tv\\\/az\\\/#\\\/schema\\\/logo\\\/image\\\/\",\"url\":\"https:\\\/\\\/www.meydan.tv\\\/wp-content\\\/uploads\\\/2021\\\/07\\\/meydan-logo.svg\",\"contentUrl\":\"https:\\\/\\\/www.meydan.tv\\\/wp-content\\\/uploads\\\/2021\\\/07\\\/meydan-logo.svg\",\"width\":195,\"height\":46,\"caption\":\"Meydan TV\"},\"image\":{\"@id\":\"https:\\\/\\\/www.meydan.tv\\\/az\\\/#\\\/schema\\\/logo\\\/image\\\/\"}},{\"@type\":\"Person\",\"@id\":\"https:\\\/\\\/www.meydan.tv\\\/az\\\/#\\\/schema\\\/person\\\/10d11eccf6da3662cf5fdab9806ea91a\",\"name\":\"user-manager\"}]}<\/script>\n<!-- \/ Yoast SEO plugin. -->","yoast_head_json":{"title":"\u201c9 ildir hamam n\u0259dir bilmir\u0259m, evin i\u00e7ind\u0259 yuyunuram\u201d - MEYDAN.TV","robots":{"index":"index","follow":"follow","max-snippet":"max-snippet:-1","max-image-preview":"max-image-preview:large","max-video-preview":"max-video-preview:-1"},"canonical":"https:\/\/www.meydan.tv\/az\/article\/9-ildir-hamam-nedir-bilmirem-evin-icinde-yuyunuram\/","og_locale":"az_AZ","og_type":"article","og_title":"\u201c9 ildir hamam n\u0259dir bilmir\u0259m, evin i\u00e7ind\u0259 yuyunuram\u201d - MEYDAN.TV","og_description":"Yataq x\u0259st\u0259si olan \u0130smay\u0131ll\u0131 sakini evsizlikd\u0259n \u0259ziyy\u0259t \u00e7\u0259kdiyini deyir","og_url":"https:\/\/www.meydan.tv\/az\/article\/9-ildir-hamam-nedir-bilmirem-evin-icinde-yuyunuram\/","og_site_name":"MEYDAN.TV","article_published_time":"2019-11-03T12:01:44+00:00","og_image":[{"width":2560,"height":1920,"url":"https:\/\/www.meydan.tv\/wp-content\/uploads\/68935002-f72f-4d37-8883-d1da056efaec-scaled.jpeg","type":"image\/jpeg"}],"author":"user-manager","twitter_card":"summary_large_image","schema":{"@context":"https:\/\/schema.org","@graph":[{"@type":"Article","@id":"https:\/\/www.meydan.tv\/az\/article\/9-ildir-hamam-nedir-bilmirem-evin-icinde-yuyunuram\/#article","isPartOf":{"@id":"https:\/\/www.meydan.tv\/az\/article\/9-ildir-hamam-nedir-bilmirem-evin-icinde-yuyunuram\/"},"author":{"name":"user-manager","@id":"https:\/\/www.meydan.tv\/az\/#\/schema\/person\/10d11eccf6da3662cf5fdab9806ea91a"},"headline":"\u201c9 ildir hamam n\u0259dir bilmir\u0259m, evin i\u00e7ind\u0259 yuyunuram\u201d","datePublished":"2019-11-03T12:01:44+00:00","mainEntityOfPage":{"@id":"https:\/\/www.meydan.tv\/az\/article\/9-ildir-hamam-nedir-bilmirem-evin-icinde-yuyunuram\/"},"wordCount":1005,"publisher":{"@id":"https:\/\/www.meydan.tv\/az\/#organization"},"image":{"@id":"https:\/\/www.meydan.tv\/az\/article\/9-ildir-hamam-nedir-bilmirem-evin-icinde-yuyunuram\/#primaryimage"},"thumbnailUrl":"https:\/\/www.meydan.tv\/wp-content\/uploads\/68935002-f72f-4d37-8883-d1da056efaec-scaled.jpeg","articleSection":["B\u00f6lg\u0259"],"inLanguage":"az"},{"@type":"WebPage","@id":"https:\/\/www.meydan.tv\/az\/article\/9-ildir-hamam-nedir-bilmirem-evin-icinde-yuyunuram\/","url":"https:\/\/www.meydan.tv\/az\/article\/9-ildir-hamam-nedir-bilmirem-evin-icinde-yuyunuram\/","name":"\u201c9 ildir hamam n\u0259dir bilmir\u0259m, evin i\u00e7ind\u0259 yuyunuram\u201d - MEYDAN.TV","isPartOf":{"@id":"https:\/\/www.meydan.tv\/az\/#website"},"primaryImageOfPage":{"@id":"https:\/\/www.meydan.tv\/az\/article\/9-ildir-hamam-nedir-bilmirem-evin-icinde-yuyunuram\/#primaryimage"},"image":{"@id":"https:\/\/www.meydan.tv\/az\/article\/9-ildir-hamam-nedir-bilmirem-evin-icinde-yuyunuram\/#primaryimage"},"thumbnailUrl":"https:\/\/www.meydan.tv\/wp-content\/uploads\/68935002-f72f-4d37-8883-d1da056efaec-scaled.jpeg","datePublished":"2019-11-03T12:01:44+00:00","breadcrumb":{"@id":"https:\/\/www.meydan.tv\/az\/article\/9-ildir-hamam-nedir-bilmirem-evin-icinde-yuyunuram\/#breadcrumb"},"inLanguage":"az","potentialAction":[{"@type":"ReadAction","target":["https:\/\/www.meydan.tv\/az\/article\/9-ildir-hamam-nedir-bilmirem-evin-icinde-yuyunuram\/"]}]},{"@type":"ImageObject","inLanguage":"az","@id":"https:\/\/www.meydan.tv\/az\/article\/9-ildir-hamam-nedir-bilmirem-evin-icinde-yuyunuram\/#primaryimage","url":"https:\/\/www.meydan.tv\/wp-content\/uploads\/68935002-f72f-4d37-8883-d1da056efaec-scaled.jpeg","contentUrl":"https:\/\/www.meydan.tv\/wp-content\/uploads\/68935002-f72f-4d37-8883-d1da056efaec-scaled.jpeg","width":2560,"height":1920,"caption":"Source: Meydan Tv"},{"@type":"BreadcrumbList","@id":"https:\/\/www.meydan.tv\/az\/article\/9-ildir-hamam-nedir-bilmirem-evin-icinde-yuyunuram\/#breadcrumb","itemListElement":[{"@type":"ListItem","position":1,"name":"Ana s\u0259hif\u0259","item":"https:\/\/www.meydan.tv\/az\/"},{"@type":"ListItem","position":2,"name":"B\u00f6lg\u0259","item":"https:\/\/www.meydan.tv\/az\/section\/bolge\/"},{"@type":"ListItem","position":3,"name":"\u201c9 ildir hamam n\u0259dir bilmir\u0259m, evin i\u00e7ind\u0259 yuyunuram\u201d"}]},{"@type":"WebSite","@id":"https:\/\/www.meydan.tv\/az\/#website","url":"https:\/\/www.meydan.tv\/az\/","name":"MEYDAN.TV","description":"Meydan TV Az\u0259rbaycan\u0131n media m\u0259kan\u0131ndak\u0131 alternativ s\u0259sidir","publisher":{"@id":"https:\/\/www.meydan.tv\/az\/#organization"},"potentialAction":[{"@type":"SearchAction","target":{"@type":"EntryPoint","urlTemplate":"https:\/\/www.meydan.tv\/az\/?s={search_term_string}"},"query-input":{"@type":"PropertyValueSpecification","valueRequired":true,"valueName":"search_term_string"}}],"inLanguage":"az"},{"@type":"Organization","@id":"https:\/\/www.meydan.tv\/az\/#organization","name":"Meydan TV","url":"https:\/\/www.meydan.tv\/az\/","logo":{"@type":"ImageObject","inLanguage":"az","@id":"https:\/\/www.meydan.tv\/az\/#\/schema\/logo\/image\/","url":"https:\/\/www.meydan.tv\/wp-content\/uploads\/2021\/07\/meydan-logo.svg","contentUrl":"https:\/\/www.meydan.tv\/wp-content\/uploads\/2021\/07\/meydan-logo.svg","width":195,"height":46,"caption":"Meydan TV"},"image":{"@id":"https:\/\/www.meydan.tv\/az\/#\/schema\/logo\/image\/"}},{"@type":"Person","@id":"https:\/\/www.meydan.tv\/az\/#\/schema\/person\/10d11eccf6da3662cf5fdab9806ea91a","name":"user-manager"}]}},"_links":{"self":[{"href":"https:\/\/www.meydan.tv\/az\/wp-json\/wp\/v2\/posts\/197780","targetHints":{"allow":["GET"]}}],"collection":[{"href":"https:\/\/www.meydan.tv\/az\/wp-json\/wp\/v2\/posts"}],"about":[{"href":"https:\/\/www.meydan.tv\/az\/wp-json\/wp\/v2\/types\/post"}],"author":[{"embeddable":true,"href":"https:\/\/www.meydan.tv\/az\/wp-json\/wp\/v2\/users\/11"}],"replies":[{"embeddable":true,"href":"https:\/\/www.meydan.tv\/az\/wp-json\/wp\/v2\/comments?post=197780"}],"version-history":[{"count":0,"href":"https:\/\/www.meydan.tv\/az\/wp-json\/wp\/v2\/posts\/197780\/revisions"}],"wp:featuredmedia":[{"embeddable":true,"href":"https:\/\/www.meydan.tv\/az\/wp-json\/wp\/v2\/media\/132644"}],"wp:attachment":[{"href":"https:\/\/www.meydan.tv\/az\/wp-json\/wp\/v2\/media?parent=197780"}],"wp:term":[{"taxonomy":"category","embeddable":true,"href":"https:\/\/www.meydan.tv\/az\/wp-json\/wp\/v2\/categories?post=197780"},{"taxonomy":"post_tag","embeddable":true,"href":"https:\/\/www.meydan.tv\/az\/wp-json\/wp\/v2\/tags?post=197780"}],"curies":[{"name":"wp","href":"https:\/\/api.w.org\/{rel}","templated":true}]}}