{"id":197770,"date":"2019-11-01T14:04:00","date_gmt":"2019-11-01T14:04:00","guid":{"rendered":"https:\/\/www.meydan.tv\/article\/belediyye-sedri-masinimi-yandirtdi-polis-arasdirmir\/"},"modified":"2019-11-01T14:04:00","modified_gmt":"2019-11-01T14:04:00","slug":"belediyye-sedri-masinimi-yandirtdi-polis-arasdirmir","status":"publish","type":"post","link":"https:\/\/www.meydan.tv\/az\/article\/belediyye-sedri-masinimi-yandirtdi-polis-arasdirmir\/","title":{"rendered":"\u201cB\u0259l\u0259diyy\u0259 s\u0259dri ma\u015f\u0131n\u0131m\u0131 yand\u0131rtd\u0131, polis ara\u015fd\u0131rm\u0131r\u201d"},"content":{"rendered":"<p>\n  <i><br \/>\n    B\u0259l\u0259diyy\u0259 s\u0259dri: \u201cV\u0259t\u0259nda\u015f\u0131n dedikl\u0259ri \u015f\u0259r-b\u00f6htandan ba\u015fqa bir \u015fey deyil\u201d<br \/>\n  <\/i>\n<\/p>\n<p>\n  \u201cK\u0259ndimizin b\u0259l\u0259diyy\u0259 s\u0259dri ma\u015f\u0131n\u0131ma od vurub yand\u0131rtd\u0131rd\u0131. \u0130\u015f do\u011fru-d\u00fcr\u00fcst ara\u015fd\u0131r\u0131lm\u0131r. T\u0259k g\u0259lir yerim h\u0259min ma\u015f\u0131n idi. \u0130ndi o da yoxdur. Borclar\u0131m y\u0131\u011f\u0131l\u0131b, \u00f6d\u0259y\u0259 bilmir\u0259m. Ac\u0131nacaql\u0131 durumdayam\u201d.\n<\/p>\n<p>\n  Ucar rayonunun Alpout k\u0259ndinin sakini \u018f\u015fr\u0259f R\u0259himov bel\u0259 deyir. O, ma\u015f\u0131n\u0131n\u0131n 4 ay \u00f6nc\u0259, h\u0259y\u0259tl\u0259rind\u0259 od vurularaq yand\u0131r\u0131ld\u0131\u011f\u0131n\u0131 s\u00f6yl\u0259yir. Bildirir ki, i\u015f \u0259dal\u0259tli, h\u0259rt\u0259r\u0259fli ara\u015fd\u0131r\u0131lm\u0131r:\n<\/p>\n<p>\n  \u201cPensiya, sosial yard\u0131m alm\u0131ram. He\u00e7 yerd\u0259n bir q\u0259pik g\u0259lirim yoxdur. Dolan\u0131\u015f\u0131\u011f\u0131m o ma\u015f\u0131ndan \u00e7\u0131x\u0131rd\u0131. \u0130ndi qalm\u0131\u015fam pis v\u0259ziyy\u0259td\u0259. Haz\u0131rda birg\u0259 ya\u015fad\u0131\u011f\u0131m qad\u0131n ikinci h\u0259yat yolda\u015f\u0131md\u0131r. Birincid\u0259n ayr\u0131lm\u0131\u015fam, q\u0131z\u0131m var. Aliment \u00f6d\u0259m\u0259liy\u0259m. Aylard\u0131r ver\u0259 bilmir\u0259m. Ma\u015f\u0131n yan\u0131b, i\u015fl\u0259mir\u0259m, 12 min borcum yaran\u0131b. Ke\u00e7\u0259n d\u0259f\u0259 m\u0259hk\u0259m\u0259 icra\u00e7\u0131lar\u0131 m\u0259ni \u00e7a\u011f\u0131r\u0131blar ki, s\u0259ni h\u0259bs ed\u0259c\u0259yik, alimenti \u00f6d\u0259mirs\u0259n. M\u0259n n\u0259 il\u0259 \u00f6d\u0259yim? Bunu anlayan yoxdur\u201d.\n<\/p>\n<p>\n  <b><br \/>\n    \u201cVar\u0131m-yoxum ma\u015f\u0131n\u0131m idi\u201d<br \/>\n  <\/b>\n<\/p>\n<p>\n  \u018f\u015fr\u0259f R\u0259himov \u00fcr\u0259k x\u0259st\u0259si oldu\u011funu s\u00f6yl\u0259yir. Deyir, h\u0259kimi ona 3 kilodan art\u0131q y\u00fck qald\u0131ma\u011f\u0131 yasaqlay\u0131b. \u0130\u015f q\u00fcvv\u0259si yoxdur. T\u0259k bacard\u0131\u011f\u0131 da s\u00fcr\u00fcc\u00fcl\u00fck imi\u015f. \u0130ndi o da \u0259lind\u0259n \u00e7\u0131x\u0131b:\n<\/p>\n<p>\n  \u201cVar\u0131m-yoxum ma\u015f\u0131n\u0131m idi. Ucar-Bak\u0131 s\u0259rni\u015fin apar\u0131b-g\u0259tirir, ail\u0259mi doland\u0131r\u0131r, alimenti vaxt\u0131nda \u00f6d\u0259yirdim. Ta ki b\u0259l\u0259diyy\u0259 s\u0259dri Maarif \u0130smay\u0131lov m\u0259nim ma\u015f\u0131n\u0131m\u0131 yand\u0131rtd\u0131ranacan\u201d.\n<\/p>\n<p>\n  <b><br \/>\n    \u201cB\u0259l\u0259diyy\u0259 etdiyim \u00e7oxsayl\u0131 \u015fikay\u0259tl\u0259rim\u0259 baxm\u0131r\u201d<br \/>\n  <\/b>\n<\/p>\n<p>\n  \u018f\u015fr\u0259f H\u00fcseynov b\u0259l\u0259diyy\u0259 s\u0259dri il\u0259 b\u0259zi probleml\u0259rinin oldu\u011funu s\u00f6yl\u0259yir. Deyir, bir ne\u00e7\u0259 d\u0259f\u0259 \u015fikay\u0259t edib, baxmay\u0131blar. O da m\u0259cbur\u0259n Ucar Rayon \u0130cra Hakimiyy\u0259tin\u0259 m\u00fcraci\u0259t edib. Bu \u015fikay\u0259t d\u0259 n\u0259tic\u0259 verm\u0259y\u0259nd\u0259 \u015fikay\u0259tl\u0259rini Prezident Administrasiyas\u0131na v\u0259 Birinci vitse-prezident Mehriban \u018fliyevaya edib. Yazd\u0131\u011f\u0131 m\u0259ktublar ara\u015fd\u0131r\u0131lmas\u0131 \u00fc\u00e7\u00fcn yenid\u0259n b\u00f6lg\u0259y\u0259 g\u00f6nd\u0259rilib:\n<\/p>\n<p>\n  \u201cBildil\u0259r ki, onlardan \u015fikay\u0259t etmi\u015f\u0259m. H\u0259min g\u00fcnd\u0259n m\u0259niml\u0259 d\u00fc\u015fm\u0259n oldular. Onlar\u0131 bura v\u0259t\u0259nda\u015flar\u0131n problemini h\u0259ll etm\u0259k \u00fc\u00e7\u00fcn qoyublar, etmirl\u0259r. V\u0259t\u0259nda\u015f da m\u0259cbur olub, yuxar\u0131lara yaz\u0131r. Sonra da d\u00fc\u015fm\u0259n olurlar. Qon\u015fu h\u0259y\u0259tind\u0259n ke\u00e7\u0259n suyumu k\u0259sib, \u015fikay\u0259t etmi\u015f\u0259m, baxmay\u0131b. Sonra ba\u015fqa birin\u0259 ba\u011f\u0131m\u0131n a\u015fa\u011f\u0131s\u0131ndak\u0131 \u0259razini sat\u0131blar. O da h\u0259min \u0259razini i\u00e7i yolum qar\u0131\u015f\u0131q \u00e7\u0259p\u0259rl\u0259dib. Yen\u0259 m\u00fcraci\u0259t etmi\u015f\u0259m, bax\u0131lmay\u0131b. Sonra q\u0131\u015fda h\u0259y\u0259timi qurunt sular\u0131 basd\u0131. B\u00fct\u00fcn q\u0131\u015f\u0131 z\u00fclm \u00e7\u0259kdik. Yen\u0259 m\u00fcraci\u0259t etdim, k\u00f6m\u0259k etm\u0259dil\u0259r. \u018fksin\u0259, m\u0259ni h\u0259d\u0259l\u0259di ki, yaman \u00e7ox yaz\u0131r, \u015fikay\u0259t edirs\u0259n ha. M\u0259n d\u0259 bunun h\u0259d\u0259sind\u0259n icra ba\u015f\u00e7\u0131s\u0131na yazd\u0131m, q\u0259bulunda oldum. Bundan sonra bir az da d\u00fc\u015fm\u0259n k\u0259sildi. \u0130cra da i\u015f\u0259 yaramayanda Bak\u0131ya yazd\u0131m\u201d.\n<\/p>\n<figure class=\"wp-block-image size-large\">\n  <img decoding=\"async\" src=\"https:\/\/www.meydan.tv\/az\/image_from_ios-jpg-110\/\" alt=\"image_from_ios.jpg\" class=\"wp-image-132617\"\/><figcaption>\n    \u018f\u015fr\u0259f R\u0259himov<br \/>\n  <\/figcaption><\/figure>\n<p>\n  <b><br \/>\n    \u201cToyuq o\u011furlananda b\u00f6lm\u0259nin yar\u0131s\u0131 t\u00f6k\u00fcl\u00fcb g\u0259lir, m\u0259nim i\u015fim niy\u0259 ara\u015fd\u0131r\u0131lm\u0131r?\u201d<br \/>\n  <\/b>\n<\/p>\n<p>\n  \u018f\u015fr\u0259f H\u00fcseynov deyir ki, el\u0259 Bak\u0131ya m\u0259ktub yazandan bir m\u00fcdd\u0259t sonra ma\u015f\u0131n\u0131 gec\u0259 il\u0259 h\u0259y\u0259tind\u0259 yan\u0131b. Ekspertiza n\u0259tic\u0259l\u0259ri is\u0259 deyir ki, k\u0259nardan g\u0259l\u0259n neft m\u0259hsulu il\u0259 yand\u0131r\u0131l\u0131b:\n<\/p>\n<p>\n  \u201cM\u0259nim ma\u015f\u0131n\u0131m dizell\u0259 i\u015fl\u0259yir. Neftl\u0259 yan\u0131bsa, dem\u0259li, k\u0259nardan g\u0259tirilib. Polis\u0259 \u015fikay\u0259t etmi\u015f\u0259m, normal ara\u015fd\u0131rm\u0131rlar. M\u0259s\u0259l\u0259n, h\u0259min g\u00fcn h\u0259y\u0259tim\u0259 girm\u0259k \u00fc\u00e7\u00fcn n\u0259rdivandan istifad\u0259 olunub. Bug\u00fcn\u0259d\u0259k h\u0259min n\u0259rdivandan \u0259l izi n\u00fcmun\u0259si g\u00f6t\u00fcr\u00fclm\u0259yib. N\u0259 d\u0259 ma\u015f\u0131n\u0131n \u00fcst\u00fcnd\u0259n. Bir toyuq o\u011furlananda b\u00f6lm\u0259nin yar\u0131s\u0131 t\u00f6k\u00fcl\u00fcb g\u0259lir. Bu boyda i\u015f t\u00f6r\u0259dilib, bax\u0131lm\u0131r\u201d.\n<\/p>\n<p>\n  <b><br \/>\n    \u201cKim n\u0259 ist\u0259yir, edir, k\u0259ndin yiy\u0259si yoxdur\u201d<br \/>\n  <\/b>\n<\/p>\n<p>\n  \u018f\u015fr\u0259f H\u00fcseynov deyir ki, Maarif \u0130smay\u0131lov az qala 15 ild\u0259n \u00e7oxdur ki, k\u0259nd b\u0259l\u0259diyy\u0259sinin s\u0259dridir. Bu 15 ild\u0259 birc\u0259 d\u0259f\u0259 d\u0259 onun problemini h\u0259ll etm\u0259yib. Deyir, anlam\u0131r, onu h\u00f6kum\u0259t k\u0259nd\u0259 niy\u0259 qoyub? Faktiki v\u0259t\u0259nda\u015flar\u0131n \u015fikay\u0259tl\u0259rin\u0259 baxm\u0131r:\n<\/p>\n<p>\n  \u201cK\u0259nd yeridir, g\u00fcnd\u0259lik ya\u015fay\u0131\u015fda onlarla problem \u00e7\u0131x\u0131r. B\u0259l\u0259diyy\u0259 n\u0259 \u00fc\u00e7\u00fcnd\u00fcr? Bu probleml\u0259ri dinl\u0259m\u0259k \u00fc\u00e7\u00fcn deyilmi? M\u0259s\u0259l\u0259n, \u0259kin \u00fc\u00e7\u00fcn icar\u0259y\u0259 torpaq g\u00f6t\u00fcrm\u00fc\u015fd\u00fcm. Ke\u00e7\u0259n il m\u0259nd\u0259n he\u00e7 n\u0259 soru\u015fmam\u0131\u015f h\u0259min torpa\u011fa pamb\u0131q \u0259kdirdil\u0259r. M\u0259n anlay\u0131ram, d\u00f6vl\u0259t siyas\u0259tidir, tap\u015f\u0131r\u0131l\u0131b v\u0259 s. Bunu hans\u0131sa v\u0259t\u0259nda\u015f\u0131n h\u00fcquqlar\u0131n\u0131 pozaraq etm\u0259yi tap\u015f\u0131rmay\u0131blar ax\u0131. Bir g\u00fcn\u00fcn i\u00e7ind\u0259 h\u0259y\u0259tim\u0259 g\u0259l\u0259n ma\u015f\u0131n yolunu l\u0259\u011fv etdil\u0259r. Kim n\u0259 ist\u0259yir, edir, k\u0259ndin yiy\u0259si yoxdur\u201d.\n<\/p>\n<p>\n  <b><br \/>\n    \u201cBa\u015f\u0131ma bu oyunu a\u00e7an insanlar\u0131n c\u0259zaland\u0131r\u0131lmas\u0131na g\u00f6st\u0259ri\u015f versinl\u0259r\u201d<br \/>\n  <\/b>\n<\/p>\n<p>\n  \u018f\u015fr\u0259f H\u00fcseynovun ma\u015f\u0131n\u0131 bu il iyulun 11-d\u0259 yan\u0131b. Deyir, gec\u0259yar\u0131 s\u0259s\u0259 oyan\u0131blar. Ma\u015f\u0131n\u0131n h\u0259y\u0259tin ortas\u0131nda yand\u0131\u011f\u0131n\u0131 g\u00f6r\u00fcbl\u0259r:\n<\/p>\n<p>\n  \u201cG\u00fcc-b\u0259la il\u0259 su da\u015f\u0131y\u0131b, t\u00f6k\u00fcb, s\u00f6nd\u00fcrd\u00fck. Bir az da gec qalxsayd\u0131q, yan\u011f\u0131n benzin bak\u0131na \u00e7atsayd\u0131, partayacaqd\u0131 v\u0259 bu zaman evim, t\u00f6vl\u0259m, heyvanlar\u0131m da m\u0259hv olacaqd\u0131. Bu, cinay\u0259t deyil, n\u0259dir? Buradan \u00fcz\u00fcm\u00fc tuturam Prezident \u0130lham \u018fliyev\u0259, Birinci vitse-prezident Mehriban \u018fliyevaya. Onlardan xahi\u015f edir\u0259m, m\u0259nim ba\u015f\u0131ma bu oyunu g\u0259tir\u0259n insanlar\u0131n c\u0259zaland\u0131r\u0131lmas\u0131na g\u00f6st\u0259ri\u015f versinl\u0259r. Biz d\u0259 bil\u0259k ki, pislik ed\u0259n kimdir. Kimdirs\u0259, tutulsun, rahatlayaq\u201d.\n<\/p>\n<p>\n  <b><br \/>\n    \u201cProblem o insan\u0131n \u00f6z\u00fcnd\u0259dir\u201d<br \/>\n  <\/b>\n<\/p>\n<p>\n  Meydan TV m\u0259s\u0259l\u0259y\u0259 m\u00fcnasib\u0259t \u00f6yr\u0259nm\u0259k \u00fc\u00e7\u00fcn Alpout k\u0259ndinin b\u0259l\u0259diyy\u0259 s\u0259dri Maarif \u0130smay\u0131lovla \u0259laq\u0259 saxlay\u0131b. B\u0259l\u0259diyy\u0259 s\u0259dri bildirib ki, \u0259g\u0259r v\u0259t\u0259nda\u015f\u0131n ondan \u015f\u00fcbh\u0259si varsa, bu zaman h\u00fcquq-m\u00fchafiz\u0259 orqanlar\u0131na m\u00fcraci\u0259t etsin. \u018fg\u0259r g\u00fcnahkard\u0131rsa, c\u0259zas\u0131n\u0131 \u00e7\u0259km\u0259y\u0259 raz\u0131d\u0131r:\n<\/p>\n<figure class=\"wp-block-image size-large\">\n  <img decoding=\"async\" src=\"https:\/\/www.meydan.tv\/az\/image_from_ios-2-jpg-57\/\" alt=\"image_from_ios (2).jpg\" class=\"wp-image-132632\"\/><figcaption>\n    &#8220;Dolan\u0131\u015f\u0131\u011f\u0131m o ma\u015f\u0131ndan \u00e7\u0131x\u0131rd\u0131&#8221;<br \/>\n  <\/figcaption><\/figure>\n<p>\n  \u201cO adam\u0131n he\u00e7 kiml\u0259 m\u00fcnasib\u0259ti yoxdur. Ona g\u00f6r\u0259 d\u0259f\u0259l\u0259rl\u0259 qon\u015fular\u0131 il\u0259 dan\u0131\u015f\u0131b, xahi\u015fl\u0259r etmi\u015f\u0259m. Bir ne\u00e7\u0259 g\u00fcn sonra m\u00fcnasib\u0259ti korlay\u0131b, yen\u0259 problem yarad\u0131b. Dem\u0259yim odur ki, r\u0259ftars\u0131z insand\u0131r\u201d.\n<\/p>\n<p>\n  <b><br \/>\n    \u201cD\u00f6vl\u0259t m\u0259ni bura v\u0259t\u0259nda\u015flar\u0131n probleml\u0259rini h\u0259ll etm\u0259k \u00fc\u00e7\u00fcn qoyub\u201d<br \/>\n  <\/b>\n<\/p>\n<p>\n  \u018f\u015fr\u0259f H\u00fcseynovun ma\u015f\u0131n\u0131n\u0131n yanmas\u0131na g\u0259linc\u0259, Maarif \u0130smay\u0131lov deyir ki, ma\u015f\u0131n onsuz da nasaz olub:\n<\/p>\n<p>\n  \u201cDeyil\u0259n\u0259 g\u00f6r\u0259 yan\u011f\u0131ndan bir ne\u00e7\u0259 g\u00fcn \u00f6nc\u0259 satma\u011fa apar\u0131b, orada da az qal\u0131b yans\u0131n. Sata bilm\u0259yib, n\u0259tic\u0259d\u0259, bir ne\u00e7\u0259 g\u00fcn sonra yan\u0131b. Burada kimin n\u0259 g\u00fcnah\u0131? M\u0259nim yezn\u0259min d\u0259 ma\u015f\u0131n\u0131 h\u0259y\u0259tl\u0259rind\u0259 yanm\u0131\u015fd\u0131, nasaz idi. \u0130ndi buna g\u00f6r\u0259 durub g\u00fcnahkar axtaraq? \u00d6z\u00fc d\u0259 m\u0259ni d\u00f6vl\u0259t bura insanlar\u0131n probleml\u0259rini h\u0259ll etm\u0259k \u00fc\u00e7\u00fcn qoyub, onlarla d\u00fc\u015fm\u0259n\u00e7ilik aparmaq \u00fc\u00e7\u00fcn yox. Dedikl\u0259rinin ham\u0131s\u0131 \u015f\u0259r-b\u00f6htandan ba\u015fqa bir \u015fey deyil\u201d.\n<\/p>\n<p>\n  Ucar Rayon Polis \u015e\u00f6b\u0259sind\u0259n is\u0259 bildiribl\u0259r ki, v\u0259t\u0259nda\u015f\u0131n \u015fikay\u0259ti \u0259sas\u0131nda i\u015f ara\u015fd\u0131r\u0131l\u0131r. Daha \u0259trafl\u0131 bilgi \u00fc\u00e7\u00fcn Daxili \u0130\u015fl\u0259r Nazirliyin\u0259 (D\u0130N) m\u00fcraci\u0259t ed\u0259k.\n<\/p>\n<p>\n  D\u0130N-in m\u0259tbuat xidm\u0259tind\u0259n is\u0259 m\u0259s\u0259l\u0259y\u0259 m\u00fcnasib\u0259t \u00f6yr\u0259nm\u0259k m\u00fcmk\u00fcn olmay\u0131b.<\/p>\n","protected":false},"excerpt":{"rendered":"<p>O adam\u0131n he\u00e7 kiml\u0259 m\u00fcnasib\u0259ti yoxdur.<\/p>\n","protected":false},"author":11,"featured_media":132623,"comment_status":"closed","ping_status":"open","sticky":false,"template":"","format":"standard","meta":{"_acf_changed":false,"_sitemap_exclude":false,"_sitemap_priority":"","_sitemap_frequency":"","footnotes":""},"categories":[60],"tags":[],"class_list":["post-197770","post","type-post","status-publish","format-standard","has-post-thumbnail","hentry","category-bolge","infinite-scroll-item","generate-columns","tablet-grid-50","mobile-grid-100","grid-parent","grid-33","no-featured-image-padding"],"acf":[],"yoast_head":"<!-- This site is optimized with the Yoast SEO plugin v27.5 - https:\/\/yoast.com\/product\/yoast-seo-wordpress\/ -->\n<title>\u201cB\u0259l\u0259diyy\u0259 s\u0259dri ma\u015f\u0131n\u0131m\u0131 yand\u0131rtd\u0131, polis ara\u015fd\u0131rm\u0131r\u201d - MEYDAN.TV<\/title>\n<meta name=\"robots\" content=\"index, follow, max-snippet:-1, max-image-preview:large, max-video-preview:-1\" \/>\n<link rel=\"canonical\" href=\"https:\/\/www.meydan.tv\/az\/article\/belediyye-sedri-masinimi-yandirtdi-polis-arasdirmir\/\" \/>\n<meta property=\"og:locale\" content=\"az_AZ\" \/>\n<meta property=\"og:type\" content=\"article\" \/>\n<meta property=\"og:title\" content=\"\u201cB\u0259l\u0259diyy\u0259 s\u0259dri ma\u015f\u0131n\u0131m\u0131 yand\u0131rtd\u0131, polis ara\u015fd\u0131rm\u0131r\u201d - MEYDAN.TV\" \/>\n<meta property=\"og:description\" content=\"O adam\u0131n he\u00e7 kiml\u0259 m\u00fcnasib\u0259ti yoxdur.\" \/>\n<meta property=\"og:url\" content=\"https:\/\/www.meydan.tv\/az\/article\/belediyye-sedri-masinimi-yandirtdi-polis-arasdirmir\/\" \/>\n<meta property=\"og:site_name\" content=\"MEYDAN.TV\" \/>\n<meta property=\"article:published_time\" content=\"2019-11-01T14:04:00+00:00\" \/>\n<meta property=\"og:image\" content=\"https:\/\/www.meydan.tv\/wp-content\/uploads\/image_from_ios_1_hx3vimz-scaled.jpg\" \/>\n\t<meta property=\"og:image:width\" content=\"2560\" \/>\n\t<meta property=\"og:image:height\" content=\"1920\" \/>\n\t<meta property=\"og:image:type\" content=\"image\/jpeg\" \/>\n<meta name=\"author\" content=\"user-manager\" \/>\n<meta name=\"twitter:card\" content=\"summary_large_image\" \/>\n<script type=\"application\/ld+json\" class=\"yoast-schema-graph\">{\"@context\":\"https:\\\/\\\/schema.org\",\"@graph\":[{\"@type\":\"Article\",\"@id\":\"https:\\\/\\\/www.meydan.tv\\\/az\\\/article\\\/belediyye-sedri-masinimi-yandirtdi-polis-arasdirmir\\\/#article\",\"isPartOf\":{\"@id\":\"https:\\\/\\\/www.meydan.tv\\\/az\\\/article\\\/belediyye-sedri-masinimi-yandirtdi-polis-arasdirmir\\\/\"},\"author\":{\"name\":\"user-manager\",\"@id\":\"https:\\\/\\\/www.meydan.tv\\\/az\\\/#\\\/schema\\\/person\\\/10d11eccf6da3662cf5fdab9806ea91a\"},\"headline\":\"\u201cB\u0259l\u0259diyy\u0259 s\u0259dri ma\u015f\u0131n\u0131m\u0131 yand\u0131rtd\u0131, polis ara\u015fd\u0131rm\u0131r\u201d\",\"datePublished\":\"2019-11-01T14:04:00+00:00\",\"mainEntityOfPage\":{\"@id\":\"https:\\\/\\\/www.meydan.tv\\\/az\\\/article\\\/belediyye-sedri-masinimi-yandirtdi-polis-arasdirmir\\\/\"},\"wordCount\":1446,\"publisher\":{\"@id\":\"https:\\\/\\\/www.meydan.tv\\\/az\\\/#organization\"},\"image\":{\"@id\":\"https:\\\/\\\/www.meydan.tv\\\/az\\\/article\\\/belediyye-sedri-masinimi-yandirtdi-polis-arasdirmir\\\/#primaryimage\"},\"thumbnailUrl\":\"https:\\\/\\\/www.meydan.tv\\\/wp-content\\\/uploads\\\/image_from_ios_1_hx3vimz-scaled.jpg\",\"articleSection\":[\"B\u00f6lg\u0259\"],\"inLanguage\":\"az\"},{\"@type\":\"WebPage\",\"@id\":\"https:\\\/\\\/www.meydan.tv\\\/az\\\/article\\\/belediyye-sedri-masinimi-yandirtdi-polis-arasdirmir\\\/\",\"url\":\"https:\\\/\\\/www.meydan.tv\\\/az\\\/article\\\/belediyye-sedri-masinimi-yandirtdi-polis-arasdirmir\\\/\",\"name\":\"\u201cB\u0259l\u0259diyy\u0259 s\u0259dri ma\u015f\u0131n\u0131m\u0131 yand\u0131rtd\u0131, polis ara\u015fd\u0131rm\u0131r\u201d - MEYDAN.TV\",\"isPartOf\":{\"@id\":\"https:\\\/\\\/www.meydan.tv\\\/az\\\/#website\"},\"primaryImageOfPage\":{\"@id\":\"https:\\\/\\\/www.meydan.tv\\\/az\\\/article\\\/belediyye-sedri-masinimi-yandirtdi-polis-arasdirmir\\\/#primaryimage\"},\"image\":{\"@id\":\"https:\\\/\\\/www.meydan.tv\\\/az\\\/article\\\/belediyye-sedri-masinimi-yandirtdi-polis-arasdirmir\\\/#primaryimage\"},\"thumbnailUrl\":\"https:\\\/\\\/www.meydan.tv\\\/wp-content\\\/uploads\\\/image_from_ios_1_hx3vimz-scaled.jpg\",\"datePublished\":\"2019-11-01T14:04:00+00:00\",\"breadcrumb\":{\"@id\":\"https:\\\/\\\/www.meydan.tv\\\/az\\\/article\\\/belediyye-sedri-masinimi-yandirtdi-polis-arasdirmir\\\/#breadcrumb\"},\"inLanguage\":\"az\",\"potentialAction\":[{\"@type\":\"ReadAction\",\"target\":[\"https:\\\/\\\/www.meydan.tv\\\/az\\\/article\\\/belediyye-sedri-masinimi-yandirtdi-polis-arasdirmir\\\/\"]}]},{\"@type\":\"ImageObject\",\"inLanguage\":\"az\",\"@id\":\"https:\\\/\\\/www.meydan.tv\\\/az\\\/article\\\/belediyye-sedri-masinimi-yandirtdi-polis-arasdirmir\\\/#primaryimage\",\"url\":\"https:\\\/\\\/www.meydan.tv\\\/wp-content\\\/uploads\\\/image_from_ios_1_hx3vimz-scaled.jpg\",\"contentUrl\":\"https:\\\/\\\/www.meydan.tv\\\/wp-content\\\/uploads\\\/image_from_ios_1_hx3vimz-scaled.jpg\",\"width\":2560,\"height\":1920,\"caption\":\"Source: Specify Source\"},{\"@type\":\"BreadcrumbList\",\"@id\":\"https:\\\/\\\/www.meydan.tv\\\/az\\\/article\\\/belediyye-sedri-masinimi-yandirtdi-polis-arasdirmir\\\/#breadcrumb\",\"itemListElement\":[{\"@type\":\"ListItem\",\"position\":1,\"name\":\"Ana s\u0259hif\u0259\",\"item\":\"https:\\\/\\\/www.meydan.tv\\\/az\\\/\"},{\"@type\":\"ListItem\",\"position\":2,\"name\":\"B\u00f6lg\u0259\",\"item\":\"https:\\\/\\\/www.meydan.tv\\\/az\\\/section\\\/bolge\\\/\"},{\"@type\":\"ListItem\",\"position\":3,\"name\":\"\u201cB\u0259l\u0259diyy\u0259 s\u0259dri ma\u015f\u0131n\u0131m\u0131 yand\u0131rtd\u0131, polis ara\u015fd\u0131rm\u0131r\u201d\"}]},{\"@type\":\"WebSite\",\"@id\":\"https:\\\/\\\/www.meydan.tv\\\/az\\\/#website\",\"url\":\"https:\\\/\\\/www.meydan.tv\\\/az\\\/\",\"name\":\"MEYDAN.TV\",\"description\":\"Meydan TV Az\u0259rbaycan\u0131n media m\u0259kan\u0131ndak\u0131 alternativ s\u0259sidir\",\"publisher\":{\"@id\":\"https:\\\/\\\/www.meydan.tv\\\/az\\\/#organization\"},\"potentialAction\":[{\"@type\":\"SearchAction\",\"target\":{\"@type\":\"EntryPoint\",\"urlTemplate\":\"https:\\\/\\\/www.meydan.tv\\\/az\\\/?s={search_term_string}\"},\"query-input\":{\"@type\":\"PropertyValueSpecification\",\"valueRequired\":true,\"valueName\":\"search_term_string\"}}],\"inLanguage\":\"az\"},{\"@type\":\"Organization\",\"@id\":\"https:\\\/\\\/www.meydan.tv\\\/az\\\/#organization\",\"name\":\"Meydan TV\",\"url\":\"https:\\\/\\\/www.meydan.tv\\\/az\\\/\",\"logo\":{\"@type\":\"ImageObject\",\"inLanguage\":\"az\",\"@id\":\"https:\\\/\\\/www.meydan.tv\\\/az\\\/#\\\/schema\\\/logo\\\/image\\\/\",\"url\":\"https:\\\/\\\/www.meydan.tv\\\/wp-content\\\/uploads\\\/2021\\\/07\\\/meydan-logo.svg\",\"contentUrl\":\"https:\\\/\\\/www.meydan.tv\\\/wp-content\\\/uploads\\\/2021\\\/07\\\/meydan-logo.svg\",\"width\":195,\"height\":46,\"caption\":\"Meydan TV\"},\"image\":{\"@id\":\"https:\\\/\\\/www.meydan.tv\\\/az\\\/#\\\/schema\\\/logo\\\/image\\\/\"}},{\"@type\":\"Person\",\"@id\":\"https:\\\/\\\/www.meydan.tv\\\/az\\\/#\\\/schema\\\/person\\\/10d11eccf6da3662cf5fdab9806ea91a\",\"name\":\"user-manager\"}]}<\/script>\n<!-- \/ Yoast SEO plugin. -->","yoast_head_json":{"title":"\u201cB\u0259l\u0259diyy\u0259 s\u0259dri ma\u015f\u0131n\u0131m\u0131 yand\u0131rtd\u0131, polis ara\u015fd\u0131rm\u0131r\u201d - MEYDAN.TV","robots":{"index":"index","follow":"follow","max-snippet":"max-snippet:-1","max-image-preview":"max-image-preview:large","max-video-preview":"max-video-preview:-1"},"canonical":"https:\/\/www.meydan.tv\/az\/article\/belediyye-sedri-masinimi-yandirtdi-polis-arasdirmir\/","og_locale":"az_AZ","og_type":"article","og_title":"\u201cB\u0259l\u0259diyy\u0259 s\u0259dri ma\u015f\u0131n\u0131m\u0131 yand\u0131rtd\u0131, polis ara\u015fd\u0131rm\u0131r\u201d - MEYDAN.TV","og_description":"O adam\u0131n he\u00e7 kiml\u0259 m\u00fcnasib\u0259ti yoxdur.","og_url":"https:\/\/www.meydan.tv\/az\/article\/belediyye-sedri-masinimi-yandirtdi-polis-arasdirmir\/","og_site_name":"MEYDAN.TV","article_published_time":"2019-11-01T14:04:00+00:00","og_image":[{"width":2560,"height":1920,"url":"https:\/\/www.meydan.tv\/wp-content\/uploads\/image_from_ios_1_hx3vimz-scaled.jpg","type":"image\/jpeg"}],"author":"user-manager","twitter_card":"summary_large_image","schema":{"@context":"https:\/\/schema.org","@graph":[{"@type":"Article","@id":"https:\/\/www.meydan.tv\/az\/article\/belediyye-sedri-masinimi-yandirtdi-polis-arasdirmir\/#article","isPartOf":{"@id":"https:\/\/www.meydan.tv\/az\/article\/belediyye-sedri-masinimi-yandirtdi-polis-arasdirmir\/"},"author":{"name":"user-manager","@id":"https:\/\/www.meydan.tv\/az\/#\/schema\/person\/10d11eccf6da3662cf5fdab9806ea91a"},"headline":"\u201cB\u0259l\u0259diyy\u0259 s\u0259dri ma\u015f\u0131n\u0131m\u0131 yand\u0131rtd\u0131, polis ara\u015fd\u0131rm\u0131r\u201d","datePublished":"2019-11-01T14:04:00+00:00","mainEntityOfPage":{"@id":"https:\/\/www.meydan.tv\/az\/article\/belediyye-sedri-masinimi-yandirtdi-polis-arasdirmir\/"},"wordCount":1446,"publisher":{"@id":"https:\/\/www.meydan.tv\/az\/#organization"},"image":{"@id":"https:\/\/www.meydan.tv\/az\/article\/belediyye-sedri-masinimi-yandirtdi-polis-arasdirmir\/#primaryimage"},"thumbnailUrl":"https:\/\/www.meydan.tv\/wp-content\/uploads\/image_from_ios_1_hx3vimz-scaled.jpg","articleSection":["B\u00f6lg\u0259"],"inLanguage":"az"},{"@type":"WebPage","@id":"https:\/\/www.meydan.tv\/az\/article\/belediyye-sedri-masinimi-yandirtdi-polis-arasdirmir\/","url":"https:\/\/www.meydan.tv\/az\/article\/belediyye-sedri-masinimi-yandirtdi-polis-arasdirmir\/","name":"\u201cB\u0259l\u0259diyy\u0259 s\u0259dri ma\u015f\u0131n\u0131m\u0131 yand\u0131rtd\u0131, polis ara\u015fd\u0131rm\u0131r\u201d - MEYDAN.TV","isPartOf":{"@id":"https:\/\/www.meydan.tv\/az\/#website"},"primaryImageOfPage":{"@id":"https:\/\/www.meydan.tv\/az\/article\/belediyye-sedri-masinimi-yandirtdi-polis-arasdirmir\/#primaryimage"},"image":{"@id":"https:\/\/www.meydan.tv\/az\/article\/belediyye-sedri-masinimi-yandirtdi-polis-arasdirmir\/#primaryimage"},"thumbnailUrl":"https:\/\/www.meydan.tv\/wp-content\/uploads\/image_from_ios_1_hx3vimz-scaled.jpg","datePublished":"2019-11-01T14:04:00+00:00","breadcrumb":{"@id":"https:\/\/www.meydan.tv\/az\/article\/belediyye-sedri-masinimi-yandirtdi-polis-arasdirmir\/#breadcrumb"},"inLanguage":"az","potentialAction":[{"@type":"ReadAction","target":["https:\/\/www.meydan.tv\/az\/article\/belediyye-sedri-masinimi-yandirtdi-polis-arasdirmir\/"]}]},{"@type":"ImageObject","inLanguage":"az","@id":"https:\/\/www.meydan.tv\/az\/article\/belediyye-sedri-masinimi-yandirtdi-polis-arasdirmir\/#primaryimage","url":"https:\/\/www.meydan.tv\/wp-content\/uploads\/image_from_ios_1_hx3vimz-scaled.jpg","contentUrl":"https:\/\/www.meydan.tv\/wp-content\/uploads\/image_from_ios_1_hx3vimz-scaled.jpg","width":2560,"height":1920,"caption":"Source: Specify Source"},{"@type":"BreadcrumbList","@id":"https:\/\/www.meydan.tv\/az\/article\/belediyye-sedri-masinimi-yandirtdi-polis-arasdirmir\/#breadcrumb","itemListElement":[{"@type":"ListItem","position":1,"name":"Ana s\u0259hif\u0259","item":"https:\/\/www.meydan.tv\/az\/"},{"@type":"ListItem","position":2,"name":"B\u00f6lg\u0259","item":"https:\/\/www.meydan.tv\/az\/section\/bolge\/"},{"@type":"ListItem","position":3,"name":"\u201cB\u0259l\u0259diyy\u0259 s\u0259dri ma\u015f\u0131n\u0131m\u0131 yand\u0131rtd\u0131, polis ara\u015fd\u0131rm\u0131r\u201d"}]},{"@type":"WebSite","@id":"https:\/\/www.meydan.tv\/az\/#website","url":"https:\/\/www.meydan.tv\/az\/","name":"MEYDAN.TV","description":"Meydan TV Az\u0259rbaycan\u0131n media m\u0259kan\u0131ndak\u0131 alternativ s\u0259sidir","publisher":{"@id":"https:\/\/www.meydan.tv\/az\/#organization"},"potentialAction":[{"@type":"SearchAction","target":{"@type":"EntryPoint","urlTemplate":"https:\/\/www.meydan.tv\/az\/?s={search_term_string}"},"query-input":{"@type":"PropertyValueSpecification","valueRequired":true,"valueName":"search_term_string"}}],"inLanguage":"az"},{"@type":"Organization","@id":"https:\/\/www.meydan.tv\/az\/#organization","name":"Meydan TV","url":"https:\/\/www.meydan.tv\/az\/","logo":{"@type":"ImageObject","inLanguage":"az","@id":"https:\/\/www.meydan.tv\/az\/#\/schema\/logo\/image\/","url":"https:\/\/www.meydan.tv\/wp-content\/uploads\/2021\/07\/meydan-logo.svg","contentUrl":"https:\/\/www.meydan.tv\/wp-content\/uploads\/2021\/07\/meydan-logo.svg","width":195,"height":46,"caption":"Meydan TV"},"image":{"@id":"https:\/\/www.meydan.tv\/az\/#\/schema\/logo\/image\/"}},{"@type":"Person","@id":"https:\/\/www.meydan.tv\/az\/#\/schema\/person\/10d11eccf6da3662cf5fdab9806ea91a","name":"user-manager"}]}},"_links":{"self":[{"href":"https:\/\/www.meydan.tv\/az\/wp-json\/wp\/v2\/posts\/197770","targetHints":{"allow":["GET"]}}],"collection":[{"href":"https:\/\/www.meydan.tv\/az\/wp-json\/wp\/v2\/posts"}],"about":[{"href":"https:\/\/www.meydan.tv\/az\/wp-json\/wp\/v2\/types\/post"}],"author":[{"embeddable":true,"href":"https:\/\/www.meydan.tv\/az\/wp-json\/wp\/v2\/users\/11"}],"replies":[{"embeddable":true,"href":"https:\/\/www.meydan.tv\/az\/wp-json\/wp\/v2\/comments?post=197770"}],"version-history":[{"count":0,"href":"https:\/\/www.meydan.tv\/az\/wp-json\/wp\/v2\/posts\/197770\/revisions"}],"wp:featuredmedia":[{"embeddable":true,"href":"https:\/\/www.meydan.tv\/az\/wp-json\/wp\/v2\/media\/132623"}],"wp:attachment":[{"href":"https:\/\/www.meydan.tv\/az\/wp-json\/wp\/v2\/media?parent=197770"}],"wp:term":[{"taxonomy":"category","embeddable":true,"href":"https:\/\/www.meydan.tv\/az\/wp-json\/wp\/v2\/categories?post=197770"},{"taxonomy":"post_tag","embeddable":true,"href":"https:\/\/www.meydan.tv\/az\/wp-json\/wp\/v2\/tags?post=197770"}],"curies":[{"name":"wp","href":"https:\/\/api.w.org\/{rel}","templated":true}]}}